{"id":54613,"date":"2021-10-09T23:43:32","date_gmt":"2021-10-10T02:43:32","guid":{"rendered":"https:\/\/regiaonews.net.br\/2022\/?p=54613"},"modified":"2021-10-09T23:43:32","modified_gmt":"2021-10-10T02:43:32","slug":"prefeito-dieb-e-provedor-do-hospital-participam-do-lancamento-do-mais-santas-casas","status":"publish","type":"post","link":"https:\/\/regiaonews.net.br\/2022\/2021\/10\/09\/prefeito-dieb-e-provedor-do-hospital-participam-do-lancamento-do-mais-santas-casas\/","title":{"rendered":"Prefeito Dieb e provedor do Hospital participam do lan\u00e7amento do \u201cMais Santas Casas\u201d"},"content":{"rendered":"<p><a href=\"https:\/\/regiaonews.net.br\/2022\/wp-content\/uploads\/2021\/10\/20211009_234038.jpg\"><img loading=\"lazy\" decoding=\"async\" class=\"alignnone size-medium wp-image-54614\" src=\"https:\/\/regiaonews.net.br\/2022\/wp-content\/uploads\/2021\/10\/20211009_234038-300x186.jpg\" alt=\"\" width=\"300\" height=\"186\" \/><\/a><\/p>\n<header class=\"post-header\">\n<div data-grid=\"\">\n<p class=\"post-share noPrint\">\n<\/div>\n<\/header>\n<div class=\"post-content\">\n<article class=\"post-text\">O Governo do Estado de S\u00e3o Paulo lan\u00e7ou na tarde da \u00faltima quinta-feira, 30 de setembro, o Programa \u201cMais Santas Casas\u201d, para aux\u00edlio financeiro \u00e0s Santas Casas e aos Hospitais Filantr\u00f3picos. O evento foi realizado no Pal\u00e1cio dos Bandeirantes.<\/p>\n<p>Com estes recursos extras do tesouro estadual, os servi\u00e7os poder\u00e3o ampliar e fortalecer a assist\u00eancia atualmente prestada \u00e0 popula\u00e7\u00e3o por meio do SUS, colaborando para cobrir o d\u00e9ficit de recursos resultante da defasagem dos valores da tabela definida pelo Minist\u00e9rio da Sa\u00fade. Na ocasi\u00e3o, tamb\u00e9m foi anunciada uma nova linha de cr\u00e9dito, voltada exclusivamente ao financiamento da aquisi\u00e7\u00e3o de sistemas e equipamentos de energia solar para estes estabelecimentos de Sa\u00fade: a linha ESG Sa\u00fade.<\/p>\n<p>Colina esteve representada pelo Prefeito Municipal, Dieb Taha e pelo Provedor da Sociedade Filantr\u00f3pica \u201cHospital Jos\u00e9 Ven\u00e2ncio\u201d, Osny \u00a0C\u00e9zar Paro.<\/p>\n<p>Na solenidade o Governador Jo\u00e3o Doria e o Vice-Governador e Secret\u00e1rio de Governo, Rodrigo Garcia, anunciaram que 333 institui\u00e7\u00f5es contempladas formalizar\u00e3o ades\u00e3o ao novo Programa de repasses de recursos para as Santas Casas e Hospitais Filantr\u00f3picos.<\/p>\n<p><strong>\u00a0\u201cMais Santas Casas\u201d \u2013<\/strong>\u00a0O Programa foi estabelecendo em tr\u00eas categorias para definir o percentual de recurso extra, calculado em fun\u00e7\u00e3o do volume de atendimentos que j\u00e1 realizam na \u00e1rea de m\u00e9dia e alta complexidade no SUS. A primeira categoria, a de hospitais de maior porte, com mais de 150 leitos, incluindo UTIs, receber\u00e3o 70% a mais do que j\u00e1 produzem pelo teto federal. A segunda, que conta com os hospitais com aproximadamente 100 leitos, UTI, ser\u00e3o beneficiados com 40% extras em recursos do teto. Os demais hospitais, independentemente do n\u00famero de leitos, receber\u00e3o 10%. O Hospital Jos\u00e9 Ven\u00e2ncio est\u00e1 inclu\u00eddo nesta terceira categoria e receber\u00e1 10%.<\/p>\n<p><strong>Linha ESG Sa\u00fade \u2013\u00a0<\/strong>Ser\u00e1 poss\u00edvel \u00e0s Santas Casas e Hospitais Filantr\u00f3picos financiar a compra e instala\u00e7\u00e3o de equipamentos para produ\u00e7\u00e3o de energia renov\u00e1vel, como placas solares, sistemas fotovoltaicos e outros relacionados. O financiamento pode cobrir at\u00e9 100% da implementa\u00e7\u00e3o, sem juros, com prazo de pagamento em at\u00e9 seis anos e car\u00eancia de 12 meses.<\/p>\n<p>De acordo com o Provedor do \u201cHospital Jos\u00e9 Ven\u00e2ncio\u201d, Osny, o Programa do Governo Estadual possibilita que possamos\u00a0 aumentar a receita e diminuir os gastos de energia el\u00e9trica, fato que reflete em uma melhor presta\u00e7\u00e3o de servi\u00e7o e atendimento para a popula\u00e7\u00e3o, em especial os mais vulner\u00e1veis.<\/p>\n<p>O Prefeito Dieb Taha falou sobre o evento. \u201cAgrade\u00e7o e parabenizo o Governador Jo\u00e3o Doria e o Vice-Governador, Rodrigo Garcia por este Programa t\u00e3o importante, que ir\u00e1 ajudar e muito nosso Hospital. Agrade\u00e7o ao Provedor do Hospital Jos\u00e9 Ven\u00e2ncio, Osny, que juntamente com sua equipe, est\u00e1 trabalhando para que nossa popula\u00e7\u00e3o possa ter, cada vez mais, um atendimento de excel\u00eancia no Hospital\u201d, concluiu.<\/p>\n<\/article>\n<\/div>\n","protected":false},"excerpt":{"rendered":"<p>O Governo do Estado de S\u00e3o Paulo lan\u00e7ou na tarde<\/p>\n","protected":false},"author":2,"featured_media":54614,"comment_status":"open","ping_status":"open","sticky":false,"template":"","format":"standard","meta":{"footnotes":""},"categories":[25,22,29],"tags":[],"class_list":["post-54613","post","type-post","status-publish","format-standard","has-post-thumbnail","hentry","category-cidades","category-politica","category-sao-paulo"],"yoast_head":"<!-- This site is optimized with the Yoast SEO plugin v27.4 - https:\/\/yoast.com\/product\/yoast-seo-wordpress\/ -->\n<title>Prefeito Dieb e provedor do Hospital participam do lan\u00e7amento do \u201cMais Santas Casas\u201d - Regi\u00e3o News<\/title>\n<meta name=\"robots\" content=\"index, follow, max-snippet:-1, max-image-preview:large, max-video-preview:-1\" \/>\n<link rel=\"canonical\" href=\"https:\/\/regiaonews.net.br\/2022\/2021\/10\/09\/prefeito-dieb-e-provedor-do-hospital-participam-do-lancamento-do-mais-santas-casas\/\" \/>\n<meta property=\"og:locale\" content=\"pt_BR\" \/>\n<meta property=\"og:type\" content=\"article\" \/>\n<meta property=\"og:title\" content=\"Prefeito Dieb e provedor do Hospital participam do lan\u00e7amento do \u201cMais Santas Casas\u201d - Regi\u00e3o News\" \/>\n<meta property=\"og:description\" content=\"O Governo do Estado de S\u00e3o Paulo lan\u00e7ou na tarde\" \/>\n<meta property=\"og:url\" content=\"https:\/\/regiaonews.net.br\/2022\/2021\/10\/09\/prefeito-dieb-e-provedor-do-hospital-participam-do-lancamento-do-mais-santas-casas\/\" \/>\n<meta property=\"og:site_name\" content=\"Regi\u00e3o News\" \/>\n<meta property=\"article:published_time\" content=\"2021-10-10T02:43:32+00:00\" \/>\n<meta property=\"og:image\" content=\"https:\/\/regiaonews.net.br\/2022\/wp-content\/uploads\/2021\/10\/20211009_234038.jpg\" \/>\n\t<meta property=\"og:image:width\" content=\"1075\" \/>\n\t<meta property=\"og:image:height\" content=\"668\" \/>\n\t<meta property=\"og:image:type\" content=\"image\/jpeg\" \/>\n<meta name=\"author\" content=\"Roberto\" \/>\n<meta name=\"twitter:card\" content=\"summary_large_image\" \/>\n<meta name=\"twitter:label1\" content=\"Escrito por\" \/>\n\t<meta name=\"twitter:data1\" content=\"Roberto\" \/>\n\t<meta name=\"twitter:label2\" content=\"Est. tempo de leitura\" \/>\n\t<meta name=\"twitter:data2\" content=\"2 minutos\" \/>\n<script type=\"application\/ld+json\" class=\"yoast-schema-graph\">{\"@context\":\"https:\\\/\\\/schema.org\",\"@graph\":[{\"@type\":\"Article\",\"@id\":\"https:\\\/\\\/regiaonews.net.br\\\/2022\\\/2021\\\/10\\\/09\\\/prefeito-dieb-e-provedor-do-hospital-participam-do-lancamento-do-mais-santas-casas\\\/#article\",\"isPartOf\":{\"@id\":\"https:\\\/\\\/regiaonews.net.br\\\/2022\\\/2021\\\/10\\\/09\\\/prefeito-dieb-e-provedor-do-hospital-participam-do-lancamento-do-mais-santas-casas\\\/\"},\"author\":{\"name\":\"Roberto\",\"@id\":\"https:\\\/\\\/regiaonews.net.br\\\/2022\\\/#\\\/schema\\\/person\\\/2d205a608a5aa97ac279d7a5e6d89ad8\"},\"headline\":\"Prefeito Dieb e provedor do Hospital participam do lan\u00e7amento do \u201cMais Santas Casas\u201d\",\"datePublished\":\"2021-10-10T02:43:32+00:00\",\"mainEntityOfPage\":{\"@id\":\"https:\\\/\\\/regiaonews.net.br\\\/2022\\\/2021\\\/10\\\/09\\\/prefeito-dieb-e-provedor-do-hospital-participam-do-lancamento-do-mais-santas-casas\\\/\"},\"wordCount\":499,\"commentCount\":0,\"publisher\":{\"@id\":\"https:\\\/\\\/regiaonews.net.br\\\/2022\\\/#organization\"},\"image\":{\"@id\":\"https:\\\/\\\/regiaonews.net.br\\\/2022\\\/2021\\\/10\\\/09\\\/prefeito-dieb-e-provedor-do-hospital-participam-do-lancamento-do-mais-santas-casas\\\/#primaryimage\"},\"thumbnailUrl\":\"https:\\\/\\\/regiaonews.net.br\\\/2022\\\/wp-content\\\/uploads\\\/2021\\\/10\\\/20211009_234038.jpg\",\"articleSection\":[\"Cidades\",\"Pol\u00edtica\",\"S\u00e3o Paulo\"],\"inLanguage\":\"pt-BR\",\"potentialAction\":[{\"@type\":\"CommentAction\",\"name\":\"Comment\",\"target\":[\"https:\\\/\\\/regiaonews.net.br\\\/2022\\\/2021\\\/10\\\/09\\\/prefeito-dieb-e-provedor-do-hospital-participam-do-lancamento-do-mais-santas-casas\\\/#respond\"]}]},{\"@type\":\"WebPage\",\"@id\":\"https:\\\/\\\/regiaonews.net.br\\\/2022\\\/2021\\\/10\\\/09\\\/prefeito-dieb-e-provedor-do-hospital-participam-do-lancamento-do-mais-santas-casas\\\/\",\"url\":\"https:\\\/\\\/regiaonews.net.br\\\/2022\\\/2021\\\/10\\\/09\\\/prefeito-dieb-e-provedor-do-hospital-participam-do-lancamento-do-mais-santas-casas\\\/\",\"name\":\"Prefeito Dieb e provedor do Hospital participam do lan\u00e7amento do \u201cMais Santas Casas\u201d - Regi\u00e3o News\",\"isPartOf\":{\"@id\":\"https:\\\/\\\/regiaonews.net.br\\\/2022\\\/#website\"},\"primaryImageOfPage\":{\"@id\":\"https:\\\/\\\/regiaonews.net.br\\\/2022\\\/2021\\\/10\\\/09\\\/prefeito-dieb-e-provedor-do-hospital-participam-do-lancamento-do-mais-santas-casas\\\/#primaryimage\"},\"image\":{\"@id\":\"https:\\\/\\\/regiaonews.net.br\\\/2022\\\/2021\\\/10\\\/09\\\/prefeito-dieb-e-provedor-do-hospital-participam-do-lancamento-do-mais-santas-casas\\\/#primaryimage\"},\"thumbnailUrl\":\"https:\\\/\\\/regiaonews.net.br\\\/2022\\\/wp-content\\\/uploads\\\/2021\\\/10\\\/20211009_234038.jpg\",\"datePublished\":\"2021-10-10T02:43:32+00:00\",\"breadcrumb\":{\"@id\":\"https:\\\/\\\/regiaonews.net.br\\\/2022\\\/2021\\\/10\\\/09\\\/prefeito-dieb-e-provedor-do-hospital-participam-do-lancamento-do-mais-santas-casas\\\/#breadcrumb\"},\"inLanguage\":\"pt-BR\",\"potentialAction\":[{\"@type\":\"ReadAction\",\"target\":[\"https:\\\/\\\/regiaonews.net.br\\\/2022\\\/2021\\\/10\\\/09\\\/prefeito-dieb-e-provedor-do-hospital-participam-do-lancamento-do-mais-santas-casas\\\/\"]}]},{\"@type\":\"ImageObject\",\"inLanguage\":\"pt-BR\",\"@id\":\"https:\\\/\\\/regiaonews.net.br\\\/2022\\\/2021\\\/10\\\/09\\\/prefeito-dieb-e-provedor-do-hospital-participam-do-lancamento-do-mais-santas-casas\\\/#primaryimage\",\"url\":\"https:\\\/\\\/regiaonews.net.br\\\/2022\\\/wp-content\\\/uploads\\\/2021\\\/10\\\/20211009_234038.jpg\",\"contentUrl\":\"https:\\\/\\\/regiaonews.net.br\\\/2022\\\/wp-content\\\/uploads\\\/2021\\\/10\\\/20211009_234038.jpg\",\"width\":1075,\"height\":668},{\"@type\":\"BreadcrumbList\",\"@id\":\"https:\\\/\\\/regiaonews.net.br\\\/2022\\\/2021\\\/10\\\/09\\\/prefeito-dieb-e-provedor-do-hospital-participam-do-lancamento-do-mais-santas-casas\\\/#breadcrumb\",\"itemListElement\":[{\"@type\":\"ListItem\",\"position\":1,\"name\":\"In\u00edcio\",\"item\":\"https:\\\/\\\/regiaonews.net.br\\\/2022\\\/\"},{\"@type\":\"ListItem\",\"position\":2,\"name\":\"Prefeito Dieb e provedor do Hospital participam do lan\u00e7amento do \u201cMais Santas Casas\u201d\"}]},{\"@type\":\"WebSite\",\"@id\":\"https:\\\/\\\/regiaonews.net.br\\\/2022\\\/#website\",\"url\":\"https:\\\/\\\/regiaonews.net.br\\\/2022\\\/\",\"name\":\"Regi\u00e3o News\",\"description\":\"Site de Not\u00edcias de Barretos e regi\u00e3o\",\"publisher\":{\"@id\":\"https:\\\/\\\/regiaonews.net.br\\\/2022\\\/#organization\"},\"potentialAction\":[{\"@type\":\"SearchAction\",\"target\":{\"@type\":\"EntryPoint\",\"urlTemplate\":\"https:\\\/\\\/regiaonews.net.br\\\/2022\\\/?s={search_term_string}\"},\"query-input\":{\"@type\":\"PropertyValueSpecification\",\"valueRequired\":true,\"valueName\":\"search_term_string\"}}],\"inLanguage\":\"pt-BR\"},{\"@type\":\"Organization\",\"@id\":\"https:\\\/\\\/regiaonews.net.br\\\/2022\\\/#organization\",\"name\":\"Regi\u00e3o News\",\"url\":\"https:\\\/\\\/regiaonews.net.br\\\/2022\\\/\",\"logo\":{\"@type\":\"ImageObject\",\"inLanguage\":\"pt-BR\",\"@id\":\"https:\\\/\\\/regiaonews.net.br\\\/2022\\\/#\\\/schema\\\/logo\\\/image\\\/\",\"url\":\"https:\\\/\\\/regiaonews.net.br\\\/2022\\\/wp-content\\\/uploads\\\/2026\\\/03\\\/regiao-13-anos-scaled.jpg\",\"contentUrl\":\"https:\\\/\\\/regiaonews.net.br\\\/2022\\\/wp-content\\\/uploads\\\/2026\\\/03\\\/regiao-13-anos-scaled.jpg\",\"width\":2560,\"height\":635,\"caption\":\"Regi\u00e3o News\"},\"image\":{\"@id\":\"https:\\\/\\\/regiaonews.net.br\\\/2022\\\/#\\\/schema\\\/logo\\\/image\\\/\"}},{\"@type\":\"Person\",\"@id\":\"https:\\\/\\\/regiaonews.net.br\\\/2022\\\/#\\\/schema\\\/person\\\/2d205a608a5aa97ac279d7a5e6d89ad8\",\"name\":\"Roberto\",\"image\":{\"@type\":\"ImageObject\",\"inLanguage\":\"pt-BR\",\"@id\":\"https:\\\/\\\/secure.gravatar.com\\\/avatar\\\/42749d8b712ff9d59ca93dc150494e5b55a44134482993f5baeb97e61b7ecc89?s=96&d=mm&r=g\",\"url\":\"https:\\\/\\\/secure.gravatar.com\\\/avatar\\\/42749d8b712ff9d59ca93dc150494e5b55a44134482993f5baeb97e61b7ecc89?s=96&d=mm&r=g\",\"contentUrl\":\"https:\\\/\\\/secure.gravatar.com\\\/avatar\\\/42749d8b712ff9d59ca93dc150494e5b55a44134482993f5baeb97e61b7ecc89?s=96&d=mm&r=g\",\"caption\":\"Roberto\"},\"url\":\"https:\\\/\\\/regiaonews.net.br\\\/2022\\\/author\\\/roberto\\\/\"}]}<\/script>\n<!-- \/ Yoast SEO plugin. -->","yoast_head_json":{"title":"Prefeito Dieb e provedor do Hospital participam do lan\u00e7amento do \u201cMais Santas Casas\u201d - Regi\u00e3o News","robots":{"index":"index","follow":"follow","max-snippet":"max-snippet:-1","max-image-preview":"max-image-preview:large","max-video-preview":"max-video-preview:-1"},"canonical":"https:\/\/regiaonews.net.br\/2022\/2021\/10\/09\/prefeito-dieb-e-provedor-do-hospital-participam-do-lancamento-do-mais-santas-casas\/","og_locale":"pt_BR","og_type":"article","og_title":"Prefeito Dieb e provedor do Hospital participam do lan\u00e7amento do \u201cMais Santas Casas\u201d - Regi\u00e3o News","og_description":"O Governo do Estado de S\u00e3o Paulo lan\u00e7ou na tarde","og_url":"https:\/\/regiaonews.net.br\/2022\/2021\/10\/09\/prefeito-dieb-e-provedor-do-hospital-participam-do-lancamento-do-mais-santas-casas\/","og_site_name":"Regi\u00e3o News","article_published_time":"2021-10-10T02:43:32+00:00","og_image":[{"width":1075,"height":668,"url":"https:\/\/regiaonews.net.br\/2022\/wp-content\/uploads\/2021\/10\/20211009_234038.jpg","type":"image\/jpeg"}],"author":"Roberto","twitter_card":"summary_large_image","twitter_misc":{"Escrito por":"Roberto","Est. tempo de leitura":"2 minutos"},"schema":{"@context":"https:\/\/schema.org","@graph":[{"@type":"Article","@id":"https:\/\/regiaonews.net.br\/2022\/2021\/10\/09\/prefeito-dieb-e-provedor-do-hospital-participam-do-lancamento-do-mais-santas-casas\/#article","isPartOf":{"@id":"https:\/\/regiaonews.net.br\/2022\/2021\/10\/09\/prefeito-dieb-e-provedor-do-hospital-participam-do-lancamento-do-mais-santas-casas\/"},"author":{"name":"Roberto","@id":"https:\/\/regiaonews.net.br\/2022\/#\/schema\/person\/2d205a608a5aa97ac279d7a5e6d89ad8"},"headline":"Prefeito Dieb e provedor do Hospital participam do lan\u00e7amento do \u201cMais Santas Casas\u201d","datePublished":"2021-10-10T02:43:32+00:00","mainEntityOfPage":{"@id":"https:\/\/regiaonews.net.br\/2022\/2021\/10\/09\/prefeito-dieb-e-provedor-do-hospital-participam-do-lancamento-do-mais-santas-casas\/"},"wordCount":499,"commentCount":0,"publisher":{"@id":"https:\/\/regiaonews.net.br\/2022\/#organization"},"image":{"@id":"https:\/\/regiaonews.net.br\/2022\/2021\/10\/09\/prefeito-dieb-e-provedor-do-hospital-participam-do-lancamento-do-mais-santas-casas\/#primaryimage"},"thumbnailUrl":"https:\/\/regiaonews.net.br\/2022\/wp-content\/uploads\/2021\/10\/20211009_234038.jpg","articleSection":["Cidades","Pol\u00edtica","S\u00e3o Paulo"],"inLanguage":"pt-BR","potentialAction":[{"@type":"CommentAction","name":"Comment","target":["https:\/\/regiaonews.net.br\/2022\/2021\/10\/09\/prefeito-dieb-e-provedor-do-hospital-participam-do-lancamento-do-mais-santas-casas\/#respond"]}]},{"@type":"WebPage","@id":"https:\/\/regiaonews.net.br\/2022\/2021\/10\/09\/prefeito-dieb-e-provedor-do-hospital-participam-do-lancamento-do-mais-santas-casas\/","url":"https:\/\/regiaonews.net.br\/2022\/2021\/10\/09\/prefeito-dieb-e-provedor-do-hospital-participam-do-lancamento-do-mais-santas-casas\/","name":"Prefeito Dieb e provedor do Hospital participam do lan\u00e7amento do \u201cMais Santas Casas\u201d - Regi\u00e3o News","isPartOf":{"@id":"https:\/\/regiaonews.net.br\/2022\/#website"},"primaryImageOfPage":{"@id":"https:\/\/regiaonews.net.br\/2022\/2021\/10\/09\/prefeito-dieb-e-provedor-do-hospital-participam-do-lancamento-do-mais-santas-casas\/#primaryimage"},"image":{"@id":"https:\/\/regiaonews.net.br\/2022\/2021\/10\/09\/prefeito-dieb-e-provedor-do-hospital-participam-do-lancamento-do-mais-santas-casas\/#primaryimage"},"thumbnailUrl":"https:\/\/regiaonews.net.br\/2022\/wp-content\/uploads\/2021\/10\/20211009_234038.jpg","datePublished":"2021-10-10T02:43:32+00:00","breadcrumb":{"@id":"https:\/\/regiaonews.net.br\/2022\/2021\/10\/09\/prefeito-dieb-e-provedor-do-hospital-participam-do-lancamento-do-mais-santas-casas\/#breadcrumb"},"inLanguage":"pt-BR","potentialAction":[{"@type":"ReadAction","target":["https:\/\/regiaonews.net.br\/2022\/2021\/10\/09\/prefeito-dieb-e-provedor-do-hospital-participam-do-lancamento-do-mais-santas-casas\/"]}]},{"@type":"ImageObject","inLanguage":"pt-BR","@id":"https:\/\/regiaonews.net.br\/2022\/2021\/10\/09\/prefeito-dieb-e-provedor-do-hospital-participam-do-lancamento-do-mais-santas-casas\/#primaryimage","url":"https:\/\/regiaonews.net.br\/2022\/wp-content\/uploads\/2021\/10\/20211009_234038.jpg","contentUrl":"https:\/\/regiaonews.net.br\/2022\/wp-content\/uploads\/2021\/10\/20211009_234038.jpg","width":1075,"height":668},{"@type":"BreadcrumbList","@id":"https:\/\/regiaonews.net.br\/2022\/2021\/10\/09\/prefeito-dieb-e-provedor-do-hospital-participam-do-lancamento-do-mais-santas-casas\/#breadcrumb","itemListElement":[{"@type":"ListItem","position":1,"name":"In\u00edcio","item":"https:\/\/regiaonews.net.br\/2022\/"},{"@type":"ListItem","position":2,"name":"Prefeito Dieb e provedor do Hospital participam do lan\u00e7amento do \u201cMais Santas Casas\u201d"}]},{"@type":"WebSite","@id":"https:\/\/regiaonews.net.br\/2022\/#website","url":"https:\/\/regiaonews.net.br\/2022\/","name":"Regi\u00e3o News","description":"Site de Not\u00edcias de Barretos e regi\u00e3o","publisher":{"@id":"https:\/\/regiaonews.net.br\/2022\/#organization"},"potentialAction":[{"@type":"SearchAction","target":{"@type":"EntryPoint","urlTemplate":"https:\/\/regiaonews.net.br\/2022\/?s={search_term_string}"},"query-input":{"@type":"PropertyValueSpecification","valueRequired":true,"valueName":"search_term_string"}}],"inLanguage":"pt-BR"},{"@type":"Organization","@id":"https:\/\/regiaonews.net.br\/2022\/#organization","name":"Regi\u00e3o News","url":"https:\/\/regiaonews.net.br\/2022\/","logo":{"@type":"ImageObject","inLanguage":"pt-BR","@id":"https:\/\/regiaonews.net.br\/2022\/#\/schema\/logo\/image\/","url":"https:\/\/regiaonews.net.br\/2022\/wp-content\/uploads\/2026\/03\/regiao-13-anos-scaled.jpg","contentUrl":"https:\/\/regiaonews.net.br\/2022\/wp-content\/uploads\/2026\/03\/regiao-13-anos-scaled.jpg","width":2560,"height":635,"caption":"Regi\u00e3o News"},"image":{"@id":"https:\/\/regiaonews.net.br\/2022\/#\/schema\/logo\/image\/"}},{"@type":"Person","@id":"https:\/\/regiaonews.net.br\/2022\/#\/schema\/person\/2d205a608a5aa97ac279d7a5e6d89ad8","name":"Roberto","image":{"@type":"ImageObject","inLanguage":"pt-BR","@id":"https:\/\/secure.gravatar.com\/avatar\/42749d8b712ff9d59ca93dc150494e5b55a44134482993f5baeb97e61b7ecc89?s=96&d=mm&r=g","url":"https:\/\/secure.gravatar.com\/avatar\/42749d8b712ff9d59ca93dc150494e5b55a44134482993f5baeb97e61b7ecc89?s=96&d=mm&r=g","contentUrl":"https:\/\/secure.gravatar.com\/avatar\/42749d8b712ff9d59ca93dc150494e5b55a44134482993f5baeb97e61b7ecc89?s=96&d=mm&r=g","caption":"Roberto"},"url":"https:\/\/regiaonews.net.br\/2022\/author\/roberto\/"}]}},"publishpress_future_action":{"enabled":false,"date":"2026-05-03 19:39:25","action":"change-status","newStatus":"draft","terms":[],"taxonomy":"category","extraData":[]},"publishpress_future_workflow_manual_trigger":{"enabledWorkflows":[]},"_links":{"self":[{"href":"https:\/\/regiaonews.net.br\/2022\/wp-json\/wp\/v2\/posts\/54613","targetHints":{"allow":["GET"]}}],"collection":[{"href":"https:\/\/regiaonews.net.br\/2022\/wp-json\/wp\/v2\/posts"}],"about":[{"href":"https:\/\/regiaonews.net.br\/2022\/wp-json\/wp\/v2\/types\/post"}],"author":[{"embeddable":true,"href":"https:\/\/regiaonews.net.br\/2022\/wp-json\/wp\/v2\/users\/2"}],"replies":[{"embeddable":true,"href":"https:\/\/regiaonews.net.br\/2022\/wp-json\/wp\/v2\/comments?post=54613"}],"version-history":[{"count":0,"href":"https:\/\/regiaonews.net.br\/2022\/wp-json\/wp\/v2\/posts\/54613\/revisions"}],"wp:featuredmedia":[{"embeddable":true,"href":"https:\/\/regiaonews.net.br\/2022\/wp-json\/wp\/v2\/media\/54614"}],"wp:attachment":[{"href":"https:\/\/regiaonews.net.br\/2022\/wp-json\/wp\/v2\/media?parent=54613"}],"wp:term":[{"taxonomy":"category","embeddable":true,"href":"https:\/\/regiaonews.net.br\/2022\/wp-json\/wp\/v2\/categories?post=54613"},{"taxonomy":"post_tag","embeddable":true,"href":"https:\/\/regiaonews.net.br\/2022\/wp-json\/wp\/v2\/tags?post=54613"}],"curies":[{"name":"wp","href":"https:\/\/api.w.org\/{rel}","templated":true}]}}