{"id":54571,"date":"2021-10-09T15:54:18","date_gmt":"2021-10-09T18:54:18","guid":{"rendered":"https:\/\/regiaonews.net.br\/2022\/?p=54571"},"modified":"2021-10-09T21:50:46","modified_gmt":"2021-10-10T00:50:46","slug":"prefeita-conversa-com-moradores-apresenta-projeto-para-asfaltar-o-jardim-caicara-e-pede-apoio-ao-deputado-geninho-zuliani","status":"publish","type":"post","link":"https:\/\/regiaonews.net.br\/2022\/2021\/10\/09\/prefeita-conversa-com-moradores-apresenta-projeto-para-asfaltar-o-jardim-caicara-e-pede-apoio-ao-deputado-geninho-zuliani\/","title":{"rendered":"Prefeita conversa com moradores, apresenta projeto para asfaltar o Jardim Cai\u00e7ara"},"content":{"rendered":"<p><a href=\"https:\/\/regiaonews.net.br\/2022\/wp-content\/uploads\/2021\/10\/WhatsApp-Image-2021-10-09-at-15.01.29.jpeg\"><img loading=\"lazy\" decoding=\"async\" class=\"alignnone size-medium wp-image-54572\" src=\"https:\/\/regiaonews.net.br\/2022\/wp-content\/uploads\/2021\/10\/WhatsApp-Image-2021-10-09-at-15.01.29-300x211.jpeg\" alt=\"\" width=\"300\" height=\"211\" \/><\/a><\/p>\n<p>A prefeita de Barretos Paula Lemos e o deputado federal Geninho Zuliani visitaram o Jardim Cai\u00e7ara na tarde desta sexta-feira, dia 8. L\u00e1, a chefe do Executivo barretense explicou ao parlamentar o projeto de implanta\u00e7\u00e3o de todo o sistema de drenagem das \u00e1guas pluviais e a pavimenta\u00e7\u00e3o asf\u00e1ltica definitiva.<br \/>\nEm conversa com moradores, Paula explicou que o projeto est\u00e1 pronto e encaminhado ao Governo Estadual para que seja aprovado dentro do programa Nossa Rua, em que tanto Prefeitura quanto Estado custeiam cada um 50% da obra.<br \/>\n\u201cDesde o in\u00edcio do programa, colocamos nosso secret\u00e1rio de Planejamento para elaborar esse projeto e estivemos na semana passada entregando o projeto em S\u00e3o Paulo. Essa obra gira em torno de R$ 9 milh\u00f5es, ent\u00e3o a Prefeitura entraria com R$ 4,5 milh\u00f5es e o Estado o restante\u201d, comentou.<br \/>\nPaula ainda citou que entregou mais dois projetos para inclus\u00e3o no programa Nossa Rua, referentes ao linh\u00e3o do Distrito Industrial II e as duas ruas do bairro Christiano de Carvalho. \u201cTemos o apoio dos deputados Geninho Zuliani e Carl\u00e3o Pignatari para conseguir essas tr\u00eas obras, que giram em torno de R$ 16 milh\u00f5es no total\u201d, explicou. \u201cEntregamos o projeto e agrade\u00e7o aos deputados que est\u00e3o apoiando essa ideia e batalhando politicamente para que ela aconte\u00e7a e todo apoio que estamos recebendo do secret\u00e1rio Marco Vinholi, do vice-governador Rodrigo Garcia e do governador\u201d.<br \/>\nA pavimenta\u00e7\u00e3o das ruas do Jardim Cai\u00e7ara \u00e9 um pedido de d\u00e9cadas dos moradores. Segundo Hilda dos Santos Ven\u00e2ncio, que mora ali h\u00e1 60 anos, a falta de asfalto prejudica todos os demais servi\u00e7os, como a dificuldade de entrada e sa\u00edda de uma ambul\u00e2ncia, por exemplo. \u201cQuando come\u00e7a a chover, isso aqui fica intransit\u00e1vel\u201d, disse.<br \/>\nA obra<br \/>\nO projeto apresentado pela prefeita Paula Lemos prev\u00ea a constru\u00e7\u00e3o de todo sistema de drenagem das \u00e1guas pluviais (encanamento, galerias e bueiros) al\u00e9m a pavimenta\u00e7\u00e3o asf\u00e1ltica definitiva de todas as ruas do bairro.<\/p>\n","protected":false},"excerpt":{"rendered":"<p>A prefeita de Barretos Paula Lemos e o deputado federal<\/p>\n","protected":false},"author":2,"featured_media":54572,"comment_status":"open","ping_status":"open","sticky":false,"template":"","format":"standard","meta":{"footnotes":""},"categories":[14,25],"tags":[],"class_list":["post-54571","post","type-post","status-publish","format-standard","has-post-thumbnail","hentry","category-barretos","category-cidades"],"yoast_head":"<!-- This site is optimized with the Yoast SEO plugin v27.4 - https:\/\/yoast.com\/product\/yoast-seo-wordpress\/ -->\n<title>Prefeita conversa com moradores, apresenta projeto para asfaltar o Jardim Cai\u00e7ara - Regi\u00e3o News<\/title>\n<meta name=\"robots\" content=\"index, follow, max-snippet:-1, max-image-preview:large, max-video-preview:-1\" \/>\n<link rel=\"canonical\" href=\"https:\/\/regiaonews.net.br\/2022\/2021\/10\/09\/prefeita-conversa-com-moradores-apresenta-projeto-para-asfaltar-o-jardim-caicara-e-pede-apoio-ao-deputado-geninho-zuliani\/\" \/>\n<meta property=\"og:locale\" content=\"pt_BR\" \/>\n<meta property=\"og:type\" content=\"article\" \/>\n<meta property=\"og:title\" content=\"Prefeita conversa com moradores, apresenta projeto para asfaltar o Jardim Cai\u00e7ara - Regi\u00e3o News\" \/>\n<meta property=\"og:description\" content=\"A prefeita de Barretos Paula Lemos e o deputado federal\" \/>\n<meta property=\"og:url\" content=\"https:\/\/regiaonews.net.br\/2022\/2021\/10\/09\/prefeita-conversa-com-moradores-apresenta-projeto-para-asfaltar-o-jardim-caicara-e-pede-apoio-ao-deputado-geninho-zuliani\/\" \/>\n<meta property=\"og:site_name\" content=\"Regi\u00e3o News\" \/>\n<meta property=\"article:published_time\" content=\"2021-10-09T18:54:18+00:00\" \/>\n<meta property=\"article:modified_time\" content=\"2021-10-10T00:50:46+00:00\" \/>\n<meta property=\"og:image\" content=\"https:\/\/regiaonews.net.br\/2022\/wp-content\/uploads\/2021\/10\/WhatsApp-Image-2021-10-09-at-15.01.29.jpeg\" \/>\n\t<meta property=\"og:image:width\" content=\"1280\" \/>\n\t<meta property=\"og:image:height\" content=\"902\" \/>\n\t<meta property=\"og:image:type\" content=\"image\/jpeg\" \/>\n<meta name=\"author\" content=\"Roberto\" \/>\n<meta name=\"twitter:card\" content=\"summary_large_image\" \/>\n<meta name=\"twitter:label1\" content=\"Escrito por\" \/>\n\t<meta name=\"twitter:data1\" content=\"Roberto\" \/>\n\t<meta name=\"twitter:label2\" content=\"Est. tempo de leitura\" \/>\n\t<meta name=\"twitter:data2\" content=\"2 minutos\" \/>\n<script type=\"application\/ld+json\" class=\"yoast-schema-graph\">{\"@context\":\"https:\\\/\\\/schema.org\",\"@graph\":[{\"@type\":\"Article\",\"@id\":\"https:\\\/\\\/regiaonews.net.br\\\/2022\\\/2021\\\/10\\\/09\\\/prefeita-conversa-com-moradores-apresenta-projeto-para-asfaltar-o-jardim-caicara-e-pede-apoio-ao-deputado-geninho-zuliani\\\/#article\",\"isPartOf\":{\"@id\":\"https:\\\/\\\/regiaonews.net.br\\\/2022\\\/2021\\\/10\\\/09\\\/prefeita-conversa-com-moradores-apresenta-projeto-para-asfaltar-o-jardim-caicara-e-pede-apoio-ao-deputado-geninho-zuliani\\\/\"},\"author\":{\"name\":\"Roberto\",\"@id\":\"https:\\\/\\\/regiaonews.net.br\\\/2022\\\/#\\\/schema\\\/person\\\/2d205a608a5aa97ac279d7a5e6d89ad8\"},\"headline\":\"Prefeita conversa com moradores, apresenta projeto para asfaltar o Jardim Cai\u00e7ara\",\"datePublished\":\"2021-10-09T18:54:18+00:00\",\"dateModified\":\"2021-10-10T00:50:46+00:00\",\"mainEntityOfPage\":{\"@id\":\"https:\\\/\\\/regiaonews.net.br\\\/2022\\\/2021\\\/10\\\/09\\\/prefeita-conversa-com-moradores-apresenta-projeto-para-asfaltar-o-jardim-caicara-e-pede-apoio-ao-deputado-geninho-zuliani\\\/\"},\"wordCount\":353,\"commentCount\":0,\"publisher\":{\"@id\":\"https:\\\/\\\/regiaonews.net.br\\\/2022\\\/#organization\"},\"image\":{\"@id\":\"https:\\\/\\\/regiaonews.net.br\\\/2022\\\/2021\\\/10\\\/09\\\/prefeita-conversa-com-moradores-apresenta-projeto-para-asfaltar-o-jardim-caicara-e-pede-apoio-ao-deputado-geninho-zuliani\\\/#primaryimage\"},\"thumbnailUrl\":\"https:\\\/\\\/regiaonews.net.br\\\/2022\\\/wp-content\\\/uploads\\\/2021\\\/10\\\/WhatsApp-Image-2021-10-09-at-15.01.29.jpeg\",\"articleSection\":[\"Barretos\",\"Cidades\"],\"inLanguage\":\"pt-BR\",\"potentialAction\":[{\"@type\":\"CommentAction\",\"name\":\"Comment\",\"target\":[\"https:\\\/\\\/regiaonews.net.br\\\/2022\\\/2021\\\/10\\\/09\\\/prefeita-conversa-com-moradores-apresenta-projeto-para-asfaltar-o-jardim-caicara-e-pede-apoio-ao-deputado-geninho-zuliani\\\/#respond\"]}]},{\"@type\":\"WebPage\",\"@id\":\"https:\\\/\\\/regiaonews.net.br\\\/2022\\\/2021\\\/10\\\/09\\\/prefeita-conversa-com-moradores-apresenta-projeto-para-asfaltar-o-jardim-caicara-e-pede-apoio-ao-deputado-geninho-zuliani\\\/\",\"url\":\"https:\\\/\\\/regiaonews.net.br\\\/2022\\\/2021\\\/10\\\/09\\\/prefeita-conversa-com-moradores-apresenta-projeto-para-asfaltar-o-jardim-caicara-e-pede-apoio-ao-deputado-geninho-zuliani\\\/\",\"name\":\"Prefeita conversa com moradores, apresenta projeto para asfaltar o Jardim Cai\u00e7ara - Regi\u00e3o News\",\"isPartOf\":{\"@id\":\"https:\\\/\\\/regiaonews.net.br\\\/2022\\\/#website\"},\"primaryImageOfPage\":{\"@id\":\"https:\\\/\\\/regiaonews.net.br\\\/2022\\\/2021\\\/10\\\/09\\\/prefeita-conversa-com-moradores-apresenta-projeto-para-asfaltar-o-jardim-caicara-e-pede-apoio-ao-deputado-geninho-zuliani\\\/#primaryimage\"},\"image\":{\"@id\":\"https:\\\/\\\/regiaonews.net.br\\\/2022\\\/2021\\\/10\\\/09\\\/prefeita-conversa-com-moradores-apresenta-projeto-para-asfaltar-o-jardim-caicara-e-pede-apoio-ao-deputado-geninho-zuliani\\\/#primaryimage\"},\"thumbnailUrl\":\"https:\\\/\\\/regiaonews.net.br\\\/2022\\\/wp-content\\\/uploads\\\/2021\\\/10\\\/WhatsApp-Image-2021-10-09-at-15.01.29.jpeg\",\"datePublished\":\"2021-10-09T18:54:18+00:00\",\"dateModified\":\"2021-10-10T00:50:46+00:00\",\"breadcrumb\":{\"@id\":\"https:\\\/\\\/regiaonews.net.br\\\/2022\\\/2021\\\/10\\\/09\\\/prefeita-conversa-com-moradores-apresenta-projeto-para-asfaltar-o-jardim-caicara-e-pede-apoio-ao-deputado-geninho-zuliani\\\/#breadcrumb\"},\"inLanguage\":\"pt-BR\",\"potentialAction\":[{\"@type\":\"ReadAction\",\"target\":[\"https:\\\/\\\/regiaonews.net.br\\\/2022\\\/2021\\\/10\\\/09\\\/prefeita-conversa-com-moradores-apresenta-projeto-para-asfaltar-o-jardim-caicara-e-pede-apoio-ao-deputado-geninho-zuliani\\\/\"]}]},{\"@type\":\"ImageObject\",\"inLanguage\":\"pt-BR\",\"@id\":\"https:\\\/\\\/regiaonews.net.br\\\/2022\\\/2021\\\/10\\\/09\\\/prefeita-conversa-com-moradores-apresenta-projeto-para-asfaltar-o-jardim-caicara-e-pede-apoio-ao-deputado-geninho-zuliani\\\/#primaryimage\",\"url\":\"https:\\\/\\\/regiaonews.net.br\\\/2022\\\/wp-content\\\/uploads\\\/2021\\\/10\\\/WhatsApp-Image-2021-10-09-at-15.01.29.jpeg\",\"contentUrl\":\"https:\\\/\\\/regiaonews.net.br\\\/2022\\\/wp-content\\\/uploads\\\/2021\\\/10\\\/WhatsApp-Image-2021-10-09-at-15.01.29.jpeg\",\"width\":1280,\"height\":902},{\"@type\":\"BreadcrumbList\",\"@id\":\"https:\\\/\\\/regiaonews.net.br\\\/2022\\\/2021\\\/10\\\/09\\\/prefeita-conversa-com-moradores-apresenta-projeto-para-asfaltar-o-jardim-caicara-e-pede-apoio-ao-deputado-geninho-zuliani\\\/#breadcrumb\",\"itemListElement\":[{\"@type\":\"ListItem\",\"position\":1,\"name\":\"In\u00edcio\",\"item\":\"https:\\\/\\\/regiaonews.net.br\\\/2022\\\/\"},{\"@type\":\"ListItem\",\"position\":2,\"name\":\"Prefeita conversa com moradores, apresenta projeto para asfaltar o Jardim Cai\u00e7ara\"}]},{\"@type\":\"WebSite\",\"@id\":\"https:\\\/\\\/regiaonews.net.br\\\/2022\\\/#website\",\"url\":\"https:\\\/\\\/regiaonews.net.br\\\/2022\\\/\",\"name\":\"Regi\u00e3o News\",\"description\":\"Site de Not\u00edcias de Barretos e regi\u00e3o\",\"publisher\":{\"@id\":\"https:\\\/\\\/regiaonews.net.br\\\/2022\\\/#organization\"},\"potentialAction\":[{\"@type\":\"SearchAction\",\"target\":{\"@type\":\"EntryPoint\",\"urlTemplate\":\"https:\\\/\\\/regiaonews.net.br\\\/2022\\\/?s={search_term_string}\"},\"query-input\":{\"@type\":\"PropertyValueSpecification\",\"valueRequired\":true,\"valueName\":\"search_term_string\"}}],\"inLanguage\":\"pt-BR\"},{\"@type\":\"Organization\",\"@id\":\"https:\\\/\\\/regiaonews.net.br\\\/2022\\\/#organization\",\"name\":\"Regi\u00e3o News\",\"url\":\"https:\\\/\\\/regiaonews.net.br\\\/2022\\\/\",\"logo\":{\"@type\":\"ImageObject\",\"inLanguage\":\"pt-BR\",\"@id\":\"https:\\\/\\\/regiaonews.net.br\\\/2022\\\/#\\\/schema\\\/logo\\\/image\\\/\",\"url\":\"https:\\\/\\\/regiaonews.net.br\\\/2022\\\/wp-content\\\/uploads\\\/2026\\\/03\\\/regiao-13-anos-scaled.jpg\",\"contentUrl\":\"https:\\\/\\\/regiaonews.net.br\\\/2022\\\/wp-content\\\/uploads\\\/2026\\\/03\\\/regiao-13-anos-scaled.jpg\",\"width\":2560,\"height\":635,\"caption\":\"Regi\u00e3o News\"},\"image\":{\"@id\":\"https:\\\/\\\/regiaonews.net.br\\\/2022\\\/#\\\/schema\\\/logo\\\/image\\\/\"}},{\"@type\":\"Person\",\"@id\":\"https:\\\/\\\/regiaonews.net.br\\\/2022\\\/#\\\/schema\\\/person\\\/2d205a608a5aa97ac279d7a5e6d89ad8\",\"name\":\"Roberto\",\"image\":{\"@type\":\"ImageObject\",\"inLanguage\":\"pt-BR\",\"@id\":\"https:\\\/\\\/secure.gravatar.com\\\/avatar\\\/42749d8b712ff9d59ca93dc150494e5b55a44134482993f5baeb97e61b7ecc89?s=96&d=mm&r=g\",\"url\":\"https:\\\/\\\/secure.gravatar.com\\\/avatar\\\/42749d8b712ff9d59ca93dc150494e5b55a44134482993f5baeb97e61b7ecc89?s=96&d=mm&r=g\",\"contentUrl\":\"https:\\\/\\\/secure.gravatar.com\\\/avatar\\\/42749d8b712ff9d59ca93dc150494e5b55a44134482993f5baeb97e61b7ecc89?s=96&d=mm&r=g\",\"caption\":\"Roberto\"},\"url\":\"https:\\\/\\\/regiaonews.net.br\\\/2022\\\/author\\\/roberto\\\/\"}]}<\/script>\n<!-- \/ Yoast SEO plugin. -->","yoast_head_json":{"title":"Prefeita conversa com moradores, apresenta projeto para asfaltar o Jardim Cai\u00e7ara - Regi\u00e3o News","robots":{"index":"index","follow":"follow","max-snippet":"max-snippet:-1","max-image-preview":"max-image-preview:large","max-video-preview":"max-video-preview:-1"},"canonical":"https:\/\/regiaonews.net.br\/2022\/2021\/10\/09\/prefeita-conversa-com-moradores-apresenta-projeto-para-asfaltar-o-jardim-caicara-e-pede-apoio-ao-deputado-geninho-zuliani\/","og_locale":"pt_BR","og_type":"article","og_title":"Prefeita conversa com moradores, apresenta projeto para asfaltar o Jardim Cai\u00e7ara - Regi\u00e3o News","og_description":"A prefeita de Barretos Paula Lemos e o deputado federal","og_url":"https:\/\/regiaonews.net.br\/2022\/2021\/10\/09\/prefeita-conversa-com-moradores-apresenta-projeto-para-asfaltar-o-jardim-caicara-e-pede-apoio-ao-deputado-geninho-zuliani\/","og_site_name":"Regi\u00e3o News","article_published_time":"2021-10-09T18:54:18+00:00","article_modified_time":"2021-10-10T00:50:46+00:00","og_image":[{"width":1280,"height":902,"url":"https:\/\/regiaonews.net.br\/2022\/wp-content\/uploads\/2021\/10\/WhatsApp-Image-2021-10-09-at-15.01.29.jpeg","type":"image\/jpeg"}],"author":"Roberto","twitter_card":"summary_large_image","twitter_misc":{"Escrito por":"Roberto","Est. tempo de leitura":"2 minutos"},"schema":{"@context":"https:\/\/schema.org","@graph":[{"@type":"Article","@id":"https:\/\/regiaonews.net.br\/2022\/2021\/10\/09\/prefeita-conversa-com-moradores-apresenta-projeto-para-asfaltar-o-jardim-caicara-e-pede-apoio-ao-deputado-geninho-zuliani\/#article","isPartOf":{"@id":"https:\/\/regiaonews.net.br\/2022\/2021\/10\/09\/prefeita-conversa-com-moradores-apresenta-projeto-para-asfaltar-o-jardim-caicara-e-pede-apoio-ao-deputado-geninho-zuliani\/"},"author":{"name":"Roberto","@id":"https:\/\/regiaonews.net.br\/2022\/#\/schema\/person\/2d205a608a5aa97ac279d7a5e6d89ad8"},"headline":"Prefeita conversa com moradores, apresenta projeto para asfaltar o Jardim Cai\u00e7ara","datePublished":"2021-10-09T18:54:18+00:00","dateModified":"2021-10-10T00:50:46+00:00","mainEntityOfPage":{"@id":"https:\/\/regiaonews.net.br\/2022\/2021\/10\/09\/prefeita-conversa-com-moradores-apresenta-projeto-para-asfaltar-o-jardim-caicara-e-pede-apoio-ao-deputado-geninho-zuliani\/"},"wordCount":353,"commentCount":0,"publisher":{"@id":"https:\/\/regiaonews.net.br\/2022\/#organization"},"image":{"@id":"https:\/\/regiaonews.net.br\/2022\/2021\/10\/09\/prefeita-conversa-com-moradores-apresenta-projeto-para-asfaltar-o-jardim-caicara-e-pede-apoio-ao-deputado-geninho-zuliani\/#primaryimage"},"thumbnailUrl":"https:\/\/regiaonews.net.br\/2022\/wp-content\/uploads\/2021\/10\/WhatsApp-Image-2021-10-09-at-15.01.29.jpeg","articleSection":["Barretos","Cidades"],"inLanguage":"pt-BR","potentialAction":[{"@type":"CommentAction","name":"Comment","target":["https:\/\/regiaonews.net.br\/2022\/2021\/10\/09\/prefeita-conversa-com-moradores-apresenta-projeto-para-asfaltar-o-jardim-caicara-e-pede-apoio-ao-deputado-geninho-zuliani\/#respond"]}]},{"@type":"WebPage","@id":"https:\/\/regiaonews.net.br\/2022\/2021\/10\/09\/prefeita-conversa-com-moradores-apresenta-projeto-para-asfaltar-o-jardim-caicara-e-pede-apoio-ao-deputado-geninho-zuliani\/","url":"https:\/\/regiaonews.net.br\/2022\/2021\/10\/09\/prefeita-conversa-com-moradores-apresenta-projeto-para-asfaltar-o-jardim-caicara-e-pede-apoio-ao-deputado-geninho-zuliani\/","name":"Prefeita conversa com moradores, apresenta projeto para asfaltar o Jardim Cai\u00e7ara - Regi\u00e3o News","isPartOf":{"@id":"https:\/\/regiaonews.net.br\/2022\/#website"},"primaryImageOfPage":{"@id":"https:\/\/regiaonews.net.br\/2022\/2021\/10\/09\/prefeita-conversa-com-moradores-apresenta-projeto-para-asfaltar-o-jardim-caicara-e-pede-apoio-ao-deputado-geninho-zuliani\/#primaryimage"},"image":{"@id":"https:\/\/regiaonews.net.br\/2022\/2021\/10\/09\/prefeita-conversa-com-moradores-apresenta-projeto-para-asfaltar-o-jardim-caicara-e-pede-apoio-ao-deputado-geninho-zuliani\/#primaryimage"},"thumbnailUrl":"https:\/\/regiaonews.net.br\/2022\/wp-content\/uploads\/2021\/10\/WhatsApp-Image-2021-10-09-at-15.01.29.jpeg","datePublished":"2021-10-09T18:54:18+00:00","dateModified":"2021-10-10T00:50:46+00:00","breadcrumb":{"@id":"https:\/\/regiaonews.net.br\/2022\/2021\/10\/09\/prefeita-conversa-com-moradores-apresenta-projeto-para-asfaltar-o-jardim-caicara-e-pede-apoio-ao-deputado-geninho-zuliani\/#breadcrumb"},"inLanguage":"pt-BR","potentialAction":[{"@type":"ReadAction","target":["https:\/\/regiaonews.net.br\/2022\/2021\/10\/09\/prefeita-conversa-com-moradores-apresenta-projeto-para-asfaltar-o-jardim-caicara-e-pede-apoio-ao-deputado-geninho-zuliani\/"]}]},{"@type":"ImageObject","inLanguage":"pt-BR","@id":"https:\/\/regiaonews.net.br\/2022\/2021\/10\/09\/prefeita-conversa-com-moradores-apresenta-projeto-para-asfaltar-o-jardim-caicara-e-pede-apoio-ao-deputado-geninho-zuliani\/#primaryimage","url":"https:\/\/regiaonews.net.br\/2022\/wp-content\/uploads\/2021\/10\/WhatsApp-Image-2021-10-09-at-15.01.29.jpeg","contentUrl":"https:\/\/regiaonews.net.br\/2022\/wp-content\/uploads\/2021\/10\/WhatsApp-Image-2021-10-09-at-15.01.29.jpeg","width":1280,"height":902},{"@type":"BreadcrumbList","@id":"https:\/\/regiaonews.net.br\/2022\/2021\/10\/09\/prefeita-conversa-com-moradores-apresenta-projeto-para-asfaltar-o-jardim-caicara-e-pede-apoio-ao-deputado-geninho-zuliani\/#breadcrumb","itemListElement":[{"@type":"ListItem","position":1,"name":"In\u00edcio","item":"https:\/\/regiaonews.net.br\/2022\/"},{"@type":"ListItem","position":2,"name":"Prefeita conversa com moradores, apresenta projeto para asfaltar o Jardim Cai\u00e7ara"}]},{"@type":"WebSite","@id":"https:\/\/regiaonews.net.br\/2022\/#website","url":"https:\/\/regiaonews.net.br\/2022\/","name":"Regi\u00e3o News","description":"Site de Not\u00edcias de Barretos e regi\u00e3o","publisher":{"@id":"https:\/\/regiaonews.net.br\/2022\/#organization"},"potentialAction":[{"@type":"SearchAction","target":{"@type":"EntryPoint","urlTemplate":"https:\/\/regiaonews.net.br\/2022\/?s={search_term_string}"},"query-input":{"@type":"PropertyValueSpecification","valueRequired":true,"valueName":"search_term_string"}}],"inLanguage":"pt-BR"},{"@type":"Organization","@id":"https:\/\/regiaonews.net.br\/2022\/#organization","name":"Regi\u00e3o News","url":"https:\/\/regiaonews.net.br\/2022\/","logo":{"@type":"ImageObject","inLanguage":"pt-BR","@id":"https:\/\/regiaonews.net.br\/2022\/#\/schema\/logo\/image\/","url":"https:\/\/regiaonews.net.br\/2022\/wp-content\/uploads\/2026\/03\/regiao-13-anos-scaled.jpg","contentUrl":"https:\/\/regiaonews.net.br\/2022\/wp-content\/uploads\/2026\/03\/regiao-13-anos-scaled.jpg","width":2560,"height":635,"caption":"Regi\u00e3o News"},"image":{"@id":"https:\/\/regiaonews.net.br\/2022\/#\/schema\/logo\/image\/"}},{"@type":"Person","@id":"https:\/\/regiaonews.net.br\/2022\/#\/schema\/person\/2d205a608a5aa97ac279d7a5e6d89ad8","name":"Roberto","image":{"@type":"ImageObject","inLanguage":"pt-BR","@id":"https:\/\/secure.gravatar.com\/avatar\/42749d8b712ff9d59ca93dc150494e5b55a44134482993f5baeb97e61b7ecc89?s=96&d=mm&r=g","url":"https:\/\/secure.gravatar.com\/avatar\/42749d8b712ff9d59ca93dc150494e5b55a44134482993f5baeb97e61b7ecc89?s=96&d=mm&r=g","contentUrl":"https:\/\/secure.gravatar.com\/avatar\/42749d8b712ff9d59ca93dc150494e5b55a44134482993f5baeb97e61b7ecc89?s=96&d=mm&r=g","caption":"Roberto"},"url":"https:\/\/regiaonews.net.br\/2022\/author\/roberto\/"}]}},"publishpress_future_action":{"enabled":false,"date":"2026-05-03 14:18:54","action":"change-status","newStatus":"draft","terms":[],"taxonomy":"category","extraData":[]},"publishpress_future_workflow_manual_trigger":{"enabledWorkflows":[]},"_links":{"self":[{"href":"https:\/\/regiaonews.net.br\/2022\/wp-json\/wp\/v2\/posts\/54571","targetHints":{"allow":["GET"]}}],"collection":[{"href":"https:\/\/regiaonews.net.br\/2022\/wp-json\/wp\/v2\/posts"}],"about":[{"href":"https:\/\/regiaonews.net.br\/2022\/wp-json\/wp\/v2\/types\/post"}],"author":[{"embeddable":true,"href":"https:\/\/regiaonews.net.br\/2022\/wp-json\/wp\/v2\/users\/2"}],"replies":[{"embeddable":true,"href":"https:\/\/regiaonews.net.br\/2022\/wp-json\/wp\/v2\/comments?post=54571"}],"version-history":[{"count":0,"href":"https:\/\/regiaonews.net.br\/2022\/wp-json\/wp\/v2\/posts\/54571\/revisions"}],"wp:featuredmedia":[{"embeddable":true,"href":"https:\/\/regiaonews.net.br\/2022\/wp-json\/wp\/v2\/media\/54572"}],"wp:attachment":[{"href":"https:\/\/regiaonews.net.br\/2022\/wp-json\/wp\/v2\/media?parent=54571"}],"wp:term":[{"taxonomy":"category","embeddable":true,"href":"https:\/\/regiaonews.net.br\/2022\/wp-json\/wp\/v2\/categories?post=54571"},{"taxonomy":"post_tag","embeddable":true,"href":"https:\/\/regiaonews.net.br\/2022\/wp-json\/wp\/v2\/tags?post=54571"}],"curies":[{"name":"wp","href":"https:\/\/api.w.org\/{rel}","templated":true}]}}