{"id":54549,"date":"2021-10-08T23:37:02","date_gmt":"2021-10-09T02:37:02","guid":{"rendered":"https:\/\/regiaonews.net.br\/2022\/?p=54549"},"modified":"2021-10-08T23:38:12","modified_gmt":"2021-10-09T02:38:12","slug":"deputado-sebastiao-santos-e-vereadores-acompanham-inicio-das-obras-do-reservatorio","status":"publish","type":"post","link":"https:\/\/regiaonews.net.br\/2022\/2021\/10\/08\/deputado-sebastiao-santos-e-vereadores-acompanham-inicio-das-obras-do-reservatorio\/","title":{"rendered":"Deputado Sebasti\u00e3o Santos e vereadores acompanham in\u00edcio das obras do novo reservat\u00f3rio"},"content":{"rendered":"<p><a href=\"https:\/\/regiaonews.net.br\/2022\/wp-content\/uploads\/2021\/10\/FB_IMG_1633746477518.jpg\"><img loading=\"lazy\" decoding=\"async\" class=\"alignnone size-medium wp-image-54550\" src=\"https:\/\/regiaonews.net.br\/2022\/wp-content\/uploads\/2021\/10\/FB_IMG_1633746477518-300x225.jpg\" alt=\"\" width=\"300\" height=\"225\" \/><\/a> <a href=\"https:\/\/regiaonews.net.br\/2022\/wp-content\/uploads\/2021\/10\/FB_IMG_1633746490927.jpg\"><img loading=\"lazy\" decoding=\"async\" class=\"alignnone size-medium wp-image-54551\" src=\"https:\/\/regiaonews.net.br\/2022\/wp-content\/uploads\/2021\/10\/FB_IMG_1633746490927-300x226.jpg\" alt=\"\" width=\"300\" height=\"226\" \/><\/a> <a href=\"https:\/\/regiaonews.net.br\/2022\/wp-content\/uploads\/2021\/10\/FB_IMG_1633746498946.jpg\"><img loading=\"lazy\" decoding=\"async\" class=\"alignnone size-medium wp-image-54552\" src=\"https:\/\/regiaonews.net.br\/2022\/wp-content\/uploads\/2021\/10\/FB_IMG_1633746498946-300x226.jpg\" alt=\"\" width=\"300\" height=\"226\" \/><\/a><\/p>\n<p>O deputado estadual, Sebasti\u00e3o Santos (Republicanos), esteve visitando o Distrito Industrial, acompanhado dos vereadores do republicanos,\u00a0 Eduardo do Mercado e Dr. Vagner Chiapetti,\u00a0 para verificar a primeira etapa da constru\u00e7\u00e3o da base do novo reservat\u00f3rio de \u00e1gua do Po\u00e7\u00e3o do Dom Bosco,\u00a0 que ir\u00e1 atender mais de 50 mil habitantes na \u00e1rea norte da cidade de Barretos. &#8220;Essa foi mais uma conquista,\u00a0 atraves de emenda estadual de minha autoria e atender\u00e1 mais de 10 bairros de Barretos, que com conquistamos com o apoio dos vereadores Eduardinho do Mercado,\u00a0 Dr. Vagner Chiapetti, \u00c9lson Santos e Fabr\u00edcio Lemos. &#8220;Em breve n\u00e3o sofreremos mais com a falta de \u00e1gua,\u00a0 al\u00e9m de termos a economia de energia el\u00e9trica,\u00a0 pois a bomba do po\u00e7\u00e3o ser\u00e1 desligada nos hor\u00e1rios de pico&#8221;, afirmou Sebasti\u00e3o Santos.<\/p>\n<p>&nbsp;<\/p>\n","protected":false},"excerpt":{"rendered":"<p>O deputado estadual, Sebasti\u00e3o Santos (Republicanos), esteve visitando o Distrito<\/p>\n","protected":false},"author":2,"featured_media":54550,"comment_status":"open","ping_status":"open","sticky":false,"template":"","format":"standard","meta":{"footnotes":""},"categories":[14,25,22],"tags":[],"class_list":["post-54549","post","type-post","status-publish","format-standard","has-post-thumbnail","hentry","category-barretos","category-cidades","category-politica"],"yoast_head":"<!-- This site is optimized with the Yoast SEO plugin v27.4 - https:\/\/yoast.com\/product\/yoast-seo-wordpress\/ -->\n<title>Deputado Sebasti\u00e3o Santos e vereadores acompanham in\u00edcio das obras do novo reservat\u00f3rio - Regi\u00e3o News<\/title>\n<meta name=\"robots\" content=\"index, follow, max-snippet:-1, max-image-preview:large, max-video-preview:-1\" \/>\n<link rel=\"canonical\" href=\"https:\/\/regiaonews.net.br\/2022\/2021\/10\/08\/deputado-sebastiao-santos-e-vereadores-acompanham-inicio-das-obras-do-reservatorio\/\" \/>\n<meta property=\"og:locale\" content=\"pt_BR\" \/>\n<meta property=\"og:type\" content=\"article\" \/>\n<meta property=\"og:title\" content=\"Deputado Sebasti\u00e3o Santos e vereadores acompanham in\u00edcio das obras do novo reservat\u00f3rio - Regi\u00e3o News\" \/>\n<meta property=\"og:description\" content=\"O deputado estadual, Sebasti\u00e3o Santos (Republicanos), esteve visitando o Distrito\" \/>\n<meta property=\"og:url\" content=\"https:\/\/regiaonews.net.br\/2022\/2021\/10\/08\/deputado-sebastiao-santos-e-vereadores-acompanham-inicio-das-obras-do-reservatorio\/\" \/>\n<meta property=\"og:site_name\" content=\"Regi\u00e3o News\" \/>\n<meta property=\"article:published_time\" content=\"2021-10-09T02:37:02+00:00\" \/>\n<meta property=\"article:modified_time\" content=\"2021-10-09T02:38:12+00:00\" \/>\n<meta property=\"og:image\" content=\"https:\/\/regiaonews.net.br\/2022\/wp-content\/uploads\/2021\/10\/FB_IMG_1633746477518.jpg\" \/>\n\t<meta property=\"og:image:width\" content=\"1080\" \/>\n\t<meta property=\"og:image:height\" content=\"810\" \/>\n\t<meta property=\"og:image:type\" content=\"image\/jpeg\" \/>\n<meta name=\"author\" content=\"Roberto\" \/>\n<meta name=\"twitter:card\" content=\"summary_large_image\" \/>\n<meta name=\"twitter:label1\" content=\"Escrito por\" \/>\n\t<meta name=\"twitter:data1\" content=\"Roberto\" \/>\n\t<meta name=\"twitter:label2\" content=\"Est. tempo de leitura\" \/>\n\t<meta name=\"twitter:data2\" content=\"1 minuto\" \/>\n<script type=\"application\/ld+json\" class=\"yoast-schema-graph\">{\"@context\":\"https:\\\/\\\/schema.org\",\"@graph\":[{\"@type\":\"Article\",\"@id\":\"https:\\\/\\\/regiaonews.net.br\\\/2022\\\/2021\\\/10\\\/08\\\/deputado-sebastiao-santos-e-vereadores-acompanham-inicio-das-obras-do-reservatorio\\\/#article\",\"isPartOf\":{\"@id\":\"https:\\\/\\\/regiaonews.net.br\\\/2022\\\/2021\\\/10\\\/08\\\/deputado-sebastiao-santos-e-vereadores-acompanham-inicio-das-obras-do-reservatorio\\\/\"},\"author\":{\"name\":\"Roberto\",\"@id\":\"https:\\\/\\\/regiaonews.net.br\\\/2022\\\/#\\\/schema\\\/person\\\/2d205a608a5aa97ac279d7a5e6d89ad8\"},\"headline\":\"Deputado Sebasti\u00e3o Santos e vereadores acompanham in\u00edcio das obras do novo reservat\u00f3rio\",\"datePublished\":\"2021-10-09T02:37:02+00:00\",\"dateModified\":\"2021-10-09T02:38:12+00:00\",\"mainEntityOfPage\":{\"@id\":\"https:\\\/\\\/regiaonews.net.br\\\/2022\\\/2021\\\/10\\\/08\\\/deputado-sebastiao-santos-e-vereadores-acompanham-inicio-das-obras-do-reservatorio\\\/\"},\"wordCount\":153,\"commentCount\":0,\"publisher\":{\"@id\":\"https:\\\/\\\/regiaonews.net.br\\\/2022\\\/#organization\"},\"image\":{\"@id\":\"https:\\\/\\\/regiaonews.net.br\\\/2022\\\/2021\\\/10\\\/08\\\/deputado-sebastiao-santos-e-vereadores-acompanham-inicio-das-obras-do-reservatorio\\\/#primaryimage\"},\"thumbnailUrl\":\"https:\\\/\\\/regiaonews.net.br\\\/2022\\\/wp-content\\\/uploads\\\/2021\\\/10\\\/FB_IMG_1633746477518.jpg\",\"articleSection\":[\"Barretos\",\"Cidades\",\"Pol\u00edtica\"],\"inLanguage\":\"pt-BR\",\"potentialAction\":[{\"@type\":\"CommentAction\",\"name\":\"Comment\",\"target\":[\"https:\\\/\\\/regiaonews.net.br\\\/2022\\\/2021\\\/10\\\/08\\\/deputado-sebastiao-santos-e-vereadores-acompanham-inicio-das-obras-do-reservatorio\\\/#respond\"]}]},{\"@type\":\"WebPage\",\"@id\":\"https:\\\/\\\/regiaonews.net.br\\\/2022\\\/2021\\\/10\\\/08\\\/deputado-sebastiao-santos-e-vereadores-acompanham-inicio-das-obras-do-reservatorio\\\/\",\"url\":\"https:\\\/\\\/regiaonews.net.br\\\/2022\\\/2021\\\/10\\\/08\\\/deputado-sebastiao-santos-e-vereadores-acompanham-inicio-das-obras-do-reservatorio\\\/\",\"name\":\"Deputado Sebasti\u00e3o Santos e vereadores acompanham in\u00edcio das obras do novo reservat\u00f3rio - Regi\u00e3o News\",\"isPartOf\":{\"@id\":\"https:\\\/\\\/regiaonews.net.br\\\/2022\\\/#website\"},\"primaryImageOfPage\":{\"@id\":\"https:\\\/\\\/regiaonews.net.br\\\/2022\\\/2021\\\/10\\\/08\\\/deputado-sebastiao-santos-e-vereadores-acompanham-inicio-das-obras-do-reservatorio\\\/#primaryimage\"},\"image\":{\"@id\":\"https:\\\/\\\/regiaonews.net.br\\\/2022\\\/2021\\\/10\\\/08\\\/deputado-sebastiao-santos-e-vereadores-acompanham-inicio-das-obras-do-reservatorio\\\/#primaryimage\"},\"thumbnailUrl\":\"https:\\\/\\\/regiaonews.net.br\\\/2022\\\/wp-content\\\/uploads\\\/2021\\\/10\\\/FB_IMG_1633746477518.jpg\",\"datePublished\":\"2021-10-09T02:37:02+00:00\",\"dateModified\":\"2021-10-09T02:38:12+00:00\",\"breadcrumb\":{\"@id\":\"https:\\\/\\\/regiaonews.net.br\\\/2022\\\/2021\\\/10\\\/08\\\/deputado-sebastiao-santos-e-vereadores-acompanham-inicio-das-obras-do-reservatorio\\\/#breadcrumb\"},\"inLanguage\":\"pt-BR\",\"potentialAction\":[{\"@type\":\"ReadAction\",\"target\":[\"https:\\\/\\\/regiaonews.net.br\\\/2022\\\/2021\\\/10\\\/08\\\/deputado-sebastiao-santos-e-vereadores-acompanham-inicio-das-obras-do-reservatorio\\\/\"]}]},{\"@type\":\"ImageObject\",\"inLanguage\":\"pt-BR\",\"@id\":\"https:\\\/\\\/regiaonews.net.br\\\/2022\\\/2021\\\/10\\\/08\\\/deputado-sebastiao-santos-e-vereadores-acompanham-inicio-das-obras-do-reservatorio\\\/#primaryimage\",\"url\":\"https:\\\/\\\/regiaonews.net.br\\\/2022\\\/wp-content\\\/uploads\\\/2021\\\/10\\\/FB_IMG_1633746477518.jpg\",\"contentUrl\":\"https:\\\/\\\/regiaonews.net.br\\\/2022\\\/wp-content\\\/uploads\\\/2021\\\/10\\\/FB_IMG_1633746477518.jpg\",\"width\":1080,\"height\":810},{\"@type\":\"BreadcrumbList\",\"@id\":\"https:\\\/\\\/regiaonews.net.br\\\/2022\\\/2021\\\/10\\\/08\\\/deputado-sebastiao-santos-e-vereadores-acompanham-inicio-das-obras-do-reservatorio\\\/#breadcrumb\",\"itemListElement\":[{\"@type\":\"ListItem\",\"position\":1,\"name\":\"In\u00edcio\",\"item\":\"https:\\\/\\\/regiaonews.net.br\\\/2022\\\/\"},{\"@type\":\"ListItem\",\"position\":2,\"name\":\"Deputado Sebasti\u00e3o Santos e vereadores acompanham in\u00edcio das obras do novo reservat\u00f3rio\"}]},{\"@type\":\"WebSite\",\"@id\":\"https:\\\/\\\/regiaonews.net.br\\\/2022\\\/#website\",\"url\":\"https:\\\/\\\/regiaonews.net.br\\\/2022\\\/\",\"name\":\"Regi\u00e3o News\",\"description\":\"Site de Not\u00edcias de Barretos e regi\u00e3o\",\"publisher\":{\"@id\":\"https:\\\/\\\/regiaonews.net.br\\\/2022\\\/#organization\"},\"potentialAction\":[{\"@type\":\"SearchAction\",\"target\":{\"@type\":\"EntryPoint\",\"urlTemplate\":\"https:\\\/\\\/regiaonews.net.br\\\/2022\\\/?s={search_term_string}\"},\"query-input\":{\"@type\":\"PropertyValueSpecification\",\"valueRequired\":true,\"valueName\":\"search_term_string\"}}],\"inLanguage\":\"pt-BR\"},{\"@type\":\"Organization\",\"@id\":\"https:\\\/\\\/regiaonews.net.br\\\/2022\\\/#organization\",\"name\":\"Regi\u00e3o News\",\"url\":\"https:\\\/\\\/regiaonews.net.br\\\/2022\\\/\",\"logo\":{\"@type\":\"ImageObject\",\"inLanguage\":\"pt-BR\",\"@id\":\"https:\\\/\\\/regiaonews.net.br\\\/2022\\\/#\\\/schema\\\/logo\\\/image\\\/\",\"url\":\"https:\\\/\\\/regiaonews.net.br\\\/2022\\\/wp-content\\\/uploads\\\/2026\\\/03\\\/regiao-13-anos-scaled.jpg\",\"contentUrl\":\"https:\\\/\\\/regiaonews.net.br\\\/2022\\\/wp-content\\\/uploads\\\/2026\\\/03\\\/regiao-13-anos-scaled.jpg\",\"width\":2560,\"height\":635,\"caption\":\"Regi\u00e3o News\"},\"image\":{\"@id\":\"https:\\\/\\\/regiaonews.net.br\\\/2022\\\/#\\\/schema\\\/logo\\\/image\\\/\"}},{\"@type\":\"Person\",\"@id\":\"https:\\\/\\\/regiaonews.net.br\\\/2022\\\/#\\\/schema\\\/person\\\/2d205a608a5aa97ac279d7a5e6d89ad8\",\"name\":\"Roberto\",\"image\":{\"@type\":\"ImageObject\",\"inLanguage\":\"pt-BR\",\"@id\":\"https:\\\/\\\/secure.gravatar.com\\\/avatar\\\/42749d8b712ff9d59ca93dc150494e5b55a44134482993f5baeb97e61b7ecc89?s=96&d=mm&r=g\",\"url\":\"https:\\\/\\\/secure.gravatar.com\\\/avatar\\\/42749d8b712ff9d59ca93dc150494e5b55a44134482993f5baeb97e61b7ecc89?s=96&d=mm&r=g\",\"contentUrl\":\"https:\\\/\\\/secure.gravatar.com\\\/avatar\\\/42749d8b712ff9d59ca93dc150494e5b55a44134482993f5baeb97e61b7ecc89?s=96&d=mm&r=g\",\"caption\":\"Roberto\"},\"url\":\"https:\\\/\\\/regiaonews.net.br\\\/2022\\\/author\\\/roberto\\\/\"}]}<\/script>\n<!-- \/ Yoast SEO plugin. -->","yoast_head_json":{"title":"Deputado Sebasti\u00e3o Santos e vereadores acompanham in\u00edcio das obras do novo reservat\u00f3rio - Regi\u00e3o News","robots":{"index":"index","follow":"follow","max-snippet":"max-snippet:-1","max-image-preview":"max-image-preview:large","max-video-preview":"max-video-preview:-1"},"canonical":"https:\/\/regiaonews.net.br\/2022\/2021\/10\/08\/deputado-sebastiao-santos-e-vereadores-acompanham-inicio-das-obras-do-reservatorio\/","og_locale":"pt_BR","og_type":"article","og_title":"Deputado Sebasti\u00e3o Santos e vereadores acompanham in\u00edcio das obras do novo reservat\u00f3rio - Regi\u00e3o News","og_description":"O deputado estadual, Sebasti\u00e3o Santos (Republicanos), esteve visitando o Distrito","og_url":"https:\/\/regiaonews.net.br\/2022\/2021\/10\/08\/deputado-sebastiao-santos-e-vereadores-acompanham-inicio-das-obras-do-reservatorio\/","og_site_name":"Regi\u00e3o News","article_published_time":"2021-10-09T02:37:02+00:00","article_modified_time":"2021-10-09T02:38:12+00:00","og_image":[{"width":1080,"height":810,"url":"https:\/\/regiaonews.net.br\/2022\/wp-content\/uploads\/2021\/10\/FB_IMG_1633746477518.jpg","type":"image\/jpeg"}],"author":"Roberto","twitter_card":"summary_large_image","twitter_misc":{"Escrito por":"Roberto","Est. tempo de leitura":"1 minuto"},"schema":{"@context":"https:\/\/schema.org","@graph":[{"@type":"Article","@id":"https:\/\/regiaonews.net.br\/2022\/2021\/10\/08\/deputado-sebastiao-santos-e-vereadores-acompanham-inicio-das-obras-do-reservatorio\/#article","isPartOf":{"@id":"https:\/\/regiaonews.net.br\/2022\/2021\/10\/08\/deputado-sebastiao-santos-e-vereadores-acompanham-inicio-das-obras-do-reservatorio\/"},"author":{"name":"Roberto","@id":"https:\/\/regiaonews.net.br\/2022\/#\/schema\/person\/2d205a608a5aa97ac279d7a5e6d89ad8"},"headline":"Deputado Sebasti\u00e3o Santos e vereadores acompanham in\u00edcio das obras do novo reservat\u00f3rio","datePublished":"2021-10-09T02:37:02+00:00","dateModified":"2021-10-09T02:38:12+00:00","mainEntityOfPage":{"@id":"https:\/\/regiaonews.net.br\/2022\/2021\/10\/08\/deputado-sebastiao-santos-e-vereadores-acompanham-inicio-das-obras-do-reservatorio\/"},"wordCount":153,"commentCount":0,"publisher":{"@id":"https:\/\/regiaonews.net.br\/2022\/#organization"},"image":{"@id":"https:\/\/regiaonews.net.br\/2022\/2021\/10\/08\/deputado-sebastiao-santos-e-vereadores-acompanham-inicio-das-obras-do-reservatorio\/#primaryimage"},"thumbnailUrl":"https:\/\/regiaonews.net.br\/2022\/wp-content\/uploads\/2021\/10\/FB_IMG_1633746477518.jpg","articleSection":["Barretos","Cidades","Pol\u00edtica"],"inLanguage":"pt-BR","potentialAction":[{"@type":"CommentAction","name":"Comment","target":["https:\/\/regiaonews.net.br\/2022\/2021\/10\/08\/deputado-sebastiao-santos-e-vereadores-acompanham-inicio-das-obras-do-reservatorio\/#respond"]}]},{"@type":"WebPage","@id":"https:\/\/regiaonews.net.br\/2022\/2021\/10\/08\/deputado-sebastiao-santos-e-vereadores-acompanham-inicio-das-obras-do-reservatorio\/","url":"https:\/\/regiaonews.net.br\/2022\/2021\/10\/08\/deputado-sebastiao-santos-e-vereadores-acompanham-inicio-das-obras-do-reservatorio\/","name":"Deputado Sebasti\u00e3o Santos e vereadores acompanham in\u00edcio das obras do novo reservat\u00f3rio - Regi\u00e3o News","isPartOf":{"@id":"https:\/\/regiaonews.net.br\/2022\/#website"},"primaryImageOfPage":{"@id":"https:\/\/regiaonews.net.br\/2022\/2021\/10\/08\/deputado-sebastiao-santos-e-vereadores-acompanham-inicio-das-obras-do-reservatorio\/#primaryimage"},"image":{"@id":"https:\/\/regiaonews.net.br\/2022\/2021\/10\/08\/deputado-sebastiao-santos-e-vereadores-acompanham-inicio-das-obras-do-reservatorio\/#primaryimage"},"thumbnailUrl":"https:\/\/regiaonews.net.br\/2022\/wp-content\/uploads\/2021\/10\/FB_IMG_1633746477518.jpg","datePublished":"2021-10-09T02:37:02+00:00","dateModified":"2021-10-09T02:38:12+00:00","breadcrumb":{"@id":"https:\/\/regiaonews.net.br\/2022\/2021\/10\/08\/deputado-sebastiao-santos-e-vereadores-acompanham-inicio-das-obras-do-reservatorio\/#breadcrumb"},"inLanguage":"pt-BR","potentialAction":[{"@type":"ReadAction","target":["https:\/\/regiaonews.net.br\/2022\/2021\/10\/08\/deputado-sebastiao-santos-e-vereadores-acompanham-inicio-das-obras-do-reservatorio\/"]}]},{"@type":"ImageObject","inLanguage":"pt-BR","@id":"https:\/\/regiaonews.net.br\/2022\/2021\/10\/08\/deputado-sebastiao-santos-e-vereadores-acompanham-inicio-das-obras-do-reservatorio\/#primaryimage","url":"https:\/\/regiaonews.net.br\/2022\/wp-content\/uploads\/2021\/10\/FB_IMG_1633746477518.jpg","contentUrl":"https:\/\/regiaonews.net.br\/2022\/wp-content\/uploads\/2021\/10\/FB_IMG_1633746477518.jpg","width":1080,"height":810},{"@type":"BreadcrumbList","@id":"https:\/\/regiaonews.net.br\/2022\/2021\/10\/08\/deputado-sebastiao-santos-e-vereadores-acompanham-inicio-das-obras-do-reservatorio\/#breadcrumb","itemListElement":[{"@type":"ListItem","position":1,"name":"In\u00edcio","item":"https:\/\/regiaonews.net.br\/2022\/"},{"@type":"ListItem","position":2,"name":"Deputado Sebasti\u00e3o Santos e vereadores acompanham in\u00edcio das obras do novo reservat\u00f3rio"}]},{"@type":"WebSite","@id":"https:\/\/regiaonews.net.br\/2022\/#website","url":"https:\/\/regiaonews.net.br\/2022\/","name":"Regi\u00e3o News","description":"Site de Not\u00edcias de Barretos e regi\u00e3o","publisher":{"@id":"https:\/\/regiaonews.net.br\/2022\/#organization"},"potentialAction":[{"@type":"SearchAction","target":{"@type":"EntryPoint","urlTemplate":"https:\/\/regiaonews.net.br\/2022\/?s={search_term_string}"},"query-input":{"@type":"PropertyValueSpecification","valueRequired":true,"valueName":"search_term_string"}}],"inLanguage":"pt-BR"},{"@type":"Organization","@id":"https:\/\/regiaonews.net.br\/2022\/#organization","name":"Regi\u00e3o News","url":"https:\/\/regiaonews.net.br\/2022\/","logo":{"@type":"ImageObject","inLanguage":"pt-BR","@id":"https:\/\/regiaonews.net.br\/2022\/#\/schema\/logo\/image\/","url":"https:\/\/regiaonews.net.br\/2022\/wp-content\/uploads\/2026\/03\/regiao-13-anos-scaled.jpg","contentUrl":"https:\/\/regiaonews.net.br\/2022\/wp-content\/uploads\/2026\/03\/regiao-13-anos-scaled.jpg","width":2560,"height":635,"caption":"Regi\u00e3o News"},"image":{"@id":"https:\/\/regiaonews.net.br\/2022\/#\/schema\/logo\/image\/"}},{"@type":"Person","@id":"https:\/\/regiaonews.net.br\/2022\/#\/schema\/person\/2d205a608a5aa97ac279d7a5e6d89ad8","name":"Roberto","image":{"@type":"ImageObject","inLanguage":"pt-BR","@id":"https:\/\/secure.gravatar.com\/avatar\/42749d8b712ff9d59ca93dc150494e5b55a44134482993f5baeb97e61b7ecc89?s=96&d=mm&r=g","url":"https:\/\/secure.gravatar.com\/avatar\/42749d8b712ff9d59ca93dc150494e5b55a44134482993f5baeb97e61b7ecc89?s=96&d=mm&r=g","contentUrl":"https:\/\/secure.gravatar.com\/avatar\/42749d8b712ff9d59ca93dc150494e5b55a44134482993f5baeb97e61b7ecc89?s=96&d=mm&r=g","caption":"Roberto"},"url":"https:\/\/regiaonews.net.br\/2022\/author\/roberto\/"}]}},"publishpress_future_action":{"enabled":false,"date":"2026-05-03 04:35:00","action":"change-status","newStatus":"draft","terms":[],"taxonomy":"category","extraData":[]},"publishpress_future_workflow_manual_trigger":{"enabledWorkflows":[]},"_links":{"self":[{"href":"https:\/\/regiaonews.net.br\/2022\/wp-json\/wp\/v2\/posts\/54549","targetHints":{"allow":["GET"]}}],"collection":[{"href":"https:\/\/regiaonews.net.br\/2022\/wp-json\/wp\/v2\/posts"}],"about":[{"href":"https:\/\/regiaonews.net.br\/2022\/wp-json\/wp\/v2\/types\/post"}],"author":[{"embeddable":true,"href":"https:\/\/regiaonews.net.br\/2022\/wp-json\/wp\/v2\/users\/2"}],"replies":[{"embeddable":true,"href":"https:\/\/regiaonews.net.br\/2022\/wp-json\/wp\/v2\/comments?post=54549"}],"version-history":[{"count":0,"href":"https:\/\/regiaonews.net.br\/2022\/wp-json\/wp\/v2\/posts\/54549\/revisions"}],"wp:featuredmedia":[{"embeddable":true,"href":"https:\/\/regiaonews.net.br\/2022\/wp-json\/wp\/v2\/media\/54550"}],"wp:attachment":[{"href":"https:\/\/regiaonews.net.br\/2022\/wp-json\/wp\/v2\/media?parent=54549"}],"wp:term":[{"taxonomy":"category","embeddable":true,"href":"https:\/\/regiaonews.net.br\/2022\/wp-json\/wp\/v2\/categories?post=54549"},{"taxonomy":"post_tag","embeddable":true,"href":"https:\/\/regiaonews.net.br\/2022\/wp-json\/wp\/v2\/tags?post=54549"}],"curies":[{"name":"wp","href":"https:\/\/api.w.org\/{rel}","templated":true}]}}