{"id":54251,"date":"2021-10-02T09:28:46","date_gmt":"2021-10-02T12:28:46","guid":{"rendered":"https:\/\/regiaonews.net.br\/2022\/?p=54251"},"modified":"2021-10-02T09:28:46","modified_gmt":"2021-10-02T12:28:46","slug":"north-shopping-barretos-recebe-a-2a-exposicao-do-setor-de-eventos-nos-dias-2-e-3-de-outubro","status":"publish","type":"post","link":"https:\/\/regiaonews.net.br\/2022\/2021\/10\/02\/north-shopping-barretos-recebe-a-2a-exposicao-do-setor-de-eventos-nos-dias-2-e-3-de-outubro\/","title":{"rendered":"North Shopping Barretos recebe a 2\u00aa Exposi\u00e7\u00e3o do Setor de Eventos nos dias 2 e 3 de outubro"},"content":{"rendered":"<p><a href=\"https:\/\/regiaonews.net.br\/2022\/wp-content\/uploads\/2021\/10\/WhatsApp-Image-2021-10-02-at-09.24.08-1.jpeg\"><img loading=\"lazy\" decoding=\"async\" class=\"alignnone size-medium wp-image-54252\" src=\"https:\/\/regiaonews.net.br\/2022\/wp-content\/uploads\/2021\/10\/WhatsApp-Image-2021-10-02-at-09.24.08-1-300x225.jpeg\" alt=\"\" width=\"300\" height=\"225\" \/><\/a> <a href=\"https:\/\/regiaonews.net.br\/2022\/wp-content\/uploads\/2021\/10\/WhatsApp-Image-2021-10-02-at-09.24.08-2.jpeg\"><img loading=\"lazy\" decoding=\"async\" class=\"alignnone size-medium wp-image-54253\" src=\"https:\/\/regiaonews.net.br\/2022\/wp-content\/uploads\/2021\/10\/WhatsApp-Image-2021-10-02-at-09.24.08-2-300x225.jpeg\" alt=\"\" width=\"300\" height=\"225\" \/><\/a> <a href=\"https:\/\/regiaonews.net.br\/2022\/wp-content\/uploads\/2021\/10\/WhatsApp-Image-2021-10-02-at-09.24.08.jpeg\"><img loading=\"lazy\" decoding=\"async\" class=\"alignnone size-medium wp-image-54254\" src=\"https:\/\/regiaonews.net.br\/2022\/wp-content\/uploads\/2021\/10\/WhatsApp-Image-2021-10-02-at-09.24.08-300x225.jpeg\" alt=\"\" width=\"300\" height=\"225\" \/><\/a> <a href=\"https:\/\/regiaonews.net.br\/2022\/wp-content\/uploads\/2021\/10\/WhatsApp-Image-2021-10-02-at-09.24.09-1.jpeg\"><img loading=\"lazy\" decoding=\"async\" class=\"alignnone size-medium wp-image-54255\" src=\"https:\/\/regiaonews.net.br\/2022\/wp-content\/uploads\/2021\/10\/WhatsApp-Image-2021-10-02-at-09.24.09-1-300x225.jpeg\" alt=\"\" width=\"300\" height=\"225\" \/><\/a> <a href=\"https:\/\/regiaonews.net.br\/2022\/wp-content\/uploads\/2021\/10\/WhatsApp-Image-2021-10-02-at-09.24.09-2.jpeg\"><img loading=\"lazy\" decoding=\"async\" class=\"alignnone size-medium wp-image-54256\" src=\"https:\/\/regiaonews.net.br\/2022\/wp-content\/uploads\/2021\/10\/WhatsApp-Image-2021-10-02-at-09.24.09-2-300x225.jpeg\" alt=\"\" width=\"300\" height=\"225\" \/><\/a><\/p>\n<p>Profissionais de empresas que trabalham com eventos, de cerimonialista a buffet e decora\u00e7\u00e3o, e pessoas que est\u00e3o programando casamento, anivers\u00e1rio, batizado, noivado, formatura e qualquer outro tipo de festa, poder\u00e3o conferir a Segunda Edi\u00e7\u00e3o da exposi\u00e7\u00e3o que trar\u00e1 as novidades do Setor nos dias 2 e 3 de outubro, no North Shopping Barretos, \u00e9 a 2\u00aa Mostra de Festas Infantis, realizada pela empresa Ana Ara\u00fajo Eventos, a Exposi\u00e7\u00e3o poder\u00e1 ser visitada gratuitamente na pra\u00e7a de eventos, em frente \u00e0 loja Riachuelo.<br \/>\nJ\u00e1 est\u00e3o confirmados na mostra, al\u00e9m da Ana Ara\u00fajo Eventos, L&amp;M Eventos, Ana Flor \u2013Decora\u00e7\u00e3o de Eventos, Rotat\u00f3ria da Alegria, Ateli\u00ea Taty Decora\u00e7\u00f5es, Biscuits Simone Darli Diniz, Suspiros Taty Marconi, Espa\u00e7o Kerine Festas e Eventos, Fabiana Carvalho Doces Personalizados, Tchocomel, Boutique de Mimos por Carla Caj\u00e9, Bruna Jorgetto \u2013 Doces, Tati Gambirasi Doces, Artes da Shay Biscuit, Claudia Queiroz Moda Kids, Andrea Bal\u00f5es, Stuque Comunica\u00e7\u00e3o Visual, Papillon Buffet e Decora\u00e7ao por Daniela Zacri, Vanessa Revolta Confeitaria, Top Festa, Turma da Alegria, Villa Baboo Buffet, Studio Lari Fotos..<\/p>\n","protected":false},"excerpt":{"rendered":"<p>Profissionais de empresas que trabalham com eventos, de cerimonialista a<\/p>\n","protected":false},"author":2,"featured_media":54254,"comment_status":"open","ping_status":"open","sticky":false,"template":"","format":"standard","meta":{"footnotes":""},"categories":[14,25],"tags":[],"class_list":["post-54251","post","type-post","status-publish","format-standard","has-post-thumbnail","hentry","category-barretos","category-cidades"],"yoast_head":"<!-- This site is optimized with the Yoast SEO plugin v27.4 - https:\/\/yoast.com\/product\/yoast-seo-wordpress\/ -->\n<title>North Shopping Barretos recebe a 2\u00aa Exposi\u00e7\u00e3o do Setor de Eventos nos dias 2 e 3 de outubro - Regi\u00e3o News<\/title>\n<meta name=\"robots\" content=\"index, follow, max-snippet:-1, max-image-preview:large, max-video-preview:-1\" \/>\n<link rel=\"canonical\" href=\"https:\/\/regiaonews.net.br\/2022\/2021\/10\/02\/north-shopping-barretos-recebe-a-2a-exposicao-do-setor-de-eventos-nos-dias-2-e-3-de-outubro\/\" \/>\n<meta property=\"og:locale\" content=\"pt_BR\" \/>\n<meta property=\"og:type\" content=\"article\" \/>\n<meta property=\"og:title\" content=\"North Shopping Barretos recebe a 2\u00aa Exposi\u00e7\u00e3o do Setor de Eventos nos dias 2 e 3 de outubro - Regi\u00e3o News\" \/>\n<meta property=\"og:description\" content=\"Profissionais de empresas que trabalham com eventos, de cerimonialista a\" \/>\n<meta property=\"og:url\" content=\"https:\/\/regiaonews.net.br\/2022\/2021\/10\/02\/north-shopping-barretos-recebe-a-2a-exposicao-do-setor-de-eventos-nos-dias-2-e-3-de-outubro\/\" \/>\n<meta property=\"og:site_name\" content=\"Regi\u00e3o News\" \/>\n<meta property=\"article:published_time\" content=\"2021-10-02T12:28:46+00:00\" \/>\n<meta property=\"og:image\" content=\"https:\/\/regiaonews.net.br\/2022\/wp-content\/uploads\/2021\/10\/WhatsApp-Image-2021-10-02-at-09.24.08.jpeg\" \/>\n\t<meta property=\"og:image:width\" content=\"1600\" \/>\n\t<meta property=\"og:image:height\" content=\"1200\" \/>\n\t<meta property=\"og:image:type\" content=\"image\/jpeg\" \/>\n<meta name=\"author\" content=\"Roberto\" \/>\n<meta name=\"twitter:card\" content=\"summary_large_image\" \/>\n<meta name=\"twitter:label1\" content=\"Escrito por\" \/>\n\t<meta name=\"twitter:data1\" content=\"Roberto\" \/>\n\t<meta name=\"twitter:label2\" content=\"Est. tempo de leitura\" \/>\n\t<meta name=\"twitter:data2\" content=\"1 minuto\" \/>\n<script type=\"application\/ld+json\" class=\"yoast-schema-graph\">{\"@context\":\"https:\\\/\\\/schema.org\",\"@graph\":[{\"@type\":\"Article\",\"@id\":\"https:\\\/\\\/regiaonews.net.br\\\/2022\\\/2021\\\/10\\\/02\\\/north-shopping-barretos-recebe-a-2a-exposicao-do-setor-de-eventos-nos-dias-2-e-3-de-outubro\\\/#article\",\"isPartOf\":{\"@id\":\"https:\\\/\\\/regiaonews.net.br\\\/2022\\\/2021\\\/10\\\/02\\\/north-shopping-barretos-recebe-a-2a-exposicao-do-setor-de-eventos-nos-dias-2-e-3-de-outubro\\\/\"},\"author\":{\"name\":\"Roberto\",\"@id\":\"https:\\\/\\\/regiaonews.net.br\\\/2022\\\/#\\\/schema\\\/person\\\/2d205a608a5aa97ac279d7a5e6d89ad8\"},\"headline\":\"North Shopping Barretos recebe a 2\u00aa Exposi\u00e7\u00e3o do Setor de Eventos nos dias 2 e 3 de outubro\",\"datePublished\":\"2021-10-02T12:28:46+00:00\",\"mainEntityOfPage\":{\"@id\":\"https:\\\/\\\/regiaonews.net.br\\\/2022\\\/2021\\\/10\\\/02\\\/north-shopping-barretos-recebe-a-2a-exposicao-do-setor-de-eventos-nos-dias-2-e-3-de-outubro\\\/\"},\"wordCount\":199,\"commentCount\":0,\"publisher\":{\"@id\":\"https:\\\/\\\/regiaonews.net.br\\\/2022\\\/#organization\"},\"image\":{\"@id\":\"https:\\\/\\\/regiaonews.net.br\\\/2022\\\/2021\\\/10\\\/02\\\/north-shopping-barretos-recebe-a-2a-exposicao-do-setor-de-eventos-nos-dias-2-e-3-de-outubro\\\/#primaryimage\"},\"thumbnailUrl\":\"https:\\\/\\\/regiaonews.net.br\\\/2022\\\/wp-content\\\/uploads\\\/2021\\\/10\\\/WhatsApp-Image-2021-10-02-at-09.24.08.jpeg\",\"articleSection\":[\"Barretos\",\"Cidades\"],\"inLanguage\":\"pt-BR\",\"potentialAction\":[{\"@type\":\"CommentAction\",\"name\":\"Comment\",\"target\":[\"https:\\\/\\\/regiaonews.net.br\\\/2022\\\/2021\\\/10\\\/02\\\/north-shopping-barretos-recebe-a-2a-exposicao-do-setor-de-eventos-nos-dias-2-e-3-de-outubro\\\/#respond\"]}]},{\"@type\":\"WebPage\",\"@id\":\"https:\\\/\\\/regiaonews.net.br\\\/2022\\\/2021\\\/10\\\/02\\\/north-shopping-barretos-recebe-a-2a-exposicao-do-setor-de-eventos-nos-dias-2-e-3-de-outubro\\\/\",\"url\":\"https:\\\/\\\/regiaonews.net.br\\\/2022\\\/2021\\\/10\\\/02\\\/north-shopping-barretos-recebe-a-2a-exposicao-do-setor-de-eventos-nos-dias-2-e-3-de-outubro\\\/\",\"name\":\"North Shopping Barretos recebe a 2\u00aa Exposi\u00e7\u00e3o do Setor de Eventos nos dias 2 e 3 de outubro - Regi\u00e3o News\",\"isPartOf\":{\"@id\":\"https:\\\/\\\/regiaonews.net.br\\\/2022\\\/#website\"},\"primaryImageOfPage\":{\"@id\":\"https:\\\/\\\/regiaonews.net.br\\\/2022\\\/2021\\\/10\\\/02\\\/north-shopping-barretos-recebe-a-2a-exposicao-do-setor-de-eventos-nos-dias-2-e-3-de-outubro\\\/#primaryimage\"},\"image\":{\"@id\":\"https:\\\/\\\/regiaonews.net.br\\\/2022\\\/2021\\\/10\\\/02\\\/north-shopping-barretos-recebe-a-2a-exposicao-do-setor-de-eventos-nos-dias-2-e-3-de-outubro\\\/#primaryimage\"},\"thumbnailUrl\":\"https:\\\/\\\/regiaonews.net.br\\\/2022\\\/wp-content\\\/uploads\\\/2021\\\/10\\\/WhatsApp-Image-2021-10-02-at-09.24.08.jpeg\",\"datePublished\":\"2021-10-02T12:28:46+00:00\",\"breadcrumb\":{\"@id\":\"https:\\\/\\\/regiaonews.net.br\\\/2022\\\/2021\\\/10\\\/02\\\/north-shopping-barretos-recebe-a-2a-exposicao-do-setor-de-eventos-nos-dias-2-e-3-de-outubro\\\/#breadcrumb\"},\"inLanguage\":\"pt-BR\",\"potentialAction\":[{\"@type\":\"ReadAction\",\"target\":[\"https:\\\/\\\/regiaonews.net.br\\\/2022\\\/2021\\\/10\\\/02\\\/north-shopping-barretos-recebe-a-2a-exposicao-do-setor-de-eventos-nos-dias-2-e-3-de-outubro\\\/\"]}]},{\"@type\":\"ImageObject\",\"inLanguage\":\"pt-BR\",\"@id\":\"https:\\\/\\\/regiaonews.net.br\\\/2022\\\/2021\\\/10\\\/02\\\/north-shopping-barretos-recebe-a-2a-exposicao-do-setor-de-eventos-nos-dias-2-e-3-de-outubro\\\/#primaryimage\",\"url\":\"https:\\\/\\\/regiaonews.net.br\\\/2022\\\/wp-content\\\/uploads\\\/2021\\\/10\\\/WhatsApp-Image-2021-10-02-at-09.24.08.jpeg\",\"contentUrl\":\"https:\\\/\\\/regiaonews.net.br\\\/2022\\\/wp-content\\\/uploads\\\/2021\\\/10\\\/WhatsApp-Image-2021-10-02-at-09.24.08.jpeg\",\"width\":1600,\"height\":1200},{\"@type\":\"BreadcrumbList\",\"@id\":\"https:\\\/\\\/regiaonews.net.br\\\/2022\\\/2021\\\/10\\\/02\\\/north-shopping-barretos-recebe-a-2a-exposicao-do-setor-de-eventos-nos-dias-2-e-3-de-outubro\\\/#breadcrumb\",\"itemListElement\":[{\"@type\":\"ListItem\",\"position\":1,\"name\":\"In\u00edcio\",\"item\":\"https:\\\/\\\/regiaonews.net.br\\\/2022\\\/\"},{\"@type\":\"ListItem\",\"position\":2,\"name\":\"North Shopping Barretos recebe a 2\u00aa Exposi\u00e7\u00e3o do Setor de Eventos nos dias 2 e 3 de outubro\"}]},{\"@type\":\"WebSite\",\"@id\":\"https:\\\/\\\/regiaonews.net.br\\\/2022\\\/#website\",\"url\":\"https:\\\/\\\/regiaonews.net.br\\\/2022\\\/\",\"name\":\"Regi\u00e3o News\",\"description\":\"Site de Not\u00edcias de Barretos e regi\u00e3o\",\"publisher\":{\"@id\":\"https:\\\/\\\/regiaonews.net.br\\\/2022\\\/#organization\"},\"potentialAction\":[{\"@type\":\"SearchAction\",\"target\":{\"@type\":\"EntryPoint\",\"urlTemplate\":\"https:\\\/\\\/regiaonews.net.br\\\/2022\\\/?s={search_term_string}\"},\"query-input\":{\"@type\":\"PropertyValueSpecification\",\"valueRequired\":true,\"valueName\":\"search_term_string\"}}],\"inLanguage\":\"pt-BR\"},{\"@type\":\"Organization\",\"@id\":\"https:\\\/\\\/regiaonews.net.br\\\/2022\\\/#organization\",\"name\":\"Regi\u00e3o News\",\"url\":\"https:\\\/\\\/regiaonews.net.br\\\/2022\\\/\",\"logo\":{\"@type\":\"ImageObject\",\"inLanguage\":\"pt-BR\",\"@id\":\"https:\\\/\\\/regiaonews.net.br\\\/2022\\\/#\\\/schema\\\/logo\\\/image\\\/\",\"url\":\"https:\\\/\\\/regiaonews.net.br\\\/2022\\\/wp-content\\\/uploads\\\/2026\\\/03\\\/regiao-13-anos-scaled.jpg\",\"contentUrl\":\"https:\\\/\\\/regiaonews.net.br\\\/2022\\\/wp-content\\\/uploads\\\/2026\\\/03\\\/regiao-13-anos-scaled.jpg\",\"width\":2560,\"height\":635,\"caption\":\"Regi\u00e3o News\"},\"image\":{\"@id\":\"https:\\\/\\\/regiaonews.net.br\\\/2022\\\/#\\\/schema\\\/logo\\\/image\\\/\"}},{\"@type\":\"Person\",\"@id\":\"https:\\\/\\\/regiaonews.net.br\\\/2022\\\/#\\\/schema\\\/person\\\/2d205a608a5aa97ac279d7a5e6d89ad8\",\"name\":\"Roberto\",\"image\":{\"@type\":\"ImageObject\",\"inLanguage\":\"pt-BR\",\"@id\":\"https:\\\/\\\/secure.gravatar.com\\\/avatar\\\/42749d8b712ff9d59ca93dc150494e5b55a44134482993f5baeb97e61b7ecc89?s=96&d=mm&r=g\",\"url\":\"https:\\\/\\\/secure.gravatar.com\\\/avatar\\\/42749d8b712ff9d59ca93dc150494e5b55a44134482993f5baeb97e61b7ecc89?s=96&d=mm&r=g\",\"contentUrl\":\"https:\\\/\\\/secure.gravatar.com\\\/avatar\\\/42749d8b712ff9d59ca93dc150494e5b55a44134482993f5baeb97e61b7ecc89?s=96&d=mm&r=g\",\"caption\":\"Roberto\"},\"url\":\"https:\\\/\\\/regiaonews.net.br\\\/2022\\\/author\\\/roberto\\\/\"}]}<\/script>\n<!-- \/ Yoast SEO plugin. -->","yoast_head_json":{"title":"North Shopping Barretos recebe a 2\u00aa Exposi\u00e7\u00e3o do Setor de Eventos nos dias 2 e 3 de outubro - Regi\u00e3o News","robots":{"index":"index","follow":"follow","max-snippet":"max-snippet:-1","max-image-preview":"max-image-preview:large","max-video-preview":"max-video-preview:-1"},"canonical":"https:\/\/regiaonews.net.br\/2022\/2021\/10\/02\/north-shopping-barretos-recebe-a-2a-exposicao-do-setor-de-eventos-nos-dias-2-e-3-de-outubro\/","og_locale":"pt_BR","og_type":"article","og_title":"North Shopping Barretos recebe a 2\u00aa Exposi\u00e7\u00e3o do Setor de Eventos nos dias 2 e 3 de outubro - Regi\u00e3o News","og_description":"Profissionais de empresas que trabalham com eventos, de cerimonialista a","og_url":"https:\/\/regiaonews.net.br\/2022\/2021\/10\/02\/north-shopping-barretos-recebe-a-2a-exposicao-do-setor-de-eventos-nos-dias-2-e-3-de-outubro\/","og_site_name":"Regi\u00e3o News","article_published_time":"2021-10-02T12:28:46+00:00","og_image":[{"width":1600,"height":1200,"url":"https:\/\/regiaonews.net.br\/2022\/wp-content\/uploads\/2021\/10\/WhatsApp-Image-2021-10-02-at-09.24.08.jpeg","type":"image\/jpeg"}],"author":"Roberto","twitter_card":"summary_large_image","twitter_misc":{"Escrito por":"Roberto","Est. tempo de leitura":"1 minuto"},"schema":{"@context":"https:\/\/schema.org","@graph":[{"@type":"Article","@id":"https:\/\/regiaonews.net.br\/2022\/2021\/10\/02\/north-shopping-barretos-recebe-a-2a-exposicao-do-setor-de-eventos-nos-dias-2-e-3-de-outubro\/#article","isPartOf":{"@id":"https:\/\/regiaonews.net.br\/2022\/2021\/10\/02\/north-shopping-barretos-recebe-a-2a-exposicao-do-setor-de-eventos-nos-dias-2-e-3-de-outubro\/"},"author":{"name":"Roberto","@id":"https:\/\/regiaonews.net.br\/2022\/#\/schema\/person\/2d205a608a5aa97ac279d7a5e6d89ad8"},"headline":"North Shopping Barretos recebe a 2\u00aa Exposi\u00e7\u00e3o do Setor de Eventos nos dias 2 e 3 de outubro","datePublished":"2021-10-02T12:28:46+00:00","mainEntityOfPage":{"@id":"https:\/\/regiaonews.net.br\/2022\/2021\/10\/02\/north-shopping-barretos-recebe-a-2a-exposicao-do-setor-de-eventos-nos-dias-2-e-3-de-outubro\/"},"wordCount":199,"commentCount":0,"publisher":{"@id":"https:\/\/regiaonews.net.br\/2022\/#organization"},"image":{"@id":"https:\/\/regiaonews.net.br\/2022\/2021\/10\/02\/north-shopping-barretos-recebe-a-2a-exposicao-do-setor-de-eventos-nos-dias-2-e-3-de-outubro\/#primaryimage"},"thumbnailUrl":"https:\/\/regiaonews.net.br\/2022\/wp-content\/uploads\/2021\/10\/WhatsApp-Image-2021-10-02-at-09.24.08.jpeg","articleSection":["Barretos","Cidades"],"inLanguage":"pt-BR","potentialAction":[{"@type":"CommentAction","name":"Comment","target":["https:\/\/regiaonews.net.br\/2022\/2021\/10\/02\/north-shopping-barretos-recebe-a-2a-exposicao-do-setor-de-eventos-nos-dias-2-e-3-de-outubro\/#respond"]}]},{"@type":"WebPage","@id":"https:\/\/regiaonews.net.br\/2022\/2021\/10\/02\/north-shopping-barretos-recebe-a-2a-exposicao-do-setor-de-eventos-nos-dias-2-e-3-de-outubro\/","url":"https:\/\/regiaonews.net.br\/2022\/2021\/10\/02\/north-shopping-barretos-recebe-a-2a-exposicao-do-setor-de-eventos-nos-dias-2-e-3-de-outubro\/","name":"North Shopping Barretos recebe a 2\u00aa Exposi\u00e7\u00e3o do Setor de Eventos nos dias 2 e 3 de outubro - Regi\u00e3o News","isPartOf":{"@id":"https:\/\/regiaonews.net.br\/2022\/#website"},"primaryImageOfPage":{"@id":"https:\/\/regiaonews.net.br\/2022\/2021\/10\/02\/north-shopping-barretos-recebe-a-2a-exposicao-do-setor-de-eventos-nos-dias-2-e-3-de-outubro\/#primaryimage"},"image":{"@id":"https:\/\/regiaonews.net.br\/2022\/2021\/10\/02\/north-shopping-barretos-recebe-a-2a-exposicao-do-setor-de-eventos-nos-dias-2-e-3-de-outubro\/#primaryimage"},"thumbnailUrl":"https:\/\/regiaonews.net.br\/2022\/wp-content\/uploads\/2021\/10\/WhatsApp-Image-2021-10-02-at-09.24.08.jpeg","datePublished":"2021-10-02T12:28:46+00:00","breadcrumb":{"@id":"https:\/\/regiaonews.net.br\/2022\/2021\/10\/02\/north-shopping-barretos-recebe-a-2a-exposicao-do-setor-de-eventos-nos-dias-2-e-3-de-outubro\/#breadcrumb"},"inLanguage":"pt-BR","potentialAction":[{"@type":"ReadAction","target":["https:\/\/regiaonews.net.br\/2022\/2021\/10\/02\/north-shopping-barretos-recebe-a-2a-exposicao-do-setor-de-eventos-nos-dias-2-e-3-de-outubro\/"]}]},{"@type":"ImageObject","inLanguage":"pt-BR","@id":"https:\/\/regiaonews.net.br\/2022\/2021\/10\/02\/north-shopping-barretos-recebe-a-2a-exposicao-do-setor-de-eventos-nos-dias-2-e-3-de-outubro\/#primaryimage","url":"https:\/\/regiaonews.net.br\/2022\/wp-content\/uploads\/2021\/10\/WhatsApp-Image-2021-10-02-at-09.24.08.jpeg","contentUrl":"https:\/\/regiaonews.net.br\/2022\/wp-content\/uploads\/2021\/10\/WhatsApp-Image-2021-10-02-at-09.24.08.jpeg","width":1600,"height":1200},{"@type":"BreadcrumbList","@id":"https:\/\/regiaonews.net.br\/2022\/2021\/10\/02\/north-shopping-barretos-recebe-a-2a-exposicao-do-setor-de-eventos-nos-dias-2-e-3-de-outubro\/#breadcrumb","itemListElement":[{"@type":"ListItem","position":1,"name":"In\u00edcio","item":"https:\/\/regiaonews.net.br\/2022\/"},{"@type":"ListItem","position":2,"name":"North Shopping Barretos recebe a 2\u00aa Exposi\u00e7\u00e3o do Setor de Eventos nos dias 2 e 3 de outubro"}]},{"@type":"WebSite","@id":"https:\/\/regiaonews.net.br\/2022\/#website","url":"https:\/\/regiaonews.net.br\/2022\/","name":"Regi\u00e3o News","description":"Site de Not\u00edcias de Barretos e regi\u00e3o","publisher":{"@id":"https:\/\/regiaonews.net.br\/2022\/#organization"},"potentialAction":[{"@type":"SearchAction","target":{"@type":"EntryPoint","urlTemplate":"https:\/\/regiaonews.net.br\/2022\/?s={search_term_string}"},"query-input":{"@type":"PropertyValueSpecification","valueRequired":true,"valueName":"search_term_string"}}],"inLanguage":"pt-BR"},{"@type":"Organization","@id":"https:\/\/regiaonews.net.br\/2022\/#organization","name":"Regi\u00e3o News","url":"https:\/\/regiaonews.net.br\/2022\/","logo":{"@type":"ImageObject","inLanguage":"pt-BR","@id":"https:\/\/regiaonews.net.br\/2022\/#\/schema\/logo\/image\/","url":"https:\/\/regiaonews.net.br\/2022\/wp-content\/uploads\/2026\/03\/regiao-13-anos-scaled.jpg","contentUrl":"https:\/\/regiaonews.net.br\/2022\/wp-content\/uploads\/2026\/03\/regiao-13-anos-scaled.jpg","width":2560,"height":635,"caption":"Regi\u00e3o News"},"image":{"@id":"https:\/\/regiaonews.net.br\/2022\/#\/schema\/logo\/image\/"}},{"@type":"Person","@id":"https:\/\/regiaonews.net.br\/2022\/#\/schema\/person\/2d205a608a5aa97ac279d7a5e6d89ad8","name":"Roberto","image":{"@type":"ImageObject","inLanguage":"pt-BR","@id":"https:\/\/secure.gravatar.com\/avatar\/42749d8b712ff9d59ca93dc150494e5b55a44134482993f5baeb97e61b7ecc89?s=96&d=mm&r=g","url":"https:\/\/secure.gravatar.com\/avatar\/42749d8b712ff9d59ca93dc150494e5b55a44134482993f5baeb97e61b7ecc89?s=96&d=mm&r=g","contentUrl":"https:\/\/secure.gravatar.com\/avatar\/42749d8b712ff9d59ca93dc150494e5b55a44134482993f5baeb97e61b7ecc89?s=96&d=mm&r=g","caption":"Roberto"},"url":"https:\/\/regiaonews.net.br\/2022\/author\/roberto\/"}]}},"publishpress_future_action":{"enabled":false,"date":"2026-05-03 06:31:59","action":"change-status","newStatus":"draft","terms":[],"taxonomy":"category","extraData":[]},"publishpress_future_workflow_manual_trigger":{"enabledWorkflows":[]},"_links":{"self":[{"href":"https:\/\/regiaonews.net.br\/2022\/wp-json\/wp\/v2\/posts\/54251","targetHints":{"allow":["GET"]}}],"collection":[{"href":"https:\/\/regiaonews.net.br\/2022\/wp-json\/wp\/v2\/posts"}],"about":[{"href":"https:\/\/regiaonews.net.br\/2022\/wp-json\/wp\/v2\/types\/post"}],"author":[{"embeddable":true,"href":"https:\/\/regiaonews.net.br\/2022\/wp-json\/wp\/v2\/users\/2"}],"replies":[{"embeddable":true,"href":"https:\/\/regiaonews.net.br\/2022\/wp-json\/wp\/v2\/comments?post=54251"}],"version-history":[{"count":0,"href":"https:\/\/regiaonews.net.br\/2022\/wp-json\/wp\/v2\/posts\/54251\/revisions"}],"wp:featuredmedia":[{"embeddable":true,"href":"https:\/\/regiaonews.net.br\/2022\/wp-json\/wp\/v2\/media\/54254"}],"wp:attachment":[{"href":"https:\/\/regiaonews.net.br\/2022\/wp-json\/wp\/v2\/media?parent=54251"}],"wp:term":[{"taxonomy":"category","embeddable":true,"href":"https:\/\/regiaonews.net.br\/2022\/wp-json\/wp\/v2\/categories?post=54251"},{"taxonomy":"post_tag","embeddable":true,"href":"https:\/\/regiaonews.net.br\/2022\/wp-json\/wp\/v2\/tags?post=54251"}],"curies":[{"name":"wp","href":"https:\/\/api.w.org\/{rel}","templated":true}]}}