{"id":54241,"date":"2021-10-02T08:40:15","date_gmt":"2021-10-02T11:40:15","guid":{"rendered":"https:\/\/regiaonews.net.br\/2022\/?p=54241"},"modified":"2021-10-02T08:40:15","modified_gmt":"2021-10-02T11:40:15","slug":"consorcio-empreendedor-realizou-terceira-reuniao-com-prefeitos-e-contempla-municipios-com-consultorias","status":"publish","type":"post","link":"https:\/\/regiaonews.net.br\/2022\/2021\/10\/02\/consorcio-empreendedor-realizou-terceira-reuniao-com-prefeitos-e-contempla-municipios-com-consultorias\/","title":{"rendered":"Cons\u00f3rcio Empreendedor realizou terceira reuni\u00e3o  com prefeitos e contempla munic\u00edpios com consultorias"},"content":{"rendered":"<p><a href=\"https:\/\/regiaonews.net.br\/2022\/wp-content\/uploads\/2021\/10\/prefeitos-1.jpg\"><img loading=\"lazy\" decoding=\"async\" class=\"alignnone size-medium wp-image-54242\" src=\"https:\/\/regiaonews.net.br\/2022\/wp-content\/uploads\/2021\/10\/prefeitos-1-300x225.jpg\" alt=\"\" width=\"300\" height=\"225\" \/><\/a> <a href=\"https:\/\/regiaonews.net.br\/2022\/wp-content\/uploads\/2021\/10\/prefeitos.jpg\"><img loading=\"lazy\" decoding=\"async\" class=\"alignnone size-medium wp-image-54243\" src=\"https:\/\/regiaonews.net.br\/2022\/wp-content\/uploads\/2021\/10\/prefeitos-300x225.jpg\" alt=\"\" width=\"300\" height=\"225\" \/><\/a><\/p>\n<p><strong>Foto \u2013 Prefeitos reunidos em Colina manh\u00e3 de ontem <\/strong><\/p>\n<p>Na manh\u00e3 de ontem, aconteceu na sede do Gr\u00eamio de Col\u00eena, uma reuni\u00e3o do Programa de Articula\u00e7\u00e3o Regional de Pol\u00edticas P\u00fablicas, desenvolvido pelo Sebrae, com as prefeituras da 13\u00aa Regi\u00e3o Administrativa. O evento reuniu 10 prefeitos, seis vice-prefeitos e 99 pessoas ao todo no encontro.\u00a0 Segundo a analista do Sebrae, Margareth Kavaguti, esse programa trabalha os eixos de inclus\u00e3o produtiva, governan\u00e7a, desburocratiza\u00e7\u00e3o e contas p\u00fablicas. \u201cS\u00e3o 13 produtos que o Sebrae vai trabalhar diretamente com as prefeituras e os munic\u00edpios ser\u00e3o atendidos por consultores e os produtos que demonstraram interesse\u201d, explicou Margareth.<\/p>\n<p>Segundo a analista, os prefeitos presentes receberam um voucher com as consultorias que os munic\u00edpios foram contemplados, atrav\u00e9s de consultores da FESP (Funda\u00e7\u00e3o do Estado de S\u00e3o Paulo) \u201cA partir de agora, os munic\u00edpios ir\u00e3o definir como ir\u00e3o receber esses consultores, atrav\u00e9s de consultorias individuais ou coletiva, onde ser\u00e1 feito um diagn\u00f3stico e acompanhamento dentro do programa Cons\u00f3rcio Empreendedor\u201d, afirmou Margareth.<\/p>\n","protected":false},"excerpt":{"rendered":"<p>Foto \u2013 Prefeitos reunidos em Colina manh\u00e3 de ontem Na<\/p>\n","protected":false},"author":2,"featured_media":54243,"comment_status":"open","ping_status":"open","sticky":false,"template":"","format":"standard","meta":{"footnotes":""},"categories":[25,5],"tags":[],"class_list":["post-54241","post","type-post","status-publish","format-standard","has-post-thumbnail","hentry","category-cidades","category-colina"],"yoast_head":"<!-- This site is optimized with the Yoast SEO plugin v27.4 - https:\/\/yoast.com\/product\/yoast-seo-wordpress\/ -->\n<title>Cons\u00f3rcio Empreendedor realizou terceira reuni\u00e3o com prefeitos e contempla munic\u00edpios com consultorias - Regi\u00e3o News<\/title>\n<meta name=\"robots\" content=\"index, follow, max-snippet:-1, max-image-preview:large, max-video-preview:-1\" \/>\n<link rel=\"canonical\" href=\"https:\/\/regiaonews.net.br\/2022\/2021\/10\/02\/consorcio-empreendedor-realizou-terceira-reuniao-com-prefeitos-e-contempla-municipios-com-consultorias\/\" \/>\n<meta property=\"og:locale\" content=\"pt_BR\" \/>\n<meta property=\"og:type\" content=\"article\" \/>\n<meta property=\"og:title\" content=\"Cons\u00f3rcio Empreendedor realizou terceira reuni\u00e3o com prefeitos e contempla munic\u00edpios com consultorias - Regi\u00e3o News\" \/>\n<meta property=\"og:description\" content=\"Foto \u2013 Prefeitos reunidos em Colina manh\u00e3 de ontem Na\" \/>\n<meta property=\"og:url\" content=\"https:\/\/regiaonews.net.br\/2022\/2021\/10\/02\/consorcio-empreendedor-realizou-terceira-reuniao-com-prefeitos-e-contempla-municipios-com-consultorias\/\" \/>\n<meta property=\"og:site_name\" content=\"Regi\u00e3o News\" \/>\n<meta property=\"article:published_time\" content=\"2021-10-02T11:40:15+00:00\" \/>\n<meta property=\"og:image\" content=\"https:\/\/regiaonews.net.br\/2022\/wp-content\/uploads\/2021\/10\/prefeitos.jpg\" \/>\n\t<meta property=\"og:image:width\" content=\"1600\" \/>\n\t<meta property=\"og:image:height\" content=\"1200\" \/>\n\t<meta property=\"og:image:type\" content=\"image\/jpeg\" \/>\n<meta name=\"author\" content=\"Roberto\" \/>\n<meta name=\"twitter:card\" content=\"summary_large_image\" \/>\n<meta name=\"twitter:label1\" content=\"Escrito por\" \/>\n\t<meta name=\"twitter:data1\" content=\"Roberto\" \/>\n\t<meta name=\"twitter:label2\" content=\"Est. tempo de leitura\" \/>\n\t<meta name=\"twitter:data2\" content=\"1 minuto\" \/>\n<script type=\"application\/ld+json\" class=\"yoast-schema-graph\">{\"@context\":\"https:\\\/\\\/schema.org\",\"@graph\":[{\"@type\":\"Article\",\"@id\":\"https:\\\/\\\/regiaonews.net.br\\\/2022\\\/2021\\\/10\\\/02\\\/consorcio-empreendedor-realizou-terceira-reuniao-com-prefeitos-e-contempla-municipios-com-consultorias\\\/#article\",\"isPartOf\":{\"@id\":\"https:\\\/\\\/regiaonews.net.br\\\/2022\\\/2021\\\/10\\\/02\\\/consorcio-empreendedor-realizou-terceira-reuniao-com-prefeitos-e-contempla-municipios-com-consultorias\\\/\"},\"author\":{\"name\":\"Roberto\",\"@id\":\"https:\\\/\\\/regiaonews.net.br\\\/2022\\\/#\\\/schema\\\/person\\\/2d205a608a5aa97ac279d7a5e6d89ad8\"},\"headline\":\"Cons\u00f3rcio Empreendedor realizou terceira reuni\u00e3o com prefeitos e contempla munic\u00edpios com consultorias\",\"datePublished\":\"2021-10-02T11:40:15+00:00\",\"mainEntityOfPage\":{\"@id\":\"https:\\\/\\\/regiaonews.net.br\\\/2022\\\/2021\\\/10\\\/02\\\/consorcio-empreendedor-realizou-terceira-reuniao-com-prefeitos-e-contempla-municipios-com-consultorias\\\/\"},\"wordCount\":196,\"commentCount\":0,\"publisher\":{\"@id\":\"https:\\\/\\\/regiaonews.net.br\\\/2022\\\/#organization\"},\"image\":{\"@id\":\"https:\\\/\\\/regiaonews.net.br\\\/2022\\\/2021\\\/10\\\/02\\\/consorcio-empreendedor-realizou-terceira-reuniao-com-prefeitos-e-contempla-municipios-com-consultorias\\\/#primaryimage\"},\"thumbnailUrl\":\"https:\\\/\\\/regiaonews.net.br\\\/2022\\\/wp-content\\\/uploads\\\/2021\\\/10\\\/prefeitos.jpg\",\"articleSection\":[\"Cidades\",\"Colina\"],\"inLanguage\":\"pt-BR\",\"potentialAction\":[{\"@type\":\"CommentAction\",\"name\":\"Comment\",\"target\":[\"https:\\\/\\\/regiaonews.net.br\\\/2022\\\/2021\\\/10\\\/02\\\/consorcio-empreendedor-realizou-terceira-reuniao-com-prefeitos-e-contempla-municipios-com-consultorias\\\/#respond\"]}]},{\"@type\":\"WebPage\",\"@id\":\"https:\\\/\\\/regiaonews.net.br\\\/2022\\\/2021\\\/10\\\/02\\\/consorcio-empreendedor-realizou-terceira-reuniao-com-prefeitos-e-contempla-municipios-com-consultorias\\\/\",\"url\":\"https:\\\/\\\/regiaonews.net.br\\\/2022\\\/2021\\\/10\\\/02\\\/consorcio-empreendedor-realizou-terceira-reuniao-com-prefeitos-e-contempla-municipios-com-consultorias\\\/\",\"name\":\"Cons\u00f3rcio Empreendedor realizou terceira reuni\u00e3o com prefeitos e contempla munic\u00edpios com consultorias - Regi\u00e3o News\",\"isPartOf\":{\"@id\":\"https:\\\/\\\/regiaonews.net.br\\\/2022\\\/#website\"},\"primaryImageOfPage\":{\"@id\":\"https:\\\/\\\/regiaonews.net.br\\\/2022\\\/2021\\\/10\\\/02\\\/consorcio-empreendedor-realizou-terceira-reuniao-com-prefeitos-e-contempla-municipios-com-consultorias\\\/#primaryimage\"},\"image\":{\"@id\":\"https:\\\/\\\/regiaonews.net.br\\\/2022\\\/2021\\\/10\\\/02\\\/consorcio-empreendedor-realizou-terceira-reuniao-com-prefeitos-e-contempla-municipios-com-consultorias\\\/#primaryimage\"},\"thumbnailUrl\":\"https:\\\/\\\/regiaonews.net.br\\\/2022\\\/wp-content\\\/uploads\\\/2021\\\/10\\\/prefeitos.jpg\",\"datePublished\":\"2021-10-02T11:40:15+00:00\",\"breadcrumb\":{\"@id\":\"https:\\\/\\\/regiaonews.net.br\\\/2022\\\/2021\\\/10\\\/02\\\/consorcio-empreendedor-realizou-terceira-reuniao-com-prefeitos-e-contempla-municipios-com-consultorias\\\/#breadcrumb\"},\"inLanguage\":\"pt-BR\",\"potentialAction\":[{\"@type\":\"ReadAction\",\"target\":[\"https:\\\/\\\/regiaonews.net.br\\\/2022\\\/2021\\\/10\\\/02\\\/consorcio-empreendedor-realizou-terceira-reuniao-com-prefeitos-e-contempla-municipios-com-consultorias\\\/\"]}]},{\"@type\":\"ImageObject\",\"inLanguage\":\"pt-BR\",\"@id\":\"https:\\\/\\\/regiaonews.net.br\\\/2022\\\/2021\\\/10\\\/02\\\/consorcio-empreendedor-realizou-terceira-reuniao-com-prefeitos-e-contempla-municipios-com-consultorias\\\/#primaryimage\",\"url\":\"https:\\\/\\\/regiaonews.net.br\\\/2022\\\/wp-content\\\/uploads\\\/2021\\\/10\\\/prefeitos.jpg\",\"contentUrl\":\"https:\\\/\\\/regiaonews.net.br\\\/2022\\\/wp-content\\\/uploads\\\/2021\\\/10\\\/prefeitos.jpg\",\"width\":1600,\"height\":1200},{\"@type\":\"BreadcrumbList\",\"@id\":\"https:\\\/\\\/regiaonews.net.br\\\/2022\\\/2021\\\/10\\\/02\\\/consorcio-empreendedor-realizou-terceira-reuniao-com-prefeitos-e-contempla-municipios-com-consultorias\\\/#breadcrumb\",\"itemListElement\":[{\"@type\":\"ListItem\",\"position\":1,\"name\":\"In\u00edcio\",\"item\":\"https:\\\/\\\/regiaonews.net.br\\\/2022\\\/\"},{\"@type\":\"ListItem\",\"position\":2,\"name\":\"Cons\u00f3rcio Empreendedor realizou terceira reuni\u00e3o com prefeitos e contempla munic\u00edpios com consultorias\"}]},{\"@type\":\"WebSite\",\"@id\":\"https:\\\/\\\/regiaonews.net.br\\\/2022\\\/#website\",\"url\":\"https:\\\/\\\/regiaonews.net.br\\\/2022\\\/\",\"name\":\"Regi\u00e3o News\",\"description\":\"Site de Not\u00edcias de Barretos e regi\u00e3o\",\"publisher\":{\"@id\":\"https:\\\/\\\/regiaonews.net.br\\\/2022\\\/#organization\"},\"potentialAction\":[{\"@type\":\"SearchAction\",\"target\":{\"@type\":\"EntryPoint\",\"urlTemplate\":\"https:\\\/\\\/regiaonews.net.br\\\/2022\\\/?s={search_term_string}\"},\"query-input\":{\"@type\":\"PropertyValueSpecification\",\"valueRequired\":true,\"valueName\":\"search_term_string\"}}],\"inLanguage\":\"pt-BR\"},{\"@type\":\"Organization\",\"@id\":\"https:\\\/\\\/regiaonews.net.br\\\/2022\\\/#organization\",\"name\":\"Regi\u00e3o News\",\"url\":\"https:\\\/\\\/regiaonews.net.br\\\/2022\\\/\",\"logo\":{\"@type\":\"ImageObject\",\"inLanguage\":\"pt-BR\",\"@id\":\"https:\\\/\\\/regiaonews.net.br\\\/2022\\\/#\\\/schema\\\/logo\\\/image\\\/\",\"url\":\"https:\\\/\\\/regiaonews.net.br\\\/2022\\\/wp-content\\\/uploads\\\/2026\\\/03\\\/regiao-13-anos-scaled.jpg\",\"contentUrl\":\"https:\\\/\\\/regiaonews.net.br\\\/2022\\\/wp-content\\\/uploads\\\/2026\\\/03\\\/regiao-13-anos-scaled.jpg\",\"width\":2560,\"height\":635,\"caption\":\"Regi\u00e3o News\"},\"image\":{\"@id\":\"https:\\\/\\\/regiaonews.net.br\\\/2022\\\/#\\\/schema\\\/logo\\\/image\\\/\"}},{\"@type\":\"Person\",\"@id\":\"https:\\\/\\\/regiaonews.net.br\\\/2022\\\/#\\\/schema\\\/person\\\/2d205a608a5aa97ac279d7a5e6d89ad8\",\"name\":\"Roberto\",\"image\":{\"@type\":\"ImageObject\",\"inLanguage\":\"pt-BR\",\"@id\":\"https:\\\/\\\/secure.gravatar.com\\\/avatar\\\/42749d8b712ff9d59ca93dc150494e5b55a44134482993f5baeb97e61b7ecc89?s=96&d=mm&r=g\",\"url\":\"https:\\\/\\\/secure.gravatar.com\\\/avatar\\\/42749d8b712ff9d59ca93dc150494e5b55a44134482993f5baeb97e61b7ecc89?s=96&d=mm&r=g\",\"contentUrl\":\"https:\\\/\\\/secure.gravatar.com\\\/avatar\\\/42749d8b712ff9d59ca93dc150494e5b55a44134482993f5baeb97e61b7ecc89?s=96&d=mm&r=g\",\"caption\":\"Roberto\"},\"url\":\"https:\\\/\\\/regiaonews.net.br\\\/2022\\\/author\\\/roberto\\\/\"}]}<\/script>\n<!-- \/ Yoast SEO plugin. -->","yoast_head_json":{"title":"Cons\u00f3rcio Empreendedor realizou terceira reuni\u00e3o com prefeitos e contempla munic\u00edpios com consultorias - Regi\u00e3o News","robots":{"index":"index","follow":"follow","max-snippet":"max-snippet:-1","max-image-preview":"max-image-preview:large","max-video-preview":"max-video-preview:-1"},"canonical":"https:\/\/regiaonews.net.br\/2022\/2021\/10\/02\/consorcio-empreendedor-realizou-terceira-reuniao-com-prefeitos-e-contempla-municipios-com-consultorias\/","og_locale":"pt_BR","og_type":"article","og_title":"Cons\u00f3rcio Empreendedor realizou terceira reuni\u00e3o com prefeitos e contempla munic\u00edpios com consultorias - Regi\u00e3o News","og_description":"Foto \u2013 Prefeitos reunidos em Colina manh\u00e3 de ontem Na","og_url":"https:\/\/regiaonews.net.br\/2022\/2021\/10\/02\/consorcio-empreendedor-realizou-terceira-reuniao-com-prefeitos-e-contempla-municipios-com-consultorias\/","og_site_name":"Regi\u00e3o News","article_published_time":"2021-10-02T11:40:15+00:00","og_image":[{"width":1600,"height":1200,"url":"https:\/\/regiaonews.net.br\/2022\/wp-content\/uploads\/2021\/10\/prefeitos.jpg","type":"image\/jpeg"}],"author":"Roberto","twitter_card":"summary_large_image","twitter_misc":{"Escrito por":"Roberto","Est. tempo de leitura":"1 minuto"},"schema":{"@context":"https:\/\/schema.org","@graph":[{"@type":"Article","@id":"https:\/\/regiaonews.net.br\/2022\/2021\/10\/02\/consorcio-empreendedor-realizou-terceira-reuniao-com-prefeitos-e-contempla-municipios-com-consultorias\/#article","isPartOf":{"@id":"https:\/\/regiaonews.net.br\/2022\/2021\/10\/02\/consorcio-empreendedor-realizou-terceira-reuniao-com-prefeitos-e-contempla-municipios-com-consultorias\/"},"author":{"name":"Roberto","@id":"https:\/\/regiaonews.net.br\/2022\/#\/schema\/person\/2d205a608a5aa97ac279d7a5e6d89ad8"},"headline":"Cons\u00f3rcio Empreendedor realizou terceira reuni\u00e3o com prefeitos e contempla munic\u00edpios com consultorias","datePublished":"2021-10-02T11:40:15+00:00","mainEntityOfPage":{"@id":"https:\/\/regiaonews.net.br\/2022\/2021\/10\/02\/consorcio-empreendedor-realizou-terceira-reuniao-com-prefeitos-e-contempla-municipios-com-consultorias\/"},"wordCount":196,"commentCount":0,"publisher":{"@id":"https:\/\/regiaonews.net.br\/2022\/#organization"},"image":{"@id":"https:\/\/regiaonews.net.br\/2022\/2021\/10\/02\/consorcio-empreendedor-realizou-terceira-reuniao-com-prefeitos-e-contempla-municipios-com-consultorias\/#primaryimage"},"thumbnailUrl":"https:\/\/regiaonews.net.br\/2022\/wp-content\/uploads\/2021\/10\/prefeitos.jpg","articleSection":["Cidades","Colina"],"inLanguage":"pt-BR","potentialAction":[{"@type":"CommentAction","name":"Comment","target":["https:\/\/regiaonews.net.br\/2022\/2021\/10\/02\/consorcio-empreendedor-realizou-terceira-reuniao-com-prefeitos-e-contempla-municipios-com-consultorias\/#respond"]}]},{"@type":"WebPage","@id":"https:\/\/regiaonews.net.br\/2022\/2021\/10\/02\/consorcio-empreendedor-realizou-terceira-reuniao-com-prefeitos-e-contempla-municipios-com-consultorias\/","url":"https:\/\/regiaonews.net.br\/2022\/2021\/10\/02\/consorcio-empreendedor-realizou-terceira-reuniao-com-prefeitos-e-contempla-municipios-com-consultorias\/","name":"Cons\u00f3rcio Empreendedor realizou terceira reuni\u00e3o com prefeitos e contempla munic\u00edpios com consultorias - Regi\u00e3o News","isPartOf":{"@id":"https:\/\/regiaonews.net.br\/2022\/#website"},"primaryImageOfPage":{"@id":"https:\/\/regiaonews.net.br\/2022\/2021\/10\/02\/consorcio-empreendedor-realizou-terceira-reuniao-com-prefeitos-e-contempla-municipios-com-consultorias\/#primaryimage"},"image":{"@id":"https:\/\/regiaonews.net.br\/2022\/2021\/10\/02\/consorcio-empreendedor-realizou-terceira-reuniao-com-prefeitos-e-contempla-municipios-com-consultorias\/#primaryimage"},"thumbnailUrl":"https:\/\/regiaonews.net.br\/2022\/wp-content\/uploads\/2021\/10\/prefeitos.jpg","datePublished":"2021-10-02T11:40:15+00:00","breadcrumb":{"@id":"https:\/\/regiaonews.net.br\/2022\/2021\/10\/02\/consorcio-empreendedor-realizou-terceira-reuniao-com-prefeitos-e-contempla-municipios-com-consultorias\/#breadcrumb"},"inLanguage":"pt-BR","potentialAction":[{"@type":"ReadAction","target":["https:\/\/regiaonews.net.br\/2022\/2021\/10\/02\/consorcio-empreendedor-realizou-terceira-reuniao-com-prefeitos-e-contempla-municipios-com-consultorias\/"]}]},{"@type":"ImageObject","inLanguage":"pt-BR","@id":"https:\/\/regiaonews.net.br\/2022\/2021\/10\/02\/consorcio-empreendedor-realizou-terceira-reuniao-com-prefeitos-e-contempla-municipios-com-consultorias\/#primaryimage","url":"https:\/\/regiaonews.net.br\/2022\/wp-content\/uploads\/2021\/10\/prefeitos.jpg","contentUrl":"https:\/\/regiaonews.net.br\/2022\/wp-content\/uploads\/2021\/10\/prefeitos.jpg","width":1600,"height":1200},{"@type":"BreadcrumbList","@id":"https:\/\/regiaonews.net.br\/2022\/2021\/10\/02\/consorcio-empreendedor-realizou-terceira-reuniao-com-prefeitos-e-contempla-municipios-com-consultorias\/#breadcrumb","itemListElement":[{"@type":"ListItem","position":1,"name":"In\u00edcio","item":"https:\/\/regiaonews.net.br\/2022\/"},{"@type":"ListItem","position":2,"name":"Cons\u00f3rcio Empreendedor realizou terceira reuni\u00e3o com prefeitos e contempla munic\u00edpios com consultorias"}]},{"@type":"WebSite","@id":"https:\/\/regiaonews.net.br\/2022\/#website","url":"https:\/\/regiaonews.net.br\/2022\/","name":"Regi\u00e3o News","description":"Site de Not\u00edcias de Barretos e regi\u00e3o","publisher":{"@id":"https:\/\/regiaonews.net.br\/2022\/#organization"},"potentialAction":[{"@type":"SearchAction","target":{"@type":"EntryPoint","urlTemplate":"https:\/\/regiaonews.net.br\/2022\/?s={search_term_string}"},"query-input":{"@type":"PropertyValueSpecification","valueRequired":true,"valueName":"search_term_string"}}],"inLanguage":"pt-BR"},{"@type":"Organization","@id":"https:\/\/regiaonews.net.br\/2022\/#organization","name":"Regi\u00e3o News","url":"https:\/\/regiaonews.net.br\/2022\/","logo":{"@type":"ImageObject","inLanguage":"pt-BR","@id":"https:\/\/regiaonews.net.br\/2022\/#\/schema\/logo\/image\/","url":"https:\/\/regiaonews.net.br\/2022\/wp-content\/uploads\/2026\/03\/regiao-13-anos-scaled.jpg","contentUrl":"https:\/\/regiaonews.net.br\/2022\/wp-content\/uploads\/2026\/03\/regiao-13-anos-scaled.jpg","width":2560,"height":635,"caption":"Regi\u00e3o News"},"image":{"@id":"https:\/\/regiaonews.net.br\/2022\/#\/schema\/logo\/image\/"}},{"@type":"Person","@id":"https:\/\/regiaonews.net.br\/2022\/#\/schema\/person\/2d205a608a5aa97ac279d7a5e6d89ad8","name":"Roberto","image":{"@type":"ImageObject","inLanguage":"pt-BR","@id":"https:\/\/secure.gravatar.com\/avatar\/42749d8b712ff9d59ca93dc150494e5b55a44134482993f5baeb97e61b7ecc89?s=96&d=mm&r=g","url":"https:\/\/secure.gravatar.com\/avatar\/42749d8b712ff9d59ca93dc150494e5b55a44134482993f5baeb97e61b7ecc89?s=96&d=mm&r=g","contentUrl":"https:\/\/secure.gravatar.com\/avatar\/42749d8b712ff9d59ca93dc150494e5b55a44134482993f5baeb97e61b7ecc89?s=96&d=mm&r=g","caption":"Roberto"},"url":"https:\/\/regiaonews.net.br\/2022\/author\/roberto\/"}]}},"publishpress_future_action":{"enabled":false,"date":"2026-05-03 03:14:34","action":"change-status","newStatus":"draft","terms":[],"taxonomy":"category","extraData":[]},"publishpress_future_workflow_manual_trigger":{"enabledWorkflows":[]},"_links":{"self":[{"href":"https:\/\/regiaonews.net.br\/2022\/wp-json\/wp\/v2\/posts\/54241","targetHints":{"allow":["GET"]}}],"collection":[{"href":"https:\/\/regiaonews.net.br\/2022\/wp-json\/wp\/v2\/posts"}],"about":[{"href":"https:\/\/regiaonews.net.br\/2022\/wp-json\/wp\/v2\/types\/post"}],"author":[{"embeddable":true,"href":"https:\/\/regiaonews.net.br\/2022\/wp-json\/wp\/v2\/users\/2"}],"replies":[{"embeddable":true,"href":"https:\/\/regiaonews.net.br\/2022\/wp-json\/wp\/v2\/comments?post=54241"}],"version-history":[{"count":0,"href":"https:\/\/regiaonews.net.br\/2022\/wp-json\/wp\/v2\/posts\/54241\/revisions"}],"wp:featuredmedia":[{"embeddable":true,"href":"https:\/\/regiaonews.net.br\/2022\/wp-json\/wp\/v2\/media\/54243"}],"wp:attachment":[{"href":"https:\/\/regiaonews.net.br\/2022\/wp-json\/wp\/v2\/media?parent=54241"}],"wp:term":[{"taxonomy":"category","embeddable":true,"href":"https:\/\/regiaonews.net.br\/2022\/wp-json\/wp\/v2\/categories?post=54241"},{"taxonomy":"post_tag","embeddable":true,"href":"https:\/\/regiaonews.net.br\/2022\/wp-json\/wp\/v2\/tags?post=54241"}],"curies":[{"name":"wp","href":"https:\/\/api.w.org\/{rel}","templated":true}]}}