{"id":54167,"date":"2021-09-30T20:53:22","date_gmt":"2021-09-30T23:53:22","guid":{"rendered":"https:\/\/regiaonews.net.br\/2022\/?p=54167"},"modified":"2021-09-30T20:53:22","modified_gmt":"2021-09-30T23:53:22","slug":"fundo-social-tera-novo-horario-de-atendimento-a-partir-de-segunda-4","status":"publish","type":"post","link":"https:\/\/regiaonews.net.br\/2022\/2021\/09\/30\/fundo-social-tera-novo-horario-de-atendimento-a-partir-de-segunda-4\/","title":{"rendered":"Fundo Social ter\u00e1 novo hor\u00e1rio de atendimento a partir de segunda (4)"},"content":{"rendered":"<p><a href=\"https:\/\/regiaonews.net.br\/2022\/wp-content\/uploads\/2021\/09\/Fundo-Social-1.jpeg\"><img loading=\"lazy\" decoding=\"async\" class=\"alignnone size-medium wp-image-54168\" src=\"https:\/\/regiaonews.net.br\/2022\/wp-content\/uploads\/2021\/09\/Fundo-Social-1-300x200.jpeg\" alt=\"\" width=\"300\" height=\"200\" \/><\/a> <a href=\"https:\/\/regiaonews.net.br\/2022\/wp-content\/uploads\/2021\/09\/Fundo-Social-2.jpeg\"><img loading=\"lazy\" decoding=\"async\" class=\"alignnone size-medium wp-image-54169\" src=\"https:\/\/regiaonews.net.br\/2022\/wp-content\/uploads\/2021\/09\/Fundo-Social-2-300x200.jpeg\" alt=\"\" width=\"300\" height=\"200\" \/><\/a><br \/>\n<i>Durante o m\u00eas de outubro, fam\u00edlias atendidas receber\u00e3o kits em comemora\u00e7\u00e3o ao Dia das Crian\u00e7as<\/i><\/p>\n<p>Na segunda-feira, dia 4 de outubro\/21, o Fundo Social de Solidariedade de Barretos passa a ter um novo hor\u00e1rio de atendimento: de segunda a quinta-feira, a partir das 08h30, conforme o n\u00famero de senhas dispon\u00edveis.<br \/>\nA altera\u00e7\u00e3o \u00e9 uma forma de trazer mais conforto para as fam\u00edlias que procuram o Fundo, evitando o per\u00edodo mais quente do dia.<br \/>\nO Fundo Social \u00e9 um espa\u00e7o organizado e estruturado para o recebimento e o encaminhamento das doa\u00e7\u00f5es a fam\u00edlias em situa\u00e7\u00e3o de vulnerabilidade social em Barretos e fica na Rua 16, n\u00b0 52, entre as Avenidas 29&#215;31. O telefone para contato, com WhatsApp, \u00e9 (17) 99167-6427.<\/p>\n<p><b>Dia das Crian\u00e7as<\/b><br \/>\nO Fundo lan\u00e7ou a campanha de arrecada\u00e7\u00e3o para o Dia das Crian\u00e7as. Com o lema \u201cAcolha o cora\u00e7\u00e3o de uma crian\u00e7a, doe um brinquedo\u201d, a iniciativa segue durante todo o m\u00eas de outubro, sendo que as doa\u00e7\u00f5es ser\u00e3o recebidas de segunda a sexta-feira, das 08h \u00e0s 12h e das 13h \u00e0s 17h.<br \/>\nNo s\u00e1bado, dia 2, haver\u00e1 um drive-thru em frente ao Fundo das 9h ao meio-dia tamb\u00e9m para entrega de brinquedos. Podem ser doados valores em dinheiro atrav\u00e9s do PIX do Fundo Social: 17991676427.<br \/>\nVale destacar que as fam\u00edlias atendidas durante o m\u00eas de outubro receber\u00e3o kits com presentes e brinquedos em alus\u00e3o ao Dia das Crian\u00e7as. \u201cEstaremos recebendo as fam\u00edlias junto com seus filhos com muito amor e carinho, levando alegria durante todo o m\u00eas da crian\u00e7a\u201d, declarou Let\u00edcia Lemos, presidente do FSS.<\/p>\n","protected":false},"excerpt":{"rendered":"<p>Durante o m\u00eas de outubro, fam\u00edlias atendidas receber\u00e3o kits em<\/p>\n","protected":false},"author":2,"featured_media":54168,"comment_status":"open","ping_status":"open","sticky":false,"template":"","format":"standard","meta":{"footnotes":""},"categories":[14,25],"tags":[],"class_list":["post-54167","post","type-post","status-publish","format-standard","has-post-thumbnail","hentry","category-barretos","category-cidades"],"yoast_head":"<!-- This site is optimized with the Yoast SEO plugin v27.4 - https:\/\/yoast.com\/product\/yoast-seo-wordpress\/ -->\n<title>Fundo Social ter\u00e1 novo hor\u00e1rio de atendimento a partir de segunda (4) - Regi\u00e3o News<\/title>\n<meta name=\"robots\" content=\"index, follow, max-snippet:-1, max-image-preview:large, max-video-preview:-1\" \/>\n<link rel=\"canonical\" href=\"https:\/\/regiaonews.net.br\/2022\/2021\/09\/30\/fundo-social-tera-novo-horario-de-atendimento-a-partir-de-segunda-4\/\" \/>\n<meta property=\"og:locale\" content=\"pt_BR\" \/>\n<meta property=\"og:type\" content=\"article\" \/>\n<meta property=\"og:title\" content=\"Fundo Social ter\u00e1 novo hor\u00e1rio de atendimento a partir de segunda (4) - Regi\u00e3o News\" \/>\n<meta property=\"og:description\" content=\"Durante o m\u00eas de outubro, fam\u00edlias atendidas receber\u00e3o kits em\" \/>\n<meta property=\"og:url\" content=\"https:\/\/regiaonews.net.br\/2022\/2021\/09\/30\/fundo-social-tera-novo-horario-de-atendimento-a-partir-de-segunda-4\/\" \/>\n<meta property=\"og:site_name\" content=\"Regi\u00e3o News\" \/>\n<meta property=\"article:published_time\" content=\"2021-09-30T23:53:22+00:00\" \/>\n<meta property=\"og:image\" content=\"https:\/\/regiaonews.net.br\/2022\/wp-content\/uploads\/2021\/09\/Fundo-Social-1.jpeg\" \/>\n\t<meta property=\"og:image:width\" content=\"1280\" \/>\n\t<meta property=\"og:image:height\" content=\"853\" \/>\n\t<meta property=\"og:image:type\" content=\"image\/jpeg\" \/>\n<meta name=\"author\" content=\"Roberto\" \/>\n<meta name=\"twitter:card\" content=\"summary_large_image\" \/>\n<meta name=\"twitter:label1\" content=\"Escrito por\" \/>\n\t<meta name=\"twitter:data1\" content=\"Roberto\" \/>\n\t<meta name=\"twitter:label2\" content=\"Est. tempo de leitura\" \/>\n\t<meta name=\"twitter:data2\" content=\"1 minuto\" \/>\n<script type=\"application\/ld+json\" class=\"yoast-schema-graph\">{\"@context\":\"https:\\\/\\\/schema.org\",\"@graph\":[{\"@type\":\"Article\",\"@id\":\"https:\\\/\\\/regiaonews.net.br\\\/2022\\\/2021\\\/09\\\/30\\\/fundo-social-tera-novo-horario-de-atendimento-a-partir-de-segunda-4\\\/#article\",\"isPartOf\":{\"@id\":\"https:\\\/\\\/regiaonews.net.br\\\/2022\\\/2021\\\/09\\\/30\\\/fundo-social-tera-novo-horario-de-atendimento-a-partir-de-segunda-4\\\/\"},\"author\":{\"name\":\"Roberto\",\"@id\":\"https:\\\/\\\/regiaonews.net.br\\\/2022\\\/#\\\/schema\\\/person\\\/2d205a608a5aa97ac279d7a5e6d89ad8\"},\"headline\":\"Fundo Social ter\u00e1 novo hor\u00e1rio de atendimento a partir de segunda (4)\",\"datePublished\":\"2021-09-30T23:53:22+00:00\",\"mainEntityOfPage\":{\"@id\":\"https:\\\/\\\/regiaonews.net.br\\\/2022\\\/2021\\\/09\\\/30\\\/fundo-social-tera-novo-horario-de-atendimento-a-partir-de-segunda-4\\\/\"},\"wordCount\":296,\"commentCount\":0,\"publisher\":{\"@id\":\"https:\\\/\\\/regiaonews.net.br\\\/2022\\\/#organization\"},\"image\":{\"@id\":\"https:\\\/\\\/regiaonews.net.br\\\/2022\\\/2021\\\/09\\\/30\\\/fundo-social-tera-novo-horario-de-atendimento-a-partir-de-segunda-4\\\/#primaryimage\"},\"thumbnailUrl\":\"https:\\\/\\\/regiaonews.net.br\\\/2022\\\/wp-content\\\/uploads\\\/2021\\\/09\\\/Fundo-Social-1.jpeg\",\"articleSection\":[\"Barretos\",\"Cidades\"],\"inLanguage\":\"pt-BR\",\"potentialAction\":[{\"@type\":\"CommentAction\",\"name\":\"Comment\",\"target\":[\"https:\\\/\\\/regiaonews.net.br\\\/2022\\\/2021\\\/09\\\/30\\\/fundo-social-tera-novo-horario-de-atendimento-a-partir-de-segunda-4\\\/#respond\"]}]},{\"@type\":\"WebPage\",\"@id\":\"https:\\\/\\\/regiaonews.net.br\\\/2022\\\/2021\\\/09\\\/30\\\/fundo-social-tera-novo-horario-de-atendimento-a-partir-de-segunda-4\\\/\",\"url\":\"https:\\\/\\\/regiaonews.net.br\\\/2022\\\/2021\\\/09\\\/30\\\/fundo-social-tera-novo-horario-de-atendimento-a-partir-de-segunda-4\\\/\",\"name\":\"Fundo Social ter\u00e1 novo hor\u00e1rio de atendimento a partir de segunda (4) - Regi\u00e3o News\",\"isPartOf\":{\"@id\":\"https:\\\/\\\/regiaonews.net.br\\\/2022\\\/#website\"},\"primaryImageOfPage\":{\"@id\":\"https:\\\/\\\/regiaonews.net.br\\\/2022\\\/2021\\\/09\\\/30\\\/fundo-social-tera-novo-horario-de-atendimento-a-partir-de-segunda-4\\\/#primaryimage\"},\"image\":{\"@id\":\"https:\\\/\\\/regiaonews.net.br\\\/2022\\\/2021\\\/09\\\/30\\\/fundo-social-tera-novo-horario-de-atendimento-a-partir-de-segunda-4\\\/#primaryimage\"},\"thumbnailUrl\":\"https:\\\/\\\/regiaonews.net.br\\\/2022\\\/wp-content\\\/uploads\\\/2021\\\/09\\\/Fundo-Social-1.jpeg\",\"datePublished\":\"2021-09-30T23:53:22+00:00\",\"breadcrumb\":{\"@id\":\"https:\\\/\\\/regiaonews.net.br\\\/2022\\\/2021\\\/09\\\/30\\\/fundo-social-tera-novo-horario-de-atendimento-a-partir-de-segunda-4\\\/#breadcrumb\"},\"inLanguage\":\"pt-BR\",\"potentialAction\":[{\"@type\":\"ReadAction\",\"target\":[\"https:\\\/\\\/regiaonews.net.br\\\/2022\\\/2021\\\/09\\\/30\\\/fundo-social-tera-novo-horario-de-atendimento-a-partir-de-segunda-4\\\/\"]}]},{\"@type\":\"ImageObject\",\"inLanguage\":\"pt-BR\",\"@id\":\"https:\\\/\\\/regiaonews.net.br\\\/2022\\\/2021\\\/09\\\/30\\\/fundo-social-tera-novo-horario-de-atendimento-a-partir-de-segunda-4\\\/#primaryimage\",\"url\":\"https:\\\/\\\/regiaonews.net.br\\\/2022\\\/wp-content\\\/uploads\\\/2021\\\/09\\\/Fundo-Social-1.jpeg\",\"contentUrl\":\"https:\\\/\\\/regiaonews.net.br\\\/2022\\\/wp-content\\\/uploads\\\/2021\\\/09\\\/Fundo-Social-1.jpeg\",\"width\":1280,\"height\":853},{\"@type\":\"BreadcrumbList\",\"@id\":\"https:\\\/\\\/regiaonews.net.br\\\/2022\\\/2021\\\/09\\\/30\\\/fundo-social-tera-novo-horario-de-atendimento-a-partir-de-segunda-4\\\/#breadcrumb\",\"itemListElement\":[{\"@type\":\"ListItem\",\"position\":1,\"name\":\"In\u00edcio\",\"item\":\"https:\\\/\\\/regiaonews.net.br\\\/2022\\\/\"},{\"@type\":\"ListItem\",\"position\":2,\"name\":\"Fundo Social ter\u00e1 novo hor\u00e1rio de atendimento a partir de segunda (4)\"}]},{\"@type\":\"WebSite\",\"@id\":\"https:\\\/\\\/regiaonews.net.br\\\/2022\\\/#website\",\"url\":\"https:\\\/\\\/regiaonews.net.br\\\/2022\\\/\",\"name\":\"Regi\u00e3o News\",\"description\":\"Site de Not\u00edcias de Barretos e regi\u00e3o\",\"publisher\":{\"@id\":\"https:\\\/\\\/regiaonews.net.br\\\/2022\\\/#organization\"},\"potentialAction\":[{\"@type\":\"SearchAction\",\"target\":{\"@type\":\"EntryPoint\",\"urlTemplate\":\"https:\\\/\\\/regiaonews.net.br\\\/2022\\\/?s={search_term_string}\"},\"query-input\":{\"@type\":\"PropertyValueSpecification\",\"valueRequired\":true,\"valueName\":\"search_term_string\"}}],\"inLanguage\":\"pt-BR\"},{\"@type\":\"Organization\",\"@id\":\"https:\\\/\\\/regiaonews.net.br\\\/2022\\\/#organization\",\"name\":\"Regi\u00e3o News\",\"url\":\"https:\\\/\\\/regiaonews.net.br\\\/2022\\\/\",\"logo\":{\"@type\":\"ImageObject\",\"inLanguage\":\"pt-BR\",\"@id\":\"https:\\\/\\\/regiaonews.net.br\\\/2022\\\/#\\\/schema\\\/logo\\\/image\\\/\",\"url\":\"https:\\\/\\\/regiaonews.net.br\\\/2022\\\/wp-content\\\/uploads\\\/2026\\\/03\\\/regiao-13-anos-scaled.jpg\",\"contentUrl\":\"https:\\\/\\\/regiaonews.net.br\\\/2022\\\/wp-content\\\/uploads\\\/2026\\\/03\\\/regiao-13-anos-scaled.jpg\",\"width\":2560,\"height\":635,\"caption\":\"Regi\u00e3o News\"},\"image\":{\"@id\":\"https:\\\/\\\/regiaonews.net.br\\\/2022\\\/#\\\/schema\\\/logo\\\/image\\\/\"}},{\"@type\":\"Person\",\"@id\":\"https:\\\/\\\/regiaonews.net.br\\\/2022\\\/#\\\/schema\\\/person\\\/2d205a608a5aa97ac279d7a5e6d89ad8\",\"name\":\"Roberto\",\"image\":{\"@type\":\"ImageObject\",\"inLanguage\":\"pt-BR\",\"@id\":\"https:\\\/\\\/secure.gravatar.com\\\/avatar\\\/42749d8b712ff9d59ca93dc150494e5b55a44134482993f5baeb97e61b7ecc89?s=96&d=mm&r=g\",\"url\":\"https:\\\/\\\/secure.gravatar.com\\\/avatar\\\/42749d8b712ff9d59ca93dc150494e5b55a44134482993f5baeb97e61b7ecc89?s=96&d=mm&r=g\",\"contentUrl\":\"https:\\\/\\\/secure.gravatar.com\\\/avatar\\\/42749d8b712ff9d59ca93dc150494e5b55a44134482993f5baeb97e61b7ecc89?s=96&d=mm&r=g\",\"caption\":\"Roberto\"},\"url\":\"https:\\\/\\\/regiaonews.net.br\\\/2022\\\/author\\\/roberto\\\/\"}]}<\/script>\n<!-- \/ Yoast SEO plugin. -->","yoast_head_json":{"title":"Fundo Social ter\u00e1 novo hor\u00e1rio de atendimento a partir de segunda (4) - Regi\u00e3o News","robots":{"index":"index","follow":"follow","max-snippet":"max-snippet:-1","max-image-preview":"max-image-preview:large","max-video-preview":"max-video-preview:-1"},"canonical":"https:\/\/regiaonews.net.br\/2022\/2021\/09\/30\/fundo-social-tera-novo-horario-de-atendimento-a-partir-de-segunda-4\/","og_locale":"pt_BR","og_type":"article","og_title":"Fundo Social ter\u00e1 novo hor\u00e1rio de atendimento a partir de segunda (4) - Regi\u00e3o News","og_description":"Durante o m\u00eas de outubro, fam\u00edlias atendidas receber\u00e3o kits em","og_url":"https:\/\/regiaonews.net.br\/2022\/2021\/09\/30\/fundo-social-tera-novo-horario-de-atendimento-a-partir-de-segunda-4\/","og_site_name":"Regi\u00e3o News","article_published_time":"2021-09-30T23:53:22+00:00","og_image":[{"width":1280,"height":853,"url":"https:\/\/regiaonews.net.br\/2022\/wp-content\/uploads\/2021\/09\/Fundo-Social-1.jpeg","type":"image\/jpeg"}],"author":"Roberto","twitter_card":"summary_large_image","twitter_misc":{"Escrito por":"Roberto","Est. tempo de leitura":"1 minuto"},"schema":{"@context":"https:\/\/schema.org","@graph":[{"@type":"Article","@id":"https:\/\/regiaonews.net.br\/2022\/2021\/09\/30\/fundo-social-tera-novo-horario-de-atendimento-a-partir-de-segunda-4\/#article","isPartOf":{"@id":"https:\/\/regiaonews.net.br\/2022\/2021\/09\/30\/fundo-social-tera-novo-horario-de-atendimento-a-partir-de-segunda-4\/"},"author":{"name":"Roberto","@id":"https:\/\/regiaonews.net.br\/2022\/#\/schema\/person\/2d205a608a5aa97ac279d7a5e6d89ad8"},"headline":"Fundo Social ter\u00e1 novo hor\u00e1rio de atendimento a partir de segunda (4)","datePublished":"2021-09-30T23:53:22+00:00","mainEntityOfPage":{"@id":"https:\/\/regiaonews.net.br\/2022\/2021\/09\/30\/fundo-social-tera-novo-horario-de-atendimento-a-partir-de-segunda-4\/"},"wordCount":296,"commentCount":0,"publisher":{"@id":"https:\/\/regiaonews.net.br\/2022\/#organization"},"image":{"@id":"https:\/\/regiaonews.net.br\/2022\/2021\/09\/30\/fundo-social-tera-novo-horario-de-atendimento-a-partir-de-segunda-4\/#primaryimage"},"thumbnailUrl":"https:\/\/regiaonews.net.br\/2022\/wp-content\/uploads\/2021\/09\/Fundo-Social-1.jpeg","articleSection":["Barretos","Cidades"],"inLanguage":"pt-BR","potentialAction":[{"@type":"CommentAction","name":"Comment","target":["https:\/\/regiaonews.net.br\/2022\/2021\/09\/30\/fundo-social-tera-novo-horario-de-atendimento-a-partir-de-segunda-4\/#respond"]}]},{"@type":"WebPage","@id":"https:\/\/regiaonews.net.br\/2022\/2021\/09\/30\/fundo-social-tera-novo-horario-de-atendimento-a-partir-de-segunda-4\/","url":"https:\/\/regiaonews.net.br\/2022\/2021\/09\/30\/fundo-social-tera-novo-horario-de-atendimento-a-partir-de-segunda-4\/","name":"Fundo Social ter\u00e1 novo hor\u00e1rio de atendimento a partir de segunda (4) - Regi\u00e3o News","isPartOf":{"@id":"https:\/\/regiaonews.net.br\/2022\/#website"},"primaryImageOfPage":{"@id":"https:\/\/regiaonews.net.br\/2022\/2021\/09\/30\/fundo-social-tera-novo-horario-de-atendimento-a-partir-de-segunda-4\/#primaryimage"},"image":{"@id":"https:\/\/regiaonews.net.br\/2022\/2021\/09\/30\/fundo-social-tera-novo-horario-de-atendimento-a-partir-de-segunda-4\/#primaryimage"},"thumbnailUrl":"https:\/\/regiaonews.net.br\/2022\/wp-content\/uploads\/2021\/09\/Fundo-Social-1.jpeg","datePublished":"2021-09-30T23:53:22+00:00","breadcrumb":{"@id":"https:\/\/regiaonews.net.br\/2022\/2021\/09\/30\/fundo-social-tera-novo-horario-de-atendimento-a-partir-de-segunda-4\/#breadcrumb"},"inLanguage":"pt-BR","potentialAction":[{"@type":"ReadAction","target":["https:\/\/regiaonews.net.br\/2022\/2021\/09\/30\/fundo-social-tera-novo-horario-de-atendimento-a-partir-de-segunda-4\/"]}]},{"@type":"ImageObject","inLanguage":"pt-BR","@id":"https:\/\/regiaonews.net.br\/2022\/2021\/09\/30\/fundo-social-tera-novo-horario-de-atendimento-a-partir-de-segunda-4\/#primaryimage","url":"https:\/\/regiaonews.net.br\/2022\/wp-content\/uploads\/2021\/09\/Fundo-Social-1.jpeg","contentUrl":"https:\/\/regiaonews.net.br\/2022\/wp-content\/uploads\/2021\/09\/Fundo-Social-1.jpeg","width":1280,"height":853},{"@type":"BreadcrumbList","@id":"https:\/\/regiaonews.net.br\/2022\/2021\/09\/30\/fundo-social-tera-novo-horario-de-atendimento-a-partir-de-segunda-4\/#breadcrumb","itemListElement":[{"@type":"ListItem","position":1,"name":"In\u00edcio","item":"https:\/\/regiaonews.net.br\/2022\/"},{"@type":"ListItem","position":2,"name":"Fundo Social ter\u00e1 novo hor\u00e1rio de atendimento a partir de segunda (4)"}]},{"@type":"WebSite","@id":"https:\/\/regiaonews.net.br\/2022\/#website","url":"https:\/\/regiaonews.net.br\/2022\/","name":"Regi\u00e3o News","description":"Site de Not\u00edcias de Barretos e regi\u00e3o","publisher":{"@id":"https:\/\/regiaonews.net.br\/2022\/#organization"},"potentialAction":[{"@type":"SearchAction","target":{"@type":"EntryPoint","urlTemplate":"https:\/\/regiaonews.net.br\/2022\/?s={search_term_string}"},"query-input":{"@type":"PropertyValueSpecification","valueRequired":true,"valueName":"search_term_string"}}],"inLanguage":"pt-BR"},{"@type":"Organization","@id":"https:\/\/regiaonews.net.br\/2022\/#organization","name":"Regi\u00e3o News","url":"https:\/\/regiaonews.net.br\/2022\/","logo":{"@type":"ImageObject","inLanguage":"pt-BR","@id":"https:\/\/regiaonews.net.br\/2022\/#\/schema\/logo\/image\/","url":"https:\/\/regiaonews.net.br\/2022\/wp-content\/uploads\/2026\/03\/regiao-13-anos-scaled.jpg","contentUrl":"https:\/\/regiaonews.net.br\/2022\/wp-content\/uploads\/2026\/03\/regiao-13-anos-scaled.jpg","width":2560,"height":635,"caption":"Regi\u00e3o News"},"image":{"@id":"https:\/\/regiaonews.net.br\/2022\/#\/schema\/logo\/image\/"}},{"@type":"Person","@id":"https:\/\/regiaonews.net.br\/2022\/#\/schema\/person\/2d205a608a5aa97ac279d7a5e6d89ad8","name":"Roberto","image":{"@type":"ImageObject","inLanguage":"pt-BR","@id":"https:\/\/secure.gravatar.com\/avatar\/42749d8b712ff9d59ca93dc150494e5b55a44134482993f5baeb97e61b7ecc89?s=96&d=mm&r=g","url":"https:\/\/secure.gravatar.com\/avatar\/42749d8b712ff9d59ca93dc150494e5b55a44134482993f5baeb97e61b7ecc89?s=96&d=mm&r=g","contentUrl":"https:\/\/secure.gravatar.com\/avatar\/42749d8b712ff9d59ca93dc150494e5b55a44134482993f5baeb97e61b7ecc89?s=96&d=mm&r=g","caption":"Roberto"},"url":"https:\/\/regiaonews.net.br\/2022\/author\/roberto\/"}]}},"publishpress_future_action":{"enabled":false,"date":"2026-05-03 04:51:28","action":"change-status","newStatus":"draft","terms":[],"taxonomy":"category","extraData":[]},"publishpress_future_workflow_manual_trigger":{"enabledWorkflows":[]},"_links":{"self":[{"href":"https:\/\/regiaonews.net.br\/2022\/wp-json\/wp\/v2\/posts\/54167","targetHints":{"allow":["GET"]}}],"collection":[{"href":"https:\/\/regiaonews.net.br\/2022\/wp-json\/wp\/v2\/posts"}],"about":[{"href":"https:\/\/regiaonews.net.br\/2022\/wp-json\/wp\/v2\/types\/post"}],"author":[{"embeddable":true,"href":"https:\/\/regiaonews.net.br\/2022\/wp-json\/wp\/v2\/users\/2"}],"replies":[{"embeddable":true,"href":"https:\/\/regiaonews.net.br\/2022\/wp-json\/wp\/v2\/comments?post=54167"}],"version-history":[{"count":0,"href":"https:\/\/regiaonews.net.br\/2022\/wp-json\/wp\/v2\/posts\/54167\/revisions"}],"wp:featuredmedia":[{"embeddable":true,"href":"https:\/\/regiaonews.net.br\/2022\/wp-json\/wp\/v2\/media\/54168"}],"wp:attachment":[{"href":"https:\/\/regiaonews.net.br\/2022\/wp-json\/wp\/v2\/media?parent=54167"}],"wp:term":[{"taxonomy":"category","embeddable":true,"href":"https:\/\/regiaonews.net.br\/2022\/wp-json\/wp\/v2\/categories?post=54167"},{"taxonomy":"post_tag","embeddable":true,"href":"https:\/\/regiaonews.net.br\/2022\/wp-json\/wp\/v2\/tags?post=54167"}],"curies":[{"name":"wp","href":"https:\/\/api.w.org\/{rel}","templated":true}]}}