{"id":54060,"date":"2021-09-29T13:44:06","date_gmt":"2021-09-29T16:44:06","guid":{"rendered":"https:\/\/regiaonews.net.br\/2022\/?p=54060"},"modified":"2021-09-29T13:44:06","modified_gmt":"2021-09-29T16:44:06","slug":"caminhando-com-maria-2021-sera-no-formato-de-carreata","status":"publish","type":"post","link":"https:\/\/regiaonews.net.br\/2022\/2021\/09\/29\/caminhando-com-maria-2021-sera-no-formato-de-carreata\/","title":{"rendered":"Caminhando com Maria 2021 ser\u00e1 no formato de carreata"},"content":{"rendered":"<p><a href=\"https:\/\/regiaonews.net.br\/2022\/wp-content\/uploads\/2021\/09\/WhatsApp-Image-2021-09-29-at-13.40.48.jpeg\"><img loading=\"lazy\" decoding=\"async\" class=\"alignnone size-medium wp-image-54061\" src=\"https:\/\/regiaonews.net.br\/2022\/wp-content\/uploads\/2021\/09\/WhatsApp-Image-2021-09-29-at-13.40.48-300x205.jpeg\" alt=\"\" width=\"300\" height=\"205\" \/><\/a><\/p>\n<p>Considerando ainda o momento de pandemia da Covid-19, o clero da cidade de Barretos ir\u00e1 promover o Caminhando com Maria este ano, no dia 12 de outubro, no formato de carreata, assim como foi em 2020.<\/p>\n<p>O momento mariano devocional a Nossa Senhora Aparecida ter\u00e1 in\u00edcio \u00e0s 8h, na Avenida dos Coqueiros, nas proximidades da rotat\u00f3ria com a Rua 28, seguindo por ruas e demais avenidas da cidade at\u00e9 chegar \u00e0 igreja matriz da Par\u00f3quia S\u00e3o Jo\u00e3o Batista, onde haver\u00e1 a b\u00ean\u00e7\u00e3o aos motoristas.<\/p>\n<p>\u201cMesmo que os n\u00fameros de contaminados pelo novo coronav\u00edrus e de mortes tenham diminu\u00eddo e os vacinados aumentado, para preservar nossos fi\u00e9is, neste ano iremos realizar este grande momento de devo\u00e7\u00e3o mariana apenas por carreata, como fizemos em 2019. Continuamos rezando para que tudo volte \u00e0 normalidade para que no ano que vem possamos retornar com a tradicional caminhada penitencial que sai \u00c0s 5h da manh\u00e3 da igreja matriz do Bom Jesus at\u00e9 a Cidade de Maria\u201d, disse o padre Thiago Reis, p\u00e1roco da Par\u00f3quia Bom Jesus e organizador da carreata.<\/p>\n<p>A comiss\u00e3o organizadora pede aos devotos de Nossa Senhora que fa\u00e7am a doa\u00e7\u00e3o no dia de 1kg de alimento n\u00e3o-perec\u00edvel que ser\u00e1 revertido para as fam\u00edlias atendidas pelas obras sociais das par\u00f3quias.<\/p>\n<p>As ora\u00e7\u00f5es ser\u00e3o transmitidas por r\u00e1dios da cidade e tamb\u00e9m pela p\u00e1gina de Facebook da Diocese de Barretos.<\/p>\n<p>Prociss\u00f5es e Missas<\/p>\n<p>As par\u00f3quias de Barretos promover\u00e3o prociss\u00f5es e missas em louvor \u00e0 Rainha e Padroeira do Brasil no dia 12 de outubro, e a programa\u00e7\u00e3o pode ser confirmada nas redes sociais de cada uma delas ou nas secretarias paroquiais.<\/p>\n","protected":false},"excerpt":{"rendered":"<p>Considerando ainda o momento de pandemia da Covid-19, o clero<\/p>\n","protected":false},"author":2,"featured_media":54061,"comment_status":"open","ping_status":"open","sticky":false,"template":"","format":"standard","meta":{"footnotes":""},"categories":[14,25],"tags":[],"class_list":["post-54060","post","type-post","status-publish","format-standard","has-post-thumbnail","hentry","category-barretos","category-cidades"],"yoast_head":"<!-- This site is optimized with the Yoast SEO plugin v27.4 - https:\/\/yoast.com\/product\/yoast-seo-wordpress\/ -->\n<title>Caminhando com Maria 2021 ser\u00e1 no formato de carreata - Regi\u00e3o News<\/title>\n<meta name=\"robots\" content=\"index, follow, max-snippet:-1, max-image-preview:large, max-video-preview:-1\" \/>\n<link rel=\"canonical\" href=\"https:\/\/regiaonews.net.br\/2022\/2021\/09\/29\/caminhando-com-maria-2021-sera-no-formato-de-carreata\/\" \/>\n<meta property=\"og:locale\" content=\"pt_BR\" \/>\n<meta property=\"og:type\" content=\"article\" \/>\n<meta property=\"og:title\" content=\"Caminhando com Maria 2021 ser\u00e1 no formato de carreata - Regi\u00e3o News\" \/>\n<meta property=\"og:description\" content=\"Considerando ainda o momento de pandemia da Covid-19, o clero\" \/>\n<meta property=\"og:url\" content=\"https:\/\/regiaonews.net.br\/2022\/2021\/09\/29\/caminhando-com-maria-2021-sera-no-formato-de-carreata\/\" \/>\n<meta property=\"og:site_name\" content=\"Regi\u00e3o News\" \/>\n<meta property=\"article:published_time\" content=\"2021-09-29T16:44:06+00:00\" \/>\n<meta property=\"og:image\" content=\"https:\/\/regiaonews.net.br\/2022\/wp-content\/uploads\/2021\/09\/WhatsApp-Image-2021-09-29-at-13.40.48.jpeg\" \/>\n\t<meta property=\"og:image:width\" content=\"1280\" \/>\n\t<meta property=\"og:image:height\" content=\"874\" \/>\n\t<meta property=\"og:image:type\" content=\"image\/jpeg\" \/>\n<meta name=\"author\" content=\"Roberto\" \/>\n<meta name=\"twitter:card\" content=\"summary_large_image\" \/>\n<meta name=\"twitter:label1\" content=\"Escrito por\" \/>\n\t<meta name=\"twitter:data1\" content=\"Roberto\" \/>\n\t<meta name=\"twitter:label2\" content=\"Est. tempo de leitura\" \/>\n\t<meta name=\"twitter:data2\" content=\"1 minuto\" \/>\n<script type=\"application\/ld+json\" class=\"yoast-schema-graph\">{\"@context\":\"https:\\\/\\\/schema.org\",\"@graph\":[{\"@type\":\"Article\",\"@id\":\"https:\\\/\\\/regiaonews.net.br\\\/2022\\\/2021\\\/09\\\/29\\\/caminhando-com-maria-2021-sera-no-formato-de-carreata\\\/#article\",\"isPartOf\":{\"@id\":\"https:\\\/\\\/regiaonews.net.br\\\/2022\\\/2021\\\/09\\\/29\\\/caminhando-com-maria-2021-sera-no-formato-de-carreata\\\/\"},\"author\":{\"name\":\"Roberto\",\"@id\":\"https:\\\/\\\/regiaonews.net.br\\\/2022\\\/#\\\/schema\\\/person\\\/2d205a608a5aa97ac279d7a5e6d89ad8\"},\"headline\":\"Caminhando com Maria 2021 ser\u00e1 no formato de carreata\",\"datePublished\":\"2021-09-29T16:44:06+00:00\",\"mainEntityOfPage\":{\"@id\":\"https:\\\/\\\/regiaonews.net.br\\\/2022\\\/2021\\\/09\\\/29\\\/caminhando-com-maria-2021-sera-no-formato-de-carreata\\\/\"},\"wordCount\":297,\"commentCount\":0,\"publisher\":{\"@id\":\"https:\\\/\\\/regiaonews.net.br\\\/2022\\\/#organization\"},\"image\":{\"@id\":\"https:\\\/\\\/regiaonews.net.br\\\/2022\\\/2021\\\/09\\\/29\\\/caminhando-com-maria-2021-sera-no-formato-de-carreata\\\/#primaryimage\"},\"thumbnailUrl\":\"https:\\\/\\\/regiaonews.net.br\\\/2022\\\/wp-content\\\/uploads\\\/2021\\\/09\\\/WhatsApp-Image-2021-09-29-at-13.40.48.jpeg\",\"articleSection\":[\"Barretos\",\"Cidades\"],\"inLanguage\":\"pt-BR\",\"potentialAction\":[{\"@type\":\"CommentAction\",\"name\":\"Comment\",\"target\":[\"https:\\\/\\\/regiaonews.net.br\\\/2022\\\/2021\\\/09\\\/29\\\/caminhando-com-maria-2021-sera-no-formato-de-carreata\\\/#respond\"]}]},{\"@type\":\"WebPage\",\"@id\":\"https:\\\/\\\/regiaonews.net.br\\\/2022\\\/2021\\\/09\\\/29\\\/caminhando-com-maria-2021-sera-no-formato-de-carreata\\\/\",\"url\":\"https:\\\/\\\/regiaonews.net.br\\\/2022\\\/2021\\\/09\\\/29\\\/caminhando-com-maria-2021-sera-no-formato-de-carreata\\\/\",\"name\":\"Caminhando com Maria 2021 ser\u00e1 no formato de carreata - Regi\u00e3o News\",\"isPartOf\":{\"@id\":\"https:\\\/\\\/regiaonews.net.br\\\/2022\\\/#website\"},\"primaryImageOfPage\":{\"@id\":\"https:\\\/\\\/regiaonews.net.br\\\/2022\\\/2021\\\/09\\\/29\\\/caminhando-com-maria-2021-sera-no-formato-de-carreata\\\/#primaryimage\"},\"image\":{\"@id\":\"https:\\\/\\\/regiaonews.net.br\\\/2022\\\/2021\\\/09\\\/29\\\/caminhando-com-maria-2021-sera-no-formato-de-carreata\\\/#primaryimage\"},\"thumbnailUrl\":\"https:\\\/\\\/regiaonews.net.br\\\/2022\\\/wp-content\\\/uploads\\\/2021\\\/09\\\/WhatsApp-Image-2021-09-29-at-13.40.48.jpeg\",\"datePublished\":\"2021-09-29T16:44:06+00:00\",\"breadcrumb\":{\"@id\":\"https:\\\/\\\/regiaonews.net.br\\\/2022\\\/2021\\\/09\\\/29\\\/caminhando-com-maria-2021-sera-no-formato-de-carreata\\\/#breadcrumb\"},\"inLanguage\":\"pt-BR\",\"potentialAction\":[{\"@type\":\"ReadAction\",\"target\":[\"https:\\\/\\\/regiaonews.net.br\\\/2022\\\/2021\\\/09\\\/29\\\/caminhando-com-maria-2021-sera-no-formato-de-carreata\\\/\"]}]},{\"@type\":\"ImageObject\",\"inLanguage\":\"pt-BR\",\"@id\":\"https:\\\/\\\/regiaonews.net.br\\\/2022\\\/2021\\\/09\\\/29\\\/caminhando-com-maria-2021-sera-no-formato-de-carreata\\\/#primaryimage\",\"url\":\"https:\\\/\\\/regiaonews.net.br\\\/2022\\\/wp-content\\\/uploads\\\/2021\\\/09\\\/WhatsApp-Image-2021-09-29-at-13.40.48.jpeg\",\"contentUrl\":\"https:\\\/\\\/regiaonews.net.br\\\/2022\\\/wp-content\\\/uploads\\\/2021\\\/09\\\/WhatsApp-Image-2021-09-29-at-13.40.48.jpeg\",\"width\":1280,\"height\":874},{\"@type\":\"BreadcrumbList\",\"@id\":\"https:\\\/\\\/regiaonews.net.br\\\/2022\\\/2021\\\/09\\\/29\\\/caminhando-com-maria-2021-sera-no-formato-de-carreata\\\/#breadcrumb\",\"itemListElement\":[{\"@type\":\"ListItem\",\"position\":1,\"name\":\"In\u00edcio\",\"item\":\"https:\\\/\\\/regiaonews.net.br\\\/2022\\\/\"},{\"@type\":\"ListItem\",\"position\":2,\"name\":\"Caminhando com Maria 2021 ser\u00e1 no formato de carreata\"}]},{\"@type\":\"WebSite\",\"@id\":\"https:\\\/\\\/regiaonews.net.br\\\/2022\\\/#website\",\"url\":\"https:\\\/\\\/regiaonews.net.br\\\/2022\\\/\",\"name\":\"Regi\u00e3o News\",\"description\":\"Site de Not\u00edcias de Barretos e regi\u00e3o\",\"publisher\":{\"@id\":\"https:\\\/\\\/regiaonews.net.br\\\/2022\\\/#organization\"},\"potentialAction\":[{\"@type\":\"SearchAction\",\"target\":{\"@type\":\"EntryPoint\",\"urlTemplate\":\"https:\\\/\\\/regiaonews.net.br\\\/2022\\\/?s={search_term_string}\"},\"query-input\":{\"@type\":\"PropertyValueSpecification\",\"valueRequired\":true,\"valueName\":\"search_term_string\"}}],\"inLanguage\":\"pt-BR\"},{\"@type\":\"Organization\",\"@id\":\"https:\\\/\\\/regiaonews.net.br\\\/2022\\\/#organization\",\"name\":\"Regi\u00e3o News\",\"url\":\"https:\\\/\\\/regiaonews.net.br\\\/2022\\\/\",\"logo\":{\"@type\":\"ImageObject\",\"inLanguage\":\"pt-BR\",\"@id\":\"https:\\\/\\\/regiaonews.net.br\\\/2022\\\/#\\\/schema\\\/logo\\\/image\\\/\",\"url\":\"https:\\\/\\\/regiaonews.net.br\\\/2022\\\/wp-content\\\/uploads\\\/2026\\\/03\\\/regiao-13-anos-scaled.jpg\",\"contentUrl\":\"https:\\\/\\\/regiaonews.net.br\\\/2022\\\/wp-content\\\/uploads\\\/2026\\\/03\\\/regiao-13-anos-scaled.jpg\",\"width\":2560,\"height\":635,\"caption\":\"Regi\u00e3o News\"},\"image\":{\"@id\":\"https:\\\/\\\/regiaonews.net.br\\\/2022\\\/#\\\/schema\\\/logo\\\/image\\\/\"}},{\"@type\":\"Person\",\"@id\":\"https:\\\/\\\/regiaonews.net.br\\\/2022\\\/#\\\/schema\\\/person\\\/2d205a608a5aa97ac279d7a5e6d89ad8\",\"name\":\"Roberto\",\"image\":{\"@type\":\"ImageObject\",\"inLanguage\":\"pt-BR\",\"@id\":\"https:\\\/\\\/secure.gravatar.com\\\/avatar\\\/42749d8b712ff9d59ca93dc150494e5b55a44134482993f5baeb97e61b7ecc89?s=96&d=mm&r=g\",\"url\":\"https:\\\/\\\/secure.gravatar.com\\\/avatar\\\/42749d8b712ff9d59ca93dc150494e5b55a44134482993f5baeb97e61b7ecc89?s=96&d=mm&r=g\",\"contentUrl\":\"https:\\\/\\\/secure.gravatar.com\\\/avatar\\\/42749d8b712ff9d59ca93dc150494e5b55a44134482993f5baeb97e61b7ecc89?s=96&d=mm&r=g\",\"caption\":\"Roberto\"},\"url\":\"https:\\\/\\\/regiaonews.net.br\\\/2022\\\/author\\\/roberto\\\/\"}]}<\/script>\n<!-- \/ Yoast SEO plugin. -->","yoast_head_json":{"title":"Caminhando com Maria 2021 ser\u00e1 no formato de carreata - Regi\u00e3o News","robots":{"index":"index","follow":"follow","max-snippet":"max-snippet:-1","max-image-preview":"max-image-preview:large","max-video-preview":"max-video-preview:-1"},"canonical":"https:\/\/regiaonews.net.br\/2022\/2021\/09\/29\/caminhando-com-maria-2021-sera-no-formato-de-carreata\/","og_locale":"pt_BR","og_type":"article","og_title":"Caminhando com Maria 2021 ser\u00e1 no formato de carreata - Regi\u00e3o News","og_description":"Considerando ainda o momento de pandemia da Covid-19, o clero","og_url":"https:\/\/regiaonews.net.br\/2022\/2021\/09\/29\/caminhando-com-maria-2021-sera-no-formato-de-carreata\/","og_site_name":"Regi\u00e3o News","article_published_time":"2021-09-29T16:44:06+00:00","og_image":[{"width":1280,"height":874,"url":"https:\/\/regiaonews.net.br\/2022\/wp-content\/uploads\/2021\/09\/WhatsApp-Image-2021-09-29-at-13.40.48.jpeg","type":"image\/jpeg"}],"author":"Roberto","twitter_card":"summary_large_image","twitter_misc":{"Escrito por":"Roberto","Est. tempo de leitura":"1 minuto"},"schema":{"@context":"https:\/\/schema.org","@graph":[{"@type":"Article","@id":"https:\/\/regiaonews.net.br\/2022\/2021\/09\/29\/caminhando-com-maria-2021-sera-no-formato-de-carreata\/#article","isPartOf":{"@id":"https:\/\/regiaonews.net.br\/2022\/2021\/09\/29\/caminhando-com-maria-2021-sera-no-formato-de-carreata\/"},"author":{"name":"Roberto","@id":"https:\/\/regiaonews.net.br\/2022\/#\/schema\/person\/2d205a608a5aa97ac279d7a5e6d89ad8"},"headline":"Caminhando com Maria 2021 ser\u00e1 no formato de carreata","datePublished":"2021-09-29T16:44:06+00:00","mainEntityOfPage":{"@id":"https:\/\/regiaonews.net.br\/2022\/2021\/09\/29\/caminhando-com-maria-2021-sera-no-formato-de-carreata\/"},"wordCount":297,"commentCount":0,"publisher":{"@id":"https:\/\/regiaonews.net.br\/2022\/#organization"},"image":{"@id":"https:\/\/regiaonews.net.br\/2022\/2021\/09\/29\/caminhando-com-maria-2021-sera-no-formato-de-carreata\/#primaryimage"},"thumbnailUrl":"https:\/\/regiaonews.net.br\/2022\/wp-content\/uploads\/2021\/09\/WhatsApp-Image-2021-09-29-at-13.40.48.jpeg","articleSection":["Barretos","Cidades"],"inLanguage":"pt-BR","potentialAction":[{"@type":"CommentAction","name":"Comment","target":["https:\/\/regiaonews.net.br\/2022\/2021\/09\/29\/caminhando-com-maria-2021-sera-no-formato-de-carreata\/#respond"]}]},{"@type":"WebPage","@id":"https:\/\/regiaonews.net.br\/2022\/2021\/09\/29\/caminhando-com-maria-2021-sera-no-formato-de-carreata\/","url":"https:\/\/regiaonews.net.br\/2022\/2021\/09\/29\/caminhando-com-maria-2021-sera-no-formato-de-carreata\/","name":"Caminhando com Maria 2021 ser\u00e1 no formato de carreata - Regi\u00e3o News","isPartOf":{"@id":"https:\/\/regiaonews.net.br\/2022\/#website"},"primaryImageOfPage":{"@id":"https:\/\/regiaonews.net.br\/2022\/2021\/09\/29\/caminhando-com-maria-2021-sera-no-formato-de-carreata\/#primaryimage"},"image":{"@id":"https:\/\/regiaonews.net.br\/2022\/2021\/09\/29\/caminhando-com-maria-2021-sera-no-formato-de-carreata\/#primaryimage"},"thumbnailUrl":"https:\/\/regiaonews.net.br\/2022\/wp-content\/uploads\/2021\/09\/WhatsApp-Image-2021-09-29-at-13.40.48.jpeg","datePublished":"2021-09-29T16:44:06+00:00","breadcrumb":{"@id":"https:\/\/regiaonews.net.br\/2022\/2021\/09\/29\/caminhando-com-maria-2021-sera-no-formato-de-carreata\/#breadcrumb"},"inLanguage":"pt-BR","potentialAction":[{"@type":"ReadAction","target":["https:\/\/regiaonews.net.br\/2022\/2021\/09\/29\/caminhando-com-maria-2021-sera-no-formato-de-carreata\/"]}]},{"@type":"ImageObject","inLanguage":"pt-BR","@id":"https:\/\/regiaonews.net.br\/2022\/2021\/09\/29\/caminhando-com-maria-2021-sera-no-formato-de-carreata\/#primaryimage","url":"https:\/\/regiaonews.net.br\/2022\/wp-content\/uploads\/2021\/09\/WhatsApp-Image-2021-09-29-at-13.40.48.jpeg","contentUrl":"https:\/\/regiaonews.net.br\/2022\/wp-content\/uploads\/2021\/09\/WhatsApp-Image-2021-09-29-at-13.40.48.jpeg","width":1280,"height":874},{"@type":"BreadcrumbList","@id":"https:\/\/regiaonews.net.br\/2022\/2021\/09\/29\/caminhando-com-maria-2021-sera-no-formato-de-carreata\/#breadcrumb","itemListElement":[{"@type":"ListItem","position":1,"name":"In\u00edcio","item":"https:\/\/regiaonews.net.br\/2022\/"},{"@type":"ListItem","position":2,"name":"Caminhando com Maria 2021 ser\u00e1 no formato de carreata"}]},{"@type":"WebSite","@id":"https:\/\/regiaonews.net.br\/2022\/#website","url":"https:\/\/regiaonews.net.br\/2022\/","name":"Regi\u00e3o News","description":"Site de Not\u00edcias de Barretos e regi\u00e3o","publisher":{"@id":"https:\/\/regiaonews.net.br\/2022\/#organization"},"potentialAction":[{"@type":"SearchAction","target":{"@type":"EntryPoint","urlTemplate":"https:\/\/regiaonews.net.br\/2022\/?s={search_term_string}"},"query-input":{"@type":"PropertyValueSpecification","valueRequired":true,"valueName":"search_term_string"}}],"inLanguage":"pt-BR"},{"@type":"Organization","@id":"https:\/\/regiaonews.net.br\/2022\/#organization","name":"Regi\u00e3o News","url":"https:\/\/regiaonews.net.br\/2022\/","logo":{"@type":"ImageObject","inLanguage":"pt-BR","@id":"https:\/\/regiaonews.net.br\/2022\/#\/schema\/logo\/image\/","url":"https:\/\/regiaonews.net.br\/2022\/wp-content\/uploads\/2026\/03\/regiao-13-anos-scaled.jpg","contentUrl":"https:\/\/regiaonews.net.br\/2022\/wp-content\/uploads\/2026\/03\/regiao-13-anos-scaled.jpg","width":2560,"height":635,"caption":"Regi\u00e3o News"},"image":{"@id":"https:\/\/regiaonews.net.br\/2022\/#\/schema\/logo\/image\/"}},{"@type":"Person","@id":"https:\/\/regiaonews.net.br\/2022\/#\/schema\/person\/2d205a608a5aa97ac279d7a5e6d89ad8","name":"Roberto","image":{"@type":"ImageObject","inLanguage":"pt-BR","@id":"https:\/\/secure.gravatar.com\/avatar\/42749d8b712ff9d59ca93dc150494e5b55a44134482993f5baeb97e61b7ecc89?s=96&d=mm&r=g","url":"https:\/\/secure.gravatar.com\/avatar\/42749d8b712ff9d59ca93dc150494e5b55a44134482993f5baeb97e61b7ecc89?s=96&d=mm&r=g","contentUrl":"https:\/\/secure.gravatar.com\/avatar\/42749d8b712ff9d59ca93dc150494e5b55a44134482993f5baeb97e61b7ecc89?s=96&d=mm&r=g","caption":"Roberto"},"url":"https:\/\/regiaonews.net.br\/2022\/author\/roberto\/"}]}},"publishpress_future_action":{"enabled":false,"date":"2026-05-04 04:33:50","action":"change-status","newStatus":"draft","terms":[],"taxonomy":"category","extraData":[]},"publishpress_future_workflow_manual_trigger":{"enabledWorkflows":[]},"_links":{"self":[{"href":"https:\/\/regiaonews.net.br\/2022\/wp-json\/wp\/v2\/posts\/54060","targetHints":{"allow":["GET"]}}],"collection":[{"href":"https:\/\/regiaonews.net.br\/2022\/wp-json\/wp\/v2\/posts"}],"about":[{"href":"https:\/\/regiaonews.net.br\/2022\/wp-json\/wp\/v2\/types\/post"}],"author":[{"embeddable":true,"href":"https:\/\/regiaonews.net.br\/2022\/wp-json\/wp\/v2\/users\/2"}],"replies":[{"embeddable":true,"href":"https:\/\/regiaonews.net.br\/2022\/wp-json\/wp\/v2\/comments?post=54060"}],"version-history":[{"count":0,"href":"https:\/\/regiaonews.net.br\/2022\/wp-json\/wp\/v2\/posts\/54060\/revisions"}],"wp:featuredmedia":[{"embeddable":true,"href":"https:\/\/regiaonews.net.br\/2022\/wp-json\/wp\/v2\/media\/54061"}],"wp:attachment":[{"href":"https:\/\/regiaonews.net.br\/2022\/wp-json\/wp\/v2\/media?parent=54060"}],"wp:term":[{"taxonomy":"category","embeddable":true,"href":"https:\/\/regiaonews.net.br\/2022\/wp-json\/wp\/v2\/categories?post=54060"},{"taxonomy":"post_tag","embeddable":true,"href":"https:\/\/regiaonews.net.br\/2022\/wp-json\/wp\/v2\/tags?post=54060"}],"curies":[{"name":"wp","href":"https:\/\/api.w.org\/{rel}","templated":true}]}}