{"id":54050,"date":"2021-09-29T08:15:48","date_gmt":"2021-09-29T11:15:48","guid":{"rendered":"https:\/\/regiaonews.net.br\/2022\/?p=54050"},"modified":"2021-09-29T08:15:48","modified_gmt":"2021-09-29T11:15:48","slug":"termina-amanha-prazo-para-pagamento-das-meis","status":"publish","type":"post","link":"https:\/\/regiaonews.net.br\/2022\/2021\/09\/29\/termina-amanha-prazo-para-pagamento-das-meis\/","title":{"rendered":"Termina amanh\u00e3 prazo para pagamento das MEIs"},"content":{"rendered":"<p>*<a href=\"https:\/\/regiaonews.net.br\/2022\/wp-content\/uploads\/2021\/04\/Danilo-Nunes.jpg\"><img loading=\"lazy\" decoding=\"async\" class=\"alignnone size-medium wp-image-45011\" src=\"https:\/\/regiaonews.net.br\/2022\/wp-content\/uploads\/2021\/04\/Danilo-Nunes-300x242.jpg\" alt=\"\" width=\"300\" height=\"242\" \/><\/a>*<\/p>\n<p>&nbsp;<\/p>\n<p>A receita federal prorrogou para at\u00e9 o dia 30 de setembro, nesta quinta- feira, o prazo para a regulariza\u00e7\u00e3o dos d\u00e9bitos de MEIS. Agora, os Microempreendedores Individuais (MEIs) com impostos atrasados t\u00eam at\u00e9 o dia 30 de setembro para regularizar ou efetuar o parcelamento dos d\u00e9bitos. O prazo inicial era 31 de agosto, mas foi prorrogado pela Receita Federal. O descumprimento do prazo deve acarretar a inser\u00e7\u00e3o dos CNPJs em d\u00edvida ativa, com cobran\u00e7a dos d\u00e9bitos na Justi\u00e7a com a incid\u00eancia de juros e de outros encargos previstos em lei, al\u00e9m dificuldades na obten\u00e7\u00e3o de empr\u00e9stimos e financiamentos com institui\u00e7\u00f5es banc\u00e1rias,<br \/>\nA Associa\u00e7\u00e3o Comercial alerta para que o MEI regularize a situa\u00e7\u00e3o at\u00e9 o prazo previsto. A n\u00e3o regulariza\u00e7\u00e3o tamb\u00e9m deve implicar em exlclus\u00e3o dos regimes Simples Nacional e Simei pela Receita Federal, estados e munic\u00edpios;cancelamento de cadastros junto ao Instituto Nacional de Seguridade Social (INSS), resultando em perda dos benef\u00edcios previdenci\u00e1rios. A ACIB ressalta ainda que, ao ser inscrito em d\u00edvida ativa, o processo para recolhimento dos impostos ficar\u00e1 mais burocr\u00e1tico, j\u00e1 que o recolhimento dos d\u00e9bitos de INSS ser\u00e1 feito por meio de um documento espec\u00edfico da D\u00edvida Ativa da Uni\u00e3o (DAU), e os tributos estaduais e municipais dever\u00e3o ser quitados por meio de uma guia pr\u00f3pria do ente respons\u00e1vel. Tamb\u00e9m deve ocorrer uma maior dificuldade para aquisi\u00e7\u00e3o e financiamentos e empr\u00e9stimos.<br \/>\nPara Danilo Nunes, coordenador das entidades do com\u00e9rcio, a regulariza\u00e7\u00e3o \u00e9 fundamental.&#8221;\u00c9 de conhecimento de todos a situa\u00e7\u00e3o dos comerciantes, especialmente os pequenos que foram ainda mais impactados pela economia neste momento, mas \u00e9 muito importante manter a regularidade fiscal em momentos de crise&#8221;, afirma .<\/p>\n<p>*Consulta*<br \/>\nD\u00e9bitos em cobran\u00e7a podem ser consultados no Programa Gerador de Documento de Arrecada\u00e7\u00e3o do Simples Nacional (DAS) do Microempreendedor Individual (PGMEI), dispon\u00edvel no Portal do Simples Nacional. Para tal, \u00e9 preciso ter o certificado digital ou o c\u00f3digo de acesso, selecionar a op\u00e7\u00e3o \u201cConsulta Extrato\/Pend\u00eancias\u201d, \u201cConsulta Pend\u00eancias no Simei\u201d. H\u00e1 tamb\u00e9m a possibilidade de gerar o DAS para pagamento.<br \/>\nO DAS tamb\u00e9m pode ser emitido pelo App MEI, dispon\u00edvel para celulares Android ou iOS.<br \/>\nA Receita Federal encaminhar\u00e1 os d\u00e9bitos apurados nas DASN-Simei (Declara\u00e7\u00f5es Anuais Simplificadas para o Microempreendedor Individual) n\u00e3o regularizados para inscri\u00e7\u00e3o em d\u00edvida ativa. Essa d\u00edvida ser\u00e1 cobrada na justi\u00e7a com juros e outros encargos previstos em lei.<\/p>\n<p>*MEIs em n\u00fameros: *<br \/>\nSegundo dados da Serasa Experian, s\u00f3 neste semestre foram abertos 1,6 milh\u00e3o de microempreendedores individuais, alta mais relevante desde 2012.<\/p>\n<p>O que vem impulsionando esse crescimento?<br \/>\nO aumento do desemprego e o crescimento de pequenos neg\u00f3cios, entre eles sal\u00f5es de beleza, academias, atividades artesanais, culin\u00e1rias e de bem-estar lideram o segmento. Tamb\u00e9m impulsiona esse crescimento uma sa\u00edda da informalidade na busca pela formaliza\u00e7\u00e3o.<\/p>\n<p>*Inscri\u00e7\u00e3o dos d\u00e9bitos:*<br \/>\nO envio dos d\u00e9bitos \u00e0 d\u00edvida ativa deve acontecer da seguinte forma:<br \/>\na)D\u00edvida previdenci\u00e1ria (INSS) e demais tributos federais ser\u00e3o encaminhados \u00e0 Procuradoria-Geral da Fazenda Nacional (PGFN) para inscri\u00e7\u00e3o em D\u00edvida Ativa da Uni\u00e3o, com acr\u00e9scimo de 20% a t\u00edtulo de encargos;<br \/>\nb)D\u00edvida relativa a ISSQN e\/ou ICMS ser\u00e1 transferida ao Munic\u00edpio ou ao Estado, conforme o caso, para inscri\u00e7\u00e3o em D\u00edvida Ativa Municipal e\/ou Estadual, com acr\u00e9scimo de encargos de acordo com a legisla\u00e7\u00e3o de cada ente federativo.<\/p>\n","protected":false},"excerpt":{"rendered":"<p>** &nbsp; A receita federal prorrogou para at\u00e9 o dia<\/p>\n","protected":false},"author":2,"featured_media":45011,"comment_status":"open","ping_status":"open","sticky":false,"template":"","format":"standard","meta":{"footnotes":""},"categories":[14,48],"tags":[],"class_list":["post-54050","post","type-post","status-publish","format-standard","has-post-thumbnail","hentry","category-barretos","category-comercio"],"yoast_head":"<!-- This site is optimized with the Yoast SEO plugin v27.4 - https:\/\/yoast.com\/product\/yoast-seo-wordpress\/ -->\n<title>Termina amanh\u00e3 prazo para pagamento das MEIs - Regi\u00e3o News<\/title>\n<meta name=\"robots\" content=\"index, follow, max-snippet:-1, max-image-preview:large, max-video-preview:-1\" \/>\n<link rel=\"canonical\" href=\"https:\/\/regiaonews.net.br\/2022\/2021\/09\/29\/termina-amanha-prazo-para-pagamento-das-meis\/\" \/>\n<meta property=\"og:locale\" content=\"pt_BR\" \/>\n<meta property=\"og:type\" content=\"article\" \/>\n<meta property=\"og:title\" content=\"Termina amanh\u00e3 prazo para pagamento das MEIs - Regi\u00e3o News\" \/>\n<meta property=\"og:description\" content=\"** &nbsp; A receita federal prorrogou para at\u00e9 o dia\" \/>\n<meta property=\"og:url\" content=\"https:\/\/regiaonews.net.br\/2022\/2021\/09\/29\/termina-amanha-prazo-para-pagamento-das-meis\/\" \/>\n<meta property=\"og:site_name\" content=\"Regi\u00e3o News\" \/>\n<meta property=\"article:published_time\" content=\"2021-09-29T11:15:48+00:00\" \/>\n<meta property=\"og:image\" content=\"https:\/\/regiaonews.net.br\/2022\/wp-content\/uploads\/2021\/04\/Danilo-Nunes.jpg\" \/>\n\t<meta property=\"og:image:width\" content=\"919\" \/>\n\t<meta property=\"og:image:height\" content=\"742\" \/>\n\t<meta property=\"og:image:type\" content=\"image\/jpeg\" \/>\n<meta name=\"author\" content=\"Roberto\" \/>\n<meta name=\"twitter:card\" content=\"summary_large_image\" \/>\n<meta name=\"twitter:label1\" content=\"Escrito por\" \/>\n\t<meta name=\"twitter:data1\" content=\"Roberto\" \/>\n\t<meta name=\"twitter:label2\" content=\"Est. tempo de leitura\" \/>\n\t<meta name=\"twitter:data2\" content=\"3 minutos\" \/>\n<script type=\"application\/ld+json\" class=\"yoast-schema-graph\">{\"@context\":\"https:\\\/\\\/schema.org\",\"@graph\":[{\"@type\":\"Article\",\"@id\":\"https:\\\/\\\/regiaonews.net.br\\\/2022\\\/2021\\\/09\\\/29\\\/termina-amanha-prazo-para-pagamento-das-meis\\\/#article\",\"isPartOf\":{\"@id\":\"https:\\\/\\\/regiaonews.net.br\\\/2022\\\/2021\\\/09\\\/29\\\/termina-amanha-prazo-para-pagamento-das-meis\\\/\"},\"author\":{\"name\":\"Roberto\",\"@id\":\"https:\\\/\\\/regiaonews.net.br\\\/2022\\\/#\\\/schema\\\/person\\\/2d205a608a5aa97ac279d7a5e6d89ad8\"},\"headline\":\"Termina amanh\u00e3 prazo para pagamento das MEIs\",\"datePublished\":\"2021-09-29T11:15:48+00:00\",\"mainEntityOfPage\":{\"@id\":\"https:\\\/\\\/regiaonews.net.br\\\/2022\\\/2021\\\/09\\\/29\\\/termina-amanha-prazo-para-pagamento-das-meis\\\/\"},\"wordCount\":615,\"commentCount\":0,\"publisher\":{\"@id\":\"https:\\\/\\\/regiaonews.net.br\\\/2022\\\/#organization\"},\"image\":{\"@id\":\"https:\\\/\\\/regiaonews.net.br\\\/2022\\\/2021\\\/09\\\/29\\\/termina-amanha-prazo-para-pagamento-das-meis\\\/#primaryimage\"},\"thumbnailUrl\":\"https:\\\/\\\/regiaonews.net.br\\\/2022\\\/wp-content\\\/uploads\\\/2021\\\/04\\\/Danilo-Nunes.jpg\",\"articleSection\":[\"Barretos\",\"Com\u00e9rcio\"],\"inLanguage\":\"pt-BR\",\"potentialAction\":[{\"@type\":\"CommentAction\",\"name\":\"Comment\",\"target\":[\"https:\\\/\\\/regiaonews.net.br\\\/2022\\\/2021\\\/09\\\/29\\\/termina-amanha-prazo-para-pagamento-das-meis\\\/#respond\"]}]},{\"@type\":\"WebPage\",\"@id\":\"https:\\\/\\\/regiaonews.net.br\\\/2022\\\/2021\\\/09\\\/29\\\/termina-amanha-prazo-para-pagamento-das-meis\\\/\",\"url\":\"https:\\\/\\\/regiaonews.net.br\\\/2022\\\/2021\\\/09\\\/29\\\/termina-amanha-prazo-para-pagamento-das-meis\\\/\",\"name\":\"Termina amanh\u00e3 prazo para pagamento das MEIs - Regi\u00e3o News\",\"isPartOf\":{\"@id\":\"https:\\\/\\\/regiaonews.net.br\\\/2022\\\/#website\"},\"primaryImageOfPage\":{\"@id\":\"https:\\\/\\\/regiaonews.net.br\\\/2022\\\/2021\\\/09\\\/29\\\/termina-amanha-prazo-para-pagamento-das-meis\\\/#primaryimage\"},\"image\":{\"@id\":\"https:\\\/\\\/regiaonews.net.br\\\/2022\\\/2021\\\/09\\\/29\\\/termina-amanha-prazo-para-pagamento-das-meis\\\/#primaryimage\"},\"thumbnailUrl\":\"https:\\\/\\\/regiaonews.net.br\\\/2022\\\/wp-content\\\/uploads\\\/2021\\\/04\\\/Danilo-Nunes.jpg\",\"datePublished\":\"2021-09-29T11:15:48+00:00\",\"breadcrumb\":{\"@id\":\"https:\\\/\\\/regiaonews.net.br\\\/2022\\\/2021\\\/09\\\/29\\\/termina-amanha-prazo-para-pagamento-das-meis\\\/#breadcrumb\"},\"inLanguage\":\"pt-BR\",\"potentialAction\":[{\"@type\":\"ReadAction\",\"target\":[\"https:\\\/\\\/regiaonews.net.br\\\/2022\\\/2021\\\/09\\\/29\\\/termina-amanha-prazo-para-pagamento-das-meis\\\/\"]}]},{\"@type\":\"ImageObject\",\"inLanguage\":\"pt-BR\",\"@id\":\"https:\\\/\\\/regiaonews.net.br\\\/2022\\\/2021\\\/09\\\/29\\\/termina-amanha-prazo-para-pagamento-das-meis\\\/#primaryimage\",\"url\":\"https:\\\/\\\/regiaonews.net.br\\\/2022\\\/wp-content\\\/uploads\\\/2021\\\/04\\\/Danilo-Nunes.jpg\",\"contentUrl\":\"https:\\\/\\\/regiaonews.net.br\\\/2022\\\/wp-content\\\/uploads\\\/2021\\\/04\\\/Danilo-Nunes.jpg\",\"width\":919,\"height\":742},{\"@type\":\"BreadcrumbList\",\"@id\":\"https:\\\/\\\/regiaonews.net.br\\\/2022\\\/2021\\\/09\\\/29\\\/termina-amanha-prazo-para-pagamento-das-meis\\\/#breadcrumb\",\"itemListElement\":[{\"@type\":\"ListItem\",\"position\":1,\"name\":\"In\u00edcio\",\"item\":\"https:\\\/\\\/regiaonews.net.br\\\/2022\\\/\"},{\"@type\":\"ListItem\",\"position\":2,\"name\":\"Termina amanh\u00e3 prazo para pagamento das MEIs\"}]},{\"@type\":\"WebSite\",\"@id\":\"https:\\\/\\\/regiaonews.net.br\\\/2022\\\/#website\",\"url\":\"https:\\\/\\\/regiaonews.net.br\\\/2022\\\/\",\"name\":\"Regi\u00e3o News\",\"description\":\"Site de Not\u00edcias de Barretos e regi\u00e3o\",\"publisher\":{\"@id\":\"https:\\\/\\\/regiaonews.net.br\\\/2022\\\/#organization\"},\"potentialAction\":[{\"@type\":\"SearchAction\",\"target\":{\"@type\":\"EntryPoint\",\"urlTemplate\":\"https:\\\/\\\/regiaonews.net.br\\\/2022\\\/?s={search_term_string}\"},\"query-input\":{\"@type\":\"PropertyValueSpecification\",\"valueRequired\":true,\"valueName\":\"search_term_string\"}}],\"inLanguage\":\"pt-BR\"},{\"@type\":\"Organization\",\"@id\":\"https:\\\/\\\/regiaonews.net.br\\\/2022\\\/#organization\",\"name\":\"Regi\u00e3o News\",\"url\":\"https:\\\/\\\/regiaonews.net.br\\\/2022\\\/\",\"logo\":{\"@type\":\"ImageObject\",\"inLanguage\":\"pt-BR\",\"@id\":\"https:\\\/\\\/regiaonews.net.br\\\/2022\\\/#\\\/schema\\\/logo\\\/image\\\/\",\"url\":\"https:\\\/\\\/regiaonews.net.br\\\/2022\\\/wp-content\\\/uploads\\\/2026\\\/03\\\/regiao-13-anos-scaled.jpg\",\"contentUrl\":\"https:\\\/\\\/regiaonews.net.br\\\/2022\\\/wp-content\\\/uploads\\\/2026\\\/03\\\/regiao-13-anos-scaled.jpg\",\"width\":2560,\"height\":635,\"caption\":\"Regi\u00e3o News\"},\"image\":{\"@id\":\"https:\\\/\\\/regiaonews.net.br\\\/2022\\\/#\\\/schema\\\/logo\\\/image\\\/\"}},{\"@type\":\"Person\",\"@id\":\"https:\\\/\\\/regiaonews.net.br\\\/2022\\\/#\\\/schema\\\/person\\\/2d205a608a5aa97ac279d7a5e6d89ad8\",\"name\":\"Roberto\",\"image\":{\"@type\":\"ImageObject\",\"inLanguage\":\"pt-BR\",\"@id\":\"https:\\\/\\\/secure.gravatar.com\\\/avatar\\\/42749d8b712ff9d59ca93dc150494e5b55a44134482993f5baeb97e61b7ecc89?s=96&d=mm&r=g\",\"url\":\"https:\\\/\\\/secure.gravatar.com\\\/avatar\\\/42749d8b712ff9d59ca93dc150494e5b55a44134482993f5baeb97e61b7ecc89?s=96&d=mm&r=g\",\"contentUrl\":\"https:\\\/\\\/secure.gravatar.com\\\/avatar\\\/42749d8b712ff9d59ca93dc150494e5b55a44134482993f5baeb97e61b7ecc89?s=96&d=mm&r=g\",\"caption\":\"Roberto\"},\"url\":\"https:\\\/\\\/regiaonews.net.br\\\/2022\\\/author\\\/roberto\\\/\"}]}<\/script>\n<!-- \/ Yoast SEO plugin. -->","yoast_head_json":{"title":"Termina amanh\u00e3 prazo para pagamento das MEIs - Regi\u00e3o News","robots":{"index":"index","follow":"follow","max-snippet":"max-snippet:-1","max-image-preview":"max-image-preview:large","max-video-preview":"max-video-preview:-1"},"canonical":"https:\/\/regiaonews.net.br\/2022\/2021\/09\/29\/termina-amanha-prazo-para-pagamento-das-meis\/","og_locale":"pt_BR","og_type":"article","og_title":"Termina amanh\u00e3 prazo para pagamento das MEIs - Regi\u00e3o News","og_description":"** &nbsp; A receita federal prorrogou para at\u00e9 o dia","og_url":"https:\/\/regiaonews.net.br\/2022\/2021\/09\/29\/termina-amanha-prazo-para-pagamento-das-meis\/","og_site_name":"Regi\u00e3o News","article_published_time":"2021-09-29T11:15:48+00:00","og_image":[{"width":919,"height":742,"url":"https:\/\/regiaonews.net.br\/2022\/wp-content\/uploads\/2021\/04\/Danilo-Nunes.jpg","type":"image\/jpeg"}],"author":"Roberto","twitter_card":"summary_large_image","twitter_misc":{"Escrito por":"Roberto","Est. tempo de leitura":"3 minutos"},"schema":{"@context":"https:\/\/schema.org","@graph":[{"@type":"Article","@id":"https:\/\/regiaonews.net.br\/2022\/2021\/09\/29\/termina-amanha-prazo-para-pagamento-das-meis\/#article","isPartOf":{"@id":"https:\/\/regiaonews.net.br\/2022\/2021\/09\/29\/termina-amanha-prazo-para-pagamento-das-meis\/"},"author":{"name":"Roberto","@id":"https:\/\/regiaonews.net.br\/2022\/#\/schema\/person\/2d205a608a5aa97ac279d7a5e6d89ad8"},"headline":"Termina amanh\u00e3 prazo para pagamento das MEIs","datePublished":"2021-09-29T11:15:48+00:00","mainEntityOfPage":{"@id":"https:\/\/regiaonews.net.br\/2022\/2021\/09\/29\/termina-amanha-prazo-para-pagamento-das-meis\/"},"wordCount":615,"commentCount":0,"publisher":{"@id":"https:\/\/regiaonews.net.br\/2022\/#organization"},"image":{"@id":"https:\/\/regiaonews.net.br\/2022\/2021\/09\/29\/termina-amanha-prazo-para-pagamento-das-meis\/#primaryimage"},"thumbnailUrl":"https:\/\/regiaonews.net.br\/2022\/wp-content\/uploads\/2021\/04\/Danilo-Nunes.jpg","articleSection":["Barretos","Com\u00e9rcio"],"inLanguage":"pt-BR","potentialAction":[{"@type":"CommentAction","name":"Comment","target":["https:\/\/regiaonews.net.br\/2022\/2021\/09\/29\/termina-amanha-prazo-para-pagamento-das-meis\/#respond"]}]},{"@type":"WebPage","@id":"https:\/\/regiaonews.net.br\/2022\/2021\/09\/29\/termina-amanha-prazo-para-pagamento-das-meis\/","url":"https:\/\/regiaonews.net.br\/2022\/2021\/09\/29\/termina-amanha-prazo-para-pagamento-das-meis\/","name":"Termina amanh\u00e3 prazo para pagamento das MEIs - Regi\u00e3o News","isPartOf":{"@id":"https:\/\/regiaonews.net.br\/2022\/#website"},"primaryImageOfPage":{"@id":"https:\/\/regiaonews.net.br\/2022\/2021\/09\/29\/termina-amanha-prazo-para-pagamento-das-meis\/#primaryimage"},"image":{"@id":"https:\/\/regiaonews.net.br\/2022\/2021\/09\/29\/termina-amanha-prazo-para-pagamento-das-meis\/#primaryimage"},"thumbnailUrl":"https:\/\/regiaonews.net.br\/2022\/wp-content\/uploads\/2021\/04\/Danilo-Nunes.jpg","datePublished":"2021-09-29T11:15:48+00:00","breadcrumb":{"@id":"https:\/\/regiaonews.net.br\/2022\/2021\/09\/29\/termina-amanha-prazo-para-pagamento-das-meis\/#breadcrumb"},"inLanguage":"pt-BR","potentialAction":[{"@type":"ReadAction","target":["https:\/\/regiaonews.net.br\/2022\/2021\/09\/29\/termina-amanha-prazo-para-pagamento-das-meis\/"]}]},{"@type":"ImageObject","inLanguage":"pt-BR","@id":"https:\/\/regiaonews.net.br\/2022\/2021\/09\/29\/termina-amanha-prazo-para-pagamento-das-meis\/#primaryimage","url":"https:\/\/regiaonews.net.br\/2022\/wp-content\/uploads\/2021\/04\/Danilo-Nunes.jpg","contentUrl":"https:\/\/regiaonews.net.br\/2022\/wp-content\/uploads\/2021\/04\/Danilo-Nunes.jpg","width":919,"height":742},{"@type":"BreadcrumbList","@id":"https:\/\/regiaonews.net.br\/2022\/2021\/09\/29\/termina-amanha-prazo-para-pagamento-das-meis\/#breadcrumb","itemListElement":[{"@type":"ListItem","position":1,"name":"In\u00edcio","item":"https:\/\/regiaonews.net.br\/2022\/"},{"@type":"ListItem","position":2,"name":"Termina amanh\u00e3 prazo para pagamento das MEIs"}]},{"@type":"WebSite","@id":"https:\/\/regiaonews.net.br\/2022\/#website","url":"https:\/\/regiaonews.net.br\/2022\/","name":"Regi\u00e3o News","description":"Site de Not\u00edcias de Barretos e regi\u00e3o","publisher":{"@id":"https:\/\/regiaonews.net.br\/2022\/#organization"},"potentialAction":[{"@type":"SearchAction","target":{"@type":"EntryPoint","urlTemplate":"https:\/\/regiaonews.net.br\/2022\/?s={search_term_string}"},"query-input":{"@type":"PropertyValueSpecification","valueRequired":true,"valueName":"search_term_string"}}],"inLanguage":"pt-BR"},{"@type":"Organization","@id":"https:\/\/regiaonews.net.br\/2022\/#organization","name":"Regi\u00e3o News","url":"https:\/\/regiaonews.net.br\/2022\/","logo":{"@type":"ImageObject","inLanguage":"pt-BR","@id":"https:\/\/regiaonews.net.br\/2022\/#\/schema\/logo\/image\/","url":"https:\/\/regiaonews.net.br\/2022\/wp-content\/uploads\/2026\/03\/regiao-13-anos-scaled.jpg","contentUrl":"https:\/\/regiaonews.net.br\/2022\/wp-content\/uploads\/2026\/03\/regiao-13-anos-scaled.jpg","width":2560,"height":635,"caption":"Regi\u00e3o News"},"image":{"@id":"https:\/\/regiaonews.net.br\/2022\/#\/schema\/logo\/image\/"}},{"@type":"Person","@id":"https:\/\/regiaonews.net.br\/2022\/#\/schema\/person\/2d205a608a5aa97ac279d7a5e6d89ad8","name":"Roberto","image":{"@type":"ImageObject","inLanguage":"pt-BR","@id":"https:\/\/secure.gravatar.com\/avatar\/42749d8b712ff9d59ca93dc150494e5b55a44134482993f5baeb97e61b7ecc89?s=96&d=mm&r=g","url":"https:\/\/secure.gravatar.com\/avatar\/42749d8b712ff9d59ca93dc150494e5b55a44134482993f5baeb97e61b7ecc89?s=96&d=mm&r=g","contentUrl":"https:\/\/secure.gravatar.com\/avatar\/42749d8b712ff9d59ca93dc150494e5b55a44134482993f5baeb97e61b7ecc89?s=96&d=mm&r=g","caption":"Roberto"},"url":"https:\/\/regiaonews.net.br\/2022\/author\/roberto\/"}]}},"publishpress_future_action":{"enabled":false,"date":"2026-05-03 23:58:28","action":"change-status","newStatus":"draft","terms":[],"taxonomy":"category","extraData":[]},"publishpress_future_workflow_manual_trigger":{"enabledWorkflows":[]},"_links":{"self":[{"href":"https:\/\/regiaonews.net.br\/2022\/wp-json\/wp\/v2\/posts\/54050","targetHints":{"allow":["GET"]}}],"collection":[{"href":"https:\/\/regiaonews.net.br\/2022\/wp-json\/wp\/v2\/posts"}],"about":[{"href":"https:\/\/regiaonews.net.br\/2022\/wp-json\/wp\/v2\/types\/post"}],"author":[{"embeddable":true,"href":"https:\/\/regiaonews.net.br\/2022\/wp-json\/wp\/v2\/users\/2"}],"replies":[{"embeddable":true,"href":"https:\/\/regiaonews.net.br\/2022\/wp-json\/wp\/v2\/comments?post=54050"}],"version-history":[{"count":0,"href":"https:\/\/regiaonews.net.br\/2022\/wp-json\/wp\/v2\/posts\/54050\/revisions"}],"wp:featuredmedia":[{"embeddable":true,"href":"https:\/\/regiaonews.net.br\/2022\/wp-json\/wp\/v2\/media\/45011"}],"wp:attachment":[{"href":"https:\/\/regiaonews.net.br\/2022\/wp-json\/wp\/v2\/media?parent=54050"}],"wp:term":[{"taxonomy":"category","embeddable":true,"href":"https:\/\/regiaonews.net.br\/2022\/wp-json\/wp\/v2\/categories?post=54050"},{"taxonomy":"post_tag","embeddable":true,"href":"https:\/\/regiaonews.net.br\/2022\/wp-json\/wp\/v2\/tags?post=54050"}],"curies":[{"name":"wp","href":"https:\/\/api.w.org\/{rel}","templated":true}]}}