{"id":54042,"date":"2021-09-28T23:40:52","date_gmt":"2021-09-29T02:40:52","guid":{"rendered":"https:\/\/regiaonews.net.br\/2022\/?p=54042"},"modified":"2021-09-28T23:40:52","modified_gmt":"2021-09-29T02:40:52","slug":"em-artigo-a-reforma-administrativa-e-os-aos-servidores-publicos","status":"publish","type":"post","link":"https:\/\/regiaonews.net.br\/2022\/2021\/09\/28\/em-artigo-a-reforma-administrativa-e-os-aos-servidores-publicos\/","title":{"rendered":"Em artigo: A Reforma  Administrativa  e os aos servidores  p\u00fablicos"},"content":{"rendered":"<p><a href=\"https:\/\/regiaonews.net.br\/2022\/wp-content\/uploads\/2019\/01\/jo\u00e3o-mulata.jpg\"><img loading=\"lazy\" decoding=\"async\" class=\"alignnone size-medium wp-image-17853\" src=\"https:\/\/regiaonews.net.br\/2022\/wp-content\/uploads\/2019\/01\/jo\u00e3o-mulata-300x262.jpg\" alt=\"\" width=\"300\" height=\"262\" \/><\/a><\/p>\n<p>&nbsp;<\/p>\n<p>A Reforma Administrativa est\u00e1 pronta para ir ao Plen\u00e1rio, ap\u00f3s muitas altera\u00e7\u00f5es a PEC 32\/2020 em sendo aprovada dar\u00e1 reflexo aos pr\u00f3ximos concursos, as principais altera\u00e7\u00f5es s\u00e3o: 1) Permiss\u00e3o de Contratos Tempor\u00e1rios ao limite de 10 anos; 2) terceiriza\u00e7\u00e3o de pessoal (PPP); 3) Redu\u00e7\u00e3o Salarial de at\u00e9 25% de sua remunera\u00e7\u00e3o em caso de crise financeira ou pandemias; 4) Demiss\u00e3o de servidor em caso de avalia\u00e7\u00e3o de desempenho abaixo do esperado.<br \/>\nNa articula\u00e7\u00e3o pol\u00edtica, os Sindicatos dos Servidores conseguiram manter a estabilidade do Servidor P\u00fablico e as promo\u00e7\u00f5es, tais como licen\u00e7a pr\u00eamio e promo\u00e7\u00f5es de carreiras. A possibilidade de novos concursos p\u00fablicos ser\u00e1 pequena, pois a contrata\u00e7\u00e3o de tempor\u00e1rios por at\u00e9 10 anos e a terceiriza\u00e7\u00e3o do servi\u00e7o por empresas prejudicar\u00e1 a realiza\u00e7\u00e3o.<br \/>\nO Sindicato dos Servidores P\u00fablicos Municipais de Barretos em conjunto com outras entidades est\u00e1 acompanhando a aprova\u00e7\u00e3o e se um tema for prejudicial a categoria, demandas judiciais ser\u00e3o promovidas no Supremo Tribunal Federal.<br \/>\nEm rela\u00e7\u00e3o a Reforma da Previd\u00eancia aprovada em 2019, informamos que est\u00e1 em andamento no STF uma a\u00e7\u00e3o questionando alguns pontos que foram prejudiciais aos servidores e aposentados, estamos aguardando a analise dos Ministros e acreditamos que alguns pontos poder\u00e3o ainda ser revertidos.<\/p>\n<p>Jo\u00e3o Roberto dos Santos<br \/>\nPresidente do Sindicato dos Servidores<\/p>\n","protected":false},"excerpt":{"rendered":"<p>&nbsp; A Reforma Administrativa est\u00e1 pronta para ir ao Plen\u00e1rio,<\/p>\n","protected":false},"author":2,"featured_media":17853,"comment_status":"open","ping_status":"open","sticky":false,"template":"","format":"standard","meta":{"footnotes":""},"categories":[79,14],"tags":[],"class_list":["post-54042","post","type-post","status-publish","format-standard","has-post-thumbnail","hentry","category-artigo","category-barretos"],"yoast_head":"<!-- This site is optimized with the Yoast SEO plugin v27.4 - https:\/\/yoast.com\/product\/yoast-seo-wordpress\/ -->\n<title>Em artigo: A Reforma Administrativa e os aos servidores p\u00fablicos - Regi\u00e3o News<\/title>\n<meta name=\"robots\" content=\"index, follow, max-snippet:-1, max-image-preview:large, max-video-preview:-1\" \/>\n<link rel=\"canonical\" href=\"https:\/\/regiaonews.net.br\/2022\/2021\/09\/28\/em-artigo-a-reforma-administrativa-e-os-aos-servidores-publicos\/\" \/>\n<meta property=\"og:locale\" content=\"pt_BR\" \/>\n<meta property=\"og:type\" content=\"article\" \/>\n<meta property=\"og:title\" content=\"Em artigo: A Reforma Administrativa e os aos servidores p\u00fablicos - Regi\u00e3o News\" \/>\n<meta property=\"og:description\" content=\"&nbsp; A Reforma Administrativa est\u00e1 pronta para ir ao Plen\u00e1rio,\" \/>\n<meta property=\"og:url\" content=\"https:\/\/regiaonews.net.br\/2022\/2021\/09\/28\/em-artigo-a-reforma-administrativa-e-os-aos-servidores-publicos\/\" \/>\n<meta property=\"og:site_name\" content=\"Regi\u00e3o News\" \/>\n<meta property=\"article:published_time\" content=\"2021-09-29T02:40:52+00:00\" \/>\n<meta property=\"og:image\" content=\"https:\/\/regiaonews.net.br\/2022\/wp-content\/uploads\/2019\/01\/jo\u00e3o-mulata.jpg\" \/>\n\t<meta property=\"og:image:width\" content=\"600\" \/>\n\t<meta property=\"og:image:height\" content=\"523\" \/>\n\t<meta property=\"og:image:type\" content=\"image\/jpeg\" \/>\n<meta name=\"author\" content=\"Roberto\" \/>\n<meta name=\"twitter:card\" content=\"summary_large_image\" \/>\n<meta name=\"twitter:label1\" content=\"Escrito por\" \/>\n\t<meta name=\"twitter:data1\" content=\"Roberto\" \/>\n\t<meta name=\"twitter:label2\" content=\"Est. tempo de leitura\" \/>\n\t<meta name=\"twitter:data2\" content=\"1 minuto\" \/>\n<script type=\"application\/ld+json\" class=\"yoast-schema-graph\">{\"@context\":\"https:\\\/\\\/schema.org\",\"@graph\":[{\"@type\":\"Article\",\"@id\":\"https:\\\/\\\/regiaonews.net.br\\\/2022\\\/2021\\\/09\\\/28\\\/em-artigo-a-reforma-administrativa-e-os-aos-servidores-publicos\\\/#article\",\"isPartOf\":{\"@id\":\"https:\\\/\\\/regiaonews.net.br\\\/2022\\\/2021\\\/09\\\/28\\\/em-artigo-a-reforma-administrativa-e-os-aos-servidores-publicos\\\/\"},\"author\":{\"name\":\"Roberto\",\"@id\":\"https:\\\/\\\/regiaonews.net.br\\\/2022\\\/#\\\/schema\\\/person\\\/2d205a608a5aa97ac279d7a5e6d89ad8\"},\"headline\":\"Em artigo: A Reforma Administrativa e os aos servidores p\u00fablicos\",\"datePublished\":\"2021-09-29T02:40:52+00:00\",\"mainEntityOfPage\":{\"@id\":\"https:\\\/\\\/regiaonews.net.br\\\/2022\\\/2021\\\/09\\\/28\\\/em-artigo-a-reforma-administrativa-e-os-aos-servidores-publicos\\\/\"},\"wordCount\":245,\"commentCount\":0,\"publisher\":{\"@id\":\"https:\\\/\\\/regiaonews.net.br\\\/2022\\\/#organization\"},\"image\":{\"@id\":\"https:\\\/\\\/regiaonews.net.br\\\/2022\\\/2021\\\/09\\\/28\\\/em-artigo-a-reforma-administrativa-e-os-aos-servidores-publicos\\\/#primaryimage\"},\"thumbnailUrl\":\"https:\\\/\\\/regiaonews.net.br\\\/2022\\\/wp-content\\\/uploads\\\/2019\\\/01\\\/jo\u00e3o-mulata.jpg\",\"articleSection\":[\"Artigo\",\"Barretos\"],\"inLanguage\":\"pt-BR\",\"potentialAction\":[{\"@type\":\"CommentAction\",\"name\":\"Comment\",\"target\":[\"https:\\\/\\\/regiaonews.net.br\\\/2022\\\/2021\\\/09\\\/28\\\/em-artigo-a-reforma-administrativa-e-os-aos-servidores-publicos\\\/#respond\"]}]},{\"@type\":\"WebPage\",\"@id\":\"https:\\\/\\\/regiaonews.net.br\\\/2022\\\/2021\\\/09\\\/28\\\/em-artigo-a-reforma-administrativa-e-os-aos-servidores-publicos\\\/\",\"url\":\"https:\\\/\\\/regiaonews.net.br\\\/2022\\\/2021\\\/09\\\/28\\\/em-artigo-a-reforma-administrativa-e-os-aos-servidores-publicos\\\/\",\"name\":\"Em artigo: A Reforma Administrativa e os aos servidores p\u00fablicos - Regi\u00e3o News\",\"isPartOf\":{\"@id\":\"https:\\\/\\\/regiaonews.net.br\\\/2022\\\/#website\"},\"primaryImageOfPage\":{\"@id\":\"https:\\\/\\\/regiaonews.net.br\\\/2022\\\/2021\\\/09\\\/28\\\/em-artigo-a-reforma-administrativa-e-os-aos-servidores-publicos\\\/#primaryimage\"},\"image\":{\"@id\":\"https:\\\/\\\/regiaonews.net.br\\\/2022\\\/2021\\\/09\\\/28\\\/em-artigo-a-reforma-administrativa-e-os-aos-servidores-publicos\\\/#primaryimage\"},\"thumbnailUrl\":\"https:\\\/\\\/regiaonews.net.br\\\/2022\\\/wp-content\\\/uploads\\\/2019\\\/01\\\/jo\u00e3o-mulata.jpg\",\"datePublished\":\"2021-09-29T02:40:52+00:00\",\"breadcrumb\":{\"@id\":\"https:\\\/\\\/regiaonews.net.br\\\/2022\\\/2021\\\/09\\\/28\\\/em-artigo-a-reforma-administrativa-e-os-aos-servidores-publicos\\\/#breadcrumb\"},\"inLanguage\":\"pt-BR\",\"potentialAction\":[{\"@type\":\"ReadAction\",\"target\":[\"https:\\\/\\\/regiaonews.net.br\\\/2022\\\/2021\\\/09\\\/28\\\/em-artigo-a-reforma-administrativa-e-os-aos-servidores-publicos\\\/\"]}]},{\"@type\":\"ImageObject\",\"inLanguage\":\"pt-BR\",\"@id\":\"https:\\\/\\\/regiaonews.net.br\\\/2022\\\/2021\\\/09\\\/28\\\/em-artigo-a-reforma-administrativa-e-os-aos-servidores-publicos\\\/#primaryimage\",\"url\":\"https:\\\/\\\/regiaonews.net.br\\\/2022\\\/wp-content\\\/uploads\\\/2019\\\/01\\\/jo\u00e3o-mulata.jpg\",\"contentUrl\":\"https:\\\/\\\/regiaonews.net.br\\\/2022\\\/wp-content\\\/uploads\\\/2019\\\/01\\\/jo\u00e3o-mulata.jpg\",\"width\":600,\"height\":523},{\"@type\":\"BreadcrumbList\",\"@id\":\"https:\\\/\\\/regiaonews.net.br\\\/2022\\\/2021\\\/09\\\/28\\\/em-artigo-a-reforma-administrativa-e-os-aos-servidores-publicos\\\/#breadcrumb\",\"itemListElement\":[{\"@type\":\"ListItem\",\"position\":1,\"name\":\"In\u00edcio\",\"item\":\"https:\\\/\\\/regiaonews.net.br\\\/2022\\\/\"},{\"@type\":\"ListItem\",\"position\":2,\"name\":\"Em artigo: A Reforma Administrativa e os aos servidores p\u00fablicos\"}]},{\"@type\":\"WebSite\",\"@id\":\"https:\\\/\\\/regiaonews.net.br\\\/2022\\\/#website\",\"url\":\"https:\\\/\\\/regiaonews.net.br\\\/2022\\\/\",\"name\":\"Regi\u00e3o News\",\"description\":\"Site de Not\u00edcias de Barretos e regi\u00e3o\",\"publisher\":{\"@id\":\"https:\\\/\\\/regiaonews.net.br\\\/2022\\\/#organization\"},\"potentialAction\":[{\"@type\":\"SearchAction\",\"target\":{\"@type\":\"EntryPoint\",\"urlTemplate\":\"https:\\\/\\\/regiaonews.net.br\\\/2022\\\/?s={search_term_string}\"},\"query-input\":{\"@type\":\"PropertyValueSpecification\",\"valueRequired\":true,\"valueName\":\"search_term_string\"}}],\"inLanguage\":\"pt-BR\"},{\"@type\":\"Organization\",\"@id\":\"https:\\\/\\\/regiaonews.net.br\\\/2022\\\/#organization\",\"name\":\"Regi\u00e3o News\",\"url\":\"https:\\\/\\\/regiaonews.net.br\\\/2022\\\/\",\"logo\":{\"@type\":\"ImageObject\",\"inLanguage\":\"pt-BR\",\"@id\":\"https:\\\/\\\/regiaonews.net.br\\\/2022\\\/#\\\/schema\\\/logo\\\/image\\\/\",\"url\":\"https:\\\/\\\/regiaonews.net.br\\\/2022\\\/wp-content\\\/uploads\\\/2026\\\/03\\\/regiao-13-anos-scaled.jpg\",\"contentUrl\":\"https:\\\/\\\/regiaonews.net.br\\\/2022\\\/wp-content\\\/uploads\\\/2026\\\/03\\\/regiao-13-anos-scaled.jpg\",\"width\":2560,\"height\":635,\"caption\":\"Regi\u00e3o News\"},\"image\":{\"@id\":\"https:\\\/\\\/regiaonews.net.br\\\/2022\\\/#\\\/schema\\\/logo\\\/image\\\/\"}},{\"@type\":\"Person\",\"@id\":\"https:\\\/\\\/regiaonews.net.br\\\/2022\\\/#\\\/schema\\\/person\\\/2d205a608a5aa97ac279d7a5e6d89ad8\",\"name\":\"Roberto\",\"image\":{\"@type\":\"ImageObject\",\"inLanguage\":\"pt-BR\",\"@id\":\"https:\\\/\\\/secure.gravatar.com\\\/avatar\\\/42749d8b712ff9d59ca93dc150494e5b55a44134482993f5baeb97e61b7ecc89?s=96&d=mm&r=g\",\"url\":\"https:\\\/\\\/secure.gravatar.com\\\/avatar\\\/42749d8b712ff9d59ca93dc150494e5b55a44134482993f5baeb97e61b7ecc89?s=96&d=mm&r=g\",\"contentUrl\":\"https:\\\/\\\/secure.gravatar.com\\\/avatar\\\/42749d8b712ff9d59ca93dc150494e5b55a44134482993f5baeb97e61b7ecc89?s=96&d=mm&r=g\",\"caption\":\"Roberto\"},\"url\":\"https:\\\/\\\/regiaonews.net.br\\\/2022\\\/author\\\/roberto\\\/\"}]}<\/script>\n<!-- \/ Yoast SEO plugin. -->","yoast_head_json":{"title":"Em artigo: A Reforma Administrativa e os aos servidores p\u00fablicos - Regi\u00e3o News","robots":{"index":"index","follow":"follow","max-snippet":"max-snippet:-1","max-image-preview":"max-image-preview:large","max-video-preview":"max-video-preview:-1"},"canonical":"https:\/\/regiaonews.net.br\/2022\/2021\/09\/28\/em-artigo-a-reforma-administrativa-e-os-aos-servidores-publicos\/","og_locale":"pt_BR","og_type":"article","og_title":"Em artigo: A Reforma Administrativa e os aos servidores p\u00fablicos - Regi\u00e3o News","og_description":"&nbsp; A Reforma Administrativa est\u00e1 pronta para ir ao Plen\u00e1rio,","og_url":"https:\/\/regiaonews.net.br\/2022\/2021\/09\/28\/em-artigo-a-reforma-administrativa-e-os-aos-servidores-publicos\/","og_site_name":"Regi\u00e3o News","article_published_time":"2021-09-29T02:40:52+00:00","og_image":[{"width":600,"height":523,"url":"https:\/\/regiaonews.net.br\/2022\/wp-content\/uploads\/2019\/01\/jo\u00e3o-mulata.jpg","type":"image\/jpeg"}],"author":"Roberto","twitter_card":"summary_large_image","twitter_misc":{"Escrito por":"Roberto","Est. tempo de leitura":"1 minuto"},"schema":{"@context":"https:\/\/schema.org","@graph":[{"@type":"Article","@id":"https:\/\/regiaonews.net.br\/2022\/2021\/09\/28\/em-artigo-a-reforma-administrativa-e-os-aos-servidores-publicos\/#article","isPartOf":{"@id":"https:\/\/regiaonews.net.br\/2022\/2021\/09\/28\/em-artigo-a-reforma-administrativa-e-os-aos-servidores-publicos\/"},"author":{"name":"Roberto","@id":"https:\/\/regiaonews.net.br\/2022\/#\/schema\/person\/2d205a608a5aa97ac279d7a5e6d89ad8"},"headline":"Em artigo: A Reforma Administrativa e os aos servidores p\u00fablicos","datePublished":"2021-09-29T02:40:52+00:00","mainEntityOfPage":{"@id":"https:\/\/regiaonews.net.br\/2022\/2021\/09\/28\/em-artigo-a-reforma-administrativa-e-os-aos-servidores-publicos\/"},"wordCount":245,"commentCount":0,"publisher":{"@id":"https:\/\/regiaonews.net.br\/2022\/#organization"},"image":{"@id":"https:\/\/regiaonews.net.br\/2022\/2021\/09\/28\/em-artigo-a-reforma-administrativa-e-os-aos-servidores-publicos\/#primaryimage"},"thumbnailUrl":"https:\/\/regiaonews.net.br\/2022\/wp-content\/uploads\/2019\/01\/jo\u00e3o-mulata.jpg","articleSection":["Artigo","Barretos"],"inLanguage":"pt-BR","potentialAction":[{"@type":"CommentAction","name":"Comment","target":["https:\/\/regiaonews.net.br\/2022\/2021\/09\/28\/em-artigo-a-reforma-administrativa-e-os-aos-servidores-publicos\/#respond"]}]},{"@type":"WebPage","@id":"https:\/\/regiaonews.net.br\/2022\/2021\/09\/28\/em-artigo-a-reforma-administrativa-e-os-aos-servidores-publicos\/","url":"https:\/\/regiaonews.net.br\/2022\/2021\/09\/28\/em-artigo-a-reforma-administrativa-e-os-aos-servidores-publicos\/","name":"Em artigo: A Reforma Administrativa e os aos servidores p\u00fablicos - Regi\u00e3o News","isPartOf":{"@id":"https:\/\/regiaonews.net.br\/2022\/#website"},"primaryImageOfPage":{"@id":"https:\/\/regiaonews.net.br\/2022\/2021\/09\/28\/em-artigo-a-reforma-administrativa-e-os-aos-servidores-publicos\/#primaryimage"},"image":{"@id":"https:\/\/regiaonews.net.br\/2022\/2021\/09\/28\/em-artigo-a-reforma-administrativa-e-os-aos-servidores-publicos\/#primaryimage"},"thumbnailUrl":"https:\/\/regiaonews.net.br\/2022\/wp-content\/uploads\/2019\/01\/jo\u00e3o-mulata.jpg","datePublished":"2021-09-29T02:40:52+00:00","breadcrumb":{"@id":"https:\/\/regiaonews.net.br\/2022\/2021\/09\/28\/em-artigo-a-reforma-administrativa-e-os-aos-servidores-publicos\/#breadcrumb"},"inLanguage":"pt-BR","potentialAction":[{"@type":"ReadAction","target":["https:\/\/regiaonews.net.br\/2022\/2021\/09\/28\/em-artigo-a-reforma-administrativa-e-os-aos-servidores-publicos\/"]}]},{"@type":"ImageObject","inLanguage":"pt-BR","@id":"https:\/\/regiaonews.net.br\/2022\/2021\/09\/28\/em-artigo-a-reforma-administrativa-e-os-aos-servidores-publicos\/#primaryimage","url":"https:\/\/regiaonews.net.br\/2022\/wp-content\/uploads\/2019\/01\/jo\u00e3o-mulata.jpg","contentUrl":"https:\/\/regiaonews.net.br\/2022\/wp-content\/uploads\/2019\/01\/jo\u00e3o-mulata.jpg","width":600,"height":523},{"@type":"BreadcrumbList","@id":"https:\/\/regiaonews.net.br\/2022\/2021\/09\/28\/em-artigo-a-reforma-administrativa-e-os-aos-servidores-publicos\/#breadcrumb","itemListElement":[{"@type":"ListItem","position":1,"name":"In\u00edcio","item":"https:\/\/regiaonews.net.br\/2022\/"},{"@type":"ListItem","position":2,"name":"Em artigo: A Reforma Administrativa e os aos servidores p\u00fablicos"}]},{"@type":"WebSite","@id":"https:\/\/regiaonews.net.br\/2022\/#website","url":"https:\/\/regiaonews.net.br\/2022\/","name":"Regi\u00e3o News","description":"Site de Not\u00edcias de Barretos e regi\u00e3o","publisher":{"@id":"https:\/\/regiaonews.net.br\/2022\/#organization"},"potentialAction":[{"@type":"SearchAction","target":{"@type":"EntryPoint","urlTemplate":"https:\/\/regiaonews.net.br\/2022\/?s={search_term_string}"},"query-input":{"@type":"PropertyValueSpecification","valueRequired":true,"valueName":"search_term_string"}}],"inLanguage":"pt-BR"},{"@type":"Organization","@id":"https:\/\/regiaonews.net.br\/2022\/#organization","name":"Regi\u00e3o News","url":"https:\/\/regiaonews.net.br\/2022\/","logo":{"@type":"ImageObject","inLanguage":"pt-BR","@id":"https:\/\/regiaonews.net.br\/2022\/#\/schema\/logo\/image\/","url":"https:\/\/regiaonews.net.br\/2022\/wp-content\/uploads\/2026\/03\/regiao-13-anos-scaled.jpg","contentUrl":"https:\/\/regiaonews.net.br\/2022\/wp-content\/uploads\/2026\/03\/regiao-13-anos-scaled.jpg","width":2560,"height":635,"caption":"Regi\u00e3o News"},"image":{"@id":"https:\/\/regiaonews.net.br\/2022\/#\/schema\/logo\/image\/"}},{"@type":"Person","@id":"https:\/\/regiaonews.net.br\/2022\/#\/schema\/person\/2d205a608a5aa97ac279d7a5e6d89ad8","name":"Roberto","image":{"@type":"ImageObject","inLanguage":"pt-BR","@id":"https:\/\/secure.gravatar.com\/avatar\/42749d8b712ff9d59ca93dc150494e5b55a44134482993f5baeb97e61b7ecc89?s=96&d=mm&r=g","url":"https:\/\/secure.gravatar.com\/avatar\/42749d8b712ff9d59ca93dc150494e5b55a44134482993f5baeb97e61b7ecc89?s=96&d=mm&r=g","contentUrl":"https:\/\/secure.gravatar.com\/avatar\/42749d8b712ff9d59ca93dc150494e5b55a44134482993f5baeb97e61b7ecc89?s=96&d=mm&r=g","caption":"Roberto"},"url":"https:\/\/regiaonews.net.br\/2022\/author\/roberto\/"}]}},"publishpress_future_action":{"enabled":false,"date":"2026-05-03 20:42:39","action":"change-status","newStatus":"draft","terms":[],"taxonomy":"category","extraData":[]},"publishpress_future_workflow_manual_trigger":{"enabledWorkflows":[]},"_links":{"self":[{"href":"https:\/\/regiaonews.net.br\/2022\/wp-json\/wp\/v2\/posts\/54042","targetHints":{"allow":["GET"]}}],"collection":[{"href":"https:\/\/regiaonews.net.br\/2022\/wp-json\/wp\/v2\/posts"}],"about":[{"href":"https:\/\/regiaonews.net.br\/2022\/wp-json\/wp\/v2\/types\/post"}],"author":[{"embeddable":true,"href":"https:\/\/regiaonews.net.br\/2022\/wp-json\/wp\/v2\/users\/2"}],"replies":[{"embeddable":true,"href":"https:\/\/regiaonews.net.br\/2022\/wp-json\/wp\/v2\/comments?post=54042"}],"version-history":[{"count":0,"href":"https:\/\/regiaonews.net.br\/2022\/wp-json\/wp\/v2\/posts\/54042\/revisions"}],"wp:featuredmedia":[{"embeddable":true,"href":"https:\/\/regiaonews.net.br\/2022\/wp-json\/wp\/v2\/media\/17853"}],"wp:attachment":[{"href":"https:\/\/regiaonews.net.br\/2022\/wp-json\/wp\/v2\/media?parent=54042"}],"wp:term":[{"taxonomy":"category","embeddable":true,"href":"https:\/\/regiaonews.net.br\/2022\/wp-json\/wp\/v2\/categories?post=54042"},{"taxonomy":"post_tag","embeddable":true,"href":"https:\/\/regiaonews.net.br\/2022\/wp-json\/wp\/v2\/tags?post=54042"}],"curies":[{"name":"wp","href":"https:\/\/api.w.org\/{rel}","templated":true}]}}