{"id":54020,"date":"2021-09-28T15:58:18","date_gmt":"2021-09-28T18:58:18","guid":{"rendered":"https:\/\/regiaonews.net.br\/2022\/?p=54020"},"modified":"2021-09-28T15:58:18","modified_gmt":"2021-09-28T18:58:18","slug":"secretarias-de-obras-meio-ambiente-e-defesa-civil-atuam-em-conjunto-para-retirada-de-eucaliptos-no-rochao","status":"publish","type":"post","link":"https:\/\/regiaonews.net.br\/2022\/2021\/09\/28\/secretarias-de-obras-meio-ambiente-e-defesa-civil-atuam-em-conjunto-para-retirada-de-eucaliptos-no-rochao\/","title":{"rendered":"Secretarias de Obras, Meio Ambiente e Defesa Civil atuam em conjunto para retirada de eucaliptos no Roch\u00e3o"},"content":{"rendered":"<p><a href=\"https:\/\/regiaonews.net.br\/2022\/wp-content\/uploads\/2021\/09\/RochaoEucaliptos-Andre-Monteiro-1.jpeg\"><img loading=\"lazy\" decoding=\"async\" class=\"alignnone size-medium wp-image-54021\" src=\"https:\/\/regiaonews.net.br\/2022\/wp-content\/uploads\/2021\/09\/RochaoEucaliptos-Andre-Monteiro-1-300x169.jpeg\" alt=\"\" width=\"300\" height=\"169\" \/><\/a><\/p>\n<p><i>As \u00e1rvores est\u00e3o oferecendo risco de quedas e acidentes para frequentadores do local<\/i><\/p>\n<p><a href=\"https:\/\/regiaonews.net.br\/2022\/wp-content\/uploads\/2021\/09\/RochaoEucaliptos-Andre-Monteiro-2.jpeg\"><img loading=\"lazy\" decoding=\"async\" class=\"alignnone size-medium wp-image-54022\" src=\"https:\/\/regiaonews.net.br\/2022\/wp-content\/uploads\/2021\/09\/RochaoEucaliptos-Andre-Monteiro-2-300x200.jpeg\" alt=\"\" width=\"300\" height=\"200\" \/><\/a><\/p>\n<p>A Prefeitura de Barretos, por meio das secretarias municipais de Obras, Meio Ambiente e Defesa Civil, iniciam nesta ter\u00e7a-feira, dia 28 de setembro\/21, a retirada dos eucaliptos no Complexo Esportivo do Roch\u00e3o, na Via Conselheiro Ant\u00f4nio Prado. Ap\u00f3s an\u00e1lise feita pela equipe da secretaria do Meio Ambiente, foi constatado que as \u00e1rvores est\u00e3o oferecendo risco de queda. Alguns galhos j\u00e1 ca\u00edram danificando o telhado do banheiro e cancha de bocha do local.<br \/>\nA retirada dos eucaliptos come\u00e7a a partir das 7h com a poda dos galhos mais altos, sendo necess\u00e1ria a interdi\u00e7\u00e3o da Via Conselheiro Ant\u00f4nio Prado entre o sem\u00e1foro da Avenida Benjamin Constant e a rotat\u00f3ria em frente ao supermercado Savegnago (North Shopping Barretos). O fluxo de pedestres e de ve\u00edculos ser\u00e1 bloqueado apenas no sentido Roch\u00e3o\/Rotat\u00f3ria das 7h \u00e0s 17h.<br \/>\nSomente nesta ter\u00e7a-feira ser\u00e1 necess\u00e1rio o desligamento da rede el\u00e9trica que afetar\u00e1 13 im\u00f3veis na regi\u00e3o cujos propriet\u00e1rios j\u00e1 foram avisados pela CPFL. Tanto o shopping quanto a UPA n\u00e3o ser\u00e3o afetados por esse desligamento que deve durar das 7h \u00e0s 17h.<br \/>\nO corte dos eucaliptos seguir\u00e1 por at\u00e9 15 dias ininterruptos porque as plantas ser\u00e3o podadas de forma gradual, minimizando risco de acidentes. Assim, o trecho da Via Conselheiro Ant\u00f4nio Prado ficar\u00e1 interditado at\u00e9 a finaliza\u00e7\u00e3o desse trabalho, sempre das 7h \u00e0s 17h.<\/p>\n<p><b>Plantio de outras esp\u00e9cies<\/b><br \/>\nA secretaria de Meio Ambiente tem acompanhado a situa\u00e7\u00e3o desses eucaliptos e verificou que h\u00e1 essa necessidade do corte para evitar acidentes e poss\u00edveis preju\u00edzos tanto a im\u00f3veis quanto a pedestres. Foram registradas quedas de galhos nos \u00faltimos meses, causando preju\u00edzos aos equipamentos instalados no local.<br \/>\nAinda de acordo com a secretaria de Meio Ambiente, ser\u00e3o plantadas \u00e1rvores de esp\u00e9cies mais apropriadas para a arboriza\u00e7\u00e3o urbana e que n\u00e3o oferecer\u00e3o riscos.<\/p>\n","protected":false},"excerpt":{"rendered":"<p>As \u00e1rvores est\u00e3o oferecendo risco de quedas e acidentes para<\/p>\n","protected":false},"author":2,"featured_media":54022,"comment_status":"open","ping_status":"open","sticky":false,"template":"","format":"standard","meta":{"footnotes":""},"categories":[14,25],"tags":[],"class_list":["post-54020","post","type-post","status-publish","format-standard","has-post-thumbnail","hentry","category-barretos","category-cidades"],"yoast_head":"<!-- This site is optimized with the Yoast SEO plugin v27.4 - https:\/\/yoast.com\/product\/yoast-seo-wordpress\/ -->\n<title>Secretarias de Obras, Meio Ambiente e Defesa Civil atuam em conjunto para retirada de eucaliptos no Roch\u00e3o - Regi\u00e3o News<\/title>\n<meta name=\"robots\" content=\"index, follow, max-snippet:-1, max-image-preview:large, max-video-preview:-1\" \/>\n<link rel=\"canonical\" href=\"https:\/\/regiaonews.net.br\/2022\/2021\/09\/28\/secretarias-de-obras-meio-ambiente-e-defesa-civil-atuam-em-conjunto-para-retirada-de-eucaliptos-no-rochao\/\" \/>\n<meta property=\"og:locale\" content=\"pt_BR\" \/>\n<meta property=\"og:type\" content=\"article\" \/>\n<meta property=\"og:title\" content=\"Secretarias de Obras, Meio Ambiente e Defesa Civil atuam em conjunto para retirada de eucaliptos no Roch\u00e3o - Regi\u00e3o News\" \/>\n<meta property=\"og:description\" content=\"As \u00e1rvores est\u00e3o oferecendo risco de quedas e acidentes para\" \/>\n<meta property=\"og:url\" content=\"https:\/\/regiaonews.net.br\/2022\/2021\/09\/28\/secretarias-de-obras-meio-ambiente-e-defesa-civil-atuam-em-conjunto-para-retirada-de-eucaliptos-no-rochao\/\" \/>\n<meta property=\"og:site_name\" content=\"Regi\u00e3o News\" \/>\n<meta property=\"article:published_time\" content=\"2021-09-28T18:58:18+00:00\" \/>\n<meta property=\"og:image\" content=\"https:\/\/regiaonews.net.br\/2022\/wp-content\/uploads\/2021\/09\/RochaoEucaliptos-Andre-Monteiro-2.jpeg\" \/>\n\t<meta property=\"og:image:width\" content=\"1280\" \/>\n\t<meta property=\"og:image:height\" content=\"854\" \/>\n\t<meta property=\"og:image:type\" content=\"image\/jpeg\" \/>\n<meta name=\"author\" content=\"Roberto\" \/>\n<meta name=\"twitter:card\" content=\"summary_large_image\" \/>\n<meta name=\"twitter:label1\" content=\"Escrito por\" \/>\n\t<meta name=\"twitter:data1\" content=\"Roberto\" \/>\n\t<meta name=\"twitter:label2\" content=\"Est. tempo de leitura\" \/>\n\t<meta name=\"twitter:data2\" content=\"2 minutos\" \/>\n<script type=\"application\/ld+json\" class=\"yoast-schema-graph\">{\"@context\":\"https:\\\/\\\/schema.org\",\"@graph\":[{\"@type\":\"Article\",\"@id\":\"https:\\\/\\\/regiaonews.net.br\\\/2022\\\/2021\\\/09\\\/28\\\/secretarias-de-obras-meio-ambiente-e-defesa-civil-atuam-em-conjunto-para-retirada-de-eucaliptos-no-rochao\\\/#article\",\"isPartOf\":{\"@id\":\"https:\\\/\\\/regiaonews.net.br\\\/2022\\\/2021\\\/09\\\/28\\\/secretarias-de-obras-meio-ambiente-e-defesa-civil-atuam-em-conjunto-para-retirada-de-eucaliptos-no-rochao\\\/\"},\"author\":{\"name\":\"Roberto\",\"@id\":\"https:\\\/\\\/regiaonews.net.br\\\/2022\\\/#\\\/schema\\\/person\\\/2d205a608a5aa97ac279d7a5e6d89ad8\"},\"headline\":\"Secretarias de Obras, Meio Ambiente e Defesa Civil atuam em conjunto para retirada de eucaliptos no Roch\u00e3o\",\"datePublished\":\"2021-09-28T18:58:18+00:00\",\"mainEntityOfPage\":{\"@id\":\"https:\\\/\\\/regiaonews.net.br\\\/2022\\\/2021\\\/09\\\/28\\\/secretarias-de-obras-meio-ambiente-e-defesa-civil-atuam-em-conjunto-para-retirada-de-eucaliptos-no-rochao\\\/\"},\"wordCount\":359,\"commentCount\":0,\"publisher\":{\"@id\":\"https:\\\/\\\/regiaonews.net.br\\\/2022\\\/#organization\"},\"image\":{\"@id\":\"https:\\\/\\\/regiaonews.net.br\\\/2022\\\/2021\\\/09\\\/28\\\/secretarias-de-obras-meio-ambiente-e-defesa-civil-atuam-em-conjunto-para-retirada-de-eucaliptos-no-rochao\\\/#primaryimage\"},\"thumbnailUrl\":\"https:\\\/\\\/regiaonews.net.br\\\/2022\\\/wp-content\\\/uploads\\\/2021\\\/09\\\/RochaoEucaliptos-Andre-Monteiro-2.jpeg\",\"articleSection\":[\"Barretos\",\"Cidades\"],\"inLanguage\":\"pt-BR\",\"potentialAction\":[{\"@type\":\"CommentAction\",\"name\":\"Comment\",\"target\":[\"https:\\\/\\\/regiaonews.net.br\\\/2022\\\/2021\\\/09\\\/28\\\/secretarias-de-obras-meio-ambiente-e-defesa-civil-atuam-em-conjunto-para-retirada-de-eucaliptos-no-rochao\\\/#respond\"]}]},{\"@type\":\"WebPage\",\"@id\":\"https:\\\/\\\/regiaonews.net.br\\\/2022\\\/2021\\\/09\\\/28\\\/secretarias-de-obras-meio-ambiente-e-defesa-civil-atuam-em-conjunto-para-retirada-de-eucaliptos-no-rochao\\\/\",\"url\":\"https:\\\/\\\/regiaonews.net.br\\\/2022\\\/2021\\\/09\\\/28\\\/secretarias-de-obras-meio-ambiente-e-defesa-civil-atuam-em-conjunto-para-retirada-de-eucaliptos-no-rochao\\\/\",\"name\":\"Secretarias de Obras, Meio Ambiente e Defesa Civil atuam em conjunto para retirada de eucaliptos no Roch\u00e3o - Regi\u00e3o News\",\"isPartOf\":{\"@id\":\"https:\\\/\\\/regiaonews.net.br\\\/2022\\\/#website\"},\"primaryImageOfPage\":{\"@id\":\"https:\\\/\\\/regiaonews.net.br\\\/2022\\\/2021\\\/09\\\/28\\\/secretarias-de-obras-meio-ambiente-e-defesa-civil-atuam-em-conjunto-para-retirada-de-eucaliptos-no-rochao\\\/#primaryimage\"},\"image\":{\"@id\":\"https:\\\/\\\/regiaonews.net.br\\\/2022\\\/2021\\\/09\\\/28\\\/secretarias-de-obras-meio-ambiente-e-defesa-civil-atuam-em-conjunto-para-retirada-de-eucaliptos-no-rochao\\\/#primaryimage\"},\"thumbnailUrl\":\"https:\\\/\\\/regiaonews.net.br\\\/2022\\\/wp-content\\\/uploads\\\/2021\\\/09\\\/RochaoEucaliptos-Andre-Monteiro-2.jpeg\",\"datePublished\":\"2021-09-28T18:58:18+00:00\",\"breadcrumb\":{\"@id\":\"https:\\\/\\\/regiaonews.net.br\\\/2022\\\/2021\\\/09\\\/28\\\/secretarias-de-obras-meio-ambiente-e-defesa-civil-atuam-em-conjunto-para-retirada-de-eucaliptos-no-rochao\\\/#breadcrumb\"},\"inLanguage\":\"pt-BR\",\"potentialAction\":[{\"@type\":\"ReadAction\",\"target\":[\"https:\\\/\\\/regiaonews.net.br\\\/2022\\\/2021\\\/09\\\/28\\\/secretarias-de-obras-meio-ambiente-e-defesa-civil-atuam-em-conjunto-para-retirada-de-eucaliptos-no-rochao\\\/\"]}]},{\"@type\":\"ImageObject\",\"inLanguage\":\"pt-BR\",\"@id\":\"https:\\\/\\\/regiaonews.net.br\\\/2022\\\/2021\\\/09\\\/28\\\/secretarias-de-obras-meio-ambiente-e-defesa-civil-atuam-em-conjunto-para-retirada-de-eucaliptos-no-rochao\\\/#primaryimage\",\"url\":\"https:\\\/\\\/regiaonews.net.br\\\/2022\\\/wp-content\\\/uploads\\\/2021\\\/09\\\/RochaoEucaliptos-Andre-Monteiro-2.jpeg\",\"contentUrl\":\"https:\\\/\\\/regiaonews.net.br\\\/2022\\\/wp-content\\\/uploads\\\/2021\\\/09\\\/RochaoEucaliptos-Andre-Monteiro-2.jpeg\",\"width\":1280,\"height\":854},{\"@type\":\"BreadcrumbList\",\"@id\":\"https:\\\/\\\/regiaonews.net.br\\\/2022\\\/2021\\\/09\\\/28\\\/secretarias-de-obras-meio-ambiente-e-defesa-civil-atuam-em-conjunto-para-retirada-de-eucaliptos-no-rochao\\\/#breadcrumb\",\"itemListElement\":[{\"@type\":\"ListItem\",\"position\":1,\"name\":\"In\u00edcio\",\"item\":\"https:\\\/\\\/regiaonews.net.br\\\/2022\\\/\"},{\"@type\":\"ListItem\",\"position\":2,\"name\":\"Secretarias de Obras, Meio Ambiente e Defesa Civil atuam em conjunto para retirada de eucaliptos no Roch\u00e3o\"}]},{\"@type\":\"WebSite\",\"@id\":\"https:\\\/\\\/regiaonews.net.br\\\/2022\\\/#website\",\"url\":\"https:\\\/\\\/regiaonews.net.br\\\/2022\\\/\",\"name\":\"Regi\u00e3o News\",\"description\":\"Site de Not\u00edcias de Barretos e regi\u00e3o\",\"publisher\":{\"@id\":\"https:\\\/\\\/regiaonews.net.br\\\/2022\\\/#organization\"},\"potentialAction\":[{\"@type\":\"SearchAction\",\"target\":{\"@type\":\"EntryPoint\",\"urlTemplate\":\"https:\\\/\\\/regiaonews.net.br\\\/2022\\\/?s={search_term_string}\"},\"query-input\":{\"@type\":\"PropertyValueSpecification\",\"valueRequired\":true,\"valueName\":\"search_term_string\"}}],\"inLanguage\":\"pt-BR\"},{\"@type\":\"Organization\",\"@id\":\"https:\\\/\\\/regiaonews.net.br\\\/2022\\\/#organization\",\"name\":\"Regi\u00e3o News\",\"url\":\"https:\\\/\\\/regiaonews.net.br\\\/2022\\\/\",\"logo\":{\"@type\":\"ImageObject\",\"inLanguage\":\"pt-BR\",\"@id\":\"https:\\\/\\\/regiaonews.net.br\\\/2022\\\/#\\\/schema\\\/logo\\\/image\\\/\",\"url\":\"https:\\\/\\\/regiaonews.net.br\\\/2022\\\/wp-content\\\/uploads\\\/2026\\\/03\\\/regiao-13-anos-scaled.jpg\",\"contentUrl\":\"https:\\\/\\\/regiaonews.net.br\\\/2022\\\/wp-content\\\/uploads\\\/2026\\\/03\\\/regiao-13-anos-scaled.jpg\",\"width\":2560,\"height\":635,\"caption\":\"Regi\u00e3o News\"},\"image\":{\"@id\":\"https:\\\/\\\/regiaonews.net.br\\\/2022\\\/#\\\/schema\\\/logo\\\/image\\\/\"}},{\"@type\":\"Person\",\"@id\":\"https:\\\/\\\/regiaonews.net.br\\\/2022\\\/#\\\/schema\\\/person\\\/2d205a608a5aa97ac279d7a5e6d89ad8\",\"name\":\"Roberto\",\"image\":{\"@type\":\"ImageObject\",\"inLanguage\":\"pt-BR\",\"@id\":\"https:\\\/\\\/secure.gravatar.com\\\/avatar\\\/42749d8b712ff9d59ca93dc150494e5b55a44134482993f5baeb97e61b7ecc89?s=96&d=mm&r=g\",\"url\":\"https:\\\/\\\/secure.gravatar.com\\\/avatar\\\/42749d8b712ff9d59ca93dc150494e5b55a44134482993f5baeb97e61b7ecc89?s=96&d=mm&r=g\",\"contentUrl\":\"https:\\\/\\\/secure.gravatar.com\\\/avatar\\\/42749d8b712ff9d59ca93dc150494e5b55a44134482993f5baeb97e61b7ecc89?s=96&d=mm&r=g\",\"caption\":\"Roberto\"},\"url\":\"https:\\\/\\\/regiaonews.net.br\\\/2022\\\/author\\\/roberto\\\/\"}]}<\/script>\n<!-- \/ Yoast SEO plugin. -->","yoast_head_json":{"title":"Secretarias de Obras, Meio Ambiente e Defesa Civil atuam em conjunto para retirada de eucaliptos no Roch\u00e3o - Regi\u00e3o News","robots":{"index":"index","follow":"follow","max-snippet":"max-snippet:-1","max-image-preview":"max-image-preview:large","max-video-preview":"max-video-preview:-1"},"canonical":"https:\/\/regiaonews.net.br\/2022\/2021\/09\/28\/secretarias-de-obras-meio-ambiente-e-defesa-civil-atuam-em-conjunto-para-retirada-de-eucaliptos-no-rochao\/","og_locale":"pt_BR","og_type":"article","og_title":"Secretarias de Obras, Meio Ambiente e Defesa Civil atuam em conjunto para retirada de eucaliptos no Roch\u00e3o - Regi\u00e3o News","og_description":"As \u00e1rvores est\u00e3o oferecendo risco de quedas e acidentes para","og_url":"https:\/\/regiaonews.net.br\/2022\/2021\/09\/28\/secretarias-de-obras-meio-ambiente-e-defesa-civil-atuam-em-conjunto-para-retirada-de-eucaliptos-no-rochao\/","og_site_name":"Regi\u00e3o News","article_published_time":"2021-09-28T18:58:18+00:00","og_image":[{"width":1280,"height":854,"url":"https:\/\/regiaonews.net.br\/2022\/wp-content\/uploads\/2021\/09\/RochaoEucaliptos-Andre-Monteiro-2.jpeg","type":"image\/jpeg"}],"author":"Roberto","twitter_card":"summary_large_image","twitter_misc":{"Escrito por":"Roberto","Est. tempo de leitura":"2 minutos"},"schema":{"@context":"https:\/\/schema.org","@graph":[{"@type":"Article","@id":"https:\/\/regiaonews.net.br\/2022\/2021\/09\/28\/secretarias-de-obras-meio-ambiente-e-defesa-civil-atuam-em-conjunto-para-retirada-de-eucaliptos-no-rochao\/#article","isPartOf":{"@id":"https:\/\/regiaonews.net.br\/2022\/2021\/09\/28\/secretarias-de-obras-meio-ambiente-e-defesa-civil-atuam-em-conjunto-para-retirada-de-eucaliptos-no-rochao\/"},"author":{"name":"Roberto","@id":"https:\/\/regiaonews.net.br\/2022\/#\/schema\/person\/2d205a608a5aa97ac279d7a5e6d89ad8"},"headline":"Secretarias de Obras, Meio Ambiente e Defesa Civil atuam em conjunto para retirada de eucaliptos no Roch\u00e3o","datePublished":"2021-09-28T18:58:18+00:00","mainEntityOfPage":{"@id":"https:\/\/regiaonews.net.br\/2022\/2021\/09\/28\/secretarias-de-obras-meio-ambiente-e-defesa-civil-atuam-em-conjunto-para-retirada-de-eucaliptos-no-rochao\/"},"wordCount":359,"commentCount":0,"publisher":{"@id":"https:\/\/regiaonews.net.br\/2022\/#organization"},"image":{"@id":"https:\/\/regiaonews.net.br\/2022\/2021\/09\/28\/secretarias-de-obras-meio-ambiente-e-defesa-civil-atuam-em-conjunto-para-retirada-de-eucaliptos-no-rochao\/#primaryimage"},"thumbnailUrl":"https:\/\/regiaonews.net.br\/2022\/wp-content\/uploads\/2021\/09\/RochaoEucaliptos-Andre-Monteiro-2.jpeg","articleSection":["Barretos","Cidades"],"inLanguage":"pt-BR","potentialAction":[{"@type":"CommentAction","name":"Comment","target":["https:\/\/regiaonews.net.br\/2022\/2021\/09\/28\/secretarias-de-obras-meio-ambiente-e-defesa-civil-atuam-em-conjunto-para-retirada-de-eucaliptos-no-rochao\/#respond"]}]},{"@type":"WebPage","@id":"https:\/\/regiaonews.net.br\/2022\/2021\/09\/28\/secretarias-de-obras-meio-ambiente-e-defesa-civil-atuam-em-conjunto-para-retirada-de-eucaliptos-no-rochao\/","url":"https:\/\/regiaonews.net.br\/2022\/2021\/09\/28\/secretarias-de-obras-meio-ambiente-e-defesa-civil-atuam-em-conjunto-para-retirada-de-eucaliptos-no-rochao\/","name":"Secretarias de Obras, Meio Ambiente e Defesa Civil atuam em conjunto para retirada de eucaliptos no Roch\u00e3o - Regi\u00e3o News","isPartOf":{"@id":"https:\/\/regiaonews.net.br\/2022\/#website"},"primaryImageOfPage":{"@id":"https:\/\/regiaonews.net.br\/2022\/2021\/09\/28\/secretarias-de-obras-meio-ambiente-e-defesa-civil-atuam-em-conjunto-para-retirada-de-eucaliptos-no-rochao\/#primaryimage"},"image":{"@id":"https:\/\/regiaonews.net.br\/2022\/2021\/09\/28\/secretarias-de-obras-meio-ambiente-e-defesa-civil-atuam-em-conjunto-para-retirada-de-eucaliptos-no-rochao\/#primaryimage"},"thumbnailUrl":"https:\/\/regiaonews.net.br\/2022\/wp-content\/uploads\/2021\/09\/RochaoEucaliptos-Andre-Monteiro-2.jpeg","datePublished":"2021-09-28T18:58:18+00:00","breadcrumb":{"@id":"https:\/\/regiaonews.net.br\/2022\/2021\/09\/28\/secretarias-de-obras-meio-ambiente-e-defesa-civil-atuam-em-conjunto-para-retirada-de-eucaliptos-no-rochao\/#breadcrumb"},"inLanguage":"pt-BR","potentialAction":[{"@type":"ReadAction","target":["https:\/\/regiaonews.net.br\/2022\/2021\/09\/28\/secretarias-de-obras-meio-ambiente-e-defesa-civil-atuam-em-conjunto-para-retirada-de-eucaliptos-no-rochao\/"]}]},{"@type":"ImageObject","inLanguage":"pt-BR","@id":"https:\/\/regiaonews.net.br\/2022\/2021\/09\/28\/secretarias-de-obras-meio-ambiente-e-defesa-civil-atuam-em-conjunto-para-retirada-de-eucaliptos-no-rochao\/#primaryimage","url":"https:\/\/regiaonews.net.br\/2022\/wp-content\/uploads\/2021\/09\/RochaoEucaliptos-Andre-Monteiro-2.jpeg","contentUrl":"https:\/\/regiaonews.net.br\/2022\/wp-content\/uploads\/2021\/09\/RochaoEucaliptos-Andre-Monteiro-2.jpeg","width":1280,"height":854},{"@type":"BreadcrumbList","@id":"https:\/\/regiaonews.net.br\/2022\/2021\/09\/28\/secretarias-de-obras-meio-ambiente-e-defesa-civil-atuam-em-conjunto-para-retirada-de-eucaliptos-no-rochao\/#breadcrumb","itemListElement":[{"@type":"ListItem","position":1,"name":"In\u00edcio","item":"https:\/\/regiaonews.net.br\/2022\/"},{"@type":"ListItem","position":2,"name":"Secretarias de Obras, Meio Ambiente e Defesa Civil atuam em conjunto para retirada de eucaliptos no Roch\u00e3o"}]},{"@type":"WebSite","@id":"https:\/\/regiaonews.net.br\/2022\/#website","url":"https:\/\/regiaonews.net.br\/2022\/","name":"Regi\u00e3o News","description":"Site de Not\u00edcias de Barretos e regi\u00e3o","publisher":{"@id":"https:\/\/regiaonews.net.br\/2022\/#organization"},"potentialAction":[{"@type":"SearchAction","target":{"@type":"EntryPoint","urlTemplate":"https:\/\/regiaonews.net.br\/2022\/?s={search_term_string}"},"query-input":{"@type":"PropertyValueSpecification","valueRequired":true,"valueName":"search_term_string"}}],"inLanguage":"pt-BR"},{"@type":"Organization","@id":"https:\/\/regiaonews.net.br\/2022\/#organization","name":"Regi\u00e3o News","url":"https:\/\/regiaonews.net.br\/2022\/","logo":{"@type":"ImageObject","inLanguage":"pt-BR","@id":"https:\/\/regiaonews.net.br\/2022\/#\/schema\/logo\/image\/","url":"https:\/\/regiaonews.net.br\/2022\/wp-content\/uploads\/2026\/03\/regiao-13-anos-scaled.jpg","contentUrl":"https:\/\/regiaonews.net.br\/2022\/wp-content\/uploads\/2026\/03\/regiao-13-anos-scaled.jpg","width":2560,"height":635,"caption":"Regi\u00e3o News"},"image":{"@id":"https:\/\/regiaonews.net.br\/2022\/#\/schema\/logo\/image\/"}},{"@type":"Person","@id":"https:\/\/regiaonews.net.br\/2022\/#\/schema\/person\/2d205a608a5aa97ac279d7a5e6d89ad8","name":"Roberto","image":{"@type":"ImageObject","inLanguage":"pt-BR","@id":"https:\/\/secure.gravatar.com\/avatar\/42749d8b712ff9d59ca93dc150494e5b55a44134482993f5baeb97e61b7ecc89?s=96&d=mm&r=g","url":"https:\/\/secure.gravatar.com\/avatar\/42749d8b712ff9d59ca93dc150494e5b55a44134482993f5baeb97e61b7ecc89?s=96&d=mm&r=g","contentUrl":"https:\/\/secure.gravatar.com\/avatar\/42749d8b712ff9d59ca93dc150494e5b55a44134482993f5baeb97e61b7ecc89?s=96&d=mm&r=g","caption":"Roberto"},"url":"https:\/\/regiaonews.net.br\/2022\/author\/roberto\/"}]}},"publishpress_future_action":{"enabled":false,"date":"2026-05-03 12:34:18","action":"change-status","newStatus":"draft","terms":[],"taxonomy":"category","extraData":[]},"publishpress_future_workflow_manual_trigger":{"enabledWorkflows":[]},"_links":{"self":[{"href":"https:\/\/regiaonews.net.br\/2022\/wp-json\/wp\/v2\/posts\/54020","targetHints":{"allow":["GET"]}}],"collection":[{"href":"https:\/\/regiaonews.net.br\/2022\/wp-json\/wp\/v2\/posts"}],"about":[{"href":"https:\/\/regiaonews.net.br\/2022\/wp-json\/wp\/v2\/types\/post"}],"author":[{"embeddable":true,"href":"https:\/\/regiaonews.net.br\/2022\/wp-json\/wp\/v2\/users\/2"}],"replies":[{"embeddable":true,"href":"https:\/\/regiaonews.net.br\/2022\/wp-json\/wp\/v2\/comments?post=54020"}],"version-history":[{"count":0,"href":"https:\/\/regiaonews.net.br\/2022\/wp-json\/wp\/v2\/posts\/54020\/revisions"}],"wp:featuredmedia":[{"embeddable":true,"href":"https:\/\/regiaonews.net.br\/2022\/wp-json\/wp\/v2\/media\/54022"}],"wp:attachment":[{"href":"https:\/\/regiaonews.net.br\/2022\/wp-json\/wp\/v2\/media?parent=54020"}],"wp:term":[{"taxonomy":"category","embeddable":true,"href":"https:\/\/regiaonews.net.br\/2022\/wp-json\/wp\/v2\/categories?post=54020"},{"taxonomy":"post_tag","embeddable":true,"href":"https:\/\/regiaonews.net.br\/2022\/wp-json\/wp\/v2\/tags?post=54020"}],"curies":[{"name":"wp","href":"https:\/\/api.w.org\/{rel}","templated":true}]}}