{"id":54015,"date":"2021-09-28T15:53:55","date_gmt":"2021-09-28T18:53:55","guid":{"rendered":"https:\/\/regiaonews.net.br\/2022\/?p=54015"},"modified":"2021-09-28T15:55:24","modified_gmt":"2021-09-28T18:55:24","slug":"tebe-comemora-a-semana-nacional-do-transito-com-acoes-e-mensagens-de-seguranca","status":"publish","type":"post","link":"https:\/\/regiaonews.net.br\/2022\/2021\/09\/28\/tebe-comemora-a-semana-nacional-do-transito-com-acoes-e-mensagens-de-seguranca\/","title":{"rendered":"TEBE comemora \u00e0 Semana Nacional do Tr\u00e2nsito com a\u00e7\u00f5es e mensagens de seguran\u00e7a"},"content":{"rendered":"<p>A concession\u00e1ria levou as informa\u00e7\u00f5es para motoristas e pedestres<\/p>\n<p><a href=\"https:\/\/regiaonews.net.br\/2022\/wp-content\/uploads\/2021\/09\/download-1-1.png\"><img loading=\"lazy\" decoding=\"async\" class=\"alignnone size-medium wp-image-54016\" src=\"https:\/\/regiaonews.net.br\/2022\/wp-content\/uploads\/2021\/09\/download-1-1-300x290.png\" alt=\"\" width=\"300\" height=\"290\" \/><\/a> <a href=\"https:\/\/regiaonews.net.br\/2022\/wp-content\/uploads\/2021\/09\/download-2-1.png\"><img loading=\"lazy\" decoding=\"async\" class=\"alignnone size-medium wp-image-54017\" src=\"https:\/\/regiaonews.net.br\/2022\/wp-content\/uploads\/2021\/09\/download-2-1-255x300.png\" alt=\"\" width=\"255\" height=\"300\" \/><\/a> <a href=\"https:\/\/regiaonews.net.br\/2022\/wp-content\/uploads\/2021\/09\/download-3.png\"><img loading=\"lazy\" decoding=\"async\" class=\"alignnone size-medium wp-image-54018\" src=\"https:\/\/regiaonews.net.br\/2022\/wp-content\/uploads\/2021\/09\/download-3-300x250.png\" alt=\"\" width=\"300\" height=\"250\" \/><\/a><\/p>\n<p>&nbsp;<\/p>\n<p>A concession\u00e1ria de rodovias TEBE em parceria com a ARTESP (Ag\u00eancia Reguladora de Transportes do Estado de S\u00e3o Paulo) e a escola EMEB Prof. Oct\u00e1vio Guimar\u00e3es de Toledo, em comemora\u00e7\u00e3o \u00e0 Semana Nacional do Tr\u00e2nsito, realizaram entrega de lixoCar e gibis da Turma da M\u00f4nica com mensagens alusivas \u00e0 seguran\u00e7a no tr\u00e2nsito, no centro de Bebedouro.<\/p>\n<p>&nbsp;<\/p>\n<p>A Semana Nacional do Tr\u00e2nsito, que em 2021 teve o tema \u201cNo Tr\u00e2nsito, sua responsabilidade salva\u201d, \u00e9 comemorada de 18 a 25 de setembro. Neste ano teve participa\u00e7\u00e3o dos alunos do 4\u00ba ano da EMEB Prof. Oct\u00e1vio Guimar\u00e3es de Toledo de Bebedouro, que ficaram nos sem\u00e1foros no centro da cidade entregando LixoCar e gibis para os motoristas e gibis da Turma da M\u00f4nica para os pedestres, com mensagens de seguran\u00e7a para um tr\u00e2nsito mais seguro.<\/p>\n<p>&nbsp;<\/p>\n<p>A diretora da escola, S\u00f4nia Paro, sempre muito preocupada com a educa\u00e7\u00e3o no tr\u00e2nsito, aproveitou para entregar para todos os alunos da escola os gibis e trabalhar este conte\u00fado em sala de aula, para ela \u201c\u00e9 muito importante trabalhar com educa\u00e7\u00e3o no tr\u00e2nsito desde crian\u00e7a, pois os alunos s\u00e3o os multiplicadores e nos ajudam na conscientiza\u00e7\u00e3o por um tr\u00e2nsito mais seguro\u201d.<\/p>\n<p>&nbsp;<\/p>\n<p>Para TEBE esta parceria tem o objetivo principal, ensinar para os alunos os princ\u00edpios de harmonia e de respeito no tr\u00e2nsito, envolvendo tamb\u00e9m aspectos de preserva\u00e7\u00e3o ambiental.<\/p>\n<p>&nbsp;<\/p>\n<p>Para obter outras informa\u00e7\u00f5es sobre o\u00a0Programa de Concess\u00f5es Rodovi\u00e1rias do Estado de S\u00e3o Paulo, regulamentados e acompanhados pela ARTESP\u00a0na \u00e1rea administrada pela TEBE, conhecer os projetos s\u00f3cio-educativos e s\u00f3cio- ambientais, a localiza\u00e7\u00e3o e os valores cobrados nas pra\u00e7as de ped\u00e1gio, obras realizadas e em andamento e servi\u00e7os dispon\u00edveis aos usu\u00e1rios e projetos mantidos pela concession\u00e1ria acesse o site\u00a0<a href=\"http:\/\/www.tebe.com.br\/\" target=\"_blank\" rel=\"noopener noreferrer\" data-auth=\"NotApplicable\" data-linkindex=\"0\">www.tebe.com.br<\/a>.<\/p>\n<p>&nbsp;<\/p>\n<p>A TEBE tamb\u00e9m est\u00e1 com perfis nas redes sociais. No Facebook, o usu\u00e1rio pode obter outras informa\u00e7\u00f5es, dicas de seguran\u00e7a vi\u00e1ria e eventos culturais \u201ccurtindo\u201d a fan-page Concession\u00e1ria de Rodovias TEBE S\/A [<a href=\"http:\/\/www.facebook.com\/Rodovias.TEBE\" target=\"_blank\" rel=\"noopener noreferrer\" data-auth=\"NotApplicable\" data-linkindex=\"1\">www.facebook.com\/Rodovias.TEBE<\/a>]. No Twitter basta seguir o perfil @TEBE_Rodovias\u00a0e no Instagram @Rodovias.TEBE.<\/p>\n<p>&nbsp;<\/p>\n","protected":false},"excerpt":{"rendered":"<p>A concession\u00e1ria levou as informa\u00e7\u00f5es para motoristas e pedestres &nbsp;<\/p>\n","protected":false},"author":2,"featured_media":54016,"comment_status":"open","ping_status":"open","sticky":false,"template":"","format":"standard","meta":{"footnotes":""},"categories":[4,25],"tags":[],"class_list":["post-54015","post","type-post","status-publish","format-standard","has-post-thumbnail","hentry","category-bebedouro","category-cidades"],"yoast_head":"<!-- This site is optimized with the Yoast SEO plugin v27.4 - https:\/\/yoast.com\/product\/yoast-seo-wordpress\/ -->\n<title>TEBE comemora \u00e0 Semana Nacional do Tr\u00e2nsito com a\u00e7\u00f5es e mensagens de seguran\u00e7a - Regi\u00e3o News<\/title>\n<meta name=\"robots\" content=\"index, follow, max-snippet:-1, max-image-preview:large, max-video-preview:-1\" \/>\n<link rel=\"canonical\" href=\"https:\/\/regiaonews.net.br\/2022\/2021\/09\/28\/tebe-comemora-a-semana-nacional-do-transito-com-acoes-e-mensagens-de-seguranca\/\" \/>\n<meta property=\"og:locale\" content=\"pt_BR\" \/>\n<meta property=\"og:type\" content=\"article\" \/>\n<meta property=\"og:title\" content=\"TEBE comemora \u00e0 Semana Nacional do Tr\u00e2nsito com a\u00e7\u00f5es e mensagens de seguran\u00e7a - Regi\u00e3o News\" \/>\n<meta property=\"og:description\" content=\"A concession\u00e1ria levou as informa\u00e7\u00f5es para motoristas e pedestres &nbsp;\" \/>\n<meta property=\"og:url\" content=\"https:\/\/regiaonews.net.br\/2022\/2021\/09\/28\/tebe-comemora-a-semana-nacional-do-transito-com-acoes-e-mensagens-de-seguranca\/\" \/>\n<meta property=\"og:site_name\" content=\"Regi\u00e3o News\" \/>\n<meta property=\"article:published_time\" content=\"2021-09-28T18:53:55+00:00\" \/>\n<meta property=\"article:modified_time\" content=\"2021-09-28T18:55:24+00:00\" \/>\n<meta property=\"og:image\" content=\"https:\/\/regiaonews.net.br\/2022\/wp-content\/uploads\/2021\/09\/download-1-1.png\" \/>\n\t<meta property=\"og:image:width\" content=\"311\" \/>\n\t<meta property=\"og:image:height\" content=\"301\" \/>\n\t<meta property=\"og:image:type\" content=\"image\/png\" \/>\n<meta name=\"author\" content=\"Roberto\" \/>\n<meta name=\"twitter:card\" content=\"summary_large_image\" \/>\n<meta name=\"twitter:label1\" content=\"Escrito por\" \/>\n\t<meta name=\"twitter:data1\" content=\"Roberto\" \/>\n\t<meta name=\"twitter:label2\" content=\"Est. tempo de leitura\" \/>\n\t<meta name=\"twitter:data2\" content=\"2 minutos\" \/>\n<script type=\"application\/ld+json\" class=\"yoast-schema-graph\">{\"@context\":\"https:\\\/\\\/schema.org\",\"@graph\":[{\"@type\":\"Article\",\"@id\":\"https:\\\/\\\/regiaonews.net.br\\\/2022\\\/2021\\\/09\\\/28\\\/tebe-comemora-a-semana-nacional-do-transito-com-acoes-e-mensagens-de-seguranca\\\/#article\",\"isPartOf\":{\"@id\":\"https:\\\/\\\/regiaonews.net.br\\\/2022\\\/2021\\\/09\\\/28\\\/tebe-comemora-a-semana-nacional-do-transito-com-acoes-e-mensagens-de-seguranca\\\/\"},\"author\":{\"name\":\"Roberto\",\"@id\":\"https:\\\/\\\/regiaonews.net.br\\\/2022\\\/#\\\/schema\\\/person\\\/2d205a608a5aa97ac279d7a5e6d89ad8\"},\"headline\":\"TEBE comemora \u00e0 Semana Nacional do Tr\u00e2nsito com a\u00e7\u00f5es e mensagens de seguran\u00e7a\",\"datePublished\":\"2021-09-28T18:53:55+00:00\",\"dateModified\":\"2021-09-28T18:55:24+00:00\",\"mainEntityOfPage\":{\"@id\":\"https:\\\/\\\/regiaonews.net.br\\\/2022\\\/2021\\\/09\\\/28\\\/tebe-comemora-a-semana-nacional-do-transito-com-acoes-e-mensagens-de-seguranca\\\/\"},\"wordCount\":411,\"commentCount\":0,\"publisher\":{\"@id\":\"https:\\\/\\\/regiaonews.net.br\\\/2022\\\/#organization\"},\"image\":{\"@id\":\"https:\\\/\\\/regiaonews.net.br\\\/2022\\\/2021\\\/09\\\/28\\\/tebe-comemora-a-semana-nacional-do-transito-com-acoes-e-mensagens-de-seguranca\\\/#primaryimage\"},\"thumbnailUrl\":\"https:\\\/\\\/regiaonews.net.br\\\/2022\\\/wp-content\\\/uploads\\\/2021\\\/09\\\/download-1-1.png\",\"articleSection\":[\"Bebedouro\",\"Cidades\"],\"inLanguage\":\"pt-BR\",\"potentialAction\":[{\"@type\":\"CommentAction\",\"name\":\"Comment\",\"target\":[\"https:\\\/\\\/regiaonews.net.br\\\/2022\\\/2021\\\/09\\\/28\\\/tebe-comemora-a-semana-nacional-do-transito-com-acoes-e-mensagens-de-seguranca\\\/#respond\"]}]},{\"@type\":\"WebPage\",\"@id\":\"https:\\\/\\\/regiaonews.net.br\\\/2022\\\/2021\\\/09\\\/28\\\/tebe-comemora-a-semana-nacional-do-transito-com-acoes-e-mensagens-de-seguranca\\\/\",\"url\":\"https:\\\/\\\/regiaonews.net.br\\\/2022\\\/2021\\\/09\\\/28\\\/tebe-comemora-a-semana-nacional-do-transito-com-acoes-e-mensagens-de-seguranca\\\/\",\"name\":\"TEBE comemora \u00e0 Semana Nacional do Tr\u00e2nsito com a\u00e7\u00f5es e mensagens de seguran\u00e7a - Regi\u00e3o News\",\"isPartOf\":{\"@id\":\"https:\\\/\\\/regiaonews.net.br\\\/2022\\\/#website\"},\"primaryImageOfPage\":{\"@id\":\"https:\\\/\\\/regiaonews.net.br\\\/2022\\\/2021\\\/09\\\/28\\\/tebe-comemora-a-semana-nacional-do-transito-com-acoes-e-mensagens-de-seguranca\\\/#primaryimage\"},\"image\":{\"@id\":\"https:\\\/\\\/regiaonews.net.br\\\/2022\\\/2021\\\/09\\\/28\\\/tebe-comemora-a-semana-nacional-do-transito-com-acoes-e-mensagens-de-seguranca\\\/#primaryimage\"},\"thumbnailUrl\":\"https:\\\/\\\/regiaonews.net.br\\\/2022\\\/wp-content\\\/uploads\\\/2021\\\/09\\\/download-1-1.png\",\"datePublished\":\"2021-09-28T18:53:55+00:00\",\"dateModified\":\"2021-09-28T18:55:24+00:00\",\"breadcrumb\":{\"@id\":\"https:\\\/\\\/regiaonews.net.br\\\/2022\\\/2021\\\/09\\\/28\\\/tebe-comemora-a-semana-nacional-do-transito-com-acoes-e-mensagens-de-seguranca\\\/#breadcrumb\"},\"inLanguage\":\"pt-BR\",\"potentialAction\":[{\"@type\":\"ReadAction\",\"target\":[\"https:\\\/\\\/regiaonews.net.br\\\/2022\\\/2021\\\/09\\\/28\\\/tebe-comemora-a-semana-nacional-do-transito-com-acoes-e-mensagens-de-seguranca\\\/\"]}]},{\"@type\":\"ImageObject\",\"inLanguage\":\"pt-BR\",\"@id\":\"https:\\\/\\\/regiaonews.net.br\\\/2022\\\/2021\\\/09\\\/28\\\/tebe-comemora-a-semana-nacional-do-transito-com-acoes-e-mensagens-de-seguranca\\\/#primaryimage\",\"url\":\"https:\\\/\\\/regiaonews.net.br\\\/2022\\\/wp-content\\\/uploads\\\/2021\\\/09\\\/download-1-1.png\",\"contentUrl\":\"https:\\\/\\\/regiaonews.net.br\\\/2022\\\/wp-content\\\/uploads\\\/2021\\\/09\\\/download-1-1.png\",\"width\":311,\"height\":301},{\"@type\":\"BreadcrumbList\",\"@id\":\"https:\\\/\\\/regiaonews.net.br\\\/2022\\\/2021\\\/09\\\/28\\\/tebe-comemora-a-semana-nacional-do-transito-com-acoes-e-mensagens-de-seguranca\\\/#breadcrumb\",\"itemListElement\":[{\"@type\":\"ListItem\",\"position\":1,\"name\":\"In\u00edcio\",\"item\":\"https:\\\/\\\/regiaonews.net.br\\\/2022\\\/\"},{\"@type\":\"ListItem\",\"position\":2,\"name\":\"TEBE comemora \u00e0 Semana Nacional do Tr\u00e2nsito com a\u00e7\u00f5es e mensagens de seguran\u00e7a\"}]},{\"@type\":\"WebSite\",\"@id\":\"https:\\\/\\\/regiaonews.net.br\\\/2022\\\/#website\",\"url\":\"https:\\\/\\\/regiaonews.net.br\\\/2022\\\/\",\"name\":\"Regi\u00e3o News\",\"description\":\"Site de Not\u00edcias de Barretos e regi\u00e3o\",\"publisher\":{\"@id\":\"https:\\\/\\\/regiaonews.net.br\\\/2022\\\/#organization\"},\"potentialAction\":[{\"@type\":\"SearchAction\",\"target\":{\"@type\":\"EntryPoint\",\"urlTemplate\":\"https:\\\/\\\/regiaonews.net.br\\\/2022\\\/?s={search_term_string}\"},\"query-input\":{\"@type\":\"PropertyValueSpecification\",\"valueRequired\":true,\"valueName\":\"search_term_string\"}}],\"inLanguage\":\"pt-BR\"},{\"@type\":\"Organization\",\"@id\":\"https:\\\/\\\/regiaonews.net.br\\\/2022\\\/#organization\",\"name\":\"Regi\u00e3o News\",\"url\":\"https:\\\/\\\/regiaonews.net.br\\\/2022\\\/\",\"logo\":{\"@type\":\"ImageObject\",\"inLanguage\":\"pt-BR\",\"@id\":\"https:\\\/\\\/regiaonews.net.br\\\/2022\\\/#\\\/schema\\\/logo\\\/image\\\/\",\"url\":\"https:\\\/\\\/regiaonews.net.br\\\/2022\\\/wp-content\\\/uploads\\\/2026\\\/03\\\/regiao-13-anos-scaled.jpg\",\"contentUrl\":\"https:\\\/\\\/regiaonews.net.br\\\/2022\\\/wp-content\\\/uploads\\\/2026\\\/03\\\/regiao-13-anos-scaled.jpg\",\"width\":2560,\"height\":635,\"caption\":\"Regi\u00e3o News\"},\"image\":{\"@id\":\"https:\\\/\\\/regiaonews.net.br\\\/2022\\\/#\\\/schema\\\/logo\\\/image\\\/\"}},{\"@type\":\"Person\",\"@id\":\"https:\\\/\\\/regiaonews.net.br\\\/2022\\\/#\\\/schema\\\/person\\\/2d205a608a5aa97ac279d7a5e6d89ad8\",\"name\":\"Roberto\",\"image\":{\"@type\":\"ImageObject\",\"inLanguage\":\"pt-BR\",\"@id\":\"https:\\\/\\\/secure.gravatar.com\\\/avatar\\\/42749d8b712ff9d59ca93dc150494e5b55a44134482993f5baeb97e61b7ecc89?s=96&d=mm&r=g\",\"url\":\"https:\\\/\\\/secure.gravatar.com\\\/avatar\\\/42749d8b712ff9d59ca93dc150494e5b55a44134482993f5baeb97e61b7ecc89?s=96&d=mm&r=g\",\"contentUrl\":\"https:\\\/\\\/secure.gravatar.com\\\/avatar\\\/42749d8b712ff9d59ca93dc150494e5b55a44134482993f5baeb97e61b7ecc89?s=96&d=mm&r=g\",\"caption\":\"Roberto\"},\"url\":\"https:\\\/\\\/regiaonews.net.br\\\/2022\\\/author\\\/roberto\\\/\"}]}<\/script>\n<!-- \/ Yoast SEO plugin. -->","yoast_head_json":{"title":"TEBE comemora \u00e0 Semana Nacional do Tr\u00e2nsito com a\u00e7\u00f5es e mensagens de seguran\u00e7a - Regi\u00e3o News","robots":{"index":"index","follow":"follow","max-snippet":"max-snippet:-1","max-image-preview":"max-image-preview:large","max-video-preview":"max-video-preview:-1"},"canonical":"https:\/\/regiaonews.net.br\/2022\/2021\/09\/28\/tebe-comemora-a-semana-nacional-do-transito-com-acoes-e-mensagens-de-seguranca\/","og_locale":"pt_BR","og_type":"article","og_title":"TEBE comemora \u00e0 Semana Nacional do Tr\u00e2nsito com a\u00e7\u00f5es e mensagens de seguran\u00e7a - Regi\u00e3o News","og_description":"A concession\u00e1ria levou as informa\u00e7\u00f5es para motoristas e pedestres &nbsp;","og_url":"https:\/\/regiaonews.net.br\/2022\/2021\/09\/28\/tebe-comemora-a-semana-nacional-do-transito-com-acoes-e-mensagens-de-seguranca\/","og_site_name":"Regi\u00e3o News","article_published_time":"2021-09-28T18:53:55+00:00","article_modified_time":"2021-09-28T18:55:24+00:00","og_image":[{"width":311,"height":301,"url":"https:\/\/regiaonews.net.br\/2022\/wp-content\/uploads\/2021\/09\/download-1-1.png","type":"image\/png"}],"author":"Roberto","twitter_card":"summary_large_image","twitter_misc":{"Escrito por":"Roberto","Est. tempo de leitura":"2 minutos"},"schema":{"@context":"https:\/\/schema.org","@graph":[{"@type":"Article","@id":"https:\/\/regiaonews.net.br\/2022\/2021\/09\/28\/tebe-comemora-a-semana-nacional-do-transito-com-acoes-e-mensagens-de-seguranca\/#article","isPartOf":{"@id":"https:\/\/regiaonews.net.br\/2022\/2021\/09\/28\/tebe-comemora-a-semana-nacional-do-transito-com-acoes-e-mensagens-de-seguranca\/"},"author":{"name":"Roberto","@id":"https:\/\/regiaonews.net.br\/2022\/#\/schema\/person\/2d205a608a5aa97ac279d7a5e6d89ad8"},"headline":"TEBE comemora \u00e0 Semana Nacional do Tr\u00e2nsito com a\u00e7\u00f5es e mensagens de seguran\u00e7a","datePublished":"2021-09-28T18:53:55+00:00","dateModified":"2021-09-28T18:55:24+00:00","mainEntityOfPage":{"@id":"https:\/\/regiaonews.net.br\/2022\/2021\/09\/28\/tebe-comemora-a-semana-nacional-do-transito-com-acoes-e-mensagens-de-seguranca\/"},"wordCount":411,"commentCount":0,"publisher":{"@id":"https:\/\/regiaonews.net.br\/2022\/#organization"},"image":{"@id":"https:\/\/regiaonews.net.br\/2022\/2021\/09\/28\/tebe-comemora-a-semana-nacional-do-transito-com-acoes-e-mensagens-de-seguranca\/#primaryimage"},"thumbnailUrl":"https:\/\/regiaonews.net.br\/2022\/wp-content\/uploads\/2021\/09\/download-1-1.png","articleSection":["Bebedouro","Cidades"],"inLanguage":"pt-BR","potentialAction":[{"@type":"CommentAction","name":"Comment","target":["https:\/\/regiaonews.net.br\/2022\/2021\/09\/28\/tebe-comemora-a-semana-nacional-do-transito-com-acoes-e-mensagens-de-seguranca\/#respond"]}]},{"@type":"WebPage","@id":"https:\/\/regiaonews.net.br\/2022\/2021\/09\/28\/tebe-comemora-a-semana-nacional-do-transito-com-acoes-e-mensagens-de-seguranca\/","url":"https:\/\/regiaonews.net.br\/2022\/2021\/09\/28\/tebe-comemora-a-semana-nacional-do-transito-com-acoes-e-mensagens-de-seguranca\/","name":"TEBE comemora \u00e0 Semana Nacional do Tr\u00e2nsito com a\u00e7\u00f5es e mensagens de seguran\u00e7a - Regi\u00e3o News","isPartOf":{"@id":"https:\/\/regiaonews.net.br\/2022\/#website"},"primaryImageOfPage":{"@id":"https:\/\/regiaonews.net.br\/2022\/2021\/09\/28\/tebe-comemora-a-semana-nacional-do-transito-com-acoes-e-mensagens-de-seguranca\/#primaryimage"},"image":{"@id":"https:\/\/regiaonews.net.br\/2022\/2021\/09\/28\/tebe-comemora-a-semana-nacional-do-transito-com-acoes-e-mensagens-de-seguranca\/#primaryimage"},"thumbnailUrl":"https:\/\/regiaonews.net.br\/2022\/wp-content\/uploads\/2021\/09\/download-1-1.png","datePublished":"2021-09-28T18:53:55+00:00","dateModified":"2021-09-28T18:55:24+00:00","breadcrumb":{"@id":"https:\/\/regiaonews.net.br\/2022\/2021\/09\/28\/tebe-comemora-a-semana-nacional-do-transito-com-acoes-e-mensagens-de-seguranca\/#breadcrumb"},"inLanguage":"pt-BR","potentialAction":[{"@type":"ReadAction","target":["https:\/\/regiaonews.net.br\/2022\/2021\/09\/28\/tebe-comemora-a-semana-nacional-do-transito-com-acoes-e-mensagens-de-seguranca\/"]}]},{"@type":"ImageObject","inLanguage":"pt-BR","@id":"https:\/\/regiaonews.net.br\/2022\/2021\/09\/28\/tebe-comemora-a-semana-nacional-do-transito-com-acoes-e-mensagens-de-seguranca\/#primaryimage","url":"https:\/\/regiaonews.net.br\/2022\/wp-content\/uploads\/2021\/09\/download-1-1.png","contentUrl":"https:\/\/regiaonews.net.br\/2022\/wp-content\/uploads\/2021\/09\/download-1-1.png","width":311,"height":301},{"@type":"BreadcrumbList","@id":"https:\/\/regiaonews.net.br\/2022\/2021\/09\/28\/tebe-comemora-a-semana-nacional-do-transito-com-acoes-e-mensagens-de-seguranca\/#breadcrumb","itemListElement":[{"@type":"ListItem","position":1,"name":"In\u00edcio","item":"https:\/\/regiaonews.net.br\/2022\/"},{"@type":"ListItem","position":2,"name":"TEBE comemora \u00e0 Semana Nacional do Tr\u00e2nsito com a\u00e7\u00f5es e mensagens de seguran\u00e7a"}]},{"@type":"WebSite","@id":"https:\/\/regiaonews.net.br\/2022\/#website","url":"https:\/\/regiaonews.net.br\/2022\/","name":"Regi\u00e3o News","description":"Site de Not\u00edcias de Barretos e regi\u00e3o","publisher":{"@id":"https:\/\/regiaonews.net.br\/2022\/#organization"},"potentialAction":[{"@type":"SearchAction","target":{"@type":"EntryPoint","urlTemplate":"https:\/\/regiaonews.net.br\/2022\/?s={search_term_string}"},"query-input":{"@type":"PropertyValueSpecification","valueRequired":true,"valueName":"search_term_string"}}],"inLanguage":"pt-BR"},{"@type":"Organization","@id":"https:\/\/regiaonews.net.br\/2022\/#organization","name":"Regi\u00e3o News","url":"https:\/\/regiaonews.net.br\/2022\/","logo":{"@type":"ImageObject","inLanguage":"pt-BR","@id":"https:\/\/regiaonews.net.br\/2022\/#\/schema\/logo\/image\/","url":"https:\/\/regiaonews.net.br\/2022\/wp-content\/uploads\/2026\/03\/regiao-13-anos-scaled.jpg","contentUrl":"https:\/\/regiaonews.net.br\/2022\/wp-content\/uploads\/2026\/03\/regiao-13-anos-scaled.jpg","width":2560,"height":635,"caption":"Regi\u00e3o News"},"image":{"@id":"https:\/\/regiaonews.net.br\/2022\/#\/schema\/logo\/image\/"}},{"@type":"Person","@id":"https:\/\/regiaonews.net.br\/2022\/#\/schema\/person\/2d205a608a5aa97ac279d7a5e6d89ad8","name":"Roberto","image":{"@type":"ImageObject","inLanguage":"pt-BR","@id":"https:\/\/secure.gravatar.com\/avatar\/42749d8b712ff9d59ca93dc150494e5b55a44134482993f5baeb97e61b7ecc89?s=96&d=mm&r=g","url":"https:\/\/secure.gravatar.com\/avatar\/42749d8b712ff9d59ca93dc150494e5b55a44134482993f5baeb97e61b7ecc89?s=96&d=mm&r=g","contentUrl":"https:\/\/secure.gravatar.com\/avatar\/42749d8b712ff9d59ca93dc150494e5b55a44134482993f5baeb97e61b7ecc89?s=96&d=mm&r=g","caption":"Roberto"},"url":"https:\/\/regiaonews.net.br\/2022\/author\/roberto\/"}]}},"publishpress_future_action":{"enabled":false,"date":"2026-05-03 10:52:51","action":"change-status","newStatus":"draft","terms":[],"taxonomy":"category","extraData":[]},"publishpress_future_workflow_manual_trigger":{"enabledWorkflows":[]},"_links":{"self":[{"href":"https:\/\/regiaonews.net.br\/2022\/wp-json\/wp\/v2\/posts\/54015","targetHints":{"allow":["GET"]}}],"collection":[{"href":"https:\/\/regiaonews.net.br\/2022\/wp-json\/wp\/v2\/posts"}],"about":[{"href":"https:\/\/regiaonews.net.br\/2022\/wp-json\/wp\/v2\/types\/post"}],"author":[{"embeddable":true,"href":"https:\/\/regiaonews.net.br\/2022\/wp-json\/wp\/v2\/users\/2"}],"replies":[{"embeddable":true,"href":"https:\/\/regiaonews.net.br\/2022\/wp-json\/wp\/v2\/comments?post=54015"}],"version-history":[{"count":0,"href":"https:\/\/regiaonews.net.br\/2022\/wp-json\/wp\/v2\/posts\/54015\/revisions"}],"wp:featuredmedia":[{"embeddable":true,"href":"https:\/\/regiaonews.net.br\/2022\/wp-json\/wp\/v2\/media\/54016"}],"wp:attachment":[{"href":"https:\/\/regiaonews.net.br\/2022\/wp-json\/wp\/v2\/media?parent=54015"}],"wp:term":[{"taxonomy":"category","embeddable":true,"href":"https:\/\/regiaonews.net.br\/2022\/wp-json\/wp\/v2\/categories?post=54015"},{"taxonomy":"post_tag","embeddable":true,"href":"https:\/\/regiaonews.net.br\/2022\/wp-json\/wp\/v2\/tags?post=54015"}],"curies":[{"name":"wp","href":"https:\/\/api.w.org\/{rel}","templated":true}]}}