{"id":54009,"date":"2021-09-28T15:36:35","date_gmt":"2021-09-28T18:36:35","guid":{"rendered":"https:\/\/regiaonews.net.br\/2022\/?p=54009"},"modified":"2021-09-28T15:36:35","modified_gmt":"2021-09-28T18:36:35","slug":"fundo-social-lanca-campanha-de-arrecadacao-de-brinquedos-para-o-dia-das-criancas","status":"publish","type":"post","link":"https:\/\/regiaonews.net.br\/2022\/2021\/09\/28\/fundo-social-lanca-campanha-de-arrecadacao-de-brinquedos-para-o-dia-das-criancas\/","title":{"rendered":"Fundo Social lan\u00e7a campanha de arrecada\u00e7\u00e3o de brinquedos para o Dia das Crian\u00e7as"},"content":{"rendered":"<p><a href=\"https:\/\/regiaonews.net.br\/2022\/wp-content\/uploads\/2021\/09\/Dia-das-Criancas.jpeg\"><img loading=\"lazy\" decoding=\"async\" class=\"alignnone size-medium wp-image-54010\" src=\"https:\/\/regiaonews.net.br\/2022\/wp-content\/uploads\/2021\/09\/Dia-das-Criancas-300x300.jpeg\" alt=\"\" width=\"300\" height=\"300\" \/><\/a><\/p>\n<p><strong>No s\u00e1bado, dia 2, acontece um drive-thru da campanha em frente ao Fundo, das 09h ao meio-dia<\/strong><\/p>\n<p><strong>O Fundo Social de Solidariedade de Barretos (FSS) lan\u00e7ou a campanha de arrecada\u00e7\u00e3o para o Dia das Crian\u00e7as. Com o lema \u201cAcolha o cora\u00e7\u00e3o de uma crian\u00e7a, doe um brinquedo\u201d, a iniciativa visa arrecadar brinquedos em bom estado de conserva\u00e7\u00e3o que ser\u00e3o doados para crian\u00e7as de fam\u00edlias em situa\u00e7\u00e3o de vulnerabilidade.<\/strong><br \/>\n<strong>A campanha segue at\u00e9 o dia 30 de setembro, sendo que as doa\u00e7\u00f5es ser\u00e3o recebidas na sede do Fundo, na Rua 16, n\u00ba 52, entre as Avenidas 29&#215;31, no Centro, de segunda a sexta-feira, das 08h \u00e0s 12h e das 13h \u00e0s 17h. No s\u00e1bado dia 2, haver\u00e1 um drive-thru das 9h ao meio-dia tamb\u00e9m para entrega de brinquedos. Podem ser doados valores em dinheiro atrav\u00e9s do PIX do Fundo Social: 991676427.\u00a0\u00a0\u00a0<\/strong><br \/>\n<strong>\u201cTemos muitas fam\u00edlias em condi\u00e7\u00e3o de vulnerabilidade e que n\u00e3o conseguem presentear seus filhos nesta data que \u00e9 t\u00e3o significativa para as crian\u00e7as. Essa campanha \u00e9 para que possamos estampar um sorriso de felicidade em todas as crian\u00e7as e por isso contamos com a ajuda de cada barretense\u201d, comenta Let\u00edcia Lemos, presidente do FSS.<\/strong><\/p>\n","protected":false},"excerpt":{"rendered":"<p>No s\u00e1bado, dia 2, acontece um drive-thru da campanha em<\/p>\n","protected":false},"author":2,"featured_media":54010,"comment_status":"open","ping_status":"open","sticky":false,"template":"","format":"standard","meta":{"footnotes":""},"categories":[14,25,82],"tags":[],"class_list":["post-54009","post","type-post","status-publish","format-standard","has-post-thumbnail","hentry","category-barretos","category-cidades","category-solidariedade"],"yoast_head":"<!-- This site is optimized with the Yoast SEO plugin v27.4 - https:\/\/yoast.com\/product\/yoast-seo-wordpress\/ -->\n<title>Fundo Social lan\u00e7a campanha de arrecada\u00e7\u00e3o de brinquedos para o Dia das Crian\u00e7as - Regi\u00e3o News<\/title>\n<meta name=\"robots\" content=\"index, follow, max-snippet:-1, max-image-preview:large, max-video-preview:-1\" \/>\n<link rel=\"canonical\" href=\"https:\/\/regiaonews.net.br\/2022\/2021\/09\/28\/fundo-social-lanca-campanha-de-arrecadacao-de-brinquedos-para-o-dia-das-criancas\/\" \/>\n<meta property=\"og:locale\" content=\"pt_BR\" \/>\n<meta property=\"og:type\" content=\"article\" \/>\n<meta property=\"og:title\" content=\"Fundo Social lan\u00e7a campanha de arrecada\u00e7\u00e3o de brinquedos para o Dia das Crian\u00e7as - Regi\u00e3o News\" \/>\n<meta property=\"og:description\" content=\"No s\u00e1bado, dia 2, acontece um drive-thru da campanha em\" \/>\n<meta property=\"og:url\" content=\"https:\/\/regiaonews.net.br\/2022\/2021\/09\/28\/fundo-social-lanca-campanha-de-arrecadacao-de-brinquedos-para-o-dia-das-criancas\/\" \/>\n<meta property=\"og:site_name\" content=\"Regi\u00e3o News\" \/>\n<meta property=\"article:published_time\" content=\"2021-09-28T18:36:35+00:00\" \/>\n<meta property=\"og:image\" content=\"https:\/\/regiaonews.net.br\/2022\/wp-content\/uploads\/2021\/09\/Dia-das-Criancas.jpeg\" \/>\n\t<meta property=\"og:image:width\" content=\"1280\" \/>\n\t<meta property=\"og:image:height\" content=\"1280\" \/>\n\t<meta property=\"og:image:type\" content=\"image\/jpeg\" \/>\n<meta name=\"author\" content=\"Roberto\" \/>\n<meta name=\"twitter:card\" content=\"summary_large_image\" \/>\n<meta name=\"twitter:label1\" content=\"Escrito por\" \/>\n\t<meta name=\"twitter:data1\" content=\"Roberto\" \/>\n\t<meta name=\"twitter:label2\" content=\"Est. tempo de leitura\" \/>\n\t<meta name=\"twitter:data2\" content=\"1 minuto\" \/>\n<script type=\"application\/ld+json\" class=\"yoast-schema-graph\">{\"@context\":\"https:\\\/\\\/schema.org\",\"@graph\":[{\"@type\":\"Article\",\"@id\":\"https:\\\/\\\/regiaonews.net.br\\\/2022\\\/2021\\\/09\\\/28\\\/fundo-social-lanca-campanha-de-arrecadacao-de-brinquedos-para-o-dia-das-criancas\\\/#article\",\"isPartOf\":{\"@id\":\"https:\\\/\\\/regiaonews.net.br\\\/2022\\\/2021\\\/09\\\/28\\\/fundo-social-lanca-campanha-de-arrecadacao-de-brinquedos-para-o-dia-das-criancas\\\/\"},\"author\":{\"name\":\"Roberto\",\"@id\":\"https:\\\/\\\/regiaonews.net.br\\\/2022\\\/#\\\/schema\\\/person\\\/2d205a608a5aa97ac279d7a5e6d89ad8\"},\"headline\":\"Fundo Social lan\u00e7a campanha de arrecada\u00e7\u00e3o de brinquedos para o Dia das Crian\u00e7as\",\"datePublished\":\"2021-09-28T18:36:35+00:00\",\"mainEntityOfPage\":{\"@id\":\"https:\\\/\\\/regiaonews.net.br\\\/2022\\\/2021\\\/09\\\/28\\\/fundo-social-lanca-campanha-de-arrecadacao-de-brinquedos-para-o-dia-das-criancas\\\/\"},\"wordCount\":225,\"commentCount\":0,\"publisher\":{\"@id\":\"https:\\\/\\\/regiaonews.net.br\\\/2022\\\/#organization\"},\"image\":{\"@id\":\"https:\\\/\\\/regiaonews.net.br\\\/2022\\\/2021\\\/09\\\/28\\\/fundo-social-lanca-campanha-de-arrecadacao-de-brinquedos-para-o-dia-das-criancas\\\/#primaryimage\"},\"thumbnailUrl\":\"https:\\\/\\\/regiaonews.net.br\\\/2022\\\/wp-content\\\/uploads\\\/2021\\\/09\\\/Dia-das-Criancas.jpeg\",\"articleSection\":[\"Barretos\",\"Cidades\",\"Solidariedade\"],\"inLanguage\":\"pt-BR\",\"potentialAction\":[{\"@type\":\"CommentAction\",\"name\":\"Comment\",\"target\":[\"https:\\\/\\\/regiaonews.net.br\\\/2022\\\/2021\\\/09\\\/28\\\/fundo-social-lanca-campanha-de-arrecadacao-de-brinquedos-para-o-dia-das-criancas\\\/#respond\"]}]},{\"@type\":\"WebPage\",\"@id\":\"https:\\\/\\\/regiaonews.net.br\\\/2022\\\/2021\\\/09\\\/28\\\/fundo-social-lanca-campanha-de-arrecadacao-de-brinquedos-para-o-dia-das-criancas\\\/\",\"url\":\"https:\\\/\\\/regiaonews.net.br\\\/2022\\\/2021\\\/09\\\/28\\\/fundo-social-lanca-campanha-de-arrecadacao-de-brinquedos-para-o-dia-das-criancas\\\/\",\"name\":\"Fundo Social lan\u00e7a campanha de arrecada\u00e7\u00e3o de brinquedos para o Dia das Crian\u00e7as - Regi\u00e3o News\",\"isPartOf\":{\"@id\":\"https:\\\/\\\/regiaonews.net.br\\\/2022\\\/#website\"},\"primaryImageOfPage\":{\"@id\":\"https:\\\/\\\/regiaonews.net.br\\\/2022\\\/2021\\\/09\\\/28\\\/fundo-social-lanca-campanha-de-arrecadacao-de-brinquedos-para-o-dia-das-criancas\\\/#primaryimage\"},\"image\":{\"@id\":\"https:\\\/\\\/regiaonews.net.br\\\/2022\\\/2021\\\/09\\\/28\\\/fundo-social-lanca-campanha-de-arrecadacao-de-brinquedos-para-o-dia-das-criancas\\\/#primaryimage\"},\"thumbnailUrl\":\"https:\\\/\\\/regiaonews.net.br\\\/2022\\\/wp-content\\\/uploads\\\/2021\\\/09\\\/Dia-das-Criancas.jpeg\",\"datePublished\":\"2021-09-28T18:36:35+00:00\",\"breadcrumb\":{\"@id\":\"https:\\\/\\\/regiaonews.net.br\\\/2022\\\/2021\\\/09\\\/28\\\/fundo-social-lanca-campanha-de-arrecadacao-de-brinquedos-para-o-dia-das-criancas\\\/#breadcrumb\"},\"inLanguage\":\"pt-BR\",\"potentialAction\":[{\"@type\":\"ReadAction\",\"target\":[\"https:\\\/\\\/regiaonews.net.br\\\/2022\\\/2021\\\/09\\\/28\\\/fundo-social-lanca-campanha-de-arrecadacao-de-brinquedos-para-o-dia-das-criancas\\\/\"]}]},{\"@type\":\"ImageObject\",\"inLanguage\":\"pt-BR\",\"@id\":\"https:\\\/\\\/regiaonews.net.br\\\/2022\\\/2021\\\/09\\\/28\\\/fundo-social-lanca-campanha-de-arrecadacao-de-brinquedos-para-o-dia-das-criancas\\\/#primaryimage\",\"url\":\"https:\\\/\\\/regiaonews.net.br\\\/2022\\\/wp-content\\\/uploads\\\/2021\\\/09\\\/Dia-das-Criancas.jpeg\",\"contentUrl\":\"https:\\\/\\\/regiaonews.net.br\\\/2022\\\/wp-content\\\/uploads\\\/2021\\\/09\\\/Dia-das-Criancas.jpeg\",\"width\":1280,\"height\":1280},{\"@type\":\"BreadcrumbList\",\"@id\":\"https:\\\/\\\/regiaonews.net.br\\\/2022\\\/2021\\\/09\\\/28\\\/fundo-social-lanca-campanha-de-arrecadacao-de-brinquedos-para-o-dia-das-criancas\\\/#breadcrumb\",\"itemListElement\":[{\"@type\":\"ListItem\",\"position\":1,\"name\":\"In\u00edcio\",\"item\":\"https:\\\/\\\/regiaonews.net.br\\\/2022\\\/\"},{\"@type\":\"ListItem\",\"position\":2,\"name\":\"Fundo Social lan\u00e7a campanha de arrecada\u00e7\u00e3o de brinquedos para o Dia das Crian\u00e7as\"}]},{\"@type\":\"WebSite\",\"@id\":\"https:\\\/\\\/regiaonews.net.br\\\/2022\\\/#website\",\"url\":\"https:\\\/\\\/regiaonews.net.br\\\/2022\\\/\",\"name\":\"Regi\u00e3o News\",\"description\":\"Site de Not\u00edcias de Barretos e regi\u00e3o\",\"publisher\":{\"@id\":\"https:\\\/\\\/regiaonews.net.br\\\/2022\\\/#organization\"},\"potentialAction\":[{\"@type\":\"SearchAction\",\"target\":{\"@type\":\"EntryPoint\",\"urlTemplate\":\"https:\\\/\\\/regiaonews.net.br\\\/2022\\\/?s={search_term_string}\"},\"query-input\":{\"@type\":\"PropertyValueSpecification\",\"valueRequired\":true,\"valueName\":\"search_term_string\"}}],\"inLanguage\":\"pt-BR\"},{\"@type\":\"Organization\",\"@id\":\"https:\\\/\\\/regiaonews.net.br\\\/2022\\\/#organization\",\"name\":\"Regi\u00e3o News\",\"url\":\"https:\\\/\\\/regiaonews.net.br\\\/2022\\\/\",\"logo\":{\"@type\":\"ImageObject\",\"inLanguage\":\"pt-BR\",\"@id\":\"https:\\\/\\\/regiaonews.net.br\\\/2022\\\/#\\\/schema\\\/logo\\\/image\\\/\",\"url\":\"https:\\\/\\\/regiaonews.net.br\\\/2022\\\/wp-content\\\/uploads\\\/2026\\\/03\\\/regiao-13-anos-scaled.jpg\",\"contentUrl\":\"https:\\\/\\\/regiaonews.net.br\\\/2022\\\/wp-content\\\/uploads\\\/2026\\\/03\\\/regiao-13-anos-scaled.jpg\",\"width\":2560,\"height\":635,\"caption\":\"Regi\u00e3o News\"},\"image\":{\"@id\":\"https:\\\/\\\/regiaonews.net.br\\\/2022\\\/#\\\/schema\\\/logo\\\/image\\\/\"}},{\"@type\":\"Person\",\"@id\":\"https:\\\/\\\/regiaonews.net.br\\\/2022\\\/#\\\/schema\\\/person\\\/2d205a608a5aa97ac279d7a5e6d89ad8\",\"name\":\"Roberto\",\"image\":{\"@type\":\"ImageObject\",\"inLanguage\":\"pt-BR\",\"@id\":\"https:\\\/\\\/secure.gravatar.com\\\/avatar\\\/42749d8b712ff9d59ca93dc150494e5b55a44134482993f5baeb97e61b7ecc89?s=96&d=mm&r=g\",\"url\":\"https:\\\/\\\/secure.gravatar.com\\\/avatar\\\/42749d8b712ff9d59ca93dc150494e5b55a44134482993f5baeb97e61b7ecc89?s=96&d=mm&r=g\",\"contentUrl\":\"https:\\\/\\\/secure.gravatar.com\\\/avatar\\\/42749d8b712ff9d59ca93dc150494e5b55a44134482993f5baeb97e61b7ecc89?s=96&d=mm&r=g\",\"caption\":\"Roberto\"},\"url\":\"https:\\\/\\\/regiaonews.net.br\\\/2022\\\/author\\\/roberto\\\/\"}]}<\/script>\n<!-- \/ Yoast SEO plugin. -->","yoast_head_json":{"title":"Fundo Social lan\u00e7a campanha de arrecada\u00e7\u00e3o de brinquedos para o Dia das Crian\u00e7as - Regi\u00e3o News","robots":{"index":"index","follow":"follow","max-snippet":"max-snippet:-1","max-image-preview":"max-image-preview:large","max-video-preview":"max-video-preview:-1"},"canonical":"https:\/\/regiaonews.net.br\/2022\/2021\/09\/28\/fundo-social-lanca-campanha-de-arrecadacao-de-brinquedos-para-o-dia-das-criancas\/","og_locale":"pt_BR","og_type":"article","og_title":"Fundo Social lan\u00e7a campanha de arrecada\u00e7\u00e3o de brinquedos para o Dia das Crian\u00e7as - Regi\u00e3o News","og_description":"No s\u00e1bado, dia 2, acontece um drive-thru da campanha em","og_url":"https:\/\/regiaonews.net.br\/2022\/2021\/09\/28\/fundo-social-lanca-campanha-de-arrecadacao-de-brinquedos-para-o-dia-das-criancas\/","og_site_name":"Regi\u00e3o News","article_published_time":"2021-09-28T18:36:35+00:00","og_image":[{"width":1280,"height":1280,"url":"https:\/\/regiaonews.net.br\/2022\/wp-content\/uploads\/2021\/09\/Dia-das-Criancas.jpeg","type":"image\/jpeg"}],"author":"Roberto","twitter_card":"summary_large_image","twitter_misc":{"Escrito por":"Roberto","Est. tempo de leitura":"1 minuto"},"schema":{"@context":"https:\/\/schema.org","@graph":[{"@type":"Article","@id":"https:\/\/regiaonews.net.br\/2022\/2021\/09\/28\/fundo-social-lanca-campanha-de-arrecadacao-de-brinquedos-para-o-dia-das-criancas\/#article","isPartOf":{"@id":"https:\/\/regiaonews.net.br\/2022\/2021\/09\/28\/fundo-social-lanca-campanha-de-arrecadacao-de-brinquedos-para-o-dia-das-criancas\/"},"author":{"name":"Roberto","@id":"https:\/\/regiaonews.net.br\/2022\/#\/schema\/person\/2d205a608a5aa97ac279d7a5e6d89ad8"},"headline":"Fundo Social lan\u00e7a campanha de arrecada\u00e7\u00e3o de brinquedos para o Dia das Crian\u00e7as","datePublished":"2021-09-28T18:36:35+00:00","mainEntityOfPage":{"@id":"https:\/\/regiaonews.net.br\/2022\/2021\/09\/28\/fundo-social-lanca-campanha-de-arrecadacao-de-brinquedos-para-o-dia-das-criancas\/"},"wordCount":225,"commentCount":0,"publisher":{"@id":"https:\/\/regiaonews.net.br\/2022\/#organization"},"image":{"@id":"https:\/\/regiaonews.net.br\/2022\/2021\/09\/28\/fundo-social-lanca-campanha-de-arrecadacao-de-brinquedos-para-o-dia-das-criancas\/#primaryimage"},"thumbnailUrl":"https:\/\/regiaonews.net.br\/2022\/wp-content\/uploads\/2021\/09\/Dia-das-Criancas.jpeg","articleSection":["Barretos","Cidades","Solidariedade"],"inLanguage":"pt-BR","potentialAction":[{"@type":"CommentAction","name":"Comment","target":["https:\/\/regiaonews.net.br\/2022\/2021\/09\/28\/fundo-social-lanca-campanha-de-arrecadacao-de-brinquedos-para-o-dia-das-criancas\/#respond"]}]},{"@type":"WebPage","@id":"https:\/\/regiaonews.net.br\/2022\/2021\/09\/28\/fundo-social-lanca-campanha-de-arrecadacao-de-brinquedos-para-o-dia-das-criancas\/","url":"https:\/\/regiaonews.net.br\/2022\/2021\/09\/28\/fundo-social-lanca-campanha-de-arrecadacao-de-brinquedos-para-o-dia-das-criancas\/","name":"Fundo Social lan\u00e7a campanha de arrecada\u00e7\u00e3o de brinquedos para o Dia das Crian\u00e7as - Regi\u00e3o News","isPartOf":{"@id":"https:\/\/regiaonews.net.br\/2022\/#website"},"primaryImageOfPage":{"@id":"https:\/\/regiaonews.net.br\/2022\/2021\/09\/28\/fundo-social-lanca-campanha-de-arrecadacao-de-brinquedos-para-o-dia-das-criancas\/#primaryimage"},"image":{"@id":"https:\/\/regiaonews.net.br\/2022\/2021\/09\/28\/fundo-social-lanca-campanha-de-arrecadacao-de-brinquedos-para-o-dia-das-criancas\/#primaryimage"},"thumbnailUrl":"https:\/\/regiaonews.net.br\/2022\/wp-content\/uploads\/2021\/09\/Dia-das-Criancas.jpeg","datePublished":"2021-09-28T18:36:35+00:00","breadcrumb":{"@id":"https:\/\/regiaonews.net.br\/2022\/2021\/09\/28\/fundo-social-lanca-campanha-de-arrecadacao-de-brinquedos-para-o-dia-das-criancas\/#breadcrumb"},"inLanguage":"pt-BR","potentialAction":[{"@type":"ReadAction","target":["https:\/\/regiaonews.net.br\/2022\/2021\/09\/28\/fundo-social-lanca-campanha-de-arrecadacao-de-brinquedos-para-o-dia-das-criancas\/"]}]},{"@type":"ImageObject","inLanguage":"pt-BR","@id":"https:\/\/regiaonews.net.br\/2022\/2021\/09\/28\/fundo-social-lanca-campanha-de-arrecadacao-de-brinquedos-para-o-dia-das-criancas\/#primaryimage","url":"https:\/\/regiaonews.net.br\/2022\/wp-content\/uploads\/2021\/09\/Dia-das-Criancas.jpeg","contentUrl":"https:\/\/regiaonews.net.br\/2022\/wp-content\/uploads\/2021\/09\/Dia-das-Criancas.jpeg","width":1280,"height":1280},{"@type":"BreadcrumbList","@id":"https:\/\/regiaonews.net.br\/2022\/2021\/09\/28\/fundo-social-lanca-campanha-de-arrecadacao-de-brinquedos-para-o-dia-das-criancas\/#breadcrumb","itemListElement":[{"@type":"ListItem","position":1,"name":"In\u00edcio","item":"https:\/\/regiaonews.net.br\/2022\/"},{"@type":"ListItem","position":2,"name":"Fundo Social lan\u00e7a campanha de arrecada\u00e7\u00e3o de brinquedos para o Dia das Crian\u00e7as"}]},{"@type":"WebSite","@id":"https:\/\/regiaonews.net.br\/2022\/#website","url":"https:\/\/regiaonews.net.br\/2022\/","name":"Regi\u00e3o News","description":"Site de Not\u00edcias de Barretos e regi\u00e3o","publisher":{"@id":"https:\/\/regiaonews.net.br\/2022\/#organization"},"potentialAction":[{"@type":"SearchAction","target":{"@type":"EntryPoint","urlTemplate":"https:\/\/regiaonews.net.br\/2022\/?s={search_term_string}"},"query-input":{"@type":"PropertyValueSpecification","valueRequired":true,"valueName":"search_term_string"}}],"inLanguage":"pt-BR"},{"@type":"Organization","@id":"https:\/\/regiaonews.net.br\/2022\/#organization","name":"Regi\u00e3o News","url":"https:\/\/regiaonews.net.br\/2022\/","logo":{"@type":"ImageObject","inLanguage":"pt-BR","@id":"https:\/\/regiaonews.net.br\/2022\/#\/schema\/logo\/image\/","url":"https:\/\/regiaonews.net.br\/2022\/wp-content\/uploads\/2026\/03\/regiao-13-anos-scaled.jpg","contentUrl":"https:\/\/regiaonews.net.br\/2022\/wp-content\/uploads\/2026\/03\/regiao-13-anos-scaled.jpg","width":2560,"height":635,"caption":"Regi\u00e3o News"},"image":{"@id":"https:\/\/regiaonews.net.br\/2022\/#\/schema\/logo\/image\/"}},{"@type":"Person","@id":"https:\/\/regiaonews.net.br\/2022\/#\/schema\/person\/2d205a608a5aa97ac279d7a5e6d89ad8","name":"Roberto","image":{"@type":"ImageObject","inLanguage":"pt-BR","@id":"https:\/\/secure.gravatar.com\/avatar\/42749d8b712ff9d59ca93dc150494e5b55a44134482993f5baeb97e61b7ecc89?s=96&d=mm&r=g","url":"https:\/\/secure.gravatar.com\/avatar\/42749d8b712ff9d59ca93dc150494e5b55a44134482993f5baeb97e61b7ecc89?s=96&d=mm&r=g","contentUrl":"https:\/\/secure.gravatar.com\/avatar\/42749d8b712ff9d59ca93dc150494e5b55a44134482993f5baeb97e61b7ecc89?s=96&d=mm&r=g","caption":"Roberto"},"url":"https:\/\/regiaonews.net.br\/2022\/author\/roberto\/"}]}},"publishpress_future_action":{"enabled":false,"date":"2026-05-03 07:52:46","action":"change-status","newStatus":"draft","terms":[],"taxonomy":"category","extraData":[]},"publishpress_future_workflow_manual_trigger":{"enabledWorkflows":[]},"_links":{"self":[{"href":"https:\/\/regiaonews.net.br\/2022\/wp-json\/wp\/v2\/posts\/54009","targetHints":{"allow":["GET"]}}],"collection":[{"href":"https:\/\/regiaonews.net.br\/2022\/wp-json\/wp\/v2\/posts"}],"about":[{"href":"https:\/\/regiaonews.net.br\/2022\/wp-json\/wp\/v2\/types\/post"}],"author":[{"embeddable":true,"href":"https:\/\/regiaonews.net.br\/2022\/wp-json\/wp\/v2\/users\/2"}],"replies":[{"embeddable":true,"href":"https:\/\/regiaonews.net.br\/2022\/wp-json\/wp\/v2\/comments?post=54009"}],"version-history":[{"count":0,"href":"https:\/\/regiaonews.net.br\/2022\/wp-json\/wp\/v2\/posts\/54009\/revisions"}],"wp:featuredmedia":[{"embeddable":true,"href":"https:\/\/regiaonews.net.br\/2022\/wp-json\/wp\/v2\/media\/54010"}],"wp:attachment":[{"href":"https:\/\/regiaonews.net.br\/2022\/wp-json\/wp\/v2\/media?parent=54009"}],"wp:term":[{"taxonomy":"category","embeddable":true,"href":"https:\/\/regiaonews.net.br\/2022\/wp-json\/wp\/v2\/categories?post=54009"},{"taxonomy":"post_tag","embeddable":true,"href":"https:\/\/regiaonews.net.br\/2022\/wp-json\/wp\/v2\/tags?post=54009"}],"curies":[{"name":"wp","href":"https:\/\/api.w.org\/{rel}","templated":true}]}}