{"id":54005,"date":"2021-09-28T15:05:11","date_gmt":"2021-09-28T18:05:11","guid":{"rendered":"https:\/\/regiaonews.net.br\/2022\/?p=54005"},"modified":"2021-09-28T15:05:11","modified_gmt":"2021-09-28T18:05:11","slug":"tereos-participa-de-evento-internacional-com-case-de-industria-4-0","status":"publish","type":"post","link":"https:\/\/regiaonews.net.br\/2022\/2021\/09\/28\/tereos-participa-de-evento-internacional-com-case-de-industria-4-0\/","title":{"rendered":"Tereos participa de evento internacional com case de Ind\u00fastria 4.0"},"content":{"rendered":"<p><a href=\"https:\/\/regiaonews.net.br\/2022\/wp-content\/uploads\/2021\/09\/aerea-cruz-alta-1.png\"><img loading=\"lazy\" decoding=\"async\" class=\"alignnone size-medium wp-image-54006\" src=\"https:\/\/regiaonews.net.br\/2022\/wp-content\/uploads\/2021\/09\/aerea-cruz-alta-1-300x169.png\" alt=\"\" width=\"300\" height=\"169\" \/><\/a><\/p>\n<div class=\"\">\n<div class=\"wide-content-host\">\n<div class=\"_2tQ4A3EnvULHEHV6E6FsrS\" tabindex=\"-1\">\n<div class=\"k02pL6wktuleSmCIq9Uu1\">\n<div class=\"aIkJiKjTQYvMBiVlJyTdA\">\n<div class=\"_1fG9aln2t00SwqnHn0RMRt\">\n<div class=\"_3QCsM9-LPIxe1EDTYYKDn0 QMubUjbS-BOly_BTHEZj7 allowTextSelection\">\n<div align=\"center\"><\/div>\n<div align=\"center\"><em>Com projeto de vis\u00e3o integrada da ind\u00fastria, companhia marca presen\u00e7a no AVEVA PI World,<br \/>\nevento virtual sobre transforma\u00e7\u00e3o digital industrial<\/em>\n<\/div>\n<div>\u00a0A Tereos, uma das l\u00edderes mundiais na produ\u00e7\u00e3o de a\u00e7\u00facar e etanol, ir\u00e1 apresentar seu case de gest\u00e3o industrial via computa\u00e7\u00e3o de nuvem no AVEVA PI World, evento internacional de inova\u00e7\u00e3o digital em ind\u00fastrias, que acontece virtualmente de 19 a 21 de outubro deste ano.\n<\/div>\n<div>Em sua primeira participa\u00e7\u00e3o no evento, que re\u00fane mais de 160 palestrantes de todo o mundo, a produtora do setor sucroenerg\u00e9tico far\u00e1 uma apresenta\u00e7\u00e3o detalhando os avan\u00e7os de seu projeto de Ind\u00fastria 4.0, que busca automatizar e conectar seus processos industriais, com piloto sendo conduzido na unidade Cruz Alta do grupo, na cidade de Ol\u00edmpia, SP.\n<\/div>\n<div>Todos os dados das sete unidades industriais da companhia s\u00e3o coletados e estruturados pelo PI System, sistema de gest\u00e3o de dados da OSIsoft que permite que os dados sejam transformados em informa\u00e7\u00f5es e, ent\u00e3o, conhecimentos para direcionar a\u00e7\u00f5es que otimizam processos.<\/div>\n<div><\/div>\n<div>\u201cCom o investimento em uma robusta estrutura de dados para centraliza\u00e7\u00e3o de informa\u00e7\u00f5es, a Tereos garante o acesso pr\u00e1tico a todos os ativos, sistemas e locais para um suporte a decis\u00f5es estrat\u00e9gicas e intelig\u00eancia de neg\u00f3cios em tempo real.\u201d \u00a0explica Fernando Mello, gerente do projeto.<\/div>\n<div><\/div>\n<div><strong>Primeira edi\u00e7\u00e3o digital do evento<\/strong><\/div>\n<div>O AVEVA PI World 2021 ser\u00e1 a primeira experi\u00eancia digital do evento. Durante os tr\u00eas dias, mais de 50 companhias de todo o mundo apresentar\u00e3o as solu\u00e7\u00f5es e iniciativas que v\u00eam inovando a produ\u00e7\u00e3o industrial e transformando digitalmente diversas opera\u00e7\u00f5es.<\/div>\n<div>A participa\u00e7\u00e3o \u00e9 gratuita e as inscri\u00e7\u00f5es podem ser feitas no site oficial do evento:\u00a0<a id=\"LPlnk532501\" href=\"https:\/\/piworld.osisoft.com\/\" target=\"_blank\" rel=\"noopener noreferrer\" data-auth=\"NotApplicable\" data-linkindex=\"0\">https:\/\/piworld.osisoft.com\/<\/a><\/p>\n<div id=\"LPBorder_GTaHR0cHM6Ly9waXdvcmxkLm9zaXNvZnQuY29tLw..\" class=\"LPBorder974218\">\n<table id=\"LPContainer974218\" role=\"presentation\">\n<tbody>\n<tr valign=\"top\">\n<td>\n<div id=\"LPImageContainer974218\"><a id=\"LPImageAnchor974218\" href=\"https:\/\/piworld.osisoft.com\/\" target=\"_blank\" rel=\"noopener\"><img loading=\"lazy\" decoding=\"async\" id=\"LPThumbnailImageId974218\" src=\"https:\/\/assets.swoogo.com\/uploads\/full\/1363798-6149e3c90518f.png\" alt=\"\" width=\"240\" height=\"137\" \/><\/a><\/div>\n<\/td>\n<td>\n<div id=\"LPTitle974218\"><a id=\"LPUrlAnchor974218\" href=\"https:\/\/piworld.osisoft.com\/\" target=\"_blank\" rel=\"noopener\">AVEVA PI World Digital<\/a><\/div>\n<div id=\"LPDescription974218\">AVEVA PI World Digital will be a three-day virtual event held across three time zones: Singapore Time (SGT), Pacific Daylight Time (PDT), and Central European Time (CET).Attend to learn more about how AVEVA and OSIsoft have come together to help customers progress digital transformation in their industrial operations.<\/div>\n<div id=\"LPMetadata974218\">piworld.osisoft.com<\/div>\n<\/td>\n<\/tr>\n<\/tbody>\n<\/table>\n<\/div>\n<\/div>\n<div><\/div>\n<div><strong>Sobre a Tereos<\/strong><\/div>\n<div><em>Com vis\u00e3o de longo prazo no processamento de mat\u00e9rias-primas agr\u00edcolas e desenvolvimento de produtos aliment\u00edcios de qualidade, a Tereos \u00e9 uma das l\u00edderes nos mercados de a\u00e7\u00facar, \u00e1lcool\/etanol e amidos. Os compromissos do Grupo com a sociedade e com o meio ambiente t\u00eam contribu\u00eddo com a performance da companhia no longo prazo, enquanto refor\u00e7a nossa atua\u00e7\u00e3o respons\u00e1vel.\u00a0<\/em><em>O Grupo cooperativo Tereos re\u00fane 12.000 agricultores e possui expertise reconhecida no processamento de beterraba, cana-de-a\u00e7\u00facar, cereais e batata. Com 48 unidades industriais, opera\u00e7\u00f5es em 18 pa\u00edses e o compromisso de 22.300 colaboradores, a Tereos atende seus clientes em seus mercados locais, com uma oferta ampla de produtos. Em 2019\/20, o Grupo obteve um faturamento de \u20ac 4,5 bilh\u00f5es.<\/em><\/div>\n<div><\/div>\n<div><\/div>\n<div><strong>Tereos no Brasil<\/strong><\/div>\n<div><em>A Tereos no Brasil \u00e9 composta pela Tereos A\u00e7\u00facar &amp; Energia Brasil, Tereos Amido &amp; Ado\u00e7antes Brasil e Tereos Commodities Brasil. No noroeste do Estado de S\u00e3o Paulo, a Tereos A\u00e7\u00facar &amp; Energia Brasil concentra suas sete unidades de processamento e duas refinarias. A Tereos Amido &amp; Ado\u00e7antes Brasil, com opera\u00e7\u00e3o em Palmital (SP), diversifica o portf\u00f3lio da Tereos Brasil com a fabrica\u00e7\u00e3o de produtos derivados de milho e mandioca. A Tereos Commodities opera como trading e possui escrit\u00f3rios em diversos pa\u00edses.<\/em><\/div>\n<\/div>\n<div class=\"_1SgEp1U4PIR58Iv0wG1X4P\"><\/div>\n<div class=\"_2SAgzfLK_5Ndk0nG1HhYMs\"><\/div>\n<\/div>\n<\/div>\n<\/div>\n<\/div>\n<\/div>\n<\/div>\n<div class=\"wide-content-host\">\n<div class=\"_3BL964mseejjC_nzEeda9o NN4ve7-zXI11J6Er51ULd\" tabindex=\"-1\" aria-label=\"Mensagem de email\">\n<div class=\"\">\n<div class=\"_3BhETwd_gm-1r4F5l6tY1P allowTextSelection _3ugbQtWof-e4-8rgAmgncA\">\n<div class=\"_2utGtko8vVuCyN4b6XuYd-\">\n<div class=\"_3cCT-sJc1vQdLHJYCtN_YY\"><\/div>\n<\/div>\n<\/div>\n<\/div>\n<\/div>\n<\/div>\n","protected":false},"excerpt":{"rendered":"<p>Com projeto de vis\u00e3o integrada da ind\u00fastria, companhia marca presen\u00e7a<\/p>\n","protected":false},"author":2,"featured_media":54006,"comment_status":"open","ping_status":"open","sticky":false,"template":"","format":"standard","meta":{"footnotes":""},"categories":[31],"tags":[],"class_list":["post-54005","post","type-post","status-publish","format-standard","has-post-thumbnail","hentry","category-internacional"],"yoast_head":"<!-- This site is optimized with the Yoast SEO plugin v27.4 - https:\/\/yoast.com\/product\/yoast-seo-wordpress\/ -->\n<title>Tereos participa de evento internacional com case de Ind\u00fastria 4.0 - Regi\u00e3o News<\/title>\n<meta name=\"robots\" content=\"index, follow, max-snippet:-1, max-image-preview:large, max-video-preview:-1\" \/>\n<link rel=\"canonical\" href=\"https:\/\/regiaonews.net.br\/2022\/2021\/09\/28\/tereos-participa-de-evento-internacional-com-case-de-industria-4-0\/\" \/>\n<meta property=\"og:locale\" content=\"pt_BR\" \/>\n<meta property=\"og:type\" content=\"article\" \/>\n<meta property=\"og:title\" content=\"Tereos participa de evento internacional com case de Ind\u00fastria 4.0 - Regi\u00e3o News\" \/>\n<meta property=\"og:description\" content=\"Com projeto de vis\u00e3o integrada da ind\u00fastria, companhia marca presen\u00e7a\" \/>\n<meta property=\"og:url\" content=\"https:\/\/regiaonews.net.br\/2022\/2021\/09\/28\/tereos-participa-de-evento-internacional-com-case-de-industria-4-0\/\" \/>\n<meta property=\"og:site_name\" content=\"Regi\u00e3o News\" \/>\n<meta property=\"article:published_time\" content=\"2021-09-28T18:05:11+00:00\" \/>\n<meta property=\"og:image\" content=\"https:\/\/regiaonews.net.br\/2022\/wp-content\/uploads\/2021\/09\/aerea-cruz-alta-1.png\" \/>\n\t<meta property=\"og:image:width\" content=\"640\" \/>\n\t<meta property=\"og:image:height\" content=\"360\" \/>\n\t<meta property=\"og:image:type\" content=\"image\/png\" \/>\n<meta name=\"author\" content=\"Roberto\" \/>\n<meta name=\"twitter:card\" content=\"summary_large_image\" \/>\n<meta name=\"twitter:label1\" content=\"Escrito por\" \/>\n\t<meta name=\"twitter:data1\" content=\"Roberto\" \/>\n\t<meta name=\"twitter:label2\" content=\"Est. tempo de leitura\" \/>\n\t<meta name=\"twitter:data2\" content=\"3 minutos\" \/>\n<script type=\"application\/ld+json\" class=\"yoast-schema-graph\">{\"@context\":\"https:\\\/\\\/schema.org\",\"@graph\":[{\"@type\":\"Article\",\"@id\":\"https:\\\/\\\/regiaonews.net.br\\\/2022\\\/2021\\\/09\\\/28\\\/tereos-participa-de-evento-internacional-com-case-de-industria-4-0\\\/#article\",\"isPartOf\":{\"@id\":\"https:\\\/\\\/regiaonews.net.br\\\/2022\\\/2021\\\/09\\\/28\\\/tereos-participa-de-evento-internacional-com-case-de-industria-4-0\\\/\"},\"author\":{\"name\":\"Roberto\",\"@id\":\"https:\\\/\\\/regiaonews.net.br\\\/2022\\\/#\\\/schema\\\/person\\\/2d205a608a5aa97ac279d7a5e6d89ad8\"},\"headline\":\"Tereos participa de evento internacional com case de Ind\u00fastria 4.0\",\"datePublished\":\"2021-09-28T18:05:11+00:00\",\"mainEntityOfPage\":{\"@id\":\"https:\\\/\\\/regiaonews.net.br\\\/2022\\\/2021\\\/09\\\/28\\\/tereos-participa-de-evento-internacional-com-case-de-industria-4-0\\\/\"},\"wordCount\":592,\"commentCount\":0,\"publisher\":{\"@id\":\"https:\\\/\\\/regiaonews.net.br\\\/2022\\\/#organization\"},\"image\":{\"@id\":\"https:\\\/\\\/regiaonews.net.br\\\/2022\\\/2021\\\/09\\\/28\\\/tereos-participa-de-evento-internacional-com-case-de-industria-4-0\\\/#primaryimage\"},\"thumbnailUrl\":\"https:\\\/\\\/regiaonews.net.br\\\/2022\\\/wp-content\\\/uploads\\\/2021\\\/09\\\/aerea-cruz-alta-1.png\",\"articleSection\":[\"Internacional\"],\"inLanguage\":\"pt-BR\",\"potentialAction\":[{\"@type\":\"CommentAction\",\"name\":\"Comment\",\"target\":[\"https:\\\/\\\/regiaonews.net.br\\\/2022\\\/2021\\\/09\\\/28\\\/tereos-participa-de-evento-internacional-com-case-de-industria-4-0\\\/#respond\"]}]},{\"@type\":\"WebPage\",\"@id\":\"https:\\\/\\\/regiaonews.net.br\\\/2022\\\/2021\\\/09\\\/28\\\/tereos-participa-de-evento-internacional-com-case-de-industria-4-0\\\/\",\"url\":\"https:\\\/\\\/regiaonews.net.br\\\/2022\\\/2021\\\/09\\\/28\\\/tereos-participa-de-evento-internacional-com-case-de-industria-4-0\\\/\",\"name\":\"Tereos participa de evento internacional com case de Ind\u00fastria 4.0 - Regi\u00e3o News\",\"isPartOf\":{\"@id\":\"https:\\\/\\\/regiaonews.net.br\\\/2022\\\/#website\"},\"primaryImageOfPage\":{\"@id\":\"https:\\\/\\\/regiaonews.net.br\\\/2022\\\/2021\\\/09\\\/28\\\/tereos-participa-de-evento-internacional-com-case-de-industria-4-0\\\/#primaryimage\"},\"image\":{\"@id\":\"https:\\\/\\\/regiaonews.net.br\\\/2022\\\/2021\\\/09\\\/28\\\/tereos-participa-de-evento-internacional-com-case-de-industria-4-0\\\/#primaryimage\"},\"thumbnailUrl\":\"https:\\\/\\\/regiaonews.net.br\\\/2022\\\/wp-content\\\/uploads\\\/2021\\\/09\\\/aerea-cruz-alta-1.png\",\"datePublished\":\"2021-09-28T18:05:11+00:00\",\"breadcrumb\":{\"@id\":\"https:\\\/\\\/regiaonews.net.br\\\/2022\\\/2021\\\/09\\\/28\\\/tereos-participa-de-evento-internacional-com-case-de-industria-4-0\\\/#breadcrumb\"},\"inLanguage\":\"pt-BR\",\"potentialAction\":[{\"@type\":\"ReadAction\",\"target\":[\"https:\\\/\\\/regiaonews.net.br\\\/2022\\\/2021\\\/09\\\/28\\\/tereos-participa-de-evento-internacional-com-case-de-industria-4-0\\\/\"]}]},{\"@type\":\"ImageObject\",\"inLanguage\":\"pt-BR\",\"@id\":\"https:\\\/\\\/regiaonews.net.br\\\/2022\\\/2021\\\/09\\\/28\\\/tereos-participa-de-evento-internacional-com-case-de-industria-4-0\\\/#primaryimage\",\"url\":\"https:\\\/\\\/regiaonews.net.br\\\/2022\\\/wp-content\\\/uploads\\\/2021\\\/09\\\/aerea-cruz-alta-1.png\",\"contentUrl\":\"https:\\\/\\\/regiaonews.net.br\\\/2022\\\/wp-content\\\/uploads\\\/2021\\\/09\\\/aerea-cruz-alta-1.png\",\"width\":1600,\"height\":900},{\"@type\":\"BreadcrumbList\",\"@id\":\"https:\\\/\\\/regiaonews.net.br\\\/2022\\\/2021\\\/09\\\/28\\\/tereos-participa-de-evento-internacional-com-case-de-industria-4-0\\\/#breadcrumb\",\"itemListElement\":[{\"@type\":\"ListItem\",\"position\":1,\"name\":\"In\u00edcio\",\"item\":\"https:\\\/\\\/regiaonews.net.br\\\/2022\\\/\"},{\"@type\":\"ListItem\",\"position\":2,\"name\":\"Tereos participa de evento internacional com case de Ind\u00fastria 4.0\"}]},{\"@type\":\"WebSite\",\"@id\":\"https:\\\/\\\/regiaonews.net.br\\\/2022\\\/#website\",\"url\":\"https:\\\/\\\/regiaonews.net.br\\\/2022\\\/\",\"name\":\"Regi\u00e3o News\",\"description\":\"Site de Not\u00edcias de Barretos e regi\u00e3o\",\"publisher\":{\"@id\":\"https:\\\/\\\/regiaonews.net.br\\\/2022\\\/#organization\"},\"potentialAction\":[{\"@type\":\"SearchAction\",\"target\":{\"@type\":\"EntryPoint\",\"urlTemplate\":\"https:\\\/\\\/regiaonews.net.br\\\/2022\\\/?s={search_term_string}\"},\"query-input\":{\"@type\":\"PropertyValueSpecification\",\"valueRequired\":true,\"valueName\":\"search_term_string\"}}],\"inLanguage\":\"pt-BR\"},{\"@type\":\"Organization\",\"@id\":\"https:\\\/\\\/regiaonews.net.br\\\/2022\\\/#organization\",\"name\":\"Regi\u00e3o News\",\"url\":\"https:\\\/\\\/regiaonews.net.br\\\/2022\\\/\",\"logo\":{\"@type\":\"ImageObject\",\"inLanguage\":\"pt-BR\",\"@id\":\"https:\\\/\\\/regiaonews.net.br\\\/2022\\\/#\\\/schema\\\/logo\\\/image\\\/\",\"url\":\"https:\\\/\\\/regiaonews.net.br\\\/2022\\\/wp-content\\\/uploads\\\/2026\\\/03\\\/regiao-13-anos-scaled.jpg\",\"contentUrl\":\"https:\\\/\\\/regiaonews.net.br\\\/2022\\\/wp-content\\\/uploads\\\/2026\\\/03\\\/regiao-13-anos-scaled.jpg\",\"width\":2560,\"height\":635,\"caption\":\"Regi\u00e3o News\"},\"image\":{\"@id\":\"https:\\\/\\\/regiaonews.net.br\\\/2022\\\/#\\\/schema\\\/logo\\\/image\\\/\"}},{\"@type\":\"Person\",\"@id\":\"https:\\\/\\\/regiaonews.net.br\\\/2022\\\/#\\\/schema\\\/person\\\/2d205a608a5aa97ac279d7a5e6d89ad8\",\"name\":\"Roberto\",\"image\":{\"@type\":\"ImageObject\",\"inLanguage\":\"pt-BR\",\"@id\":\"https:\\\/\\\/secure.gravatar.com\\\/avatar\\\/42749d8b712ff9d59ca93dc150494e5b55a44134482993f5baeb97e61b7ecc89?s=96&d=mm&r=g\",\"url\":\"https:\\\/\\\/secure.gravatar.com\\\/avatar\\\/42749d8b712ff9d59ca93dc150494e5b55a44134482993f5baeb97e61b7ecc89?s=96&d=mm&r=g\",\"contentUrl\":\"https:\\\/\\\/secure.gravatar.com\\\/avatar\\\/42749d8b712ff9d59ca93dc150494e5b55a44134482993f5baeb97e61b7ecc89?s=96&d=mm&r=g\",\"caption\":\"Roberto\"},\"url\":\"https:\\\/\\\/regiaonews.net.br\\\/2022\\\/author\\\/roberto\\\/\"}]}<\/script>\n<!-- \/ Yoast SEO plugin. -->","yoast_head_json":{"title":"Tereos participa de evento internacional com case de Ind\u00fastria 4.0 - Regi\u00e3o News","robots":{"index":"index","follow":"follow","max-snippet":"max-snippet:-1","max-image-preview":"max-image-preview:large","max-video-preview":"max-video-preview:-1"},"canonical":"https:\/\/regiaonews.net.br\/2022\/2021\/09\/28\/tereos-participa-de-evento-internacional-com-case-de-industria-4-0\/","og_locale":"pt_BR","og_type":"article","og_title":"Tereos participa de evento internacional com case de Ind\u00fastria 4.0 - Regi\u00e3o News","og_description":"Com projeto de vis\u00e3o integrada da ind\u00fastria, companhia marca presen\u00e7a","og_url":"https:\/\/regiaonews.net.br\/2022\/2021\/09\/28\/tereos-participa-de-evento-internacional-com-case-de-industria-4-0\/","og_site_name":"Regi\u00e3o News","article_published_time":"2021-09-28T18:05:11+00:00","og_image":[{"url":"https:\/\/regiaonews.net.br\/2022\/wp-content\/uploads\/2021\/09\/aerea-cruz-alta-1.png","width":640,"height":360,"type":"image\/png"}],"author":"Roberto","twitter_card":"summary_large_image","twitter_misc":{"Escrito por":"Roberto","Est. tempo de leitura":"3 minutos"},"schema":{"@context":"https:\/\/schema.org","@graph":[{"@type":"Article","@id":"https:\/\/regiaonews.net.br\/2022\/2021\/09\/28\/tereos-participa-de-evento-internacional-com-case-de-industria-4-0\/#article","isPartOf":{"@id":"https:\/\/regiaonews.net.br\/2022\/2021\/09\/28\/tereos-participa-de-evento-internacional-com-case-de-industria-4-0\/"},"author":{"name":"Roberto","@id":"https:\/\/regiaonews.net.br\/2022\/#\/schema\/person\/2d205a608a5aa97ac279d7a5e6d89ad8"},"headline":"Tereos participa de evento internacional com case de Ind\u00fastria 4.0","datePublished":"2021-09-28T18:05:11+00:00","mainEntityOfPage":{"@id":"https:\/\/regiaonews.net.br\/2022\/2021\/09\/28\/tereos-participa-de-evento-internacional-com-case-de-industria-4-0\/"},"wordCount":592,"commentCount":0,"publisher":{"@id":"https:\/\/regiaonews.net.br\/2022\/#organization"},"image":{"@id":"https:\/\/regiaonews.net.br\/2022\/2021\/09\/28\/tereos-participa-de-evento-internacional-com-case-de-industria-4-0\/#primaryimage"},"thumbnailUrl":"https:\/\/regiaonews.net.br\/2022\/wp-content\/uploads\/2021\/09\/aerea-cruz-alta-1.png","articleSection":["Internacional"],"inLanguage":"pt-BR","potentialAction":[{"@type":"CommentAction","name":"Comment","target":["https:\/\/regiaonews.net.br\/2022\/2021\/09\/28\/tereos-participa-de-evento-internacional-com-case-de-industria-4-0\/#respond"]}]},{"@type":"WebPage","@id":"https:\/\/regiaonews.net.br\/2022\/2021\/09\/28\/tereos-participa-de-evento-internacional-com-case-de-industria-4-0\/","url":"https:\/\/regiaonews.net.br\/2022\/2021\/09\/28\/tereos-participa-de-evento-internacional-com-case-de-industria-4-0\/","name":"Tereos participa de evento internacional com case de Ind\u00fastria 4.0 - Regi\u00e3o News","isPartOf":{"@id":"https:\/\/regiaonews.net.br\/2022\/#website"},"primaryImageOfPage":{"@id":"https:\/\/regiaonews.net.br\/2022\/2021\/09\/28\/tereos-participa-de-evento-internacional-com-case-de-industria-4-0\/#primaryimage"},"image":{"@id":"https:\/\/regiaonews.net.br\/2022\/2021\/09\/28\/tereos-participa-de-evento-internacional-com-case-de-industria-4-0\/#primaryimage"},"thumbnailUrl":"https:\/\/regiaonews.net.br\/2022\/wp-content\/uploads\/2021\/09\/aerea-cruz-alta-1.png","datePublished":"2021-09-28T18:05:11+00:00","breadcrumb":{"@id":"https:\/\/regiaonews.net.br\/2022\/2021\/09\/28\/tereos-participa-de-evento-internacional-com-case-de-industria-4-0\/#breadcrumb"},"inLanguage":"pt-BR","potentialAction":[{"@type":"ReadAction","target":["https:\/\/regiaonews.net.br\/2022\/2021\/09\/28\/tereos-participa-de-evento-internacional-com-case-de-industria-4-0\/"]}]},{"@type":"ImageObject","inLanguage":"pt-BR","@id":"https:\/\/regiaonews.net.br\/2022\/2021\/09\/28\/tereos-participa-de-evento-internacional-com-case-de-industria-4-0\/#primaryimage","url":"https:\/\/regiaonews.net.br\/2022\/wp-content\/uploads\/2021\/09\/aerea-cruz-alta-1.png","contentUrl":"https:\/\/regiaonews.net.br\/2022\/wp-content\/uploads\/2021\/09\/aerea-cruz-alta-1.png","width":1600,"height":900},{"@type":"BreadcrumbList","@id":"https:\/\/regiaonews.net.br\/2022\/2021\/09\/28\/tereos-participa-de-evento-internacional-com-case-de-industria-4-0\/#breadcrumb","itemListElement":[{"@type":"ListItem","position":1,"name":"In\u00edcio","item":"https:\/\/regiaonews.net.br\/2022\/"},{"@type":"ListItem","position":2,"name":"Tereos participa de evento internacional com case de Ind\u00fastria 4.0"}]},{"@type":"WebSite","@id":"https:\/\/regiaonews.net.br\/2022\/#website","url":"https:\/\/regiaonews.net.br\/2022\/","name":"Regi\u00e3o News","description":"Site de Not\u00edcias de Barretos e regi\u00e3o","publisher":{"@id":"https:\/\/regiaonews.net.br\/2022\/#organization"},"potentialAction":[{"@type":"SearchAction","target":{"@type":"EntryPoint","urlTemplate":"https:\/\/regiaonews.net.br\/2022\/?s={search_term_string}"},"query-input":{"@type":"PropertyValueSpecification","valueRequired":true,"valueName":"search_term_string"}}],"inLanguage":"pt-BR"},{"@type":"Organization","@id":"https:\/\/regiaonews.net.br\/2022\/#organization","name":"Regi\u00e3o News","url":"https:\/\/regiaonews.net.br\/2022\/","logo":{"@type":"ImageObject","inLanguage":"pt-BR","@id":"https:\/\/regiaonews.net.br\/2022\/#\/schema\/logo\/image\/","url":"https:\/\/regiaonews.net.br\/2022\/wp-content\/uploads\/2026\/03\/regiao-13-anos-scaled.jpg","contentUrl":"https:\/\/regiaonews.net.br\/2022\/wp-content\/uploads\/2026\/03\/regiao-13-anos-scaled.jpg","width":2560,"height":635,"caption":"Regi\u00e3o News"},"image":{"@id":"https:\/\/regiaonews.net.br\/2022\/#\/schema\/logo\/image\/"}},{"@type":"Person","@id":"https:\/\/regiaonews.net.br\/2022\/#\/schema\/person\/2d205a608a5aa97ac279d7a5e6d89ad8","name":"Roberto","image":{"@type":"ImageObject","inLanguage":"pt-BR","@id":"https:\/\/secure.gravatar.com\/avatar\/42749d8b712ff9d59ca93dc150494e5b55a44134482993f5baeb97e61b7ecc89?s=96&d=mm&r=g","url":"https:\/\/secure.gravatar.com\/avatar\/42749d8b712ff9d59ca93dc150494e5b55a44134482993f5baeb97e61b7ecc89?s=96&d=mm&r=g","contentUrl":"https:\/\/secure.gravatar.com\/avatar\/42749d8b712ff9d59ca93dc150494e5b55a44134482993f5baeb97e61b7ecc89?s=96&d=mm&r=g","caption":"Roberto"},"url":"https:\/\/regiaonews.net.br\/2022\/author\/roberto\/"}]}},"publishpress_future_action":{"enabled":false,"date":"2026-05-03 06:19:08","action":"change-status","newStatus":"draft","terms":[],"taxonomy":"category","extraData":[]},"publishpress_future_workflow_manual_trigger":{"enabledWorkflows":[]},"_links":{"self":[{"href":"https:\/\/regiaonews.net.br\/2022\/wp-json\/wp\/v2\/posts\/54005","targetHints":{"allow":["GET"]}}],"collection":[{"href":"https:\/\/regiaonews.net.br\/2022\/wp-json\/wp\/v2\/posts"}],"about":[{"href":"https:\/\/regiaonews.net.br\/2022\/wp-json\/wp\/v2\/types\/post"}],"author":[{"embeddable":true,"href":"https:\/\/regiaonews.net.br\/2022\/wp-json\/wp\/v2\/users\/2"}],"replies":[{"embeddable":true,"href":"https:\/\/regiaonews.net.br\/2022\/wp-json\/wp\/v2\/comments?post=54005"}],"version-history":[{"count":0,"href":"https:\/\/regiaonews.net.br\/2022\/wp-json\/wp\/v2\/posts\/54005\/revisions"}],"wp:featuredmedia":[{"embeddable":true,"href":"https:\/\/regiaonews.net.br\/2022\/wp-json\/wp\/v2\/media\/54006"}],"wp:attachment":[{"href":"https:\/\/regiaonews.net.br\/2022\/wp-json\/wp\/v2\/media?parent=54005"}],"wp:term":[{"taxonomy":"category","embeddable":true,"href":"https:\/\/regiaonews.net.br\/2022\/wp-json\/wp\/v2\/categories?post=54005"},{"taxonomy":"post_tag","embeddable":true,"href":"https:\/\/regiaonews.net.br\/2022\/wp-json\/wp\/v2\/tags?post=54005"}],"curies":[{"name":"wp","href":"https:\/\/api.w.org\/{rel}","templated":true}]}}