{"id":54002,"date":"2021-09-28T14:56:18","date_gmt":"2021-09-28T17:56:18","guid":{"rendered":"https:\/\/regiaonews.net.br\/2022\/?p=54002"},"modified":"2021-09-28T14:56:18","modified_gmt":"2021-09-28T17:56:18","slug":"equipes-da-vigilancia-sanitaria-ordem-publica-e-policia-militar-divulgam-fiscalizacoes-realizadas","status":"publish","type":"post","link":"https:\/\/regiaonews.net.br\/2022\/2021\/09\/28\/equipes-da-vigilancia-sanitaria-ordem-publica-e-policia-militar-divulgam-fiscalizacoes-realizadas\/","title":{"rendered":"Equipes da Vigil\u00e2ncia Sanit\u00e1ria, Ordem P\u00fablica e Policia Militar divulgam Fiscaliza\u00e7\u00f5es realizadas"},"content":{"rendered":"<p><a href=\"https:\/\/regiaonews.net.br\/2022\/wp-content\/uploads\/2021\/09\/quermesse.jpg\"><img loading=\"lazy\" decoding=\"async\" class=\"alignnone size-medium wp-image-54003\" src=\"https:\/\/regiaonews.net.br\/2022\/wp-content\/uploads\/2021\/09\/quermesse-300x225.jpg\" alt=\"\" width=\"300\" height=\"225\" \/><\/a><\/p>\n<p>Fiscaliza\u00e7\u00f5es realizadas no per\u00edodo de 24 a 26 de setembro, pelas equipes da Vigil\u00e2ncia Sanit\u00e1ria, Ordem P\u00fablica e Policia Militar:<br \/>\n129 vistorias em estabelecimentos comerciais;<br \/>\n72 eventos vistoriados e autorizados dentro dos padr\u00f5es sanit\u00e1rios;<br \/>\n04 autos de infra\u00e7\u00e3o lavrados em festas clandestinas;<br \/>\nDesrespeito, aglomera\u00e7\u00e3o, falta do uso de m\u00e1scaras e demais medidas de preven\u00e7\u00e3o contra \u00a0a Covid-19 foram registradas;<br \/>\n11 den\u00fancias atrav\u00e9s dos telefones da Vigil\u00e2ncia e Copom, todas verificadas;<br \/>\nMonitoramento em vias como Regi\u00e3o dos Lagos, quadras e campos de futebol;<br \/>\nVistorias em feiras Livres, pesqueiros e clubes da cidade.<\/p>\n","protected":false},"excerpt":{"rendered":"<p>Fiscaliza\u00e7\u00f5es realizadas no per\u00edodo de 24 a 26 de setembro,<\/p>\n","protected":false},"author":2,"featured_media":54003,"comment_status":"open","ping_status":"open","sticky":false,"template":"","format":"standard","meta":{"footnotes":""},"categories":[14,25],"tags":[],"class_list":["post-54002","post","type-post","status-publish","format-standard","has-post-thumbnail","hentry","category-barretos","category-cidades"],"yoast_head":"<!-- This site is optimized with the Yoast SEO plugin v27.4 - https:\/\/yoast.com\/product\/yoast-seo-wordpress\/ -->\n<title>Equipes da Vigil\u00e2ncia Sanit\u00e1ria, Ordem P\u00fablica e Policia Militar divulgam Fiscaliza\u00e7\u00f5es realizadas - Regi\u00e3o News<\/title>\n<meta name=\"robots\" content=\"index, follow, max-snippet:-1, max-image-preview:large, max-video-preview:-1\" \/>\n<link rel=\"canonical\" href=\"https:\/\/regiaonews.net.br\/2022\/2021\/09\/28\/equipes-da-vigilancia-sanitaria-ordem-publica-e-policia-militar-divulgam-fiscalizacoes-realizadas\/\" \/>\n<meta property=\"og:locale\" content=\"pt_BR\" \/>\n<meta property=\"og:type\" content=\"article\" \/>\n<meta property=\"og:title\" content=\"Equipes da Vigil\u00e2ncia Sanit\u00e1ria, Ordem P\u00fablica e Policia Militar divulgam Fiscaliza\u00e7\u00f5es realizadas - Regi\u00e3o News\" \/>\n<meta property=\"og:description\" content=\"Fiscaliza\u00e7\u00f5es realizadas no per\u00edodo de 24 a 26 de setembro,\" \/>\n<meta property=\"og:url\" content=\"https:\/\/regiaonews.net.br\/2022\/2021\/09\/28\/equipes-da-vigilancia-sanitaria-ordem-publica-e-policia-militar-divulgam-fiscalizacoes-realizadas\/\" \/>\n<meta property=\"og:site_name\" content=\"Regi\u00e3o News\" \/>\n<meta property=\"article:published_time\" content=\"2021-09-28T17:56:18+00:00\" \/>\n<meta property=\"og:image\" content=\"https:\/\/regiaonews.net.br\/2022\/wp-content\/uploads\/2021\/09\/quermesse.jpg\" \/>\n\t<meta property=\"og:image:width\" content=\"1600\" \/>\n\t<meta property=\"og:image:height\" content=\"1202\" \/>\n\t<meta property=\"og:image:type\" content=\"image\/jpeg\" \/>\n<meta name=\"author\" content=\"Roberto\" \/>\n<meta name=\"twitter:card\" content=\"summary_large_image\" \/>\n<meta name=\"twitter:label1\" content=\"Escrito por\" \/>\n\t<meta name=\"twitter:data1\" content=\"Roberto\" \/>\n\t<meta name=\"twitter:label2\" content=\"Est. tempo de leitura\" \/>\n\t<meta name=\"twitter:data2\" content=\"1 minuto\" \/>\n<script type=\"application\/ld+json\" class=\"yoast-schema-graph\">{\"@context\":\"https:\\\/\\\/schema.org\",\"@graph\":[{\"@type\":\"Article\",\"@id\":\"https:\\\/\\\/regiaonews.net.br\\\/2022\\\/2021\\\/09\\\/28\\\/equipes-da-vigilancia-sanitaria-ordem-publica-e-policia-militar-divulgam-fiscalizacoes-realizadas\\\/#article\",\"isPartOf\":{\"@id\":\"https:\\\/\\\/regiaonews.net.br\\\/2022\\\/2021\\\/09\\\/28\\\/equipes-da-vigilancia-sanitaria-ordem-publica-e-policia-militar-divulgam-fiscalizacoes-realizadas\\\/\"},\"author\":{\"name\":\"Roberto\",\"@id\":\"https:\\\/\\\/regiaonews.net.br\\\/2022\\\/#\\\/schema\\\/person\\\/2d205a608a5aa97ac279d7a5e6d89ad8\"},\"headline\":\"Equipes da Vigil\u00e2ncia Sanit\u00e1ria, Ordem P\u00fablica e Policia Militar divulgam Fiscaliza\u00e7\u00f5es realizadas\",\"datePublished\":\"2021-09-28T17:56:18+00:00\",\"mainEntityOfPage\":{\"@id\":\"https:\\\/\\\/regiaonews.net.br\\\/2022\\\/2021\\\/09\\\/28\\\/equipes-da-vigilancia-sanitaria-ordem-publica-e-policia-militar-divulgam-fiscalizacoes-realizadas\\\/\"},\"wordCount\":116,\"commentCount\":0,\"publisher\":{\"@id\":\"https:\\\/\\\/regiaonews.net.br\\\/2022\\\/#organization\"},\"image\":{\"@id\":\"https:\\\/\\\/regiaonews.net.br\\\/2022\\\/2021\\\/09\\\/28\\\/equipes-da-vigilancia-sanitaria-ordem-publica-e-policia-militar-divulgam-fiscalizacoes-realizadas\\\/#primaryimage\"},\"thumbnailUrl\":\"https:\\\/\\\/regiaonews.net.br\\\/2022\\\/wp-content\\\/uploads\\\/2021\\\/09\\\/quermesse.jpg\",\"articleSection\":[\"Barretos\",\"Cidades\"],\"inLanguage\":\"pt-BR\",\"potentialAction\":[{\"@type\":\"CommentAction\",\"name\":\"Comment\",\"target\":[\"https:\\\/\\\/regiaonews.net.br\\\/2022\\\/2021\\\/09\\\/28\\\/equipes-da-vigilancia-sanitaria-ordem-publica-e-policia-militar-divulgam-fiscalizacoes-realizadas\\\/#respond\"]}]},{\"@type\":\"WebPage\",\"@id\":\"https:\\\/\\\/regiaonews.net.br\\\/2022\\\/2021\\\/09\\\/28\\\/equipes-da-vigilancia-sanitaria-ordem-publica-e-policia-militar-divulgam-fiscalizacoes-realizadas\\\/\",\"url\":\"https:\\\/\\\/regiaonews.net.br\\\/2022\\\/2021\\\/09\\\/28\\\/equipes-da-vigilancia-sanitaria-ordem-publica-e-policia-militar-divulgam-fiscalizacoes-realizadas\\\/\",\"name\":\"Equipes da Vigil\u00e2ncia Sanit\u00e1ria, Ordem P\u00fablica e Policia Militar divulgam Fiscaliza\u00e7\u00f5es realizadas - Regi\u00e3o News\",\"isPartOf\":{\"@id\":\"https:\\\/\\\/regiaonews.net.br\\\/2022\\\/#website\"},\"primaryImageOfPage\":{\"@id\":\"https:\\\/\\\/regiaonews.net.br\\\/2022\\\/2021\\\/09\\\/28\\\/equipes-da-vigilancia-sanitaria-ordem-publica-e-policia-militar-divulgam-fiscalizacoes-realizadas\\\/#primaryimage\"},\"image\":{\"@id\":\"https:\\\/\\\/regiaonews.net.br\\\/2022\\\/2021\\\/09\\\/28\\\/equipes-da-vigilancia-sanitaria-ordem-publica-e-policia-militar-divulgam-fiscalizacoes-realizadas\\\/#primaryimage\"},\"thumbnailUrl\":\"https:\\\/\\\/regiaonews.net.br\\\/2022\\\/wp-content\\\/uploads\\\/2021\\\/09\\\/quermesse.jpg\",\"datePublished\":\"2021-09-28T17:56:18+00:00\",\"breadcrumb\":{\"@id\":\"https:\\\/\\\/regiaonews.net.br\\\/2022\\\/2021\\\/09\\\/28\\\/equipes-da-vigilancia-sanitaria-ordem-publica-e-policia-militar-divulgam-fiscalizacoes-realizadas\\\/#breadcrumb\"},\"inLanguage\":\"pt-BR\",\"potentialAction\":[{\"@type\":\"ReadAction\",\"target\":[\"https:\\\/\\\/regiaonews.net.br\\\/2022\\\/2021\\\/09\\\/28\\\/equipes-da-vigilancia-sanitaria-ordem-publica-e-policia-militar-divulgam-fiscalizacoes-realizadas\\\/\"]}]},{\"@type\":\"ImageObject\",\"inLanguage\":\"pt-BR\",\"@id\":\"https:\\\/\\\/regiaonews.net.br\\\/2022\\\/2021\\\/09\\\/28\\\/equipes-da-vigilancia-sanitaria-ordem-publica-e-policia-militar-divulgam-fiscalizacoes-realizadas\\\/#primaryimage\",\"url\":\"https:\\\/\\\/regiaonews.net.br\\\/2022\\\/wp-content\\\/uploads\\\/2021\\\/09\\\/quermesse.jpg\",\"contentUrl\":\"https:\\\/\\\/regiaonews.net.br\\\/2022\\\/wp-content\\\/uploads\\\/2021\\\/09\\\/quermesse.jpg\",\"width\":1600,\"height\":1202},{\"@type\":\"BreadcrumbList\",\"@id\":\"https:\\\/\\\/regiaonews.net.br\\\/2022\\\/2021\\\/09\\\/28\\\/equipes-da-vigilancia-sanitaria-ordem-publica-e-policia-militar-divulgam-fiscalizacoes-realizadas\\\/#breadcrumb\",\"itemListElement\":[{\"@type\":\"ListItem\",\"position\":1,\"name\":\"In\u00edcio\",\"item\":\"https:\\\/\\\/regiaonews.net.br\\\/2022\\\/\"},{\"@type\":\"ListItem\",\"position\":2,\"name\":\"Equipes da Vigil\u00e2ncia Sanit\u00e1ria, Ordem P\u00fablica e Policia Militar divulgam Fiscaliza\u00e7\u00f5es realizadas\"}]},{\"@type\":\"WebSite\",\"@id\":\"https:\\\/\\\/regiaonews.net.br\\\/2022\\\/#website\",\"url\":\"https:\\\/\\\/regiaonews.net.br\\\/2022\\\/\",\"name\":\"Regi\u00e3o News\",\"description\":\"Site de Not\u00edcias de Barretos e regi\u00e3o\",\"publisher\":{\"@id\":\"https:\\\/\\\/regiaonews.net.br\\\/2022\\\/#organization\"},\"potentialAction\":[{\"@type\":\"SearchAction\",\"target\":{\"@type\":\"EntryPoint\",\"urlTemplate\":\"https:\\\/\\\/regiaonews.net.br\\\/2022\\\/?s={search_term_string}\"},\"query-input\":{\"@type\":\"PropertyValueSpecification\",\"valueRequired\":true,\"valueName\":\"search_term_string\"}}],\"inLanguage\":\"pt-BR\"},{\"@type\":\"Organization\",\"@id\":\"https:\\\/\\\/regiaonews.net.br\\\/2022\\\/#organization\",\"name\":\"Regi\u00e3o News\",\"url\":\"https:\\\/\\\/regiaonews.net.br\\\/2022\\\/\",\"logo\":{\"@type\":\"ImageObject\",\"inLanguage\":\"pt-BR\",\"@id\":\"https:\\\/\\\/regiaonews.net.br\\\/2022\\\/#\\\/schema\\\/logo\\\/image\\\/\",\"url\":\"https:\\\/\\\/regiaonews.net.br\\\/2022\\\/wp-content\\\/uploads\\\/2026\\\/03\\\/regiao-13-anos-scaled.jpg\",\"contentUrl\":\"https:\\\/\\\/regiaonews.net.br\\\/2022\\\/wp-content\\\/uploads\\\/2026\\\/03\\\/regiao-13-anos-scaled.jpg\",\"width\":2560,\"height\":635,\"caption\":\"Regi\u00e3o News\"},\"image\":{\"@id\":\"https:\\\/\\\/regiaonews.net.br\\\/2022\\\/#\\\/schema\\\/logo\\\/image\\\/\"}},{\"@type\":\"Person\",\"@id\":\"https:\\\/\\\/regiaonews.net.br\\\/2022\\\/#\\\/schema\\\/person\\\/2d205a608a5aa97ac279d7a5e6d89ad8\",\"name\":\"Roberto\",\"image\":{\"@type\":\"ImageObject\",\"inLanguage\":\"pt-BR\",\"@id\":\"https:\\\/\\\/secure.gravatar.com\\\/avatar\\\/42749d8b712ff9d59ca93dc150494e5b55a44134482993f5baeb97e61b7ecc89?s=96&d=mm&r=g\",\"url\":\"https:\\\/\\\/secure.gravatar.com\\\/avatar\\\/42749d8b712ff9d59ca93dc150494e5b55a44134482993f5baeb97e61b7ecc89?s=96&d=mm&r=g\",\"contentUrl\":\"https:\\\/\\\/secure.gravatar.com\\\/avatar\\\/42749d8b712ff9d59ca93dc150494e5b55a44134482993f5baeb97e61b7ecc89?s=96&d=mm&r=g\",\"caption\":\"Roberto\"},\"url\":\"https:\\\/\\\/regiaonews.net.br\\\/2022\\\/author\\\/roberto\\\/\"}]}<\/script>\n<!-- \/ Yoast SEO plugin. -->","yoast_head_json":{"title":"Equipes da Vigil\u00e2ncia Sanit\u00e1ria, Ordem P\u00fablica e Policia Militar divulgam Fiscaliza\u00e7\u00f5es realizadas - Regi\u00e3o News","robots":{"index":"index","follow":"follow","max-snippet":"max-snippet:-1","max-image-preview":"max-image-preview:large","max-video-preview":"max-video-preview:-1"},"canonical":"https:\/\/regiaonews.net.br\/2022\/2021\/09\/28\/equipes-da-vigilancia-sanitaria-ordem-publica-e-policia-militar-divulgam-fiscalizacoes-realizadas\/","og_locale":"pt_BR","og_type":"article","og_title":"Equipes da Vigil\u00e2ncia Sanit\u00e1ria, Ordem P\u00fablica e Policia Militar divulgam Fiscaliza\u00e7\u00f5es realizadas - Regi\u00e3o News","og_description":"Fiscaliza\u00e7\u00f5es realizadas no per\u00edodo de 24 a 26 de setembro,","og_url":"https:\/\/regiaonews.net.br\/2022\/2021\/09\/28\/equipes-da-vigilancia-sanitaria-ordem-publica-e-policia-militar-divulgam-fiscalizacoes-realizadas\/","og_site_name":"Regi\u00e3o News","article_published_time":"2021-09-28T17:56:18+00:00","og_image":[{"width":1600,"height":1202,"url":"https:\/\/regiaonews.net.br\/2022\/wp-content\/uploads\/2021\/09\/quermesse.jpg","type":"image\/jpeg"}],"author":"Roberto","twitter_card":"summary_large_image","twitter_misc":{"Escrito por":"Roberto","Est. tempo de leitura":"1 minuto"},"schema":{"@context":"https:\/\/schema.org","@graph":[{"@type":"Article","@id":"https:\/\/regiaonews.net.br\/2022\/2021\/09\/28\/equipes-da-vigilancia-sanitaria-ordem-publica-e-policia-militar-divulgam-fiscalizacoes-realizadas\/#article","isPartOf":{"@id":"https:\/\/regiaonews.net.br\/2022\/2021\/09\/28\/equipes-da-vigilancia-sanitaria-ordem-publica-e-policia-militar-divulgam-fiscalizacoes-realizadas\/"},"author":{"name":"Roberto","@id":"https:\/\/regiaonews.net.br\/2022\/#\/schema\/person\/2d205a608a5aa97ac279d7a5e6d89ad8"},"headline":"Equipes da Vigil\u00e2ncia Sanit\u00e1ria, Ordem P\u00fablica e Policia Militar divulgam Fiscaliza\u00e7\u00f5es realizadas","datePublished":"2021-09-28T17:56:18+00:00","mainEntityOfPage":{"@id":"https:\/\/regiaonews.net.br\/2022\/2021\/09\/28\/equipes-da-vigilancia-sanitaria-ordem-publica-e-policia-militar-divulgam-fiscalizacoes-realizadas\/"},"wordCount":116,"commentCount":0,"publisher":{"@id":"https:\/\/regiaonews.net.br\/2022\/#organization"},"image":{"@id":"https:\/\/regiaonews.net.br\/2022\/2021\/09\/28\/equipes-da-vigilancia-sanitaria-ordem-publica-e-policia-militar-divulgam-fiscalizacoes-realizadas\/#primaryimage"},"thumbnailUrl":"https:\/\/regiaonews.net.br\/2022\/wp-content\/uploads\/2021\/09\/quermesse.jpg","articleSection":["Barretos","Cidades"],"inLanguage":"pt-BR","potentialAction":[{"@type":"CommentAction","name":"Comment","target":["https:\/\/regiaonews.net.br\/2022\/2021\/09\/28\/equipes-da-vigilancia-sanitaria-ordem-publica-e-policia-militar-divulgam-fiscalizacoes-realizadas\/#respond"]}]},{"@type":"WebPage","@id":"https:\/\/regiaonews.net.br\/2022\/2021\/09\/28\/equipes-da-vigilancia-sanitaria-ordem-publica-e-policia-militar-divulgam-fiscalizacoes-realizadas\/","url":"https:\/\/regiaonews.net.br\/2022\/2021\/09\/28\/equipes-da-vigilancia-sanitaria-ordem-publica-e-policia-militar-divulgam-fiscalizacoes-realizadas\/","name":"Equipes da Vigil\u00e2ncia Sanit\u00e1ria, Ordem P\u00fablica e Policia Militar divulgam Fiscaliza\u00e7\u00f5es realizadas - Regi\u00e3o News","isPartOf":{"@id":"https:\/\/regiaonews.net.br\/2022\/#website"},"primaryImageOfPage":{"@id":"https:\/\/regiaonews.net.br\/2022\/2021\/09\/28\/equipes-da-vigilancia-sanitaria-ordem-publica-e-policia-militar-divulgam-fiscalizacoes-realizadas\/#primaryimage"},"image":{"@id":"https:\/\/regiaonews.net.br\/2022\/2021\/09\/28\/equipes-da-vigilancia-sanitaria-ordem-publica-e-policia-militar-divulgam-fiscalizacoes-realizadas\/#primaryimage"},"thumbnailUrl":"https:\/\/regiaonews.net.br\/2022\/wp-content\/uploads\/2021\/09\/quermesse.jpg","datePublished":"2021-09-28T17:56:18+00:00","breadcrumb":{"@id":"https:\/\/regiaonews.net.br\/2022\/2021\/09\/28\/equipes-da-vigilancia-sanitaria-ordem-publica-e-policia-militar-divulgam-fiscalizacoes-realizadas\/#breadcrumb"},"inLanguage":"pt-BR","potentialAction":[{"@type":"ReadAction","target":["https:\/\/regiaonews.net.br\/2022\/2021\/09\/28\/equipes-da-vigilancia-sanitaria-ordem-publica-e-policia-militar-divulgam-fiscalizacoes-realizadas\/"]}]},{"@type":"ImageObject","inLanguage":"pt-BR","@id":"https:\/\/regiaonews.net.br\/2022\/2021\/09\/28\/equipes-da-vigilancia-sanitaria-ordem-publica-e-policia-militar-divulgam-fiscalizacoes-realizadas\/#primaryimage","url":"https:\/\/regiaonews.net.br\/2022\/wp-content\/uploads\/2021\/09\/quermesse.jpg","contentUrl":"https:\/\/regiaonews.net.br\/2022\/wp-content\/uploads\/2021\/09\/quermesse.jpg","width":1600,"height":1202},{"@type":"BreadcrumbList","@id":"https:\/\/regiaonews.net.br\/2022\/2021\/09\/28\/equipes-da-vigilancia-sanitaria-ordem-publica-e-policia-militar-divulgam-fiscalizacoes-realizadas\/#breadcrumb","itemListElement":[{"@type":"ListItem","position":1,"name":"In\u00edcio","item":"https:\/\/regiaonews.net.br\/2022\/"},{"@type":"ListItem","position":2,"name":"Equipes da Vigil\u00e2ncia Sanit\u00e1ria, Ordem P\u00fablica e Policia Militar divulgam Fiscaliza\u00e7\u00f5es realizadas"}]},{"@type":"WebSite","@id":"https:\/\/regiaonews.net.br\/2022\/#website","url":"https:\/\/regiaonews.net.br\/2022\/","name":"Regi\u00e3o News","description":"Site de Not\u00edcias de Barretos e regi\u00e3o","publisher":{"@id":"https:\/\/regiaonews.net.br\/2022\/#organization"},"potentialAction":[{"@type":"SearchAction","target":{"@type":"EntryPoint","urlTemplate":"https:\/\/regiaonews.net.br\/2022\/?s={search_term_string}"},"query-input":{"@type":"PropertyValueSpecification","valueRequired":true,"valueName":"search_term_string"}}],"inLanguage":"pt-BR"},{"@type":"Organization","@id":"https:\/\/regiaonews.net.br\/2022\/#organization","name":"Regi\u00e3o News","url":"https:\/\/regiaonews.net.br\/2022\/","logo":{"@type":"ImageObject","inLanguage":"pt-BR","@id":"https:\/\/regiaonews.net.br\/2022\/#\/schema\/logo\/image\/","url":"https:\/\/regiaonews.net.br\/2022\/wp-content\/uploads\/2026\/03\/regiao-13-anos-scaled.jpg","contentUrl":"https:\/\/regiaonews.net.br\/2022\/wp-content\/uploads\/2026\/03\/regiao-13-anos-scaled.jpg","width":2560,"height":635,"caption":"Regi\u00e3o News"},"image":{"@id":"https:\/\/regiaonews.net.br\/2022\/#\/schema\/logo\/image\/"}},{"@type":"Person","@id":"https:\/\/regiaonews.net.br\/2022\/#\/schema\/person\/2d205a608a5aa97ac279d7a5e6d89ad8","name":"Roberto","image":{"@type":"ImageObject","inLanguage":"pt-BR","@id":"https:\/\/secure.gravatar.com\/avatar\/42749d8b712ff9d59ca93dc150494e5b55a44134482993f5baeb97e61b7ecc89?s=96&d=mm&r=g","url":"https:\/\/secure.gravatar.com\/avatar\/42749d8b712ff9d59ca93dc150494e5b55a44134482993f5baeb97e61b7ecc89?s=96&d=mm&r=g","contentUrl":"https:\/\/secure.gravatar.com\/avatar\/42749d8b712ff9d59ca93dc150494e5b55a44134482993f5baeb97e61b7ecc89?s=96&d=mm&r=g","caption":"Roberto"},"url":"https:\/\/regiaonews.net.br\/2022\/author\/roberto\/"}]}},"publishpress_future_action":{"enabled":false,"date":"2026-05-03 04:51:28","action":"change-status","newStatus":"draft","terms":[],"taxonomy":"category","extraData":[]},"publishpress_future_workflow_manual_trigger":{"enabledWorkflows":[]},"_links":{"self":[{"href":"https:\/\/regiaonews.net.br\/2022\/wp-json\/wp\/v2\/posts\/54002","targetHints":{"allow":["GET"]}}],"collection":[{"href":"https:\/\/regiaonews.net.br\/2022\/wp-json\/wp\/v2\/posts"}],"about":[{"href":"https:\/\/regiaonews.net.br\/2022\/wp-json\/wp\/v2\/types\/post"}],"author":[{"embeddable":true,"href":"https:\/\/regiaonews.net.br\/2022\/wp-json\/wp\/v2\/users\/2"}],"replies":[{"embeddable":true,"href":"https:\/\/regiaonews.net.br\/2022\/wp-json\/wp\/v2\/comments?post=54002"}],"version-history":[{"count":0,"href":"https:\/\/regiaonews.net.br\/2022\/wp-json\/wp\/v2\/posts\/54002\/revisions"}],"wp:featuredmedia":[{"embeddable":true,"href":"https:\/\/regiaonews.net.br\/2022\/wp-json\/wp\/v2\/media\/54003"}],"wp:attachment":[{"href":"https:\/\/regiaonews.net.br\/2022\/wp-json\/wp\/v2\/media?parent=54002"}],"wp:term":[{"taxonomy":"category","embeddable":true,"href":"https:\/\/regiaonews.net.br\/2022\/wp-json\/wp\/v2\/categories?post=54002"},{"taxonomy":"post_tag","embeddable":true,"href":"https:\/\/regiaonews.net.br\/2022\/wp-json\/wp\/v2\/tags?post=54002"}],"curies":[{"name":"wp","href":"https:\/\/api.w.org\/{rel}","templated":true}]}}