{"id":53488,"date":"2021-09-18T08:12:07","date_gmt":"2021-09-18T11:12:07","guid":{"rendered":"https:\/\/regiaonews.net.br\/2022\/?p=53488"},"modified":"2021-09-18T08:12:07","modified_gmt":"2021-09-18T11:12:07","slug":"sp-atribui-causa-da-morte-de-adolescente-vacinada-a-doenca-autoimune","status":"publish","type":"post","link":"https:\/\/regiaonews.net.br\/2022\/2021\/09\/18\/sp-atribui-causa-da-morte-de-adolescente-vacinada-a-doenca-autoimune\/","title":{"rendered":"SP atribui causa da morte de adolescente vacinada \u00e0 doen\u00e7a autoimune"},"content":{"rendered":"<p><a href=\"https:\/\/regiaonews.net.br\/2022\/wp-content\/uploads\/2021\/09\/2021-04-30t111301z_492325873_rc2a6n9yss6z_rtrmadp_3_health-coronavirus-spahn.jpg\"><img loading=\"lazy\" decoding=\"async\" class=\"alignnone size-medium wp-image-53489\" src=\"https:\/\/regiaonews.net.br\/2022\/wp-content\/uploads\/2021\/09\/2021-04-30t111301z_492325873_rc2a6n9yss6z_rtrmadp_3_health-coronavirus-spahn-300x179.jpg\" alt=\"\" width=\"300\" height=\"179\" \/><\/a><\/p>\n<p>A Secretaria de Estado da Sa\u00fade informou nesta sexta-feira (17) que as an\u00e1lises t\u00e9cnicas indicaram que \u201cn\u00e3o \u00e9 a vacina a causa prov\u00e1vel do \u00f3bito\u201d de adolescente de 16 anos sete dias depois de ter sido vacinada contra covid-19, em S\u00e3o Bernardo do Campo (SP).<img decoding=\"async\" src=\"https:\/\/agenciabrasil.ebc.com.br\/ebc.png?id=1422014&amp;o=node\" \/><img decoding=\"async\" src=\"https:\/\/agenciabrasil.ebc.com.br\/ebc.gif?id=1422014&amp;o=node\" \/><\/p>\n<p>A causa prov\u00e1vel, segundo a secretaria, foi atribu\u00edda ao diagn\u00f3stico de doen\u00e7a autoimune, denominada &#8220;P\u00farpura Tromb\u00f3tica Trombocitop\u00eanica&#8221; (PPT) e identificada com base no quadro cl\u00ednico e em exames complementares.<\/p>\n<p>\u201cA PTT \u00e9 uma doen\u00e7a autoimune, rara e grave, normalmente sem uma causa conhecida capaz de desencade\u00e1-la, e n\u00e3o h\u00e1 como atribuir rela\u00e7\u00e3o causal entre PTT e a vacina contra covid-19 de RNA mensageiro, como \u00e9 o caso da Pfizer\u201d, disse a pasta, em nota.<\/p>\n<p>A an\u00e1lise foi feita de forma conjunta por 70 profissionais reunidos pela Coordenadoria de Controle de Doen\u00e7as e do Centro de Vigil\u00e2ncia Epidemiol\u00f3gica (CVE). Participaram especialistas em Hematologia, Cardiologia, infectologia e outros atuantes nos Centros de Refer\u00eancia para Imunobiol\u00f3gicos Especiais (CRIEs) do estado.<\/p>\n<p>Al\u00e9m disso, houve contribui\u00e7\u00e3o de representantes dos munic\u00edpios de S\u00e3o Bernardo do Campo, Santo Andr\u00e9 e S\u00e3o Paulo, al\u00e9m dos Centro de Informa\u00e7\u00f5es Estrat\u00e9gicas em Vigil\u00e2ncia em Sa\u00fade (CIEVS) estadual.<\/p>\n<p>\u201cAs vacinas em uso no pa\u00eds s\u00e3o seguras, mas eventos adversos p\u00f3s-vacina\u00e7\u00e3o podem acontecer. Na maioria das vezes, s\u00e3o coincidentes, sem rela\u00e7\u00e3o causal com a vacina\u00e7\u00e3o. Quando acontecem, precisam ser cuidadosamente avaliados\u201d, explicou o infectologista do CVE, Eder Gatti, que coordenou a investiga\u00e7\u00e3o e que atua tamb\u00e9m no Instituto Em\u00edlio Ribas.<\/p>\n<h2>Vacina\u00e7\u00e3o contra a covid-19<\/h2>\n<p>A morte da adolescente foi divulgada ontem pelo Minist\u00e9rio da Sa\u00fade em coletiva de imprensa. A secretaria de Sa\u00fade de SP informou que os resultados da an\u00e1lise ser\u00e3o submetidos \u00e0 Ag\u00eancia Nacional de Vigil\u00e2ncia Sanit\u00e1ria (Anvisa). A jovem morreu no \u00faltimo dia 2 e havia sido imunizada sete dias antes com a vacina da Pfizer, a \u00fanica que tem autoriza\u00e7\u00e3o da Anvisa para jovens de 12 a 17 anos.<\/p>\n<p>\u201cOs eventos adversos graves, principalmente aqueles que evoluem para \u00f3bito, s\u00e3o discutidos com uma comiss\u00e3o de especialistas para se ter uma decis\u00e3o mais precisa sobre a rela\u00e7\u00e3o com a vacina. Quando um caso vem \u00e0 tona sem que este trabalho esteja finalizado, cresce o risco de desorienta\u00e7\u00e3o, temor, de rejei\u00e7\u00e3o a uma vacina sem qualquer fundamento, prejudicando esta importante estrat\u00e9gia de sa\u00fade p\u00fablica que \u00e9 a campanha de vacina\u00e7\u00e3o\u201d, acrescentou Gatti.<\/p>\n<p>A secretaria informou que pessoas com hist\u00f3rico de doen\u00e7as autoimunes podem receber as vacinas contra covid-19 dispon\u00edveis no pa\u00eds, e devem consultar o m\u00e9dico em caso de d\u00favida. \u201cA rede de sa\u00fade est\u00e1 orientada quanto \u00e0 conduta de imuniza\u00e7\u00e3o de todos os p\u00fablicos por meio de Documento T\u00e9cnico do Centro de Vigil\u00e2ncia Epidemiol\u00f3gica (CVE)\u201d, disse, em nota .<\/p>\n<h2>Anvisa<\/h2>\n<p>A Anvisa divulgou uma nota na noite de hoje infomrando que se reuniu com a Pfizer para tratar da suspeira de rea\u00e7\u00e3o adversa grave ao imunizante da farmac\u00eautica. Segundo a ag\u00eancia, na reuni\u00e3o n\u00e3o foram apresentadas &#8220;novas informa\u00e7\u00f5es sobre o caso&#8221;.<\/p>\n<p>Segundo a ag\u00eancia, mesmo com a \u00a0Nota Informativa pelo Centro de Vigil\u00e2ncia Epidemiol\u00f3gica de S\u00e3o Paulo, que conclui n\u00e3o ser poss\u00edvel atribuir diretamente o \u00f3bito \u00e0 vacina\u00e7\u00e3o, a Anvisa vai participar de uma a\u00e7\u00e3o de campo nos pr\u00f3ximos dias em conjunto com autoridades locais de sa\u00fade para obter mais informa\u00e7\u00f5es sobre a investiga\u00e7\u00e3o do caso.<\/p>\n<p>&#8220;At\u00e9 o momento, os achados apontam para a manuten\u00e7\u00e3o da rela\u00e7\u00e3o benef\u00edcio versus o risco para todas as vacinas autorizadas no Brasil, ou seja, os benef\u00edcios da vacina\u00e7\u00e3o excedem significativamente os seus potenciais riscos&#8221;, diz a nota da Anvisa.<\/p>\n<p>fonte :Ag\u00eanciaBrasil<\/p>\n","protected":false},"excerpt":{"rendered":"<p>A Secretaria de Estado da Sa\u00fade informou nesta sexta-feira (17)<\/p>\n","protected":false},"author":2,"featured_media":53489,"comment_status":"open","ping_status":"open","sticky":false,"template":"","format":"standard","meta":{"footnotes":""},"categories":[25,7],"tags":[],"class_list":["post-53488","post","type-post","status-publish","format-standard","has-post-thumbnail","hentry","category-cidades","category-estado-de-sao-paulo"],"yoast_head":"<!-- This site is optimized with the Yoast SEO plugin v27.4 - https:\/\/yoast.com\/product\/yoast-seo-wordpress\/ -->\n<title>SP atribui causa da morte de adolescente vacinada \u00e0 doen\u00e7a autoimune - Regi\u00e3o News<\/title>\n<meta name=\"robots\" content=\"index, follow, max-snippet:-1, max-image-preview:large, max-video-preview:-1\" \/>\n<link rel=\"canonical\" href=\"https:\/\/regiaonews.net.br\/2022\/2021\/09\/18\/sp-atribui-causa-da-morte-de-adolescente-vacinada-a-doenca-autoimune\/\" \/>\n<meta property=\"og:locale\" content=\"pt_BR\" \/>\n<meta property=\"og:type\" content=\"article\" \/>\n<meta property=\"og:title\" content=\"SP atribui causa da morte de adolescente vacinada \u00e0 doen\u00e7a autoimune - Regi\u00e3o News\" \/>\n<meta property=\"og:description\" content=\"A Secretaria de Estado da Sa\u00fade informou nesta sexta-feira (17)\" \/>\n<meta property=\"og:url\" content=\"https:\/\/regiaonews.net.br\/2022\/2021\/09\/18\/sp-atribui-causa-da-morte-de-adolescente-vacinada-a-doenca-autoimune\/\" \/>\n<meta property=\"og:site_name\" content=\"Regi\u00e3o News\" \/>\n<meta property=\"article:published_time\" content=\"2021-09-18T11:12:07+00:00\" \/>\n<meta property=\"og:image\" content=\"https:\/\/regiaonews.net.br\/2022\/wp-content\/uploads\/2021\/09\/2021-04-30t111301z_492325873_rc2a6n9yss6z_rtrmadp_3_health-coronavirus-spahn.jpg\" \/>\n\t<meta property=\"og:image:width\" content=\"1170\" \/>\n\t<meta property=\"og:image:height\" content=\"700\" \/>\n\t<meta property=\"og:image:type\" content=\"image\/jpeg\" \/>\n<meta name=\"author\" content=\"Roberto\" \/>\n<meta name=\"twitter:card\" content=\"summary_large_image\" \/>\n<meta name=\"twitter:label1\" content=\"Escrito por\" \/>\n\t<meta name=\"twitter:data1\" content=\"Roberto\" \/>\n\t<meta name=\"twitter:label2\" content=\"Est. tempo de leitura\" \/>\n\t<meta name=\"twitter:data2\" content=\"3 minutos\" \/>\n<script type=\"application\/ld+json\" class=\"yoast-schema-graph\">{\"@context\":\"https:\\\/\\\/schema.org\",\"@graph\":[{\"@type\":\"Article\",\"@id\":\"https:\\\/\\\/regiaonews.net.br\\\/2022\\\/2021\\\/09\\\/18\\\/sp-atribui-causa-da-morte-de-adolescente-vacinada-a-doenca-autoimune\\\/#article\",\"isPartOf\":{\"@id\":\"https:\\\/\\\/regiaonews.net.br\\\/2022\\\/2021\\\/09\\\/18\\\/sp-atribui-causa-da-morte-de-adolescente-vacinada-a-doenca-autoimune\\\/\"},\"author\":{\"name\":\"Roberto\",\"@id\":\"https:\\\/\\\/regiaonews.net.br\\\/2022\\\/#\\\/schema\\\/person\\\/2d205a608a5aa97ac279d7a5e6d89ad8\"},\"headline\":\"SP atribui causa da morte de adolescente vacinada \u00e0 doen\u00e7a autoimune\",\"datePublished\":\"2021-09-18T11:12:07+00:00\",\"mainEntityOfPage\":{\"@id\":\"https:\\\/\\\/regiaonews.net.br\\\/2022\\\/2021\\\/09\\\/18\\\/sp-atribui-causa-da-morte-de-adolescente-vacinada-a-doenca-autoimune\\\/\"},\"wordCount\":679,\"commentCount\":0,\"publisher\":{\"@id\":\"https:\\\/\\\/regiaonews.net.br\\\/2022\\\/#organization\"},\"image\":{\"@id\":\"https:\\\/\\\/regiaonews.net.br\\\/2022\\\/2021\\\/09\\\/18\\\/sp-atribui-causa-da-morte-de-adolescente-vacinada-a-doenca-autoimune\\\/#primaryimage\"},\"thumbnailUrl\":\"https:\\\/\\\/regiaonews.net.br\\\/2022\\\/wp-content\\\/uploads\\\/2021\\\/09\\\/2021-04-30t111301z_492325873_rc2a6n9yss6z_rtrmadp_3_health-coronavirus-spahn.jpg\",\"articleSection\":[\"Cidades\",\"Estado de S\u00e3o Paulo\"],\"inLanguage\":\"pt-BR\",\"potentialAction\":[{\"@type\":\"CommentAction\",\"name\":\"Comment\",\"target\":[\"https:\\\/\\\/regiaonews.net.br\\\/2022\\\/2021\\\/09\\\/18\\\/sp-atribui-causa-da-morte-de-adolescente-vacinada-a-doenca-autoimune\\\/#respond\"]}]},{\"@type\":\"WebPage\",\"@id\":\"https:\\\/\\\/regiaonews.net.br\\\/2022\\\/2021\\\/09\\\/18\\\/sp-atribui-causa-da-morte-de-adolescente-vacinada-a-doenca-autoimune\\\/\",\"url\":\"https:\\\/\\\/regiaonews.net.br\\\/2022\\\/2021\\\/09\\\/18\\\/sp-atribui-causa-da-morte-de-adolescente-vacinada-a-doenca-autoimune\\\/\",\"name\":\"SP atribui causa da morte de adolescente vacinada \u00e0 doen\u00e7a autoimune - Regi\u00e3o News\",\"isPartOf\":{\"@id\":\"https:\\\/\\\/regiaonews.net.br\\\/2022\\\/#website\"},\"primaryImageOfPage\":{\"@id\":\"https:\\\/\\\/regiaonews.net.br\\\/2022\\\/2021\\\/09\\\/18\\\/sp-atribui-causa-da-morte-de-adolescente-vacinada-a-doenca-autoimune\\\/#primaryimage\"},\"image\":{\"@id\":\"https:\\\/\\\/regiaonews.net.br\\\/2022\\\/2021\\\/09\\\/18\\\/sp-atribui-causa-da-morte-de-adolescente-vacinada-a-doenca-autoimune\\\/#primaryimage\"},\"thumbnailUrl\":\"https:\\\/\\\/regiaonews.net.br\\\/2022\\\/wp-content\\\/uploads\\\/2021\\\/09\\\/2021-04-30t111301z_492325873_rc2a6n9yss6z_rtrmadp_3_health-coronavirus-spahn.jpg\",\"datePublished\":\"2021-09-18T11:12:07+00:00\",\"breadcrumb\":{\"@id\":\"https:\\\/\\\/regiaonews.net.br\\\/2022\\\/2021\\\/09\\\/18\\\/sp-atribui-causa-da-morte-de-adolescente-vacinada-a-doenca-autoimune\\\/#breadcrumb\"},\"inLanguage\":\"pt-BR\",\"potentialAction\":[{\"@type\":\"ReadAction\",\"target\":[\"https:\\\/\\\/regiaonews.net.br\\\/2022\\\/2021\\\/09\\\/18\\\/sp-atribui-causa-da-morte-de-adolescente-vacinada-a-doenca-autoimune\\\/\"]}]},{\"@type\":\"ImageObject\",\"inLanguage\":\"pt-BR\",\"@id\":\"https:\\\/\\\/regiaonews.net.br\\\/2022\\\/2021\\\/09\\\/18\\\/sp-atribui-causa-da-morte-de-adolescente-vacinada-a-doenca-autoimune\\\/#primaryimage\",\"url\":\"https:\\\/\\\/regiaonews.net.br\\\/2022\\\/wp-content\\\/uploads\\\/2021\\\/09\\\/2021-04-30t111301z_492325873_rc2a6n9yss6z_rtrmadp_3_health-coronavirus-spahn.jpg\",\"contentUrl\":\"https:\\\/\\\/regiaonews.net.br\\\/2022\\\/wp-content\\\/uploads\\\/2021\\\/09\\\/2021-04-30t111301z_492325873_rc2a6n9yss6z_rtrmadp_3_health-coronavirus-spahn.jpg\",\"width\":1170,\"height\":700},{\"@type\":\"BreadcrumbList\",\"@id\":\"https:\\\/\\\/regiaonews.net.br\\\/2022\\\/2021\\\/09\\\/18\\\/sp-atribui-causa-da-morte-de-adolescente-vacinada-a-doenca-autoimune\\\/#breadcrumb\",\"itemListElement\":[{\"@type\":\"ListItem\",\"position\":1,\"name\":\"In\u00edcio\",\"item\":\"https:\\\/\\\/regiaonews.net.br\\\/2022\\\/\"},{\"@type\":\"ListItem\",\"position\":2,\"name\":\"SP atribui causa da morte de adolescente vacinada \u00e0 doen\u00e7a autoimune\"}]},{\"@type\":\"WebSite\",\"@id\":\"https:\\\/\\\/regiaonews.net.br\\\/2022\\\/#website\",\"url\":\"https:\\\/\\\/regiaonews.net.br\\\/2022\\\/\",\"name\":\"Regi\u00e3o News\",\"description\":\"Site de Not\u00edcias de Barretos e regi\u00e3o\",\"publisher\":{\"@id\":\"https:\\\/\\\/regiaonews.net.br\\\/2022\\\/#organization\"},\"potentialAction\":[{\"@type\":\"SearchAction\",\"target\":{\"@type\":\"EntryPoint\",\"urlTemplate\":\"https:\\\/\\\/regiaonews.net.br\\\/2022\\\/?s={search_term_string}\"},\"query-input\":{\"@type\":\"PropertyValueSpecification\",\"valueRequired\":true,\"valueName\":\"search_term_string\"}}],\"inLanguage\":\"pt-BR\"},{\"@type\":\"Organization\",\"@id\":\"https:\\\/\\\/regiaonews.net.br\\\/2022\\\/#organization\",\"name\":\"Regi\u00e3o News\",\"url\":\"https:\\\/\\\/regiaonews.net.br\\\/2022\\\/\",\"logo\":{\"@type\":\"ImageObject\",\"inLanguage\":\"pt-BR\",\"@id\":\"https:\\\/\\\/regiaonews.net.br\\\/2022\\\/#\\\/schema\\\/logo\\\/image\\\/\",\"url\":\"https:\\\/\\\/regiaonews.net.br\\\/2022\\\/wp-content\\\/uploads\\\/2026\\\/03\\\/regiao-13-anos-scaled.jpg\",\"contentUrl\":\"https:\\\/\\\/regiaonews.net.br\\\/2022\\\/wp-content\\\/uploads\\\/2026\\\/03\\\/regiao-13-anos-scaled.jpg\",\"width\":2560,\"height\":635,\"caption\":\"Regi\u00e3o News\"},\"image\":{\"@id\":\"https:\\\/\\\/regiaonews.net.br\\\/2022\\\/#\\\/schema\\\/logo\\\/image\\\/\"}},{\"@type\":\"Person\",\"@id\":\"https:\\\/\\\/regiaonews.net.br\\\/2022\\\/#\\\/schema\\\/person\\\/2d205a608a5aa97ac279d7a5e6d89ad8\",\"name\":\"Roberto\",\"image\":{\"@type\":\"ImageObject\",\"inLanguage\":\"pt-BR\",\"@id\":\"https:\\\/\\\/secure.gravatar.com\\\/avatar\\\/42749d8b712ff9d59ca93dc150494e5b55a44134482993f5baeb97e61b7ecc89?s=96&d=mm&r=g\",\"url\":\"https:\\\/\\\/secure.gravatar.com\\\/avatar\\\/42749d8b712ff9d59ca93dc150494e5b55a44134482993f5baeb97e61b7ecc89?s=96&d=mm&r=g\",\"contentUrl\":\"https:\\\/\\\/secure.gravatar.com\\\/avatar\\\/42749d8b712ff9d59ca93dc150494e5b55a44134482993f5baeb97e61b7ecc89?s=96&d=mm&r=g\",\"caption\":\"Roberto\"},\"url\":\"https:\\\/\\\/regiaonews.net.br\\\/2022\\\/author\\\/roberto\\\/\"}]}<\/script>\n<!-- \/ Yoast SEO plugin. -->","yoast_head_json":{"title":"SP atribui causa da morte de adolescente vacinada \u00e0 doen\u00e7a autoimune - Regi\u00e3o News","robots":{"index":"index","follow":"follow","max-snippet":"max-snippet:-1","max-image-preview":"max-image-preview:large","max-video-preview":"max-video-preview:-1"},"canonical":"https:\/\/regiaonews.net.br\/2022\/2021\/09\/18\/sp-atribui-causa-da-morte-de-adolescente-vacinada-a-doenca-autoimune\/","og_locale":"pt_BR","og_type":"article","og_title":"SP atribui causa da morte de adolescente vacinada \u00e0 doen\u00e7a autoimune - Regi\u00e3o News","og_description":"A Secretaria de Estado da Sa\u00fade informou nesta sexta-feira (17)","og_url":"https:\/\/regiaonews.net.br\/2022\/2021\/09\/18\/sp-atribui-causa-da-morte-de-adolescente-vacinada-a-doenca-autoimune\/","og_site_name":"Regi\u00e3o News","article_published_time":"2021-09-18T11:12:07+00:00","og_image":[{"width":1170,"height":700,"url":"https:\/\/regiaonews.net.br\/2022\/wp-content\/uploads\/2021\/09\/2021-04-30t111301z_492325873_rc2a6n9yss6z_rtrmadp_3_health-coronavirus-spahn.jpg","type":"image\/jpeg"}],"author":"Roberto","twitter_card":"summary_large_image","twitter_misc":{"Escrito por":"Roberto","Est. tempo de leitura":"3 minutos"},"schema":{"@context":"https:\/\/schema.org","@graph":[{"@type":"Article","@id":"https:\/\/regiaonews.net.br\/2022\/2021\/09\/18\/sp-atribui-causa-da-morte-de-adolescente-vacinada-a-doenca-autoimune\/#article","isPartOf":{"@id":"https:\/\/regiaonews.net.br\/2022\/2021\/09\/18\/sp-atribui-causa-da-morte-de-adolescente-vacinada-a-doenca-autoimune\/"},"author":{"name":"Roberto","@id":"https:\/\/regiaonews.net.br\/2022\/#\/schema\/person\/2d205a608a5aa97ac279d7a5e6d89ad8"},"headline":"SP atribui causa da morte de adolescente vacinada \u00e0 doen\u00e7a autoimune","datePublished":"2021-09-18T11:12:07+00:00","mainEntityOfPage":{"@id":"https:\/\/regiaonews.net.br\/2022\/2021\/09\/18\/sp-atribui-causa-da-morte-de-adolescente-vacinada-a-doenca-autoimune\/"},"wordCount":679,"commentCount":0,"publisher":{"@id":"https:\/\/regiaonews.net.br\/2022\/#organization"},"image":{"@id":"https:\/\/regiaonews.net.br\/2022\/2021\/09\/18\/sp-atribui-causa-da-morte-de-adolescente-vacinada-a-doenca-autoimune\/#primaryimage"},"thumbnailUrl":"https:\/\/regiaonews.net.br\/2022\/wp-content\/uploads\/2021\/09\/2021-04-30t111301z_492325873_rc2a6n9yss6z_rtrmadp_3_health-coronavirus-spahn.jpg","articleSection":["Cidades","Estado de S\u00e3o Paulo"],"inLanguage":"pt-BR","potentialAction":[{"@type":"CommentAction","name":"Comment","target":["https:\/\/regiaonews.net.br\/2022\/2021\/09\/18\/sp-atribui-causa-da-morte-de-adolescente-vacinada-a-doenca-autoimune\/#respond"]}]},{"@type":"WebPage","@id":"https:\/\/regiaonews.net.br\/2022\/2021\/09\/18\/sp-atribui-causa-da-morte-de-adolescente-vacinada-a-doenca-autoimune\/","url":"https:\/\/regiaonews.net.br\/2022\/2021\/09\/18\/sp-atribui-causa-da-morte-de-adolescente-vacinada-a-doenca-autoimune\/","name":"SP atribui causa da morte de adolescente vacinada \u00e0 doen\u00e7a autoimune - Regi\u00e3o News","isPartOf":{"@id":"https:\/\/regiaonews.net.br\/2022\/#website"},"primaryImageOfPage":{"@id":"https:\/\/regiaonews.net.br\/2022\/2021\/09\/18\/sp-atribui-causa-da-morte-de-adolescente-vacinada-a-doenca-autoimune\/#primaryimage"},"image":{"@id":"https:\/\/regiaonews.net.br\/2022\/2021\/09\/18\/sp-atribui-causa-da-morte-de-adolescente-vacinada-a-doenca-autoimune\/#primaryimage"},"thumbnailUrl":"https:\/\/regiaonews.net.br\/2022\/wp-content\/uploads\/2021\/09\/2021-04-30t111301z_492325873_rc2a6n9yss6z_rtrmadp_3_health-coronavirus-spahn.jpg","datePublished":"2021-09-18T11:12:07+00:00","breadcrumb":{"@id":"https:\/\/regiaonews.net.br\/2022\/2021\/09\/18\/sp-atribui-causa-da-morte-de-adolescente-vacinada-a-doenca-autoimune\/#breadcrumb"},"inLanguage":"pt-BR","potentialAction":[{"@type":"ReadAction","target":["https:\/\/regiaonews.net.br\/2022\/2021\/09\/18\/sp-atribui-causa-da-morte-de-adolescente-vacinada-a-doenca-autoimune\/"]}]},{"@type":"ImageObject","inLanguage":"pt-BR","@id":"https:\/\/regiaonews.net.br\/2022\/2021\/09\/18\/sp-atribui-causa-da-morte-de-adolescente-vacinada-a-doenca-autoimune\/#primaryimage","url":"https:\/\/regiaonews.net.br\/2022\/wp-content\/uploads\/2021\/09\/2021-04-30t111301z_492325873_rc2a6n9yss6z_rtrmadp_3_health-coronavirus-spahn.jpg","contentUrl":"https:\/\/regiaonews.net.br\/2022\/wp-content\/uploads\/2021\/09\/2021-04-30t111301z_492325873_rc2a6n9yss6z_rtrmadp_3_health-coronavirus-spahn.jpg","width":1170,"height":700},{"@type":"BreadcrumbList","@id":"https:\/\/regiaonews.net.br\/2022\/2021\/09\/18\/sp-atribui-causa-da-morte-de-adolescente-vacinada-a-doenca-autoimune\/#breadcrumb","itemListElement":[{"@type":"ListItem","position":1,"name":"In\u00edcio","item":"https:\/\/regiaonews.net.br\/2022\/"},{"@type":"ListItem","position":2,"name":"SP atribui causa da morte de adolescente vacinada \u00e0 doen\u00e7a autoimune"}]},{"@type":"WebSite","@id":"https:\/\/regiaonews.net.br\/2022\/#website","url":"https:\/\/regiaonews.net.br\/2022\/","name":"Regi\u00e3o News","description":"Site de Not\u00edcias de Barretos e regi\u00e3o","publisher":{"@id":"https:\/\/regiaonews.net.br\/2022\/#organization"},"potentialAction":[{"@type":"SearchAction","target":{"@type":"EntryPoint","urlTemplate":"https:\/\/regiaonews.net.br\/2022\/?s={search_term_string}"},"query-input":{"@type":"PropertyValueSpecification","valueRequired":true,"valueName":"search_term_string"}}],"inLanguage":"pt-BR"},{"@type":"Organization","@id":"https:\/\/regiaonews.net.br\/2022\/#organization","name":"Regi\u00e3o News","url":"https:\/\/regiaonews.net.br\/2022\/","logo":{"@type":"ImageObject","inLanguage":"pt-BR","@id":"https:\/\/regiaonews.net.br\/2022\/#\/schema\/logo\/image\/","url":"https:\/\/regiaonews.net.br\/2022\/wp-content\/uploads\/2026\/03\/regiao-13-anos-scaled.jpg","contentUrl":"https:\/\/regiaonews.net.br\/2022\/wp-content\/uploads\/2026\/03\/regiao-13-anos-scaled.jpg","width":2560,"height":635,"caption":"Regi\u00e3o News"},"image":{"@id":"https:\/\/regiaonews.net.br\/2022\/#\/schema\/logo\/image\/"}},{"@type":"Person","@id":"https:\/\/regiaonews.net.br\/2022\/#\/schema\/person\/2d205a608a5aa97ac279d7a5e6d89ad8","name":"Roberto","image":{"@type":"ImageObject","inLanguage":"pt-BR","@id":"https:\/\/secure.gravatar.com\/avatar\/42749d8b712ff9d59ca93dc150494e5b55a44134482993f5baeb97e61b7ecc89?s=96&d=mm&r=g","url":"https:\/\/secure.gravatar.com\/avatar\/42749d8b712ff9d59ca93dc150494e5b55a44134482993f5baeb97e61b7ecc89?s=96&d=mm&r=g","contentUrl":"https:\/\/secure.gravatar.com\/avatar\/42749d8b712ff9d59ca93dc150494e5b55a44134482993f5baeb97e61b7ecc89?s=96&d=mm&r=g","caption":"Roberto"},"url":"https:\/\/regiaonews.net.br\/2022\/author\/roberto\/"}]}},"publishpress_future_action":{"enabled":false,"date":"2026-05-03 02:52:30","action":"change-status","newStatus":"draft","terms":[],"taxonomy":"category","extraData":[]},"publishpress_future_workflow_manual_trigger":{"enabledWorkflows":[]},"_links":{"self":[{"href":"https:\/\/regiaonews.net.br\/2022\/wp-json\/wp\/v2\/posts\/53488","targetHints":{"allow":["GET"]}}],"collection":[{"href":"https:\/\/regiaonews.net.br\/2022\/wp-json\/wp\/v2\/posts"}],"about":[{"href":"https:\/\/regiaonews.net.br\/2022\/wp-json\/wp\/v2\/types\/post"}],"author":[{"embeddable":true,"href":"https:\/\/regiaonews.net.br\/2022\/wp-json\/wp\/v2\/users\/2"}],"replies":[{"embeddable":true,"href":"https:\/\/regiaonews.net.br\/2022\/wp-json\/wp\/v2\/comments?post=53488"}],"version-history":[{"count":0,"href":"https:\/\/regiaonews.net.br\/2022\/wp-json\/wp\/v2\/posts\/53488\/revisions"}],"wp:featuredmedia":[{"embeddable":true,"href":"https:\/\/regiaonews.net.br\/2022\/wp-json\/wp\/v2\/media\/53489"}],"wp:attachment":[{"href":"https:\/\/regiaonews.net.br\/2022\/wp-json\/wp\/v2\/media?parent=53488"}],"wp:term":[{"taxonomy":"category","embeddable":true,"href":"https:\/\/regiaonews.net.br\/2022\/wp-json\/wp\/v2\/categories?post=53488"},{"taxonomy":"post_tag","embeddable":true,"href":"https:\/\/regiaonews.net.br\/2022\/wp-json\/wp\/v2\/tags?post=53488"}],"curies":[{"name":"wp","href":"https:\/\/api.w.org\/{rel}","templated":true}]}}