{"id":53486,"date":"2021-09-18T08:06:39","date_gmt":"2021-09-18T11:06:39","guid":{"rendered":"https:\/\/regiaonews.net.br\/2022\/?p=53486"},"modified":"2021-09-18T08:06:39","modified_gmt":"2021-09-18T11:06:39","slug":"brasil-tem-recorde-de-30-milhoes-de-pessoas-recebendo-ate-um-salario-minimo","status":"publish","type":"post","link":"https:\/\/regiaonews.net.br\/2022\/2021\/09\/18\/brasil-tem-recorde-de-30-milhoes-de-pessoas-recebendo-ate-um-salario-minimo\/","title":{"rendered":"Brasil tem recorde de 30 milh\u00f5es de pessoas recebendo at\u00e9 um sal\u00e1rio m\u00ednimo"},"content":{"rendered":"<p><a href=\"https:\/\/regiaonews.net.br\/2022\/wp-content\/uploads\/2017\/06\/dinheiro.jpg\"><img loading=\"lazy\" decoding=\"async\" class=\"alignnone size-medium wp-image-5141\" src=\"https:\/\/regiaonews.net.br\/2022\/wp-content\/uploads\/2017\/06\/dinheiro-300x200.jpg\" alt=\"\" width=\"300\" height=\"200\" \/><\/a><\/p>\n<p class=\"content-head__subtitle\">Levantamento da consultoria IDados mostra que n\u00famero de brasileiros com renda do trabalho de at\u00e9 R$ 1,1 mil \u00e9 o maior desde 2012. Baixa remunera\u00e7\u00e3o se soma ao cen\u00e1rio de infla\u00e7\u00e3o elevada, o que afeta o or\u00e7amento das fam\u00edlias.<\/p>\n<div class=\"mc-column content-text active-extra-styles active-capital-letter\" data-block-type=\"unstyled\" data-block-weight=\"57\" data-block-id=\"1\">\n<p class=\"content-text__container theme-color-primary-first-letter\" data-track-category=\"Link no Texto\" data-track-links=\"\">No Brasil da alta infla\u00e7\u00e3o,<strong>\u00a030,2 milh\u00f5es de pessoas<\/strong>\u00a0\u2013 pouco mais do que toda a popula\u00e7\u00e3o da Venezuela \u2013 sobrevivem com at\u00e9 um sal\u00e1rio m\u00ednimo.\u00a0<span class=\"highlight highlighted\">Nunca tantos estiveram nessa condi\u00e7\u00e3o<\/span>. A quantidade de brasileiros que consegue uma renda mensal de at\u00e9 R$ 1,1 mil, obtida a partir do trabalho,\u00a0<strong>atingiu um patamar recorde.<\/strong><\/p>\n<\/div>\n<div class=\"wall protected-content\">\n<div class=\"mc-column content-text active-extra-styles \" data-block-type=\"unstyled\" data-block-weight=\"27\" data-block-id=\"2\">\n<p class=\"content-text__container \" data-track-category=\"Link no Texto\" data-track-links=\"\">Os n\u00fameros integram um estudo elaborado pela consultoria IDados, com base nos indicadores da Pesquisa Nacional por Amostra de Domic\u00edlio (Pnad) do segundo trimestre.<\/p>\n<\/div>\n<div class=\"mc-column content-text active-extra-styles\" data-block-type=\"raw\" data-block-weight=\"43\" data-block-id=\"3\">\n<p class=\"content-text__container\">\n<blockquote class=\"content-blockquote theme-border-color-primary-before\"><p>&#8220;As pessoas est\u00e3o encontrando um mercado de trabalho diferente do que existia antes da pandemia. \u00c9 um mercado em que muitas empresas faliram, quebraram. Grande parte das op\u00e7\u00f5es de emprego n\u00e3o existe mais&#8221;, afirma Bruno Ottoni, pesquisador do IDados e autor do levantamento.<\/p><\/blockquote>\n<p>&nbsp;<\/p>\n<\/div>\n<div class=\"mc-column content-text active-extra-styles \" data-block-type=\"unstyled\" data-block-weight=\"31\" data-block-id=\"4\">\n<p class=\"content-text__container \" data-track-category=\"Link no Texto\" data-track-links=\"\">&#8220;Muita gente entra no mercado como conta pr\u00f3pria ou informalmente, e essas pessoas tendem a ter um rendimento mais baixo do que aquelas que trabalham com carteira&#8221;, acrescenta.<\/p>\n<\/div>\n<div class=\"mc-column content-text active-extra-styles \" data-block-type=\"unstyled\" data-block-weight=\"39\" data-block-id=\"5\">\n<p class=\"content-text__container \" data-track-category=\"Link no Texto\" data-track-links=\"\">Como propor\u00e7\u00e3o do total de ocupados no Brasil, s\u00e3o\u00a0<strong>34,4% de trabalhadores recebendo at\u00e9 um sal\u00e1rio m\u00ednimo\u00a0<\/strong>\u2013 o patamar tamb\u00e9m \u00e9 o mais alto j\u00e1 apurado desde o in\u00edcio da s\u00e9rie hist\u00f3rica, em 2012.<\/p>\n<\/div>\n<div class=\"mc-column content-text active-extra-styles \" data-block-type=\"unstyled\" data-block-weight=\"68\" data-block-id=\"6\">\n<p class=\"content-text__container \" data-track-category=\"Link no Texto\" data-track-links=\"\">O que a pesquisa revela, portanto, \u00e9 que\u00a0<span class=\"highlight highlighted\">os brasileiros podem at\u00e9 conseguir algum tipo de trabalho, seja na informalidade ou como conta pr\u00f3pria, mas est\u00e3o sendo mal remunerados<\/span>. E essa dificuldade ganha contornos ainda mais dram\u00e1ticos porque o or\u00e7amento das fam\u00edlias tem sido corro\u00eddo pela\u00a0<a href=\"https:\/\/g1.globo.com\/economia\/noticia\/2021\/09\/16\/comida-gasolina-conta-de-luz-por-que-esta-tudo-tao-caro-no-brasil.ghtml\">alta de alimentos, energia el\u00e9trica e combust\u00edvel<\/a>: no acumulado de 12 meses,\u00a0<a href=\"https:\/\/g1.globo.com\/economia\/noticia\/2021\/09\/09\/inflacao-oficial-fica-em-087percent-em-agosto.ghtml\">a infla\u00e7\u00e3o j\u00e1 est\u00e1 pr\u00f3xima de 10%<\/a>.<\/p>\n<\/div>\n<p data-track-category=\"Link no Texto\" data-track-links=\"\">Fonte :\u00a0 G1<\/p>\n<\/div>\n<p>&nbsp;<\/p>\n","protected":false},"excerpt":{"rendered":"<p>Levantamento da consultoria IDados mostra que n\u00famero de brasileiros com<\/p>\n","protected":false},"author":2,"featured_media":5141,"comment_status":"open","ping_status":"open","sticky":false,"template":"","format":"standard","meta":{"footnotes":""},"categories":[24,25],"tags":[],"class_list":["post-53486","post","type-post","status-publish","format-standard","has-post-thumbnail","hentry","category-brasil","category-cidades"],"yoast_head":"<!-- This site is optimized with the Yoast SEO plugin v27.4 - https:\/\/yoast.com\/product\/yoast-seo-wordpress\/ -->\n<title>Brasil tem recorde de 30 milh\u00f5es de pessoas recebendo at\u00e9 um sal\u00e1rio m\u00ednimo - Regi\u00e3o News<\/title>\n<meta name=\"robots\" content=\"index, follow, max-snippet:-1, max-image-preview:large, max-video-preview:-1\" \/>\n<link rel=\"canonical\" href=\"https:\/\/regiaonews.net.br\/2022\/2021\/09\/18\/brasil-tem-recorde-de-30-milhoes-de-pessoas-recebendo-ate-um-salario-minimo\/\" \/>\n<meta property=\"og:locale\" content=\"pt_BR\" \/>\n<meta property=\"og:type\" content=\"article\" \/>\n<meta property=\"og:title\" content=\"Brasil tem recorde de 30 milh\u00f5es de pessoas recebendo at\u00e9 um sal\u00e1rio m\u00ednimo - Regi\u00e3o News\" \/>\n<meta property=\"og:description\" content=\"Levantamento da consultoria IDados mostra que n\u00famero de brasileiros com\" \/>\n<meta property=\"og:url\" content=\"https:\/\/regiaonews.net.br\/2022\/2021\/09\/18\/brasil-tem-recorde-de-30-milhoes-de-pessoas-recebendo-ate-um-salario-minimo\/\" \/>\n<meta property=\"og:site_name\" content=\"Regi\u00e3o News\" \/>\n<meta property=\"article:published_time\" content=\"2021-09-18T11:06:39+00:00\" \/>\n<meta property=\"og:image\" content=\"https:\/\/regiaonews.net.br\/2022\/wp-content\/uploads\/2017\/06\/dinheiro.jpg\" \/>\n\t<meta property=\"og:image:width\" content=\"728\" \/>\n\t<meta property=\"og:image:height\" content=\"485\" \/>\n\t<meta property=\"og:image:type\" content=\"image\/jpeg\" \/>\n<meta name=\"author\" content=\"Roberto\" \/>\n<meta name=\"twitter:card\" content=\"summary_large_image\" \/>\n<meta name=\"twitter:label1\" content=\"Escrito por\" \/>\n\t<meta name=\"twitter:data1\" content=\"Roberto\" \/>\n\t<meta name=\"twitter:label2\" content=\"Est. tempo de leitura\" \/>\n\t<meta name=\"twitter:data2\" content=\"2 minutos\" \/>\n<script type=\"application\/ld+json\" class=\"yoast-schema-graph\">{\"@context\":\"https:\\\/\\\/schema.org\",\"@graph\":[{\"@type\":\"Article\",\"@id\":\"https:\\\/\\\/regiaonews.net.br\\\/2022\\\/2021\\\/09\\\/18\\\/brasil-tem-recorde-de-30-milhoes-de-pessoas-recebendo-ate-um-salario-minimo\\\/#article\",\"isPartOf\":{\"@id\":\"https:\\\/\\\/regiaonews.net.br\\\/2022\\\/2021\\\/09\\\/18\\\/brasil-tem-recorde-de-30-milhoes-de-pessoas-recebendo-ate-um-salario-minimo\\\/\"},\"author\":{\"name\":\"Roberto\",\"@id\":\"https:\\\/\\\/regiaonews.net.br\\\/2022\\\/#\\\/schema\\\/person\\\/2d205a608a5aa97ac279d7a5e6d89ad8\"},\"headline\":\"Brasil tem recorde de 30 milh\u00f5es de pessoas recebendo at\u00e9 um sal\u00e1rio m\u00ednimo\",\"datePublished\":\"2021-09-18T11:06:39+00:00\",\"mainEntityOfPage\":{\"@id\":\"https:\\\/\\\/regiaonews.net.br\\\/2022\\\/2021\\\/09\\\/18\\\/brasil-tem-recorde-de-30-milhoes-de-pessoas-recebendo-ate-um-salario-minimo\\\/\"},\"wordCount\":328,\"commentCount\":0,\"publisher\":{\"@id\":\"https:\\\/\\\/regiaonews.net.br\\\/2022\\\/#organization\"},\"image\":{\"@id\":\"https:\\\/\\\/regiaonews.net.br\\\/2022\\\/2021\\\/09\\\/18\\\/brasil-tem-recorde-de-30-milhoes-de-pessoas-recebendo-ate-um-salario-minimo\\\/#primaryimage\"},\"thumbnailUrl\":\"https:\\\/\\\/regiaonews.net.br\\\/2022\\\/wp-content\\\/uploads\\\/2017\\\/06\\\/dinheiro.jpg\",\"articleSection\":[\"Brasil\",\"Cidades\"],\"inLanguage\":\"pt-BR\",\"potentialAction\":[{\"@type\":\"CommentAction\",\"name\":\"Comment\",\"target\":[\"https:\\\/\\\/regiaonews.net.br\\\/2022\\\/2021\\\/09\\\/18\\\/brasil-tem-recorde-de-30-milhoes-de-pessoas-recebendo-ate-um-salario-minimo\\\/#respond\"]}]},{\"@type\":\"WebPage\",\"@id\":\"https:\\\/\\\/regiaonews.net.br\\\/2022\\\/2021\\\/09\\\/18\\\/brasil-tem-recorde-de-30-milhoes-de-pessoas-recebendo-ate-um-salario-minimo\\\/\",\"url\":\"https:\\\/\\\/regiaonews.net.br\\\/2022\\\/2021\\\/09\\\/18\\\/brasil-tem-recorde-de-30-milhoes-de-pessoas-recebendo-ate-um-salario-minimo\\\/\",\"name\":\"Brasil tem recorde de 30 milh\u00f5es de pessoas recebendo at\u00e9 um sal\u00e1rio m\u00ednimo - Regi\u00e3o News\",\"isPartOf\":{\"@id\":\"https:\\\/\\\/regiaonews.net.br\\\/2022\\\/#website\"},\"primaryImageOfPage\":{\"@id\":\"https:\\\/\\\/regiaonews.net.br\\\/2022\\\/2021\\\/09\\\/18\\\/brasil-tem-recorde-de-30-milhoes-de-pessoas-recebendo-ate-um-salario-minimo\\\/#primaryimage\"},\"image\":{\"@id\":\"https:\\\/\\\/regiaonews.net.br\\\/2022\\\/2021\\\/09\\\/18\\\/brasil-tem-recorde-de-30-milhoes-de-pessoas-recebendo-ate-um-salario-minimo\\\/#primaryimage\"},\"thumbnailUrl\":\"https:\\\/\\\/regiaonews.net.br\\\/2022\\\/wp-content\\\/uploads\\\/2017\\\/06\\\/dinheiro.jpg\",\"datePublished\":\"2021-09-18T11:06:39+00:00\",\"breadcrumb\":{\"@id\":\"https:\\\/\\\/regiaonews.net.br\\\/2022\\\/2021\\\/09\\\/18\\\/brasil-tem-recorde-de-30-milhoes-de-pessoas-recebendo-ate-um-salario-minimo\\\/#breadcrumb\"},\"inLanguage\":\"pt-BR\",\"potentialAction\":[{\"@type\":\"ReadAction\",\"target\":[\"https:\\\/\\\/regiaonews.net.br\\\/2022\\\/2021\\\/09\\\/18\\\/brasil-tem-recorde-de-30-milhoes-de-pessoas-recebendo-ate-um-salario-minimo\\\/\"]}]},{\"@type\":\"ImageObject\",\"inLanguage\":\"pt-BR\",\"@id\":\"https:\\\/\\\/regiaonews.net.br\\\/2022\\\/2021\\\/09\\\/18\\\/brasil-tem-recorde-de-30-milhoes-de-pessoas-recebendo-ate-um-salario-minimo\\\/#primaryimage\",\"url\":\"https:\\\/\\\/regiaonews.net.br\\\/2022\\\/wp-content\\\/uploads\\\/2017\\\/06\\\/dinheiro.jpg\",\"contentUrl\":\"https:\\\/\\\/regiaonews.net.br\\\/2022\\\/wp-content\\\/uploads\\\/2017\\\/06\\\/dinheiro.jpg\",\"width\":728,\"height\":485},{\"@type\":\"BreadcrumbList\",\"@id\":\"https:\\\/\\\/regiaonews.net.br\\\/2022\\\/2021\\\/09\\\/18\\\/brasil-tem-recorde-de-30-milhoes-de-pessoas-recebendo-ate-um-salario-minimo\\\/#breadcrumb\",\"itemListElement\":[{\"@type\":\"ListItem\",\"position\":1,\"name\":\"In\u00edcio\",\"item\":\"https:\\\/\\\/regiaonews.net.br\\\/2022\\\/\"},{\"@type\":\"ListItem\",\"position\":2,\"name\":\"Brasil tem recorde de 30 milh\u00f5es de pessoas recebendo at\u00e9 um sal\u00e1rio m\u00ednimo\"}]},{\"@type\":\"WebSite\",\"@id\":\"https:\\\/\\\/regiaonews.net.br\\\/2022\\\/#website\",\"url\":\"https:\\\/\\\/regiaonews.net.br\\\/2022\\\/\",\"name\":\"Regi\u00e3o News\",\"description\":\"Site de Not\u00edcias de Barretos e regi\u00e3o\",\"publisher\":{\"@id\":\"https:\\\/\\\/regiaonews.net.br\\\/2022\\\/#organization\"},\"potentialAction\":[{\"@type\":\"SearchAction\",\"target\":{\"@type\":\"EntryPoint\",\"urlTemplate\":\"https:\\\/\\\/regiaonews.net.br\\\/2022\\\/?s={search_term_string}\"},\"query-input\":{\"@type\":\"PropertyValueSpecification\",\"valueRequired\":true,\"valueName\":\"search_term_string\"}}],\"inLanguage\":\"pt-BR\"},{\"@type\":\"Organization\",\"@id\":\"https:\\\/\\\/regiaonews.net.br\\\/2022\\\/#organization\",\"name\":\"Regi\u00e3o News\",\"url\":\"https:\\\/\\\/regiaonews.net.br\\\/2022\\\/\",\"logo\":{\"@type\":\"ImageObject\",\"inLanguage\":\"pt-BR\",\"@id\":\"https:\\\/\\\/regiaonews.net.br\\\/2022\\\/#\\\/schema\\\/logo\\\/image\\\/\",\"url\":\"https:\\\/\\\/regiaonews.net.br\\\/2022\\\/wp-content\\\/uploads\\\/2026\\\/03\\\/regiao-13-anos-scaled.jpg\",\"contentUrl\":\"https:\\\/\\\/regiaonews.net.br\\\/2022\\\/wp-content\\\/uploads\\\/2026\\\/03\\\/regiao-13-anos-scaled.jpg\",\"width\":2560,\"height\":635,\"caption\":\"Regi\u00e3o News\"},\"image\":{\"@id\":\"https:\\\/\\\/regiaonews.net.br\\\/2022\\\/#\\\/schema\\\/logo\\\/image\\\/\"}},{\"@type\":\"Person\",\"@id\":\"https:\\\/\\\/regiaonews.net.br\\\/2022\\\/#\\\/schema\\\/person\\\/2d205a608a5aa97ac279d7a5e6d89ad8\",\"name\":\"Roberto\",\"image\":{\"@type\":\"ImageObject\",\"inLanguage\":\"pt-BR\",\"@id\":\"https:\\\/\\\/secure.gravatar.com\\\/avatar\\\/42749d8b712ff9d59ca93dc150494e5b55a44134482993f5baeb97e61b7ecc89?s=96&d=mm&r=g\",\"url\":\"https:\\\/\\\/secure.gravatar.com\\\/avatar\\\/42749d8b712ff9d59ca93dc150494e5b55a44134482993f5baeb97e61b7ecc89?s=96&d=mm&r=g\",\"contentUrl\":\"https:\\\/\\\/secure.gravatar.com\\\/avatar\\\/42749d8b712ff9d59ca93dc150494e5b55a44134482993f5baeb97e61b7ecc89?s=96&d=mm&r=g\",\"caption\":\"Roberto\"},\"url\":\"https:\\\/\\\/regiaonews.net.br\\\/2022\\\/author\\\/roberto\\\/\"}]}<\/script>\n<!-- \/ Yoast SEO plugin. -->","yoast_head_json":{"title":"Brasil tem recorde de 30 milh\u00f5es de pessoas recebendo at\u00e9 um sal\u00e1rio m\u00ednimo - Regi\u00e3o News","robots":{"index":"index","follow":"follow","max-snippet":"max-snippet:-1","max-image-preview":"max-image-preview:large","max-video-preview":"max-video-preview:-1"},"canonical":"https:\/\/regiaonews.net.br\/2022\/2021\/09\/18\/brasil-tem-recorde-de-30-milhoes-de-pessoas-recebendo-ate-um-salario-minimo\/","og_locale":"pt_BR","og_type":"article","og_title":"Brasil tem recorde de 30 milh\u00f5es de pessoas recebendo at\u00e9 um sal\u00e1rio m\u00ednimo - Regi\u00e3o News","og_description":"Levantamento da consultoria IDados mostra que n\u00famero de brasileiros com","og_url":"https:\/\/regiaonews.net.br\/2022\/2021\/09\/18\/brasil-tem-recorde-de-30-milhoes-de-pessoas-recebendo-ate-um-salario-minimo\/","og_site_name":"Regi\u00e3o News","article_published_time":"2021-09-18T11:06:39+00:00","og_image":[{"width":728,"height":485,"url":"https:\/\/regiaonews.net.br\/2022\/wp-content\/uploads\/2017\/06\/dinheiro.jpg","type":"image\/jpeg"}],"author":"Roberto","twitter_card":"summary_large_image","twitter_misc":{"Escrito por":"Roberto","Est. tempo de leitura":"2 minutos"},"schema":{"@context":"https:\/\/schema.org","@graph":[{"@type":"Article","@id":"https:\/\/regiaonews.net.br\/2022\/2021\/09\/18\/brasil-tem-recorde-de-30-milhoes-de-pessoas-recebendo-ate-um-salario-minimo\/#article","isPartOf":{"@id":"https:\/\/regiaonews.net.br\/2022\/2021\/09\/18\/brasil-tem-recorde-de-30-milhoes-de-pessoas-recebendo-ate-um-salario-minimo\/"},"author":{"name":"Roberto","@id":"https:\/\/regiaonews.net.br\/2022\/#\/schema\/person\/2d205a608a5aa97ac279d7a5e6d89ad8"},"headline":"Brasil tem recorde de 30 milh\u00f5es de pessoas recebendo at\u00e9 um sal\u00e1rio m\u00ednimo","datePublished":"2021-09-18T11:06:39+00:00","mainEntityOfPage":{"@id":"https:\/\/regiaonews.net.br\/2022\/2021\/09\/18\/brasil-tem-recorde-de-30-milhoes-de-pessoas-recebendo-ate-um-salario-minimo\/"},"wordCount":328,"commentCount":0,"publisher":{"@id":"https:\/\/regiaonews.net.br\/2022\/#organization"},"image":{"@id":"https:\/\/regiaonews.net.br\/2022\/2021\/09\/18\/brasil-tem-recorde-de-30-milhoes-de-pessoas-recebendo-ate-um-salario-minimo\/#primaryimage"},"thumbnailUrl":"https:\/\/regiaonews.net.br\/2022\/wp-content\/uploads\/2017\/06\/dinheiro.jpg","articleSection":["Brasil","Cidades"],"inLanguage":"pt-BR","potentialAction":[{"@type":"CommentAction","name":"Comment","target":["https:\/\/regiaonews.net.br\/2022\/2021\/09\/18\/brasil-tem-recorde-de-30-milhoes-de-pessoas-recebendo-ate-um-salario-minimo\/#respond"]}]},{"@type":"WebPage","@id":"https:\/\/regiaonews.net.br\/2022\/2021\/09\/18\/brasil-tem-recorde-de-30-milhoes-de-pessoas-recebendo-ate-um-salario-minimo\/","url":"https:\/\/regiaonews.net.br\/2022\/2021\/09\/18\/brasil-tem-recorde-de-30-milhoes-de-pessoas-recebendo-ate-um-salario-minimo\/","name":"Brasil tem recorde de 30 milh\u00f5es de pessoas recebendo at\u00e9 um sal\u00e1rio m\u00ednimo - Regi\u00e3o News","isPartOf":{"@id":"https:\/\/regiaonews.net.br\/2022\/#website"},"primaryImageOfPage":{"@id":"https:\/\/regiaonews.net.br\/2022\/2021\/09\/18\/brasil-tem-recorde-de-30-milhoes-de-pessoas-recebendo-ate-um-salario-minimo\/#primaryimage"},"image":{"@id":"https:\/\/regiaonews.net.br\/2022\/2021\/09\/18\/brasil-tem-recorde-de-30-milhoes-de-pessoas-recebendo-ate-um-salario-minimo\/#primaryimage"},"thumbnailUrl":"https:\/\/regiaonews.net.br\/2022\/wp-content\/uploads\/2017\/06\/dinheiro.jpg","datePublished":"2021-09-18T11:06:39+00:00","breadcrumb":{"@id":"https:\/\/regiaonews.net.br\/2022\/2021\/09\/18\/brasil-tem-recorde-de-30-milhoes-de-pessoas-recebendo-ate-um-salario-minimo\/#breadcrumb"},"inLanguage":"pt-BR","potentialAction":[{"@type":"ReadAction","target":["https:\/\/regiaonews.net.br\/2022\/2021\/09\/18\/brasil-tem-recorde-de-30-milhoes-de-pessoas-recebendo-ate-um-salario-minimo\/"]}]},{"@type":"ImageObject","inLanguage":"pt-BR","@id":"https:\/\/regiaonews.net.br\/2022\/2021\/09\/18\/brasil-tem-recorde-de-30-milhoes-de-pessoas-recebendo-ate-um-salario-minimo\/#primaryimage","url":"https:\/\/regiaonews.net.br\/2022\/wp-content\/uploads\/2017\/06\/dinheiro.jpg","contentUrl":"https:\/\/regiaonews.net.br\/2022\/wp-content\/uploads\/2017\/06\/dinheiro.jpg","width":728,"height":485},{"@type":"BreadcrumbList","@id":"https:\/\/regiaonews.net.br\/2022\/2021\/09\/18\/brasil-tem-recorde-de-30-milhoes-de-pessoas-recebendo-ate-um-salario-minimo\/#breadcrumb","itemListElement":[{"@type":"ListItem","position":1,"name":"In\u00edcio","item":"https:\/\/regiaonews.net.br\/2022\/"},{"@type":"ListItem","position":2,"name":"Brasil tem recorde de 30 milh\u00f5es de pessoas recebendo at\u00e9 um sal\u00e1rio m\u00ednimo"}]},{"@type":"WebSite","@id":"https:\/\/regiaonews.net.br\/2022\/#website","url":"https:\/\/regiaonews.net.br\/2022\/","name":"Regi\u00e3o News","description":"Site de Not\u00edcias de Barretos e regi\u00e3o","publisher":{"@id":"https:\/\/regiaonews.net.br\/2022\/#organization"},"potentialAction":[{"@type":"SearchAction","target":{"@type":"EntryPoint","urlTemplate":"https:\/\/regiaonews.net.br\/2022\/?s={search_term_string}"},"query-input":{"@type":"PropertyValueSpecification","valueRequired":true,"valueName":"search_term_string"}}],"inLanguage":"pt-BR"},{"@type":"Organization","@id":"https:\/\/regiaonews.net.br\/2022\/#organization","name":"Regi\u00e3o News","url":"https:\/\/regiaonews.net.br\/2022\/","logo":{"@type":"ImageObject","inLanguage":"pt-BR","@id":"https:\/\/regiaonews.net.br\/2022\/#\/schema\/logo\/image\/","url":"https:\/\/regiaonews.net.br\/2022\/wp-content\/uploads\/2026\/03\/regiao-13-anos-scaled.jpg","contentUrl":"https:\/\/regiaonews.net.br\/2022\/wp-content\/uploads\/2026\/03\/regiao-13-anos-scaled.jpg","width":2560,"height":635,"caption":"Regi\u00e3o News"},"image":{"@id":"https:\/\/regiaonews.net.br\/2022\/#\/schema\/logo\/image\/"}},{"@type":"Person","@id":"https:\/\/regiaonews.net.br\/2022\/#\/schema\/person\/2d205a608a5aa97ac279d7a5e6d89ad8","name":"Roberto","image":{"@type":"ImageObject","inLanguage":"pt-BR","@id":"https:\/\/secure.gravatar.com\/avatar\/42749d8b712ff9d59ca93dc150494e5b55a44134482993f5baeb97e61b7ecc89?s=96&d=mm&r=g","url":"https:\/\/secure.gravatar.com\/avatar\/42749d8b712ff9d59ca93dc150494e5b55a44134482993f5baeb97e61b7ecc89?s=96&d=mm&r=g","contentUrl":"https:\/\/secure.gravatar.com\/avatar\/42749d8b712ff9d59ca93dc150494e5b55a44134482993f5baeb97e61b7ecc89?s=96&d=mm&r=g","caption":"Roberto"},"url":"https:\/\/regiaonews.net.br\/2022\/author\/roberto\/"}]}},"publishpress_future_action":{"enabled":false,"date":"2026-05-03 04:35:31","action":"change-status","newStatus":"draft","terms":[],"taxonomy":"category","extraData":[]},"publishpress_future_workflow_manual_trigger":{"enabledWorkflows":[]},"_links":{"self":[{"href":"https:\/\/regiaonews.net.br\/2022\/wp-json\/wp\/v2\/posts\/53486","targetHints":{"allow":["GET"]}}],"collection":[{"href":"https:\/\/regiaonews.net.br\/2022\/wp-json\/wp\/v2\/posts"}],"about":[{"href":"https:\/\/regiaonews.net.br\/2022\/wp-json\/wp\/v2\/types\/post"}],"author":[{"embeddable":true,"href":"https:\/\/regiaonews.net.br\/2022\/wp-json\/wp\/v2\/users\/2"}],"replies":[{"embeddable":true,"href":"https:\/\/regiaonews.net.br\/2022\/wp-json\/wp\/v2\/comments?post=53486"}],"version-history":[{"count":0,"href":"https:\/\/regiaonews.net.br\/2022\/wp-json\/wp\/v2\/posts\/53486\/revisions"}],"wp:featuredmedia":[{"embeddable":true,"href":"https:\/\/regiaonews.net.br\/2022\/wp-json\/wp\/v2\/media\/5141"}],"wp:attachment":[{"href":"https:\/\/regiaonews.net.br\/2022\/wp-json\/wp\/v2\/media?parent=53486"}],"wp:term":[{"taxonomy":"category","embeddable":true,"href":"https:\/\/regiaonews.net.br\/2022\/wp-json\/wp\/v2\/categories?post=53486"},{"taxonomy":"post_tag","embeddable":true,"href":"https:\/\/regiaonews.net.br\/2022\/wp-json\/wp\/v2\/tags?post=53486"}],"curies":[{"name":"wp","href":"https:\/\/api.w.org\/{rel}","templated":true}]}}