{"id":53461,"date":"2021-09-17T15:57:38","date_gmt":"2021-09-17T18:57:38","guid":{"rendered":"https:\/\/regiaonews.net.br\/2022\/?p=53461"},"modified":"2021-09-17T15:57:38","modified_gmt":"2021-09-17T18:57:38","slug":"casos-de-negligencia-familiar-e-menores-envolvidos-com-alcool-e-drogas-sao-destaques-no-atendimento-do-conselho-tutelar","status":"publish","type":"post","link":"https:\/\/regiaonews.net.br\/2022\/2021\/09\/17\/casos-de-negligencia-familiar-e-menores-envolvidos-com-alcool-e-drogas-sao-destaques-no-atendimento-do-conselho-tutelar\/","title":{"rendered":"Casos de neglig\u00eancia familiar e menores envolvidos com \u00e1lcool e drogas s\u00e3o destaques no atendimento do Conselho Tutelar"},"content":{"rendered":"<p><a href=\"https:\/\/regiaonews.net.br\/2022\/wp-content\/uploads\/2021\/09\/WhatsApp-Image-2021-09-17-at-15.55.02.jpeg\"><img loading=\"lazy\" decoding=\"async\" class=\"alignnone size-medium wp-image-53462\" src=\"https:\/\/regiaonews.net.br\/2022\/wp-content\/uploads\/2021\/09\/WhatsApp-Image-2021-09-17-at-15.55.02-300x232.jpeg\" alt=\"\" width=\"300\" height=\"232\" \/><\/a><\/p>\n<p>Foto \u2013 As conselheiras tutelares Chayenne, Rosangela, Natalia, Andreza, Val\u00e9ria e M\u00e1rcia<\/p>\n<p>O Conselho Tutelar de Barretos, atrav\u00e9s das conselheiras M\u00e1rcia Pina, Rosangela Carvalho, Natalia Rizi, Val\u00e9ria Pelegrini e Andreza Rebor vem atendendo v\u00e1rios casos envolvendo menores de idade, em situa\u00e7\u00f5es de conflito familiar, envolvimento com \u00e1lcool e drogas, e at\u00e9 casos em que est\u00e3o atentando contra a pr\u00f3pria vida. Segundo a presidente do Conselho Tutelar, a conselheira M\u00e1rcia Pina, no seu \u00faltimo plant\u00e3o, foi atendido um caso de um menor que tentou contra a pr\u00f3pria vida, que \u00e9 um tipo de ocorr\u00eancia que aumentando muito na cidade. Outra situa\u00e7\u00e3o destaca pela conselheira, \u00e9 o envolvimento com \u00e1lcool e drogas, que tamb\u00e9m tem tido um volume expressivo. \u201cOrientamos os respons\u00e1veis a deixarem os filhos sozinhos e com medicamentos vis\u00edveis e de f\u00e1cil acesso. Qualquer d\u00favida ou orienta\u00e7\u00e3o, basta nos procurar na sede do Conselho Tutelar, sem agendamento pr\u00e9vio na avenida 31 n\u00famero 651 esquina da rua 18 ou ligar nos telefones (17)3322-9906 ou 99191-6934\u201d, orientou M\u00e1rcia Pina.<\/p>\n","protected":false},"excerpt":{"rendered":"<p>Foto \u2013 As conselheiras tutelares Chayenne, Rosangela, Natalia, Andreza, Val\u00e9ria<\/p>\n","protected":false},"author":2,"featured_media":53462,"comment_status":"open","ping_status":"open","sticky":false,"template":"","format":"standard","meta":{"footnotes":""},"categories":[14,25],"tags":[],"class_list":["post-53461","post","type-post","status-publish","format-standard","has-post-thumbnail","hentry","category-barretos","category-cidades"],"yoast_head":"<!-- This site is optimized with the Yoast SEO plugin v27.4 - https:\/\/yoast.com\/product\/yoast-seo-wordpress\/ -->\n<title>Casos de neglig\u00eancia familiar e menores envolvidos com \u00e1lcool e drogas s\u00e3o destaques no atendimento do Conselho Tutelar - Regi\u00e3o News<\/title>\n<meta name=\"robots\" content=\"index, follow, max-snippet:-1, max-image-preview:large, max-video-preview:-1\" \/>\n<link rel=\"canonical\" href=\"https:\/\/regiaonews.net.br\/2022\/2021\/09\/17\/casos-de-negligencia-familiar-e-menores-envolvidos-com-alcool-e-drogas-sao-destaques-no-atendimento-do-conselho-tutelar\/\" \/>\n<meta property=\"og:locale\" content=\"pt_BR\" \/>\n<meta property=\"og:type\" content=\"article\" \/>\n<meta property=\"og:title\" content=\"Casos de neglig\u00eancia familiar e menores envolvidos com \u00e1lcool e drogas s\u00e3o destaques no atendimento do Conselho Tutelar - Regi\u00e3o News\" \/>\n<meta property=\"og:description\" content=\"Foto \u2013 As conselheiras tutelares Chayenne, Rosangela, Natalia, Andreza, Val\u00e9ria\" \/>\n<meta property=\"og:url\" content=\"https:\/\/regiaonews.net.br\/2022\/2021\/09\/17\/casos-de-negligencia-familiar-e-menores-envolvidos-com-alcool-e-drogas-sao-destaques-no-atendimento-do-conselho-tutelar\/\" \/>\n<meta property=\"og:site_name\" content=\"Regi\u00e3o News\" \/>\n<meta property=\"article:published_time\" content=\"2021-09-17T18:57:38+00:00\" \/>\n<meta property=\"og:image\" content=\"https:\/\/regiaonews.net.br\/2022\/wp-content\/uploads\/2021\/09\/WhatsApp-Image-2021-09-17-at-15.55.02.jpeg\" \/>\n\t<meta property=\"og:image:width\" content=\"1280\" \/>\n\t<meta property=\"og:image:height\" content=\"989\" \/>\n\t<meta property=\"og:image:type\" content=\"image\/jpeg\" \/>\n<meta name=\"author\" content=\"Roberto\" \/>\n<meta name=\"twitter:card\" content=\"summary_large_image\" \/>\n<meta name=\"twitter:label1\" content=\"Escrito por\" \/>\n\t<meta name=\"twitter:data1\" content=\"Roberto\" \/>\n\t<meta name=\"twitter:label2\" content=\"Est. tempo de leitura\" \/>\n\t<meta name=\"twitter:data2\" content=\"1 minuto\" \/>\n<script type=\"application\/ld+json\" class=\"yoast-schema-graph\">{\"@context\":\"https:\\\/\\\/schema.org\",\"@graph\":[{\"@type\":\"Article\",\"@id\":\"https:\\\/\\\/regiaonews.net.br\\\/2022\\\/2021\\\/09\\\/17\\\/casos-de-negligencia-familiar-e-menores-envolvidos-com-alcool-e-drogas-sao-destaques-no-atendimento-do-conselho-tutelar\\\/#article\",\"isPartOf\":{\"@id\":\"https:\\\/\\\/regiaonews.net.br\\\/2022\\\/2021\\\/09\\\/17\\\/casos-de-negligencia-familiar-e-menores-envolvidos-com-alcool-e-drogas-sao-destaques-no-atendimento-do-conselho-tutelar\\\/\"},\"author\":{\"name\":\"Roberto\",\"@id\":\"https:\\\/\\\/regiaonews.net.br\\\/2022\\\/#\\\/schema\\\/person\\\/2d205a608a5aa97ac279d7a5e6d89ad8\"},\"headline\":\"Casos de neglig\u00eancia familiar e menores envolvidos com \u00e1lcool e drogas s\u00e3o destaques no atendimento do Conselho Tutelar\",\"datePublished\":\"2021-09-17T18:57:38+00:00\",\"mainEntityOfPage\":{\"@id\":\"https:\\\/\\\/regiaonews.net.br\\\/2022\\\/2021\\\/09\\\/17\\\/casos-de-negligencia-familiar-e-menores-envolvidos-com-alcool-e-drogas-sao-destaques-no-atendimento-do-conselho-tutelar\\\/\"},\"wordCount\":204,\"commentCount\":0,\"publisher\":{\"@id\":\"https:\\\/\\\/regiaonews.net.br\\\/2022\\\/#organization\"},\"image\":{\"@id\":\"https:\\\/\\\/regiaonews.net.br\\\/2022\\\/2021\\\/09\\\/17\\\/casos-de-negligencia-familiar-e-menores-envolvidos-com-alcool-e-drogas-sao-destaques-no-atendimento-do-conselho-tutelar\\\/#primaryimage\"},\"thumbnailUrl\":\"https:\\\/\\\/regiaonews.net.br\\\/2022\\\/wp-content\\\/uploads\\\/2021\\\/09\\\/WhatsApp-Image-2021-09-17-at-15.55.02.jpeg\",\"articleSection\":[\"Barretos\",\"Cidades\"],\"inLanguage\":\"pt-BR\",\"potentialAction\":[{\"@type\":\"CommentAction\",\"name\":\"Comment\",\"target\":[\"https:\\\/\\\/regiaonews.net.br\\\/2022\\\/2021\\\/09\\\/17\\\/casos-de-negligencia-familiar-e-menores-envolvidos-com-alcool-e-drogas-sao-destaques-no-atendimento-do-conselho-tutelar\\\/#respond\"]}]},{\"@type\":\"WebPage\",\"@id\":\"https:\\\/\\\/regiaonews.net.br\\\/2022\\\/2021\\\/09\\\/17\\\/casos-de-negligencia-familiar-e-menores-envolvidos-com-alcool-e-drogas-sao-destaques-no-atendimento-do-conselho-tutelar\\\/\",\"url\":\"https:\\\/\\\/regiaonews.net.br\\\/2022\\\/2021\\\/09\\\/17\\\/casos-de-negligencia-familiar-e-menores-envolvidos-com-alcool-e-drogas-sao-destaques-no-atendimento-do-conselho-tutelar\\\/\",\"name\":\"Casos de neglig\u00eancia familiar e menores envolvidos com \u00e1lcool e drogas s\u00e3o destaques no atendimento do Conselho Tutelar - Regi\u00e3o News\",\"isPartOf\":{\"@id\":\"https:\\\/\\\/regiaonews.net.br\\\/2022\\\/#website\"},\"primaryImageOfPage\":{\"@id\":\"https:\\\/\\\/regiaonews.net.br\\\/2022\\\/2021\\\/09\\\/17\\\/casos-de-negligencia-familiar-e-menores-envolvidos-com-alcool-e-drogas-sao-destaques-no-atendimento-do-conselho-tutelar\\\/#primaryimage\"},\"image\":{\"@id\":\"https:\\\/\\\/regiaonews.net.br\\\/2022\\\/2021\\\/09\\\/17\\\/casos-de-negligencia-familiar-e-menores-envolvidos-com-alcool-e-drogas-sao-destaques-no-atendimento-do-conselho-tutelar\\\/#primaryimage\"},\"thumbnailUrl\":\"https:\\\/\\\/regiaonews.net.br\\\/2022\\\/wp-content\\\/uploads\\\/2021\\\/09\\\/WhatsApp-Image-2021-09-17-at-15.55.02.jpeg\",\"datePublished\":\"2021-09-17T18:57:38+00:00\",\"breadcrumb\":{\"@id\":\"https:\\\/\\\/regiaonews.net.br\\\/2022\\\/2021\\\/09\\\/17\\\/casos-de-negligencia-familiar-e-menores-envolvidos-com-alcool-e-drogas-sao-destaques-no-atendimento-do-conselho-tutelar\\\/#breadcrumb\"},\"inLanguage\":\"pt-BR\",\"potentialAction\":[{\"@type\":\"ReadAction\",\"target\":[\"https:\\\/\\\/regiaonews.net.br\\\/2022\\\/2021\\\/09\\\/17\\\/casos-de-negligencia-familiar-e-menores-envolvidos-com-alcool-e-drogas-sao-destaques-no-atendimento-do-conselho-tutelar\\\/\"]}]},{\"@type\":\"ImageObject\",\"inLanguage\":\"pt-BR\",\"@id\":\"https:\\\/\\\/regiaonews.net.br\\\/2022\\\/2021\\\/09\\\/17\\\/casos-de-negligencia-familiar-e-menores-envolvidos-com-alcool-e-drogas-sao-destaques-no-atendimento-do-conselho-tutelar\\\/#primaryimage\",\"url\":\"https:\\\/\\\/regiaonews.net.br\\\/2022\\\/wp-content\\\/uploads\\\/2021\\\/09\\\/WhatsApp-Image-2021-09-17-at-15.55.02.jpeg\",\"contentUrl\":\"https:\\\/\\\/regiaonews.net.br\\\/2022\\\/wp-content\\\/uploads\\\/2021\\\/09\\\/WhatsApp-Image-2021-09-17-at-15.55.02.jpeg\",\"width\":1280,\"height\":989},{\"@type\":\"BreadcrumbList\",\"@id\":\"https:\\\/\\\/regiaonews.net.br\\\/2022\\\/2021\\\/09\\\/17\\\/casos-de-negligencia-familiar-e-menores-envolvidos-com-alcool-e-drogas-sao-destaques-no-atendimento-do-conselho-tutelar\\\/#breadcrumb\",\"itemListElement\":[{\"@type\":\"ListItem\",\"position\":1,\"name\":\"In\u00edcio\",\"item\":\"https:\\\/\\\/regiaonews.net.br\\\/2022\\\/\"},{\"@type\":\"ListItem\",\"position\":2,\"name\":\"Casos de neglig\u00eancia familiar e menores envolvidos com \u00e1lcool e drogas s\u00e3o destaques no atendimento do Conselho Tutelar\"}]},{\"@type\":\"WebSite\",\"@id\":\"https:\\\/\\\/regiaonews.net.br\\\/2022\\\/#website\",\"url\":\"https:\\\/\\\/regiaonews.net.br\\\/2022\\\/\",\"name\":\"Regi\u00e3o News\",\"description\":\"Site de Not\u00edcias de Barretos e regi\u00e3o\",\"publisher\":{\"@id\":\"https:\\\/\\\/regiaonews.net.br\\\/2022\\\/#organization\"},\"potentialAction\":[{\"@type\":\"SearchAction\",\"target\":{\"@type\":\"EntryPoint\",\"urlTemplate\":\"https:\\\/\\\/regiaonews.net.br\\\/2022\\\/?s={search_term_string}\"},\"query-input\":{\"@type\":\"PropertyValueSpecification\",\"valueRequired\":true,\"valueName\":\"search_term_string\"}}],\"inLanguage\":\"pt-BR\"},{\"@type\":\"Organization\",\"@id\":\"https:\\\/\\\/regiaonews.net.br\\\/2022\\\/#organization\",\"name\":\"Regi\u00e3o News\",\"url\":\"https:\\\/\\\/regiaonews.net.br\\\/2022\\\/\",\"logo\":{\"@type\":\"ImageObject\",\"inLanguage\":\"pt-BR\",\"@id\":\"https:\\\/\\\/regiaonews.net.br\\\/2022\\\/#\\\/schema\\\/logo\\\/image\\\/\",\"url\":\"https:\\\/\\\/regiaonews.net.br\\\/2022\\\/wp-content\\\/uploads\\\/2026\\\/03\\\/regiao-13-anos-scaled.jpg\",\"contentUrl\":\"https:\\\/\\\/regiaonews.net.br\\\/2022\\\/wp-content\\\/uploads\\\/2026\\\/03\\\/regiao-13-anos-scaled.jpg\",\"width\":2560,\"height\":635,\"caption\":\"Regi\u00e3o News\"},\"image\":{\"@id\":\"https:\\\/\\\/regiaonews.net.br\\\/2022\\\/#\\\/schema\\\/logo\\\/image\\\/\"}},{\"@type\":\"Person\",\"@id\":\"https:\\\/\\\/regiaonews.net.br\\\/2022\\\/#\\\/schema\\\/person\\\/2d205a608a5aa97ac279d7a5e6d89ad8\",\"name\":\"Roberto\",\"image\":{\"@type\":\"ImageObject\",\"inLanguage\":\"pt-BR\",\"@id\":\"https:\\\/\\\/secure.gravatar.com\\\/avatar\\\/42749d8b712ff9d59ca93dc150494e5b55a44134482993f5baeb97e61b7ecc89?s=96&d=mm&r=g\",\"url\":\"https:\\\/\\\/secure.gravatar.com\\\/avatar\\\/42749d8b712ff9d59ca93dc150494e5b55a44134482993f5baeb97e61b7ecc89?s=96&d=mm&r=g\",\"contentUrl\":\"https:\\\/\\\/secure.gravatar.com\\\/avatar\\\/42749d8b712ff9d59ca93dc150494e5b55a44134482993f5baeb97e61b7ecc89?s=96&d=mm&r=g\",\"caption\":\"Roberto\"},\"url\":\"https:\\\/\\\/regiaonews.net.br\\\/2022\\\/author\\\/roberto\\\/\"}]}<\/script>\n<!-- \/ Yoast SEO plugin. -->","yoast_head_json":{"title":"Casos de neglig\u00eancia familiar e menores envolvidos com \u00e1lcool e drogas s\u00e3o destaques no atendimento do Conselho Tutelar - Regi\u00e3o News","robots":{"index":"index","follow":"follow","max-snippet":"max-snippet:-1","max-image-preview":"max-image-preview:large","max-video-preview":"max-video-preview:-1"},"canonical":"https:\/\/regiaonews.net.br\/2022\/2021\/09\/17\/casos-de-negligencia-familiar-e-menores-envolvidos-com-alcool-e-drogas-sao-destaques-no-atendimento-do-conselho-tutelar\/","og_locale":"pt_BR","og_type":"article","og_title":"Casos de neglig\u00eancia familiar e menores envolvidos com \u00e1lcool e drogas s\u00e3o destaques no atendimento do Conselho Tutelar - Regi\u00e3o News","og_description":"Foto \u2013 As conselheiras tutelares Chayenne, Rosangela, Natalia, Andreza, Val\u00e9ria","og_url":"https:\/\/regiaonews.net.br\/2022\/2021\/09\/17\/casos-de-negligencia-familiar-e-menores-envolvidos-com-alcool-e-drogas-sao-destaques-no-atendimento-do-conselho-tutelar\/","og_site_name":"Regi\u00e3o News","article_published_time":"2021-09-17T18:57:38+00:00","og_image":[{"width":1280,"height":989,"url":"https:\/\/regiaonews.net.br\/2022\/wp-content\/uploads\/2021\/09\/WhatsApp-Image-2021-09-17-at-15.55.02.jpeg","type":"image\/jpeg"}],"author":"Roberto","twitter_card":"summary_large_image","twitter_misc":{"Escrito por":"Roberto","Est. tempo de leitura":"1 minuto"},"schema":{"@context":"https:\/\/schema.org","@graph":[{"@type":"Article","@id":"https:\/\/regiaonews.net.br\/2022\/2021\/09\/17\/casos-de-negligencia-familiar-e-menores-envolvidos-com-alcool-e-drogas-sao-destaques-no-atendimento-do-conselho-tutelar\/#article","isPartOf":{"@id":"https:\/\/regiaonews.net.br\/2022\/2021\/09\/17\/casos-de-negligencia-familiar-e-menores-envolvidos-com-alcool-e-drogas-sao-destaques-no-atendimento-do-conselho-tutelar\/"},"author":{"name":"Roberto","@id":"https:\/\/regiaonews.net.br\/2022\/#\/schema\/person\/2d205a608a5aa97ac279d7a5e6d89ad8"},"headline":"Casos de neglig\u00eancia familiar e menores envolvidos com \u00e1lcool e drogas s\u00e3o destaques no atendimento do Conselho Tutelar","datePublished":"2021-09-17T18:57:38+00:00","mainEntityOfPage":{"@id":"https:\/\/regiaonews.net.br\/2022\/2021\/09\/17\/casos-de-negligencia-familiar-e-menores-envolvidos-com-alcool-e-drogas-sao-destaques-no-atendimento-do-conselho-tutelar\/"},"wordCount":204,"commentCount":0,"publisher":{"@id":"https:\/\/regiaonews.net.br\/2022\/#organization"},"image":{"@id":"https:\/\/regiaonews.net.br\/2022\/2021\/09\/17\/casos-de-negligencia-familiar-e-menores-envolvidos-com-alcool-e-drogas-sao-destaques-no-atendimento-do-conselho-tutelar\/#primaryimage"},"thumbnailUrl":"https:\/\/regiaonews.net.br\/2022\/wp-content\/uploads\/2021\/09\/WhatsApp-Image-2021-09-17-at-15.55.02.jpeg","articleSection":["Barretos","Cidades"],"inLanguage":"pt-BR","potentialAction":[{"@type":"CommentAction","name":"Comment","target":["https:\/\/regiaonews.net.br\/2022\/2021\/09\/17\/casos-de-negligencia-familiar-e-menores-envolvidos-com-alcool-e-drogas-sao-destaques-no-atendimento-do-conselho-tutelar\/#respond"]}]},{"@type":"WebPage","@id":"https:\/\/regiaonews.net.br\/2022\/2021\/09\/17\/casos-de-negligencia-familiar-e-menores-envolvidos-com-alcool-e-drogas-sao-destaques-no-atendimento-do-conselho-tutelar\/","url":"https:\/\/regiaonews.net.br\/2022\/2021\/09\/17\/casos-de-negligencia-familiar-e-menores-envolvidos-com-alcool-e-drogas-sao-destaques-no-atendimento-do-conselho-tutelar\/","name":"Casos de neglig\u00eancia familiar e menores envolvidos com \u00e1lcool e drogas s\u00e3o destaques no atendimento do Conselho Tutelar - Regi\u00e3o News","isPartOf":{"@id":"https:\/\/regiaonews.net.br\/2022\/#website"},"primaryImageOfPage":{"@id":"https:\/\/regiaonews.net.br\/2022\/2021\/09\/17\/casos-de-negligencia-familiar-e-menores-envolvidos-com-alcool-e-drogas-sao-destaques-no-atendimento-do-conselho-tutelar\/#primaryimage"},"image":{"@id":"https:\/\/regiaonews.net.br\/2022\/2021\/09\/17\/casos-de-negligencia-familiar-e-menores-envolvidos-com-alcool-e-drogas-sao-destaques-no-atendimento-do-conselho-tutelar\/#primaryimage"},"thumbnailUrl":"https:\/\/regiaonews.net.br\/2022\/wp-content\/uploads\/2021\/09\/WhatsApp-Image-2021-09-17-at-15.55.02.jpeg","datePublished":"2021-09-17T18:57:38+00:00","breadcrumb":{"@id":"https:\/\/regiaonews.net.br\/2022\/2021\/09\/17\/casos-de-negligencia-familiar-e-menores-envolvidos-com-alcool-e-drogas-sao-destaques-no-atendimento-do-conselho-tutelar\/#breadcrumb"},"inLanguage":"pt-BR","potentialAction":[{"@type":"ReadAction","target":["https:\/\/regiaonews.net.br\/2022\/2021\/09\/17\/casos-de-negligencia-familiar-e-menores-envolvidos-com-alcool-e-drogas-sao-destaques-no-atendimento-do-conselho-tutelar\/"]}]},{"@type":"ImageObject","inLanguage":"pt-BR","@id":"https:\/\/regiaonews.net.br\/2022\/2021\/09\/17\/casos-de-negligencia-familiar-e-menores-envolvidos-com-alcool-e-drogas-sao-destaques-no-atendimento-do-conselho-tutelar\/#primaryimage","url":"https:\/\/regiaonews.net.br\/2022\/wp-content\/uploads\/2021\/09\/WhatsApp-Image-2021-09-17-at-15.55.02.jpeg","contentUrl":"https:\/\/regiaonews.net.br\/2022\/wp-content\/uploads\/2021\/09\/WhatsApp-Image-2021-09-17-at-15.55.02.jpeg","width":1280,"height":989},{"@type":"BreadcrumbList","@id":"https:\/\/regiaonews.net.br\/2022\/2021\/09\/17\/casos-de-negligencia-familiar-e-menores-envolvidos-com-alcool-e-drogas-sao-destaques-no-atendimento-do-conselho-tutelar\/#breadcrumb","itemListElement":[{"@type":"ListItem","position":1,"name":"In\u00edcio","item":"https:\/\/regiaonews.net.br\/2022\/"},{"@type":"ListItem","position":2,"name":"Casos de neglig\u00eancia familiar e menores envolvidos com \u00e1lcool e drogas s\u00e3o destaques no atendimento do Conselho Tutelar"}]},{"@type":"WebSite","@id":"https:\/\/regiaonews.net.br\/2022\/#website","url":"https:\/\/regiaonews.net.br\/2022\/","name":"Regi\u00e3o News","description":"Site de Not\u00edcias de Barretos e regi\u00e3o","publisher":{"@id":"https:\/\/regiaonews.net.br\/2022\/#organization"},"potentialAction":[{"@type":"SearchAction","target":{"@type":"EntryPoint","urlTemplate":"https:\/\/regiaonews.net.br\/2022\/?s={search_term_string}"},"query-input":{"@type":"PropertyValueSpecification","valueRequired":true,"valueName":"search_term_string"}}],"inLanguage":"pt-BR"},{"@type":"Organization","@id":"https:\/\/regiaonews.net.br\/2022\/#organization","name":"Regi\u00e3o News","url":"https:\/\/regiaonews.net.br\/2022\/","logo":{"@type":"ImageObject","inLanguage":"pt-BR","@id":"https:\/\/regiaonews.net.br\/2022\/#\/schema\/logo\/image\/","url":"https:\/\/regiaonews.net.br\/2022\/wp-content\/uploads\/2026\/03\/regiao-13-anos-scaled.jpg","contentUrl":"https:\/\/regiaonews.net.br\/2022\/wp-content\/uploads\/2026\/03\/regiao-13-anos-scaled.jpg","width":2560,"height":635,"caption":"Regi\u00e3o News"},"image":{"@id":"https:\/\/regiaonews.net.br\/2022\/#\/schema\/logo\/image\/"}},{"@type":"Person","@id":"https:\/\/regiaonews.net.br\/2022\/#\/schema\/person\/2d205a608a5aa97ac279d7a5e6d89ad8","name":"Roberto","image":{"@type":"ImageObject","inLanguage":"pt-BR","@id":"https:\/\/secure.gravatar.com\/avatar\/42749d8b712ff9d59ca93dc150494e5b55a44134482993f5baeb97e61b7ecc89?s=96&d=mm&r=g","url":"https:\/\/secure.gravatar.com\/avatar\/42749d8b712ff9d59ca93dc150494e5b55a44134482993f5baeb97e61b7ecc89?s=96&d=mm&r=g","contentUrl":"https:\/\/secure.gravatar.com\/avatar\/42749d8b712ff9d59ca93dc150494e5b55a44134482993f5baeb97e61b7ecc89?s=96&d=mm&r=g","caption":"Roberto"},"url":"https:\/\/regiaonews.net.br\/2022\/author\/roberto\/"}]}},"publishpress_future_action":{"enabled":false,"date":"2026-05-03 12:52:03","action":"change-status","newStatus":"draft","terms":[],"taxonomy":"category","extraData":[]},"publishpress_future_workflow_manual_trigger":{"enabledWorkflows":[]},"_links":{"self":[{"href":"https:\/\/regiaonews.net.br\/2022\/wp-json\/wp\/v2\/posts\/53461","targetHints":{"allow":["GET"]}}],"collection":[{"href":"https:\/\/regiaonews.net.br\/2022\/wp-json\/wp\/v2\/posts"}],"about":[{"href":"https:\/\/regiaonews.net.br\/2022\/wp-json\/wp\/v2\/types\/post"}],"author":[{"embeddable":true,"href":"https:\/\/regiaonews.net.br\/2022\/wp-json\/wp\/v2\/users\/2"}],"replies":[{"embeddable":true,"href":"https:\/\/regiaonews.net.br\/2022\/wp-json\/wp\/v2\/comments?post=53461"}],"version-history":[{"count":0,"href":"https:\/\/regiaonews.net.br\/2022\/wp-json\/wp\/v2\/posts\/53461\/revisions"}],"wp:featuredmedia":[{"embeddable":true,"href":"https:\/\/regiaonews.net.br\/2022\/wp-json\/wp\/v2\/media\/53462"}],"wp:attachment":[{"href":"https:\/\/regiaonews.net.br\/2022\/wp-json\/wp\/v2\/media?parent=53461"}],"wp:term":[{"taxonomy":"category","embeddable":true,"href":"https:\/\/regiaonews.net.br\/2022\/wp-json\/wp\/v2\/categories?post=53461"},{"taxonomy":"post_tag","embeddable":true,"href":"https:\/\/regiaonews.net.br\/2022\/wp-json\/wp\/v2\/tags?post=53461"}],"curies":[{"name":"wp","href":"https:\/\/api.w.org\/{rel}","templated":true}]}}