{"id":53443,"date":"2021-09-17T14:47:18","date_gmt":"2021-09-17T17:47:18","guid":{"rendered":"https:\/\/regiaonews.net.br\/2022\/?p=53443"},"modified":"2021-09-17T15:08:40","modified_gmt":"2021-09-17T18:08:40","slug":"policia-civil-prende-suspeitos-de-tentativa-de-homicidio","status":"publish","type":"post","link":"https:\/\/regiaonews.net.br\/2022\/2021\/09\/17\/policia-civil-prende-suspeitos-de-tentativa-de-homicidio\/","title":{"rendered":"Pol\u00edcia civil prende suspeitos de tentativa de homic\u00eddio"},"content":{"rendered":"<p><a href=\"https:\/\/regiaonews.net.br\/2022\/wp-content\/uploads\/2020\/10\/policia-site.jpg\"><img loading=\"lazy\" decoding=\"async\" class=\"alignnone size-medium wp-image-38904\" src=\"https:\/\/regiaonews.net.br\/2022\/wp-content\/uploads\/2020\/10\/policia-site-300x178.jpg\" alt=\"\" width=\"300\" height=\"178\" \/><\/a><\/p>\n<p>Policiais Civis da DIG\/DISE de Barretos, com apoio de policiais civis dos Distritos Policiais de Barretos, deram cumprimento, na manh\u00e3 de hoje a dois mandados de busca e apreens\u00e3o e de pris\u00e3o tempor\u00e1ria contra suspeitos de terem tentado matar um homem de 19 anos no Bairro Zequinha Am\u00eandola, em 12 de julho \u00faltimo.<br \/>\nSegundo o que foi apurado, a v\u00edtima caminhava pelo bairro quando uma motocicleta surgiu com dois indiv\u00edduos, sendo que o carona sacou um rev\u00f3lver e efetuou tr\u00eas disparos contra a v\u00edtima. A v\u00edtima foi socorrida para a Santa Casa local, conseguindo resistir aos disparos. Um dos tiros ficou alojado na perna da v\u00edtima.<br \/>\nPor meio de intenso trabalho investigativo dos policiais civis da DIG\/DISE Barretos, foi poss\u00edvel apurar a autoria da tentativa de homic\u00eddio. Diante disso, o delegado de pol\u00edcia respons\u00e1vel pelo inqu\u00e9rito solicitou ao Judici\u00e1rio a expedi\u00e7\u00e3o de mandados de busca e de pris\u00e3o contra os suspeitos.<br \/>\nNa manh\u00e3 de hoje, os policiais civis se dirigiram a dois im\u00f3veis situados nos bairros Zequinha Am\u00eandola e Leda Am\u00eandola. No bairro Zequinha Am\u00eandola, prenderam um homem de 20 anos, o qual se apurou ter sido o autor dos disparos. O outro homem, tamb\u00e9m com 20 anos, foi preso pela Pol\u00edcia Militar por tr\u00e1fico de drogas na noite de ontem, sendo que os policiais civis, nesta data, deram cumprimento tamb\u00e9m a seu mandado de pris\u00e3o tempor\u00e1ria por homic\u00eddio \u2013 ele era o piloto da motocicleta utilizada na tentativa de homic\u00eddio.<br \/>\nO crime pode estar relacionado com o tr\u00e1fico de drogas, j\u00e1 que tanto a v\u00edtima quanto os suspeitos s\u00e3o conhecimento por envolvimento com o tr\u00e1fico.<br \/>\nOs apontados permanecem presos, inicialmente, por cinco dias, sendo removidos \u00e0 Cadeia P\u00fablica de Colina. Eles ser\u00e3o indiciados pelo crime de homic\u00eddio tentado.<\/p>\n","protected":false},"excerpt":{"rendered":"<p>Policiais Civis da DIG\/DISE de Barretos, com apoio de policiais<\/p>\n","protected":false},"author":2,"featured_media":15076,"comment_status":"open","ping_status":"open","sticky":false,"template":"","format":"standard","meta":{"footnotes":""},"categories":[14,25,23],"tags":[],"class_list":["post-53443","post","type-post","status-publish","format-standard","has-post-thumbnail","hentry","category-barretos","category-cidades","category-policia"],"yoast_head":"<!-- This site is optimized with the Yoast SEO plugin v27.4 - https:\/\/yoast.com\/product\/yoast-seo-wordpress\/ -->\n<title>Pol\u00edcia civil prende suspeitos de tentativa de homic\u00eddio - Regi\u00e3o News<\/title>\n<meta name=\"robots\" content=\"index, follow, max-snippet:-1, max-image-preview:large, max-video-preview:-1\" \/>\n<link rel=\"canonical\" href=\"https:\/\/regiaonews.net.br\/2022\/2021\/09\/17\/policia-civil-prende-suspeitos-de-tentativa-de-homicidio\/\" \/>\n<meta property=\"og:locale\" content=\"pt_BR\" \/>\n<meta property=\"og:type\" content=\"article\" \/>\n<meta property=\"og:title\" content=\"Pol\u00edcia civil prende suspeitos de tentativa de homic\u00eddio - Regi\u00e3o News\" \/>\n<meta property=\"og:description\" content=\"Policiais Civis da DIG\/DISE de Barretos, com apoio de policiais\" \/>\n<meta property=\"og:url\" content=\"https:\/\/regiaonews.net.br\/2022\/2021\/09\/17\/policia-civil-prende-suspeitos-de-tentativa-de-homicidio\/\" \/>\n<meta property=\"og:site_name\" content=\"Regi\u00e3o News\" \/>\n<meta property=\"article:published_time\" content=\"2021-09-17T17:47:18+00:00\" \/>\n<meta property=\"article:modified_time\" content=\"2021-09-17T18:08:40+00:00\" \/>\n<meta property=\"og:image\" content=\"https:\/\/regiaonews.net.br\/2022\/wp-content\/uploads\/2018\/09\/dig-dise.jpg\" \/>\n\t<meta property=\"og:image:width\" content=\"620\" \/>\n\t<meta property=\"og:image:height\" content=\"465\" \/>\n\t<meta property=\"og:image:type\" content=\"image\/jpeg\" \/>\n<meta name=\"author\" content=\"Roberto\" \/>\n<meta name=\"twitter:card\" content=\"summary_large_image\" \/>\n<meta name=\"twitter:label1\" content=\"Escrito por\" \/>\n\t<meta name=\"twitter:data1\" content=\"Roberto\" \/>\n\t<meta name=\"twitter:label2\" content=\"Est. tempo de leitura\" \/>\n\t<meta name=\"twitter:data2\" content=\"2 minutos\" \/>\n<script type=\"application\/ld+json\" class=\"yoast-schema-graph\">{\"@context\":\"https:\\\/\\\/schema.org\",\"@graph\":[{\"@type\":\"Article\",\"@id\":\"https:\\\/\\\/regiaonews.net.br\\\/2022\\\/2021\\\/09\\\/17\\\/policia-civil-prende-suspeitos-de-tentativa-de-homicidio\\\/#article\",\"isPartOf\":{\"@id\":\"https:\\\/\\\/regiaonews.net.br\\\/2022\\\/2021\\\/09\\\/17\\\/policia-civil-prende-suspeitos-de-tentativa-de-homicidio\\\/\"},\"author\":{\"name\":\"Roberto\",\"@id\":\"https:\\\/\\\/regiaonews.net.br\\\/2022\\\/#\\\/schema\\\/person\\\/2d205a608a5aa97ac279d7a5e6d89ad8\"},\"headline\":\"Pol\u00edcia civil prende suspeitos de tentativa de homic\u00eddio\",\"datePublished\":\"2021-09-17T17:47:18+00:00\",\"dateModified\":\"2021-09-17T18:08:40+00:00\",\"mainEntityOfPage\":{\"@id\":\"https:\\\/\\\/regiaonews.net.br\\\/2022\\\/2021\\\/09\\\/17\\\/policia-civil-prende-suspeitos-de-tentativa-de-homicidio\\\/\"},\"wordCount\":333,\"commentCount\":0,\"publisher\":{\"@id\":\"https:\\\/\\\/regiaonews.net.br\\\/2022\\\/#organization\"},\"image\":{\"@id\":\"https:\\\/\\\/regiaonews.net.br\\\/2022\\\/2021\\\/09\\\/17\\\/policia-civil-prende-suspeitos-de-tentativa-de-homicidio\\\/#primaryimage\"},\"thumbnailUrl\":\"https:\\\/\\\/regiaonews.net.br\\\/2022\\\/wp-content\\\/uploads\\\/2018\\\/09\\\/dig-dise.jpg\",\"articleSection\":[\"Barretos\",\"Cidades\",\"Policia\"],\"inLanguage\":\"pt-BR\",\"potentialAction\":[{\"@type\":\"CommentAction\",\"name\":\"Comment\",\"target\":[\"https:\\\/\\\/regiaonews.net.br\\\/2022\\\/2021\\\/09\\\/17\\\/policia-civil-prende-suspeitos-de-tentativa-de-homicidio\\\/#respond\"]}]},{\"@type\":\"WebPage\",\"@id\":\"https:\\\/\\\/regiaonews.net.br\\\/2022\\\/2021\\\/09\\\/17\\\/policia-civil-prende-suspeitos-de-tentativa-de-homicidio\\\/\",\"url\":\"https:\\\/\\\/regiaonews.net.br\\\/2022\\\/2021\\\/09\\\/17\\\/policia-civil-prende-suspeitos-de-tentativa-de-homicidio\\\/\",\"name\":\"Pol\u00edcia civil prende suspeitos de tentativa de homic\u00eddio - Regi\u00e3o News\",\"isPartOf\":{\"@id\":\"https:\\\/\\\/regiaonews.net.br\\\/2022\\\/#website\"},\"primaryImageOfPage\":{\"@id\":\"https:\\\/\\\/regiaonews.net.br\\\/2022\\\/2021\\\/09\\\/17\\\/policia-civil-prende-suspeitos-de-tentativa-de-homicidio\\\/#primaryimage\"},\"image\":{\"@id\":\"https:\\\/\\\/regiaonews.net.br\\\/2022\\\/2021\\\/09\\\/17\\\/policia-civil-prende-suspeitos-de-tentativa-de-homicidio\\\/#primaryimage\"},\"thumbnailUrl\":\"https:\\\/\\\/regiaonews.net.br\\\/2022\\\/wp-content\\\/uploads\\\/2018\\\/09\\\/dig-dise.jpg\",\"datePublished\":\"2021-09-17T17:47:18+00:00\",\"dateModified\":\"2021-09-17T18:08:40+00:00\",\"breadcrumb\":{\"@id\":\"https:\\\/\\\/regiaonews.net.br\\\/2022\\\/2021\\\/09\\\/17\\\/policia-civil-prende-suspeitos-de-tentativa-de-homicidio\\\/#breadcrumb\"},\"inLanguage\":\"pt-BR\",\"potentialAction\":[{\"@type\":\"ReadAction\",\"target\":[\"https:\\\/\\\/regiaonews.net.br\\\/2022\\\/2021\\\/09\\\/17\\\/policia-civil-prende-suspeitos-de-tentativa-de-homicidio\\\/\"]}]},{\"@type\":\"ImageObject\",\"inLanguage\":\"pt-BR\",\"@id\":\"https:\\\/\\\/regiaonews.net.br\\\/2022\\\/2021\\\/09\\\/17\\\/policia-civil-prende-suspeitos-de-tentativa-de-homicidio\\\/#primaryimage\",\"url\":\"https:\\\/\\\/regiaonews.net.br\\\/2022\\\/wp-content\\\/uploads\\\/2018\\\/09\\\/dig-dise.jpg\",\"contentUrl\":\"https:\\\/\\\/regiaonews.net.br\\\/2022\\\/wp-content\\\/uploads\\\/2018\\\/09\\\/dig-dise.jpg\",\"width\":620,\"height\":465},{\"@type\":\"BreadcrumbList\",\"@id\":\"https:\\\/\\\/regiaonews.net.br\\\/2022\\\/2021\\\/09\\\/17\\\/policia-civil-prende-suspeitos-de-tentativa-de-homicidio\\\/#breadcrumb\",\"itemListElement\":[{\"@type\":\"ListItem\",\"position\":1,\"name\":\"In\u00edcio\",\"item\":\"https:\\\/\\\/regiaonews.net.br\\\/2022\\\/\"},{\"@type\":\"ListItem\",\"position\":2,\"name\":\"Pol\u00edcia civil prende suspeitos de tentativa de homic\u00eddio\"}]},{\"@type\":\"WebSite\",\"@id\":\"https:\\\/\\\/regiaonews.net.br\\\/2022\\\/#website\",\"url\":\"https:\\\/\\\/regiaonews.net.br\\\/2022\\\/\",\"name\":\"Regi\u00e3o News\",\"description\":\"Site de Not\u00edcias de Barretos e regi\u00e3o\",\"publisher\":{\"@id\":\"https:\\\/\\\/regiaonews.net.br\\\/2022\\\/#organization\"},\"potentialAction\":[{\"@type\":\"SearchAction\",\"target\":{\"@type\":\"EntryPoint\",\"urlTemplate\":\"https:\\\/\\\/regiaonews.net.br\\\/2022\\\/?s={search_term_string}\"},\"query-input\":{\"@type\":\"PropertyValueSpecification\",\"valueRequired\":true,\"valueName\":\"search_term_string\"}}],\"inLanguage\":\"pt-BR\"},{\"@type\":\"Organization\",\"@id\":\"https:\\\/\\\/regiaonews.net.br\\\/2022\\\/#organization\",\"name\":\"Regi\u00e3o News\",\"url\":\"https:\\\/\\\/regiaonews.net.br\\\/2022\\\/\",\"logo\":{\"@type\":\"ImageObject\",\"inLanguage\":\"pt-BR\",\"@id\":\"https:\\\/\\\/regiaonews.net.br\\\/2022\\\/#\\\/schema\\\/logo\\\/image\\\/\",\"url\":\"https:\\\/\\\/regiaonews.net.br\\\/2022\\\/wp-content\\\/uploads\\\/2026\\\/03\\\/regiao-13-anos-scaled.jpg\",\"contentUrl\":\"https:\\\/\\\/regiaonews.net.br\\\/2022\\\/wp-content\\\/uploads\\\/2026\\\/03\\\/regiao-13-anos-scaled.jpg\",\"width\":2560,\"height\":635,\"caption\":\"Regi\u00e3o News\"},\"image\":{\"@id\":\"https:\\\/\\\/regiaonews.net.br\\\/2022\\\/#\\\/schema\\\/logo\\\/image\\\/\"}},{\"@type\":\"Person\",\"@id\":\"https:\\\/\\\/regiaonews.net.br\\\/2022\\\/#\\\/schema\\\/person\\\/2d205a608a5aa97ac279d7a5e6d89ad8\",\"name\":\"Roberto\",\"image\":{\"@type\":\"ImageObject\",\"inLanguage\":\"pt-BR\",\"@id\":\"https:\\\/\\\/secure.gravatar.com\\\/avatar\\\/42749d8b712ff9d59ca93dc150494e5b55a44134482993f5baeb97e61b7ecc89?s=96&d=mm&r=g\",\"url\":\"https:\\\/\\\/secure.gravatar.com\\\/avatar\\\/42749d8b712ff9d59ca93dc150494e5b55a44134482993f5baeb97e61b7ecc89?s=96&d=mm&r=g\",\"contentUrl\":\"https:\\\/\\\/secure.gravatar.com\\\/avatar\\\/42749d8b712ff9d59ca93dc150494e5b55a44134482993f5baeb97e61b7ecc89?s=96&d=mm&r=g\",\"caption\":\"Roberto\"},\"url\":\"https:\\\/\\\/regiaonews.net.br\\\/2022\\\/author\\\/roberto\\\/\"}]}<\/script>\n<!-- \/ Yoast SEO plugin. -->","yoast_head_json":{"title":"Pol\u00edcia civil prende suspeitos de tentativa de homic\u00eddio - Regi\u00e3o News","robots":{"index":"index","follow":"follow","max-snippet":"max-snippet:-1","max-image-preview":"max-image-preview:large","max-video-preview":"max-video-preview:-1"},"canonical":"https:\/\/regiaonews.net.br\/2022\/2021\/09\/17\/policia-civil-prende-suspeitos-de-tentativa-de-homicidio\/","og_locale":"pt_BR","og_type":"article","og_title":"Pol\u00edcia civil prende suspeitos de tentativa de homic\u00eddio - Regi\u00e3o News","og_description":"Policiais Civis da DIG\/DISE de Barretos, com apoio de policiais","og_url":"https:\/\/regiaonews.net.br\/2022\/2021\/09\/17\/policia-civil-prende-suspeitos-de-tentativa-de-homicidio\/","og_site_name":"Regi\u00e3o News","article_published_time":"2021-09-17T17:47:18+00:00","article_modified_time":"2021-09-17T18:08:40+00:00","og_image":[{"width":620,"height":465,"url":"https:\/\/regiaonews.net.br\/2022\/wp-content\/uploads\/2018\/09\/dig-dise.jpg","type":"image\/jpeg"}],"author":"Roberto","twitter_card":"summary_large_image","twitter_misc":{"Escrito por":"Roberto","Est. tempo de leitura":"2 minutos"},"schema":{"@context":"https:\/\/schema.org","@graph":[{"@type":"Article","@id":"https:\/\/regiaonews.net.br\/2022\/2021\/09\/17\/policia-civil-prende-suspeitos-de-tentativa-de-homicidio\/#article","isPartOf":{"@id":"https:\/\/regiaonews.net.br\/2022\/2021\/09\/17\/policia-civil-prende-suspeitos-de-tentativa-de-homicidio\/"},"author":{"name":"Roberto","@id":"https:\/\/regiaonews.net.br\/2022\/#\/schema\/person\/2d205a608a5aa97ac279d7a5e6d89ad8"},"headline":"Pol\u00edcia civil prende suspeitos de tentativa de homic\u00eddio","datePublished":"2021-09-17T17:47:18+00:00","dateModified":"2021-09-17T18:08:40+00:00","mainEntityOfPage":{"@id":"https:\/\/regiaonews.net.br\/2022\/2021\/09\/17\/policia-civil-prende-suspeitos-de-tentativa-de-homicidio\/"},"wordCount":333,"commentCount":0,"publisher":{"@id":"https:\/\/regiaonews.net.br\/2022\/#organization"},"image":{"@id":"https:\/\/regiaonews.net.br\/2022\/2021\/09\/17\/policia-civil-prende-suspeitos-de-tentativa-de-homicidio\/#primaryimage"},"thumbnailUrl":"https:\/\/regiaonews.net.br\/2022\/wp-content\/uploads\/2018\/09\/dig-dise.jpg","articleSection":["Barretos","Cidades","Policia"],"inLanguage":"pt-BR","potentialAction":[{"@type":"CommentAction","name":"Comment","target":["https:\/\/regiaonews.net.br\/2022\/2021\/09\/17\/policia-civil-prende-suspeitos-de-tentativa-de-homicidio\/#respond"]}]},{"@type":"WebPage","@id":"https:\/\/regiaonews.net.br\/2022\/2021\/09\/17\/policia-civil-prende-suspeitos-de-tentativa-de-homicidio\/","url":"https:\/\/regiaonews.net.br\/2022\/2021\/09\/17\/policia-civil-prende-suspeitos-de-tentativa-de-homicidio\/","name":"Pol\u00edcia civil prende suspeitos de tentativa de homic\u00eddio - Regi\u00e3o News","isPartOf":{"@id":"https:\/\/regiaonews.net.br\/2022\/#website"},"primaryImageOfPage":{"@id":"https:\/\/regiaonews.net.br\/2022\/2021\/09\/17\/policia-civil-prende-suspeitos-de-tentativa-de-homicidio\/#primaryimage"},"image":{"@id":"https:\/\/regiaonews.net.br\/2022\/2021\/09\/17\/policia-civil-prende-suspeitos-de-tentativa-de-homicidio\/#primaryimage"},"thumbnailUrl":"https:\/\/regiaonews.net.br\/2022\/wp-content\/uploads\/2018\/09\/dig-dise.jpg","datePublished":"2021-09-17T17:47:18+00:00","dateModified":"2021-09-17T18:08:40+00:00","breadcrumb":{"@id":"https:\/\/regiaonews.net.br\/2022\/2021\/09\/17\/policia-civil-prende-suspeitos-de-tentativa-de-homicidio\/#breadcrumb"},"inLanguage":"pt-BR","potentialAction":[{"@type":"ReadAction","target":["https:\/\/regiaonews.net.br\/2022\/2021\/09\/17\/policia-civil-prende-suspeitos-de-tentativa-de-homicidio\/"]}]},{"@type":"ImageObject","inLanguage":"pt-BR","@id":"https:\/\/regiaonews.net.br\/2022\/2021\/09\/17\/policia-civil-prende-suspeitos-de-tentativa-de-homicidio\/#primaryimage","url":"https:\/\/regiaonews.net.br\/2022\/wp-content\/uploads\/2018\/09\/dig-dise.jpg","contentUrl":"https:\/\/regiaonews.net.br\/2022\/wp-content\/uploads\/2018\/09\/dig-dise.jpg","width":620,"height":465},{"@type":"BreadcrumbList","@id":"https:\/\/regiaonews.net.br\/2022\/2021\/09\/17\/policia-civil-prende-suspeitos-de-tentativa-de-homicidio\/#breadcrumb","itemListElement":[{"@type":"ListItem","position":1,"name":"In\u00edcio","item":"https:\/\/regiaonews.net.br\/2022\/"},{"@type":"ListItem","position":2,"name":"Pol\u00edcia civil prende suspeitos de tentativa de homic\u00eddio"}]},{"@type":"WebSite","@id":"https:\/\/regiaonews.net.br\/2022\/#website","url":"https:\/\/regiaonews.net.br\/2022\/","name":"Regi\u00e3o News","description":"Site de Not\u00edcias de Barretos e regi\u00e3o","publisher":{"@id":"https:\/\/regiaonews.net.br\/2022\/#organization"},"potentialAction":[{"@type":"SearchAction","target":{"@type":"EntryPoint","urlTemplate":"https:\/\/regiaonews.net.br\/2022\/?s={search_term_string}"},"query-input":{"@type":"PropertyValueSpecification","valueRequired":true,"valueName":"search_term_string"}}],"inLanguage":"pt-BR"},{"@type":"Organization","@id":"https:\/\/regiaonews.net.br\/2022\/#organization","name":"Regi\u00e3o News","url":"https:\/\/regiaonews.net.br\/2022\/","logo":{"@type":"ImageObject","inLanguage":"pt-BR","@id":"https:\/\/regiaonews.net.br\/2022\/#\/schema\/logo\/image\/","url":"https:\/\/regiaonews.net.br\/2022\/wp-content\/uploads\/2026\/03\/regiao-13-anos-scaled.jpg","contentUrl":"https:\/\/regiaonews.net.br\/2022\/wp-content\/uploads\/2026\/03\/regiao-13-anos-scaled.jpg","width":2560,"height":635,"caption":"Regi\u00e3o News"},"image":{"@id":"https:\/\/regiaonews.net.br\/2022\/#\/schema\/logo\/image\/"}},{"@type":"Person","@id":"https:\/\/regiaonews.net.br\/2022\/#\/schema\/person\/2d205a608a5aa97ac279d7a5e6d89ad8","name":"Roberto","image":{"@type":"ImageObject","inLanguage":"pt-BR","@id":"https:\/\/secure.gravatar.com\/avatar\/42749d8b712ff9d59ca93dc150494e5b55a44134482993f5baeb97e61b7ecc89?s=96&d=mm&r=g","url":"https:\/\/secure.gravatar.com\/avatar\/42749d8b712ff9d59ca93dc150494e5b55a44134482993f5baeb97e61b7ecc89?s=96&d=mm&r=g","contentUrl":"https:\/\/secure.gravatar.com\/avatar\/42749d8b712ff9d59ca93dc150494e5b55a44134482993f5baeb97e61b7ecc89?s=96&d=mm&r=g","caption":"Roberto"},"url":"https:\/\/regiaonews.net.br\/2022\/author\/roberto\/"}]}},"publishpress_future_action":{"enabled":false,"date":"2026-05-03 08:14:14","action":"change-status","newStatus":"draft","terms":[],"taxonomy":"category","extraData":[]},"publishpress_future_workflow_manual_trigger":{"enabledWorkflows":[]},"_links":{"self":[{"href":"https:\/\/regiaonews.net.br\/2022\/wp-json\/wp\/v2\/posts\/53443","targetHints":{"allow":["GET"]}}],"collection":[{"href":"https:\/\/regiaonews.net.br\/2022\/wp-json\/wp\/v2\/posts"}],"about":[{"href":"https:\/\/regiaonews.net.br\/2022\/wp-json\/wp\/v2\/types\/post"}],"author":[{"embeddable":true,"href":"https:\/\/regiaonews.net.br\/2022\/wp-json\/wp\/v2\/users\/2"}],"replies":[{"embeddable":true,"href":"https:\/\/regiaonews.net.br\/2022\/wp-json\/wp\/v2\/comments?post=53443"}],"version-history":[{"count":0,"href":"https:\/\/regiaonews.net.br\/2022\/wp-json\/wp\/v2\/posts\/53443\/revisions"}],"wp:featuredmedia":[{"embeddable":true,"href":"https:\/\/regiaonews.net.br\/2022\/wp-json\/wp\/v2\/media\/15076"}],"wp:attachment":[{"href":"https:\/\/regiaonews.net.br\/2022\/wp-json\/wp\/v2\/media?parent=53443"}],"wp:term":[{"taxonomy":"category","embeddable":true,"href":"https:\/\/regiaonews.net.br\/2022\/wp-json\/wp\/v2\/categories?post=53443"},{"taxonomy":"post_tag","embeddable":true,"href":"https:\/\/regiaonews.net.br\/2022\/wp-json\/wp\/v2\/tags?post=53443"}],"curies":[{"name":"wp","href":"https:\/\/api.w.org\/{rel}","templated":true}]}}