{"id":53440,"date":"2021-09-17T08:37:43","date_gmt":"2021-09-17T11:37:43","guid":{"rendered":"https:\/\/regiaonews.net.br\/2022\/?p=53440"},"modified":"2021-09-17T08:37:43","modified_gmt":"2021-09-17T11:37:43","slug":"roteiro-turistico-do-peao-de-boiadeiro-e-sancionado-pelo-governo-estadual","status":"publish","type":"post","link":"https:\/\/regiaonews.net.br\/2022\/2021\/09\/17\/roteiro-turistico-do-peao-de-boiadeiro-e-sancionado-pelo-governo-estadual\/","title":{"rendered":"Roteiro Tur\u00edstico do Pe\u00e3o de Boiadeiro \u00e9 sancionado pelo Governo Estadual"},"content":{"rendered":"<p><a href=\"https:\/\/regiaonews.net.br\/2022\/wp-content\/uploads\/2021\/09\/IMG-20210917-WA0116.jpg\"><img loading=\"lazy\" decoding=\"async\" class=\"alignnone size-medium wp-image-53441\" src=\"https:\/\/regiaonews.net.br\/2022\/wp-content\/uploads\/2021\/09\/IMG-20210917-WA0116-300x200.jpg\" alt=\"\" width=\"300\" height=\"200\" \/><\/a><\/p>\n<p>&nbsp;<\/p>\n<p>De autoria do deputado Sebasti\u00e3o Santos a lei inclui as cidades de Barretos, Bebedouro, Colina, Monte Azul Paulista e Viradouro<\/p>\n<p>Ap\u00f3s ser aprovado pela Assembleia Legislativa no m\u00eas de agosto, o Governo Estadual sancionou na data do dia 15 de setembro de 2021 a Lei n\u00ba 17.395, de autoria do deputado estadual Sebasti\u00e3o Santos (Republicanos), que cria o roteiro tur\u00edstico do Pe\u00e3o de Boiadeiro integrando os munic\u00edpios de Barretos, Bebedouro, Colina, Monte Azul Paulista e Viradouro.<\/p>\n<p>Sebasti\u00e3o destacou sobre a luta da PL protocolada em 2015, aonde vinha buscando sua aprova\u00e7\u00e3o com \u00eaxito. \u201cA rota boiadeira agora ganha musculatura e um caminho fixo na cultura regional, pois a participa\u00e7\u00e3o das cidades de Barretos, Bebedouro, Colina, Monte Azul Paulista e Viradouro envolver\u00e1 grandes atrativos tur\u00edsticos na nossa regi\u00e3o\u201d, comentou Santos, ap\u00f3s saber da san\u00e7\u00e3o.<\/p>\n<p>O parlamentar tamb\u00e9m ressaltou a import\u00e2ncia da rota boiadeira com a rec\u00e9m-inclus\u00e3o de Barretos no ranqueamento de est\u00e2ncias tur\u00edsticas. \u201cBarretos \u00e9 hoje um marco regional com o turismo rural, festa do pe\u00e3o, al\u00e9m do turismo de sa\u00fade. O projeto viabilizar\u00e1 novas formas na gera\u00e7\u00e3o de emprego e renda, e mobilidade urbana, transformando os principais pontos tur\u00edsticos em a\u00e7\u00f5es em prol da popula\u00e7\u00e3o das cidades envolvidas\u201d, disse Sebasti\u00e3o.<\/p>\n<p>No projeto sancionado pelo Governo Estadual traz a promo\u00e7\u00e3o de desenvolver a cultura caipira, proporcionando aos turistas uma rota hist\u00f3rica, cheia de tradi\u00e7\u00f5es com comidas t\u00edpicas, dan\u00e7as, m\u00fasicas sertanejas, festividades, cavalgadas e apetrechos do interior caipira.<\/p>\n<p>Os munic\u00edpios inclu\u00eddos na lei poder\u00e3o explorar o tur\u00edstico local com parceria da cidade de Barretos &#8211; conhecido pela famosa festa do pe\u00e3o. \u201cN\u00f3s n\u00e3o podemos perder um produto que \u00e9 comercializado em muitos pa\u00edses e que n\u00f3s temos aqui e n\u00e3o \u00e9 divulgado&#8221;, disse Santos.<\/p>\n<p>A cria\u00e7\u00e3o do Roteiro Tur\u00edstico do Pe\u00e3o de Boiadeiro fomentar\u00e1 o desenvolvimento tur\u00edstico regional, atrav\u00e9s da coopera\u00e7\u00e3o entre os munic\u00edpios que o comp\u00f5e, incentivando assim, os pequenos, m\u00e9dios e grandes empres\u00e1rios, bem como a participa\u00e7\u00e3o de associa\u00e7\u00f5es e dos cidad\u00e3os na promo\u00e7\u00e3o do turismo que gerar\u00e1 renda e inclus\u00e3o social.<\/p>\n<p>Principais setores econ\u00f4micos que ganhar\u00e1 visibilidade e movimenta\u00e7\u00e3o de trabalho est\u00e3o inclusas \u00e0s \u00e1reas de hotelaria, docerias, restaurantes, selarias, lojas de souvenirs, artesanatos, entidades e associa\u00e7\u00f5es, que, de acordo com o deputado Sebasti\u00e3o, far\u00e3o com que \u201ctoda a popula\u00e7\u00e3o se envolva e haja uma cria\u00e7\u00e3o de renda e emprego pra essas pessoas\u201d, ressaltou o deputado.<\/p>\n<p>Texto: Abrah\u00e3o Hackme \/ Assessor de Imprensa \u2013 Deputado Estadual Sebasti\u00e3o Santos (Republicanos)<\/p>\n","protected":false},"excerpt":{"rendered":"<p>&nbsp; De autoria do deputado Sebasti\u00e3o Santos a lei inclui<\/p>\n","protected":false},"author":2,"featured_media":53441,"comment_status":"open","ping_status":"open","sticky":false,"template":"","format":"standard","meta":{"footnotes":""},"categories":[25,22,30],"tags":[],"class_list":["post-53440","post","type-post","status-publish","format-standard","has-post-thumbnail","hentry","category-cidades","category-politica","category-regiao"],"yoast_head":"<!-- This site is optimized with the Yoast SEO plugin v27.4 - https:\/\/yoast.com\/product\/yoast-seo-wordpress\/ -->\n<title>Roteiro Tur\u00edstico do Pe\u00e3o de Boiadeiro \u00e9 sancionado pelo Governo Estadual - Regi\u00e3o News<\/title>\n<meta name=\"robots\" content=\"index, follow, max-snippet:-1, max-image-preview:large, max-video-preview:-1\" \/>\n<link rel=\"canonical\" href=\"https:\/\/regiaonews.net.br\/2022\/2021\/09\/17\/roteiro-turistico-do-peao-de-boiadeiro-e-sancionado-pelo-governo-estadual\/\" \/>\n<meta property=\"og:locale\" content=\"pt_BR\" \/>\n<meta property=\"og:type\" content=\"article\" \/>\n<meta property=\"og:title\" content=\"Roteiro Tur\u00edstico do Pe\u00e3o de Boiadeiro \u00e9 sancionado pelo Governo Estadual - Regi\u00e3o News\" \/>\n<meta property=\"og:description\" content=\"&nbsp; De autoria do deputado Sebasti\u00e3o Santos a lei inclui\" \/>\n<meta property=\"og:url\" content=\"https:\/\/regiaonews.net.br\/2022\/2021\/09\/17\/roteiro-turistico-do-peao-de-boiadeiro-e-sancionado-pelo-governo-estadual\/\" \/>\n<meta property=\"og:site_name\" content=\"Regi\u00e3o News\" \/>\n<meta property=\"article:published_time\" content=\"2021-09-17T11:37:43+00:00\" \/>\n<meta property=\"og:image\" content=\"https:\/\/regiaonews.net.br\/2022\/wp-content\/uploads\/2021\/09\/IMG-20210917-WA0116.jpg\" \/>\n\t<meta property=\"og:image:width\" content=\"1280\" \/>\n\t<meta property=\"og:image:height\" content=\"853\" \/>\n\t<meta property=\"og:image:type\" content=\"image\/jpeg\" \/>\n<meta name=\"author\" content=\"Roberto\" \/>\n<meta name=\"twitter:card\" content=\"summary_large_image\" \/>\n<meta name=\"twitter:label1\" content=\"Escrito por\" \/>\n\t<meta name=\"twitter:data1\" content=\"Roberto\" \/>\n\t<meta name=\"twitter:label2\" content=\"Est. tempo de leitura\" \/>\n\t<meta name=\"twitter:data2\" content=\"2 minutos\" \/>\n<script type=\"application\/ld+json\" class=\"yoast-schema-graph\">{\"@context\":\"https:\\\/\\\/schema.org\",\"@graph\":[{\"@type\":\"Article\",\"@id\":\"https:\\\/\\\/regiaonews.net.br\\\/2022\\\/2021\\\/09\\\/17\\\/roteiro-turistico-do-peao-de-boiadeiro-e-sancionado-pelo-governo-estadual\\\/#article\",\"isPartOf\":{\"@id\":\"https:\\\/\\\/regiaonews.net.br\\\/2022\\\/2021\\\/09\\\/17\\\/roteiro-turistico-do-peao-de-boiadeiro-e-sancionado-pelo-governo-estadual\\\/\"},\"author\":{\"name\":\"Roberto\",\"@id\":\"https:\\\/\\\/regiaonews.net.br\\\/2022\\\/#\\\/schema\\\/person\\\/2d205a608a5aa97ac279d7a5e6d89ad8\"},\"headline\":\"Roteiro Tur\u00edstico do Pe\u00e3o de Boiadeiro \u00e9 sancionado pelo Governo Estadual\",\"datePublished\":\"2021-09-17T11:37:43+00:00\",\"mainEntityOfPage\":{\"@id\":\"https:\\\/\\\/regiaonews.net.br\\\/2022\\\/2021\\\/09\\\/17\\\/roteiro-turistico-do-peao-de-boiadeiro-e-sancionado-pelo-governo-estadual\\\/\"},\"wordCount\":473,\"commentCount\":0,\"publisher\":{\"@id\":\"https:\\\/\\\/regiaonews.net.br\\\/2022\\\/#organization\"},\"image\":{\"@id\":\"https:\\\/\\\/regiaonews.net.br\\\/2022\\\/2021\\\/09\\\/17\\\/roteiro-turistico-do-peao-de-boiadeiro-e-sancionado-pelo-governo-estadual\\\/#primaryimage\"},\"thumbnailUrl\":\"https:\\\/\\\/regiaonews.net.br\\\/2022\\\/wp-content\\\/uploads\\\/2021\\\/09\\\/IMG-20210917-WA0116.jpg\",\"articleSection\":[\"Cidades\",\"Pol\u00edtica\",\"Regi\u00e3o\"],\"inLanguage\":\"pt-BR\",\"potentialAction\":[{\"@type\":\"CommentAction\",\"name\":\"Comment\",\"target\":[\"https:\\\/\\\/regiaonews.net.br\\\/2022\\\/2021\\\/09\\\/17\\\/roteiro-turistico-do-peao-de-boiadeiro-e-sancionado-pelo-governo-estadual\\\/#respond\"]}]},{\"@type\":\"WebPage\",\"@id\":\"https:\\\/\\\/regiaonews.net.br\\\/2022\\\/2021\\\/09\\\/17\\\/roteiro-turistico-do-peao-de-boiadeiro-e-sancionado-pelo-governo-estadual\\\/\",\"url\":\"https:\\\/\\\/regiaonews.net.br\\\/2022\\\/2021\\\/09\\\/17\\\/roteiro-turistico-do-peao-de-boiadeiro-e-sancionado-pelo-governo-estadual\\\/\",\"name\":\"Roteiro Tur\u00edstico do Pe\u00e3o de Boiadeiro \u00e9 sancionado pelo Governo Estadual - Regi\u00e3o News\",\"isPartOf\":{\"@id\":\"https:\\\/\\\/regiaonews.net.br\\\/2022\\\/#website\"},\"primaryImageOfPage\":{\"@id\":\"https:\\\/\\\/regiaonews.net.br\\\/2022\\\/2021\\\/09\\\/17\\\/roteiro-turistico-do-peao-de-boiadeiro-e-sancionado-pelo-governo-estadual\\\/#primaryimage\"},\"image\":{\"@id\":\"https:\\\/\\\/regiaonews.net.br\\\/2022\\\/2021\\\/09\\\/17\\\/roteiro-turistico-do-peao-de-boiadeiro-e-sancionado-pelo-governo-estadual\\\/#primaryimage\"},\"thumbnailUrl\":\"https:\\\/\\\/regiaonews.net.br\\\/2022\\\/wp-content\\\/uploads\\\/2021\\\/09\\\/IMG-20210917-WA0116.jpg\",\"datePublished\":\"2021-09-17T11:37:43+00:00\",\"breadcrumb\":{\"@id\":\"https:\\\/\\\/regiaonews.net.br\\\/2022\\\/2021\\\/09\\\/17\\\/roteiro-turistico-do-peao-de-boiadeiro-e-sancionado-pelo-governo-estadual\\\/#breadcrumb\"},\"inLanguage\":\"pt-BR\",\"potentialAction\":[{\"@type\":\"ReadAction\",\"target\":[\"https:\\\/\\\/regiaonews.net.br\\\/2022\\\/2021\\\/09\\\/17\\\/roteiro-turistico-do-peao-de-boiadeiro-e-sancionado-pelo-governo-estadual\\\/\"]}]},{\"@type\":\"ImageObject\",\"inLanguage\":\"pt-BR\",\"@id\":\"https:\\\/\\\/regiaonews.net.br\\\/2022\\\/2021\\\/09\\\/17\\\/roteiro-turistico-do-peao-de-boiadeiro-e-sancionado-pelo-governo-estadual\\\/#primaryimage\",\"url\":\"https:\\\/\\\/regiaonews.net.br\\\/2022\\\/wp-content\\\/uploads\\\/2021\\\/09\\\/IMG-20210917-WA0116.jpg\",\"contentUrl\":\"https:\\\/\\\/regiaonews.net.br\\\/2022\\\/wp-content\\\/uploads\\\/2021\\\/09\\\/IMG-20210917-WA0116.jpg\",\"width\":1280,\"height\":853},{\"@type\":\"BreadcrumbList\",\"@id\":\"https:\\\/\\\/regiaonews.net.br\\\/2022\\\/2021\\\/09\\\/17\\\/roteiro-turistico-do-peao-de-boiadeiro-e-sancionado-pelo-governo-estadual\\\/#breadcrumb\",\"itemListElement\":[{\"@type\":\"ListItem\",\"position\":1,\"name\":\"In\u00edcio\",\"item\":\"https:\\\/\\\/regiaonews.net.br\\\/2022\\\/\"},{\"@type\":\"ListItem\",\"position\":2,\"name\":\"Roteiro Tur\u00edstico do Pe\u00e3o de Boiadeiro \u00e9 sancionado pelo Governo Estadual\"}]},{\"@type\":\"WebSite\",\"@id\":\"https:\\\/\\\/regiaonews.net.br\\\/2022\\\/#website\",\"url\":\"https:\\\/\\\/regiaonews.net.br\\\/2022\\\/\",\"name\":\"Regi\u00e3o News\",\"description\":\"Site de Not\u00edcias de Barretos e regi\u00e3o\",\"publisher\":{\"@id\":\"https:\\\/\\\/regiaonews.net.br\\\/2022\\\/#organization\"},\"potentialAction\":[{\"@type\":\"SearchAction\",\"target\":{\"@type\":\"EntryPoint\",\"urlTemplate\":\"https:\\\/\\\/regiaonews.net.br\\\/2022\\\/?s={search_term_string}\"},\"query-input\":{\"@type\":\"PropertyValueSpecification\",\"valueRequired\":true,\"valueName\":\"search_term_string\"}}],\"inLanguage\":\"pt-BR\"},{\"@type\":\"Organization\",\"@id\":\"https:\\\/\\\/regiaonews.net.br\\\/2022\\\/#organization\",\"name\":\"Regi\u00e3o News\",\"url\":\"https:\\\/\\\/regiaonews.net.br\\\/2022\\\/\",\"logo\":{\"@type\":\"ImageObject\",\"inLanguage\":\"pt-BR\",\"@id\":\"https:\\\/\\\/regiaonews.net.br\\\/2022\\\/#\\\/schema\\\/logo\\\/image\\\/\",\"url\":\"https:\\\/\\\/regiaonews.net.br\\\/2022\\\/wp-content\\\/uploads\\\/2026\\\/03\\\/regiao-13-anos-scaled.jpg\",\"contentUrl\":\"https:\\\/\\\/regiaonews.net.br\\\/2022\\\/wp-content\\\/uploads\\\/2026\\\/03\\\/regiao-13-anos-scaled.jpg\",\"width\":2560,\"height\":635,\"caption\":\"Regi\u00e3o News\"},\"image\":{\"@id\":\"https:\\\/\\\/regiaonews.net.br\\\/2022\\\/#\\\/schema\\\/logo\\\/image\\\/\"}},{\"@type\":\"Person\",\"@id\":\"https:\\\/\\\/regiaonews.net.br\\\/2022\\\/#\\\/schema\\\/person\\\/2d205a608a5aa97ac279d7a5e6d89ad8\",\"name\":\"Roberto\",\"image\":{\"@type\":\"ImageObject\",\"inLanguage\":\"pt-BR\",\"@id\":\"https:\\\/\\\/secure.gravatar.com\\\/avatar\\\/42749d8b712ff9d59ca93dc150494e5b55a44134482993f5baeb97e61b7ecc89?s=96&d=mm&r=g\",\"url\":\"https:\\\/\\\/secure.gravatar.com\\\/avatar\\\/42749d8b712ff9d59ca93dc150494e5b55a44134482993f5baeb97e61b7ecc89?s=96&d=mm&r=g\",\"contentUrl\":\"https:\\\/\\\/secure.gravatar.com\\\/avatar\\\/42749d8b712ff9d59ca93dc150494e5b55a44134482993f5baeb97e61b7ecc89?s=96&d=mm&r=g\",\"caption\":\"Roberto\"},\"url\":\"https:\\\/\\\/regiaonews.net.br\\\/2022\\\/author\\\/roberto\\\/\"}]}<\/script>\n<!-- \/ Yoast SEO plugin. -->","yoast_head_json":{"title":"Roteiro Tur\u00edstico do Pe\u00e3o de Boiadeiro \u00e9 sancionado pelo Governo Estadual - Regi\u00e3o News","robots":{"index":"index","follow":"follow","max-snippet":"max-snippet:-1","max-image-preview":"max-image-preview:large","max-video-preview":"max-video-preview:-1"},"canonical":"https:\/\/regiaonews.net.br\/2022\/2021\/09\/17\/roteiro-turistico-do-peao-de-boiadeiro-e-sancionado-pelo-governo-estadual\/","og_locale":"pt_BR","og_type":"article","og_title":"Roteiro Tur\u00edstico do Pe\u00e3o de Boiadeiro \u00e9 sancionado pelo Governo Estadual - Regi\u00e3o News","og_description":"&nbsp; De autoria do deputado Sebasti\u00e3o Santos a lei inclui","og_url":"https:\/\/regiaonews.net.br\/2022\/2021\/09\/17\/roteiro-turistico-do-peao-de-boiadeiro-e-sancionado-pelo-governo-estadual\/","og_site_name":"Regi\u00e3o News","article_published_time":"2021-09-17T11:37:43+00:00","og_image":[{"width":1280,"height":853,"url":"https:\/\/regiaonews.net.br\/2022\/wp-content\/uploads\/2021\/09\/IMG-20210917-WA0116.jpg","type":"image\/jpeg"}],"author":"Roberto","twitter_card":"summary_large_image","twitter_misc":{"Escrito por":"Roberto","Est. tempo de leitura":"2 minutos"},"schema":{"@context":"https:\/\/schema.org","@graph":[{"@type":"Article","@id":"https:\/\/regiaonews.net.br\/2022\/2021\/09\/17\/roteiro-turistico-do-peao-de-boiadeiro-e-sancionado-pelo-governo-estadual\/#article","isPartOf":{"@id":"https:\/\/regiaonews.net.br\/2022\/2021\/09\/17\/roteiro-turistico-do-peao-de-boiadeiro-e-sancionado-pelo-governo-estadual\/"},"author":{"name":"Roberto","@id":"https:\/\/regiaonews.net.br\/2022\/#\/schema\/person\/2d205a608a5aa97ac279d7a5e6d89ad8"},"headline":"Roteiro Tur\u00edstico do Pe\u00e3o de Boiadeiro \u00e9 sancionado pelo Governo Estadual","datePublished":"2021-09-17T11:37:43+00:00","mainEntityOfPage":{"@id":"https:\/\/regiaonews.net.br\/2022\/2021\/09\/17\/roteiro-turistico-do-peao-de-boiadeiro-e-sancionado-pelo-governo-estadual\/"},"wordCount":473,"commentCount":0,"publisher":{"@id":"https:\/\/regiaonews.net.br\/2022\/#organization"},"image":{"@id":"https:\/\/regiaonews.net.br\/2022\/2021\/09\/17\/roteiro-turistico-do-peao-de-boiadeiro-e-sancionado-pelo-governo-estadual\/#primaryimage"},"thumbnailUrl":"https:\/\/regiaonews.net.br\/2022\/wp-content\/uploads\/2021\/09\/IMG-20210917-WA0116.jpg","articleSection":["Cidades","Pol\u00edtica","Regi\u00e3o"],"inLanguage":"pt-BR","potentialAction":[{"@type":"CommentAction","name":"Comment","target":["https:\/\/regiaonews.net.br\/2022\/2021\/09\/17\/roteiro-turistico-do-peao-de-boiadeiro-e-sancionado-pelo-governo-estadual\/#respond"]}]},{"@type":"WebPage","@id":"https:\/\/regiaonews.net.br\/2022\/2021\/09\/17\/roteiro-turistico-do-peao-de-boiadeiro-e-sancionado-pelo-governo-estadual\/","url":"https:\/\/regiaonews.net.br\/2022\/2021\/09\/17\/roteiro-turistico-do-peao-de-boiadeiro-e-sancionado-pelo-governo-estadual\/","name":"Roteiro Tur\u00edstico do Pe\u00e3o de Boiadeiro \u00e9 sancionado pelo Governo Estadual - Regi\u00e3o News","isPartOf":{"@id":"https:\/\/regiaonews.net.br\/2022\/#website"},"primaryImageOfPage":{"@id":"https:\/\/regiaonews.net.br\/2022\/2021\/09\/17\/roteiro-turistico-do-peao-de-boiadeiro-e-sancionado-pelo-governo-estadual\/#primaryimage"},"image":{"@id":"https:\/\/regiaonews.net.br\/2022\/2021\/09\/17\/roteiro-turistico-do-peao-de-boiadeiro-e-sancionado-pelo-governo-estadual\/#primaryimage"},"thumbnailUrl":"https:\/\/regiaonews.net.br\/2022\/wp-content\/uploads\/2021\/09\/IMG-20210917-WA0116.jpg","datePublished":"2021-09-17T11:37:43+00:00","breadcrumb":{"@id":"https:\/\/regiaonews.net.br\/2022\/2021\/09\/17\/roteiro-turistico-do-peao-de-boiadeiro-e-sancionado-pelo-governo-estadual\/#breadcrumb"},"inLanguage":"pt-BR","potentialAction":[{"@type":"ReadAction","target":["https:\/\/regiaonews.net.br\/2022\/2021\/09\/17\/roteiro-turistico-do-peao-de-boiadeiro-e-sancionado-pelo-governo-estadual\/"]}]},{"@type":"ImageObject","inLanguage":"pt-BR","@id":"https:\/\/regiaonews.net.br\/2022\/2021\/09\/17\/roteiro-turistico-do-peao-de-boiadeiro-e-sancionado-pelo-governo-estadual\/#primaryimage","url":"https:\/\/regiaonews.net.br\/2022\/wp-content\/uploads\/2021\/09\/IMG-20210917-WA0116.jpg","contentUrl":"https:\/\/regiaonews.net.br\/2022\/wp-content\/uploads\/2021\/09\/IMG-20210917-WA0116.jpg","width":1280,"height":853},{"@type":"BreadcrumbList","@id":"https:\/\/regiaonews.net.br\/2022\/2021\/09\/17\/roteiro-turistico-do-peao-de-boiadeiro-e-sancionado-pelo-governo-estadual\/#breadcrumb","itemListElement":[{"@type":"ListItem","position":1,"name":"In\u00edcio","item":"https:\/\/regiaonews.net.br\/2022\/"},{"@type":"ListItem","position":2,"name":"Roteiro Tur\u00edstico do Pe\u00e3o de Boiadeiro \u00e9 sancionado pelo Governo Estadual"}]},{"@type":"WebSite","@id":"https:\/\/regiaonews.net.br\/2022\/#website","url":"https:\/\/regiaonews.net.br\/2022\/","name":"Regi\u00e3o News","description":"Site de Not\u00edcias de Barretos e regi\u00e3o","publisher":{"@id":"https:\/\/regiaonews.net.br\/2022\/#organization"},"potentialAction":[{"@type":"SearchAction","target":{"@type":"EntryPoint","urlTemplate":"https:\/\/regiaonews.net.br\/2022\/?s={search_term_string}"},"query-input":{"@type":"PropertyValueSpecification","valueRequired":true,"valueName":"search_term_string"}}],"inLanguage":"pt-BR"},{"@type":"Organization","@id":"https:\/\/regiaonews.net.br\/2022\/#organization","name":"Regi\u00e3o News","url":"https:\/\/regiaonews.net.br\/2022\/","logo":{"@type":"ImageObject","inLanguage":"pt-BR","@id":"https:\/\/regiaonews.net.br\/2022\/#\/schema\/logo\/image\/","url":"https:\/\/regiaonews.net.br\/2022\/wp-content\/uploads\/2026\/03\/regiao-13-anos-scaled.jpg","contentUrl":"https:\/\/regiaonews.net.br\/2022\/wp-content\/uploads\/2026\/03\/regiao-13-anos-scaled.jpg","width":2560,"height":635,"caption":"Regi\u00e3o News"},"image":{"@id":"https:\/\/regiaonews.net.br\/2022\/#\/schema\/logo\/image\/"}},{"@type":"Person","@id":"https:\/\/regiaonews.net.br\/2022\/#\/schema\/person\/2d205a608a5aa97ac279d7a5e6d89ad8","name":"Roberto","image":{"@type":"ImageObject","inLanguage":"pt-BR","@id":"https:\/\/secure.gravatar.com\/avatar\/42749d8b712ff9d59ca93dc150494e5b55a44134482993f5baeb97e61b7ecc89?s=96&d=mm&r=g","url":"https:\/\/secure.gravatar.com\/avatar\/42749d8b712ff9d59ca93dc150494e5b55a44134482993f5baeb97e61b7ecc89?s=96&d=mm&r=g","contentUrl":"https:\/\/secure.gravatar.com\/avatar\/42749d8b712ff9d59ca93dc150494e5b55a44134482993f5baeb97e61b7ecc89?s=96&d=mm&r=g","caption":"Roberto"},"url":"https:\/\/regiaonews.net.br\/2022\/author\/roberto\/"}]}},"publishpress_future_action":{"enabled":false,"date":"2026-05-03 06:33:45","action":"change-status","newStatus":"draft","terms":[],"taxonomy":"category","extraData":[]},"publishpress_future_workflow_manual_trigger":{"enabledWorkflows":[]},"_links":{"self":[{"href":"https:\/\/regiaonews.net.br\/2022\/wp-json\/wp\/v2\/posts\/53440","targetHints":{"allow":["GET"]}}],"collection":[{"href":"https:\/\/regiaonews.net.br\/2022\/wp-json\/wp\/v2\/posts"}],"about":[{"href":"https:\/\/regiaonews.net.br\/2022\/wp-json\/wp\/v2\/types\/post"}],"author":[{"embeddable":true,"href":"https:\/\/regiaonews.net.br\/2022\/wp-json\/wp\/v2\/users\/2"}],"replies":[{"embeddable":true,"href":"https:\/\/regiaonews.net.br\/2022\/wp-json\/wp\/v2\/comments?post=53440"}],"version-history":[{"count":0,"href":"https:\/\/regiaonews.net.br\/2022\/wp-json\/wp\/v2\/posts\/53440\/revisions"}],"wp:featuredmedia":[{"embeddable":true,"href":"https:\/\/regiaonews.net.br\/2022\/wp-json\/wp\/v2\/media\/53441"}],"wp:attachment":[{"href":"https:\/\/regiaonews.net.br\/2022\/wp-json\/wp\/v2\/media?parent=53440"}],"wp:term":[{"taxonomy":"category","embeddable":true,"href":"https:\/\/regiaonews.net.br\/2022\/wp-json\/wp\/v2\/categories?post=53440"},{"taxonomy":"post_tag","embeddable":true,"href":"https:\/\/regiaonews.net.br\/2022\/wp-json\/wp\/v2\/tags?post=53440"}],"curies":[{"name":"wp","href":"https:\/\/api.w.org\/{rel}","templated":true}]}}