{"id":53437,"date":"2021-09-16T23:33:43","date_gmt":"2021-09-17T02:33:43","guid":{"rendered":"https:\/\/regiaonews.net.br\/2022\/?p=53437"},"modified":"2021-09-16T23:37:36","modified_gmt":"2021-09-17T02:37:36","slug":"comissao-de-inquerito-define-que-vai-prorrogar-trabalhos","status":"publish","type":"post","link":"https:\/\/regiaonews.net.br\/2022\/2021\/09\/16\/comissao-de-inquerito-define-que-vai-prorrogar-trabalhos\/","title":{"rendered":"Comiss\u00e3o de Inqu\u00e9rito define que vai prorrogar trabalhos"},"content":{"rendered":"<p><a href=\"https:\/\/regiaonews.net.br\/2022\/wp-content\/uploads\/2021\/09\/16317159956142029bdb209.jpg\"><img loading=\"lazy\" decoding=\"async\" class=\"alignnone size-medium wp-image-53438\" src=\"https:\/\/regiaonews.net.br\/2022\/wp-content\/uploads\/2021\/09\/16317159956142029bdb209-300x139.jpg\" alt=\"\" width=\"300\" height=\"139\" \/><\/a><\/p>\n<p>Na manh\u00e3 de 3\u00e9quarta-feira, dia 15, os vereadores que formam a CPI da Covid 19 se reuniram na C\u00e2mara para definir novas a\u00e7\u00f5es e trabalhos. Tamb\u00e9m foram debatidos os detalhes sobre informa\u00e7\u00f5es e documentos solicitados judicialmente. A a\u00e7\u00e3o foi protocolada na Justi\u00e7a para que os vereadores pudessem ter acesso \u00e0s fichas m\u00e9dicas e \u00e0 lista de pessoas que foram atendidas no Hospital Nossa Senhora e na Santa Casa, os dados s\u00e3o sigilosos para preservar os pacientes.<\/p>\n<p>&nbsp;<\/p>\n<p>Durante a reuni\u00e3o, foi destacado que, devido ao grande volume de documentos recebidos,\u00a0os\u00a0trabalhos da Comiss\u00e3o ser\u00e3o\u00a0prorrogados. Segundo o Presidente da\u00a0CPI, Carl\u00e3o do Basquete, o relat\u00f3rio conclusivo dever\u00e1 ser apresentado at\u00e9 o dia 22 de novembro de 2021.<\/p>\n<p>&nbsp;<\/p>\n<p>A Comiss\u00e3o Parlamentar de Inqu\u00e9rito &#8211; CPI da Covid 19 foi instalada na C\u00e2mara por meio do\u00a0<a title=\"\" href=\"http:\/\/consulta.camarabarretos.sp.gov.br\/Documentos\/Documento\/357070\" target=\"_blank\" rel=\"noopener\" data-original-title=\"\">Requerimento 823\/2021<\/a>, com o objetivo de apurar eventuais a\u00e7\u00f5es ou omiss\u00f5es no enfrentamento da pandemia da Covid-19, no Munic\u00edpio de Barretos, desde a publica\u00e7\u00e3o do Decreto Municipal n\u00ba 10.379, de 17 de mar\u00e7o de 2020 at\u00e9 31 de dezembro de 2020.<\/p>\n<p>&nbsp;<\/p>\n<p>A composi\u00e7\u00e3o\u00a0da CPI foi feita com obedi\u00eancia ao princ\u00edpio da\u00a0proporcinalidade partid\u00e1ria ou seja,\u00a0a forma\u00e7\u00e3o da Comiss\u00e3o \u00e9 definida\u00a0conforme a quantidade de vereadores de cada partido na C\u00e2mara. A\u00a0<a title=\"\" href=\"http:\/\/consulta.camarabarretos.sp.gov.br\/Documentos\/Documento\/357104\" target=\"_blank\" rel=\"noopener\" data-original-title=\"\">Portaria n\u00ba 5464<\/a>\u00a0descreve os integrantes,\u00a0<a title=\"\" href=\"https:\/\/camarabarretos.sp.gov.br\/vereador\/carlos-henrique-dos-santos!234\" target=\"_blank\" rel=\"noopener\" data-original-title=\"\">Carl\u00e3o do Basquete<\/a>\u00a0(PSD),\u00a0<a title=\"\" href=\"https:\/\/camarabarretos.sp.gov.br\/vereador\/nestor-leonel-dos-santos!241\" target=\"_blank\" rel=\"noopener\" data-original-title=\"\">Nestor Leonel<\/a>\u00a0(DEM) e\u00a0<a title=\"\" href=\"https:\/\/camarabarretos.sp.gov.br\/vereador\/raphael-aparecido-de-oliveira!243\" target=\"_blank\" rel=\"noopener\" data-original-title=\"\">Raphael Oliveira<\/a>\u00a0(PRTB).<\/p>\n<p>&nbsp;<\/p>\n","protected":false},"excerpt":{"rendered":"<p>Na manh\u00e3 de 3\u00e9quarta-feira, dia 15, os vereadores que formam<\/p>\n","protected":false},"author":2,"featured_media":53438,"comment_status":"open","ping_status":"open","sticky":false,"template":"","format":"standard","meta":{"footnotes":""},"categories":[14,25],"tags":[],"class_list":["post-53437","post","type-post","status-publish","format-standard","has-post-thumbnail","hentry","category-barretos","category-cidades"],"yoast_head":"<!-- This site is optimized with the Yoast SEO plugin v27.4 - https:\/\/yoast.com\/product\/yoast-seo-wordpress\/ -->\n<title>Comiss\u00e3o de Inqu\u00e9rito define que vai prorrogar trabalhos - Regi\u00e3o News<\/title>\n<meta name=\"robots\" content=\"index, follow, max-snippet:-1, max-image-preview:large, max-video-preview:-1\" \/>\n<link rel=\"canonical\" href=\"https:\/\/regiaonews.net.br\/2022\/2021\/09\/16\/comissao-de-inquerito-define-que-vai-prorrogar-trabalhos\/\" \/>\n<meta property=\"og:locale\" content=\"pt_BR\" \/>\n<meta property=\"og:type\" content=\"article\" \/>\n<meta property=\"og:title\" content=\"Comiss\u00e3o de Inqu\u00e9rito define que vai prorrogar trabalhos - Regi\u00e3o News\" \/>\n<meta property=\"og:description\" content=\"Na manh\u00e3 de 3\u00e9quarta-feira, dia 15, os vereadores que formam\" \/>\n<meta property=\"og:url\" content=\"https:\/\/regiaonews.net.br\/2022\/2021\/09\/16\/comissao-de-inquerito-define-que-vai-prorrogar-trabalhos\/\" \/>\n<meta property=\"og:site_name\" content=\"Regi\u00e3o News\" \/>\n<meta property=\"article:published_time\" content=\"2021-09-17T02:33:43+00:00\" \/>\n<meta property=\"article:modified_time\" content=\"2021-09-17T02:37:36+00:00\" \/>\n<meta property=\"og:image\" content=\"https:\/\/regiaonews.net.br\/2022\/wp-content\/uploads\/2021\/09\/16317159956142029bdb209.jpg\" \/>\n\t<meta property=\"og:image:width\" content=\"600\" \/>\n\t<meta property=\"og:image:height\" content=\"277\" \/>\n\t<meta property=\"og:image:type\" content=\"image\/jpeg\" \/>\n<meta name=\"author\" content=\"Roberto\" \/>\n<meta name=\"twitter:card\" content=\"summary_large_image\" \/>\n<meta name=\"twitter:label1\" content=\"Escrito por\" \/>\n\t<meta name=\"twitter:data1\" content=\"Roberto\" \/>\n\t<meta name=\"twitter:label2\" content=\"Est. tempo de leitura\" \/>\n\t<meta name=\"twitter:data2\" content=\"1 minuto\" \/>\n<script type=\"application\/ld+json\" class=\"yoast-schema-graph\">{\"@context\":\"https:\\\/\\\/schema.org\",\"@graph\":[{\"@type\":\"Article\",\"@id\":\"https:\\\/\\\/regiaonews.net.br\\\/2022\\\/2021\\\/09\\\/16\\\/comissao-de-inquerito-define-que-vai-prorrogar-trabalhos\\\/#article\",\"isPartOf\":{\"@id\":\"https:\\\/\\\/regiaonews.net.br\\\/2022\\\/2021\\\/09\\\/16\\\/comissao-de-inquerito-define-que-vai-prorrogar-trabalhos\\\/\"},\"author\":{\"name\":\"Roberto\",\"@id\":\"https:\\\/\\\/regiaonews.net.br\\\/2022\\\/#\\\/schema\\\/person\\\/2d205a608a5aa97ac279d7a5e6d89ad8\"},\"headline\":\"Comiss\u00e3o de Inqu\u00e9rito define que vai prorrogar trabalhos\",\"datePublished\":\"2021-09-17T02:33:43+00:00\",\"dateModified\":\"2021-09-17T02:37:36+00:00\",\"mainEntityOfPage\":{\"@id\":\"https:\\\/\\\/regiaonews.net.br\\\/2022\\\/2021\\\/09\\\/16\\\/comissao-de-inquerito-define-que-vai-prorrogar-trabalhos\\\/\"},\"wordCount\":253,\"commentCount\":0,\"publisher\":{\"@id\":\"https:\\\/\\\/regiaonews.net.br\\\/2022\\\/#organization\"},\"image\":{\"@id\":\"https:\\\/\\\/regiaonews.net.br\\\/2022\\\/2021\\\/09\\\/16\\\/comissao-de-inquerito-define-que-vai-prorrogar-trabalhos\\\/#primaryimage\"},\"thumbnailUrl\":\"https:\\\/\\\/regiaonews.net.br\\\/2022\\\/wp-content\\\/uploads\\\/2021\\\/09\\\/16317159956142029bdb209.jpg\",\"articleSection\":[\"Barretos\",\"Cidades\"],\"inLanguage\":\"pt-BR\",\"potentialAction\":[{\"@type\":\"CommentAction\",\"name\":\"Comment\",\"target\":[\"https:\\\/\\\/regiaonews.net.br\\\/2022\\\/2021\\\/09\\\/16\\\/comissao-de-inquerito-define-que-vai-prorrogar-trabalhos\\\/#respond\"]}]},{\"@type\":\"WebPage\",\"@id\":\"https:\\\/\\\/regiaonews.net.br\\\/2022\\\/2021\\\/09\\\/16\\\/comissao-de-inquerito-define-que-vai-prorrogar-trabalhos\\\/\",\"url\":\"https:\\\/\\\/regiaonews.net.br\\\/2022\\\/2021\\\/09\\\/16\\\/comissao-de-inquerito-define-que-vai-prorrogar-trabalhos\\\/\",\"name\":\"Comiss\u00e3o de Inqu\u00e9rito define que vai prorrogar trabalhos - Regi\u00e3o News\",\"isPartOf\":{\"@id\":\"https:\\\/\\\/regiaonews.net.br\\\/2022\\\/#website\"},\"primaryImageOfPage\":{\"@id\":\"https:\\\/\\\/regiaonews.net.br\\\/2022\\\/2021\\\/09\\\/16\\\/comissao-de-inquerito-define-que-vai-prorrogar-trabalhos\\\/#primaryimage\"},\"image\":{\"@id\":\"https:\\\/\\\/regiaonews.net.br\\\/2022\\\/2021\\\/09\\\/16\\\/comissao-de-inquerito-define-que-vai-prorrogar-trabalhos\\\/#primaryimage\"},\"thumbnailUrl\":\"https:\\\/\\\/regiaonews.net.br\\\/2022\\\/wp-content\\\/uploads\\\/2021\\\/09\\\/16317159956142029bdb209.jpg\",\"datePublished\":\"2021-09-17T02:33:43+00:00\",\"dateModified\":\"2021-09-17T02:37:36+00:00\",\"breadcrumb\":{\"@id\":\"https:\\\/\\\/regiaonews.net.br\\\/2022\\\/2021\\\/09\\\/16\\\/comissao-de-inquerito-define-que-vai-prorrogar-trabalhos\\\/#breadcrumb\"},\"inLanguage\":\"pt-BR\",\"potentialAction\":[{\"@type\":\"ReadAction\",\"target\":[\"https:\\\/\\\/regiaonews.net.br\\\/2022\\\/2021\\\/09\\\/16\\\/comissao-de-inquerito-define-que-vai-prorrogar-trabalhos\\\/\"]}]},{\"@type\":\"ImageObject\",\"inLanguage\":\"pt-BR\",\"@id\":\"https:\\\/\\\/regiaonews.net.br\\\/2022\\\/2021\\\/09\\\/16\\\/comissao-de-inquerito-define-que-vai-prorrogar-trabalhos\\\/#primaryimage\",\"url\":\"https:\\\/\\\/regiaonews.net.br\\\/2022\\\/wp-content\\\/uploads\\\/2021\\\/09\\\/16317159956142029bdb209.jpg\",\"contentUrl\":\"https:\\\/\\\/regiaonews.net.br\\\/2022\\\/wp-content\\\/uploads\\\/2021\\\/09\\\/16317159956142029bdb209.jpg\",\"width\":600,\"height\":277},{\"@type\":\"BreadcrumbList\",\"@id\":\"https:\\\/\\\/regiaonews.net.br\\\/2022\\\/2021\\\/09\\\/16\\\/comissao-de-inquerito-define-que-vai-prorrogar-trabalhos\\\/#breadcrumb\",\"itemListElement\":[{\"@type\":\"ListItem\",\"position\":1,\"name\":\"In\u00edcio\",\"item\":\"https:\\\/\\\/regiaonews.net.br\\\/2022\\\/\"},{\"@type\":\"ListItem\",\"position\":2,\"name\":\"Comiss\u00e3o de Inqu\u00e9rito define que vai prorrogar trabalhos\"}]},{\"@type\":\"WebSite\",\"@id\":\"https:\\\/\\\/regiaonews.net.br\\\/2022\\\/#website\",\"url\":\"https:\\\/\\\/regiaonews.net.br\\\/2022\\\/\",\"name\":\"Regi\u00e3o News\",\"description\":\"Site de Not\u00edcias de Barretos e regi\u00e3o\",\"publisher\":{\"@id\":\"https:\\\/\\\/regiaonews.net.br\\\/2022\\\/#organization\"},\"potentialAction\":[{\"@type\":\"SearchAction\",\"target\":{\"@type\":\"EntryPoint\",\"urlTemplate\":\"https:\\\/\\\/regiaonews.net.br\\\/2022\\\/?s={search_term_string}\"},\"query-input\":{\"@type\":\"PropertyValueSpecification\",\"valueRequired\":true,\"valueName\":\"search_term_string\"}}],\"inLanguage\":\"pt-BR\"},{\"@type\":\"Organization\",\"@id\":\"https:\\\/\\\/regiaonews.net.br\\\/2022\\\/#organization\",\"name\":\"Regi\u00e3o News\",\"url\":\"https:\\\/\\\/regiaonews.net.br\\\/2022\\\/\",\"logo\":{\"@type\":\"ImageObject\",\"inLanguage\":\"pt-BR\",\"@id\":\"https:\\\/\\\/regiaonews.net.br\\\/2022\\\/#\\\/schema\\\/logo\\\/image\\\/\",\"url\":\"https:\\\/\\\/regiaonews.net.br\\\/2022\\\/wp-content\\\/uploads\\\/2026\\\/03\\\/regiao-13-anos-scaled.jpg\",\"contentUrl\":\"https:\\\/\\\/regiaonews.net.br\\\/2022\\\/wp-content\\\/uploads\\\/2026\\\/03\\\/regiao-13-anos-scaled.jpg\",\"width\":2560,\"height\":635,\"caption\":\"Regi\u00e3o News\"},\"image\":{\"@id\":\"https:\\\/\\\/regiaonews.net.br\\\/2022\\\/#\\\/schema\\\/logo\\\/image\\\/\"}},{\"@type\":\"Person\",\"@id\":\"https:\\\/\\\/regiaonews.net.br\\\/2022\\\/#\\\/schema\\\/person\\\/2d205a608a5aa97ac279d7a5e6d89ad8\",\"name\":\"Roberto\",\"image\":{\"@type\":\"ImageObject\",\"inLanguage\":\"pt-BR\",\"@id\":\"https:\\\/\\\/secure.gravatar.com\\\/avatar\\\/42749d8b712ff9d59ca93dc150494e5b55a44134482993f5baeb97e61b7ecc89?s=96&d=mm&r=g\",\"url\":\"https:\\\/\\\/secure.gravatar.com\\\/avatar\\\/42749d8b712ff9d59ca93dc150494e5b55a44134482993f5baeb97e61b7ecc89?s=96&d=mm&r=g\",\"contentUrl\":\"https:\\\/\\\/secure.gravatar.com\\\/avatar\\\/42749d8b712ff9d59ca93dc150494e5b55a44134482993f5baeb97e61b7ecc89?s=96&d=mm&r=g\",\"caption\":\"Roberto\"},\"url\":\"https:\\\/\\\/regiaonews.net.br\\\/2022\\\/author\\\/roberto\\\/\"}]}<\/script>\n<!-- \/ Yoast SEO plugin. -->","yoast_head_json":{"title":"Comiss\u00e3o de Inqu\u00e9rito define que vai prorrogar trabalhos - Regi\u00e3o News","robots":{"index":"index","follow":"follow","max-snippet":"max-snippet:-1","max-image-preview":"max-image-preview:large","max-video-preview":"max-video-preview:-1"},"canonical":"https:\/\/regiaonews.net.br\/2022\/2021\/09\/16\/comissao-de-inquerito-define-que-vai-prorrogar-trabalhos\/","og_locale":"pt_BR","og_type":"article","og_title":"Comiss\u00e3o de Inqu\u00e9rito define que vai prorrogar trabalhos - Regi\u00e3o News","og_description":"Na manh\u00e3 de 3\u00e9quarta-feira, dia 15, os vereadores que formam","og_url":"https:\/\/regiaonews.net.br\/2022\/2021\/09\/16\/comissao-de-inquerito-define-que-vai-prorrogar-trabalhos\/","og_site_name":"Regi\u00e3o News","article_published_time":"2021-09-17T02:33:43+00:00","article_modified_time":"2021-09-17T02:37:36+00:00","og_image":[{"width":600,"height":277,"url":"https:\/\/regiaonews.net.br\/2022\/wp-content\/uploads\/2021\/09\/16317159956142029bdb209.jpg","type":"image\/jpeg"}],"author":"Roberto","twitter_card":"summary_large_image","twitter_misc":{"Escrito por":"Roberto","Est. tempo de leitura":"1 minuto"},"schema":{"@context":"https:\/\/schema.org","@graph":[{"@type":"Article","@id":"https:\/\/regiaonews.net.br\/2022\/2021\/09\/16\/comissao-de-inquerito-define-que-vai-prorrogar-trabalhos\/#article","isPartOf":{"@id":"https:\/\/regiaonews.net.br\/2022\/2021\/09\/16\/comissao-de-inquerito-define-que-vai-prorrogar-trabalhos\/"},"author":{"name":"Roberto","@id":"https:\/\/regiaonews.net.br\/2022\/#\/schema\/person\/2d205a608a5aa97ac279d7a5e6d89ad8"},"headline":"Comiss\u00e3o de Inqu\u00e9rito define que vai prorrogar trabalhos","datePublished":"2021-09-17T02:33:43+00:00","dateModified":"2021-09-17T02:37:36+00:00","mainEntityOfPage":{"@id":"https:\/\/regiaonews.net.br\/2022\/2021\/09\/16\/comissao-de-inquerito-define-que-vai-prorrogar-trabalhos\/"},"wordCount":253,"commentCount":0,"publisher":{"@id":"https:\/\/regiaonews.net.br\/2022\/#organization"},"image":{"@id":"https:\/\/regiaonews.net.br\/2022\/2021\/09\/16\/comissao-de-inquerito-define-que-vai-prorrogar-trabalhos\/#primaryimage"},"thumbnailUrl":"https:\/\/regiaonews.net.br\/2022\/wp-content\/uploads\/2021\/09\/16317159956142029bdb209.jpg","articleSection":["Barretos","Cidades"],"inLanguage":"pt-BR","potentialAction":[{"@type":"CommentAction","name":"Comment","target":["https:\/\/regiaonews.net.br\/2022\/2021\/09\/16\/comissao-de-inquerito-define-que-vai-prorrogar-trabalhos\/#respond"]}]},{"@type":"WebPage","@id":"https:\/\/regiaonews.net.br\/2022\/2021\/09\/16\/comissao-de-inquerito-define-que-vai-prorrogar-trabalhos\/","url":"https:\/\/regiaonews.net.br\/2022\/2021\/09\/16\/comissao-de-inquerito-define-que-vai-prorrogar-trabalhos\/","name":"Comiss\u00e3o de Inqu\u00e9rito define que vai prorrogar trabalhos - Regi\u00e3o News","isPartOf":{"@id":"https:\/\/regiaonews.net.br\/2022\/#website"},"primaryImageOfPage":{"@id":"https:\/\/regiaonews.net.br\/2022\/2021\/09\/16\/comissao-de-inquerito-define-que-vai-prorrogar-trabalhos\/#primaryimage"},"image":{"@id":"https:\/\/regiaonews.net.br\/2022\/2021\/09\/16\/comissao-de-inquerito-define-que-vai-prorrogar-trabalhos\/#primaryimage"},"thumbnailUrl":"https:\/\/regiaonews.net.br\/2022\/wp-content\/uploads\/2021\/09\/16317159956142029bdb209.jpg","datePublished":"2021-09-17T02:33:43+00:00","dateModified":"2021-09-17T02:37:36+00:00","breadcrumb":{"@id":"https:\/\/regiaonews.net.br\/2022\/2021\/09\/16\/comissao-de-inquerito-define-que-vai-prorrogar-trabalhos\/#breadcrumb"},"inLanguage":"pt-BR","potentialAction":[{"@type":"ReadAction","target":["https:\/\/regiaonews.net.br\/2022\/2021\/09\/16\/comissao-de-inquerito-define-que-vai-prorrogar-trabalhos\/"]}]},{"@type":"ImageObject","inLanguage":"pt-BR","@id":"https:\/\/regiaonews.net.br\/2022\/2021\/09\/16\/comissao-de-inquerito-define-que-vai-prorrogar-trabalhos\/#primaryimage","url":"https:\/\/regiaonews.net.br\/2022\/wp-content\/uploads\/2021\/09\/16317159956142029bdb209.jpg","contentUrl":"https:\/\/regiaonews.net.br\/2022\/wp-content\/uploads\/2021\/09\/16317159956142029bdb209.jpg","width":600,"height":277},{"@type":"BreadcrumbList","@id":"https:\/\/regiaonews.net.br\/2022\/2021\/09\/16\/comissao-de-inquerito-define-que-vai-prorrogar-trabalhos\/#breadcrumb","itemListElement":[{"@type":"ListItem","position":1,"name":"In\u00edcio","item":"https:\/\/regiaonews.net.br\/2022\/"},{"@type":"ListItem","position":2,"name":"Comiss\u00e3o de Inqu\u00e9rito define que vai prorrogar trabalhos"}]},{"@type":"WebSite","@id":"https:\/\/regiaonews.net.br\/2022\/#website","url":"https:\/\/regiaonews.net.br\/2022\/","name":"Regi\u00e3o News","description":"Site de Not\u00edcias de Barretos e regi\u00e3o","publisher":{"@id":"https:\/\/regiaonews.net.br\/2022\/#organization"},"potentialAction":[{"@type":"SearchAction","target":{"@type":"EntryPoint","urlTemplate":"https:\/\/regiaonews.net.br\/2022\/?s={search_term_string}"},"query-input":{"@type":"PropertyValueSpecification","valueRequired":true,"valueName":"search_term_string"}}],"inLanguage":"pt-BR"},{"@type":"Organization","@id":"https:\/\/regiaonews.net.br\/2022\/#organization","name":"Regi\u00e3o News","url":"https:\/\/regiaonews.net.br\/2022\/","logo":{"@type":"ImageObject","inLanguage":"pt-BR","@id":"https:\/\/regiaonews.net.br\/2022\/#\/schema\/logo\/image\/","url":"https:\/\/regiaonews.net.br\/2022\/wp-content\/uploads\/2026\/03\/regiao-13-anos-scaled.jpg","contentUrl":"https:\/\/regiaonews.net.br\/2022\/wp-content\/uploads\/2026\/03\/regiao-13-anos-scaled.jpg","width":2560,"height":635,"caption":"Regi\u00e3o News"},"image":{"@id":"https:\/\/regiaonews.net.br\/2022\/#\/schema\/logo\/image\/"}},{"@type":"Person","@id":"https:\/\/regiaonews.net.br\/2022\/#\/schema\/person\/2d205a608a5aa97ac279d7a5e6d89ad8","name":"Roberto","image":{"@type":"ImageObject","inLanguage":"pt-BR","@id":"https:\/\/secure.gravatar.com\/avatar\/42749d8b712ff9d59ca93dc150494e5b55a44134482993f5baeb97e61b7ecc89?s=96&d=mm&r=g","url":"https:\/\/secure.gravatar.com\/avatar\/42749d8b712ff9d59ca93dc150494e5b55a44134482993f5baeb97e61b7ecc89?s=96&d=mm&r=g","contentUrl":"https:\/\/secure.gravatar.com\/avatar\/42749d8b712ff9d59ca93dc150494e5b55a44134482993f5baeb97e61b7ecc89?s=96&d=mm&r=g","caption":"Roberto"},"url":"https:\/\/regiaonews.net.br\/2022\/author\/roberto\/"}]}},"publishpress_future_action":{"enabled":false,"date":"2026-05-03 04:51:50","action":"change-status","newStatus":"draft","terms":[],"taxonomy":"category","extraData":[]},"publishpress_future_workflow_manual_trigger":{"enabledWorkflows":[]},"_links":{"self":[{"href":"https:\/\/regiaonews.net.br\/2022\/wp-json\/wp\/v2\/posts\/53437","targetHints":{"allow":["GET"]}}],"collection":[{"href":"https:\/\/regiaonews.net.br\/2022\/wp-json\/wp\/v2\/posts"}],"about":[{"href":"https:\/\/regiaonews.net.br\/2022\/wp-json\/wp\/v2\/types\/post"}],"author":[{"embeddable":true,"href":"https:\/\/regiaonews.net.br\/2022\/wp-json\/wp\/v2\/users\/2"}],"replies":[{"embeddable":true,"href":"https:\/\/regiaonews.net.br\/2022\/wp-json\/wp\/v2\/comments?post=53437"}],"version-history":[{"count":0,"href":"https:\/\/regiaonews.net.br\/2022\/wp-json\/wp\/v2\/posts\/53437\/revisions"}],"wp:featuredmedia":[{"embeddable":true,"href":"https:\/\/regiaonews.net.br\/2022\/wp-json\/wp\/v2\/media\/53438"}],"wp:attachment":[{"href":"https:\/\/regiaonews.net.br\/2022\/wp-json\/wp\/v2\/media?parent=53437"}],"wp:term":[{"taxonomy":"category","embeddable":true,"href":"https:\/\/regiaonews.net.br\/2022\/wp-json\/wp\/v2\/categories?post=53437"},{"taxonomy":"post_tag","embeddable":true,"href":"https:\/\/regiaonews.net.br\/2022\/wp-json\/wp\/v2\/tags?post=53437"}],"curies":[{"name":"wp","href":"https:\/\/api.w.org\/{rel}","templated":true}]}}