{"id":53423,"date":"2021-09-16T19:42:35","date_gmt":"2021-09-16T22:42:35","guid":{"rendered":"https:\/\/regiaonews.net.br\/2022\/?p=53423"},"modified":"2021-09-16T19:42:35","modified_gmt":"2021-09-16T22:42:35","slug":"barretos-e-comtemplada-com-30-bolsas-para-curso-de-qualificacao-profissional-na-area-do-turismo","status":"publish","type":"post","link":"https:\/\/regiaonews.net.br\/2022\/2021\/09\/16\/barretos-e-comtemplada-com-30-bolsas-para-curso-de-qualificacao-profissional-na-area-do-turismo\/","title":{"rendered":"Barretos \u00e9 comtemplada com 30 bolsas para curso de qualifica\u00e7\u00e3o profissional na \u00e1rea do Turismo"},"content":{"rendered":"<p><a href=\"https:\/\/regiaonews.net.br\/2022\/wp-content\/uploads\/2020\/08\/sala_de_aula_vazia.jpg\"><img loading=\"lazy\" decoding=\"async\" class=\"alignnone size-medium wp-image-36230\" src=\"https:\/\/regiaonews.net.br\/2022\/wp-content\/uploads\/2020\/08\/sala_de_aula_vazia-300x225.jpg\" alt=\"\" width=\"300\" height=\"225\" \/><\/a><\/p>\n<p>Barretos conquista mais um curso de qualifica\u00e7\u00e3o profissional do Via R\u00e1pida Emprego e que ser\u00e1 realizado pela Prefeitura de Barretos, por meio da Secretaria de Desenvolvimento Econ\u00f4mico, em parceria com o Senac Barretos.<br \/>\nCom inicio previsto para o dia 27 de setembro\/21, o curso de\u00a0Orientador de Turismo Local, disponibilizar\u00e1\u00a030 vagas,\u00a0no formato remoto de Ensino \u00e0 Dist\u00e2ncia (EAD). Podem se inscrever candidatos e candidatas que tenham idade m\u00ednima de 16 anos, alfabetizados e domiciliados no Estado de S\u00e3o Paulo. Caso o n\u00famero de inscritos seja superior ao n\u00famero de vagas, ser\u00e3o priorizadas as pessoas desempregadas, com baixa renda e com defici\u00eancia. As vagas j\u00e1 est\u00e3o dispon\u00edveis para inscri\u00e7\u00f5es que podem ser realizadas pelo site\u00a0<a href=\"https:\/\/emktenv.com.br\/index.php\/campaigns\/oz188oxc8sb64\/track-url\/wc438l9sjld3e\/6e507eeca41a56800ba466e0eb0eebbc4678e38d\" target=\"_blank\" rel=\"noopener noreferrer\" data-auth=\"NotApplicable\" data-linkindex=\"0\">www.cursosviarapida.sp.gov.br<\/a>, at\u00e9 o dia \u00a0com data de t\u00e9rmino em 17 de setembro\/21.<\/p>\n<p><strong>Bolsa-aux\u00edlio<\/strong><br \/>\nOs estudantes matriculados no\u00a0 curso de qualifica\u00e7\u00e3o do programa Via R\u00e1pida receber\u00e3o uma bolsa \u00fanica de R$ 210 para ajuda em suas despesas durante a realiza\u00e7\u00e3o do curso. O aux\u00edlio ser\u00e1 disponibilizado aos alunos que cumpram os requisitos e estejam frequentes ap\u00f3s 10 dias de aula. O pagamento ser\u00e1 feito por meio de c\u00f3digo banc\u00e1rio, que o estudante usar\u00e1 para sacar em caixas eletr\u00f4nicos do Banco do Brasil e da Rede 24 horas. Para receber a bolsa-aux\u00edlio, al\u00e9m de ser desempregado e estar frequente no curso, o estudante n\u00e3o pode estar recebendo seguro-desemprego ou outros aux\u00edlios da Secretaria de Desenvolvimento Econ\u00f4mico.<\/p>\n<p><strong>Via R\u00e1pida<\/strong><br \/>\nO Via R\u00e1pida oferece cursos gratuitos de qualifica\u00e7\u00e3o profissional para jovens e adultos em busca de melhores oportunidades de emprego e de gera\u00e7\u00e3o de renda. A dura\u00e7\u00e3o \u00e9 de at\u00e9 100 horas e s\u00e3o oferecidos de acordo com o mercado de trabalho de cada regi\u00e3o.<\/p>\n","protected":false},"excerpt":{"rendered":"<p>Barretos conquista mais um curso de qualifica\u00e7\u00e3o profissional do Via<\/p>\n","protected":false},"author":2,"featured_media":36230,"comment_status":"open","ping_status":"open","sticky":false,"template":"","format":"standard","meta":{"footnotes":""},"categories":[14,25,98],"tags":[],"class_list":["post-53423","post","type-post","status-publish","format-standard","has-post-thumbnail","hentry","category-barretos","category-cidades","category-educacao-educacao"],"yoast_head":"<!-- This site is optimized with the Yoast SEO plugin v27.4 - https:\/\/yoast.com\/product\/yoast-seo-wordpress\/ -->\n<title>Barretos \u00e9 comtemplada com 30 bolsas para curso de qualifica\u00e7\u00e3o profissional na \u00e1rea do Turismo - Regi\u00e3o News<\/title>\n<meta name=\"robots\" content=\"index, follow, max-snippet:-1, max-image-preview:large, max-video-preview:-1\" \/>\n<link rel=\"canonical\" href=\"https:\/\/regiaonews.net.br\/2022\/2021\/09\/16\/barretos-e-comtemplada-com-30-bolsas-para-curso-de-qualificacao-profissional-na-area-do-turismo\/\" \/>\n<meta property=\"og:locale\" content=\"pt_BR\" \/>\n<meta property=\"og:type\" content=\"article\" \/>\n<meta property=\"og:title\" content=\"Barretos \u00e9 comtemplada com 30 bolsas para curso de qualifica\u00e7\u00e3o profissional na \u00e1rea do Turismo - Regi\u00e3o News\" \/>\n<meta property=\"og:description\" content=\"Barretos conquista mais um curso de qualifica\u00e7\u00e3o profissional do Via\" \/>\n<meta property=\"og:url\" content=\"https:\/\/regiaonews.net.br\/2022\/2021\/09\/16\/barretos-e-comtemplada-com-30-bolsas-para-curso-de-qualificacao-profissional-na-area-do-turismo\/\" \/>\n<meta property=\"og:site_name\" content=\"Regi\u00e3o News\" \/>\n<meta property=\"article:published_time\" content=\"2021-09-16T22:42:35+00:00\" \/>\n<meta property=\"og:image\" content=\"https:\/\/regiaonews.net.br\/2022\/wp-content\/uploads\/2020\/08\/sala_de_aula_vazia.jpg\" \/>\n\t<meta property=\"og:image:width\" content=\"400\" \/>\n\t<meta property=\"og:image:height\" content=\"300\" \/>\n\t<meta property=\"og:image:type\" content=\"image\/jpeg\" \/>\n<meta name=\"author\" content=\"Roberto\" \/>\n<meta name=\"twitter:card\" content=\"summary_large_image\" \/>\n<meta name=\"twitter:label1\" content=\"Escrito por\" \/>\n\t<meta name=\"twitter:data1\" content=\"Roberto\" \/>\n\t<meta name=\"twitter:label2\" content=\"Est. tempo de leitura\" \/>\n\t<meta name=\"twitter:data2\" content=\"2 minutos\" \/>\n<script type=\"application\/ld+json\" class=\"yoast-schema-graph\">{\"@context\":\"https:\\\/\\\/schema.org\",\"@graph\":[{\"@type\":\"Article\",\"@id\":\"https:\\\/\\\/regiaonews.net.br\\\/2022\\\/2021\\\/09\\\/16\\\/barretos-e-comtemplada-com-30-bolsas-para-curso-de-qualificacao-profissional-na-area-do-turismo\\\/#article\",\"isPartOf\":{\"@id\":\"https:\\\/\\\/regiaonews.net.br\\\/2022\\\/2021\\\/09\\\/16\\\/barretos-e-comtemplada-com-30-bolsas-para-curso-de-qualificacao-profissional-na-area-do-turismo\\\/\"},\"author\":{\"name\":\"Roberto\",\"@id\":\"https:\\\/\\\/regiaonews.net.br\\\/2022\\\/#\\\/schema\\\/person\\\/2d205a608a5aa97ac279d7a5e6d89ad8\"},\"headline\":\"Barretos \u00e9 comtemplada com 30 bolsas para curso de qualifica\u00e7\u00e3o profissional na \u00e1rea do Turismo\",\"datePublished\":\"2021-09-16T22:42:35+00:00\",\"mainEntityOfPage\":{\"@id\":\"https:\\\/\\\/regiaonews.net.br\\\/2022\\\/2021\\\/09\\\/16\\\/barretos-e-comtemplada-com-30-bolsas-para-curso-de-qualificacao-profissional-na-area-do-turismo\\\/\"},\"wordCount\":321,\"commentCount\":0,\"publisher\":{\"@id\":\"https:\\\/\\\/regiaonews.net.br\\\/2022\\\/#organization\"},\"image\":{\"@id\":\"https:\\\/\\\/regiaonews.net.br\\\/2022\\\/2021\\\/09\\\/16\\\/barretos-e-comtemplada-com-30-bolsas-para-curso-de-qualificacao-profissional-na-area-do-turismo\\\/#primaryimage\"},\"thumbnailUrl\":\"https:\\\/\\\/regiaonews.net.br\\\/2022\\\/wp-content\\\/uploads\\\/2020\\\/08\\\/sala_de_aula_vazia.jpg\",\"articleSection\":[\"Barretos\",\"Cidades\",\"Educa\u00e7\u00e3o\"],\"inLanguage\":\"pt-BR\",\"potentialAction\":[{\"@type\":\"CommentAction\",\"name\":\"Comment\",\"target\":[\"https:\\\/\\\/regiaonews.net.br\\\/2022\\\/2021\\\/09\\\/16\\\/barretos-e-comtemplada-com-30-bolsas-para-curso-de-qualificacao-profissional-na-area-do-turismo\\\/#respond\"]}]},{\"@type\":\"WebPage\",\"@id\":\"https:\\\/\\\/regiaonews.net.br\\\/2022\\\/2021\\\/09\\\/16\\\/barretos-e-comtemplada-com-30-bolsas-para-curso-de-qualificacao-profissional-na-area-do-turismo\\\/\",\"url\":\"https:\\\/\\\/regiaonews.net.br\\\/2022\\\/2021\\\/09\\\/16\\\/barretos-e-comtemplada-com-30-bolsas-para-curso-de-qualificacao-profissional-na-area-do-turismo\\\/\",\"name\":\"Barretos \u00e9 comtemplada com 30 bolsas para curso de qualifica\u00e7\u00e3o profissional na \u00e1rea do Turismo - Regi\u00e3o News\",\"isPartOf\":{\"@id\":\"https:\\\/\\\/regiaonews.net.br\\\/2022\\\/#website\"},\"primaryImageOfPage\":{\"@id\":\"https:\\\/\\\/regiaonews.net.br\\\/2022\\\/2021\\\/09\\\/16\\\/barretos-e-comtemplada-com-30-bolsas-para-curso-de-qualificacao-profissional-na-area-do-turismo\\\/#primaryimage\"},\"image\":{\"@id\":\"https:\\\/\\\/regiaonews.net.br\\\/2022\\\/2021\\\/09\\\/16\\\/barretos-e-comtemplada-com-30-bolsas-para-curso-de-qualificacao-profissional-na-area-do-turismo\\\/#primaryimage\"},\"thumbnailUrl\":\"https:\\\/\\\/regiaonews.net.br\\\/2022\\\/wp-content\\\/uploads\\\/2020\\\/08\\\/sala_de_aula_vazia.jpg\",\"datePublished\":\"2021-09-16T22:42:35+00:00\",\"breadcrumb\":{\"@id\":\"https:\\\/\\\/regiaonews.net.br\\\/2022\\\/2021\\\/09\\\/16\\\/barretos-e-comtemplada-com-30-bolsas-para-curso-de-qualificacao-profissional-na-area-do-turismo\\\/#breadcrumb\"},\"inLanguage\":\"pt-BR\",\"potentialAction\":[{\"@type\":\"ReadAction\",\"target\":[\"https:\\\/\\\/regiaonews.net.br\\\/2022\\\/2021\\\/09\\\/16\\\/barretos-e-comtemplada-com-30-bolsas-para-curso-de-qualificacao-profissional-na-area-do-turismo\\\/\"]}]},{\"@type\":\"ImageObject\",\"inLanguage\":\"pt-BR\",\"@id\":\"https:\\\/\\\/regiaonews.net.br\\\/2022\\\/2021\\\/09\\\/16\\\/barretos-e-comtemplada-com-30-bolsas-para-curso-de-qualificacao-profissional-na-area-do-turismo\\\/#primaryimage\",\"url\":\"https:\\\/\\\/regiaonews.net.br\\\/2022\\\/wp-content\\\/uploads\\\/2020\\\/08\\\/sala_de_aula_vazia.jpg\",\"contentUrl\":\"https:\\\/\\\/regiaonews.net.br\\\/2022\\\/wp-content\\\/uploads\\\/2020\\\/08\\\/sala_de_aula_vazia.jpg\",\"width\":400,\"height\":300},{\"@type\":\"BreadcrumbList\",\"@id\":\"https:\\\/\\\/regiaonews.net.br\\\/2022\\\/2021\\\/09\\\/16\\\/barretos-e-comtemplada-com-30-bolsas-para-curso-de-qualificacao-profissional-na-area-do-turismo\\\/#breadcrumb\",\"itemListElement\":[{\"@type\":\"ListItem\",\"position\":1,\"name\":\"In\u00edcio\",\"item\":\"https:\\\/\\\/regiaonews.net.br\\\/2022\\\/\"},{\"@type\":\"ListItem\",\"position\":2,\"name\":\"Barretos \u00e9 comtemplada com 30 bolsas para curso de qualifica\u00e7\u00e3o profissional na \u00e1rea do Turismo\"}]},{\"@type\":\"WebSite\",\"@id\":\"https:\\\/\\\/regiaonews.net.br\\\/2022\\\/#website\",\"url\":\"https:\\\/\\\/regiaonews.net.br\\\/2022\\\/\",\"name\":\"Regi\u00e3o News\",\"description\":\"Site de Not\u00edcias de Barretos e regi\u00e3o\",\"publisher\":{\"@id\":\"https:\\\/\\\/regiaonews.net.br\\\/2022\\\/#organization\"},\"potentialAction\":[{\"@type\":\"SearchAction\",\"target\":{\"@type\":\"EntryPoint\",\"urlTemplate\":\"https:\\\/\\\/regiaonews.net.br\\\/2022\\\/?s={search_term_string}\"},\"query-input\":{\"@type\":\"PropertyValueSpecification\",\"valueRequired\":true,\"valueName\":\"search_term_string\"}}],\"inLanguage\":\"pt-BR\"},{\"@type\":\"Organization\",\"@id\":\"https:\\\/\\\/regiaonews.net.br\\\/2022\\\/#organization\",\"name\":\"Regi\u00e3o News\",\"url\":\"https:\\\/\\\/regiaonews.net.br\\\/2022\\\/\",\"logo\":{\"@type\":\"ImageObject\",\"inLanguage\":\"pt-BR\",\"@id\":\"https:\\\/\\\/regiaonews.net.br\\\/2022\\\/#\\\/schema\\\/logo\\\/image\\\/\",\"url\":\"https:\\\/\\\/regiaonews.net.br\\\/2022\\\/wp-content\\\/uploads\\\/2026\\\/03\\\/regiao-13-anos-scaled.jpg\",\"contentUrl\":\"https:\\\/\\\/regiaonews.net.br\\\/2022\\\/wp-content\\\/uploads\\\/2026\\\/03\\\/regiao-13-anos-scaled.jpg\",\"width\":2560,\"height\":635,\"caption\":\"Regi\u00e3o News\"},\"image\":{\"@id\":\"https:\\\/\\\/regiaonews.net.br\\\/2022\\\/#\\\/schema\\\/logo\\\/image\\\/\"}},{\"@type\":\"Person\",\"@id\":\"https:\\\/\\\/regiaonews.net.br\\\/2022\\\/#\\\/schema\\\/person\\\/2d205a608a5aa97ac279d7a5e6d89ad8\",\"name\":\"Roberto\",\"image\":{\"@type\":\"ImageObject\",\"inLanguage\":\"pt-BR\",\"@id\":\"https:\\\/\\\/secure.gravatar.com\\\/avatar\\\/42749d8b712ff9d59ca93dc150494e5b55a44134482993f5baeb97e61b7ecc89?s=96&d=mm&r=g\",\"url\":\"https:\\\/\\\/secure.gravatar.com\\\/avatar\\\/42749d8b712ff9d59ca93dc150494e5b55a44134482993f5baeb97e61b7ecc89?s=96&d=mm&r=g\",\"contentUrl\":\"https:\\\/\\\/secure.gravatar.com\\\/avatar\\\/42749d8b712ff9d59ca93dc150494e5b55a44134482993f5baeb97e61b7ecc89?s=96&d=mm&r=g\",\"caption\":\"Roberto\"},\"url\":\"https:\\\/\\\/regiaonews.net.br\\\/2022\\\/author\\\/roberto\\\/\"}]}<\/script>\n<!-- \/ Yoast SEO plugin. -->","yoast_head_json":{"title":"Barretos \u00e9 comtemplada com 30 bolsas para curso de qualifica\u00e7\u00e3o profissional na \u00e1rea do Turismo - Regi\u00e3o News","robots":{"index":"index","follow":"follow","max-snippet":"max-snippet:-1","max-image-preview":"max-image-preview:large","max-video-preview":"max-video-preview:-1"},"canonical":"https:\/\/regiaonews.net.br\/2022\/2021\/09\/16\/barretos-e-comtemplada-com-30-bolsas-para-curso-de-qualificacao-profissional-na-area-do-turismo\/","og_locale":"pt_BR","og_type":"article","og_title":"Barretos \u00e9 comtemplada com 30 bolsas para curso de qualifica\u00e7\u00e3o profissional na \u00e1rea do Turismo - Regi\u00e3o News","og_description":"Barretos conquista mais um curso de qualifica\u00e7\u00e3o profissional do Via","og_url":"https:\/\/regiaonews.net.br\/2022\/2021\/09\/16\/barretos-e-comtemplada-com-30-bolsas-para-curso-de-qualificacao-profissional-na-area-do-turismo\/","og_site_name":"Regi\u00e3o News","article_published_time":"2021-09-16T22:42:35+00:00","og_image":[{"width":400,"height":300,"url":"https:\/\/regiaonews.net.br\/2022\/wp-content\/uploads\/2020\/08\/sala_de_aula_vazia.jpg","type":"image\/jpeg"}],"author":"Roberto","twitter_card":"summary_large_image","twitter_misc":{"Escrito por":"Roberto","Est. tempo de leitura":"2 minutos"},"schema":{"@context":"https:\/\/schema.org","@graph":[{"@type":"Article","@id":"https:\/\/regiaonews.net.br\/2022\/2021\/09\/16\/barretos-e-comtemplada-com-30-bolsas-para-curso-de-qualificacao-profissional-na-area-do-turismo\/#article","isPartOf":{"@id":"https:\/\/regiaonews.net.br\/2022\/2021\/09\/16\/barretos-e-comtemplada-com-30-bolsas-para-curso-de-qualificacao-profissional-na-area-do-turismo\/"},"author":{"name":"Roberto","@id":"https:\/\/regiaonews.net.br\/2022\/#\/schema\/person\/2d205a608a5aa97ac279d7a5e6d89ad8"},"headline":"Barretos \u00e9 comtemplada com 30 bolsas para curso de qualifica\u00e7\u00e3o profissional na \u00e1rea do Turismo","datePublished":"2021-09-16T22:42:35+00:00","mainEntityOfPage":{"@id":"https:\/\/regiaonews.net.br\/2022\/2021\/09\/16\/barretos-e-comtemplada-com-30-bolsas-para-curso-de-qualificacao-profissional-na-area-do-turismo\/"},"wordCount":321,"commentCount":0,"publisher":{"@id":"https:\/\/regiaonews.net.br\/2022\/#organization"},"image":{"@id":"https:\/\/regiaonews.net.br\/2022\/2021\/09\/16\/barretos-e-comtemplada-com-30-bolsas-para-curso-de-qualificacao-profissional-na-area-do-turismo\/#primaryimage"},"thumbnailUrl":"https:\/\/regiaonews.net.br\/2022\/wp-content\/uploads\/2020\/08\/sala_de_aula_vazia.jpg","articleSection":["Barretos","Cidades","Educa\u00e7\u00e3o"],"inLanguage":"pt-BR","potentialAction":[{"@type":"CommentAction","name":"Comment","target":["https:\/\/regiaonews.net.br\/2022\/2021\/09\/16\/barretos-e-comtemplada-com-30-bolsas-para-curso-de-qualificacao-profissional-na-area-do-turismo\/#respond"]}]},{"@type":"WebPage","@id":"https:\/\/regiaonews.net.br\/2022\/2021\/09\/16\/barretos-e-comtemplada-com-30-bolsas-para-curso-de-qualificacao-profissional-na-area-do-turismo\/","url":"https:\/\/regiaonews.net.br\/2022\/2021\/09\/16\/barretos-e-comtemplada-com-30-bolsas-para-curso-de-qualificacao-profissional-na-area-do-turismo\/","name":"Barretos \u00e9 comtemplada com 30 bolsas para curso de qualifica\u00e7\u00e3o profissional na \u00e1rea do Turismo - Regi\u00e3o News","isPartOf":{"@id":"https:\/\/regiaonews.net.br\/2022\/#website"},"primaryImageOfPage":{"@id":"https:\/\/regiaonews.net.br\/2022\/2021\/09\/16\/barretos-e-comtemplada-com-30-bolsas-para-curso-de-qualificacao-profissional-na-area-do-turismo\/#primaryimage"},"image":{"@id":"https:\/\/regiaonews.net.br\/2022\/2021\/09\/16\/barretos-e-comtemplada-com-30-bolsas-para-curso-de-qualificacao-profissional-na-area-do-turismo\/#primaryimage"},"thumbnailUrl":"https:\/\/regiaonews.net.br\/2022\/wp-content\/uploads\/2020\/08\/sala_de_aula_vazia.jpg","datePublished":"2021-09-16T22:42:35+00:00","breadcrumb":{"@id":"https:\/\/regiaonews.net.br\/2022\/2021\/09\/16\/barretos-e-comtemplada-com-30-bolsas-para-curso-de-qualificacao-profissional-na-area-do-turismo\/#breadcrumb"},"inLanguage":"pt-BR","potentialAction":[{"@type":"ReadAction","target":["https:\/\/regiaonews.net.br\/2022\/2021\/09\/16\/barretos-e-comtemplada-com-30-bolsas-para-curso-de-qualificacao-profissional-na-area-do-turismo\/"]}]},{"@type":"ImageObject","inLanguage":"pt-BR","@id":"https:\/\/regiaonews.net.br\/2022\/2021\/09\/16\/barretos-e-comtemplada-com-30-bolsas-para-curso-de-qualificacao-profissional-na-area-do-turismo\/#primaryimage","url":"https:\/\/regiaonews.net.br\/2022\/wp-content\/uploads\/2020\/08\/sala_de_aula_vazia.jpg","contentUrl":"https:\/\/regiaonews.net.br\/2022\/wp-content\/uploads\/2020\/08\/sala_de_aula_vazia.jpg","width":400,"height":300},{"@type":"BreadcrumbList","@id":"https:\/\/regiaonews.net.br\/2022\/2021\/09\/16\/barretos-e-comtemplada-com-30-bolsas-para-curso-de-qualificacao-profissional-na-area-do-turismo\/#breadcrumb","itemListElement":[{"@type":"ListItem","position":1,"name":"In\u00edcio","item":"https:\/\/regiaonews.net.br\/2022\/"},{"@type":"ListItem","position":2,"name":"Barretos \u00e9 comtemplada com 30 bolsas para curso de qualifica\u00e7\u00e3o profissional na \u00e1rea do Turismo"}]},{"@type":"WebSite","@id":"https:\/\/regiaonews.net.br\/2022\/#website","url":"https:\/\/regiaonews.net.br\/2022\/","name":"Regi\u00e3o News","description":"Site de Not\u00edcias de Barretos e regi\u00e3o","publisher":{"@id":"https:\/\/regiaonews.net.br\/2022\/#organization"},"potentialAction":[{"@type":"SearchAction","target":{"@type":"EntryPoint","urlTemplate":"https:\/\/regiaonews.net.br\/2022\/?s={search_term_string}"},"query-input":{"@type":"PropertyValueSpecification","valueRequired":true,"valueName":"search_term_string"}}],"inLanguage":"pt-BR"},{"@type":"Organization","@id":"https:\/\/regiaonews.net.br\/2022\/#organization","name":"Regi\u00e3o News","url":"https:\/\/regiaonews.net.br\/2022\/","logo":{"@type":"ImageObject","inLanguage":"pt-BR","@id":"https:\/\/regiaonews.net.br\/2022\/#\/schema\/logo\/image\/","url":"https:\/\/regiaonews.net.br\/2022\/wp-content\/uploads\/2026\/03\/regiao-13-anos-scaled.jpg","contentUrl":"https:\/\/regiaonews.net.br\/2022\/wp-content\/uploads\/2026\/03\/regiao-13-anos-scaled.jpg","width":2560,"height":635,"caption":"Regi\u00e3o News"},"image":{"@id":"https:\/\/regiaonews.net.br\/2022\/#\/schema\/logo\/image\/"}},{"@type":"Person","@id":"https:\/\/regiaonews.net.br\/2022\/#\/schema\/person\/2d205a608a5aa97ac279d7a5e6d89ad8","name":"Roberto","image":{"@type":"ImageObject","inLanguage":"pt-BR","@id":"https:\/\/secure.gravatar.com\/avatar\/42749d8b712ff9d59ca93dc150494e5b55a44134482993f5baeb97e61b7ecc89?s=96&d=mm&r=g","url":"https:\/\/secure.gravatar.com\/avatar\/42749d8b712ff9d59ca93dc150494e5b55a44134482993f5baeb97e61b7ecc89?s=96&d=mm&r=g","contentUrl":"https:\/\/secure.gravatar.com\/avatar\/42749d8b712ff9d59ca93dc150494e5b55a44134482993f5baeb97e61b7ecc89?s=96&d=mm&r=g","caption":"Roberto"},"url":"https:\/\/regiaonews.net.br\/2022\/author\/roberto\/"}]}},"publishpress_future_action":{"enabled":false,"date":"2026-05-03 01:45:46","action":"change-status","newStatus":"draft","terms":[],"taxonomy":"category","extraData":[]},"publishpress_future_workflow_manual_trigger":{"enabledWorkflows":[]},"_links":{"self":[{"href":"https:\/\/regiaonews.net.br\/2022\/wp-json\/wp\/v2\/posts\/53423","targetHints":{"allow":["GET"]}}],"collection":[{"href":"https:\/\/regiaonews.net.br\/2022\/wp-json\/wp\/v2\/posts"}],"about":[{"href":"https:\/\/regiaonews.net.br\/2022\/wp-json\/wp\/v2\/types\/post"}],"author":[{"embeddable":true,"href":"https:\/\/regiaonews.net.br\/2022\/wp-json\/wp\/v2\/users\/2"}],"replies":[{"embeddable":true,"href":"https:\/\/regiaonews.net.br\/2022\/wp-json\/wp\/v2\/comments?post=53423"}],"version-history":[{"count":0,"href":"https:\/\/regiaonews.net.br\/2022\/wp-json\/wp\/v2\/posts\/53423\/revisions"}],"wp:featuredmedia":[{"embeddable":true,"href":"https:\/\/regiaonews.net.br\/2022\/wp-json\/wp\/v2\/media\/36230"}],"wp:attachment":[{"href":"https:\/\/regiaonews.net.br\/2022\/wp-json\/wp\/v2\/media?parent=53423"}],"wp:term":[{"taxonomy":"category","embeddable":true,"href":"https:\/\/regiaonews.net.br\/2022\/wp-json\/wp\/v2\/categories?post=53423"},{"taxonomy":"post_tag","embeddable":true,"href":"https:\/\/regiaonews.net.br\/2022\/wp-json\/wp\/v2\/tags?post=53423"}],"curies":[{"name":"wp","href":"https:\/\/api.w.org\/{rel}","templated":true}]}}