{"id":53143,"date":"2021-09-10T15:29:25","date_gmt":"2021-09-10T18:29:25","guid":{"rendered":"https:\/\/regiaonews.net.br\/2022\/?p=53143"},"modified":"2021-09-10T15:29:25","modified_gmt":"2021-09-10T18:29:25","slug":"acib-e-sincomercio-informam-sobre-funcionamento-nos-proximos-feriados","status":"publish","type":"post","link":"https:\/\/regiaonews.net.br\/2022\/2021\/09\/10\/acib-e-sincomercio-informam-sobre-funcionamento-nos-proximos-feriados\/","title":{"rendered":"ACIB\u00a0\u00a0e Sincomercio informam sobre funcionamento nos pr\u00f3ximos feriados"},"content":{"rendered":"<div dir=\"ltr\">\n<div>\n<p align=\"center\"><a href=\"https:\/\/regiaonews.net.br\/2022\/wp-content\/uploads\/2021\/09\/IZA_7277-1-scaled.jpg\"><img loading=\"lazy\" decoding=\"async\" class=\"alignnone size-medium wp-image-53144\" src=\"https:\/\/regiaonews.net.br\/2022\/wp-content\/uploads\/2021\/09\/IZA_7277-1-300x200.jpg\" alt=\"\" width=\"300\" height=\"200\" \/><\/a><\/p>\n<p>A Associa\u00e7\u00e3o Comercial e Industrial de Barretos \u2013 ACIB e Sincomercio, informam sobre o funcionamento do com\u00e9rcio nos pr\u00f3ximos feriados nos meses de outbro e novembro\/ 2021:<\/p>\n<p>Dia 12 de outubro\/ 2021 (Feriado do dia de Nossa Senhora e dia das crian\u00e7as)\u00a0\u00a0o com\u00e9rcio permanece\u00a0<b>fechado<\/b>.<\/p>\n<p>Dias 2 de novembro\/ 2021 (Finados), 15 de novembro\/2021 (Dia da Proclama\u00e7\u00e3o da Rep\u00fablica) e 20\/11 (Dia da Consci\u00eancia Negra)\u00a0\u00a0o com\u00e9rcio tem\u00a0<b>abertura facultativa<\/b>, seguindo o hor\u00e1rio normal de funcionamento, com abertura a partir das 9h e fechamento \u00e0s 18h.<\/p>\n<p>Todo o\u00a0\u00a0atendimento deve ser realizado com aten\u00e7\u00e3o ao\u00a0\u00a0distanciamento social dentro das lojas, entrada de n\u00famero ordenado de clientes e a obrigatoriedade da utiliza\u00e7\u00e3o de m\u00e1scaras por clientes e colaboradores, al\u00e9m da necessidade do uso de \u00e1lcool em gel.<\/p>\n<\/div>\n<\/div>\n<div dir=\"ltr\">Foto: Izabela Pivotto Abe<\/div>\n","protected":false},"excerpt":{"rendered":"<p>A Associa\u00e7\u00e3o Comercial e Industrial de Barretos \u2013 ACIB e<\/p>\n","protected":false},"author":2,"featured_media":53144,"comment_status":"open","ping_status":"open","sticky":false,"template":"","format":"standard","meta":{"footnotes":""},"categories":[14,25,48],"tags":[],"class_list":["post-53143","post","type-post","status-publish","format-standard","has-post-thumbnail","hentry","category-barretos","category-cidades","category-comercio"],"yoast_head":"<!-- This site is optimized with the Yoast SEO plugin v27.4 - https:\/\/yoast.com\/product\/yoast-seo-wordpress\/ -->\n<title>ACIB\u00a0\u00a0e Sincomercio informam sobre funcionamento nos pr\u00f3ximos feriados - Regi\u00e3o News<\/title>\n<meta name=\"robots\" content=\"index, follow, max-snippet:-1, max-image-preview:large, max-video-preview:-1\" \/>\n<link rel=\"canonical\" href=\"https:\/\/regiaonews.net.br\/2022\/2021\/09\/10\/acib-e-sincomercio-informam-sobre-funcionamento-nos-proximos-feriados\/\" \/>\n<meta property=\"og:locale\" content=\"pt_BR\" \/>\n<meta property=\"og:type\" content=\"article\" \/>\n<meta property=\"og:title\" content=\"ACIB\u00a0\u00a0e Sincomercio informam sobre funcionamento nos pr\u00f3ximos feriados - Regi\u00e3o News\" \/>\n<meta property=\"og:description\" content=\"A Associa\u00e7\u00e3o Comercial e Industrial de Barretos \u2013 ACIB e\" \/>\n<meta property=\"og:url\" content=\"https:\/\/regiaonews.net.br\/2022\/2021\/09\/10\/acib-e-sincomercio-informam-sobre-funcionamento-nos-proximos-feriados\/\" \/>\n<meta property=\"og:site_name\" content=\"Regi\u00e3o News\" \/>\n<meta property=\"article:published_time\" content=\"2021-09-10T18:29:25+00:00\" \/>\n<meta property=\"og:image\" content=\"https:\/\/regiaonews.net.br\/2022\/wp-content\/uploads\/2021\/09\/IZA_7277-1-scaled.jpg\" \/>\n\t<meta property=\"og:image:width\" content=\"6016\" \/>\n\t<meta property=\"og:image:height\" content=\"4016\" \/>\n\t<meta property=\"og:image:type\" content=\"image\/jpeg\" \/>\n<meta name=\"author\" content=\"Roberto\" \/>\n<meta name=\"twitter:card\" content=\"summary_large_image\" \/>\n<meta name=\"twitter:label1\" content=\"Escrito por\" \/>\n\t<meta name=\"twitter:data1\" content=\"Roberto\" \/>\n\t<meta name=\"twitter:label2\" content=\"Est. tempo de leitura\" \/>\n\t<meta name=\"twitter:data2\" content=\"1 minuto\" \/>\n<script type=\"application\/ld+json\" class=\"yoast-schema-graph\">{\"@context\":\"https:\\\/\\\/schema.org\",\"@graph\":[{\"@type\":\"Article\",\"@id\":\"https:\\\/\\\/regiaonews.net.br\\\/2022\\\/2021\\\/09\\\/10\\\/acib-e-sincomercio-informam-sobre-funcionamento-nos-proximos-feriados\\\/#article\",\"isPartOf\":{\"@id\":\"https:\\\/\\\/regiaonews.net.br\\\/2022\\\/2021\\\/09\\\/10\\\/acib-e-sincomercio-informam-sobre-funcionamento-nos-proximos-feriados\\\/\"},\"author\":{\"name\":\"Roberto\",\"@id\":\"https:\\\/\\\/regiaonews.net.br\\\/2022\\\/#\\\/schema\\\/person\\\/2d205a608a5aa97ac279d7a5e6d89ad8\"},\"headline\":\"ACIB\u00a0\u00a0e Sincomercio informam sobre funcionamento nos pr\u00f3ximos feriados\",\"datePublished\":\"2021-09-10T18:29:25+00:00\",\"mainEntityOfPage\":{\"@id\":\"https:\\\/\\\/regiaonews.net.br\\\/2022\\\/2021\\\/09\\\/10\\\/acib-e-sincomercio-informam-sobre-funcionamento-nos-proximos-feriados\\\/\"},\"wordCount\":148,\"commentCount\":0,\"publisher\":{\"@id\":\"https:\\\/\\\/regiaonews.net.br\\\/2022\\\/#organization\"},\"image\":{\"@id\":\"https:\\\/\\\/regiaonews.net.br\\\/2022\\\/2021\\\/09\\\/10\\\/acib-e-sincomercio-informam-sobre-funcionamento-nos-proximos-feriados\\\/#primaryimage\"},\"thumbnailUrl\":\"https:\\\/\\\/regiaonews.net.br\\\/2022\\\/wp-content\\\/uploads\\\/2021\\\/09\\\/IZA_7277-1-scaled.jpg\",\"articleSection\":[\"Barretos\",\"Cidades\",\"Com\u00e9rcio\"],\"inLanguage\":\"pt-BR\",\"potentialAction\":[{\"@type\":\"CommentAction\",\"name\":\"Comment\",\"target\":[\"https:\\\/\\\/regiaonews.net.br\\\/2022\\\/2021\\\/09\\\/10\\\/acib-e-sincomercio-informam-sobre-funcionamento-nos-proximos-feriados\\\/#respond\"]}]},{\"@type\":\"WebPage\",\"@id\":\"https:\\\/\\\/regiaonews.net.br\\\/2022\\\/2021\\\/09\\\/10\\\/acib-e-sincomercio-informam-sobre-funcionamento-nos-proximos-feriados\\\/\",\"url\":\"https:\\\/\\\/regiaonews.net.br\\\/2022\\\/2021\\\/09\\\/10\\\/acib-e-sincomercio-informam-sobre-funcionamento-nos-proximos-feriados\\\/\",\"name\":\"ACIB\u00a0\u00a0e Sincomercio informam sobre funcionamento nos pr\u00f3ximos feriados - Regi\u00e3o News\",\"isPartOf\":{\"@id\":\"https:\\\/\\\/regiaonews.net.br\\\/2022\\\/#website\"},\"primaryImageOfPage\":{\"@id\":\"https:\\\/\\\/regiaonews.net.br\\\/2022\\\/2021\\\/09\\\/10\\\/acib-e-sincomercio-informam-sobre-funcionamento-nos-proximos-feriados\\\/#primaryimage\"},\"image\":{\"@id\":\"https:\\\/\\\/regiaonews.net.br\\\/2022\\\/2021\\\/09\\\/10\\\/acib-e-sincomercio-informam-sobre-funcionamento-nos-proximos-feriados\\\/#primaryimage\"},\"thumbnailUrl\":\"https:\\\/\\\/regiaonews.net.br\\\/2022\\\/wp-content\\\/uploads\\\/2021\\\/09\\\/IZA_7277-1-scaled.jpg\",\"datePublished\":\"2021-09-10T18:29:25+00:00\",\"breadcrumb\":{\"@id\":\"https:\\\/\\\/regiaonews.net.br\\\/2022\\\/2021\\\/09\\\/10\\\/acib-e-sincomercio-informam-sobre-funcionamento-nos-proximos-feriados\\\/#breadcrumb\"},\"inLanguage\":\"pt-BR\",\"potentialAction\":[{\"@type\":\"ReadAction\",\"target\":[\"https:\\\/\\\/regiaonews.net.br\\\/2022\\\/2021\\\/09\\\/10\\\/acib-e-sincomercio-informam-sobre-funcionamento-nos-proximos-feriados\\\/\"]}]},{\"@type\":\"ImageObject\",\"inLanguage\":\"pt-BR\",\"@id\":\"https:\\\/\\\/regiaonews.net.br\\\/2022\\\/2021\\\/09\\\/10\\\/acib-e-sincomercio-informam-sobre-funcionamento-nos-proximos-feriados\\\/#primaryimage\",\"url\":\"https:\\\/\\\/regiaonews.net.br\\\/2022\\\/wp-content\\\/uploads\\\/2021\\\/09\\\/IZA_7277-1-scaled.jpg\",\"contentUrl\":\"https:\\\/\\\/regiaonews.net.br\\\/2022\\\/wp-content\\\/uploads\\\/2021\\\/09\\\/IZA_7277-1-scaled.jpg\",\"width\":6016,\"height\":4016},{\"@type\":\"BreadcrumbList\",\"@id\":\"https:\\\/\\\/regiaonews.net.br\\\/2022\\\/2021\\\/09\\\/10\\\/acib-e-sincomercio-informam-sobre-funcionamento-nos-proximos-feriados\\\/#breadcrumb\",\"itemListElement\":[{\"@type\":\"ListItem\",\"position\":1,\"name\":\"In\u00edcio\",\"item\":\"https:\\\/\\\/regiaonews.net.br\\\/2022\\\/\"},{\"@type\":\"ListItem\",\"position\":2,\"name\":\"ACIB\u00a0\u00a0e Sincomercio informam sobre funcionamento nos pr\u00f3ximos feriados\"}]},{\"@type\":\"WebSite\",\"@id\":\"https:\\\/\\\/regiaonews.net.br\\\/2022\\\/#website\",\"url\":\"https:\\\/\\\/regiaonews.net.br\\\/2022\\\/\",\"name\":\"Regi\u00e3o News\",\"description\":\"Site de Not\u00edcias de Barretos e regi\u00e3o\",\"publisher\":{\"@id\":\"https:\\\/\\\/regiaonews.net.br\\\/2022\\\/#organization\"},\"potentialAction\":[{\"@type\":\"SearchAction\",\"target\":{\"@type\":\"EntryPoint\",\"urlTemplate\":\"https:\\\/\\\/regiaonews.net.br\\\/2022\\\/?s={search_term_string}\"},\"query-input\":{\"@type\":\"PropertyValueSpecification\",\"valueRequired\":true,\"valueName\":\"search_term_string\"}}],\"inLanguage\":\"pt-BR\"},{\"@type\":\"Organization\",\"@id\":\"https:\\\/\\\/regiaonews.net.br\\\/2022\\\/#organization\",\"name\":\"Regi\u00e3o News\",\"url\":\"https:\\\/\\\/regiaonews.net.br\\\/2022\\\/\",\"logo\":{\"@type\":\"ImageObject\",\"inLanguage\":\"pt-BR\",\"@id\":\"https:\\\/\\\/regiaonews.net.br\\\/2022\\\/#\\\/schema\\\/logo\\\/image\\\/\",\"url\":\"https:\\\/\\\/regiaonews.net.br\\\/2022\\\/wp-content\\\/uploads\\\/2026\\\/03\\\/regiao-13-anos-scaled.jpg\",\"contentUrl\":\"https:\\\/\\\/regiaonews.net.br\\\/2022\\\/wp-content\\\/uploads\\\/2026\\\/03\\\/regiao-13-anos-scaled.jpg\",\"width\":2560,\"height\":635,\"caption\":\"Regi\u00e3o News\"},\"image\":{\"@id\":\"https:\\\/\\\/regiaonews.net.br\\\/2022\\\/#\\\/schema\\\/logo\\\/image\\\/\"}},{\"@type\":\"Person\",\"@id\":\"https:\\\/\\\/regiaonews.net.br\\\/2022\\\/#\\\/schema\\\/person\\\/2d205a608a5aa97ac279d7a5e6d89ad8\",\"name\":\"Roberto\",\"image\":{\"@type\":\"ImageObject\",\"inLanguage\":\"pt-BR\",\"@id\":\"https:\\\/\\\/secure.gravatar.com\\\/avatar\\\/42749d8b712ff9d59ca93dc150494e5b55a44134482993f5baeb97e61b7ecc89?s=96&d=mm&r=g\",\"url\":\"https:\\\/\\\/secure.gravatar.com\\\/avatar\\\/42749d8b712ff9d59ca93dc150494e5b55a44134482993f5baeb97e61b7ecc89?s=96&d=mm&r=g\",\"contentUrl\":\"https:\\\/\\\/secure.gravatar.com\\\/avatar\\\/42749d8b712ff9d59ca93dc150494e5b55a44134482993f5baeb97e61b7ecc89?s=96&d=mm&r=g\",\"caption\":\"Roberto\"},\"url\":\"https:\\\/\\\/regiaonews.net.br\\\/2022\\\/author\\\/roberto\\\/\"}]}<\/script>\n<!-- \/ Yoast SEO plugin. -->","yoast_head_json":{"title":"ACIB\u00a0\u00a0e Sincomercio informam sobre funcionamento nos pr\u00f3ximos feriados - Regi\u00e3o News","robots":{"index":"index","follow":"follow","max-snippet":"max-snippet:-1","max-image-preview":"max-image-preview:large","max-video-preview":"max-video-preview:-1"},"canonical":"https:\/\/regiaonews.net.br\/2022\/2021\/09\/10\/acib-e-sincomercio-informam-sobre-funcionamento-nos-proximos-feriados\/","og_locale":"pt_BR","og_type":"article","og_title":"ACIB\u00a0\u00a0e Sincomercio informam sobre funcionamento nos pr\u00f3ximos feriados - Regi\u00e3o News","og_description":"A Associa\u00e7\u00e3o Comercial e Industrial de Barretos \u2013 ACIB e","og_url":"https:\/\/regiaonews.net.br\/2022\/2021\/09\/10\/acib-e-sincomercio-informam-sobre-funcionamento-nos-proximos-feriados\/","og_site_name":"Regi\u00e3o News","article_published_time":"2021-09-10T18:29:25+00:00","og_image":[{"width":6016,"height":4016,"url":"https:\/\/regiaonews.net.br\/2022\/wp-content\/uploads\/2021\/09\/IZA_7277-1-scaled.jpg","type":"image\/jpeg"}],"author":"Roberto","twitter_card":"summary_large_image","twitter_misc":{"Escrito por":"Roberto","Est. tempo de leitura":"1 minuto"},"schema":{"@context":"https:\/\/schema.org","@graph":[{"@type":"Article","@id":"https:\/\/regiaonews.net.br\/2022\/2021\/09\/10\/acib-e-sincomercio-informam-sobre-funcionamento-nos-proximos-feriados\/#article","isPartOf":{"@id":"https:\/\/regiaonews.net.br\/2022\/2021\/09\/10\/acib-e-sincomercio-informam-sobre-funcionamento-nos-proximos-feriados\/"},"author":{"name":"Roberto","@id":"https:\/\/regiaonews.net.br\/2022\/#\/schema\/person\/2d205a608a5aa97ac279d7a5e6d89ad8"},"headline":"ACIB\u00a0\u00a0e Sincomercio informam sobre funcionamento nos pr\u00f3ximos feriados","datePublished":"2021-09-10T18:29:25+00:00","mainEntityOfPage":{"@id":"https:\/\/regiaonews.net.br\/2022\/2021\/09\/10\/acib-e-sincomercio-informam-sobre-funcionamento-nos-proximos-feriados\/"},"wordCount":148,"commentCount":0,"publisher":{"@id":"https:\/\/regiaonews.net.br\/2022\/#organization"},"image":{"@id":"https:\/\/regiaonews.net.br\/2022\/2021\/09\/10\/acib-e-sincomercio-informam-sobre-funcionamento-nos-proximos-feriados\/#primaryimage"},"thumbnailUrl":"https:\/\/regiaonews.net.br\/2022\/wp-content\/uploads\/2021\/09\/IZA_7277-1-scaled.jpg","articleSection":["Barretos","Cidades","Com\u00e9rcio"],"inLanguage":"pt-BR","potentialAction":[{"@type":"CommentAction","name":"Comment","target":["https:\/\/regiaonews.net.br\/2022\/2021\/09\/10\/acib-e-sincomercio-informam-sobre-funcionamento-nos-proximos-feriados\/#respond"]}]},{"@type":"WebPage","@id":"https:\/\/regiaonews.net.br\/2022\/2021\/09\/10\/acib-e-sincomercio-informam-sobre-funcionamento-nos-proximos-feriados\/","url":"https:\/\/regiaonews.net.br\/2022\/2021\/09\/10\/acib-e-sincomercio-informam-sobre-funcionamento-nos-proximos-feriados\/","name":"ACIB\u00a0\u00a0e Sincomercio informam sobre funcionamento nos pr\u00f3ximos feriados - Regi\u00e3o News","isPartOf":{"@id":"https:\/\/regiaonews.net.br\/2022\/#website"},"primaryImageOfPage":{"@id":"https:\/\/regiaonews.net.br\/2022\/2021\/09\/10\/acib-e-sincomercio-informam-sobre-funcionamento-nos-proximos-feriados\/#primaryimage"},"image":{"@id":"https:\/\/regiaonews.net.br\/2022\/2021\/09\/10\/acib-e-sincomercio-informam-sobre-funcionamento-nos-proximos-feriados\/#primaryimage"},"thumbnailUrl":"https:\/\/regiaonews.net.br\/2022\/wp-content\/uploads\/2021\/09\/IZA_7277-1-scaled.jpg","datePublished":"2021-09-10T18:29:25+00:00","breadcrumb":{"@id":"https:\/\/regiaonews.net.br\/2022\/2021\/09\/10\/acib-e-sincomercio-informam-sobre-funcionamento-nos-proximos-feriados\/#breadcrumb"},"inLanguage":"pt-BR","potentialAction":[{"@type":"ReadAction","target":["https:\/\/regiaonews.net.br\/2022\/2021\/09\/10\/acib-e-sincomercio-informam-sobre-funcionamento-nos-proximos-feriados\/"]}]},{"@type":"ImageObject","inLanguage":"pt-BR","@id":"https:\/\/regiaonews.net.br\/2022\/2021\/09\/10\/acib-e-sincomercio-informam-sobre-funcionamento-nos-proximos-feriados\/#primaryimage","url":"https:\/\/regiaonews.net.br\/2022\/wp-content\/uploads\/2021\/09\/IZA_7277-1-scaled.jpg","contentUrl":"https:\/\/regiaonews.net.br\/2022\/wp-content\/uploads\/2021\/09\/IZA_7277-1-scaled.jpg","width":6016,"height":4016},{"@type":"BreadcrumbList","@id":"https:\/\/regiaonews.net.br\/2022\/2021\/09\/10\/acib-e-sincomercio-informam-sobre-funcionamento-nos-proximos-feriados\/#breadcrumb","itemListElement":[{"@type":"ListItem","position":1,"name":"In\u00edcio","item":"https:\/\/regiaonews.net.br\/2022\/"},{"@type":"ListItem","position":2,"name":"ACIB\u00a0\u00a0e Sincomercio informam sobre funcionamento nos pr\u00f3ximos feriados"}]},{"@type":"WebSite","@id":"https:\/\/regiaonews.net.br\/2022\/#website","url":"https:\/\/regiaonews.net.br\/2022\/","name":"Regi\u00e3o News","description":"Site de Not\u00edcias de Barretos e regi\u00e3o","publisher":{"@id":"https:\/\/regiaonews.net.br\/2022\/#organization"},"potentialAction":[{"@type":"SearchAction","target":{"@type":"EntryPoint","urlTemplate":"https:\/\/regiaonews.net.br\/2022\/?s={search_term_string}"},"query-input":{"@type":"PropertyValueSpecification","valueRequired":true,"valueName":"search_term_string"}}],"inLanguage":"pt-BR"},{"@type":"Organization","@id":"https:\/\/regiaonews.net.br\/2022\/#organization","name":"Regi\u00e3o News","url":"https:\/\/regiaonews.net.br\/2022\/","logo":{"@type":"ImageObject","inLanguage":"pt-BR","@id":"https:\/\/regiaonews.net.br\/2022\/#\/schema\/logo\/image\/","url":"https:\/\/regiaonews.net.br\/2022\/wp-content\/uploads\/2026\/03\/regiao-13-anos-scaled.jpg","contentUrl":"https:\/\/regiaonews.net.br\/2022\/wp-content\/uploads\/2026\/03\/regiao-13-anos-scaled.jpg","width":2560,"height":635,"caption":"Regi\u00e3o News"},"image":{"@id":"https:\/\/regiaonews.net.br\/2022\/#\/schema\/logo\/image\/"}},{"@type":"Person","@id":"https:\/\/regiaonews.net.br\/2022\/#\/schema\/person\/2d205a608a5aa97ac279d7a5e6d89ad8","name":"Roberto","image":{"@type":"ImageObject","inLanguage":"pt-BR","@id":"https:\/\/secure.gravatar.com\/avatar\/42749d8b712ff9d59ca93dc150494e5b55a44134482993f5baeb97e61b7ecc89?s=96&d=mm&r=g","url":"https:\/\/secure.gravatar.com\/avatar\/42749d8b712ff9d59ca93dc150494e5b55a44134482993f5baeb97e61b7ecc89?s=96&d=mm&r=g","contentUrl":"https:\/\/secure.gravatar.com\/avatar\/42749d8b712ff9d59ca93dc150494e5b55a44134482993f5baeb97e61b7ecc89?s=96&d=mm&r=g","caption":"Roberto"},"url":"https:\/\/regiaonews.net.br\/2022\/author\/roberto\/"}]}},"publishpress_future_action":{"enabled":false,"date":"2026-05-03 03:14:28","action":"change-status","newStatus":"draft","terms":[],"taxonomy":"category","extraData":[]},"publishpress_future_workflow_manual_trigger":{"enabledWorkflows":[]},"_links":{"self":[{"href":"https:\/\/regiaonews.net.br\/2022\/wp-json\/wp\/v2\/posts\/53143","targetHints":{"allow":["GET"]}}],"collection":[{"href":"https:\/\/regiaonews.net.br\/2022\/wp-json\/wp\/v2\/posts"}],"about":[{"href":"https:\/\/regiaonews.net.br\/2022\/wp-json\/wp\/v2\/types\/post"}],"author":[{"embeddable":true,"href":"https:\/\/regiaonews.net.br\/2022\/wp-json\/wp\/v2\/users\/2"}],"replies":[{"embeddable":true,"href":"https:\/\/regiaonews.net.br\/2022\/wp-json\/wp\/v2\/comments?post=53143"}],"version-history":[{"count":0,"href":"https:\/\/regiaonews.net.br\/2022\/wp-json\/wp\/v2\/posts\/53143\/revisions"}],"wp:featuredmedia":[{"embeddable":true,"href":"https:\/\/regiaonews.net.br\/2022\/wp-json\/wp\/v2\/media\/53144"}],"wp:attachment":[{"href":"https:\/\/regiaonews.net.br\/2022\/wp-json\/wp\/v2\/media?parent=53143"}],"wp:term":[{"taxonomy":"category","embeddable":true,"href":"https:\/\/regiaonews.net.br\/2022\/wp-json\/wp\/v2\/categories?post=53143"},{"taxonomy":"post_tag","embeddable":true,"href":"https:\/\/regiaonews.net.br\/2022\/wp-json\/wp\/v2\/tags?post=53143"}],"curies":[{"name":"wp","href":"https:\/\/api.w.org\/{rel}","templated":true}]}}