{"id":53132,"date":"2021-09-10T14:05:51","date_gmt":"2021-09-10T17:05:51","guid":{"rendered":"https:\/\/regiaonews.net.br\/2022\/?p=53132"},"modified":"2021-09-10T14:05:51","modified_gmt":"2021-09-10T17:05:51","slug":"estrategias-para-vacinar-adolescentes-devem-envolver-ambiente-escolar","status":"publish","type":"post","link":"https:\/\/regiaonews.net.br\/2022\/2021\/09\/10\/estrategias-para-vacinar-adolescentes-devem-envolver-ambiente-escolar\/","title":{"rendered":"Estrat\u00e9gias para vacinar adolescentes devem envolver ambiente escolar"},"content":{"rendered":"<p>&nbsp;<\/p>\n<p><a href=\"https:\/\/regiaonews.net.br\/2022\/wp-content\/uploads\/2021\/09\/alunos_para_aulas_presenciais_na_escola_emei_angelo_martino_na_bela_vista.040820213699.jpg\"><img loading=\"lazy\" decoding=\"async\" class=\"size-medium wp-image-53133\" src=\"https:\/\/regiaonews.net.br\/2022\/wp-content\/uploads\/2021\/09\/alunos_para_aulas_presenciais_na_escola_emei_angelo_martino_na_bela_vista.040820213699-300x179.jpg\" alt=\"\" width=\"300\" height=\"179\" \/><\/a><\/p>\n<p>&nbsp;<\/p>\n<p>Conscientizar professores, pedir a carteira de vacina\u00e7\u00e3o na matr\u00edcula escolar e at\u00e9 levar os vacinadores \u00e0s escolas s\u00e3o iniciativas que podem ajudar a reverter o cen\u00e1rio de baixas coberturas vacinais na adolesc\u00eancia. Pediatra do Programa Nacional de Imuniza\u00e7\u00f5es, Ana Goretti Kalume Maranh\u00e3o participou hoje (10) da Jornada Nacional de Imuniza\u00e7\u00f5es e defendeu que melhorar a articula\u00e7\u00e3o entre sa\u00fade e educa\u00e7\u00e3o \u00e9 um dos caminhos para elevar a prote\u00e7\u00e3o dos adolescentes.<img decoding=\"async\" src=\"https:\/\/agenciabrasil.ebc.com.br\/ebc.png?id=1421309&amp;o=node\" \/><img decoding=\"async\" src=\"https:\/\/agenciabrasil.ebc.com.br\/ebc.gif?id=1421309&amp;o=node\" \/><\/p>\n<p>&#8220;Vacinar adolescentes \u00e9 um desafio em todo o mundo. Apesar de o adolescente se achar invenc\u00edvel e n\u00e3o buscar unidades de sa\u00fade, ele continua vulner\u00e1vel a doen\u00e7as imunopreven\u00edveis&#8221;, contextualiza a pediatra. &#8220;\u00c9 nessa faixa et\u00e1ria em que come\u00e7am as viagens, as festas em ambientes fechados, a experimenta\u00e7\u00e3o tanto sexual, quanto drogas e \u00e1lcool. \u00c9 a faixa et\u00e1ria que mais tem acesso \u00e0s redes sociais e mais se influencia, e \u00e9 tamb\u00e9m a faixa et\u00e1ria mais atingida pelas\u00a0<em>fake news<\/em>&#8220;.<\/p>\n<p>Todos esses desafios s\u00f3 aumentaram com a pandemia de covid-19, que causou o fechamento das escolas e afastou a popula\u00e7\u00e3o das unidades de sa\u00fade. Correr atr\u00e1s desse preju\u00edzo, defende Ana Goretti, passa por um maior envolvimento da escola na vacina\u00e7\u00e3o. &#8220;A experi\u00eancia com outros pa\u00edses tem demonstrado que onde voc\u00ea tem as maiores coberturas vacinais \u00e9 onde a gente tem a vacina\u00e7\u00e3o dentro do ambiente escolar&#8221;, diz ela, que reconhece as dificuldades de realizar isso em um momento de esfor\u00e7os concentrados na vacina\u00e7\u00e3o contra a covid-19. &#8220;Se o adolescente n\u00e3o vai \u00e0 unidade de sa\u00fade, a unidade de sa\u00fade precisa fazer uma estrat\u00e9gia para ir ao adolescente&#8221;.<\/p>\n<p>A pediatra acredita que materiais de divulga\u00e7\u00e3o direcionados aos professores s\u00e3o uma forma de levar o tema da preven\u00e7\u00e3o para a sala de aula. &#8220;Um professor sensibilizado tem contato com as fam\u00edlias e \u00e9 ele que tem contato com os adolescentes. N\u00e3o \u00e9 que o professor v\u00e1 abrir a caderneta de vacina\u00e7\u00e3o, at\u00e9 porque hoje ela \u00e9 t\u00e3o complexa que at\u00e9 o profissional de sa\u00fade fica um pouco confuso ao analis\u00e1-la. Mas que isso esteja na pauta dos nossos professores&#8221;.<\/p>\n<p>Outra forma de incentivar a imuniza\u00e7\u00e3o \u00e9 incluir a apresenta\u00e7\u00e3o da caderneta de vacina\u00e7\u00e3o no ato da matr\u00edcula escolar. Ana Goretti explica que essa medida n\u00e3o significa impedir a matr\u00edcula de quem n\u00e3o est\u00e1 vacinado, mas, sim, criar uma oportunidade de conscientiza\u00e7\u00e3o diante da apresenta\u00e7\u00e3o do documento. Dados mostrados por ela indicam que onde essa medida j\u00e1 est\u00e1 em vigor, como Paran\u00e1, Pernambuco e Esp\u00edrito Santo, a cobertura da vacina para o HPV \u00e9 maior que em outras unidades da federa\u00e7\u00e3o que n\u00e3o adotaram a medida.<\/p>\n<p>Considerada por Ana Goretti o maior alvo das\u00a0<em>fake news<\/em>, a vacina contra o HPV est\u00e1 longe de atingir as metas do Programa Nacional de Imuniza\u00e7\u00f5es (PNI) e da Organiza\u00e7\u00e3o Mundial da Sa\u00fade (OMS). Entre os adolescentes de 11 a 14 anos, 66% das meninas e 36% dos meninos conclu\u00edram o esquema de duas doses, quando as metas s\u00e3o de 90%, no caso da OMS, e de 80%, no caso do Brasil.<\/p>\n<p>Desde 2017, a vacina \u00e9 recomendada para meninas de 9 a 14 anos e meninos de 11 a 14 anos. O Brasil \u00e9 um dos 112 pa\u00edses que aplicam essa vacina e distribuiu mais de 50 milh\u00f5es das 400 milh\u00f5es de doses contra o HPV disponibilizadas no mundo. Mesmo assim, menos da metade do p\u00fablico alvo de meninas foi vacinada com duas doses no Acre (33,6%), no Amap\u00e1 (46,2%), na Bahia (47,9%), no Maranh\u00e3o (49,7%), Par\u00e1 (43,9%), Rio de Janeiro (44,6%) e em Rond\u00f4nia (43,1%). No caso dos meninos, a situa\u00e7\u00e3o \u00e9 bem mais grave, sendo o Paran\u00e1 o \u00fanico estado que aplicou as duas doses em mais da metade do p\u00fablico alvo, com 57,7%.<\/p>\n<p>Pesquisadores que participaram da Jornada Nacional de Imuniza\u00e7\u00f5es explicam que quanto mais cedo a vacina \u00e9 aplicada, maior \u00e9 a prote\u00e7\u00e3o desenvolvida pela crian\u00e7a ao longo da vida. No caso das meninas, eles desmentem uma\u00a0<em>fake news<\/em>\u00a0frequente: n\u00e3o \u00e9 preciso esperar a primeira menstrua\u00e7\u00e3o para receber a vacina.\u00a0 A prote\u00e7\u00e3o conferida pela vacina contra o HPV \u00e9 importante em um cen\u00e1rio de alta circula\u00e7\u00e3o do v\u00edrus, que tem uma preval\u00eancia de cerca de 53% entre a popula\u00e7\u00e3o de 16 a 25 no Brasil.<\/p>\n<p>Prevenir-se contra esse v\u00edrus \u00e9 importante porque, al\u00e9m das verrugas genitais, ele est\u00e1 ligado a diversos tipos de c\u00e2ncer. Em todo o mundo, o v\u00edrus do HPV est\u00e1 relacionado a 569 mil casos de c\u00e2ncer cervical, 61 mil casos de c\u00e2ncer vulgar vaginal, 92 mil casos de c\u00e2ncer orofar\u00edngeo, 48 mil casos de c\u00e2ncer anal e 34 mil casos de c\u00e2ncer de p\u00eanis. A vacina \u00e9 uma ferramenta cientificamente comprovada contra essas complica\u00e7\u00f5es. Uma pesquisa realizada durante 12 anos na Su\u00e9cia, com 1,6 milh\u00e3o de mulheres, mostrou que as vacinadas antes dos 17 anos tiveram risco 88% menor de desenvolver c\u00e2ncer de colo de \u00fatero.<\/p>\n<p>fonte : Ag\u00eanciaBrasil<\/p>\n","protected":false},"excerpt":{"rendered":"<p>&nbsp; &nbsp; Conscientizar professores, pedir a carteira de vacina\u00e7\u00e3o na<\/p>\n","protected":false},"author":2,"featured_media":53133,"comment_status":"open","ping_status":"open","sticky":false,"template":"","format":"standard","meta":{"footnotes":""},"categories":[25],"tags":[],"class_list":["post-53132","post","type-post","status-publish","format-standard","has-post-thumbnail","hentry","category-cidades"],"yoast_head":"<!-- This site is optimized with the Yoast SEO plugin v27.4 - https:\/\/yoast.com\/product\/yoast-seo-wordpress\/ -->\n<title>Estrat\u00e9gias para vacinar adolescentes devem envolver ambiente escolar - Regi\u00e3o News<\/title>\n<meta name=\"robots\" content=\"index, follow, max-snippet:-1, max-image-preview:large, max-video-preview:-1\" \/>\n<link rel=\"canonical\" href=\"https:\/\/regiaonews.net.br\/2022\/2021\/09\/10\/estrategias-para-vacinar-adolescentes-devem-envolver-ambiente-escolar\/\" \/>\n<meta property=\"og:locale\" content=\"pt_BR\" \/>\n<meta property=\"og:type\" content=\"article\" \/>\n<meta property=\"og:title\" content=\"Estrat\u00e9gias para vacinar adolescentes devem envolver ambiente escolar - Regi\u00e3o News\" \/>\n<meta property=\"og:description\" content=\"&nbsp; &nbsp; Conscientizar professores, pedir a carteira de vacina\u00e7\u00e3o na\" \/>\n<meta property=\"og:url\" content=\"https:\/\/regiaonews.net.br\/2022\/2021\/09\/10\/estrategias-para-vacinar-adolescentes-devem-envolver-ambiente-escolar\/\" \/>\n<meta property=\"og:site_name\" content=\"Regi\u00e3o News\" \/>\n<meta property=\"article:published_time\" content=\"2021-09-10T17:05:51+00:00\" \/>\n<meta property=\"og:image\" content=\"https:\/\/regiaonews.net.br\/2022\/wp-content\/uploads\/2021\/09\/alunos_para_aulas_presenciais_na_escola_emei_angelo_martino_na_bela_vista.040820213699.jpg\" \/>\n\t<meta property=\"og:image:width\" content=\"1170\" \/>\n\t<meta property=\"og:image:height\" content=\"700\" \/>\n\t<meta property=\"og:image:type\" content=\"image\/jpeg\" \/>\n<meta name=\"author\" content=\"Roberto\" \/>\n<meta name=\"twitter:card\" content=\"summary_large_image\" \/>\n<meta name=\"twitter:label1\" content=\"Escrito por\" \/>\n\t<meta name=\"twitter:data1\" content=\"Roberto\" \/>\n\t<meta name=\"twitter:label2\" content=\"Est. tempo de leitura\" \/>\n\t<meta name=\"twitter:data2\" content=\"4 minutos\" \/>\n<script type=\"application\/ld+json\" class=\"yoast-schema-graph\">{\"@context\":\"https:\\\/\\\/schema.org\",\"@graph\":[{\"@type\":\"Article\",\"@id\":\"https:\\\/\\\/regiaonews.net.br\\\/2022\\\/2021\\\/09\\\/10\\\/estrategias-para-vacinar-adolescentes-devem-envolver-ambiente-escolar\\\/#article\",\"isPartOf\":{\"@id\":\"https:\\\/\\\/regiaonews.net.br\\\/2022\\\/2021\\\/09\\\/10\\\/estrategias-para-vacinar-adolescentes-devem-envolver-ambiente-escolar\\\/\"},\"author\":{\"name\":\"Roberto\",\"@id\":\"https:\\\/\\\/regiaonews.net.br\\\/2022\\\/#\\\/schema\\\/person\\\/2d205a608a5aa97ac279d7a5e6d89ad8\"},\"headline\":\"Estrat\u00e9gias para vacinar adolescentes devem envolver ambiente escolar\",\"datePublished\":\"2021-09-10T17:05:51+00:00\",\"mainEntityOfPage\":{\"@id\":\"https:\\\/\\\/regiaonews.net.br\\\/2022\\\/2021\\\/09\\\/10\\\/estrategias-para-vacinar-adolescentes-devem-envolver-ambiente-escolar\\\/\"},\"wordCount\":854,\"commentCount\":0,\"publisher\":{\"@id\":\"https:\\\/\\\/regiaonews.net.br\\\/2022\\\/#organization\"},\"image\":{\"@id\":\"https:\\\/\\\/regiaonews.net.br\\\/2022\\\/2021\\\/09\\\/10\\\/estrategias-para-vacinar-adolescentes-devem-envolver-ambiente-escolar\\\/#primaryimage\"},\"thumbnailUrl\":\"https:\\\/\\\/regiaonews.net.br\\\/2022\\\/wp-content\\\/uploads\\\/2021\\\/09\\\/alunos_para_aulas_presenciais_na_escola_emei_angelo_martino_na_bela_vista.040820213699.jpg\",\"articleSection\":[\"Cidades\"],\"inLanguage\":\"pt-BR\",\"potentialAction\":[{\"@type\":\"CommentAction\",\"name\":\"Comment\",\"target\":[\"https:\\\/\\\/regiaonews.net.br\\\/2022\\\/2021\\\/09\\\/10\\\/estrategias-para-vacinar-adolescentes-devem-envolver-ambiente-escolar\\\/#respond\"]}]},{\"@type\":\"WebPage\",\"@id\":\"https:\\\/\\\/regiaonews.net.br\\\/2022\\\/2021\\\/09\\\/10\\\/estrategias-para-vacinar-adolescentes-devem-envolver-ambiente-escolar\\\/\",\"url\":\"https:\\\/\\\/regiaonews.net.br\\\/2022\\\/2021\\\/09\\\/10\\\/estrategias-para-vacinar-adolescentes-devem-envolver-ambiente-escolar\\\/\",\"name\":\"Estrat\u00e9gias para vacinar adolescentes devem envolver ambiente escolar - Regi\u00e3o News\",\"isPartOf\":{\"@id\":\"https:\\\/\\\/regiaonews.net.br\\\/2022\\\/#website\"},\"primaryImageOfPage\":{\"@id\":\"https:\\\/\\\/regiaonews.net.br\\\/2022\\\/2021\\\/09\\\/10\\\/estrategias-para-vacinar-adolescentes-devem-envolver-ambiente-escolar\\\/#primaryimage\"},\"image\":{\"@id\":\"https:\\\/\\\/regiaonews.net.br\\\/2022\\\/2021\\\/09\\\/10\\\/estrategias-para-vacinar-adolescentes-devem-envolver-ambiente-escolar\\\/#primaryimage\"},\"thumbnailUrl\":\"https:\\\/\\\/regiaonews.net.br\\\/2022\\\/wp-content\\\/uploads\\\/2021\\\/09\\\/alunos_para_aulas_presenciais_na_escola_emei_angelo_martino_na_bela_vista.040820213699.jpg\",\"datePublished\":\"2021-09-10T17:05:51+00:00\",\"breadcrumb\":{\"@id\":\"https:\\\/\\\/regiaonews.net.br\\\/2022\\\/2021\\\/09\\\/10\\\/estrategias-para-vacinar-adolescentes-devem-envolver-ambiente-escolar\\\/#breadcrumb\"},\"inLanguage\":\"pt-BR\",\"potentialAction\":[{\"@type\":\"ReadAction\",\"target\":[\"https:\\\/\\\/regiaonews.net.br\\\/2022\\\/2021\\\/09\\\/10\\\/estrategias-para-vacinar-adolescentes-devem-envolver-ambiente-escolar\\\/\"]}]},{\"@type\":\"ImageObject\",\"inLanguage\":\"pt-BR\",\"@id\":\"https:\\\/\\\/regiaonews.net.br\\\/2022\\\/2021\\\/09\\\/10\\\/estrategias-para-vacinar-adolescentes-devem-envolver-ambiente-escolar\\\/#primaryimage\",\"url\":\"https:\\\/\\\/regiaonews.net.br\\\/2022\\\/wp-content\\\/uploads\\\/2021\\\/09\\\/alunos_para_aulas_presenciais_na_escola_emei_angelo_martino_na_bela_vista.040820213699.jpg\",\"contentUrl\":\"https:\\\/\\\/regiaonews.net.br\\\/2022\\\/wp-content\\\/uploads\\\/2021\\\/09\\\/alunos_para_aulas_presenciais_na_escola_emei_angelo_martino_na_bela_vista.040820213699.jpg\",\"width\":1170,\"height\":700,\"caption\":\"Chegada dos alunos para aulas presenciais na escola EMEI \u00c2ngelo Martino, na Bela Vista.\"},{\"@type\":\"BreadcrumbList\",\"@id\":\"https:\\\/\\\/regiaonews.net.br\\\/2022\\\/2021\\\/09\\\/10\\\/estrategias-para-vacinar-adolescentes-devem-envolver-ambiente-escolar\\\/#breadcrumb\",\"itemListElement\":[{\"@type\":\"ListItem\",\"position\":1,\"name\":\"In\u00edcio\",\"item\":\"https:\\\/\\\/regiaonews.net.br\\\/2022\\\/\"},{\"@type\":\"ListItem\",\"position\":2,\"name\":\"Estrat\u00e9gias para vacinar adolescentes devem envolver ambiente escolar\"}]},{\"@type\":\"WebSite\",\"@id\":\"https:\\\/\\\/regiaonews.net.br\\\/2022\\\/#website\",\"url\":\"https:\\\/\\\/regiaonews.net.br\\\/2022\\\/\",\"name\":\"Regi\u00e3o News\",\"description\":\"Site de Not\u00edcias de Barretos e regi\u00e3o\",\"publisher\":{\"@id\":\"https:\\\/\\\/regiaonews.net.br\\\/2022\\\/#organization\"},\"potentialAction\":[{\"@type\":\"SearchAction\",\"target\":{\"@type\":\"EntryPoint\",\"urlTemplate\":\"https:\\\/\\\/regiaonews.net.br\\\/2022\\\/?s={search_term_string}\"},\"query-input\":{\"@type\":\"PropertyValueSpecification\",\"valueRequired\":true,\"valueName\":\"search_term_string\"}}],\"inLanguage\":\"pt-BR\"},{\"@type\":\"Organization\",\"@id\":\"https:\\\/\\\/regiaonews.net.br\\\/2022\\\/#organization\",\"name\":\"Regi\u00e3o News\",\"url\":\"https:\\\/\\\/regiaonews.net.br\\\/2022\\\/\",\"logo\":{\"@type\":\"ImageObject\",\"inLanguage\":\"pt-BR\",\"@id\":\"https:\\\/\\\/regiaonews.net.br\\\/2022\\\/#\\\/schema\\\/logo\\\/image\\\/\",\"url\":\"https:\\\/\\\/regiaonews.net.br\\\/2022\\\/wp-content\\\/uploads\\\/2026\\\/03\\\/regiao-13-anos-scaled.jpg\",\"contentUrl\":\"https:\\\/\\\/regiaonews.net.br\\\/2022\\\/wp-content\\\/uploads\\\/2026\\\/03\\\/regiao-13-anos-scaled.jpg\",\"width\":2560,\"height\":635,\"caption\":\"Regi\u00e3o News\"},\"image\":{\"@id\":\"https:\\\/\\\/regiaonews.net.br\\\/2022\\\/#\\\/schema\\\/logo\\\/image\\\/\"}},{\"@type\":\"Person\",\"@id\":\"https:\\\/\\\/regiaonews.net.br\\\/2022\\\/#\\\/schema\\\/person\\\/2d205a608a5aa97ac279d7a5e6d89ad8\",\"name\":\"Roberto\",\"image\":{\"@type\":\"ImageObject\",\"inLanguage\":\"pt-BR\",\"@id\":\"https:\\\/\\\/secure.gravatar.com\\\/avatar\\\/42749d8b712ff9d59ca93dc150494e5b55a44134482993f5baeb97e61b7ecc89?s=96&d=mm&r=g\",\"url\":\"https:\\\/\\\/secure.gravatar.com\\\/avatar\\\/42749d8b712ff9d59ca93dc150494e5b55a44134482993f5baeb97e61b7ecc89?s=96&d=mm&r=g\",\"contentUrl\":\"https:\\\/\\\/secure.gravatar.com\\\/avatar\\\/42749d8b712ff9d59ca93dc150494e5b55a44134482993f5baeb97e61b7ecc89?s=96&d=mm&r=g\",\"caption\":\"Roberto\"},\"url\":\"https:\\\/\\\/regiaonews.net.br\\\/2022\\\/author\\\/roberto\\\/\"}]}<\/script>\n<!-- \/ Yoast SEO plugin. -->","yoast_head_json":{"title":"Estrat\u00e9gias para vacinar adolescentes devem envolver ambiente escolar - Regi\u00e3o News","robots":{"index":"index","follow":"follow","max-snippet":"max-snippet:-1","max-image-preview":"max-image-preview:large","max-video-preview":"max-video-preview:-1"},"canonical":"https:\/\/regiaonews.net.br\/2022\/2021\/09\/10\/estrategias-para-vacinar-adolescentes-devem-envolver-ambiente-escolar\/","og_locale":"pt_BR","og_type":"article","og_title":"Estrat\u00e9gias para vacinar adolescentes devem envolver ambiente escolar - Regi\u00e3o News","og_description":"&nbsp; &nbsp; Conscientizar professores, pedir a carteira de vacina\u00e7\u00e3o na","og_url":"https:\/\/regiaonews.net.br\/2022\/2021\/09\/10\/estrategias-para-vacinar-adolescentes-devem-envolver-ambiente-escolar\/","og_site_name":"Regi\u00e3o News","article_published_time":"2021-09-10T17:05:51+00:00","og_image":[{"width":1170,"height":700,"url":"https:\/\/regiaonews.net.br\/2022\/wp-content\/uploads\/2021\/09\/alunos_para_aulas_presenciais_na_escola_emei_angelo_martino_na_bela_vista.040820213699.jpg","type":"image\/jpeg"}],"author":"Roberto","twitter_card":"summary_large_image","twitter_misc":{"Escrito por":"Roberto","Est. tempo de leitura":"4 minutos"},"schema":{"@context":"https:\/\/schema.org","@graph":[{"@type":"Article","@id":"https:\/\/regiaonews.net.br\/2022\/2021\/09\/10\/estrategias-para-vacinar-adolescentes-devem-envolver-ambiente-escolar\/#article","isPartOf":{"@id":"https:\/\/regiaonews.net.br\/2022\/2021\/09\/10\/estrategias-para-vacinar-adolescentes-devem-envolver-ambiente-escolar\/"},"author":{"name":"Roberto","@id":"https:\/\/regiaonews.net.br\/2022\/#\/schema\/person\/2d205a608a5aa97ac279d7a5e6d89ad8"},"headline":"Estrat\u00e9gias para vacinar adolescentes devem envolver ambiente escolar","datePublished":"2021-09-10T17:05:51+00:00","mainEntityOfPage":{"@id":"https:\/\/regiaonews.net.br\/2022\/2021\/09\/10\/estrategias-para-vacinar-adolescentes-devem-envolver-ambiente-escolar\/"},"wordCount":854,"commentCount":0,"publisher":{"@id":"https:\/\/regiaonews.net.br\/2022\/#organization"},"image":{"@id":"https:\/\/regiaonews.net.br\/2022\/2021\/09\/10\/estrategias-para-vacinar-adolescentes-devem-envolver-ambiente-escolar\/#primaryimage"},"thumbnailUrl":"https:\/\/regiaonews.net.br\/2022\/wp-content\/uploads\/2021\/09\/alunos_para_aulas_presenciais_na_escola_emei_angelo_martino_na_bela_vista.040820213699.jpg","articleSection":["Cidades"],"inLanguage":"pt-BR","potentialAction":[{"@type":"CommentAction","name":"Comment","target":["https:\/\/regiaonews.net.br\/2022\/2021\/09\/10\/estrategias-para-vacinar-adolescentes-devem-envolver-ambiente-escolar\/#respond"]}]},{"@type":"WebPage","@id":"https:\/\/regiaonews.net.br\/2022\/2021\/09\/10\/estrategias-para-vacinar-adolescentes-devem-envolver-ambiente-escolar\/","url":"https:\/\/regiaonews.net.br\/2022\/2021\/09\/10\/estrategias-para-vacinar-adolescentes-devem-envolver-ambiente-escolar\/","name":"Estrat\u00e9gias para vacinar adolescentes devem envolver ambiente escolar - Regi\u00e3o News","isPartOf":{"@id":"https:\/\/regiaonews.net.br\/2022\/#website"},"primaryImageOfPage":{"@id":"https:\/\/regiaonews.net.br\/2022\/2021\/09\/10\/estrategias-para-vacinar-adolescentes-devem-envolver-ambiente-escolar\/#primaryimage"},"image":{"@id":"https:\/\/regiaonews.net.br\/2022\/2021\/09\/10\/estrategias-para-vacinar-adolescentes-devem-envolver-ambiente-escolar\/#primaryimage"},"thumbnailUrl":"https:\/\/regiaonews.net.br\/2022\/wp-content\/uploads\/2021\/09\/alunos_para_aulas_presenciais_na_escola_emei_angelo_martino_na_bela_vista.040820213699.jpg","datePublished":"2021-09-10T17:05:51+00:00","breadcrumb":{"@id":"https:\/\/regiaonews.net.br\/2022\/2021\/09\/10\/estrategias-para-vacinar-adolescentes-devem-envolver-ambiente-escolar\/#breadcrumb"},"inLanguage":"pt-BR","potentialAction":[{"@type":"ReadAction","target":["https:\/\/regiaonews.net.br\/2022\/2021\/09\/10\/estrategias-para-vacinar-adolescentes-devem-envolver-ambiente-escolar\/"]}]},{"@type":"ImageObject","inLanguage":"pt-BR","@id":"https:\/\/regiaonews.net.br\/2022\/2021\/09\/10\/estrategias-para-vacinar-adolescentes-devem-envolver-ambiente-escolar\/#primaryimage","url":"https:\/\/regiaonews.net.br\/2022\/wp-content\/uploads\/2021\/09\/alunos_para_aulas_presenciais_na_escola_emei_angelo_martino_na_bela_vista.040820213699.jpg","contentUrl":"https:\/\/regiaonews.net.br\/2022\/wp-content\/uploads\/2021\/09\/alunos_para_aulas_presenciais_na_escola_emei_angelo_martino_na_bela_vista.040820213699.jpg","width":1170,"height":700,"caption":"Chegada dos alunos para aulas presenciais na escola EMEI \u00c2ngelo Martino, na Bela Vista."},{"@type":"BreadcrumbList","@id":"https:\/\/regiaonews.net.br\/2022\/2021\/09\/10\/estrategias-para-vacinar-adolescentes-devem-envolver-ambiente-escolar\/#breadcrumb","itemListElement":[{"@type":"ListItem","position":1,"name":"In\u00edcio","item":"https:\/\/regiaonews.net.br\/2022\/"},{"@type":"ListItem","position":2,"name":"Estrat\u00e9gias para vacinar adolescentes devem envolver ambiente escolar"}]},{"@type":"WebSite","@id":"https:\/\/regiaonews.net.br\/2022\/#website","url":"https:\/\/regiaonews.net.br\/2022\/","name":"Regi\u00e3o News","description":"Site de Not\u00edcias de Barretos e regi\u00e3o","publisher":{"@id":"https:\/\/regiaonews.net.br\/2022\/#organization"},"potentialAction":[{"@type":"SearchAction","target":{"@type":"EntryPoint","urlTemplate":"https:\/\/regiaonews.net.br\/2022\/?s={search_term_string}"},"query-input":{"@type":"PropertyValueSpecification","valueRequired":true,"valueName":"search_term_string"}}],"inLanguage":"pt-BR"},{"@type":"Organization","@id":"https:\/\/regiaonews.net.br\/2022\/#organization","name":"Regi\u00e3o News","url":"https:\/\/regiaonews.net.br\/2022\/","logo":{"@type":"ImageObject","inLanguage":"pt-BR","@id":"https:\/\/regiaonews.net.br\/2022\/#\/schema\/logo\/image\/","url":"https:\/\/regiaonews.net.br\/2022\/wp-content\/uploads\/2026\/03\/regiao-13-anos-scaled.jpg","contentUrl":"https:\/\/regiaonews.net.br\/2022\/wp-content\/uploads\/2026\/03\/regiao-13-anos-scaled.jpg","width":2560,"height":635,"caption":"Regi\u00e3o News"},"image":{"@id":"https:\/\/regiaonews.net.br\/2022\/#\/schema\/logo\/image\/"}},{"@type":"Person","@id":"https:\/\/regiaonews.net.br\/2022\/#\/schema\/person\/2d205a608a5aa97ac279d7a5e6d89ad8","name":"Roberto","image":{"@type":"ImageObject","inLanguage":"pt-BR","@id":"https:\/\/secure.gravatar.com\/avatar\/42749d8b712ff9d59ca93dc150494e5b55a44134482993f5baeb97e61b7ecc89?s=96&d=mm&r=g","url":"https:\/\/secure.gravatar.com\/avatar\/42749d8b712ff9d59ca93dc150494e5b55a44134482993f5baeb97e61b7ecc89?s=96&d=mm&r=g","contentUrl":"https:\/\/secure.gravatar.com\/avatar\/42749d8b712ff9d59ca93dc150494e5b55a44134482993f5baeb97e61b7ecc89?s=96&d=mm&r=g","caption":"Roberto"},"url":"https:\/\/regiaonews.net.br\/2022\/author\/roberto\/"}]}},"publishpress_future_action":{"enabled":false,"date":"2026-05-03 06:32:38","action":"change-status","newStatus":"draft","terms":[],"taxonomy":"category","extraData":[]},"publishpress_future_workflow_manual_trigger":{"enabledWorkflows":[]},"_links":{"self":[{"href":"https:\/\/regiaonews.net.br\/2022\/wp-json\/wp\/v2\/posts\/53132","targetHints":{"allow":["GET"]}}],"collection":[{"href":"https:\/\/regiaonews.net.br\/2022\/wp-json\/wp\/v2\/posts"}],"about":[{"href":"https:\/\/regiaonews.net.br\/2022\/wp-json\/wp\/v2\/types\/post"}],"author":[{"embeddable":true,"href":"https:\/\/regiaonews.net.br\/2022\/wp-json\/wp\/v2\/users\/2"}],"replies":[{"embeddable":true,"href":"https:\/\/regiaonews.net.br\/2022\/wp-json\/wp\/v2\/comments?post=53132"}],"version-history":[{"count":0,"href":"https:\/\/regiaonews.net.br\/2022\/wp-json\/wp\/v2\/posts\/53132\/revisions"}],"wp:featuredmedia":[{"embeddable":true,"href":"https:\/\/regiaonews.net.br\/2022\/wp-json\/wp\/v2\/media\/53133"}],"wp:attachment":[{"href":"https:\/\/regiaonews.net.br\/2022\/wp-json\/wp\/v2\/media?parent=53132"}],"wp:term":[{"taxonomy":"category","embeddable":true,"href":"https:\/\/regiaonews.net.br\/2022\/wp-json\/wp\/v2\/categories?post=53132"},{"taxonomy":"post_tag","embeddable":true,"href":"https:\/\/regiaonews.net.br\/2022\/wp-json\/wp\/v2\/tags?post=53132"}],"curies":[{"name":"wp","href":"https:\/\/api.w.org\/{rel}","templated":true}]}}