{"id":52945,"date":"2021-09-06T21:17:56","date_gmt":"2021-09-07T00:17:56","guid":{"rendered":"https:\/\/regiaonews.net.br\/2022\/?p=52945"},"modified":"2021-09-06T21:17:56","modified_gmt":"2021-09-07T00:17:56","slug":"profissionais-da-educacao-de-bebedouro-recebem-a-2a-dose-contra-a-covid-19-na-sexta-feira-10","status":"publish","type":"post","link":"https:\/\/regiaonews.net.br\/2022\/2021\/09\/06\/profissionais-da-educacao-de-bebedouro-recebem-a-2a-dose-contra-a-covid-19-na-sexta-feira-10\/","title":{"rendered":"Profissionais da educa\u00e7\u00e3o de Bebedouro  recebem a 2\u00aa dose contra a Covid-19 na sexta-feira (10)"},"content":{"rendered":"<p><a href=\"https:\/\/regiaonews.net.br\/2022\/wp-content\/uploads\/2021\/09\/Calendario-da-semana-NOVO.png\"><img loading=\"lazy\" decoding=\"async\" class=\"alignnone size-medium wp-image-52946\" src=\"https:\/\/regiaonews.net.br\/2022\/wp-content\/uploads\/2021\/09\/Calendario-da-semana-NOVO-300x300.png\" alt=\"\" width=\"300\" height=\"300\" \/><\/a> <a href=\"https:\/\/regiaonews.net.br\/2022\/wp-content\/uploads\/2021\/09\/Professores-2-dose.png\"><img loading=\"lazy\" decoding=\"async\" class=\"alignnone size-medium wp-image-52947\" src=\"https:\/\/regiaonews.net.br\/2022\/wp-content\/uploads\/2021\/09\/Professores-2-dose-300x300.png\" alt=\"\" width=\"300\" height=\"300\" \/><\/a><\/p>\n<p>Os profissionais da educa\u00e7\u00e3o que receberam a Pfizer e AstraZeneca j\u00e1 podem se programar para receber a 2\u00aa dose. Os especialistas completam a imuniza\u00e7\u00e3o na sexta-feira (10\/09), das 10h \u00e0s 14h, na antiga Feccib. \u00c9 importante observar a data que consta em cada carteirinha.<\/p>\n<p>A Secretaria de Sa\u00fade informa que as doses s\u00e3o exclusivas para pessoas que constam a data de 12 de setembro nas carteirinhas. Os professores que receberam doses de outros laborat\u00f3rios ou em datas diferentes devem obedecer a data que consta em cada carteirinha.<\/p>\n<p>\u00c9 necess\u00e1rio apresentar o RG, CPF e o comprovante de vacina\u00e7\u00e3o com a 1\u00aa dose.<\/p>\n","protected":false},"excerpt":{"rendered":"<p>Os profissionais da educa\u00e7\u00e3o que receberam a Pfizer e AstraZeneca<\/p>\n","protected":false},"author":2,"featured_media":52947,"comment_status":"open","ping_status":"open","sticky":false,"template":"","format":"standard","meta":{"footnotes":""},"categories":[4,25],"tags":[],"class_list":["post-52945","post","type-post","status-publish","format-standard","has-post-thumbnail","hentry","category-bebedouro","category-cidades"],"yoast_head":"<!-- This site is optimized with the Yoast SEO plugin v27.4 - https:\/\/yoast.com\/product\/yoast-seo-wordpress\/ -->\n<title>Profissionais da educa\u00e7\u00e3o de Bebedouro recebem a 2\u00aa dose contra a Covid-19 na sexta-feira (10) - Regi\u00e3o News<\/title>\n<meta name=\"robots\" content=\"index, follow, max-snippet:-1, max-image-preview:large, max-video-preview:-1\" \/>\n<link rel=\"canonical\" href=\"https:\/\/regiaonews.net.br\/2022\/2021\/09\/06\/profissionais-da-educacao-de-bebedouro-recebem-a-2a-dose-contra-a-covid-19-na-sexta-feira-10\/\" \/>\n<meta property=\"og:locale\" content=\"pt_BR\" \/>\n<meta property=\"og:type\" content=\"article\" \/>\n<meta property=\"og:title\" content=\"Profissionais da educa\u00e7\u00e3o de Bebedouro recebem a 2\u00aa dose contra a Covid-19 na sexta-feira (10) - Regi\u00e3o News\" \/>\n<meta property=\"og:description\" content=\"Os profissionais da educa\u00e7\u00e3o que receberam a Pfizer e AstraZeneca\" \/>\n<meta property=\"og:url\" content=\"https:\/\/regiaonews.net.br\/2022\/2021\/09\/06\/profissionais-da-educacao-de-bebedouro-recebem-a-2a-dose-contra-a-covid-19-na-sexta-feira-10\/\" \/>\n<meta property=\"og:site_name\" content=\"Regi\u00e3o News\" \/>\n<meta property=\"article:published_time\" content=\"2021-09-07T00:17:56+00:00\" \/>\n<meta property=\"og:image\" content=\"https:\/\/regiaonews.net.br\/2022\/wp-content\/uploads\/2021\/09\/Professores-2-dose.png\" \/>\n\t<meta property=\"og:image:width\" content=\"1225\" \/>\n\t<meta property=\"og:image:height\" content=\"1225\" \/>\n\t<meta property=\"og:image:type\" content=\"image\/png\" \/>\n<meta name=\"author\" content=\"Roberto\" \/>\n<meta name=\"twitter:card\" content=\"summary_large_image\" \/>\n<meta name=\"twitter:label1\" content=\"Escrito por\" \/>\n\t<meta name=\"twitter:data1\" content=\"Roberto\" \/>\n\t<meta name=\"twitter:label2\" content=\"Est. tempo de leitura\" \/>\n\t<meta name=\"twitter:data2\" content=\"1 minuto\" \/>\n<script type=\"application\/ld+json\" class=\"yoast-schema-graph\">{\"@context\":\"https:\\\/\\\/schema.org\",\"@graph\":[{\"@type\":\"Article\",\"@id\":\"https:\\\/\\\/regiaonews.net.br\\\/2022\\\/2021\\\/09\\\/06\\\/profissionais-da-educacao-de-bebedouro-recebem-a-2a-dose-contra-a-covid-19-na-sexta-feira-10\\\/#article\",\"isPartOf\":{\"@id\":\"https:\\\/\\\/regiaonews.net.br\\\/2022\\\/2021\\\/09\\\/06\\\/profissionais-da-educacao-de-bebedouro-recebem-a-2a-dose-contra-a-covid-19-na-sexta-feira-10\\\/\"},\"author\":{\"name\":\"Roberto\",\"@id\":\"https:\\\/\\\/regiaonews.net.br\\\/2022\\\/#\\\/schema\\\/person\\\/2d205a608a5aa97ac279d7a5e6d89ad8\"},\"headline\":\"Profissionais da educa\u00e7\u00e3o de Bebedouro recebem a 2\u00aa dose contra a Covid-19 na sexta-feira (10)\",\"datePublished\":\"2021-09-07T00:17:56+00:00\",\"mainEntityOfPage\":{\"@id\":\"https:\\\/\\\/regiaonews.net.br\\\/2022\\\/2021\\\/09\\\/06\\\/profissionais-da-educacao-de-bebedouro-recebem-a-2a-dose-contra-a-covid-19-na-sexta-feira-10\\\/\"},\"wordCount\":117,\"commentCount\":0,\"publisher\":{\"@id\":\"https:\\\/\\\/regiaonews.net.br\\\/2022\\\/#organization\"},\"image\":{\"@id\":\"https:\\\/\\\/regiaonews.net.br\\\/2022\\\/2021\\\/09\\\/06\\\/profissionais-da-educacao-de-bebedouro-recebem-a-2a-dose-contra-a-covid-19-na-sexta-feira-10\\\/#primaryimage\"},\"thumbnailUrl\":\"https:\\\/\\\/regiaonews.net.br\\\/2022\\\/wp-content\\\/uploads\\\/2021\\\/09\\\/Professores-2-dose.png\",\"articleSection\":[\"Bebedouro\",\"Cidades\"],\"inLanguage\":\"pt-BR\",\"potentialAction\":[{\"@type\":\"CommentAction\",\"name\":\"Comment\",\"target\":[\"https:\\\/\\\/regiaonews.net.br\\\/2022\\\/2021\\\/09\\\/06\\\/profissionais-da-educacao-de-bebedouro-recebem-a-2a-dose-contra-a-covid-19-na-sexta-feira-10\\\/#respond\"]}]},{\"@type\":\"WebPage\",\"@id\":\"https:\\\/\\\/regiaonews.net.br\\\/2022\\\/2021\\\/09\\\/06\\\/profissionais-da-educacao-de-bebedouro-recebem-a-2a-dose-contra-a-covid-19-na-sexta-feira-10\\\/\",\"url\":\"https:\\\/\\\/regiaonews.net.br\\\/2022\\\/2021\\\/09\\\/06\\\/profissionais-da-educacao-de-bebedouro-recebem-a-2a-dose-contra-a-covid-19-na-sexta-feira-10\\\/\",\"name\":\"Profissionais da educa\u00e7\u00e3o de Bebedouro recebem a 2\u00aa dose contra a Covid-19 na sexta-feira (10) - Regi\u00e3o News\",\"isPartOf\":{\"@id\":\"https:\\\/\\\/regiaonews.net.br\\\/2022\\\/#website\"},\"primaryImageOfPage\":{\"@id\":\"https:\\\/\\\/regiaonews.net.br\\\/2022\\\/2021\\\/09\\\/06\\\/profissionais-da-educacao-de-bebedouro-recebem-a-2a-dose-contra-a-covid-19-na-sexta-feira-10\\\/#primaryimage\"},\"image\":{\"@id\":\"https:\\\/\\\/regiaonews.net.br\\\/2022\\\/2021\\\/09\\\/06\\\/profissionais-da-educacao-de-bebedouro-recebem-a-2a-dose-contra-a-covid-19-na-sexta-feira-10\\\/#primaryimage\"},\"thumbnailUrl\":\"https:\\\/\\\/regiaonews.net.br\\\/2022\\\/wp-content\\\/uploads\\\/2021\\\/09\\\/Professores-2-dose.png\",\"datePublished\":\"2021-09-07T00:17:56+00:00\",\"breadcrumb\":{\"@id\":\"https:\\\/\\\/regiaonews.net.br\\\/2022\\\/2021\\\/09\\\/06\\\/profissionais-da-educacao-de-bebedouro-recebem-a-2a-dose-contra-a-covid-19-na-sexta-feira-10\\\/#breadcrumb\"},\"inLanguage\":\"pt-BR\",\"potentialAction\":[{\"@type\":\"ReadAction\",\"target\":[\"https:\\\/\\\/regiaonews.net.br\\\/2022\\\/2021\\\/09\\\/06\\\/profissionais-da-educacao-de-bebedouro-recebem-a-2a-dose-contra-a-covid-19-na-sexta-feira-10\\\/\"]}]},{\"@type\":\"ImageObject\",\"inLanguage\":\"pt-BR\",\"@id\":\"https:\\\/\\\/regiaonews.net.br\\\/2022\\\/2021\\\/09\\\/06\\\/profissionais-da-educacao-de-bebedouro-recebem-a-2a-dose-contra-a-covid-19-na-sexta-feira-10\\\/#primaryimage\",\"url\":\"https:\\\/\\\/regiaonews.net.br\\\/2022\\\/wp-content\\\/uploads\\\/2021\\\/09\\\/Professores-2-dose.png\",\"contentUrl\":\"https:\\\/\\\/regiaonews.net.br\\\/2022\\\/wp-content\\\/uploads\\\/2021\\\/09\\\/Professores-2-dose.png\",\"width\":1225,\"height\":1225},{\"@type\":\"BreadcrumbList\",\"@id\":\"https:\\\/\\\/regiaonews.net.br\\\/2022\\\/2021\\\/09\\\/06\\\/profissionais-da-educacao-de-bebedouro-recebem-a-2a-dose-contra-a-covid-19-na-sexta-feira-10\\\/#breadcrumb\",\"itemListElement\":[{\"@type\":\"ListItem\",\"position\":1,\"name\":\"In\u00edcio\",\"item\":\"https:\\\/\\\/regiaonews.net.br\\\/2022\\\/\"},{\"@type\":\"ListItem\",\"position\":2,\"name\":\"Profissionais da educa\u00e7\u00e3o de Bebedouro recebem a 2\u00aa dose contra a Covid-19 na sexta-feira (10)\"}]},{\"@type\":\"WebSite\",\"@id\":\"https:\\\/\\\/regiaonews.net.br\\\/2022\\\/#website\",\"url\":\"https:\\\/\\\/regiaonews.net.br\\\/2022\\\/\",\"name\":\"Regi\u00e3o News\",\"description\":\"Site de Not\u00edcias de Barretos e regi\u00e3o\",\"publisher\":{\"@id\":\"https:\\\/\\\/regiaonews.net.br\\\/2022\\\/#organization\"},\"potentialAction\":[{\"@type\":\"SearchAction\",\"target\":{\"@type\":\"EntryPoint\",\"urlTemplate\":\"https:\\\/\\\/regiaonews.net.br\\\/2022\\\/?s={search_term_string}\"},\"query-input\":{\"@type\":\"PropertyValueSpecification\",\"valueRequired\":true,\"valueName\":\"search_term_string\"}}],\"inLanguage\":\"pt-BR\"},{\"@type\":\"Organization\",\"@id\":\"https:\\\/\\\/regiaonews.net.br\\\/2022\\\/#organization\",\"name\":\"Regi\u00e3o News\",\"url\":\"https:\\\/\\\/regiaonews.net.br\\\/2022\\\/\",\"logo\":{\"@type\":\"ImageObject\",\"inLanguage\":\"pt-BR\",\"@id\":\"https:\\\/\\\/regiaonews.net.br\\\/2022\\\/#\\\/schema\\\/logo\\\/image\\\/\",\"url\":\"https:\\\/\\\/regiaonews.net.br\\\/2022\\\/wp-content\\\/uploads\\\/2026\\\/03\\\/regiao-13-anos-scaled.jpg\",\"contentUrl\":\"https:\\\/\\\/regiaonews.net.br\\\/2022\\\/wp-content\\\/uploads\\\/2026\\\/03\\\/regiao-13-anos-scaled.jpg\",\"width\":2560,\"height\":635,\"caption\":\"Regi\u00e3o News\"},\"image\":{\"@id\":\"https:\\\/\\\/regiaonews.net.br\\\/2022\\\/#\\\/schema\\\/logo\\\/image\\\/\"}},{\"@type\":\"Person\",\"@id\":\"https:\\\/\\\/regiaonews.net.br\\\/2022\\\/#\\\/schema\\\/person\\\/2d205a608a5aa97ac279d7a5e6d89ad8\",\"name\":\"Roberto\",\"image\":{\"@type\":\"ImageObject\",\"inLanguage\":\"pt-BR\",\"@id\":\"https:\\\/\\\/secure.gravatar.com\\\/avatar\\\/42749d8b712ff9d59ca93dc150494e5b55a44134482993f5baeb97e61b7ecc89?s=96&d=mm&r=g\",\"url\":\"https:\\\/\\\/secure.gravatar.com\\\/avatar\\\/42749d8b712ff9d59ca93dc150494e5b55a44134482993f5baeb97e61b7ecc89?s=96&d=mm&r=g\",\"contentUrl\":\"https:\\\/\\\/secure.gravatar.com\\\/avatar\\\/42749d8b712ff9d59ca93dc150494e5b55a44134482993f5baeb97e61b7ecc89?s=96&d=mm&r=g\",\"caption\":\"Roberto\"},\"url\":\"https:\\\/\\\/regiaonews.net.br\\\/2022\\\/author\\\/roberto\\\/\"}]}<\/script>\n<!-- \/ Yoast SEO plugin. -->","yoast_head_json":{"title":"Profissionais da educa\u00e7\u00e3o de Bebedouro recebem a 2\u00aa dose contra a Covid-19 na sexta-feira (10) - Regi\u00e3o News","robots":{"index":"index","follow":"follow","max-snippet":"max-snippet:-1","max-image-preview":"max-image-preview:large","max-video-preview":"max-video-preview:-1"},"canonical":"https:\/\/regiaonews.net.br\/2022\/2021\/09\/06\/profissionais-da-educacao-de-bebedouro-recebem-a-2a-dose-contra-a-covid-19-na-sexta-feira-10\/","og_locale":"pt_BR","og_type":"article","og_title":"Profissionais da educa\u00e7\u00e3o de Bebedouro recebem a 2\u00aa dose contra a Covid-19 na sexta-feira (10) - Regi\u00e3o News","og_description":"Os profissionais da educa\u00e7\u00e3o que receberam a Pfizer e AstraZeneca","og_url":"https:\/\/regiaonews.net.br\/2022\/2021\/09\/06\/profissionais-da-educacao-de-bebedouro-recebem-a-2a-dose-contra-a-covid-19-na-sexta-feira-10\/","og_site_name":"Regi\u00e3o News","article_published_time":"2021-09-07T00:17:56+00:00","og_image":[{"width":1225,"height":1225,"url":"https:\/\/regiaonews.net.br\/2022\/wp-content\/uploads\/2021\/09\/Professores-2-dose.png","type":"image\/png"}],"author":"Roberto","twitter_card":"summary_large_image","twitter_misc":{"Escrito por":"Roberto","Est. tempo de leitura":"1 minuto"},"schema":{"@context":"https:\/\/schema.org","@graph":[{"@type":"Article","@id":"https:\/\/regiaonews.net.br\/2022\/2021\/09\/06\/profissionais-da-educacao-de-bebedouro-recebem-a-2a-dose-contra-a-covid-19-na-sexta-feira-10\/#article","isPartOf":{"@id":"https:\/\/regiaonews.net.br\/2022\/2021\/09\/06\/profissionais-da-educacao-de-bebedouro-recebem-a-2a-dose-contra-a-covid-19-na-sexta-feira-10\/"},"author":{"name":"Roberto","@id":"https:\/\/regiaonews.net.br\/2022\/#\/schema\/person\/2d205a608a5aa97ac279d7a5e6d89ad8"},"headline":"Profissionais da educa\u00e7\u00e3o de Bebedouro recebem a 2\u00aa dose contra a Covid-19 na sexta-feira (10)","datePublished":"2021-09-07T00:17:56+00:00","mainEntityOfPage":{"@id":"https:\/\/regiaonews.net.br\/2022\/2021\/09\/06\/profissionais-da-educacao-de-bebedouro-recebem-a-2a-dose-contra-a-covid-19-na-sexta-feira-10\/"},"wordCount":117,"commentCount":0,"publisher":{"@id":"https:\/\/regiaonews.net.br\/2022\/#organization"},"image":{"@id":"https:\/\/regiaonews.net.br\/2022\/2021\/09\/06\/profissionais-da-educacao-de-bebedouro-recebem-a-2a-dose-contra-a-covid-19-na-sexta-feira-10\/#primaryimage"},"thumbnailUrl":"https:\/\/regiaonews.net.br\/2022\/wp-content\/uploads\/2021\/09\/Professores-2-dose.png","articleSection":["Bebedouro","Cidades"],"inLanguage":"pt-BR","potentialAction":[{"@type":"CommentAction","name":"Comment","target":["https:\/\/regiaonews.net.br\/2022\/2021\/09\/06\/profissionais-da-educacao-de-bebedouro-recebem-a-2a-dose-contra-a-covid-19-na-sexta-feira-10\/#respond"]}]},{"@type":"WebPage","@id":"https:\/\/regiaonews.net.br\/2022\/2021\/09\/06\/profissionais-da-educacao-de-bebedouro-recebem-a-2a-dose-contra-a-covid-19-na-sexta-feira-10\/","url":"https:\/\/regiaonews.net.br\/2022\/2021\/09\/06\/profissionais-da-educacao-de-bebedouro-recebem-a-2a-dose-contra-a-covid-19-na-sexta-feira-10\/","name":"Profissionais da educa\u00e7\u00e3o de Bebedouro recebem a 2\u00aa dose contra a Covid-19 na sexta-feira (10) - Regi\u00e3o News","isPartOf":{"@id":"https:\/\/regiaonews.net.br\/2022\/#website"},"primaryImageOfPage":{"@id":"https:\/\/regiaonews.net.br\/2022\/2021\/09\/06\/profissionais-da-educacao-de-bebedouro-recebem-a-2a-dose-contra-a-covid-19-na-sexta-feira-10\/#primaryimage"},"image":{"@id":"https:\/\/regiaonews.net.br\/2022\/2021\/09\/06\/profissionais-da-educacao-de-bebedouro-recebem-a-2a-dose-contra-a-covid-19-na-sexta-feira-10\/#primaryimage"},"thumbnailUrl":"https:\/\/regiaonews.net.br\/2022\/wp-content\/uploads\/2021\/09\/Professores-2-dose.png","datePublished":"2021-09-07T00:17:56+00:00","breadcrumb":{"@id":"https:\/\/regiaonews.net.br\/2022\/2021\/09\/06\/profissionais-da-educacao-de-bebedouro-recebem-a-2a-dose-contra-a-covid-19-na-sexta-feira-10\/#breadcrumb"},"inLanguage":"pt-BR","potentialAction":[{"@type":"ReadAction","target":["https:\/\/regiaonews.net.br\/2022\/2021\/09\/06\/profissionais-da-educacao-de-bebedouro-recebem-a-2a-dose-contra-a-covid-19-na-sexta-feira-10\/"]}]},{"@type":"ImageObject","inLanguage":"pt-BR","@id":"https:\/\/regiaonews.net.br\/2022\/2021\/09\/06\/profissionais-da-educacao-de-bebedouro-recebem-a-2a-dose-contra-a-covid-19-na-sexta-feira-10\/#primaryimage","url":"https:\/\/regiaonews.net.br\/2022\/wp-content\/uploads\/2021\/09\/Professores-2-dose.png","contentUrl":"https:\/\/regiaonews.net.br\/2022\/wp-content\/uploads\/2021\/09\/Professores-2-dose.png","width":1225,"height":1225},{"@type":"BreadcrumbList","@id":"https:\/\/regiaonews.net.br\/2022\/2021\/09\/06\/profissionais-da-educacao-de-bebedouro-recebem-a-2a-dose-contra-a-covid-19-na-sexta-feira-10\/#breadcrumb","itemListElement":[{"@type":"ListItem","position":1,"name":"In\u00edcio","item":"https:\/\/regiaonews.net.br\/2022\/"},{"@type":"ListItem","position":2,"name":"Profissionais da educa\u00e7\u00e3o de Bebedouro recebem a 2\u00aa dose contra a Covid-19 na sexta-feira (10)"}]},{"@type":"WebSite","@id":"https:\/\/regiaonews.net.br\/2022\/#website","url":"https:\/\/regiaonews.net.br\/2022\/","name":"Regi\u00e3o News","description":"Site de Not\u00edcias de Barretos e regi\u00e3o","publisher":{"@id":"https:\/\/regiaonews.net.br\/2022\/#organization"},"potentialAction":[{"@type":"SearchAction","target":{"@type":"EntryPoint","urlTemplate":"https:\/\/regiaonews.net.br\/2022\/?s={search_term_string}"},"query-input":{"@type":"PropertyValueSpecification","valueRequired":true,"valueName":"search_term_string"}}],"inLanguage":"pt-BR"},{"@type":"Organization","@id":"https:\/\/regiaonews.net.br\/2022\/#organization","name":"Regi\u00e3o News","url":"https:\/\/regiaonews.net.br\/2022\/","logo":{"@type":"ImageObject","inLanguage":"pt-BR","@id":"https:\/\/regiaonews.net.br\/2022\/#\/schema\/logo\/image\/","url":"https:\/\/regiaonews.net.br\/2022\/wp-content\/uploads\/2026\/03\/regiao-13-anos-scaled.jpg","contentUrl":"https:\/\/regiaonews.net.br\/2022\/wp-content\/uploads\/2026\/03\/regiao-13-anos-scaled.jpg","width":2560,"height":635,"caption":"Regi\u00e3o News"},"image":{"@id":"https:\/\/regiaonews.net.br\/2022\/#\/schema\/logo\/image\/"}},{"@type":"Person","@id":"https:\/\/regiaonews.net.br\/2022\/#\/schema\/person\/2d205a608a5aa97ac279d7a5e6d89ad8","name":"Roberto","image":{"@type":"ImageObject","inLanguage":"pt-BR","@id":"https:\/\/secure.gravatar.com\/avatar\/42749d8b712ff9d59ca93dc150494e5b55a44134482993f5baeb97e61b7ecc89?s=96&d=mm&r=g","url":"https:\/\/secure.gravatar.com\/avatar\/42749d8b712ff9d59ca93dc150494e5b55a44134482993f5baeb97e61b7ecc89?s=96&d=mm&r=g","contentUrl":"https:\/\/secure.gravatar.com\/avatar\/42749d8b712ff9d59ca93dc150494e5b55a44134482993f5baeb97e61b7ecc89?s=96&d=mm&r=g","caption":"Roberto"},"url":"https:\/\/regiaonews.net.br\/2022\/author\/roberto\/"}]}},"publishpress_future_action":{"enabled":false,"date":"2026-05-05 04:02:46","action":"change-status","newStatus":"draft","terms":[],"taxonomy":"category","extraData":[]},"publishpress_future_workflow_manual_trigger":{"enabledWorkflows":[]},"_links":{"self":[{"href":"https:\/\/regiaonews.net.br\/2022\/wp-json\/wp\/v2\/posts\/52945","targetHints":{"allow":["GET"]}}],"collection":[{"href":"https:\/\/regiaonews.net.br\/2022\/wp-json\/wp\/v2\/posts"}],"about":[{"href":"https:\/\/regiaonews.net.br\/2022\/wp-json\/wp\/v2\/types\/post"}],"author":[{"embeddable":true,"href":"https:\/\/regiaonews.net.br\/2022\/wp-json\/wp\/v2\/users\/2"}],"replies":[{"embeddable":true,"href":"https:\/\/regiaonews.net.br\/2022\/wp-json\/wp\/v2\/comments?post=52945"}],"version-history":[{"count":0,"href":"https:\/\/regiaonews.net.br\/2022\/wp-json\/wp\/v2\/posts\/52945\/revisions"}],"wp:featuredmedia":[{"embeddable":true,"href":"https:\/\/regiaonews.net.br\/2022\/wp-json\/wp\/v2\/media\/52947"}],"wp:attachment":[{"href":"https:\/\/regiaonews.net.br\/2022\/wp-json\/wp\/v2\/media?parent=52945"}],"wp:term":[{"taxonomy":"category","embeddable":true,"href":"https:\/\/regiaonews.net.br\/2022\/wp-json\/wp\/v2\/categories?post=52945"},{"taxonomy":"post_tag","embeddable":true,"href":"https:\/\/regiaonews.net.br\/2022\/wp-json\/wp\/v2\/tags?post=52945"}],"curies":[{"name":"wp","href":"https:\/\/api.w.org\/{rel}","templated":true}]}}