{"id":52913,"date":"2021-09-05T17:23:40","date_gmt":"2021-09-05T20:23:40","guid":{"rendered":"https:\/\/regiaonews.net.br\/2022\/?p=52913"},"modified":"2021-09-05T17:25:34","modified_gmt":"2021-09-05T20:25:34","slug":"prefeitura-de-colina-alerta-sobre-escorpioes","status":"publish","type":"post","link":"https:\/\/regiaonews.net.br\/2022\/2021\/09\/05\/prefeitura-de-colina-alerta-sobre-escorpioes\/","title":{"rendered":"Prefeitura de Colina alerta sobre escorpi\u00f5es"},"content":{"rendered":"<header class=\"post-header\">\n<p class=\"post-description\">\n<\/header>\n<div class=\"post-image\"><img decoding=\"async\" src=\"https:\/\/ecrie.com.br\/sistema\/conteudos\/imagem\/m_62_0_1_01092021101301.jpg\" alt=\"Prefeitura de Colina alerta sobre incid\u00eancia de escorpi\u00f5es\" \/><\/div>\n<div class=\"post-content\">\n<article class=\"post-text\">A Prefeitura Municipal de Colina, por meio da Secretaria Municipal da Sa\u00fade, numa a\u00e7\u00e3o conjunta com as equipes da Vigil\u00e2ncia Epidemiol\u00f3gica e do Departamento de Controle de Vetores, alerta a popula\u00e7\u00e3o para os cuidados, a fim de evitar a prolifera\u00e7\u00e3o de escorpi\u00f5es no munic\u00edpio, que por serem animais pe\u00e7onhentos, podem causar acidentes graves.Como a esta\u00e7\u00e3o clim\u00e1tica quente \u00e9 prop\u00edcia para a prolifera\u00e7\u00e3o de escorpi\u00f5es, pois \u00e9 o seu per\u00edodo de reprodu\u00e7\u00e3o, \u00e9 importante manter alguns cuidados, entre eles:<\/p>\n<p>*Verifique cuidadosamente cal\u00e7ados; roupas; toalhas e roupas de cama antes de us\u00e1-los;<\/p>\n<p>*Limpe periodicamente ralos de banheiros; de cozinha e caixa de gordura;<\/p>\n<p>*Mantenha ralos; pias e tanques sempre tampados;<\/p>\n<p>*Mantenha camas; ber\u00e7os e outros m\u00f3veis afastados no m\u00ednimo 10cm da parede;<\/p>\n<p>*Evite que roupas de cama toquem no ch\u00e3o;<\/p>\n<p>*Vede as frestas nas paredes; teto; ch\u00e3o; m\u00f3veis; rodap\u00e9s e portas (todos os v\u00e3os que podem servir de esconderijos para escorpi\u00f5es);<\/p>\n<p>*Vede as soleiras das portas com protetores tipo cobra ou de borracha;<\/p>\n<p>*N\u00e3o utilize inseticidas ou produtos qu\u00edmicos com finalidade de exterminar o esconderijo; pois ter\u00e1 pouca utilidade e poder\u00e1 estimular sua sa\u00edda; aumentando o risco de acidentes;<\/p>\n<p>*Limpe o quintal removendo todo o lixo (toras; t\u00e1buas; pedras; tijolos; telhas e outros objetos);<\/p>\n<p>*Evite o ac\u00famulo de entulhos como resto de obras; materiais de constru\u00e7\u00e3o e terraplenagem;<\/p>\n<p>*Remova ou mude periodicamente materiais de constru\u00e7\u00e3o e outros objetos armazenados; que sirvam de ref\u00fagio para os escorpi\u00f5es;<\/p>\n<p>*Vede caixas de esgoto e caixas de gordura para evitar a passagem de baratas e escorpi\u00f5es;<\/p>\n<p>O Coordenador de Fiscaliza\u00e7\u00e3o Epidemiol\u00f3gica, Antonio Donizete Figueira destaca a import\u00e2ncia em notific\u00e1-los ao encontrar animais pe\u00e7onhentos. \u201cSempre que encontrar escorpi\u00f5es em seu domic\u00edlio; comunique a equipe do Controle de Vetores Municipal para ser realizada a busca ativa; a fim de identificar os poss\u00edveis esconderijos e criadouros do animal\u201d.<\/p>\n<p>Vale destacar que caso tenha materiais de constru\u00e7\u00e3o em seu quintal e queira do\u00e1-los, basta ligar na Secretaria Municipal de Sa\u00fade\/Controle de Vetores, no telefone: (17) 3341-9430 ou na Secretaria Municipal de Servi\u00e7os Urbanos, (17) 3341-9523, \u00a0para agendar a retirada.<\/p>\n<p>Em caso de acidentes com o escorpi\u00e3o procurar urgentemente um servi\u00e7o de atendimento m\u00e9dico.<\/p>\n<\/article>\n<\/div>\n","protected":false},"excerpt":{"rendered":"<p>A Prefeitura Municipal de Colina, por meio da Secretaria Municipal<\/p>\n","protected":false},"author":2,"featured_media":52915,"comment_status":"open","ping_status":"open","sticky":false,"template":"","format":"standard","meta":{"footnotes":""},"categories":[25,5],"tags":[],"class_list":["post-52913","post","type-post","status-publish","format-standard","has-post-thumbnail","hentry","category-cidades","category-colina"],"yoast_head":"<!-- This site is optimized with the Yoast SEO plugin v27.5 - https:\/\/yoast.com\/product\/yoast-seo-wordpress\/ -->\n<title>Prefeitura de Colina alerta sobre escorpi\u00f5es - Regi\u00e3o News<\/title>\n<meta name=\"robots\" content=\"index, follow, max-snippet:-1, max-image-preview:large, max-video-preview:-1\" \/>\n<link rel=\"canonical\" href=\"https:\/\/regiaonews.net.br\/2022\/2021\/09\/05\/prefeitura-de-colina-alerta-sobre-escorpioes\/\" \/>\n<meta property=\"og:locale\" content=\"pt_BR\" \/>\n<meta property=\"og:type\" content=\"article\" \/>\n<meta property=\"og:title\" content=\"Prefeitura de Colina alerta sobre escorpi\u00f5es - Regi\u00e3o News\" \/>\n<meta property=\"og:description\" content=\"A Prefeitura Municipal de Colina, por meio da Secretaria Municipal\" \/>\n<meta property=\"og:url\" content=\"https:\/\/regiaonews.net.br\/2022\/2021\/09\/05\/prefeitura-de-colina-alerta-sobre-escorpioes\/\" \/>\n<meta property=\"og:site_name\" content=\"Regi\u00e3o News\" \/>\n<meta property=\"article:published_time\" content=\"2021-09-05T20:23:40+00:00\" \/>\n<meta property=\"article:modified_time\" content=\"2021-09-05T20:25:34+00:00\" \/>\n<meta property=\"og:image\" content=\"https:\/\/regiaonews.net.br\/2022\/wp-content\/uploads\/2021\/09\/images-1.jpeg\" \/>\n\t<meta property=\"og:image:width\" content=\"284\" \/>\n\t<meta property=\"og:image:height\" content=\"177\" \/>\n\t<meta property=\"og:image:type\" content=\"image\/jpeg\" \/>\n<meta name=\"author\" content=\"Roberto\" \/>\n<meta name=\"twitter:card\" content=\"summary_large_image\" \/>\n<meta name=\"twitter:label1\" content=\"Escrito por\" \/>\n\t<meta name=\"twitter:data1\" content=\"Roberto\" \/>\n\t<meta name=\"twitter:label2\" content=\"Est. tempo de leitura\" \/>\n\t<meta name=\"twitter:data2\" content=\"2 minutos\" \/>\n<script type=\"application\/ld+json\" class=\"yoast-schema-graph\">{\"@context\":\"https:\\\/\\\/schema.org\",\"@graph\":[{\"@type\":\"Article\",\"@id\":\"https:\\\/\\\/regiaonews.net.br\\\/2022\\\/2021\\\/09\\\/05\\\/prefeitura-de-colina-alerta-sobre-escorpioes\\\/#article\",\"isPartOf\":{\"@id\":\"https:\\\/\\\/regiaonews.net.br\\\/2022\\\/2021\\\/09\\\/05\\\/prefeitura-de-colina-alerta-sobre-escorpioes\\\/\"},\"author\":{\"name\":\"Roberto\",\"@id\":\"https:\\\/\\\/regiaonews.net.br\\\/2022\\\/#\\\/schema\\\/person\\\/2d205a608a5aa97ac279d7a5e6d89ad8\"},\"headline\":\"Prefeitura de Colina alerta sobre escorpi\u00f5es\",\"datePublished\":\"2021-09-05T20:23:40+00:00\",\"dateModified\":\"2021-09-05T20:25:34+00:00\",\"mainEntityOfPage\":{\"@id\":\"https:\\\/\\\/regiaonews.net.br\\\/2022\\\/2021\\\/09\\\/05\\\/prefeitura-de-colina-alerta-sobre-escorpioes\\\/\"},\"wordCount\":409,\"commentCount\":0,\"publisher\":{\"@id\":\"https:\\\/\\\/regiaonews.net.br\\\/2022\\\/#organization\"},\"image\":{\"@id\":\"https:\\\/\\\/regiaonews.net.br\\\/2022\\\/2021\\\/09\\\/05\\\/prefeitura-de-colina-alerta-sobre-escorpioes\\\/#primaryimage\"},\"thumbnailUrl\":\"https:\\\/\\\/regiaonews.net.br\\\/2022\\\/wp-content\\\/uploads\\\/2021\\\/09\\\/images-1.jpeg\",\"articleSection\":[\"Cidades\",\"Colina\"],\"inLanguage\":\"pt-BR\",\"potentialAction\":[{\"@type\":\"CommentAction\",\"name\":\"Comment\",\"target\":[\"https:\\\/\\\/regiaonews.net.br\\\/2022\\\/2021\\\/09\\\/05\\\/prefeitura-de-colina-alerta-sobre-escorpioes\\\/#respond\"]}]},{\"@type\":\"WebPage\",\"@id\":\"https:\\\/\\\/regiaonews.net.br\\\/2022\\\/2021\\\/09\\\/05\\\/prefeitura-de-colina-alerta-sobre-escorpioes\\\/\",\"url\":\"https:\\\/\\\/regiaonews.net.br\\\/2022\\\/2021\\\/09\\\/05\\\/prefeitura-de-colina-alerta-sobre-escorpioes\\\/\",\"name\":\"Prefeitura de Colina alerta sobre escorpi\u00f5es - Regi\u00e3o News\",\"isPartOf\":{\"@id\":\"https:\\\/\\\/regiaonews.net.br\\\/2022\\\/#website\"},\"primaryImageOfPage\":{\"@id\":\"https:\\\/\\\/regiaonews.net.br\\\/2022\\\/2021\\\/09\\\/05\\\/prefeitura-de-colina-alerta-sobre-escorpioes\\\/#primaryimage\"},\"image\":{\"@id\":\"https:\\\/\\\/regiaonews.net.br\\\/2022\\\/2021\\\/09\\\/05\\\/prefeitura-de-colina-alerta-sobre-escorpioes\\\/#primaryimage\"},\"thumbnailUrl\":\"https:\\\/\\\/regiaonews.net.br\\\/2022\\\/wp-content\\\/uploads\\\/2021\\\/09\\\/images-1.jpeg\",\"datePublished\":\"2021-09-05T20:23:40+00:00\",\"dateModified\":\"2021-09-05T20:25:34+00:00\",\"breadcrumb\":{\"@id\":\"https:\\\/\\\/regiaonews.net.br\\\/2022\\\/2021\\\/09\\\/05\\\/prefeitura-de-colina-alerta-sobre-escorpioes\\\/#breadcrumb\"},\"inLanguage\":\"pt-BR\",\"potentialAction\":[{\"@type\":\"ReadAction\",\"target\":[\"https:\\\/\\\/regiaonews.net.br\\\/2022\\\/2021\\\/09\\\/05\\\/prefeitura-de-colina-alerta-sobre-escorpioes\\\/\"]}]},{\"@type\":\"ImageObject\",\"inLanguage\":\"pt-BR\",\"@id\":\"https:\\\/\\\/regiaonews.net.br\\\/2022\\\/2021\\\/09\\\/05\\\/prefeitura-de-colina-alerta-sobre-escorpioes\\\/#primaryimage\",\"url\":\"https:\\\/\\\/regiaonews.net.br\\\/2022\\\/wp-content\\\/uploads\\\/2021\\\/09\\\/images-1.jpeg\",\"contentUrl\":\"https:\\\/\\\/regiaonews.net.br\\\/2022\\\/wp-content\\\/uploads\\\/2021\\\/09\\\/images-1.jpeg\",\"width\":284,\"height\":177},{\"@type\":\"BreadcrumbList\",\"@id\":\"https:\\\/\\\/regiaonews.net.br\\\/2022\\\/2021\\\/09\\\/05\\\/prefeitura-de-colina-alerta-sobre-escorpioes\\\/#breadcrumb\",\"itemListElement\":[{\"@type\":\"ListItem\",\"position\":1,\"name\":\"In\u00edcio\",\"item\":\"https:\\\/\\\/regiaonews.net.br\\\/2022\\\/\"},{\"@type\":\"ListItem\",\"position\":2,\"name\":\"Prefeitura de Colina alerta sobre escorpi\u00f5es\"}]},{\"@type\":\"WebSite\",\"@id\":\"https:\\\/\\\/regiaonews.net.br\\\/2022\\\/#website\",\"url\":\"https:\\\/\\\/regiaonews.net.br\\\/2022\\\/\",\"name\":\"Regi\u00e3o News\",\"description\":\"Site de Not\u00edcias de Barretos e regi\u00e3o\",\"publisher\":{\"@id\":\"https:\\\/\\\/regiaonews.net.br\\\/2022\\\/#organization\"},\"potentialAction\":[{\"@type\":\"SearchAction\",\"target\":{\"@type\":\"EntryPoint\",\"urlTemplate\":\"https:\\\/\\\/regiaonews.net.br\\\/2022\\\/?s={search_term_string}\"},\"query-input\":{\"@type\":\"PropertyValueSpecification\",\"valueRequired\":true,\"valueName\":\"search_term_string\"}}],\"inLanguage\":\"pt-BR\"},{\"@type\":\"Organization\",\"@id\":\"https:\\\/\\\/regiaonews.net.br\\\/2022\\\/#organization\",\"name\":\"Regi\u00e3o News\",\"url\":\"https:\\\/\\\/regiaonews.net.br\\\/2022\\\/\",\"logo\":{\"@type\":\"ImageObject\",\"inLanguage\":\"pt-BR\",\"@id\":\"https:\\\/\\\/regiaonews.net.br\\\/2022\\\/#\\\/schema\\\/logo\\\/image\\\/\",\"url\":\"https:\\\/\\\/regiaonews.net.br\\\/2022\\\/wp-content\\\/uploads\\\/2026\\\/03\\\/regiao-13-anos-scaled.jpg\",\"contentUrl\":\"https:\\\/\\\/regiaonews.net.br\\\/2022\\\/wp-content\\\/uploads\\\/2026\\\/03\\\/regiao-13-anos-scaled.jpg\",\"width\":2560,\"height\":635,\"caption\":\"Regi\u00e3o News\"},\"image\":{\"@id\":\"https:\\\/\\\/regiaonews.net.br\\\/2022\\\/#\\\/schema\\\/logo\\\/image\\\/\"}},{\"@type\":\"Person\",\"@id\":\"https:\\\/\\\/regiaonews.net.br\\\/2022\\\/#\\\/schema\\\/person\\\/2d205a608a5aa97ac279d7a5e6d89ad8\",\"name\":\"Roberto\",\"image\":{\"@type\":\"ImageObject\",\"inLanguage\":\"pt-BR\",\"@id\":\"https:\\\/\\\/secure.gravatar.com\\\/avatar\\\/42749d8b712ff9d59ca93dc150494e5b55a44134482993f5baeb97e61b7ecc89?s=96&d=mm&r=g\",\"url\":\"https:\\\/\\\/secure.gravatar.com\\\/avatar\\\/42749d8b712ff9d59ca93dc150494e5b55a44134482993f5baeb97e61b7ecc89?s=96&d=mm&r=g\",\"contentUrl\":\"https:\\\/\\\/secure.gravatar.com\\\/avatar\\\/42749d8b712ff9d59ca93dc150494e5b55a44134482993f5baeb97e61b7ecc89?s=96&d=mm&r=g\",\"caption\":\"Roberto\"},\"url\":\"https:\\\/\\\/regiaonews.net.br\\\/2022\\\/author\\\/roberto\\\/\"}]}<\/script>\n<!-- \/ Yoast SEO plugin. -->","yoast_head_json":{"title":"Prefeitura de Colina alerta sobre escorpi\u00f5es - Regi\u00e3o News","robots":{"index":"index","follow":"follow","max-snippet":"max-snippet:-1","max-image-preview":"max-image-preview:large","max-video-preview":"max-video-preview:-1"},"canonical":"https:\/\/regiaonews.net.br\/2022\/2021\/09\/05\/prefeitura-de-colina-alerta-sobre-escorpioes\/","og_locale":"pt_BR","og_type":"article","og_title":"Prefeitura de Colina alerta sobre escorpi\u00f5es - Regi\u00e3o News","og_description":"A Prefeitura Municipal de Colina, por meio da Secretaria Municipal","og_url":"https:\/\/regiaonews.net.br\/2022\/2021\/09\/05\/prefeitura-de-colina-alerta-sobre-escorpioes\/","og_site_name":"Regi\u00e3o News","article_published_time":"2021-09-05T20:23:40+00:00","article_modified_time":"2021-09-05T20:25:34+00:00","og_image":[{"width":284,"height":177,"url":"https:\/\/regiaonews.net.br\/2022\/wp-content\/uploads\/2021\/09\/images-1.jpeg","type":"image\/jpeg"}],"author":"Roberto","twitter_card":"summary_large_image","twitter_misc":{"Escrito por":"Roberto","Est. tempo de leitura":"2 minutos"},"schema":{"@context":"https:\/\/schema.org","@graph":[{"@type":"Article","@id":"https:\/\/regiaonews.net.br\/2022\/2021\/09\/05\/prefeitura-de-colina-alerta-sobre-escorpioes\/#article","isPartOf":{"@id":"https:\/\/regiaonews.net.br\/2022\/2021\/09\/05\/prefeitura-de-colina-alerta-sobre-escorpioes\/"},"author":{"name":"Roberto","@id":"https:\/\/regiaonews.net.br\/2022\/#\/schema\/person\/2d205a608a5aa97ac279d7a5e6d89ad8"},"headline":"Prefeitura de Colina alerta sobre escorpi\u00f5es","datePublished":"2021-09-05T20:23:40+00:00","dateModified":"2021-09-05T20:25:34+00:00","mainEntityOfPage":{"@id":"https:\/\/regiaonews.net.br\/2022\/2021\/09\/05\/prefeitura-de-colina-alerta-sobre-escorpioes\/"},"wordCount":409,"commentCount":0,"publisher":{"@id":"https:\/\/regiaonews.net.br\/2022\/#organization"},"image":{"@id":"https:\/\/regiaonews.net.br\/2022\/2021\/09\/05\/prefeitura-de-colina-alerta-sobre-escorpioes\/#primaryimage"},"thumbnailUrl":"https:\/\/regiaonews.net.br\/2022\/wp-content\/uploads\/2021\/09\/images-1.jpeg","articleSection":["Cidades","Colina"],"inLanguage":"pt-BR","potentialAction":[{"@type":"CommentAction","name":"Comment","target":["https:\/\/regiaonews.net.br\/2022\/2021\/09\/05\/prefeitura-de-colina-alerta-sobre-escorpioes\/#respond"]}]},{"@type":"WebPage","@id":"https:\/\/regiaonews.net.br\/2022\/2021\/09\/05\/prefeitura-de-colina-alerta-sobre-escorpioes\/","url":"https:\/\/regiaonews.net.br\/2022\/2021\/09\/05\/prefeitura-de-colina-alerta-sobre-escorpioes\/","name":"Prefeitura de Colina alerta sobre escorpi\u00f5es - Regi\u00e3o News","isPartOf":{"@id":"https:\/\/regiaonews.net.br\/2022\/#website"},"primaryImageOfPage":{"@id":"https:\/\/regiaonews.net.br\/2022\/2021\/09\/05\/prefeitura-de-colina-alerta-sobre-escorpioes\/#primaryimage"},"image":{"@id":"https:\/\/regiaonews.net.br\/2022\/2021\/09\/05\/prefeitura-de-colina-alerta-sobre-escorpioes\/#primaryimage"},"thumbnailUrl":"https:\/\/regiaonews.net.br\/2022\/wp-content\/uploads\/2021\/09\/images-1.jpeg","datePublished":"2021-09-05T20:23:40+00:00","dateModified":"2021-09-05T20:25:34+00:00","breadcrumb":{"@id":"https:\/\/regiaonews.net.br\/2022\/2021\/09\/05\/prefeitura-de-colina-alerta-sobre-escorpioes\/#breadcrumb"},"inLanguage":"pt-BR","potentialAction":[{"@type":"ReadAction","target":["https:\/\/regiaonews.net.br\/2022\/2021\/09\/05\/prefeitura-de-colina-alerta-sobre-escorpioes\/"]}]},{"@type":"ImageObject","inLanguage":"pt-BR","@id":"https:\/\/regiaonews.net.br\/2022\/2021\/09\/05\/prefeitura-de-colina-alerta-sobre-escorpioes\/#primaryimage","url":"https:\/\/regiaonews.net.br\/2022\/wp-content\/uploads\/2021\/09\/images-1.jpeg","contentUrl":"https:\/\/regiaonews.net.br\/2022\/wp-content\/uploads\/2021\/09\/images-1.jpeg","width":284,"height":177},{"@type":"BreadcrumbList","@id":"https:\/\/regiaonews.net.br\/2022\/2021\/09\/05\/prefeitura-de-colina-alerta-sobre-escorpioes\/#breadcrumb","itemListElement":[{"@type":"ListItem","position":1,"name":"In\u00edcio","item":"https:\/\/regiaonews.net.br\/2022\/"},{"@type":"ListItem","position":2,"name":"Prefeitura de Colina alerta sobre escorpi\u00f5es"}]},{"@type":"WebSite","@id":"https:\/\/regiaonews.net.br\/2022\/#website","url":"https:\/\/regiaonews.net.br\/2022\/","name":"Regi\u00e3o News","description":"Site de Not\u00edcias de Barretos e regi\u00e3o","publisher":{"@id":"https:\/\/regiaonews.net.br\/2022\/#organization"},"potentialAction":[{"@type":"SearchAction","target":{"@type":"EntryPoint","urlTemplate":"https:\/\/regiaonews.net.br\/2022\/?s={search_term_string}"},"query-input":{"@type":"PropertyValueSpecification","valueRequired":true,"valueName":"search_term_string"}}],"inLanguage":"pt-BR"},{"@type":"Organization","@id":"https:\/\/regiaonews.net.br\/2022\/#organization","name":"Regi\u00e3o News","url":"https:\/\/regiaonews.net.br\/2022\/","logo":{"@type":"ImageObject","inLanguage":"pt-BR","@id":"https:\/\/regiaonews.net.br\/2022\/#\/schema\/logo\/image\/","url":"https:\/\/regiaonews.net.br\/2022\/wp-content\/uploads\/2026\/03\/regiao-13-anos-scaled.jpg","contentUrl":"https:\/\/regiaonews.net.br\/2022\/wp-content\/uploads\/2026\/03\/regiao-13-anos-scaled.jpg","width":2560,"height":635,"caption":"Regi\u00e3o News"},"image":{"@id":"https:\/\/regiaonews.net.br\/2022\/#\/schema\/logo\/image\/"}},{"@type":"Person","@id":"https:\/\/regiaonews.net.br\/2022\/#\/schema\/person\/2d205a608a5aa97ac279d7a5e6d89ad8","name":"Roberto","image":{"@type":"ImageObject","inLanguage":"pt-BR","@id":"https:\/\/secure.gravatar.com\/avatar\/42749d8b712ff9d59ca93dc150494e5b55a44134482993f5baeb97e61b7ecc89?s=96&d=mm&r=g","url":"https:\/\/secure.gravatar.com\/avatar\/42749d8b712ff9d59ca93dc150494e5b55a44134482993f5baeb97e61b7ecc89?s=96&d=mm&r=g","contentUrl":"https:\/\/secure.gravatar.com\/avatar\/42749d8b712ff9d59ca93dc150494e5b55a44134482993f5baeb97e61b7ecc89?s=96&d=mm&r=g","caption":"Roberto"},"url":"https:\/\/regiaonews.net.br\/2022\/author\/roberto\/"}]}},"publishpress_future_action":{"enabled":false,"date":"2026-05-05 17:04:37","action":"change-status","newStatus":"draft","terms":[],"taxonomy":"category","extraData":[]},"publishpress_future_workflow_manual_trigger":{"enabledWorkflows":[]},"_links":{"self":[{"href":"https:\/\/regiaonews.net.br\/2022\/wp-json\/wp\/v2\/posts\/52913","targetHints":{"allow":["GET"]}}],"collection":[{"href":"https:\/\/regiaonews.net.br\/2022\/wp-json\/wp\/v2\/posts"}],"about":[{"href":"https:\/\/regiaonews.net.br\/2022\/wp-json\/wp\/v2\/types\/post"}],"author":[{"embeddable":true,"href":"https:\/\/regiaonews.net.br\/2022\/wp-json\/wp\/v2\/users\/2"}],"replies":[{"embeddable":true,"href":"https:\/\/regiaonews.net.br\/2022\/wp-json\/wp\/v2\/comments?post=52913"}],"version-history":[{"count":0,"href":"https:\/\/regiaonews.net.br\/2022\/wp-json\/wp\/v2\/posts\/52913\/revisions"}],"wp:featuredmedia":[{"embeddable":true,"href":"https:\/\/regiaonews.net.br\/2022\/wp-json\/wp\/v2\/media\/52915"}],"wp:attachment":[{"href":"https:\/\/regiaonews.net.br\/2022\/wp-json\/wp\/v2\/media?parent=52913"}],"wp:term":[{"taxonomy":"category","embeddable":true,"href":"https:\/\/regiaonews.net.br\/2022\/wp-json\/wp\/v2\/categories?post=52913"},{"taxonomy":"post_tag","embeddable":true,"href":"https:\/\/regiaonews.net.br\/2022\/wp-json\/wp\/v2\/tags?post=52913"}],"curies":[{"name":"wp","href":"https:\/\/api.w.org\/{rel}","templated":true}]}}