{"id":52687,"date":"2021-08-31T20:32:10","date_gmt":"2021-08-31T23:32:10","guid":{"rendered":"https:\/\/regiaonews.net.br\/2022\/?p=52687"},"modified":"2021-08-31T20:32:10","modified_gmt":"2021-08-31T23:32:10","slug":"lei-aldir-blanc-segunda-fase-esta-com-edital-aberto-em-bebedouro","status":"publish","type":"post","link":"https:\/\/regiaonews.net.br\/2022\/2021\/08\/31\/lei-aldir-blanc-segunda-fase-esta-com-edital-aberto-em-bebedouro\/","title":{"rendered":"Lei Aldir Blanc: segunda fase est\u00e1 com edital aberto em Bebedouro"},"content":{"rendered":"<p><a href=\"https:\/\/regiaonews.net.br\/2022\/wp-content\/uploads\/2021\/08\/Artistas.jpg\"><img loading=\"lazy\" decoding=\"async\" class=\"alignnone size-medium wp-image-52688\" src=\"https:\/\/regiaonews.net.br\/2022\/wp-content\/uploads\/2021\/08\/Artistas-300x200.jpg\" alt=\"\" width=\"300\" height=\"200\" \/><\/a><\/p>\n<div>\n<p class=\"x_MsoNoSpacing\" align=\"center\"><i>Inscri\u00e7\u00e3o \u00e9 gratuita e segue at\u00e9 o dia 14 de setembro<\/p>\n<p><\/i><\/p>\n<p class=\"x_MsoNoSpacing\">A Prefeitura de Bebedouro abriu um novo edital para os artistas interessados no aux\u00edlio emergencial destinado ao setor cultural, um dos mais impactados pela pandemia da Covid-19. A Lei Aldir Blanc disponibiliza R$ 3 mil para apresenta\u00e7\u00f5es livres (15 vagas) e R$ 4 mil para apresenta\u00e7\u00f5es musicais (20 vagas).<\/p>\n<p class=\"x_MsoNoSpacing\">\n<p class=\"x_MsoNoSpacing\">Os interessados devem apresentar todos os documentos exigidos no edital no Departamento de Cultura &#8211; Rua S\u00e3o Jo\u00e3o, 406 \/ Centro \u2013 at\u00e9 o dia 14 de setembro. \u201cO setor cultural foi um dos que mais perdeu renda durante a quarentena. Com a\u00a0\u00a0Lei Aldir Blanc ser\u00e1 poss\u00edvel selecionar propostas de apresenta\u00e7\u00f5es art\u00edsticas, via internet, como uma alternativa de continuidade \u00e0 difus\u00e3o cultural fomentada pelo Departamento Municipal de Cultura\u201d, informa o diretor da pasta, Glauco Corr\u00eaa.<\/p>\n<p class=\"x_MsoNoSpacing\">\n<p class=\"x_MsoNoSpacing\">Os artistas podem se inscrever em duas categorias. A \u201c<b>Apresenta\u00e7\u00e3o Livre\u201d<\/b>\u00a0contempla uma ou mais linguagens art\u00edsticas, como capoeira, dan\u00e7a, teatro, artes visuais, conta\u00e7\u00e3o de hist\u00f3ria, poesia, performance, circo, artes pl\u00e1sticas, artes manuais entre outras n\u00e3o especificadas, para o p\u00fablico infantil ou adulto.<\/p>\n<p class=\"x_MsoNoSpacing\">\n<p class=\"x_MsoNoSpacing\">Na categoria<b>\u00a0\u201cApresenta\u00e7\u00e3o Musical\u201d\u00a0<\/b>ser\u00e3o contemplados<b>\u00a0<\/b>m\u00fasica, nos formatos de canto com acompanhamento instrumental, somente instrumental, DJs, dentre outras interven\u00e7\u00f5es na mesma linguagem, para p\u00fablico infantil ou adulto.<\/p>\n<p class=\"x_MsoNoSpacing\">\n<p class=\"x_MsoNoSpacing\">O edital com todas as regras da Lei 14.017\/2020, conhecida como Lei Aldir Blanc, est\u00e1 dispon\u00edvel no Jornal Oficial de Bebedouro \u2013 www.bebedouro.sp.gov.br.<\/p>\n<\/div>\n<div>\n<div><\/div>\n<\/div>\n","protected":false},"excerpt":{"rendered":"<p>Inscri\u00e7\u00e3o \u00e9 gratuita e segue at\u00e9 o dia 14 de<\/p>\n","protected":false},"author":2,"featured_media":52688,"comment_status":"open","ping_status":"open","sticky":false,"template":"","format":"standard","meta":{"footnotes":""},"categories":[4,25],"tags":[],"class_list":["post-52687","post","type-post","status-publish","format-standard","has-post-thumbnail","hentry","category-bebedouro","category-cidades"],"yoast_head":"<!-- This site is optimized with the Yoast SEO plugin v27.4 - https:\/\/yoast.com\/product\/yoast-seo-wordpress\/ -->\n<title>Lei Aldir Blanc: segunda fase est\u00e1 com edital aberto em Bebedouro - Regi\u00e3o News<\/title>\n<meta name=\"robots\" content=\"index, follow, max-snippet:-1, max-image-preview:large, max-video-preview:-1\" \/>\n<link rel=\"canonical\" href=\"https:\/\/regiaonews.net.br\/2022\/2021\/08\/31\/lei-aldir-blanc-segunda-fase-esta-com-edital-aberto-em-bebedouro\/\" \/>\n<meta property=\"og:locale\" content=\"pt_BR\" \/>\n<meta property=\"og:type\" content=\"article\" \/>\n<meta property=\"og:title\" content=\"Lei Aldir Blanc: segunda fase est\u00e1 com edital aberto em Bebedouro - Regi\u00e3o News\" \/>\n<meta property=\"og:description\" content=\"Inscri\u00e7\u00e3o \u00e9 gratuita e segue at\u00e9 o dia 14 de\" \/>\n<meta property=\"og:url\" content=\"https:\/\/regiaonews.net.br\/2022\/2021\/08\/31\/lei-aldir-blanc-segunda-fase-esta-com-edital-aberto-em-bebedouro\/\" \/>\n<meta property=\"og:site_name\" content=\"Regi\u00e3o News\" \/>\n<meta property=\"article:published_time\" content=\"2021-08-31T23:32:10+00:00\" \/>\n<meta property=\"og:image\" content=\"https:\/\/regiaonews.net.br\/2022\/wp-content\/uploads\/2021\/08\/Artistas.jpg\" \/>\n\t<meta property=\"og:image:width\" content=\"1280\" \/>\n\t<meta property=\"og:image:height\" content=\"853\" \/>\n\t<meta property=\"og:image:type\" content=\"image\/jpeg\" \/>\n<meta name=\"author\" content=\"Roberto\" \/>\n<meta name=\"twitter:card\" content=\"summary_large_image\" \/>\n<meta name=\"twitter:label1\" content=\"Escrito por\" \/>\n\t<meta name=\"twitter:data1\" content=\"Roberto\" \/>\n\t<meta name=\"twitter:label2\" content=\"Est. tempo de leitura\" \/>\n\t<meta name=\"twitter:data2\" content=\"1 minuto\" \/>\n<script type=\"application\/ld+json\" class=\"yoast-schema-graph\">{\"@context\":\"https:\\\/\\\/schema.org\",\"@graph\":[{\"@type\":\"Article\",\"@id\":\"https:\\\/\\\/regiaonews.net.br\\\/2022\\\/2021\\\/08\\\/31\\\/lei-aldir-blanc-segunda-fase-esta-com-edital-aberto-em-bebedouro\\\/#article\",\"isPartOf\":{\"@id\":\"https:\\\/\\\/regiaonews.net.br\\\/2022\\\/2021\\\/08\\\/31\\\/lei-aldir-blanc-segunda-fase-esta-com-edital-aberto-em-bebedouro\\\/\"},\"author\":{\"name\":\"Roberto\",\"@id\":\"https:\\\/\\\/regiaonews.net.br\\\/2022\\\/#\\\/schema\\\/person\\\/2d205a608a5aa97ac279d7a5e6d89ad8\"},\"headline\":\"Lei Aldir Blanc: segunda fase est\u00e1 com edital aberto em Bebedouro\",\"datePublished\":\"2021-08-31T23:32:10+00:00\",\"mainEntityOfPage\":{\"@id\":\"https:\\\/\\\/regiaonews.net.br\\\/2022\\\/2021\\\/08\\\/31\\\/lei-aldir-blanc-segunda-fase-esta-com-edital-aberto-em-bebedouro\\\/\"},\"wordCount\":257,\"commentCount\":0,\"publisher\":{\"@id\":\"https:\\\/\\\/regiaonews.net.br\\\/2022\\\/#organization\"},\"image\":{\"@id\":\"https:\\\/\\\/regiaonews.net.br\\\/2022\\\/2021\\\/08\\\/31\\\/lei-aldir-blanc-segunda-fase-esta-com-edital-aberto-em-bebedouro\\\/#primaryimage\"},\"thumbnailUrl\":\"https:\\\/\\\/regiaonews.net.br\\\/2022\\\/wp-content\\\/uploads\\\/2021\\\/08\\\/Artistas.jpg\",\"articleSection\":[\"Bebedouro\",\"Cidades\"],\"inLanguage\":\"pt-BR\",\"potentialAction\":[{\"@type\":\"CommentAction\",\"name\":\"Comment\",\"target\":[\"https:\\\/\\\/regiaonews.net.br\\\/2022\\\/2021\\\/08\\\/31\\\/lei-aldir-blanc-segunda-fase-esta-com-edital-aberto-em-bebedouro\\\/#respond\"]}]},{\"@type\":\"WebPage\",\"@id\":\"https:\\\/\\\/regiaonews.net.br\\\/2022\\\/2021\\\/08\\\/31\\\/lei-aldir-blanc-segunda-fase-esta-com-edital-aberto-em-bebedouro\\\/\",\"url\":\"https:\\\/\\\/regiaonews.net.br\\\/2022\\\/2021\\\/08\\\/31\\\/lei-aldir-blanc-segunda-fase-esta-com-edital-aberto-em-bebedouro\\\/\",\"name\":\"Lei Aldir Blanc: segunda fase est\u00e1 com edital aberto em Bebedouro - Regi\u00e3o News\",\"isPartOf\":{\"@id\":\"https:\\\/\\\/regiaonews.net.br\\\/2022\\\/#website\"},\"primaryImageOfPage\":{\"@id\":\"https:\\\/\\\/regiaonews.net.br\\\/2022\\\/2021\\\/08\\\/31\\\/lei-aldir-blanc-segunda-fase-esta-com-edital-aberto-em-bebedouro\\\/#primaryimage\"},\"image\":{\"@id\":\"https:\\\/\\\/regiaonews.net.br\\\/2022\\\/2021\\\/08\\\/31\\\/lei-aldir-blanc-segunda-fase-esta-com-edital-aberto-em-bebedouro\\\/#primaryimage\"},\"thumbnailUrl\":\"https:\\\/\\\/regiaonews.net.br\\\/2022\\\/wp-content\\\/uploads\\\/2021\\\/08\\\/Artistas.jpg\",\"datePublished\":\"2021-08-31T23:32:10+00:00\",\"breadcrumb\":{\"@id\":\"https:\\\/\\\/regiaonews.net.br\\\/2022\\\/2021\\\/08\\\/31\\\/lei-aldir-blanc-segunda-fase-esta-com-edital-aberto-em-bebedouro\\\/#breadcrumb\"},\"inLanguage\":\"pt-BR\",\"potentialAction\":[{\"@type\":\"ReadAction\",\"target\":[\"https:\\\/\\\/regiaonews.net.br\\\/2022\\\/2021\\\/08\\\/31\\\/lei-aldir-blanc-segunda-fase-esta-com-edital-aberto-em-bebedouro\\\/\"]}]},{\"@type\":\"ImageObject\",\"inLanguage\":\"pt-BR\",\"@id\":\"https:\\\/\\\/regiaonews.net.br\\\/2022\\\/2021\\\/08\\\/31\\\/lei-aldir-blanc-segunda-fase-esta-com-edital-aberto-em-bebedouro\\\/#primaryimage\",\"url\":\"https:\\\/\\\/regiaonews.net.br\\\/2022\\\/wp-content\\\/uploads\\\/2021\\\/08\\\/Artistas.jpg\",\"contentUrl\":\"https:\\\/\\\/regiaonews.net.br\\\/2022\\\/wp-content\\\/uploads\\\/2021\\\/08\\\/Artistas.jpg\",\"width\":1280,\"height\":853},{\"@type\":\"BreadcrumbList\",\"@id\":\"https:\\\/\\\/regiaonews.net.br\\\/2022\\\/2021\\\/08\\\/31\\\/lei-aldir-blanc-segunda-fase-esta-com-edital-aberto-em-bebedouro\\\/#breadcrumb\",\"itemListElement\":[{\"@type\":\"ListItem\",\"position\":1,\"name\":\"In\u00edcio\",\"item\":\"https:\\\/\\\/regiaonews.net.br\\\/2022\\\/\"},{\"@type\":\"ListItem\",\"position\":2,\"name\":\"Lei Aldir Blanc: segunda fase est\u00e1 com edital aberto em Bebedouro\"}]},{\"@type\":\"WebSite\",\"@id\":\"https:\\\/\\\/regiaonews.net.br\\\/2022\\\/#website\",\"url\":\"https:\\\/\\\/regiaonews.net.br\\\/2022\\\/\",\"name\":\"Regi\u00e3o News\",\"description\":\"Site de Not\u00edcias de Barretos e regi\u00e3o\",\"publisher\":{\"@id\":\"https:\\\/\\\/regiaonews.net.br\\\/2022\\\/#organization\"},\"potentialAction\":[{\"@type\":\"SearchAction\",\"target\":{\"@type\":\"EntryPoint\",\"urlTemplate\":\"https:\\\/\\\/regiaonews.net.br\\\/2022\\\/?s={search_term_string}\"},\"query-input\":{\"@type\":\"PropertyValueSpecification\",\"valueRequired\":true,\"valueName\":\"search_term_string\"}}],\"inLanguage\":\"pt-BR\"},{\"@type\":\"Organization\",\"@id\":\"https:\\\/\\\/regiaonews.net.br\\\/2022\\\/#organization\",\"name\":\"Regi\u00e3o News\",\"url\":\"https:\\\/\\\/regiaonews.net.br\\\/2022\\\/\",\"logo\":{\"@type\":\"ImageObject\",\"inLanguage\":\"pt-BR\",\"@id\":\"https:\\\/\\\/regiaonews.net.br\\\/2022\\\/#\\\/schema\\\/logo\\\/image\\\/\",\"url\":\"https:\\\/\\\/regiaonews.net.br\\\/2022\\\/wp-content\\\/uploads\\\/2026\\\/03\\\/regiao-13-anos-scaled.jpg\",\"contentUrl\":\"https:\\\/\\\/regiaonews.net.br\\\/2022\\\/wp-content\\\/uploads\\\/2026\\\/03\\\/regiao-13-anos-scaled.jpg\",\"width\":2560,\"height\":635,\"caption\":\"Regi\u00e3o News\"},\"image\":{\"@id\":\"https:\\\/\\\/regiaonews.net.br\\\/2022\\\/#\\\/schema\\\/logo\\\/image\\\/\"}},{\"@type\":\"Person\",\"@id\":\"https:\\\/\\\/regiaonews.net.br\\\/2022\\\/#\\\/schema\\\/person\\\/2d205a608a5aa97ac279d7a5e6d89ad8\",\"name\":\"Roberto\",\"image\":{\"@type\":\"ImageObject\",\"inLanguage\":\"pt-BR\",\"@id\":\"https:\\\/\\\/secure.gravatar.com\\\/avatar\\\/42749d8b712ff9d59ca93dc150494e5b55a44134482993f5baeb97e61b7ecc89?s=96&d=mm&r=g\",\"url\":\"https:\\\/\\\/secure.gravatar.com\\\/avatar\\\/42749d8b712ff9d59ca93dc150494e5b55a44134482993f5baeb97e61b7ecc89?s=96&d=mm&r=g\",\"contentUrl\":\"https:\\\/\\\/secure.gravatar.com\\\/avatar\\\/42749d8b712ff9d59ca93dc150494e5b55a44134482993f5baeb97e61b7ecc89?s=96&d=mm&r=g\",\"caption\":\"Roberto\"},\"url\":\"https:\\\/\\\/regiaonews.net.br\\\/2022\\\/author\\\/roberto\\\/\"}]}<\/script>\n<!-- \/ Yoast SEO plugin. -->","yoast_head_json":{"title":"Lei Aldir Blanc: segunda fase est\u00e1 com edital aberto em Bebedouro - Regi\u00e3o News","robots":{"index":"index","follow":"follow","max-snippet":"max-snippet:-1","max-image-preview":"max-image-preview:large","max-video-preview":"max-video-preview:-1"},"canonical":"https:\/\/regiaonews.net.br\/2022\/2021\/08\/31\/lei-aldir-blanc-segunda-fase-esta-com-edital-aberto-em-bebedouro\/","og_locale":"pt_BR","og_type":"article","og_title":"Lei Aldir Blanc: segunda fase est\u00e1 com edital aberto em Bebedouro - Regi\u00e3o News","og_description":"Inscri\u00e7\u00e3o \u00e9 gratuita e segue at\u00e9 o dia 14 de","og_url":"https:\/\/regiaonews.net.br\/2022\/2021\/08\/31\/lei-aldir-blanc-segunda-fase-esta-com-edital-aberto-em-bebedouro\/","og_site_name":"Regi\u00e3o News","article_published_time":"2021-08-31T23:32:10+00:00","og_image":[{"width":1280,"height":853,"url":"https:\/\/regiaonews.net.br\/2022\/wp-content\/uploads\/2021\/08\/Artistas.jpg","type":"image\/jpeg"}],"author":"Roberto","twitter_card":"summary_large_image","twitter_misc":{"Escrito por":"Roberto","Est. tempo de leitura":"1 minuto"},"schema":{"@context":"https:\/\/schema.org","@graph":[{"@type":"Article","@id":"https:\/\/regiaonews.net.br\/2022\/2021\/08\/31\/lei-aldir-blanc-segunda-fase-esta-com-edital-aberto-em-bebedouro\/#article","isPartOf":{"@id":"https:\/\/regiaonews.net.br\/2022\/2021\/08\/31\/lei-aldir-blanc-segunda-fase-esta-com-edital-aberto-em-bebedouro\/"},"author":{"name":"Roberto","@id":"https:\/\/regiaonews.net.br\/2022\/#\/schema\/person\/2d205a608a5aa97ac279d7a5e6d89ad8"},"headline":"Lei Aldir Blanc: segunda fase est\u00e1 com edital aberto em Bebedouro","datePublished":"2021-08-31T23:32:10+00:00","mainEntityOfPage":{"@id":"https:\/\/regiaonews.net.br\/2022\/2021\/08\/31\/lei-aldir-blanc-segunda-fase-esta-com-edital-aberto-em-bebedouro\/"},"wordCount":257,"commentCount":0,"publisher":{"@id":"https:\/\/regiaonews.net.br\/2022\/#organization"},"image":{"@id":"https:\/\/regiaonews.net.br\/2022\/2021\/08\/31\/lei-aldir-blanc-segunda-fase-esta-com-edital-aberto-em-bebedouro\/#primaryimage"},"thumbnailUrl":"https:\/\/regiaonews.net.br\/2022\/wp-content\/uploads\/2021\/08\/Artistas.jpg","articleSection":["Bebedouro","Cidades"],"inLanguage":"pt-BR","potentialAction":[{"@type":"CommentAction","name":"Comment","target":["https:\/\/regiaonews.net.br\/2022\/2021\/08\/31\/lei-aldir-blanc-segunda-fase-esta-com-edital-aberto-em-bebedouro\/#respond"]}]},{"@type":"WebPage","@id":"https:\/\/regiaonews.net.br\/2022\/2021\/08\/31\/lei-aldir-blanc-segunda-fase-esta-com-edital-aberto-em-bebedouro\/","url":"https:\/\/regiaonews.net.br\/2022\/2021\/08\/31\/lei-aldir-blanc-segunda-fase-esta-com-edital-aberto-em-bebedouro\/","name":"Lei Aldir Blanc: segunda fase est\u00e1 com edital aberto em Bebedouro - Regi\u00e3o News","isPartOf":{"@id":"https:\/\/regiaonews.net.br\/2022\/#website"},"primaryImageOfPage":{"@id":"https:\/\/regiaonews.net.br\/2022\/2021\/08\/31\/lei-aldir-blanc-segunda-fase-esta-com-edital-aberto-em-bebedouro\/#primaryimage"},"image":{"@id":"https:\/\/regiaonews.net.br\/2022\/2021\/08\/31\/lei-aldir-blanc-segunda-fase-esta-com-edital-aberto-em-bebedouro\/#primaryimage"},"thumbnailUrl":"https:\/\/regiaonews.net.br\/2022\/wp-content\/uploads\/2021\/08\/Artistas.jpg","datePublished":"2021-08-31T23:32:10+00:00","breadcrumb":{"@id":"https:\/\/regiaonews.net.br\/2022\/2021\/08\/31\/lei-aldir-blanc-segunda-fase-esta-com-edital-aberto-em-bebedouro\/#breadcrumb"},"inLanguage":"pt-BR","potentialAction":[{"@type":"ReadAction","target":["https:\/\/regiaonews.net.br\/2022\/2021\/08\/31\/lei-aldir-blanc-segunda-fase-esta-com-edital-aberto-em-bebedouro\/"]}]},{"@type":"ImageObject","inLanguage":"pt-BR","@id":"https:\/\/regiaonews.net.br\/2022\/2021\/08\/31\/lei-aldir-blanc-segunda-fase-esta-com-edital-aberto-em-bebedouro\/#primaryimage","url":"https:\/\/regiaonews.net.br\/2022\/wp-content\/uploads\/2021\/08\/Artistas.jpg","contentUrl":"https:\/\/regiaonews.net.br\/2022\/wp-content\/uploads\/2021\/08\/Artistas.jpg","width":1280,"height":853},{"@type":"BreadcrumbList","@id":"https:\/\/regiaonews.net.br\/2022\/2021\/08\/31\/lei-aldir-blanc-segunda-fase-esta-com-edital-aberto-em-bebedouro\/#breadcrumb","itemListElement":[{"@type":"ListItem","position":1,"name":"In\u00edcio","item":"https:\/\/regiaonews.net.br\/2022\/"},{"@type":"ListItem","position":2,"name":"Lei Aldir Blanc: segunda fase est\u00e1 com edital aberto em Bebedouro"}]},{"@type":"WebSite","@id":"https:\/\/regiaonews.net.br\/2022\/#website","url":"https:\/\/regiaonews.net.br\/2022\/","name":"Regi\u00e3o News","description":"Site de Not\u00edcias de Barretos e regi\u00e3o","publisher":{"@id":"https:\/\/regiaonews.net.br\/2022\/#organization"},"potentialAction":[{"@type":"SearchAction","target":{"@type":"EntryPoint","urlTemplate":"https:\/\/regiaonews.net.br\/2022\/?s={search_term_string}"},"query-input":{"@type":"PropertyValueSpecification","valueRequired":true,"valueName":"search_term_string"}}],"inLanguage":"pt-BR"},{"@type":"Organization","@id":"https:\/\/regiaonews.net.br\/2022\/#organization","name":"Regi\u00e3o News","url":"https:\/\/regiaonews.net.br\/2022\/","logo":{"@type":"ImageObject","inLanguage":"pt-BR","@id":"https:\/\/regiaonews.net.br\/2022\/#\/schema\/logo\/image\/","url":"https:\/\/regiaonews.net.br\/2022\/wp-content\/uploads\/2026\/03\/regiao-13-anos-scaled.jpg","contentUrl":"https:\/\/regiaonews.net.br\/2022\/wp-content\/uploads\/2026\/03\/regiao-13-anos-scaled.jpg","width":2560,"height":635,"caption":"Regi\u00e3o News"},"image":{"@id":"https:\/\/regiaonews.net.br\/2022\/#\/schema\/logo\/image\/"}},{"@type":"Person","@id":"https:\/\/regiaonews.net.br\/2022\/#\/schema\/person\/2d205a608a5aa97ac279d7a5e6d89ad8","name":"Roberto","image":{"@type":"ImageObject","inLanguage":"pt-BR","@id":"https:\/\/secure.gravatar.com\/avatar\/42749d8b712ff9d59ca93dc150494e5b55a44134482993f5baeb97e61b7ecc89?s=96&d=mm&r=g","url":"https:\/\/secure.gravatar.com\/avatar\/42749d8b712ff9d59ca93dc150494e5b55a44134482993f5baeb97e61b7ecc89?s=96&d=mm&r=g","contentUrl":"https:\/\/secure.gravatar.com\/avatar\/42749d8b712ff9d59ca93dc150494e5b55a44134482993f5baeb97e61b7ecc89?s=96&d=mm&r=g","caption":"Roberto"},"url":"https:\/\/regiaonews.net.br\/2022\/author\/roberto\/"}]}},"publishpress_future_action":{"enabled":false,"date":"2026-05-02 01:08:36","action":"change-status","newStatus":"draft","terms":[],"taxonomy":"category","extraData":[]},"publishpress_future_workflow_manual_trigger":{"enabledWorkflows":[]},"_links":{"self":[{"href":"https:\/\/regiaonews.net.br\/2022\/wp-json\/wp\/v2\/posts\/52687","targetHints":{"allow":["GET"]}}],"collection":[{"href":"https:\/\/regiaonews.net.br\/2022\/wp-json\/wp\/v2\/posts"}],"about":[{"href":"https:\/\/regiaonews.net.br\/2022\/wp-json\/wp\/v2\/types\/post"}],"author":[{"embeddable":true,"href":"https:\/\/regiaonews.net.br\/2022\/wp-json\/wp\/v2\/users\/2"}],"replies":[{"embeddable":true,"href":"https:\/\/regiaonews.net.br\/2022\/wp-json\/wp\/v2\/comments?post=52687"}],"version-history":[{"count":0,"href":"https:\/\/regiaonews.net.br\/2022\/wp-json\/wp\/v2\/posts\/52687\/revisions"}],"wp:featuredmedia":[{"embeddable":true,"href":"https:\/\/regiaonews.net.br\/2022\/wp-json\/wp\/v2\/media\/52688"}],"wp:attachment":[{"href":"https:\/\/regiaonews.net.br\/2022\/wp-json\/wp\/v2\/media?parent=52687"}],"wp:term":[{"taxonomy":"category","embeddable":true,"href":"https:\/\/regiaonews.net.br\/2022\/wp-json\/wp\/v2\/categories?post=52687"},{"taxonomy":"post_tag","embeddable":true,"href":"https:\/\/regiaonews.net.br\/2022\/wp-json\/wp\/v2\/tags?post=52687"}],"curies":[{"name":"wp","href":"https:\/\/api.w.org\/{rel}","templated":true}]}}