{"id":52677,"date":"2021-08-31T12:10:15","date_gmt":"2021-08-31T15:10:15","guid":{"rendered":"https:\/\/regiaonews.net.br\/2022\/?p=52677"},"modified":"2021-08-31T12:10:15","modified_gmt":"2021-08-31T15:10:15","slug":"prefeitura-de-colina-adere-ao-programa-estadual-bolsa-trabalho","status":"publish","type":"post","link":"https:\/\/regiaonews.net.br\/2022\/2021\/08\/31\/prefeitura-de-colina-adere-ao-programa-estadual-bolsa-trabalho\/","title":{"rendered":"Prefeitura de Colina adere ao Programa Estadual \u201cBolsa Trabalho\u201d"},"content":{"rendered":"<p><a href=\"https:\/\/regiaonews.net.br\/2022\/wp-content\/uploads\/2021\/08\/Bolsa-trabalho.jpg\"><img loading=\"lazy\" decoding=\"async\" class=\"alignnone size-medium wp-image-52678\" src=\"https:\/\/regiaonews.net.br\/2022\/wp-content\/uploads\/2021\/08\/Bolsa-trabalho-297x300.jpg\" alt=\"\" width=\"297\" height=\"300\" \/><\/a><\/p>\n<div class=\"post-content\">\n<article class=\"post-text\">O Prefeito Municipal de Colina, Dieb Taha, acompanhado do Secret\u00e1rio Municipal de Ind\u00fastria, Com\u00e9rcio e Agricultura, Ren\u00ea \u00c2ngelo Sasaki de Souza,\u00a0participou na ter\u00e7a-feira, 17 de agosto, no Pal\u00e1cio dos Bandeirantes, da cerim\u00f4nia para an\u00fancio da ades\u00e3o dos munic\u00edpios paulistas ao Programa Bolsa Trabalho, criado pelo Governo do Estado e voltado \u00e0 qualifica\u00e7\u00e3o profissional de pessoas desempregadas.<\/p>\n<p>Participaram da solenidade o Governador Jo\u00e3o Doria, a Primeira-dama, Bia Doria e o Vice-Governador e Secret\u00e1rio de Governo, Rodrigo Garcia.<\/p>\n<p>Colina est\u00e1 entre os 500 munic\u00edpios inscritos no Programa e foi contemplada com 40 vagas. Os selecionados receber\u00e3o uma bolsa-aux\u00edlio de R$535,00 durante cinco meses, mais curso de qualifica\u00e7\u00e3o profissional e apoio \u00e0 empregabilidade.<\/p>\n<p>Podem se inscrever moradores do Estado de S\u00e3o Paulp, desempregados, maiores de 18 anos e com renda familiar de at\u00e9 R$ 550 por pessoa (equivalente a meio sal\u00e1rio m\u00ednimo). O interessado n\u00e3o pode ser benefici\u00e1rio de Seguro Desemprego ou qualquer outro programa assistencial equivalente.<\/p>\n<p>As inscri\u00e7\u00f5es s\u00e3o gratuitas, j\u00e1 est\u00e3o abertas e podem ser feitas no portal do Bolsa do Povo, pelo site:\u00a0<a href=\"http:\/\/www.bolsadopovo.sp.gov.br\/\">www.bolsadopovo.sp.gov.br<\/a>, \u00a0at\u00e9 30 de agosto.<\/p>\n<p>Os cursos profissionalizantes virtuais dispon\u00edveis s\u00e3o: Auxiliar de Controle de Produ\u00e7\u00e3o e Estoque, Gest\u00e3o de Pessoas, Gest\u00e3o Administrativa, Organiza\u00e7\u00e3o de Eventos, Rotinas e Servi\u00e7os Administrativos, Secretariado e Recep\u00e7\u00e3o. Ser\u00e3o ministrados online, por meio da plataforma da Univesp (Universidade Virtual do Estado de S\u00e3o Paulo), com 80 horas de dura\u00e7\u00e3o cada.<\/p>\n<p>O Prefeito Dieb destacou que \u201co Programa vem em boa hora e se enquadra nos esfor\u00e7os da Prefeitura de retomada econ\u00f4mica e nas a\u00e7\u00f5es de capacita\u00e7\u00e3o profissional, gera\u00e7\u00e3o de emprego e renda\u201d.<\/p>\n<p>&nbsp;<\/p>\n<\/article>\n<\/div>\n","protected":false},"excerpt":{"rendered":"<p>O Prefeito Municipal de Colina, Dieb Taha, acompanhado do Secret\u00e1rio<\/p>\n","protected":false},"author":2,"featured_media":52678,"comment_status":"open","ping_status":"open","sticky":false,"template":"","format":"standard","meta":{"footnotes":""},"categories":[25,22,29],"tags":[],"class_list":["post-52677","post","type-post","status-publish","format-standard","has-post-thumbnail","hentry","category-cidades","category-politica","category-sao-paulo"],"yoast_head":"<!-- This site is optimized with the Yoast SEO plugin v27.4 - https:\/\/yoast.com\/product\/yoast-seo-wordpress\/ -->\n<title>Prefeitura de Colina adere ao Programa Estadual \u201cBolsa Trabalho\u201d - Regi\u00e3o News<\/title>\n<meta name=\"robots\" content=\"index, follow, max-snippet:-1, max-image-preview:large, max-video-preview:-1\" \/>\n<link rel=\"canonical\" href=\"https:\/\/regiaonews.net.br\/2022\/2021\/08\/31\/prefeitura-de-colina-adere-ao-programa-estadual-bolsa-trabalho\/\" \/>\n<meta property=\"og:locale\" content=\"pt_BR\" \/>\n<meta property=\"og:type\" content=\"article\" \/>\n<meta property=\"og:title\" content=\"Prefeitura de Colina adere ao Programa Estadual \u201cBolsa Trabalho\u201d - Regi\u00e3o News\" \/>\n<meta property=\"og:description\" content=\"O Prefeito Municipal de Colina, Dieb Taha, acompanhado do Secret\u00e1rio\" \/>\n<meta property=\"og:url\" content=\"https:\/\/regiaonews.net.br\/2022\/2021\/08\/31\/prefeitura-de-colina-adere-ao-programa-estadual-bolsa-trabalho\/\" \/>\n<meta property=\"og:site_name\" content=\"Regi\u00e3o News\" \/>\n<meta property=\"article:published_time\" content=\"2021-08-31T15:10:15+00:00\" \/>\n<meta property=\"og:image\" content=\"https:\/\/regiaonews.net.br\/2022\/wp-content\/uploads\/2021\/08\/Bolsa-trabalho.jpg\" \/>\n\t<meta property=\"og:image:width\" content=\"660\" \/>\n\t<meta property=\"og:image:height\" content=\"666\" \/>\n\t<meta property=\"og:image:type\" content=\"image\/jpeg\" \/>\n<meta name=\"author\" content=\"Roberto\" \/>\n<meta name=\"twitter:card\" content=\"summary_large_image\" \/>\n<meta name=\"twitter:label1\" content=\"Escrito por\" \/>\n\t<meta name=\"twitter:data1\" content=\"Roberto\" \/>\n\t<meta name=\"twitter:label2\" content=\"Est. tempo de leitura\" \/>\n\t<meta name=\"twitter:data2\" content=\"1 minuto\" \/>\n<script type=\"application\/ld+json\" class=\"yoast-schema-graph\">{\"@context\":\"https:\\\/\\\/schema.org\",\"@graph\":[{\"@type\":\"Article\",\"@id\":\"https:\\\/\\\/regiaonews.net.br\\\/2022\\\/2021\\\/08\\\/31\\\/prefeitura-de-colina-adere-ao-programa-estadual-bolsa-trabalho\\\/#article\",\"isPartOf\":{\"@id\":\"https:\\\/\\\/regiaonews.net.br\\\/2022\\\/2021\\\/08\\\/31\\\/prefeitura-de-colina-adere-ao-programa-estadual-bolsa-trabalho\\\/\"},\"author\":{\"name\":\"Roberto\",\"@id\":\"https:\\\/\\\/regiaonews.net.br\\\/2022\\\/#\\\/schema\\\/person\\\/2d205a608a5aa97ac279d7a5e6d89ad8\"},\"headline\":\"Prefeitura de Colina adere ao Programa Estadual \u201cBolsa Trabalho\u201d\",\"datePublished\":\"2021-08-31T15:10:15+00:00\",\"mainEntityOfPage\":{\"@id\":\"https:\\\/\\\/regiaonews.net.br\\\/2022\\\/2021\\\/08\\\/31\\\/prefeitura-de-colina-adere-ao-programa-estadual-bolsa-trabalho\\\/\"},\"wordCount\":306,\"commentCount\":0,\"publisher\":{\"@id\":\"https:\\\/\\\/regiaonews.net.br\\\/2022\\\/#organization\"},\"image\":{\"@id\":\"https:\\\/\\\/regiaonews.net.br\\\/2022\\\/2021\\\/08\\\/31\\\/prefeitura-de-colina-adere-ao-programa-estadual-bolsa-trabalho\\\/#primaryimage\"},\"thumbnailUrl\":\"https:\\\/\\\/regiaonews.net.br\\\/2022\\\/wp-content\\\/uploads\\\/2021\\\/08\\\/Bolsa-trabalho.jpg\",\"articleSection\":[\"Cidades\",\"Pol\u00edtica\",\"S\u00e3o Paulo\"],\"inLanguage\":\"pt-BR\",\"potentialAction\":[{\"@type\":\"CommentAction\",\"name\":\"Comment\",\"target\":[\"https:\\\/\\\/regiaonews.net.br\\\/2022\\\/2021\\\/08\\\/31\\\/prefeitura-de-colina-adere-ao-programa-estadual-bolsa-trabalho\\\/#respond\"]}]},{\"@type\":\"WebPage\",\"@id\":\"https:\\\/\\\/regiaonews.net.br\\\/2022\\\/2021\\\/08\\\/31\\\/prefeitura-de-colina-adere-ao-programa-estadual-bolsa-trabalho\\\/\",\"url\":\"https:\\\/\\\/regiaonews.net.br\\\/2022\\\/2021\\\/08\\\/31\\\/prefeitura-de-colina-adere-ao-programa-estadual-bolsa-trabalho\\\/\",\"name\":\"Prefeitura de Colina adere ao Programa Estadual \u201cBolsa Trabalho\u201d - Regi\u00e3o News\",\"isPartOf\":{\"@id\":\"https:\\\/\\\/regiaonews.net.br\\\/2022\\\/#website\"},\"primaryImageOfPage\":{\"@id\":\"https:\\\/\\\/regiaonews.net.br\\\/2022\\\/2021\\\/08\\\/31\\\/prefeitura-de-colina-adere-ao-programa-estadual-bolsa-trabalho\\\/#primaryimage\"},\"image\":{\"@id\":\"https:\\\/\\\/regiaonews.net.br\\\/2022\\\/2021\\\/08\\\/31\\\/prefeitura-de-colina-adere-ao-programa-estadual-bolsa-trabalho\\\/#primaryimage\"},\"thumbnailUrl\":\"https:\\\/\\\/regiaonews.net.br\\\/2022\\\/wp-content\\\/uploads\\\/2021\\\/08\\\/Bolsa-trabalho.jpg\",\"datePublished\":\"2021-08-31T15:10:15+00:00\",\"breadcrumb\":{\"@id\":\"https:\\\/\\\/regiaonews.net.br\\\/2022\\\/2021\\\/08\\\/31\\\/prefeitura-de-colina-adere-ao-programa-estadual-bolsa-trabalho\\\/#breadcrumb\"},\"inLanguage\":\"pt-BR\",\"potentialAction\":[{\"@type\":\"ReadAction\",\"target\":[\"https:\\\/\\\/regiaonews.net.br\\\/2022\\\/2021\\\/08\\\/31\\\/prefeitura-de-colina-adere-ao-programa-estadual-bolsa-trabalho\\\/\"]}]},{\"@type\":\"ImageObject\",\"inLanguage\":\"pt-BR\",\"@id\":\"https:\\\/\\\/regiaonews.net.br\\\/2022\\\/2021\\\/08\\\/31\\\/prefeitura-de-colina-adere-ao-programa-estadual-bolsa-trabalho\\\/#primaryimage\",\"url\":\"https:\\\/\\\/regiaonews.net.br\\\/2022\\\/wp-content\\\/uploads\\\/2021\\\/08\\\/Bolsa-trabalho.jpg\",\"contentUrl\":\"https:\\\/\\\/regiaonews.net.br\\\/2022\\\/wp-content\\\/uploads\\\/2021\\\/08\\\/Bolsa-trabalho.jpg\",\"width\":660,\"height\":666},{\"@type\":\"BreadcrumbList\",\"@id\":\"https:\\\/\\\/regiaonews.net.br\\\/2022\\\/2021\\\/08\\\/31\\\/prefeitura-de-colina-adere-ao-programa-estadual-bolsa-trabalho\\\/#breadcrumb\",\"itemListElement\":[{\"@type\":\"ListItem\",\"position\":1,\"name\":\"In\u00edcio\",\"item\":\"https:\\\/\\\/regiaonews.net.br\\\/2022\\\/\"},{\"@type\":\"ListItem\",\"position\":2,\"name\":\"Prefeitura de Colina adere ao Programa Estadual \u201cBolsa Trabalho\u201d\"}]},{\"@type\":\"WebSite\",\"@id\":\"https:\\\/\\\/regiaonews.net.br\\\/2022\\\/#website\",\"url\":\"https:\\\/\\\/regiaonews.net.br\\\/2022\\\/\",\"name\":\"Regi\u00e3o News\",\"description\":\"Site de Not\u00edcias de Barretos e regi\u00e3o\",\"publisher\":{\"@id\":\"https:\\\/\\\/regiaonews.net.br\\\/2022\\\/#organization\"},\"potentialAction\":[{\"@type\":\"SearchAction\",\"target\":{\"@type\":\"EntryPoint\",\"urlTemplate\":\"https:\\\/\\\/regiaonews.net.br\\\/2022\\\/?s={search_term_string}\"},\"query-input\":{\"@type\":\"PropertyValueSpecification\",\"valueRequired\":true,\"valueName\":\"search_term_string\"}}],\"inLanguage\":\"pt-BR\"},{\"@type\":\"Organization\",\"@id\":\"https:\\\/\\\/regiaonews.net.br\\\/2022\\\/#organization\",\"name\":\"Regi\u00e3o News\",\"url\":\"https:\\\/\\\/regiaonews.net.br\\\/2022\\\/\",\"logo\":{\"@type\":\"ImageObject\",\"inLanguage\":\"pt-BR\",\"@id\":\"https:\\\/\\\/regiaonews.net.br\\\/2022\\\/#\\\/schema\\\/logo\\\/image\\\/\",\"url\":\"https:\\\/\\\/regiaonews.net.br\\\/2022\\\/wp-content\\\/uploads\\\/2026\\\/03\\\/regiao-13-anos-scaled.jpg\",\"contentUrl\":\"https:\\\/\\\/regiaonews.net.br\\\/2022\\\/wp-content\\\/uploads\\\/2026\\\/03\\\/regiao-13-anos-scaled.jpg\",\"width\":2560,\"height\":635,\"caption\":\"Regi\u00e3o News\"},\"image\":{\"@id\":\"https:\\\/\\\/regiaonews.net.br\\\/2022\\\/#\\\/schema\\\/logo\\\/image\\\/\"}},{\"@type\":\"Person\",\"@id\":\"https:\\\/\\\/regiaonews.net.br\\\/2022\\\/#\\\/schema\\\/person\\\/2d205a608a5aa97ac279d7a5e6d89ad8\",\"name\":\"Roberto\",\"image\":{\"@type\":\"ImageObject\",\"inLanguage\":\"pt-BR\",\"@id\":\"https:\\\/\\\/secure.gravatar.com\\\/avatar\\\/42749d8b712ff9d59ca93dc150494e5b55a44134482993f5baeb97e61b7ecc89?s=96&d=mm&r=g\",\"url\":\"https:\\\/\\\/secure.gravatar.com\\\/avatar\\\/42749d8b712ff9d59ca93dc150494e5b55a44134482993f5baeb97e61b7ecc89?s=96&d=mm&r=g\",\"contentUrl\":\"https:\\\/\\\/secure.gravatar.com\\\/avatar\\\/42749d8b712ff9d59ca93dc150494e5b55a44134482993f5baeb97e61b7ecc89?s=96&d=mm&r=g\",\"caption\":\"Roberto\"},\"url\":\"https:\\\/\\\/regiaonews.net.br\\\/2022\\\/author\\\/roberto\\\/\"}]}<\/script>\n<!-- \/ Yoast SEO plugin. -->","yoast_head_json":{"title":"Prefeitura de Colina adere ao Programa Estadual \u201cBolsa Trabalho\u201d - Regi\u00e3o News","robots":{"index":"index","follow":"follow","max-snippet":"max-snippet:-1","max-image-preview":"max-image-preview:large","max-video-preview":"max-video-preview:-1"},"canonical":"https:\/\/regiaonews.net.br\/2022\/2021\/08\/31\/prefeitura-de-colina-adere-ao-programa-estadual-bolsa-trabalho\/","og_locale":"pt_BR","og_type":"article","og_title":"Prefeitura de Colina adere ao Programa Estadual \u201cBolsa Trabalho\u201d - Regi\u00e3o News","og_description":"O Prefeito Municipal de Colina, Dieb Taha, acompanhado do Secret\u00e1rio","og_url":"https:\/\/regiaonews.net.br\/2022\/2021\/08\/31\/prefeitura-de-colina-adere-ao-programa-estadual-bolsa-trabalho\/","og_site_name":"Regi\u00e3o News","article_published_time":"2021-08-31T15:10:15+00:00","og_image":[{"width":660,"height":666,"url":"https:\/\/regiaonews.net.br\/2022\/wp-content\/uploads\/2021\/08\/Bolsa-trabalho.jpg","type":"image\/jpeg"}],"author":"Roberto","twitter_card":"summary_large_image","twitter_misc":{"Escrito por":"Roberto","Est. tempo de leitura":"1 minuto"},"schema":{"@context":"https:\/\/schema.org","@graph":[{"@type":"Article","@id":"https:\/\/regiaonews.net.br\/2022\/2021\/08\/31\/prefeitura-de-colina-adere-ao-programa-estadual-bolsa-trabalho\/#article","isPartOf":{"@id":"https:\/\/regiaonews.net.br\/2022\/2021\/08\/31\/prefeitura-de-colina-adere-ao-programa-estadual-bolsa-trabalho\/"},"author":{"name":"Roberto","@id":"https:\/\/regiaonews.net.br\/2022\/#\/schema\/person\/2d205a608a5aa97ac279d7a5e6d89ad8"},"headline":"Prefeitura de Colina adere ao Programa Estadual \u201cBolsa Trabalho\u201d","datePublished":"2021-08-31T15:10:15+00:00","mainEntityOfPage":{"@id":"https:\/\/regiaonews.net.br\/2022\/2021\/08\/31\/prefeitura-de-colina-adere-ao-programa-estadual-bolsa-trabalho\/"},"wordCount":306,"commentCount":0,"publisher":{"@id":"https:\/\/regiaonews.net.br\/2022\/#organization"},"image":{"@id":"https:\/\/regiaonews.net.br\/2022\/2021\/08\/31\/prefeitura-de-colina-adere-ao-programa-estadual-bolsa-trabalho\/#primaryimage"},"thumbnailUrl":"https:\/\/regiaonews.net.br\/2022\/wp-content\/uploads\/2021\/08\/Bolsa-trabalho.jpg","articleSection":["Cidades","Pol\u00edtica","S\u00e3o Paulo"],"inLanguage":"pt-BR","potentialAction":[{"@type":"CommentAction","name":"Comment","target":["https:\/\/regiaonews.net.br\/2022\/2021\/08\/31\/prefeitura-de-colina-adere-ao-programa-estadual-bolsa-trabalho\/#respond"]}]},{"@type":"WebPage","@id":"https:\/\/regiaonews.net.br\/2022\/2021\/08\/31\/prefeitura-de-colina-adere-ao-programa-estadual-bolsa-trabalho\/","url":"https:\/\/regiaonews.net.br\/2022\/2021\/08\/31\/prefeitura-de-colina-adere-ao-programa-estadual-bolsa-trabalho\/","name":"Prefeitura de Colina adere ao Programa Estadual \u201cBolsa Trabalho\u201d - Regi\u00e3o News","isPartOf":{"@id":"https:\/\/regiaonews.net.br\/2022\/#website"},"primaryImageOfPage":{"@id":"https:\/\/regiaonews.net.br\/2022\/2021\/08\/31\/prefeitura-de-colina-adere-ao-programa-estadual-bolsa-trabalho\/#primaryimage"},"image":{"@id":"https:\/\/regiaonews.net.br\/2022\/2021\/08\/31\/prefeitura-de-colina-adere-ao-programa-estadual-bolsa-trabalho\/#primaryimage"},"thumbnailUrl":"https:\/\/regiaonews.net.br\/2022\/wp-content\/uploads\/2021\/08\/Bolsa-trabalho.jpg","datePublished":"2021-08-31T15:10:15+00:00","breadcrumb":{"@id":"https:\/\/regiaonews.net.br\/2022\/2021\/08\/31\/prefeitura-de-colina-adere-ao-programa-estadual-bolsa-trabalho\/#breadcrumb"},"inLanguage":"pt-BR","potentialAction":[{"@type":"ReadAction","target":["https:\/\/regiaonews.net.br\/2022\/2021\/08\/31\/prefeitura-de-colina-adere-ao-programa-estadual-bolsa-trabalho\/"]}]},{"@type":"ImageObject","inLanguage":"pt-BR","@id":"https:\/\/regiaonews.net.br\/2022\/2021\/08\/31\/prefeitura-de-colina-adere-ao-programa-estadual-bolsa-trabalho\/#primaryimage","url":"https:\/\/regiaonews.net.br\/2022\/wp-content\/uploads\/2021\/08\/Bolsa-trabalho.jpg","contentUrl":"https:\/\/regiaonews.net.br\/2022\/wp-content\/uploads\/2021\/08\/Bolsa-trabalho.jpg","width":660,"height":666},{"@type":"BreadcrumbList","@id":"https:\/\/regiaonews.net.br\/2022\/2021\/08\/31\/prefeitura-de-colina-adere-ao-programa-estadual-bolsa-trabalho\/#breadcrumb","itemListElement":[{"@type":"ListItem","position":1,"name":"In\u00edcio","item":"https:\/\/regiaonews.net.br\/2022\/"},{"@type":"ListItem","position":2,"name":"Prefeitura de Colina adere ao Programa Estadual \u201cBolsa Trabalho\u201d"}]},{"@type":"WebSite","@id":"https:\/\/regiaonews.net.br\/2022\/#website","url":"https:\/\/regiaonews.net.br\/2022\/","name":"Regi\u00e3o News","description":"Site de Not\u00edcias de Barretos e regi\u00e3o","publisher":{"@id":"https:\/\/regiaonews.net.br\/2022\/#organization"},"potentialAction":[{"@type":"SearchAction","target":{"@type":"EntryPoint","urlTemplate":"https:\/\/regiaonews.net.br\/2022\/?s={search_term_string}"},"query-input":{"@type":"PropertyValueSpecification","valueRequired":true,"valueName":"search_term_string"}}],"inLanguage":"pt-BR"},{"@type":"Organization","@id":"https:\/\/regiaonews.net.br\/2022\/#organization","name":"Regi\u00e3o News","url":"https:\/\/regiaonews.net.br\/2022\/","logo":{"@type":"ImageObject","inLanguage":"pt-BR","@id":"https:\/\/regiaonews.net.br\/2022\/#\/schema\/logo\/image\/","url":"https:\/\/regiaonews.net.br\/2022\/wp-content\/uploads\/2026\/03\/regiao-13-anos-scaled.jpg","contentUrl":"https:\/\/regiaonews.net.br\/2022\/wp-content\/uploads\/2026\/03\/regiao-13-anos-scaled.jpg","width":2560,"height":635,"caption":"Regi\u00e3o News"},"image":{"@id":"https:\/\/regiaonews.net.br\/2022\/#\/schema\/logo\/image\/"}},{"@type":"Person","@id":"https:\/\/regiaonews.net.br\/2022\/#\/schema\/person\/2d205a608a5aa97ac279d7a5e6d89ad8","name":"Roberto","image":{"@type":"ImageObject","inLanguage":"pt-BR","@id":"https:\/\/secure.gravatar.com\/avatar\/42749d8b712ff9d59ca93dc150494e5b55a44134482993f5baeb97e61b7ecc89?s=96&d=mm&r=g","url":"https:\/\/secure.gravatar.com\/avatar\/42749d8b712ff9d59ca93dc150494e5b55a44134482993f5baeb97e61b7ecc89?s=96&d=mm&r=g","contentUrl":"https:\/\/secure.gravatar.com\/avatar\/42749d8b712ff9d59ca93dc150494e5b55a44134482993f5baeb97e61b7ecc89?s=96&d=mm&r=g","caption":"Roberto"},"url":"https:\/\/regiaonews.net.br\/2022\/author\/roberto\/"}]}},"publishpress_future_action":{"enabled":false,"date":"2026-05-02 04:03:37","action":"change-status","newStatus":"draft","terms":[],"taxonomy":"category","extraData":[]},"publishpress_future_workflow_manual_trigger":{"enabledWorkflows":[]},"_links":{"self":[{"href":"https:\/\/regiaonews.net.br\/2022\/wp-json\/wp\/v2\/posts\/52677","targetHints":{"allow":["GET"]}}],"collection":[{"href":"https:\/\/regiaonews.net.br\/2022\/wp-json\/wp\/v2\/posts"}],"about":[{"href":"https:\/\/regiaonews.net.br\/2022\/wp-json\/wp\/v2\/types\/post"}],"author":[{"embeddable":true,"href":"https:\/\/regiaonews.net.br\/2022\/wp-json\/wp\/v2\/users\/2"}],"replies":[{"embeddable":true,"href":"https:\/\/regiaonews.net.br\/2022\/wp-json\/wp\/v2\/comments?post=52677"}],"version-history":[{"count":0,"href":"https:\/\/regiaonews.net.br\/2022\/wp-json\/wp\/v2\/posts\/52677\/revisions"}],"wp:featuredmedia":[{"embeddable":true,"href":"https:\/\/regiaonews.net.br\/2022\/wp-json\/wp\/v2\/media\/52678"}],"wp:attachment":[{"href":"https:\/\/regiaonews.net.br\/2022\/wp-json\/wp\/v2\/media?parent=52677"}],"wp:term":[{"taxonomy":"category","embeddable":true,"href":"https:\/\/regiaonews.net.br\/2022\/wp-json\/wp\/v2\/categories?post=52677"},{"taxonomy":"post_tag","embeddable":true,"href":"https:\/\/regiaonews.net.br\/2022\/wp-json\/wp\/v2\/tags?post=52677"}],"curies":[{"name":"wp","href":"https:\/\/api.w.org\/{rel}","templated":true}]}}