{"id":52674,"date":"2021-08-31T12:07:14","date_gmt":"2021-08-31T15:07:14","guid":{"rendered":"https:\/\/regiaonews.net.br\/2022\/?p=52674"},"modified":"2021-08-31T12:11:06","modified_gmt":"2021-08-31T15:11:06","slug":"prefeito-e-vereadores-prestigiam-o-lancamento-do-programa-nossa-rua-e-parlamento-regional","status":"publish","type":"post","link":"https:\/\/regiaonews.net.br\/2022\/2021\/08\/31\/prefeito-e-vereadores-prestigiam-o-lancamento-do-programa-nossa-rua-e-parlamento-regional\/","title":{"rendered":"Prefeito e vereadores  de Colina prestigiam o lan\u00e7amento do Programa \u201cNossa Rua\u201d e \u201cParlamento Regional\u201d"},"content":{"rendered":"<p><a href=\"https:\/\/regiaonews.net.br\/2022\/wp-content\/uploads\/2021\/08\/Prefeito-e-vereadores.jpg\"><img loading=\"lazy\" decoding=\"async\" class=\"alignnone size-medium wp-image-52675\" src=\"https:\/\/regiaonews.net.br\/2022\/wp-content\/uploads\/2021\/08\/Prefeito-e-vereadores-300x200.jpg\" alt=\"\" width=\"300\" height=\"200\" \/><\/a><\/p>\n<nav class=\"menu-breadcrumb\"><\/nav>\n<section class=\"post\">\n<header class=\"post-header\">\n<p class=\"post-description\">O Prefeito Municipal de Colina, Dieb Taha, acompanhado do Presidente da C\u00e2mara Municipal, Rafael Correia Rodrigues (Maring\u00e1) e dos Vereadores: Luiz Gustavo Simionato Tomaz Ferreira (Montanha); Christovam Junqueira Franco Varella (Lim\u00e3o); Evonei Fernandes; Antonio Muniz; Marco Aurelio Moralles e Jos\u00e9 Afonso de Salvi, participou na \u00faltima quinta-feira, dia 19 de agosto, no Pal\u00e1cio dos Bandeirantes, da solenidade de lan\u00e7amento do Programa Estadual \u201cNossa Rua\u201d, uma parceria entre Estado e Prefeituras que vai melhorar a infraestrutura urbana de localidades sem pavimenta\u00e7\u00e3o, al\u00e9m de garantir mais seguran\u00e7a no tr\u00e2nsito e melhoria na qualidade de vida da popula\u00e7\u00e3o. Colina oficializou a ades\u00e3o ao Programa.<\/p>\n<\/header>\n<div class=\"post-content\">\n<article class=\"post-text\">O lan\u00e7amento contou com a presen\u00e7a do Governador de S\u00e3o Paulo, Jo\u00e3o D\u00f3ria; do Vice-Governador e Secret\u00e1rio de Governo, Rodrigo Garcia e do Secret\u00e1rio de Desenvolvimento Regional, Marco Vinholi.\u201cA ades\u00e3o do munic\u00edpio de Colina ao Programa Nossa Rua \u00a0amplia as possibilidades de investimentos na infraestrutura urbana, uma das prioridades de nosso Governo. Isso significa mais desenvolvimento para os bairros, conforto, seguran\u00e7a, valoriza\u00e7\u00e3o dos im\u00f3veis, inclus\u00e3o social e a melhoria da qualidade de vida das pessoas\u201d, afirmou o Prefeito Dieb.<\/p>\n<p><strong>\u201cNossa Rua\u201d<\/strong><\/p>\n<p>De acordo com as regras do Programa, as Prefeituras ser\u00e3o respons\u00e1veis pela elabora\u00e7\u00e3o dos projetos executivos de cada obra para formaliza\u00e7\u00e3o do conv\u00eanio na Secretaria de Desenvolvimento Regional e repasse dos recursos estaduais, com contrapartida da Prefeitura.<\/p>\n<p><strong>\u201cParlamento Regional\u201d<\/strong><\/p>\n<p>O Governo de S\u00e3o Paulo tamb\u00e9m anunciou na quinta, 19 de agosto, a implanta\u00e7\u00e3o do \u201cParlamento Regional\u201d, que vai integrar Vereadores de todos os 645 munic\u00edpios \u00e0 Governan\u00e7a Interfederativa proposta na nova regionaliza\u00e7\u00e3o estadual.<\/p>\n<p>Com a institui\u00e7\u00e3o das 31 novas Unidades Regionais, os representantes das C\u00e2maras Municipais ter\u00e3o participa\u00e7\u00e3o efetiva nos Conselhos de Desenvolvimento Regional do Estado. Cada regi\u00e3o constitu\u00edda tamb\u00e9m contar\u00e1 com um Conselho pr\u00f3prio com a atua\u00e7\u00e3o de Vereadores de diferentes cidades.<\/p>\n<\/article>\n<\/div>\n<\/section>\n","protected":false},"excerpt":{"rendered":"<p>O Prefeito Municipal de Colina, Dieb Taha, acompanhado do Presidente<\/p>\n","protected":false},"author":2,"featured_media":52675,"comment_status":"open","ping_status":"open","sticky":false,"template":"","format":"standard","meta":{"footnotes":""},"categories":[25,22,29],"tags":[],"class_list":["post-52674","post","type-post","status-publish","format-standard","has-post-thumbnail","hentry","category-cidades","category-politica","category-sao-paulo"],"yoast_head":"<!-- This site is optimized with the Yoast SEO plugin v27.4 - https:\/\/yoast.com\/product\/yoast-seo-wordpress\/ -->\n<title>Prefeito e vereadores de Colina prestigiam o lan\u00e7amento do Programa \u201cNossa Rua\u201d e \u201cParlamento Regional\u201d - Regi\u00e3o News<\/title>\n<meta name=\"robots\" content=\"index, follow, max-snippet:-1, max-image-preview:large, max-video-preview:-1\" \/>\n<link rel=\"canonical\" href=\"https:\/\/regiaonews.net.br\/2022\/2021\/08\/31\/prefeito-e-vereadores-prestigiam-o-lancamento-do-programa-nossa-rua-e-parlamento-regional\/\" \/>\n<meta property=\"og:locale\" content=\"pt_BR\" \/>\n<meta property=\"og:type\" content=\"article\" \/>\n<meta property=\"og:title\" content=\"Prefeito e vereadores de Colina prestigiam o lan\u00e7amento do Programa \u201cNossa Rua\u201d e \u201cParlamento Regional\u201d - Regi\u00e3o News\" \/>\n<meta property=\"og:description\" content=\"O Prefeito Municipal de Colina, Dieb Taha, acompanhado do Presidente\" \/>\n<meta property=\"og:url\" content=\"https:\/\/regiaonews.net.br\/2022\/2021\/08\/31\/prefeito-e-vereadores-prestigiam-o-lancamento-do-programa-nossa-rua-e-parlamento-regional\/\" \/>\n<meta property=\"og:site_name\" content=\"Regi\u00e3o News\" \/>\n<meta property=\"article:published_time\" content=\"2021-08-31T15:07:14+00:00\" \/>\n<meta property=\"article:modified_time\" content=\"2021-08-31T15:11:06+00:00\" \/>\n<meta property=\"og:image\" content=\"https:\/\/regiaonews.net.br\/2022\/wp-content\/uploads\/2021\/08\/Prefeito-e-vereadores.jpg\" \/>\n\t<meta property=\"og:image:width\" content=\"900\" \/>\n\t<meta property=\"og:image:height\" content=\"599\" \/>\n\t<meta property=\"og:image:type\" content=\"image\/jpeg\" \/>\n<meta name=\"author\" content=\"Roberto\" \/>\n<meta name=\"twitter:card\" content=\"summary_large_image\" \/>\n<meta name=\"twitter:label1\" content=\"Escrito por\" \/>\n\t<meta name=\"twitter:data1\" content=\"Roberto\" \/>\n\t<meta name=\"twitter:label2\" content=\"Est. tempo de leitura\" \/>\n\t<meta name=\"twitter:data2\" content=\"2 minutos\" \/>\n<script type=\"application\/ld+json\" class=\"yoast-schema-graph\">{\"@context\":\"https:\\\/\\\/schema.org\",\"@graph\":[{\"@type\":\"Article\",\"@id\":\"https:\\\/\\\/regiaonews.net.br\\\/2022\\\/2021\\\/08\\\/31\\\/prefeito-e-vereadores-prestigiam-o-lancamento-do-programa-nossa-rua-e-parlamento-regional\\\/#article\",\"isPartOf\":{\"@id\":\"https:\\\/\\\/regiaonews.net.br\\\/2022\\\/2021\\\/08\\\/31\\\/prefeito-e-vereadores-prestigiam-o-lancamento-do-programa-nossa-rua-e-parlamento-regional\\\/\"},\"author\":{\"name\":\"Roberto\",\"@id\":\"https:\\\/\\\/regiaonews.net.br\\\/2022\\\/#\\\/schema\\\/person\\\/2d205a608a5aa97ac279d7a5e6d89ad8\"},\"headline\":\"Prefeito e vereadores de Colina prestigiam o lan\u00e7amento do Programa \u201cNossa Rua\u201d e \u201cParlamento Regional\u201d\",\"datePublished\":\"2021-08-31T15:07:14+00:00\",\"dateModified\":\"2021-08-31T15:11:06+00:00\",\"mainEntityOfPage\":{\"@id\":\"https:\\\/\\\/regiaonews.net.br\\\/2022\\\/2021\\\/08\\\/31\\\/prefeito-e-vereadores-prestigiam-o-lancamento-do-programa-nossa-rua-e-parlamento-regional\\\/\"},\"wordCount\":350,\"commentCount\":0,\"publisher\":{\"@id\":\"https:\\\/\\\/regiaonews.net.br\\\/2022\\\/#organization\"},\"image\":{\"@id\":\"https:\\\/\\\/regiaonews.net.br\\\/2022\\\/2021\\\/08\\\/31\\\/prefeito-e-vereadores-prestigiam-o-lancamento-do-programa-nossa-rua-e-parlamento-regional\\\/#primaryimage\"},\"thumbnailUrl\":\"https:\\\/\\\/regiaonews.net.br\\\/2022\\\/wp-content\\\/uploads\\\/2021\\\/08\\\/Prefeito-e-vereadores.jpg\",\"articleSection\":[\"Cidades\",\"Pol\u00edtica\",\"S\u00e3o Paulo\"],\"inLanguage\":\"pt-BR\",\"potentialAction\":[{\"@type\":\"CommentAction\",\"name\":\"Comment\",\"target\":[\"https:\\\/\\\/regiaonews.net.br\\\/2022\\\/2021\\\/08\\\/31\\\/prefeito-e-vereadores-prestigiam-o-lancamento-do-programa-nossa-rua-e-parlamento-regional\\\/#respond\"]}]},{\"@type\":\"WebPage\",\"@id\":\"https:\\\/\\\/regiaonews.net.br\\\/2022\\\/2021\\\/08\\\/31\\\/prefeito-e-vereadores-prestigiam-o-lancamento-do-programa-nossa-rua-e-parlamento-regional\\\/\",\"url\":\"https:\\\/\\\/regiaonews.net.br\\\/2022\\\/2021\\\/08\\\/31\\\/prefeito-e-vereadores-prestigiam-o-lancamento-do-programa-nossa-rua-e-parlamento-regional\\\/\",\"name\":\"Prefeito e vereadores de Colina prestigiam o lan\u00e7amento do Programa \u201cNossa Rua\u201d e \u201cParlamento Regional\u201d - Regi\u00e3o News\",\"isPartOf\":{\"@id\":\"https:\\\/\\\/regiaonews.net.br\\\/2022\\\/#website\"},\"primaryImageOfPage\":{\"@id\":\"https:\\\/\\\/regiaonews.net.br\\\/2022\\\/2021\\\/08\\\/31\\\/prefeito-e-vereadores-prestigiam-o-lancamento-do-programa-nossa-rua-e-parlamento-regional\\\/#primaryimage\"},\"image\":{\"@id\":\"https:\\\/\\\/regiaonews.net.br\\\/2022\\\/2021\\\/08\\\/31\\\/prefeito-e-vereadores-prestigiam-o-lancamento-do-programa-nossa-rua-e-parlamento-regional\\\/#primaryimage\"},\"thumbnailUrl\":\"https:\\\/\\\/regiaonews.net.br\\\/2022\\\/wp-content\\\/uploads\\\/2021\\\/08\\\/Prefeito-e-vereadores.jpg\",\"datePublished\":\"2021-08-31T15:07:14+00:00\",\"dateModified\":\"2021-08-31T15:11:06+00:00\",\"breadcrumb\":{\"@id\":\"https:\\\/\\\/regiaonews.net.br\\\/2022\\\/2021\\\/08\\\/31\\\/prefeito-e-vereadores-prestigiam-o-lancamento-do-programa-nossa-rua-e-parlamento-regional\\\/#breadcrumb\"},\"inLanguage\":\"pt-BR\",\"potentialAction\":[{\"@type\":\"ReadAction\",\"target\":[\"https:\\\/\\\/regiaonews.net.br\\\/2022\\\/2021\\\/08\\\/31\\\/prefeito-e-vereadores-prestigiam-o-lancamento-do-programa-nossa-rua-e-parlamento-regional\\\/\"]}]},{\"@type\":\"ImageObject\",\"inLanguage\":\"pt-BR\",\"@id\":\"https:\\\/\\\/regiaonews.net.br\\\/2022\\\/2021\\\/08\\\/31\\\/prefeito-e-vereadores-prestigiam-o-lancamento-do-programa-nossa-rua-e-parlamento-regional\\\/#primaryimage\",\"url\":\"https:\\\/\\\/regiaonews.net.br\\\/2022\\\/wp-content\\\/uploads\\\/2021\\\/08\\\/Prefeito-e-vereadores.jpg\",\"contentUrl\":\"https:\\\/\\\/regiaonews.net.br\\\/2022\\\/wp-content\\\/uploads\\\/2021\\\/08\\\/Prefeito-e-vereadores.jpg\",\"width\":900,\"height\":599},{\"@type\":\"BreadcrumbList\",\"@id\":\"https:\\\/\\\/regiaonews.net.br\\\/2022\\\/2021\\\/08\\\/31\\\/prefeito-e-vereadores-prestigiam-o-lancamento-do-programa-nossa-rua-e-parlamento-regional\\\/#breadcrumb\",\"itemListElement\":[{\"@type\":\"ListItem\",\"position\":1,\"name\":\"In\u00edcio\",\"item\":\"https:\\\/\\\/regiaonews.net.br\\\/2022\\\/\"},{\"@type\":\"ListItem\",\"position\":2,\"name\":\"Prefeito e vereadores de Colina prestigiam o lan\u00e7amento do Programa \u201cNossa Rua\u201d e \u201cParlamento Regional\u201d\"}]},{\"@type\":\"WebSite\",\"@id\":\"https:\\\/\\\/regiaonews.net.br\\\/2022\\\/#website\",\"url\":\"https:\\\/\\\/regiaonews.net.br\\\/2022\\\/\",\"name\":\"Regi\u00e3o News\",\"description\":\"Site de Not\u00edcias de Barretos e regi\u00e3o\",\"publisher\":{\"@id\":\"https:\\\/\\\/regiaonews.net.br\\\/2022\\\/#organization\"},\"potentialAction\":[{\"@type\":\"SearchAction\",\"target\":{\"@type\":\"EntryPoint\",\"urlTemplate\":\"https:\\\/\\\/regiaonews.net.br\\\/2022\\\/?s={search_term_string}\"},\"query-input\":{\"@type\":\"PropertyValueSpecification\",\"valueRequired\":true,\"valueName\":\"search_term_string\"}}],\"inLanguage\":\"pt-BR\"},{\"@type\":\"Organization\",\"@id\":\"https:\\\/\\\/regiaonews.net.br\\\/2022\\\/#organization\",\"name\":\"Regi\u00e3o News\",\"url\":\"https:\\\/\\\/regiaonews.net.br\\\/2022\\\/\",\"logo\":{\"@type\":\"ImageObject\",\"inLanguage\":\"pt-BR\",\"@id\":\"https:\\\/\\\/regiaonews.net.br\\\/2022\\\/#\\\/schema\\\/logo\\\/image\\\/\",\"url\":\"https:\\\/\\\/regiaonews.net.br\\\/2022\\\/wp-content\\\/uploads\\\/2026\\\/03\\\/regiao-13-anos-scaled.jpg\",\"contentUrl\":\"https:\\\/\\\/regiaonews.net.br\\\/2022\\\/wp-content\\\/uploads\\\/2026\\\/03\\\/regiao-13-anos-scaled.jpg\",\"width\":2560,\"height\":635,\"caption\":\"Regi\u00e3o News\"},\"image\":{\"@id\":\"https:\\\/\\\/regiaonews.net.br\\\/2022\\\/#\\\/schema\\\/logo\\\/image\\\/\"}},{\"@type\":\"Person\",\"@id\":\"https:\\\/\\\/regiaonews.net.br\\\/2022\\\/#\\\/schema\\\/person\\\/2d205a608a5aa97ac279d7a5e6d89ad8\",\"name\":\"Roberto\",\"image\":{\"@type\":\"ImageObject\",\"inLanguage\":\"pt-BR\",\"@id\":\"https:\\\/\\\/secure.gravatar.com\\\/avatar\\\/42749d8b712ff9d59ca93dc150494e5b55a44134482993f5baeb97e61b7ecc89?s=96&d=mm&r=g\",\"url\":\"https:\\\/\\\/secure.gravatar.com\\\/avatar\\\/42749d8b712ff9d59ca93dc150494e5b55a44134482993f5baeb97e61b7ecc89?s=96&d=mm&r=g\",\"contentUrl\":\"https:\\\/\\\/secure.gravatar.com\\\/avatar\\\/42749d8b712ff9d59ca93dc150494e5b55a44134482993f5baeb97e61b7ecc89?s=96&d=mm&r=g\",\"caption\":\"Roberto\"},\"url\":\"https:\\\/\\\/regiaonews.net.br\\\/2022\\\/author\\\/roberto\\\/\"}]}<\/script>\n<!-- \/ Yoast SEO plugin. -->","yoast_head_json":{"title":"Prefeito e vereadores de Colina prestigiam o lan\u00e7amento do Programa \u201cNossa Rua\u201d e \u201cParlamento Regional\u201d - Regi\u00e3o News","robots":{"index":"index","follow":"follow","max-snippet":"max-snippet:-1","max-image-preview":"max-image-preview:large","max-video-preview":"max-video-preview:-1"},"canonical":"https:\/\/regiaonews.net.br\/2022\/2021\/08\/31\/prefeito-e-vereadores-prestigiam-o-lancamento-do-programa-nossa-rua-e-parlamento-regional\/","og_locale":"pt_BR","og_type":"article","og_title":"Prefeito e vereadores de Colina prestigiam o lan\u00e7amento do Programa \u201cNossa Rua\u201d e \u201cParlamento Regional\u201d - Regi\u00e3o News","og_description":"O Prefeito Municipal de Colina, Dieb Taha, acompanhado do Presidente","og_url":"https:\/\/regiaonews.net.br\/2022\/2021\/08\/31\/prefeito-e-vereadores-prestigiam-o-lancamento-do-programa-nossa-rua-e-parlamento-regional\/","og_site_name":"Regi\u00e3o News","article_published_time":"2021-08-31T15:07:14+00:00","article_modified_time":"2021-08-31T15:11:06+00:00","og_image":[{"width":900,"height":599,"url":"https:\/\/regiaonews.net.br\/2022\/wp-content\/uploads\/2021\/08\/Prefeito-e-vereadores.jpg","type":"image\/jpeg"}],"author":"Roberto","twitter_card":"summary_large_image","twitter_misc":{"Escrito por":"Roberto","Est. tempo de leitura":"2 minutos"},"schema":{"@context":"https:\/\/schema.org","@graph":[{"@type":"Article","@id":"https:\/\/regiaonews.net.br\/2022\/2021\/08\/31\/prefeito-e-vereadores-prestigiam-o-lancamento-do-programa-nossa-rua-e-parlamento-regional\/#article","isPartOf":{"@id":"https:\/\/regiaonews.net.br\/2022\/2021\/08\/31\/prefeito-e-vereadores-prestigiam-o-lancamento-do-programa-nossa-rua-e-parlamento-regional\/"},"author":{"name":"Roberto","@id":"https:\/\/regiaonews.net.br\/2022\/#\/schema\/person\/2d205a608a5aa97ac279d7a5e6d89ad8"},"headline":"Prefeito e vereadores de Colina prestigiam o lan\u00e7amento do Programa \u201cNossa Rua\u201d e \u201cParlamento Regional\u201d","datePublished":"2021-08-31T15:07:14+00:00","dateModified":"2021-08-31T15:11:06+00:00","mainEntityOfPage":{"@id":"https:\/\/regiaonews.net.br\/2022\/2021\/08\/31\/prefeito-e-vereadores-prestigiam-o-lancamento-do-programa-nossa-rua-e-parlamento-regional\/"},"wordCount":350,"commentCount":0,"publisher":{"@id":"https:\/\/regiaonews.net.br\/2022\/#organization"},"image":{"@id":"https:\/\/regiaonews.net.br\/2022\/2021\/08\/31\/prefeito-e-vereadores-prestigiam-o-lancamento-do-programa-nossa-rua-e-parlamento-regional\/#primaryimage"},"thumbnailUrl":"https:\/\/regiaonews.net.br\/2022\/wp-content\/uploads\/2021\/08\/Prefeito-e-vereadores.jpg","articleSection":["Cidades","Pol\u00edtica","S\u00e3o Paulo"],"inLanguage":"pt-BR","potentialAction":[{"@type":"CommentAction","name":"Comment","target":["https:\/\/regiaonews.net.br\/2022\/2021\/08\/31\/prefeito-e-vereadores-prestigiam-o-lancamento-do-programa-nossa-rua-e-parlamento-regional\/#respond"]}]},{"@type":"WebPage","@id":"https:\/\/regiaonews.net.br\/2022\/2021\/08\/31\/prefeito-e-vereadores-prestigiam-o-lancamento-do-programa-nossa-rua-e-parlamento-regional\/","url":"https:\/\/regiaonews.net.br\/2022\/2021\/08\/31\/prefeito-e-vereadores-prestigiam-o-lancamento-do-programa-nossa-rua-e-parlamento-regional\/","name":"Prefeito e vereadores de Colina prestigiam o lan\u00e7amento do Programa \u201cNossa Rua\u201d e \u201cParlamento Regional\u201d - Regi\u00e3o News","isPartOf":{"@id":"https:\/\/regiaonews.net.br\/2022\/#website"},"primaryImageOfPage":{"@id":"https:\/\/regiaonews.net.br\/2022\/2021\/08\/31\/prefeito-e-vereadores-prestigiam-o-lancamento-do-programa-nossa-rua-e-parlamento-regional\/#primaryimage"},"image":{"@id":"https:\/\/regiaonews.net.br\/2022\/2021\/08\/31\/prefeito-e-vereadores-prestigiam-o-lancamento-do-programa-nossa-rua-e-parlamento-regional\/#primaryimage"},"thumbnailUrl":"https:\/\/regiaonews.net.br\/2022\/wp-content\/uploads\/2021\/08\/Prefeito-e-vereadores.jpg","datePublished":"2021-08-31T15:07:14+00:00","dateModified":"2021-08-31T15:11:06+00:00","breadcrumb":{"@id":"https:\/\/regiaonews.net.br\/2022\/2021\/08\/31\/prefeito-e-vereadores-prestigiam-o-lancamento-do-programa-nossa-rua-e-parlamento-regional\/#breadcrumb"},"inLanguage":"pt-BR","potentialAction":[{"@type":"ReadAction","target":["https:\/\/regiaonews.net.br\/2022\/2021\/08\/31\/prefeito-e-vereadores-prestigiam-o-lancamento-do-programa-nossa-rua-e-parlamento-regional\/"]}]},{"@type":"ImageObject","inLanguage":"pt-BR","@id":"https:\/\/regiaonews.net.br\/2022\/2021\/08\/31\/prefeito-e-vereadores-prestigiam-o-lancamento-do-programa-nossa-rua-e-parlamento-regional\/#primaryimage","url":"https:\/\/regiaonews.net.br\/2022\/wp-content\/uploads\/2021\/08\/Prefeito-e-vereadores.jpg","contentUrl":"https:\/\/regiaonews.net.br\/2022\/wp-content\/uploads\/2021\/08\/Prefeito-e-vereadores.jpg","width":900,"height":599},{"@type":"BreadcrumbList","@id":"https:\/\/regiaonews.net.br\/2022\/2021\/08\/31\/prefeito-e-vereadores-prestigiam-o-lancamento-do-programa-nossa-rua-e-parlamento-regional\/#breadcrumb","itemListElement":[{"@type":"ListItem","position":1,"name":"In\u00edcio","item":"https:\/\/regiaonews.net.br\/2022\/"},{"@type":"ListItem","position":2,"name":"Prefeito e vereadores de Colina prestigiam o lan\u00e7amento do Programa \u201cNossa Rua\u201d e \u201cParlamento Regional\u201d"}]},{"@type":"WebSite","@id":"https:\/\/regiaonews.net.br\/2022\/#website","url":"https:\/\/regiaonews.net.br\/2022\/","name":"Regi\u00e3o News","description":"Site de Not\u00edcias de Barretos e regi\u00e3o","publisher":{"@id":"https:\/\/regiaonews.net.br\/2022\/#organization"},"potentialAction":[{"@type":"SearchAction","target":{"@type":"EntryPoint","urlTemplate":"https:\/\/regiaonews.net.br\/2022\/?s={search_term_string}"},"query-input":{"@type":"PropertyValueSpecification","valueRequired":true,"valueName":"search_term_string"}}],"inLanguage":"pt-BR"},{"@type":"Organization","@id":"https:\/\/regiaonews.net.br\/2022\/#organization","name":"Regi\u00e3o News","url":"https:\/\/regiaonews.net.br\/2022\/","logo":{"@type":"ImageObject","inLanguage":"pt-BR","@id":"https:\/\/regiaonews.net.br\/2022\/#\/schema\/logo\/image\/","url":"https:\/\/regiaonews.net.br\/2022\/wp-content\/uploads\/2026\/03\/regiao-13-anos-scaled.jpg","contentUrl":"https:\/\/regiaonews.net.br\/2022\/wp-content\/uploads\/2026\/03\/regiao-13-anos-scaled.jpg","width":2560,"height":635,"caption":"Regi\u00e3o News"},"image":{"@id":"https:\/\/regiaonews.net.br\/2022\/#\/schema\/logo\/image\/"}},{"@type":"Person","@id":"https:\/\/regiaonews.net.br\/2022\/#\/schema\/person\/2d205a608a5aa97ac279d7a5e6d89ad8","name":"Roberto","image":{"@type":"ImageObject","inLanguage":"pt-BR","@id":"https:\/\/secure.gravatar.com\/avatar\/42749d8b712ff9d59ca93dc150494e5b55a44134482993f5baeb97e61b7ecc89?s=96&d=mm&r=g","url":"https:\/\/secure.gravatar.com\/avatar\/42749d8b712ff9d59ca93dc150494e5b55a44134482993f5baeb97e61b7ecc89?s=96&d=mm&r=g","contentUrl":"https:\/\/secure.gravatar.com\/avatar\/42749d8b712ff9d59ca93dc150494e5b55a44134482993f5baeb97e61b7ecc89?s=96&d=mm&r=g","caption":"Roberto"},"url":"https:\/\/regiaonews.net.br\/2022\/author\/roberto\/"}]}},"publishpress_future_action":{"enabled":false,"date":"2026-05-02 06:00:31","action":"change-status","newStatus":"draft","terms":[],"taxonomy":"category","extraData":[]},"publishpress_future_workflow_manual_trigger":{"enabledWorkflows":[]},"_links":{"self":[{"href":"https:\/\/regiaonews.net.br\/2022\/wp-json\/wp\/v2\/posts\/52674","targetHints":{"allow":["GET"]}}],"collection":[{"href":"https:\/\/regiaonews.net.br\/2022\/wp-json\/wp\/v2\/posts"}],"about":[{"href":"https:\/\/regiaonews.net.br\/2022\/wp-json\/wp\/v2\/types\/post"}],"author":[{"embeddable":true,"href":"https:\/\/regiaonews.net.br\/2022\/wp-json\/wp\/v2\/users\/2"}],"replies":[{"embeddable":true,"href":"https:\/\/regiaonews.net.br\/2022\/wp-json\/wp\/v2\/comments?post=52674"}],"version-history":[{"count":0,"href":"https:\/\/regiaonews.net.br\/2022\/wp-json\/wp\/v2\/posts\/52674\/revisions"}],"wp:featuredmedia":[{"embeddable":true,"href":"https:\/\/regiaonews.net.br\/2022\/wp-json\/wp\/v2\/media\/52675"}],"wp:attachment":[{"href":"https:\/\/regiaonews.net.br\/2022\/wp-json\/wp\/v2\/media?parent=52674"}],"wp:term":[{"taxonomy":"category","embeddable":true,"href":"https:\/\/regiaonews.net.br\/2022\/wp-json\/wp\/v2\/categories?post=52674"},{"taxonomy":"post_tag","embeddable":true,"href":"https:\/\/regiaonews.net.br\/2022\/wp-json\/wp\/v2\/tags?post=52674"}],"curies":[{"name":"wp","href":"https:\/\/api.w.org\/{rel}","templated":true}]}}