{"id":52462,"date":"2021-08-27T09:48:09","date_gmt":"2021-08-27T12:48:09","guid":{"rendered":"https:\/\/regiaonews.net.br\/2022\/?p=52462"},"modified":"2021-08-30T20:23:01","modified_gmt":"2021-08-30T23:23:01","slug":"espetaculo-inclusivo-eu-nao-dancarei-sem-voce-encerra-projeto-tripe-da-cia-pe-na-tabua","status":"publish","type":"post","link":"https:\/\/regiaonews.net.br\/2022\/2021\/08\/27\/espetaculo-inclusivo-eu-nao-dancarei-sem-voce-encerra-projeto-tripe-da-cia-pe-na-tabua\/","title":{"rendered":"Espet\u00e1culo inclusivo &#8220;Eu N\u00e3o Dan\u00e7arei Sem Voc\u00ea&#8221; encerra projeto Trip\u00e9, da Cia P\u00e9 na T\u00e1bua"},"content":{"rendered":"<p>&nbsp;<\/p>\n<p><a href=\"https:\/\/regiaonews.net.br\/2022\/wp-content\/uploads\/2021\/08\/IMG-20210826-WA0188.jpg\"><img loading=\"lazy\" decoding=\"async\" class=\"alignnone size-medium wp-image-52463\" src=\"https:\/\/regiaonews.net.br\/2022\/wp-content\/uploads\/2021\/08\/IMG-20210826-WA0188-300x200.jpg\" alt=\"\" width=\"300\" height=\"200\" \/><\/a><\/p>\n<p>Fotos: Lucas Batista<\/p>\n<p>Neste trabalho c\u00eanico, os dan\u00e7arinos utilizam a L\u00edngua Brasileira de Sinais e a t\u00e9cnica do sapateado americano como meios para transpor o p\u00fablico de expectador para participante ativo<\/p>\n<p>A Cia P\u00e9 na T\u00e1bua de Ribeir\u00e3o Preto encerra neste m\u00eas o projeto Trip\u00e9, que durante cinco meses revisitou os 13 anos de cont\u00ednua produ\u00e7\u00e3o art\u00edstica do grupo, compartilhando conhecimento e arte. Desde maio, os sapateadores R\u00ea Defina, Ana Luiza Yosetake e Rodrigo Lima partilharam com dan\u00e7arinos e p\u00fablico em geral, a constru\u00e7\u00e3o completa de seus trabalhos c\u00eanicos, abrindo debates online sobre a feitura de cada um deles. \u201cAchamos fundamental democratizar a arte e o acesso dela. Da\u00ed a op\u00e7\u00e3o do grupo no compartilhamento dos nossos projetos\u201d, explica Ana Luiza Yosetake, sapateadora e integrante da Cia.<br \/>\nUma das motiva\u00e7\u00f5es da Cia \u00e9 a difus\u00e3o do sapateado no Brasil e, em raz\u00e3o disso, h\u00e1 uma preocupa\u00e7\u00e3o constante com a forma\u00e7\u00e3o de p\u00fablico e a acessibilidade. Exemplo deste entendimento \u00e9 o espet\u00e1culo Eu N\u00e3o Dan\u00e7arei Sem Voc\u00ea, de 2019, cujo processo de cria\u00e7\u00e3o ser\u00e1 exibido no pr\u00f3ximo dia 27, sexta-feira, \u00e0s 20 horas, pelo canal do Youtube da companhia (youtube.com\/ciapenatabua).<br \/>\nNele, os dan\u00e7arinos utilizam a l\u00edngua de sinais (Libras) e a linguagem do sapateado como meios para transpor o p\u00fablico de espectador para participante ativo, elemento fundamental para a cena acontecer.<\/p>\n<p>Forma\u00e7\u00e3o e inclus\u00e3o &#8211; Em \u201cEu N\u00e3o Dan\u00e7arei Sem Voc\u00ea\u201d, a percussionista corporal Tais Balieiro, do Grupo Barbatuques, integra a equipe, realizando a provoca\u00e7\u00e3o c\u00eanica do trabalho. A colabora\u00e7\u00e3o em Libras \u00e9 de Joseane Mara Serra Porfirio e Luciana Masako.<\/p>\n<p>No domingo, dia 29, \u00e0s 16 horas, no Instagram da Cia P\u00e9 na T\u00e1bua (instagram.com\/ciapenatabua), os integrantes se juntam numa live e revelam descontraidamente os passos da constru\u00e7\u00e3o de Eu N\u00e3o Dan\u00e7arei em Voc\u00ea. \u201cA exposi\u00e7\u00e3o destes bastidores visa democratizar o acesso do fazer art\u00edstico, mostrando sua concep\u00e7\u00e3o at\u00e9 a finaliza\u00e7\u00e3o do projeto c\u00eanico. Temos recebido retorno muito positivo da comunidade de sapateadores e do p\u00fablico em geral\u201d, acrescenta Rodrigo Lima, sapateador integrante da Cia.<\/p>\n<p>Eu n\u00e3o dan\u00e7arei sem voc\u00ea &#8211; O processo teve como primeiro desejo a tentativa de mesclar a experi\u00eancia art\u00edstica com a aprendizagem de trechos da pr\u00f3pria apresenta\u00e7\u00e3o, modulando o p\u00fablico de espectador para integrante ativo. Ou seja, o primeiro desejo n\u00e3o foi o de criar uma dramaturgia PARA o p\u00fablico e sim, uma dramaturgia COM o p\u00fablico.<br \/>\nEssa dramaturgia prop\u00f5e uma outra rela\u00e7\u00e3o entre artista, p\u00fablico e o fazer art\u00edstico. Uma rela\u00e7\u00e3o outra at\u00e9 mesmo com a acessibilidade comunicacional, que aqui se faz de dentro para fora, do protagonismo que implica a pr\u00f3pria cena e seus co-criadores: artistas\/docentes e p\u00fablico. Essa rela\u00e7\u00e3o outra tem seus alicerces na interatividade e na ludicidade, com a pot\u00eancia na cria\u00e7\u00e3o de sentidos e leitura de mundo, abrindo uma possibilidade de cria\u00e7\u00e3o de um outro mundo, um outro jeito de ser, de reconhecer e viver, no m\u00ednimo mais plural e diverso.<\/p>\n<p>Sobre a Cia. P\u00e9 na T\u00e1bua<br \/>\nA Cia P\u00e9 na T\u00e1bua, de Ribeir\u00e3o Preto, completa 13 anos de resist\u00eancia na difus\u00e3o do sapateado, na forma\u00e7\u00e3o de p\u00fablico para a dan\u00e7a e na tentativa de democratizar o acesso aos bens culturais que produz . Sapateadores: Cia. P\u00e9 na T\u00e1bua &#8211; Ana Luiza Yosetake, Renata Defina e Rodrigo Lima. Produ\u00e7\u00e3o Executiva: Mariana Cazula<\/p>\n<p>SERVI\u00c7O<\/p>\n<p>&#8211; Compartilhamento de processo criativo: Eu N\u00e3o Dan\u00e7arei Sem Voc\u00ea<br \/>\nData: 27 de agosto (sexta-feira)\/Hor\u00e1rio: 20h<br \/>\nYouTube da Cia P\u00e9 na T\u00e1bua (http:\/\/youtube.com\/ciapenatabua)<br \/>\nProdu\u00e7\u00e3o Audiovisual de Anev M\u00e3e e Alex Vissoto<\/p>\n<p>&#8211; Bate papo (LIVE) com os convidados envolvidos na produ\u00e7\u00e3o do \u201cEu N\u00e3o Dan\u00e7arei Sem Voc\u00ea\u201d<br \/>\nData: 29 &#8211; domingo\/ Hor\u00e1rio: 16 horas<br \/>\nInstagram da Cia P\u00e9 na T\u00e1bua (http:\/\/instagram.com\/ciapenatabua)<\/p>\n<p>8<\/p>\n","protected":false},"excerpt":{"rendered":"<p>&nbsp; Fotos: Lucas Batista Neste trabalho c\u00eanico, os dan\u00e7arinos utilizam<\/p>\n","protected":false},"author":2,"featured_media":52464,"comment_status":"open","ping_status":"open","sticky":false,"template":"","format":"standard","meta":{"footnotes":""},"categories":[25,32],"tags":[],"class_list":["post-52462","post","type-post","status-publish","format-standard","has-post-thumbnail","hentry","category-cidades","category-ribeirao-preto"],"yoast_head":"<!-- This site is optimized with the Yoast SEO plugin v27.4 - https:\/\/yoast.com\/product\/yoast-seo-wordpress\/ -->\n<title>Espet\u00e1culo inclusivo &quot;Eu N\u00e3o Dan\u00e7arei Sem Voc\u00ea&quot; encerra projeto Trip\u00e9, da Cia P\u00e9 na T\u00e1bua - Regi\u00e3o News<\/title>\n<meta name=\"robots\" content=\"index, follow, max-snippet:-1, max-image-preview:large, max-video-preview:-1\" \/>\n<link rel=\"canonical\" href=\"https:\/\/regiaonews.net.br\/2022\/2021\/08\/27\/espetaculo-inclusivo-eu-nao-dancarei-sem-voce-encerra-projeto-tripe-da-cia-pe-na-tabua\/\" \/>\n<meta property=\"og:locale\" content=\"pt_BR\" \/>\n<meta property=\"og:type\" content=\"article\" \/>\n<meta property=\"og:title\" content=\"Espet\u00e1culo inclusivo &quot;Eu N\u00e3o Dan\u00e7arei Sem Voc\u00ea&quot; encerra projeto Trip\u00e9, da Cia P\u00e9 na T\u00e1bua - Regi\u00e3o News\" \/>\n<meta property=\"og:description\" content=\"&nbsp; Fotos: Lucas Batista Neste trabalho c\u00eanico, os dan\u00e7arinos utilizam\" \/>\n<meta property=\"og:url\" content=\"https:\/\/regiaonews.net.br\/2022\/2021\/08\/27\/espetaculo-inclusivo-eu-nao-dancarei-sem-voce-encerra-projeto-tripe-da-cia-pe-na-tabua\/\" \/>\n<meta property=\"og:site_name\" content=\"Regi\u00e3o News\" \/>\n<meta property=\"article:published_time\" content=\"2021-08-27T12:48:09+00:00\" \/>\n<meta property=\"article:modified_time\" content=\"2021-08-30T23:23:01+00:00\" \/>\n<meta property=\"og:image\" content=\"https:\/\/regiaonews.net.br\/2022\/wp-content\/uploads\/2021\/08\/IMG-20210826-WA0187.jpg\" \/>\n\t<meta property=\"og:image:width\" content=\"1600\" \/>\n\t<meta property=\"og:image:height\" content=\"1066\" \/>\n\t<meta property=\"og:image:type\" content=\"image\/jpeg\" \/>\n<meta name=\"author\" content=\"Roberto\" \/>\n<meta name=\"twitter:card\" content=\"summary_large_image\" \/>\n<meta name=\"twitter:label1\" content=\"Escrito por\" \/>\n\t<meta name=\"twitter:data1\" content=\"Roberto\" \/>\n\t<meta name=\"twitter:label2\" content=\"Est. tempo de leitura\" \/>\n\t<meta name=\"twitter:data2\" content=\"3 minutos\" \/>\n<script type=\"application\/ld+json\" class=\"yoast-schema-graph\">{\"@context\":\"https:\\\/\\\/schema.org\",\"@graph\":[{\"@type\":\"Article\",\"@id\":\"https:\\\/\\\/regiaonews.net.br\\\/2022\\\/2021\\\/08\\\/27\\\/espetaculo-inclusivo-eu-nao-dancarei-sem-voce-encerra-projeto-tripe-da-cia-pe-na-tabua\\\/#article\",\"isPartOf\":{\"@id\":\"https:\\\/\\\/regiaonews.net.br\\\/2022\\\/2021\\\/08\\\/27\\\/espetaculo-inclusivo-eu-nao-dancarei-sem-voce-encerra-projeto-tripe-da-cia-pe-na-tabua\\\/\"},\"author\":{\"name\":\"Roberto\",\"@id\":\"https:\\\/\\\/regiaonews.net.br\\\/2022\\\/#\\\/schema\\\/person\\\/2d205a608a5aa97ac279d7a5e6d89ad8\"},\"headline\":\"Espet\u00e1culo inclusivo &#8220;Eu N\u00e3o Dan\u00e7arei Sem Voc\u00ea&#8221; encerra projeto Trip\u00e9, da Cia P\u00e9 na T\u00e1bua\",\"datePublished\":\"2021-08-27T12:48:09+00:00\",\"dateModified\":\"2021-08-30T23:23:01+00:00\",\"mainEntityOfPage\":{\"@id\":\"https:\\\/\\\/regiaonews.net.br\\\/2022\\\/2021\\\/08\\\/27\\\/espetaculo-inclusivo-eu-nao-dancarei-sem-voce-encerra-projeto-tripe-da-cia-pe-na-tabua\\\/\"},\"wordCount\":713,\"commentCount\":0,\"publisher\":{\"@id\":\"https:\\\/\\\/regiaonews.net.br\\\/2022\\\/#organization\"},\"image\":{\"@id\":\"https:\\\/\\\/regiaonews.net.br\\\/2022\\\/2021\\\/08\\\/27\\\/espetaculo-inclusivo-eu-nao-dancarei-sem-voce-encerra-projeto-tripe-da-cia-pe-na-tabua\\\/#primaryimage\"},\"thumbnailUrl\":\"https:\\\/\\\/regiaonews.net.br\\\/2022\\\/wp-content\\\/uploads\\\/2021\\\/08\\\/IMG-20210826-WA0187.jpg\",\"articleSection\":[\"Cidades\",\"Ribeir\u00e3o Preto\"],\"inLanguage\":\"pt-BR\",\"potentialAction\":[{\"@type\":\"CommentAction\",\"name\":\"Comment\",\"target\":[\"https:\\\/\\\/regiaonews.net.br\\\/2022\\\/2021\\\/08\\\/27\\\/espetaculo-inclusivo-eu-nao-dancarei-sem-voce-encerra-projeto-tripe-da-cia-pe-na-tabua\\\/#respond\"]}]},{\"@type\":\"WebPage\",\"@id\":\"https:\\\/\\\/regiaonews.net.br\\\/2022\\\/2021\\\/08\\\/27\\\/espetaculo-inclusivo-eu-nao-dancarei-sem-voce-encerra-projeto-tripe-da-cia-pe-na-tabua\\\/\",\"url\":\"https:\\\/\\\/regiaonews.net.br\\\/2022\\\/2021\\\/08\\\/27\\\/espetaculo-inclusivo-eu-nao-dancarei-sem-voce-encerra-projeto-tripe-da-cia-pe-na-tabua\\\/\",\"name\":\"Espet\u00e1culo inclusivo \\\"Eu N\u00e3o Dan\u00e7arei Sem Voc\u00ea\\\" encerra projeto Trip\u00e9, da Cia P\u00e9 na T\u00e1bua - Regi\u00e3o News\",\"isPartOf\":{\"@id\":\"https:\\\/\\\/regiaonews.net.br\\\/2022\\\/#website\"},\"primaryImageOfPage\":{\"@id\":\"https:\\\/\\\/regiaonews.net.br\\\/2022\\\/2021\\\/08\\\/27\\\/espetaculo-inclusivo-eu-nao-dancarei-sem-voce-encerra-projeto-tripe-da-cia-pe-na-tabua\\\/#primaryimage\"},\"image\":{\"@id\":\"https:\\\/\\\/regiaonews.net.br\\\/2022\\\/2021\\\/08\\\/27\\\/espetaculo-inclusivo-eu-nao-dancarei-sem-voce-encerra-projeto-tripe-da-cia-pe-na-tabua\\\/#primaryimage\"},\"thumbnailUrl\":\"https:\\\/\\\/regiaonews.net.br\\\/2022\\\/wp-content\\\/uploads\\\/2021\\\/08\\\/IMG-20210826-WA0187.jpg\",\"datePublished\":\"2021-08-27T12:48:09+00:00\",\"dateModified\":\"2021-08-30T23:23:01+00:00\",\"breadcrumb\":{\"@id\":\"https:\\\/\\\/regiaonews.net.br\\\/2022\\\/2021\\\/08\\\/27\\\/espetaculo-inclusivo-eu-nao-dancarei-sem-voce-encerra-projeto-tripe-da-cia-pe-na-tabua\\\/#breadcrumb\"},\"inLanguage\":\"pt-BR\",\"potentialAction\":[{\"@type\":\"ReadAction\",\"target\":[\"https:\\\/\\\/regiaonews.net.br\\\/2022\\\/2021\\\/08\\\/27\\\/espetaculo-inclusivo-eu-nao-dancarei-sem-voce-encerra-projeto-tripe-da-cia-pe-na-tabua\\\/\"]}]},{\"@type\":\"ImageObject\",\"inLanguage\":\"pt-BR\",\"@id\":\"https:\\\/\\\/regiaonews.net.br\\\/2022\\\/2021\\\/08\\\/27\\\/espetaculo-inclusivo-eu-nao-dancarei-sem-voce-encerra-projeto-tripe-da-cia-pe-na-tabua\\\/#primaryimage\",\"url\":\"https:\\\/\\\/regiaonews.net.br\\\/2022\\\/wp-content\\\/uploads\\\/2021\\\/08\\\/IMG-20210826-WA0187.jpg\",\"contentUrl\":\"https:\\\/\\\/regiaonews.net.br\\\/2022\\\/wp-content\\\/uploads\\\/2021\\\/08\\\/IMG-20210826-WA0187.jpg\",\"width\":1600,\"height\":1066},{\"@type\":\"BreadcrumbList\",\"@id\":\"https:\\\/\\\/regiaonews.net.br\\\/2022\\\/2021\\\/08\\\/27\\\/espetaculo-inclusivo-eu-nao-dancarei-sem-voce-encerra-projeto-tripe-da-cia-pe-na-tabua\\\/#breadcrumb\",\"itemListElement\":[{\"@type\":\"ListItem\",\"position\":1,\"name\":\"In\u00edcio\",\"item\":\"https:\\\/\\\/regiaonews.net.br\\\/2022\\\/\"},{\"@type\":\"ListItem\",\"position\":2,\"name\":\"Espet\u00e1culo inclusivo &#8220;Eu N\u00e3o Dan\u00e7arei Sem Voc\u00ea&#8221; encerra projeto Trip\u00e9, da Cia P\u00e9 na T\u00e1bua\"}]},{\"@type\":\"WebSite\",\"@id\":\"https:\\\/\\\/regiaonews.net.br\\\/2022\\\/#website\",\"url\":\"https:\\\/\\\/regiaonews.net.br\\\/2022\\\/\",\"name\":\"Regi\u00e3o News\",\"description\":\"Site de Not\u00edcias de Barretos e regi\u00e3o\",\"publisher\":{\"@id\":\"https:\\\/\\\/regiaonews.net.br\\\/2022\\\/#organization\"},\"potentialAction\":[{\"@type\":\"SearchAction\",\"target\":{\"@type\":\"EntryPoint\",\"urlTemplate\":\"https:\\\/\\\/regiaonews.net.br\\\/2022\\\/?s={search_term_string}\"},\"query-input\":{\"@type\":\"PropertyValueSpecification\",\"valueRequired\":true,\"valueName\":\"search_term_string\"}}],\"inLanguage\":\"pt-BR\"},{\"@type\":\"Organization\",\"@id\":\"https:\\\/\\\/regiaonews.net.br\\\/2022\\\/#organization\",\"name\":\"Regi\u00e3o News\",\"url\":\"https:\\\/\\\/regiaonews.net.br\\\/2022\\\/\",\"logo\":{\"@type\":\"ImageObject\",\"inLanguage\":\"pt-BR\",\"@id\":\"https:\\\/\\\/regiaonews.net.br\\\/2022\\\/#\\\/schema\\\/logo\\\/image\\\/\",\"url\":\"https:\\\/\\\/regiaonews.net.br\\\/2022\\\/wp-content\\\/uploads\\\/2026\\\/03\\\/regiao-13-anos-scaled.jpg\",\"contentUrl\":\"https:\\\/\\\/regiaonews.net.br\\\/2022\\\/wp-content\\\/uploads\\\/2026\\\/03\\\/regiao-13-anos-scaled.jpg\",\"width\":2560,\"height\":635,\"caption\":\"Regi\u00e3o News\"},\"image\":{\"@id\":\"https:\\\/\\\/regiaonews.net.br\\\/2022\\\/#\\\/schema\\\/logo\\\/image\\\/\"}},{\"@type\":\"Person\",\"@id\":\"https:\\\/\\\/regiaonews.net.br\\\/2022\\\/#\\\/schema\\\/person\\\/2d205a608a5aa97ac279d7a5e6d89ad8\",\"name\":\"Roberto\",\"image\":{\"@type\":\"ImageObject\",\"inLanguage\":\"pt-BR\",\"@id\":\"https:\\\/\\\/secure.gravatar.com\\\/avatar\\\/42749d8b712ff9d59ca93dc150494e5b55a44134482993f5baeb97e61b7ecc89?s=96&d=mm&r=g\",\"url\":\"https:\\\/\\\/secure.gravatar.com\\\/avatar\\\/42749d8b712ff9d59ca93dc150494e5b55a44134482993f5baeb97e61b7ecc89?s=96&d=mm&r=g\",\"contentUrl\":\"https:\\\/\\\/secure.gravatar.com\\\/avatar\\\/42749d8b712ff9d59ca93dc150494e5b55a44134482993f5baeb97e61b7ecc89?s=96&d=mm&r=g\",\"caption\":\"Roberto\"},\"url\":\"https:\\\/\\\/regiaonews.net.br\\\/2022\\\/author\\\/roberto\\\/\"}]}<\/script>\n<!-- \/ Yoast SEO plugin. -->","yoast_head_json":{"title":"Espet\u00e1culo inclusivo \"Eu N\u00e3o Dan\u00e7arei Sem Voc\u00ea\" encerra projeto Trip\u00e9, da Cia P\u00e9 na T\u00e1bua - Regi\u00e3o News","robots":{"index":"index","follow":"follow","max-snippet":"max-snippet:-1","max-image-preview":"max-image-preview:large","max-video-preview":"max-video-preview:-1"},"canonical":"https:\/\/regiaonews.net.br\/2022\/2021\/08\/27\/espetaculo-inclusivo-eu-nao-dancarei-sem-voce-encerra-projeto-tripe-da-cia-pe-na-tabua\/","og_locale":"pt_BR","og_type":"article","og_title":"Espet\u00e1culo inclusivo \"Eu N\u00e3o Dan\u00e7arei Sem Voc\u00ea\" encerra projeto Trip\u00e9, da Cia P\u00e9 na T\u00e1bua - Regi\u00e3o News","og_description":"&nbsp; Fotos: Lucas Batista Neste trabalho c\u00eanico, os dan\u00e7arinos utilizam","og_url":"https:\/\/regiaonews.net.br\/2022\/2021\/08\/27\/espetaculo-inclusivo-eu-nao-dancarei-sem-voce-encerra-projeto-tripe-da-cia-pe-na-tabua\/","og_site_name":"Regi\u00e3o News","article_published_time":"2021-08-27T12:48:09+00:00","article_modified_time":"2021-08-30T23:23:01+00:00","og_image":[{"width":1600,"height":1066,"url":"https:\/\/regiaonews.net.br\/2022\/wp-content\/uploads\/2021\/08\/IMG-20210826-WA0187.jpg","type":"image\/jpeg"}],"author":"Roberto","twitter_card":"summary_large_image","twitter_misc":{"Escrito por":"Roberto","Est. tempo de leitura":"3 minutos"},"schema":{"@context":"https:\/\/schema.org","@graph":[{"@type":"Article","@id":"https:\/\/regiaonews.net.br\/2022\/2021\/08\/27\/espetaculo-inclusivo-eu-nao-dancarei-sem-voce-encerra-projeto-tripe-da-cia-pe-na-tabua\/#article","isPartOf":{"@id":"https:\/\/regiaonews.net.br\/2022\/2021\/08\/27\/espetaculo-inclusivo-eu-nao-dancarei-sem-voce-encerra-projeto-tripe-da-cia-pe-na-tabua\/"},"author":{"name":"Roberto","@id":"https:\/\/regiaonews.net.br\/2022\/#\/schema\/person\/2d205a608a5aa97ac279d7a5e6d89ad8"},"headline":"Espet\u00e1culo inclusivo &#8220;Eu N\u00e3o Dan\u00e7arei Sem Voc\u00ea&#8221; encerra projeto Trip\u00e9, da Cia P\u00e9 na T\u00e1bua","datePublished":"2021-08-27T12:48:09+00:00","dateModified":"2021-08-30T23:23:01+00:00","mainEntityOfPage":{"@id":"https:\/\/regiaonews.net.br\/2022\/2021\/08\/27\/espetaculo-inclusivo-eu-nao-dancarei-sem-voce-encerra-projeto-tripe-da-cia-pe-na-tabua\/"},"wordCount":713,"commentCount":0,"publisher":{"@id":"https:\/\/regiaonews.net.br\/2022\/#organization"},"image":{"@id":"https:\/\/regiaonews.net.br\/2022\/2021\/08\/27\/espetaculo-inclusivo-eu-nao-dancarei-sem-voce-encerra-projeto-tripe-da-cia-pe-na-tabua\/#primaryimage"},"thumbnailUrl":"https:\/\/regiaonews.net.br\/2022\/wp-content\/uploads\/2021\/08\/IMG-20210826-WA0187.jpg","articleSection":["Cidades","Ribeir\u00e3o Preto"],"inLanguage":"pt-BR","potentialAction":[{"@type":"CommentAction","name":"Comment","target":["https:\/\/regiaonews.net.br\/2022\/2021\/08\/27\/espetaculo-inclusivo-eu-nao-dancarei-sem-voce-encerra-projeto-tripe-da-cia-pe-na-tabua\/#respond"]}]},{"@type":"WebPage","@id":"https:\/\/regiaonews.net.br\/2022\/2021\/08\/27\/espetaculo-inclusivo-eu-nao-dancarei-sem-voce-encerra-projeto-tripe-da-cia-pe-na-tabua\/","url":"https:\/\/regiaonews.net.br\/2022\/2021\/08\/27\/espetaculo-inclusivo-eu-nao-dancarei-sem-voce-encerra-projeto-tripe-da-cia-pe-na-tabua\/","name":"Espet\u00e1culo inclusivo \"Eu N\u00e3o Dan\u00e7arei Sem Voc\u00ea\" encerra projeto Trip\u00e9, da Cia P\u00e9 na T\u00e1bua - Regi\u00e3o News","isPartOf":{"@id":"https:\/\/regiaonews.net.br\/2022\/#website"},"primaryImageOfPage":{"@id":"https:\/\/regiaonews.net.br\/2022\/2021\/08\/27\/espetaculo-inclusivo-eu-nao-dancarei-sem-voce-encerra-projeto-tripe-da-cia-pe-na-tabua\/#primaryimage"},"image":{"@id":"https:\/\/regiaonews.net.br\/2022\/2021\/08\/27\/espetaculo-inclusivo-eu-nao-dancarei-sem-voce-encerra-projeto-tripe-da-cia-pe-na-tabua\/#primaryimage"},"thumbnailUrl":"https:\/\/regiaonews.net.br\/2022\/wp-content\/uploads\/2021\/08\/IMG-20210826-WA0187.jpg","datePublished":"2021-08-27T12:48:09+00:00","dateModified":"2021-08-30T23:23:01+00:00","breadcrumb":{"@id":"https:\/\/regiaonews.net.br\/2022\/2021\/08\/27\/espetaculo-inclusivo-eu-nao-dancarei-sem-voce-encerra-projeto-tripe-da-cia-pe-na-tabua\/#breadcrumb"},"inLanguage":"pt-BR","potentialAction":[{"@type":"ReadAction","target":["https:\/\/regiaonews.net.br\/2022\/2021\/08\/27\/espetaculo-inclusivo-eu-nao-dancarei-sem-voce-encerra-projeto-tripe-da-cia-pe-na-tabua\/"]}]},{"@type":"ImageObject","inLanguage":"pt-BR","@id":"https:\/\/regiaonews.net.br\/2022\/2021\/08\/27\/espetaculo-inclusivo-eu-nao-dancarei-sem-voce-encerra-projeto-tripe-da-cia-pe-na-tabua\/#primaryimage","url":"https:\/\/regiaonews.net.br\/2022\/wp-content\/uploads\/2021\/08\/IMG-20210826-WA0187.jpg","contentUrl":"https:\/\/regiaonews.net.br\/2022\/wp-content\/uploads\/2021\/08\/IMG-20210826-WA0187.jpg","width":1600,"height":1066},{"@type":"BreadcrumbList","@id":"https:\/\/regiaonews.net.br\/2022\/2021\/08\/27\/espetaculo-inclusivo-eu-nao-dancarei-sem-voce-encerra-projeto-tripe-da-cia-pe-na-tabua\/#breadcrumb","itemListElement":[{"@type":"ListItem","position":1,"name":"In\u00edcio","item":"https:\/\/regiaonews.net.br\/2022\/"},{"@type":"ListItem","position":2,"name":"Espet\u00e1culo inclusivo &#8220;Eu N\u00e3o Dan\u00e7arei Sem Voc\u00ea&#8221; encerra projeto Trip\u00e9, da Cia P\u00e9 na T\u00e1bua"}]},{"@type":"WebSite","@id":"https:\/\/regiaonews.net.br\/2022\/#website","url":"https:\/\/regiaonews.net.br\/2022\/","name":"Regi\u00e3o News","description":"Site de Not\u00edcias de Barretos e regi\u00e3o","publisher":{"@id":"https:\/\/regiaonews.net.br\/2022\/#organization"},"potentialAction":[{"@type":"SearchAction","target":{"@type":"EntryPoint","urlTemplate":"https:\/\/regiaonews.net.br\/2022\/?s={search_term_string}"},"query-input":{"@type":"PropertyValueSpecification","valueRequired":true,"valueName":"search_term_string"}}],"inLanguage":"pt-BR"},{"@type":"Organization","@id":"https:\/\/regiaonews.net.br\/2022\/#organization","name":"Regi\u00e3o News","url":"https:\/\/regiaonews.net.br\/2022\/","logo":{"@type":"ImageObject","inLanguage":"pt-BR","@id":"https:\/\/regiaonews.net.br\/2022\/#\/schema\/logo\/image\/","url":"https:\/\/regiaonews.net.br\/2022\/wp-content\/uploads\/2026\/03\/regiao-13-anos-scaled.jpg","contentUrl":"https:\/\/regiaonews.net.br\/2022\/wp-content\/uploads\/2026\/03\/regiao-13-anos-scaled.jpg","width":2560,"height":635,"caption":"Regi\u00e3o News"},"image":{"@id":"https:\/\/regiaonews.net.br\/2022\/#\/schema\/logo\/image\/"}},{"@type":"Person","@id":"https:\/\/regiaonews.net.br\/2022\/#\/schema\/person\/2d205a608a5aa97ac279d7a5e6d89ad8","name":"Roberto","image":{"@type":"ImageObject","inLanguage":"pt-BR","@id":"https:\/\/secure.gravatar.com\/avatar\/42749d8b712ff9d59ca93dc150494e5b55a44134482993f5baeb97e61b7ecc89?s=96&d=mm&r=g","url":"https:\/\/secure.gravatar.com\/avatar\/42749d8b712ff9d59ca93dc150494e5b55a44134482993f5baeb97e61b7ecc89?s=96&d=mm&r=g","contentUrl":"https:\/\/secure.gravatar.com\/avatar\/42749d8b712ff9d59ca93dc150494e5b55a44134482993f5baeb97e61b7ecc89?s=96&d=mm&r=g","caption":"Roberto"},"url":"https:\/\/regiaonews.net.br\/2022\/author\/roberto\/"}]}},"publishpress_future_action":{"enabled":false,"date":"2026-05-03 07:40:08","action":"change-status","newStatus":"draft","terms":[],"taxonomy":"category","extraData":[]},"publishpress_future_workflow_manual_trigger":{"enabledWorkflows":[]},"_links":{"self":[{"href":"https:\/\/regiaonews.net.br\/2022\/wp-json\/wp\/v2\/posts\/52462","targetHints":{"allow":["GET"]}}],"collection":[{"href":"https:\/\/regiaonews.net.br\/2022\/wp-json\/wp\/v2\/posts"}],"about":[{"href":"https:\/\/regiaonews.net.br\/2022\/wp-json\/wp\/v2\/types\/post"}],"author":[{"embeddable":true,"href":"https:\/\/regiaonews.net.br\/2022\/wp-json\/wp\/v2\/users\/2"}],"replies":[{"embeddable":true,"href":"https:\/\/regiaonews.net.br\/2022\/wp-json\/wp\/v2\/comments?post=52462"}],"version-history":[{"count":0,"href":"https:\/\/regiaonews.net.br\/2022\/wp-json\/wp\/v2\/posts\/52462\/revisions"}],"wp:featuredmedia":[{"embeddable":true,"href":"https:\/\/regiaonews.net.br\/2022\/wp-json\/wp\/v2\/media\/52464"}],"wp:attachment":[{"href":"https:\/\/regiaonews.net.br\/2022\/wp-json\/wp\/v2\/media?parent=52462"}],"wp:term":[{"taxonomy":"category","embeddable":true,"href":"https:\/\/regiaonews.net.br\/2022\/wp-json\/wp\/v2\/categories?post=52462"},{"taxonomy":"post_tag","embeddable":true,"href":"https:\/\/regiaonews.net.br\/2022\/wp-json\/wp\/v2\/tags?post=52462"}],"curies":[{"name":"wp","href":"https:\/\/api.w.org\/{rel}","templated":true}]}}