{"id":52450,"date":"2021-08-26T21:43:38","date_gmt":"2021-08-27T00:43:38","guid":{"rendered":"https:\/\/regiaonews.net.br\/2022\/?p=52450"},"modified":"2021-08-26T21:43:38","modified_gmt":"2021-08-27T00:43:38","slug":"prefeita-paula-lemos-entrega-escrituras-e-revitalizacao-de-casas-da-vila-paulista","status":"publish","type":"post","link":"https:\/\/regiaonews.net.br\/2022\/2021\/08\/26\/prefeita-paula-lemos-entrega-escrituras-e-revitalizacao-de-casas-da-vila-paulista\/","title":{"rendered":"Prefeita Paula Lemos entrega escrituras e revitaliza\u00e7\u00e3o de casas da Vila Paulista"},"content":{"rendered":"<p><a href=\"https:\/\/regiaonews.net.br\/2022\/wp-content\/uploads\/2021\/08\/b0891f1e-d919-4520-b88a-482d373e0e2a.jpg\"><img loading=\"lazy\" decoding=\"async\" class=\"alignnone size-medium wp-image-52451\" src=\"https:\/\/regiaonews.net.br\/2022\/wp-content\/uploads\/2021\/08\/b0891f1e-d919-4520-b88a-482d373e0e2a-300x200.jpg\" alt=\"\" width=\"300\" height=\"200\" \/><\/a><\/p>\n<p>Em oito meses, gest\u00e3o municipal realiza sonho de 40 anos dos moradores dessa regi\u00e3o hist\u00f3rica de Barretos<\/p>\n<p>Dentro das comemora\u00e7\u00f5es dos 167 anos de Barretos, a prefeita Paula Lemos entregou nesta quinta-feira, dia 26 de agosto\/21, as escrituras de 27 casas do N\u00facleo Habitacional Vila Paulista, conhecida como a \u2018Antiga Fepasa\u2019. Al\u00e9m do documento que garante a posse do im\u00f3vel, foi entregue tamb\u00e9m a ampla revitaliza\u00e7\u00e3o dessa \u00e1rea hist\u00f3rica da cidade.<br \/>\nSegundo a prefeita Paula Lemos, essa \u00e9 mais uma etapa do compromisso da atual gest\u00e3o na regulariza\u00e7\u00e3o dos im\u00f3veis em Barretos. Assim, cada fam\u00edlia beneficiada pode afirmar agora que a casa onde est\u00e1 escrita sua hist\u00f3ria \u00e9 sua mesmo, de fato e no papel. A emiss\u00e3o desse documento foi um dos compromissos assumidos por Paula Lemos antes ainda de assumir a Prefeitura.<br \/>\n\u201cCom certeza essa \u00e9 a entrega mais importante. Como m\u00e3e, sei que o que mais queremos \u00e9 ter a garantia de que vamos deixar nossa casa para nossos filhos. Essa \u00e9 s\u00f3 a primeira entrega, mas n\u00e3o parou aqui. Vamos, com a ajuda do deputado federal M\u00e1rcio Alvino e do deputado estadual Andr\u00e9 do Prado, tamb\u00e9m iluminar toda essa \u00e1rea.\u201d, afirmou. \u201cSou grata a Deus por me dar a for\u00e7a necess\u00e1ria para acordar cedo e batalhar todos os dias por uma cidade melhor.\u201d<\/p>\n<p>\u2018\u00c9 um sonho realizado\u2019<br \/>\nCada fam\u00edlia, ao receber o documento das m\u00e3os da prefeita Paula Lemos, tamb\u00e9m recebeu uma cesta de doces e uma rosa, simbolizando o in\u00edcio de um novo tempo e o desejo de uma vida mais feliz a partir de agora. Cada fam\u00edlia, por sua vez, tamb\u00e9m homenageou Paula com um presente.<br \/>\n\u201cFoi um tempo complicado n\u00e3o ter a certeza de que a gente ia ter nossa casa. Tenho muito que agradecer a Deus e tamb\u00e9m \u00e0 Paula Lemos e ao Paulo Correa por terem batalhado por essa escritura para a gente\u201d, emociona-se a moradora Concei\u00e7\u00e3o Aparecida.<br \/>\n\u201c\u00c9 um sonho realizado. Nunca imaginei que eu teria vida para viver e ver minha casa toda documentada. \u00c9 uma gratid\u00e3o sem tamanho por eles\u201d, completa Alice Aparecida, moradora do local h\u00e1 40 anos.<\/p>\n<p>Valorizando o trabalho<br \/>\nA realiza\u00e7\u00e3o desse sonho teve a participa\u00e7\u00e3o fundamental do vereador e atual presidente da C\u00e2mara, Paulo Correa, que ao longo de 17 anos batalhou para que os moradores dessa regi\u00e3o pudessem receber a posse das suas casas.<br \/>\n\u201cO Paulo j\u00e1 \u00e9 conhecido como Paulo da Fepasa porque \u00e9 uma luta em que ele acreditou, lutou e n\u00e3o desistiu. Quero agradec\u00ea-lo por sua perseveran\u00e7a e empenho\u201d, afirmou a prefeita Paula.<br \/>\nA moradora da regi\u00e3o, M\u00e1rcia Alves, tamb\u00e9m fez quest\u00e3o de valorizar a dedica\u00e7\u00e3o do vereador. \u201cEu me emociono ao me lembrar da luta e de todas as idas at\u00e9 S\u00e3o Paulo, mas valeu a pena\u201d, comentou.<br \/>\nEssa luta pela regulariza\u00e7\u00e3o tamb\u00e9m foi acompanhada de perto pela secret\u00e1ria municipal de Habita\u00e7\u00e3o, C\u00e9lia Rodrigues, que se diz emocionada ao poder tornar isso realidade. \u201cEstar no governo da Paula e em apenas oito meses entregar esse benef\u00edcio t\u00e3o importante \u00e9 um motivo de muita alegria para mim\u201d, comentou.<\/p>\n<p>Momento de agradecimento<br \/>\nA cerim\u00f4nia de entrega das escrituras teve a participa\u00e7\u00e3o tamb\u00e9m dos vereadores Juninho Bandeira e Fabr\u00edcio Lemos, do coordenador geral em S\u00e3o Paulo da Superintend\u00eancia Patrimonial da Uni\u00e3o, S\u00e9rgio de Matos Oliveira, de Sidney Nery, do N\u00facleo de Destina\u00e7\u00e3o do Patrim\u00f4nio da Uni\u00e3o, do deputado federal M\u00e1rcio Alvino, do deputado estadual Andr\u00e9 do Prado, por v\u00eddeo, e do vice-prefeito Gustavo Sasdelli.<\/p>\n<p>Regi\u00e3o hist\u00f3rica e agora mais bonita<br \/>\nA cerim\u00f4nia de entrega de todas as conquistas foi realizada na pr\u00f3pria Esta\u00e7\u00e3o Cultura. E n\u00e3o poderia ser diferente, afinal, a hist\u00f3ria dessas moradias est\u00e1 ligada \u00e0 Esta\u00e7\u00e3o F\u00e9rrea de Barretos.<br \/>\nAl\u00e9m da regulariza\u00e7\u00e3o fundi\u00e1ria das 27 casas, houve um trabalho intenso de revitaliza\u00e7\u00e3o de toda a \u00e1rea no entorno desses im\u00f3veis, incluindo a pintura de cada uma dessas moradias, constru\u00e7\u00e3o de novas muretas, cal\u00e7adas, recapeamento e nova sinaliza\u00e7\u00e3o vi\u00e1ria.<br \/>\nFoi um esfor\u00e7o conjunto da Prefeitura, por meio das secretarias de Obras, Ordem P\u00fablica, Habita\u00e7\u00e3o e Turismo, com a C\u00e2mara Municipal pela participa\u00e7\u00e3o decisiva do presidente Paulo Correa.<br \/>\nDe acordo com Cuiabano Lima, secret\u00e1rio de Turismo, a ideia de pintar as casas de forma colorida vem ao encontro do prop\u00f3sito do local de ser um ponto tur\u00edstico da cidade. \u201cN\u00f3s pegamos o aceite de todos os moradores para que pud\u00e9ssemos pintar as casas de forma colorida, deixando o ambiente mais agrad\u00e1vel e bonito\u201d, explicou.<br \/>\nAcompanhando toda essa mudan\u00e7a, a Esta\u00e7\u00e3o Cultura \u201cPlacidino Alves Gon\u00e7alves\u201d tamb\u00e9m foi revitalizada com verba de R$ 297 mil do governo estadual, por meio do Dadetur (Departamento de Apoio ao Desenvolvimento dos Munic\u00edpios Tur\u00edsticos). \u201cN\u00f3s deixando toda aquela regi\u00e3o em evid\u00eancia\u201d, frisou Cuiabano.<\/p>\n","protected":false},"excerpt":{"rendered":"<p>Em oito meses, gest\u00e3o municipal realiza sonho de 40 anos<\/p>\n","protected":false},"author":2,"featured_media":52451,"comment_status":"open","ping_status":"open","sticky":false,"template":"","format":"standard","meta":{"footnotes":""},"categories":[14,25],"tags":[],"class_list":["post-52450","post","type-post","status-publish","format-standard","has-post-thumbnail","hentry","category-barretos","category-cidades"],"yoast_head":"<!-- This site is optimized with the Yoast SEO plugin v27.4 - https:\/\/yoast.com\/product\/yoast-seo-wordpress\/ -->\n<title>Prefeita Paula Lemos entrega escrituras e revitaliza\u00e7\u00e3o de casas da Vila Paulista - Regi\u00e3o News<\/title>\n<meta name=\"robots\" content=\"index, follow, max-snippet:-1, max-image-preview:large, max-video-preview:-1\" \/>\n<link rel=\"canonical\" href=\"https:\/\/regiaonews.net.br\/2022\/2021\/08\/26\/prefeita-paula-lemos-entrega-escrituras-e-revitalizacao-de-casas-da-vila-paulista\/\" \/>\n<meta property=\"og:locale\" content=\"pt_BR\" \/>\n<meta property=\"og:type\" content=\"article\" \/>\n<meta property=\"og:title\" content=\"Prefeita Paula Lemos entrega escrituras e revitaliza\u00e7\u00e3o de casas da Vila Paulista - Regi\u00e3o News\" \/>\n<meta property=\"og:description\" content=\"Em oito meses, gest\u00e3o municipal realiza sonho de 40 anos\" \/>\n<meta property=\"og:url\" content=\"https:\/\/regiaonews.net.br\/2022\/2021\/08\/26\/prefeita-paula-lemos-entrega-escrituras-e-revitalizacao-de-casas-da-vila-paulista\/\" \/>\n<meta property=\"og:site_name\" content=\"Regi\u00e3o News\" \/>\n<meta property=\"article:published_time\" content=\"2021-08-27T00:43:38+00:00\" \/>\n<meta property=\"og:image\" content=\"https:\/\/regiaonews.net.br\/2022\/wp-content\/uploads\/2021\/08\/b0891f1e-d919-4520-b88a-482d373e0e2a.jpg\" \/>\n\t<meta property=\"og:image:width\" content=\"1434\" \/>\n\t<meta property=\"og:image:height\" content=\"955\" \/>\n\t<meta property=\"og:image:type\" content=\"image\/jpeg\" \/>\n<meta name=\"author\" content=\"Roberto\" \/>\n<meta name=\"twitter:card\" content=\"summary_large_image\" \/>\n<meta name=\"twitter:label1\" content=\"Escrito por\" \/>\n\t<meta name=\"twitter:data1\" content=\"Roberto\" \/>\n\t<meta name=\"twitter:label2\" content=\"Est. tempo de leitura\" \/>\n\t<meta name=\"twitter:data2\" content=\"4 minutos\" \/>\n<script type=\"application\/ld+json\" class=\"yoast-schema-graph\">{\"@context\":\"https:\\\/\\\/schema.org\",\"@graph\":[{\"@type\":\"Article\",\"@id\":\"https:\\\/\\\/regiaonews.net.br\\\/2022\\\/2021\\\/08\\\/26\\\/prefeita-paula-lemos-entrega-escrituras-e-revitalizacao-de-casas-da-vila-paulista\\\/#article\",\"isPartOf\":{\"@id\":\"https:\\\/\\\/regiaonews.net.br\\\/2022\\\/2021\\\/08\\\/26\\\/prefeita-paula-lemos-entrega-escrituras-e-revitalizacao-de-casas-da-vila-paulista\\\/\"},\"author\":{\"name\":\"Roberto\",\"@id\":\"https:\\\/\\\/regiaonews.net.br\\\/2022\\\/#\\\/schema\\\/person\\\/2d205a608a5aa97ac279d7a5e6d89ad8\"},\"headline\":\"Prefeita Paula Lemos entrega escrituras e revitaliza\u00e7\u00e3o de casas da Vila Paulista\",\"datePublished\":\"2021-08-27T00:43:38+00:00\",\"mainEntityOfPage\":{\"@id\":\"https:\\\/\\\/regiaonews.net.br\\\/2022\\\/2021\\\/08\\\/26\\\/prefeita-paula-lemos-entrega-escrituras-e-revitalizacao-de-casas-da-vila-paulista\\\/\"},\"wordCount\":870,\"commentCount\":0,\"publisher\":{\"@id\":\"https:\\\/\\\/regiaonews.net.br\\\/2022\\\/#organization\"},\"image\":{\"@id\":\"https:\\\/\\\/regiaonews.net.br\\\/2022\\\/2021\\\/08\\\/26\\\/prefeita-paula-lemos-entrega-escrituras-e-revitalizacao-de-casas-da-vila-paulista\\\/#primaryimage\"},\"thumbnailUrl\":\"https:\\\/\\\/regiaonews.net.br\\\/2022\\\/wp-content\\\/uploads\\\/2021\\\/08\\\/b0891f1e-d919-4520-b88a-482d373e0e2a.jpg\",\"articleSection\":[\"Barretos\",\"Cidades\"],\"inLanguage\":\"pt-BR\",\"potentialAction\":[{\"@type\":\"CommentAction\",\"name\":\"Comment\",\"target\":[\"https:\\\/\\\/regiaonews.net.br\\\/2022\\\/2021\\\/08\\\/26\\\/prefeita-paula-lemos-entrega-escrituras-e-revitalizacao-de-casas-da-vila-paulista\\\/#respond\"]}]},{\"@type\":\"WebPage\",\"@id\":\"https:\\\/\\\/regiaonews.net.br\\\/2022\\\/2021\\\/08\\\/26\\\/prefeita-paula-lemos-entrega-escrituras-e-revitalizacao-de-casas-da-vila-paulista\\\/\",\"url\":\"https:\\\/\\\/regiaonews.net.br\\\/2022\\\/2021\\\/08\\\/26\\\/prefeita-paula-lemos-entrega-escrituras-e-revitalizacao-de-casas-da-vila-paulista\\\/\",\"name\":\"Prefeita Paula Lemos entrega escrituras e revitaliza\u00e7\u00e3o de casas da Vila Paulista - Regi\u00e3o News\",\"isPartOf\":{\"@id\":\"https:\\\/\\\/regiaonews.net.br\\\/2022\\\/#website\"},\"primaryImageOfPage\":{\"@id\":\"https:\\\/\\\/regiaonews.net.br\\\/2022\\\/2021\\\/08\\\/26\\\/prefeita-paula-lemos-entrega-escrituras-e-revitalizacao-de-casas-da-vila-paulista\\\/#primaryimage\"},\"image\":{\"@id\":\"https:\\\/\\\/regiaonews.net.br\\\/2022\\\/2021\\\/08\\\/26\\\/prefeita-paula-lemos-entrega-escrituras-e-revitalizacao-de-casas-da-vila-paulista\\\/#primaryimage\"},\"thumbnailUrl\":\"https:\\\/\\\/regiaonews.net.br\\\/2022\\\/wp-content\\\/uploads\\\/2021\\\/08\\\/b0891f1e-d919-4520-b88a-482d373e0e2a.jpg\",\"datePublished\":\"2021-08-27T00:43:38+00:00\",\"breadcrumb\":{\"@id\":\"https:\\\/\\\/regiaonews.net.br\\\/2022\\\/2021\\\/08\\\/26\\\/prefeita-paula-lemos-entrega-escrituras-e-revitalizacao-de-casas-da-vila-paulista\\\/#breadcrumb\"},\"inLanguage\":\"pt-BR\",\"potentialAction\":[{\"@type\":\"ReadAction\",\"target\":[\"https:\\\/\\\/regiaonews.net.br\\\/2022\\\/2021\\\/08\\\/26\\\/prefeita-paula-lemos-entrega-escrituras-e-revitalizacao-de-casas-da-vila-paulista\\\/\"]}]},{\"@type\":\"ImageObject\",\"inLanguage\":\"pt-BR\",\"@id\":\"https:\\\/\\\/regiaonews.net.br\\\/2022\\\/2021\\\/08\\\/26\\\/prefeita-paula-lemos-entrega-escrituras-e-revitalizacao-de-casas-da-vila-paulista\\\/#primaryimage\",\"url\":\"https:\\\/\\\/regiaonews.net.br\\\/2022\\\/wp-content\\\/uploads\\\/2021\\\/08\\\/b0891f1e-d919-4520-b88a-482d373e0e2a.jpg\",\"contentUrl\":\"https:\\\/\\\/regiaonews.net.br\\\/2022\\\/wp-content\\\/uploads\\\/2021\\\/08\\\/b0891f1e-d919-4520-b88a-482d373e0e2a.jpg\",\"width\":1434,\"height\":955},{\"@type\":\"BreadcrumbList\",\"@id\":\"https:\\\/\\\/regiaonews.net.br\\\/2022\\\/2021\\\/08\\\/26\\\/prefeita-paula-lemos-entrega-escrituras-e-revitalizacao-de-casas-da-vila-paulista\\\/#breadcrumb\",\"itemListElement\":[{\"@type\":\"ListItem\",\"position\":1,\"name\":\"In\u00edcio\",\"item\":\"https:\\\/\\\/regiaonews.net.br\\\/2022\\\/\"},{\"@type\":\"ListItem\",\"position\":2,\"name\":\"Prefeita Paula Lemos entrega escrituras e revitaliza\u00e7\u00e3o de casas da Vila Paulista\"}]},{\"@type\":\"WebSite\",\"@id\":\"https:\\\/\\\/regiaonews.net.br\\\/2022\\\/#website\",\"url\":\"https:\\\/\\\/regiaonews.net.br\\\/2022\\\/\",\"name\":\"Regi\u00e3o News\",\"description\":\"Site de Not\u00edcias de Barretos e regi\u00e3o\",\"publisher\":{\"@id\":\"https:\\\/\\\/regiaonews.net.br\\\/2022\\\/#organization\"},\"potentialAction\":[{\"@type\":\"SearchAction\",\"target\":{\"@type\":\"EntryPoint\",\"urlTemplate\":\"https:\\\/\\\/regiaonews.net.br\\\/2022\\\/?s={search_term_string}\"},\"query-input\":{\"@type\":\"PropertyValueSpecification\",\"valueRequired\":true,\"valueName\":\"search_term_string\"}}],\"inLanguage\":\"pt-BR\"},{\"@type\":\"Organization\",\"@id\":\"https:\\\/\\\/regiaonews.net.br\\\/2022\\\/#organization\",\"name\":\"Regi\u00e3o News\",\"url\":\"https:\\\/\\\/regiaonews.net.br\\\/2022\\\/\",\"logo\":{\"@type\":\"ImageObject\",\"inLanguage\":\"pt-BR\",\"@id\":\"https:\\\/\\\/regiaonews.net.br\\\/2022\\\/#\\\/schema\\\/logo\\\/image\\\/\",\"url\":\"https:\\\/\\\/regiaonews.net.br\\\/2022\\\/wp-content\\\/uploads\\\/2026\\\/03\\\/regiao-13-anos-scaled.jpg\",\"contentUrl\":\"https:\\\/\\\/regiaonews.net.br\\\/2022\\\/wp-content\\\/uploads\\\/2026\\\/03\\\/regiao-13-anos-scaled.jpg\",\"width\":2560,\"height\":635,\"caption\":\"Regi\u00e3o News\"},\"image\":{\"@id\":\"https:\\\/\\\/regiaonews.net.br\\\/2022\\\/#\\\/schema\\\/logo\\\/image\\\/\"}},{\"@type\":\"Person\",\"@id\":\"https:\\\/\\\/regiaonews.net.br\\\/2022\\\/#\\\/schema\\\/person\\\/2d205a608a5aa97ac279d7a5e6d89ad8\",\"name\":\"Roberto\",\"image\":{\"@type\":\"ImageObject\",\"inLanguage\":\"pt-BR\",\"@id\":\"https:\\\/\\\/secure.gravatar.com\\\/avatar\\\/42749d8b712ff9d59ca93dc150494e5b55a44134482993f5baeb97e61b7ecc89?s=96&d=mm&r=g\",\"url\":\"https:\\\/\\\/secure.gravatar.com\\\/avatar\\\/42749d8b712ff9d59ca93dc150494e5b55a44134482993f5baeb97e61b7ecc89?s=96&d=mm&r=g\",\"contentUrl\":\"https:\\\/\\\/secure.gravatar.com\\\/avatar\\\/42749d8b712ff9d59ca93dc150494e5b55a44134482993f5baeb97e61b7ecc89?s=96&d=mm&r=g\",\"caption\":\"Roberto\"},\"url\":\"https:\\\/\\\/regiaonews.net.br\\\/2022\\\/author\\\/roberto\\\/\"}]}<\/script>\n<!-- \/ Yoast SEO plugin. -->","yoast_head_json":{"title":"Prefeita Paula Lemos entrega escrituras e revitaliza\u00e7\u00e3o de casas da Vila Paulista - Regi\u00e3o News","robots":{"index":"index","follow":"follow","max-snippet":"max-snippet:-1","max-image-preview":"max-image-preview:large","max-video-preview":"max-video-preview:-1"},"canonical":"https:\/\/regiaonews.net.br\/2022\/2021\/08\/26\/prefeita-paula-lemos-entrega-escrituras-e-revitalizacao-de-casas-da-vila-paulista\/","og_locale":"pt_BR","og_type":"article","og_title":"Prefeita Paula Lemos entrega escrituras e revitaliza\u00e7\u00e3o de casas da Vila Paulista - Regi\u00e3o News","og_description":"Em oito meses, gest\u00e3o municipal realiza sonho de 40 anos","og_url":"https:\/\/regiaonews.net.br\/2022\/2021\/08\/26\/prefeita-paula-lemos-entrega-escrituras-e-revitalizacao-de-casas-da-vila-paulista\/","og_site_name":"Regi\u00e3o News","article_published_time":"2021-08-27T00:43:38+00:00","og_image":[{"width":1434,"height":955,"url":"https:\/\/regiaonews.net.br\/2022\/wp-content\/uploads\/2021\/08\/b0891f1e-d919-4520-b88a-482d373e0e2a.jpg","type":"image\/jpeg"}],"author":"Roberto","twitter_card":"summary_large_image","twitter_misc":{"Escrito por":"Roberto","Est. tempo de leitura":"4 minutos"},"schema":{"@context":"https:\/\/schema.org","@graph":[{"@type":"Article","@id":"https:\/\/regiaonews.net.br\/2022\/2021\/08\/26\/prefeita-paula-lemos-entrega-escrituras-e-revitalizacao-de-casas-da-vila-paulista\/#article","isPartOf":{"@id":"https:\/\/regiaonews.net.br\/2022\/2021\/08\/26\/prefeita-paula-lemos-entrega-escrituras-e-revitalizacao-de-casas-da-vila-paulista\/"},"author":{"name":"Roberto","@id":"https:\/\/regiaonews.net.br\/2022\/#\/schema\/person\/2d205a608a5aa97ac279d7a5e6d89ad8"},"headline":"Prefeita Paula Lemos entrega escrituras e revitaliza\u00e7\u00e3o de casas da Vila Paulista","datePublished":"2021-08-27T00:43:38+00:00","mainEntityOfPage":{"@id":"https:\/\/regiaonews.net.br\/2022\/2021\/08\/26\/prefeita-paula-lemos-entrega-escrituras-e-revitalizacao-de-casas-da-vila-paulista\/"},"wordCount":870,"commentCount":0,"publisher":{"@id":"https:\/\/regiaonews.net.br\/2022\/#organization"},"image":{"@id":"https:\/\/regiaonews.net.br\/2022\/2021\/08\/26\/prefeita-paula-lemos-entrega-escrituras-e-revitalizacao-de-casas-da-vila-paulista\/#primaryimage"},"thumbnailUrl":"https:\/\/regiaonews.net.br\/2022\/wp-content\/uploads\/2021\/08\/b0891f1e-d919-4520-b88a-482d373e0e2a.jpg","articleSection":["Barretos","Cidades"],"inLanguage":"pt-BR","potentialAction":[{"@type":"CommentAction","name":"Comment","target":["https:\/\/regiaonews.net.br\/2022\/2021\/08\/26\/prefeita-paula-lemos-entrega-escrituras-e-revitalizacao-de-casas-da-vila-paulista\/#respond"]}]},{"@type":"WebPage","@id":"https:\/\/regiaonews.net.br\/2022\/2021\/08\/26\/prefeita-paula-lemos-entrega-escrituras-e-revitalizacao-de-casas-da-vila-paulista\/","url":"https:\/\/regiaonews.net.br\/2022\/2021\/08\/26\/prefeita-paula-lemos-entrega-escrituras-e-revitalizacao-de-casas-da-vila-paulista\/","name":"Prefeita Paula Lemos entrega escrituras e revitaliza\u00e7\u00e3o de casas da Vila Paulista - Regi\u00e3o News","isPartOf":{"@id":"https:\/\/regiaonews.net.br\/2022\/#website"},"primaryImageOfPage":{"@id":"https:\/\/regiaonews.net.br\/2022\/2021\/08\/26\/prefeita-paula-lemos-entrega-escrituras-e-revitalizacao-de-casas-da-vila-paulista\/#primaryimage"},"image":{"@id":"https:\/\/regiaonews.net.br\/2022\/2021\/08\/26\/prefeita-paula-lemos-entrega-escrituras-e-revitalizacao-de-casas-da-vila-paulista\/#primaryimage"},"thumbnailUrl":"https:\/\/regiaonews.net.br\/2022\/wp-content\/uploads\/2021\/08\/b0891f1e-d919-4520-b88a-482d373e0e2a.jpg","datePublished":"2021-08-27T00:43:38+00:00","breadcrumb":{"@id":"https:\/\/regiaonews.net.br\/2022\/2021\/08\/26\/prefeita-paula-lemos-entrega-escrituras-e-revitalizacao-de-casas-da-vila-paulista\/#breadcrumb"},"inLanguage":"pt-BR","potentialAction":[{"@type":"ReadAction","target":["https:\/\/regiaonews.net.br\/2022\/2021\/08\/26\/prefeita-paula-lemos-entrega-escrituras-e-revitalizacao-de-casas-da-vila-paulista\/"]}]},{"@type":"ImageObject","inLanguage":"pt-BR","@id":"https:\/\/regiaonews.net.br\/2022\/2021\/08\/26\/prefeita-paula-lemos-entrega-escrituras-e-revitalizacao-de-casas-da-vila-paulista\/#primaryimage","url":"https:\/\/regiaonews.net.br\/2022\/wp-content\/uploads\/2021\/08\/b0891f1e-d919-4520-b88a-482d373e0e2a.jpg","contentUrl":"https:\/\/regiaonews.net.br\/2022\/wp-content\/uploads\/2021\/08\/b0891f1e-d919-4520-b88a-482d373e0e2a.jpg","width":1434,"height":955},{"@type":"BreadcrumbList","@id":"https:\/\/regiaonews.net.br\/2022\/2021\/08\/26\/prefeita-paula-lemos-entrega-escrituras-e-revitalizacao-de-casas-da-vila-paulista\/#breadcrumb","itemListElement":[{"@type":"ListItem","position":1,"name":"In\u00edcio","item":"https:\/\/regiaonews.net.br\/2022\/"},{"@type":"ListItem","position":2,"name":"Prefeita Paula Lemos entrega escrituras e revitaliza\u00e7\u00e3o de casas da Vila Paulista"}]},{"@type":"WebSite","@id":"https:\/\/regiaonews.net.br\/2022\/#website","url":"https:\/\/regiaonews.net.br\/2022\/","name":"Regi\u00e3o News","description":"Site de Not\u00edcias de Barretos e regi\u00e3o","publisher":{"@id":"https:\/\/regiaonews.net.br\/2022\/#organization"},"potentialAction":[{"@type":"SearchAction","target":{"@type":"EntryPoint","urlTemplate":"https:\/\/regiaonews.net.br\/2022\/?s={search_term_string}"},"query-input":{"@type":"PropertyValueSpecification","valueRequired":true,"valueName":"search_term_string"}}],"inLanguage":"pt-BR"},{"@type":"Organization","@id":"https:\/\/regiaonews.net.br\/2022\/#organization","name":"Regi\u00e3o News","url":"https:\/\/regiaonews.net.br\/2022\/","logo":{"@type":"ImageObject","inLanguage":"pt-BR","@id":"https:\/\/regiaonews.net.br\/2022\/#\/schema\/logo\/image\/","url":"https:\/\/regiaonews.net.br\/2022\/wp-content\/uploads\/2026\/03\/regiao-13-anos-scaled.jpg","contentUrl":"https:\/\/regiaonews.net.br\/2022\/wp-content\/uploads\/2026\/03\/regiao-13-anos-scaled.jpg","width":2560,"height":635,"caption":"Regi\u00e3o News"},"image":{"@id":"https:\/\/regiaonews.net.br\/2022\/#\/schema\/logo\/image\/"}},{"@type":"Person","@id":"https:\/\/regiaonews.net.br\/2022\/#\/schema\/person\/2d205a608a5aa97ac279d7a5e6d89ad8","name":"Roberto","image":{"@type":"ImageObject","inLanguage":"pt-BR","@id":"https:\/\/secure.gravatar.com\/avatar\/42749d8b712ff9d59ca93dc150494e5b55a44134482993f5baeb97e61b7ecc89?s=96&d=mm&r=g","url":"https:\/\/secure.gravatar.com\/avatar\/42749d8b712ff9d59ca93dc150494e5b55a44134482993f5baeb97e61b7ecc89?s=96&d=mm&r=g","contentUrl":"https:\/\/secure.gravatar.com\/avatar\/42749d8b712ff9d59ca93dc150494e5b55a44134482993f5baeb97e61b7ecc89?s=96&d=mm&r=g","caption":"Roberto"},"url":"https:\/\/regiaonews.net.br\/2022\/author\/roberto\/"}]}},"publishpress_future_action":{"enabled":false,"date":"2026-05-03 04:14:35","action":"change-status","newStatus":"draft","terms":[],"taxonomy":"category","extraData":[]},"publishpress_future_workflow_manual_trigger":{"enabledWorkflows":[]},"_links":{"self":[{"href":"https:\/\/regiaonews.net.br\/2022\/wp-json\/wp\/v2\/posts\/52450","targetHints":{"allow":["GET"]}}],"collection":[{"href":"https:\/\/regiaonews.net.br\/2022\/wp-json\/wp\/v2\/posts"}],"about":[{"href":"https:\/\/regiaonews.net.br\/2022\/wp-json\/wp\/v2\/types\/post"}],"author":[{"embeddable":true,"href":"https:\/\/regiaonews.net.br\/2022\/wp-json\/wp\/v2\/users\/2"}],"replies":[{"embeddable":true,"href":"https:\/\/regiaonews.net.br\/2022\/wp-json\/wp\/v2\/comments?post=52450"}],"version-history":[{"count":0,"href":"https:\/\/regiaonews.net.br\/2022\/wp-json\/wp\/v2\/posts\/52450\/revisions"}],"wp:featuredmedia":[{"embeddable":true,"href":"https:\/\/regiaonews.net.br\/2022\/wp-json\/wp\/v2\/media\/52451"}],"wp:attachment":[{"href":"https:\/\/regiaonews.net.br\/2022\/wp-json\/wp\/v2\/media?parent=52450"}],"wp:term":[{"taxonomy":"category","embeddable":true,"href":"https:\/\/regiaonews.net.br\/2022\/wp-json\/wp\/v2\/categories?post=52450"},{"taxonomy":"post_tag","embeddable":true,"href":"https:\/\/regiaonews.net.br\/2022\/wp-json\/wp\/v2\/tags?post=52450"}],"curies":[{"name":"wp","href":"https:\/\/api.w.org\/{rel}","templated":true}]}}