{"id":52443,"date":"2021-08-26T21:17:56","date_gmt":"2021-08-27T00:17:56","guid":{"rendered":"https:\/\/regiaonews.net.br\/2022\/?p=52443"},"modified":"2021-08-26T22:26:54","modified_gmt":"2021-08-27T01:26:54","slug":"montarias-em-touros-comecam-nesta-quinta-26-com-campeonato-da-pbr-em-barretos-evento-virtual-teve-inicio-nesta-quarta-feira-25-com-test-horse-das-provas-cronometradas-transmissao-gratuita-e-pel","status":"publish","type":"post","link":"https:\/\/regiaonews.net.br\/2022\/2021\/08\/26\/montarias-em-touros-comecam-nesta-quinta-26-com-campeonato-da-pbr-em-barretos-evento-virtual-teve-inicio-nesta-quarta-feira-25-com-test-horse-das-provas-cronometradas-transmissao-gratuita-e-pel\/","title":{"rendered":"Com transmiss\u00e3o ao vivo, come\u00e7a montarias da PBR"},"content":{"rendered":"<div style=\"text-align: center;\">\n<p>\u00a0<a href=\"https:\/\/regiaonews.net.br\/2022\/wp-content\/uploads\/2021\/08\/61b725aba0b6b1eb7fe8913f67729d46low.jpeg\"><img loading=\"lazy\" decoding=\"async\" class=\"alignnone size-medium wp-image-52444\" src=\"https:\/\/regiaonews.net.br\/2022\/wp-content\/uploads\/2021\/08\/61b725aba0b6b1eb7fe8913f67729d46low-300x200.jpeg\" alt=\"\" width=\"300\" height=\"200\" \/><\/a><\/p>\n<\/div>\n<div>\n<p>A partir desta quinta-feira, o p\u00fablico poder\u00e1 acompanhar as emo\u00e7\u00f5es na arena do Parque do Pe\u00e3o, em Barretos, com as montarias em touros pelo campeonato da PBR (Professional Bull Riders). A etapa realizada no evento virtual ter\u00e1 transmiss\u00e3o gratuita e aberta ao p\u00fablico, na quinta a partir das 19h, pelo Facebook e Youtube oficial da PBR Brazil e a grande final ser\u00e1 ao vivo pelo canal SporTV 3, a partir das 18h55.<\/p>\n<\/div>\n<div style=\"text-align: center;\"><a href=\"https:\/\/regiaonews.net.br\/2022\/wp-content\/uploads\/2021\/08\/f6e9a8e0ea3bd612eb9df4d5ce8d78b6low.jpeg\"><img loading=\"lazy\" decoding=\"async\" class=\"alignnone size-medium wp-image-52445\" src=\"https:\/\/regiaonews.net.br\/2022\/wp-content\/uploads\/2021\/08\/f6e9a8e0ea3bd612eb9df4d5ce8d78b6low-300x200.jpeg\" alt=\"\" width=\"300\" height=\"200\" \/><\/a><\/div>\n<div>\n<p>Ser\u00e3o 30 competidores que participam de 2 rounds &#8211; um na quinta e outro na sexta. A grande rodada final, com os 10 melhores colocados na classifica\u00e7\u00e3o geral, ser\u00e1 na sexta-feira e os pontos conquistados ser\u00e3o v\u00e1lidos para o ranking mundial da PBR.<\/p>\n<\/div>\n<div>\n<p>Participam da competi\u00e7\u00e3o 85 touros das companhias: Big Boi, BR &#8211; Bananinha, Calif\u00f3rnia, Condom\u00ednio &#8211; CSB, FBM, Fortaleza &#8211; Cal, Gianotti, Guilherme Marchi, Guto &#8211; S\u00e3o Francisco, Jo\u00e3o Paulo, Niltinho Passarinho, Paulo Em\u00edlio, Paulo Ricardo, Scatolim, Tico de Hercul\u00e2ndia e Tr\u00eas Cora\u00e7\u00f5es.<\/p>\n<\/div>\n<div>\n<p>A premia\u00e7\u00e3o total da etapa da PBR Brazil ser\u00e1 de R$ 35 mil.<\/p>\n<\/div>\n<div>\n<p>Mais esporte e m\u00fasica<\/p>\n<\/div>\n<div>\n<p>A programa\u00e7\u00e3o da live &#8220;Barretos ontem, agora e pra sempre&#8221; come\u00e7ou nesta quinta, 25, com um Test Horse das provas cronometradas de Team Penning e Tr\u00eas Tambores. A partir das 8h, entre os dias 26 e 28 de agosto, acontecem as classificat\u00f3rias das modalidades. As semifinais est\u00e3o marcadas para \u00e0s 21h30 (quinta e sexta) e no s\u00e1bado \u00e0s 20h45.<\/p>\n<\/div>\n<div>\n<p>Ainda na parte esportiva, o Rodeio de Barretos re\u00fane a partir de s\u00e1bado, 28, mais trinta competidores nas montarias em touro. A grande final ser\u00e1 no domingo, 29 e, no mesmo dia acontecem as disputas em cavalo, no estilo cutiano.<\/p>\n<\/div>\n<div>\n<p>Iniciando a programa\u00e7\u00e3o art\u00edstica, na sexta 27, a dupla Cesar Menotti &amp; Fabiano se apresenta com o projeto &#8220;Os Menotti&#8221; recebendo convidados como Matogrosso &amp; Mathias, Guilherme &amp; Benuto, Lucas Reis &amp; Th\u00e1cio e os cantores Thiago Barretos e Ant\u00f4nio Moraes, diretamente da Queima do Alho.<\/p>\n<\/div>\n<div>\n<p>No s\u00e1bado \u00e9 a vez de Wesley Safad\u00e3o se apresentar com um show exclusivo direto da do Monumento ao Pe\u00e3o e receber as duplas Simone &amp; Simaria, Matheus &amp; Kauan e Cesar Menotti &amp; Fabiano.<\/p>\n<\/div>\n<div>\n<p>Encerrando a programa\u00e7\u00e3o, a dupla Lucas &amp; Luan realiza a grava\u00e7\u00e3o de um DVD especial em homenagem \u00e0 dupla Milion\u00e1rio &amp; Jos\u00e9 Rico.<\/p>\n<\/div>\n<div>\n<p>Para mais informa\u00e7\u00f5es acesse o site: https:\/\/www.independentes.com.br<\/p>\n<\/div>\n<div>\n<div>\n<p>Confira a programa\u00e7\u00e3o di\u00e1ria:<\/p>\n<\/div>\n<\/div>\n<div>\n<div>\n<p>Dia 26 &#8211; Quinta-feira<\/p>\n<p>9h: Eliminat\u00f3rias de Team Penning e Tr\u00eas Tambores<br \/>\nTransmiss\u00e3o: YouTube.com\/festadopeaodebarretos<br \/>\n19h: Montarias em Touros &#8211; PBR<br \/>\nTransmiss\u00e3o: Facebook.com\/pbrbrazil e youtube\/pbrbrazilnow<br \/>\n21h30: Team Penning e Tr\u00eas Tambores<br \/>\nTransmiss\u00e3o: YouTube.com\/festadopeaodebarretos<\/p>\n<\/div>\n<\/div>\n<div>\n<div>\n<p>Dia 27 &#8211; Sexta-feira<\/p>\n<p>9h: Eliminat\u00f3rias de Team Penning e Tr\u00eas Tambores<br \/>\nTransmiss\u00e3o: YouTube.com\/festadopeaodebarretos<br \/>\n18h55: PBR &#8211; Montaria em Touros<br \/>\nTransmiss\u00e3o: ao vivo pelo Sport TV 3<br \/>\n21h30: Team Penning e Tr\u00eas Tambores<br \/>\nTransmiss\u00e3o: YouTube.com\/festadopeaodebarretos<br \/>\n21h30: Show C\u00e9sar Menotti &amp; Fabiano + convidados.<br \/>\nTransmiss\u00e3o: YouTube.com\/festadopeaodebarretos<\/p>\n<\/div>\n<\/div>\n<div>\n<div>\n<p>Dia 28 &#8211; S\u00e1bado<\/p>\n<p>9h: Eliminat\u00f3rias de Team Penning e Tr\u00eas Tambores<br \/>\n18h30: Rodeio de Barretos &#8211; Montarias em Touros<br \/>\n20h45: Team Penning e Tr\u00eas Tambores<br \/>\n21h: Show Wesley Safad\u00e3o + convidados<br \/>\nTodas as transmiss\u00f5es: YouTube.com\/festadopeaodebarretos<\/p>\n<\/div>\n<\/div>\n<div>\n<div>\n<p>Dia 29 &#8211; Domingo<\/p>\n<p>12h: Lucas &amp; Luan &#8211; grava\u00e7\u00e3o do DVD<br \/>\n16h30: Finais &#8211; Team Penning e Tr\u00eas Tambores<br \/>\n18h: Rodeio de Barretos &#8211; Semifinal &#8211; Montarias em Touros<br \/>\n19h30: Rodeio de Barretos &#8211; Montarias em Cavalo &#8211; Cutiano<br \/>\n20h: Rodeio de Barretos &#8211; Final &#8211; Touros<br \/>\nTodas as transmiss\u00f5es: YouTube.com\/festadopeaodebarretos<\/p>\n<\/div>\n<\/div>\n","protected":false},"excerpt":{"rendered":"<p>\u00a0 A partir desta quinta-feira, o p\u00fablico poder\u00e1 acompanhar as<\/p>\n","protected":false},"author":2,"featured_media":52445,"comment_status":"open","ping_status":"open","sticky":false,"template":"","format":"standard","meta":{"footnotes":""},"categories":[14,25,45],"tags":[],"class_list":["post-52443","post","type-post","status-publish","format-standard","has-post-thumbnail","hentry","category-barretos","category-cidades","category-festa-do-peao"],"yoast_head":"<!-- This site is optimized with the Yoast SEO plugin v27.4 - https:\/\/yoast.com\/product\/yoast-seo-wordpress\/ -->\n<title>Com transmiss\u00e3o ao vivo, come\u00e7a montarias da PBR - Regi\u00e3o News<\/title>\n<meta name=\"robots\" content=\"index, follow, max-snippet:-1, max-image-preview:large, max-video-preview:-1\" \/>\n<link rel=\"canonical\" href=\"https:\/\/regiaonews.net.br\/2022\/2021\/08\/26\/montarias-em-touros-comecam-nesta-quinta-26-com-campeonato-da-pbr-em-barretos-evento-virtual-teve-inicio-nesta-quarta-feira-25-com-test-horse-das-provas-cronometradas-transmissao-gratuita-e-pel\/\" \/>\n<meta property=\"og:locale\" content=\"pt_BR\" \/>\n<meta property=\"og:type\" content=\"article\" \/>\n<meta property=\"og:title\" content=\"Com transmiss\u00e3o ao vivo, come\u00e7a montarias da PBR - Regi\u00e3o News\" \/>\n<meta property=\"og:description\" content=\"\u00a0 A partir desta quinta-feira, o p\u00fablico poder\u00e1 acompanhar as\" \/>\n<meta property=\"og:url\" content=\"https:\/\/regiaonews.net.br\/2022\/2021\/08\/26\/montarias-em-touros-comecam-nesta-quinta-26-com-campeonato-da-pbr-em-barretos-evento-virtual-teve-inicio-nesta-quarta-feira-25-com-test-horse-das-provas-cronometradas-transmissao-gratuita-e-pel\/\" \/>\n<meta property=\"og:site_name\" content=\"Regi\u00e3o News\" \/>\n<meta property=\"article:published_time\" content=\"2021-08-27T00:17:56+00:00\" \/>\n<meta property=\"article:modified_time\" content=\"2021-08-27T01:26:54+00:00\" \/>\n<meta property=\"og:image\" content=\"https:\/\/regiaonews.net.br\/2022\/wp-content\/uploads\/2021\/08\/f6e9a8e0ea3bd612eb9df4d5ce8d78b6low.jpeg\" \/>\n\t<meta property=\"og:image:width\" content=\"564\" \/>\n\t<meta property=\"og:image:height\" content=\"376\" \/>\n\t<meta property=\"og:image:type\" content=\"image\/jpeg\" \/>\n<meta name=\"author\" content=\"Roberto\" \/>\n<meta name=\"twitter:card\" content=\"summary_large_image\" \/>\n<meta name=\"twitter:label1\" content=\"Escrito por\" \/>\n\t<meta name=\"twitter:data1\" content=\"Roberto\" \/>\n\t<meta name=\"twitter:label2\" content=\"Est. tempo de leitura\" \/>\n\t<meta name=\"twitter:data2\" content=\"3 minutos\" \/>\n<script type=\"application\/ld+json\" class=\"yoast-schema-graph\">{\"@context\":\"https:\\\/\\\/schema.org\",\"@graph\":[{\"@type\":\"Article\",\"@id\":\"https:\\\/\\\/regiaonews.net.br\\\/2022\\\/2021\\\/08\\\/26\\\/montarias-em-touros-comecam-nesta-quinta-26-com-campeonato-da-pbr-em-barretos-evento-virtual-teve-inicio-nesta-quarta-feira-25-com-test-horse-das-provas-cronometradas-transmissao-gratuita-e-pel\\\/#article\",\"isPartOf\":{\"@id\":\"https:\\\/\\\/regiaonews.net.br\\\/2022\\\/2021\\\/08\\\/26\\\/montarias-em-touros-comecam-nesta-quinta-26-com-campeonato-da-pbr-em-barretos-evento-virtual-teve-inicio-nesta-quarta-feira-25-com-test-horse-das-provas-cronometradas-transmissao-gratuita-e-pel\\\/\"},\"author\":{\"name\":\"Roberto\",\"@id\":\"https:\\\/\\\/regiaonews.net.br\\\/2022\\\/#\\\/schema\\\/person\\\/2d205a608a5aa97ac279d7a5e6d89ad8\"},\"headline\":\"Com transmiss\u00e3o ao vivo, come\u00e7a montarias da PBR\",\"datePublished\":\"2021-08-27T00:17:56+00:00\",\"dateModified\":\"2021-08-27T01:26:54+00:00\",\"mainEntityOfPage\":{\"@id\":\"https:\\\/\\\/regiaonews.net.br\\\/2022\\\/2021\\\/08\\\/26\\\/montarias-em-touros-comecam-nesta-quinta-26-com-campeonato-da-pbr-em-barretos-evento-virtual-teve-inicio-nesta-quarta-feira-25-com-test-horse-das-provas-cronometradas-transmissao-gratuita-e-pel\\\/\"},\"wordCount\":627,\"commentCount\":0,\"publisher\":{\"@id\":\"https:\\\/\\\/regiaonews.net.br\\\/2022\\\/#organization\"},\"image\":{\"@id\":\"https:\\\/\\\/regiaonews.net.br\\\/2022\\\/2021\\\/08\\\/26\\\/montarias-em-touros-comecam-nesta-quinta-26-com-campeonato-da-pbr-em-barretos-evento-virtual-teve-inicio-nesta-quarta-feira-25-com-test-horse-das-provas-cronometradas-transmissao-gratuita-e-pel\\\/#primaryimage\"},\"thumbnailUrl\":\"https:\\\/\\\/regiaonews.net.br\\\/2022\\\/wp-content\\\/uploads\\\/2021\\\/08\\\/f6e9a8e0ea3bd612eb9df4d5ce8d78b6low.jpeg\",\"articleSection\":[\"Barretos\",\"Cidades\",\"Festa do Pe\u00e3o\"],\"inLanguage\":\"pt-BR\",\"potentialAction\":[{\"@type\":\"CommentAction\",\"name\":\"Comment\",\"target\":[\"https:\\\/\\\/regiaonews.net.br\\\/2022\\\/2021\\\/08\\\/26\\\/montarias-em-touros-comecam-nesta-quinta-26-com-campeonato-da-pbr-em-barretos-evento-virtual-teve-inicio-nesta-quarta-feira-25-com-test-horse-das-provas-cronometradas-transmissao-gratuita-e-pel\\\/#respond\"]}]},{\"@type\":\"WebPage\",\"@id\":\"https:\\\/\\\/regiaonews.net.br\\\/2022\\\/2021\\\/08\\\/26\\\/montarias-em-touros-comecam-nesta-quinta-26-com-campeonato-da-pbr-em-barretos-evento-virtual-teve-inicio-nesta-quarta-feira-25-com-test-horse-das-provas-cronometradas-transmissao-gratuita-e-pel\\\/\",\"url\":\"https:\\\/\\\/regiaonews.net.br\\\/2022\\\/2021\\\/08\\\/26\\\/montarias-em-touros-comecam-nesta-quinta-26-com-campeonato-da-pbr-em-barretos-evento-virtual-teve-inicio-nesta-quarta-feira-25-com-test-horse-das-provas-cronometradas-transmissao-gratuita-e-pel\\\/\",\"name\":\"Com transmiss\u00e3o ao vivo, come\u00e7a montarias da PBR - Regi\u00e3o News\",\"isPartOf\":{\"@id\":\"https:\\\/\\\/regiaonews.net.br\\\/2022\\\/#website\"},\"primaryImageOfPage\":{\"@id\":\"https:\\\/\\\/regiaonews.net.br\\\/2022\\\/2021\\\/08\\\/26\\\/montarias-em-touros-comecam-nesta-quinta-26-com-campeonato-da-pbr-em-barretos-evento-virtual-teve-inicio-nesta-quarta-feira-25-com-test-horse-das-provas-cronometradas-transmissao-gratuita-e-pel\\\/#primaryimage\"},\"image\":{\"@id\":\"https:\\\/\\\/regiaonews.net.br\\\/2022\\\/2021\\\/08\\\/26\\\/montarias-em-touros-comecam-nesta-quinta-26-com-campeonato-da-pbr-em-barretos-evento-virtual-teve-inicio-nesta-quarta-feira-25-com-test-horse-das-provas-cronometradas-transmissao-gratuita-e-pel\\\/#primaryimage\"},\"thumbnailUrl\":\"https:\\\/\\\/regiaonews.net.br\\\/2022\\\/wp-content\\\/uploads\\\/2021\\\/08\\\/f6e9a8e0ea3bd612eb9df4d5ce8d78b6low.jpeg\",\"datePublished\":\"2021-08-27T00:17:56+00:00\",\"dateModified\":\"2021-08-27T01:26:54+00:00\",\"breadcrumb\":{\"@id\":\"https:\\\/\\\/regiaonews.net.br\\\/2022\\\/2021\\\/08\\\/26\\\/montarias-em-touros-comecam-nesta-quinta-26-com-campeonato-da-pbr-em-barretos-evento-virtual-teve-inicio-nesta-quarta-feira-25-com-test-horse-das-provas-cronometradas-transmissao-gratuita-e-pel\\\/#breadcrumb\"},\"inLanguage\":\"pt-BR\",\"potentialAction\":[{\"@type\":\"ReadAction\",\"target\":[\"https:\\\/\\\/regiaonews.net.br\\\/2022\\\/2021\\\/08\\\/26\\\/montarias-em-touros-comecam-nesta-quinta-26-com-campeonato-da-pbr-em-barretos-evento-virtual-teve-inicio-nesta-quarta-feira-25-com-test-horse-das-provas-cronometradas-transmissao-gratuita-e-pel\\\/\"]}]},{\"@type\":\"ImageObject\",\"inLanguage\":\"pt-BR\",\"@id\":\"https:\\\/\\\/regiaonews.net.br\\\/2022\\\/2021\\\/08\\\/26\\\/montarias-em-touros-comecam-nesta-quinta-26-com-campeonato-da-pbr-em-barretos-evento-virtual-teve-inicio-nesta-quarta-feira-25-com-test-horse-das-provas-cronometradas-transmissao-gratuita-e-pel\\\/#primaryimage\",\"url\":\"https:\\\/\\\/regiaonews.net.br\\\/2022\\\/wp-content\\\/uploads\\\/2021\\\/08\\\/f6e9a8e0ea3bd612eb9df4d5ce8d78b6low.jpeg\",\"contentUrl\":\"https:\\\/\\\/regiaonews.net.br\\\/2022\\\/wp-content\\\/uploads\\\/2021\\\/08\\\/f6e9a8e0ea3bd612eb9df4d5ce8d78b6low.jpeg\",\"width\":564,\"height\":376},{\"@type\":\"BreadcrumbList\",\"@id\":\"https:\\\/\\\/regiaonews.net.br\\\/2022\\\/2021\\\/08\\\/26\\\/montarias-em-touros-comecam-nesta-quinta-26-com-campeonato-da-pbr-em-barretos-evento-virtual-teve-inicio-nesta-quarta-feira-25-com-test-horse-das-provas-cronometradas-transmissao-gratuita-e-pel\\\/#breadcrumb\",\"itemListElement\":[{\"@type\":\"ListItem\",\"position\":1,\"name\":\"In\u00edcio\",\"item\":\"https:\\\/\\\/regiaonews.net.br\\\/2022\\\/\"},{\"@type\":\"ListItem\",\"position\":2,\"name\":\"Com transmiss\u00e3o ao vivo, come\u00e7a montarias da PBR\"}]},{\"@type\":\"WebSite\",\"@id\":\"https:\\\/\\\/regiaonews.net.br\\\/2022\\\/#website\",\"url\":\"https:\\\/\\\/regiaonews.net.br\\\/2022\\\/\",\"name\":\"Regi\u00e3o News\",\"description\":\"Site de Not\u00edcias de Barretos e regi\u00e3o\",\"publisher\":{\"@id\":\"https:\\\/\\\/regiaonews.net.br\\\/2022\\\/#organization\"},\"potentialAction\":[{\"@type\":\"SearchAction\",\"target\":{\"@type\":\"EntryPoint\",\"urlTemplate\":\"https:\\\/\\\/regiaonews.net.br\\\/2022\\\/?s={search_term_string}\"},\"query-input\":{\"@type\":\"PropertyValueSpecification\",\"valueRequired\":true,\"valueName\":\"search_term_string\"}}],\"inLanguage\":\"pt-BR\"},{\"@type\":\"Organization\",\"@id\":\"https:\\\/\\\/regiaonews.net.br\\\/2022\\\/#organization\",\"name\":\"Regi\u00e3o News\",\"url\":\"https:\\\/\\\/regiaonews.net.br\\\/2022\\\/\",\"logo\":{\"@type\":\"ImageObject\",\"inLanguage\":\"pt-BR\",\"@id\":\"https:\\\/\\\/regiaonews.net.br\\\/2022\\\/#\\\/schema\\\/logo\\\/image\\\/\",\"url\":\"https:\\\/\\\/regiaonews.net.br\\\/2022\\\/wp-content\\\/uploads\\\/2026\\\/03\\\/regiao-13-anos-scaled.jpg\",\"contentUrl\":\"https:\\\/\\\/regiaonews.net.br\\\/2022\\\/wp-content\\\/uploads\\\/2026\\\/03\\\/regiao-13-anos-scaled.jpg\",\"width\":2560,\"height\":635,\"caption\":\"Regi\u00e3o News\"},\"image\":{\"@id\":\"https:\\\/\\\/regiaonews.net.br\\\/2022\\\/#\\\/schema\\\/logo\\\/image\\\/\"}},{\"@type\":\"Person\",\"@id\":\"https:\\\/\\\/regiaonews.net.br\\\/2022\\\/#\\\/schema\\\/person\\\/2d205a608a5aa97ac279d7a5e6d89ad8\",\"name\":\"Roberto\",\"image\":{\"@type\":\"ImageObject\",\"inLanguage\":\"pt-BR\",\"@id\":\"https:\\\/\\\/secure.gravatar.com\\\/avatar\\\/42749d8b712ff9d59ca93dc150494e5b55a44134482993f5baeb97e61b7ecc89?s=96&d=mm&r=g\",\"url\":\"https:\\\/\\\/secure.gravatar.com\\\/avatar\\\/42749d8b712ff9d59ca93dc150494e5b55a44134482993f5baeb97e61b7ecc89?s=96&d=mm&r=g\",\"contentUrl\":\"https:\\\/\\\/secure.gravatar.com\\\/avatar\\\/42749d8b712ff9d59ca93dc150494e5b55a44134482993f5baeb97e61b7ecc89?s=96&d=mm&r=g\",\"caption\":\"Roberto\"},\"url\":\"https:\\\/\\\/regiaonews.net.br\\\/2022\\\/author\\\/roberto\\\/\"}]}<\/script>\n<!-- \/ Yoast SEO plugin. -->","yoast_head_json":{"title":"Com transmiss\u00e3o ao vivo, come\u00e7a montarias da PBR - Regi\u00e3o News","robots":{"index":"index","follow":"follow","max-snippet":"max-snippet:-1","max-image-preview":"max-image-preview:large","max-video-preview":"max-video-preview:-1"},"canonical":"https:\/\/regiaonews.net.br\/2022\/2021\/08\/26\/montarias-em-touros-comecam-nesta-quinta-26-com-campeonato-da-pbr-em-barretos-evento-virtual-teve-inicio-nesta-quarta-feira-25-com-test-horse-das-provas-cronometradas-transmissao-gratuita-e-pel\/","og_locale":"pt_BR","og_type":"article","og_title":"Com transmiss\u00e3o ao vivo, come\u00e7a montarias da PBR - Regi\u00e3o News","og_description":"\u00a0 A partir desta quinta-feira, o p\u00fablico poder\u00e1 acompanhar as","og_url":"https:\/\/regiaonews.net.br\/2022\/2021\/08\/26\/montarias-em-touros-comecam-nesta-quinta-26-com-campeonato-da-pbr-em-barretos-evento-virtual-teve-inicio-nesta-quarta-feira-25-com-test-horse-das-provas-cronometradas-transmissao-gratuita-e-pel\/","og_site_name":"Regi\u00e3o News","article_published_time":"2021-08-27T00:17:56+00:00","article_modified_time":"2021-08-27T01:26:54+00:00","og_image":[{"width":564,"height":376,"url":"https:\/\/regiaonews.net.br\/2022\/wp-content\/uploads\/2021\/08\/f6e9a8e0ea3bd612eb9df4d5ce8d78b6low.jpeg","type":"image\/jpeg"}],"author":"Roberto","twitter_card":"summary_large_image","twitter_misc":{"Escrito por":"Roberto","Est. tempo de leitura":"3 minutos"},"schema":{"@context":"https:\/\/schema.org","@graph":[{"@type":"Article","@id":"https:\/\/regiaonews.net.br\/2022\/2021\/08\/26\/montarias-em-touros-comecam-nesta-quinta-26-com-campeonato-da-pbr-em-barretos-evento-virtual-teve-inicio-nesta-quarta-feira-25-com-test-horse-das-provas-cronometradas-transmissao-gratuita-e-pel\/#article","isPartOf":{"@id":"https:\/\/regiaonews.net.br\/2022\/2021\/08\/26\/montarias-em-touros-comecam-nesta-quinta-26-com-campeonato-da-pbr-em-barretos-evento-virtual-teve-inicio-nesta-quarta-feira-25-com-test-horse-das-provas-cronometradas-transmissao-gratuita-e-pel\/"},"author":{"name":"Roberto","@id":"https:\/\/regiaonews.net.br\/2022\/#\/schema\/person\/2d205a608a5aa97ac279d7a5e6d89ad8"},"headline":"Com transmiss\u00e3o ao vivo, come\u00e7a montarias da PBR","datePublished":"2021-08-27T00:17:56+00:00","dateModified":"2021-08-27T01:26:54+00:00","mainEntityOfPage":{"@id":"https:\/\/regiaonews.net.br\/2022\/2021\/08\/26\/montarias-em-touros-comecam-nesta-quinta-26-com-campeonato-da-pbr-em-barretos-evento-virtual-teve-inicio-nesta-quarta-feira-25-com-test-horse-das-provas-cronometradas-transmissao-gratuita-e-pel\/"},"wordCount":627,"commentCount":0,"publisher":{"@id":"https:\/\/regiaonews.net.br\/2022\/#organization"},"image":{"@id":"https:\/\/regiaonews.net.br\/2022\/2021\/08\/26\/montarias-em-touros-comecam-nesta-quinta-26-com-campeonato-da-pbr-em-barretos-evento-virtual-teve-inicio-nesta-quarta-feira-25-com-test-horse-das-provas-cronometradas-transmissao-gratuita-e-pel\/#primaryimage"},"thumbnailUrl":"https:\/\/regiaonews.net.br\/2022\/wp-content\/uploads\/2021\/08\/f6e9a8e0ea3bd612eb9df4d5ce8d78b6low.jpeg","articleSection":["Barretos","Cidades","Festa do Pe\u00e3o"],"inLanguage":"pt-BR","potentialAction":[{"@type":"CommentAction","name":"Comment","target":["https:\/\/regiaonews.net.br\/2022\/2021\/08\/26\/montarias-em-touros-comecam-nesta-quinta-26-com-campeonato-da-pbr-em-barretos-evento-virtual-teve-inicio-nesta-quarta-feira-25-com-test-horse-das-provas-cronometradas-transmissao-gratuita-e-pel\/#respond"]}]},{"@type":"WebPage","@id":"https:\/\/regiaonews.net.br\/2022\/2021\/08\/26\/montarias-em-touros-comecam-nesta-quinta-26-com-campeonato-da-pbr-em-barretos-evento-virtual-teve-inicio-nesta-quarta-feira-25-com-test-horse-das-provas-cronometradas-transmissao-gratuita-e-pel\/","url":"https:\/\/regiaonews.net.br\/2022\/2021\/08\/26\/montarias-em-touros-comecam-nesta-quinta-26-com-campeonato-da-pbr-em-barretos-evento-virtual-teve-inicio-nesta-quarta-feira-25-com-test-horse-das-provas-cronometradas-transmissao-gratuita-e-pel\/","name":"Com transmiss\u00e3o ao vivo, come\u00e7a montarias da PBR - Regi\u00e3o News","isPartOf":{"@id":"https:\/\/regiaonews.net.br\/2022\/#website"},"primaryImageOfPage":{"@id":"https:\/\/regiaonews.net.br\/2022\/2021\/08\/26\/montarias-em-touros-comecam-nesta-quinta-26-com-campeonato-da-pbr-em-barretos-evento-virtual-teve-inicio-nesta-quarta-feira-25-com-test-horse-das-provas-cronometradas-transmissao-gratuita-e-pel\/#primaryimage"},"image":{"@id":"https:\/\/regiaonews.net.br\/2022\/2021\/08\/26\/montarias-em-touros-comecam-nesta-quinta-26-com-campeonato-da-pbr-em-barretos-evento-virtual-teve-inicio-nesta-quarta-feira-25-com-test-horse-das-provas-cronometradas-transmissao-gratuita-e-pel\/#primaryimage"},"thumbnailUrl":"https:\/\/regiaonews.net.br\/2022\/wp-content\/uploads\/2021\/08\/f6e9a8e0ea3bd612eb9df4d5ce8d78b6low.jpeg","datePublished":"2021-08-27T00:17:56+00:00","dateModified":"2021-08-27T01:26:54+00:00","breadcrumb":{"@id":"https:\/\/regiaonews.net.br\/2022\/2021\/08\/26\/montarias-em-touros-comecam-nesta-quinta-26-com-campeonato-da-pbr-em-barretos-evento-virtual-teve-inicio-nesta-quarta-feira-25-com-test-horse-das-provas-cronometradas-transmissao-gratuita-e-pel\/#breadcrumb"},"inLanguage":"pt-BR","potentialAction":[{"@type":"ReadAction","target":["https:\/\/regiaonews.net.br\/2022\/2021\/08\/26\/montarias-em-touros-comecam-nesta-quinta-26-com-campeonato-da-pbr-em-barretos-evento-virtual-teve-inicio-nesta-quarta-feira-25-com-test-horse-das-provas-cronometradas-transmissao-gratuita-e-pel\/"]}]},{"@type":"ImageObject","inLanguage":"pt-BR","@id":"https:\/\/regiaonews.net.br\/2022\/2021\/08\/26\/montarias-em-touros-comecam-nesta-quinta-26-com-campeonato-da-pbr-em-barretos-evento-virtual-teve-inicio-nesta-quarta-feira-25-com-test-horse-das-provas-cronometradas-transmissao-gratuita-e-pel\/#primaryimage","url":"https:\/\/regiaonews.net.br\/2022\/wp-content\/uploads\/2021\/08\/f6e9a8e0ea3bd612eb9df4d5ce8d78b6low.jpeg","contentUrl":"https:\/\/regiaonews.net.br\/2022\/wp-content\/uploads\/2021\/08\/f6e9a8e0ea3bd612eb9df4d5ce8d78b6low.jpeg","width":564,"height":376},{"@type":"BreadcrumbList","@id":"https:\/\/regiaonews.net.br\/2022\/2021\/08\/26\/montarias-em-touros-comecam-nesta-quinta-26-com-campeonato-da-pbr-em-barretos-evento-virtual-teve-inicio-nesta-quarta-feira-25-com-test-horse-das-provas-cronometradas-transmissao-gratuita-e-pel\/#breadcrumb","itemListElement":[{"@type":"ListItem","position":1,"name":"In\u00edcio","item":"https:\/\/regiaonews.net.br\/2022\/"},{"@type":"ListItem","position":2,"name":"Com transmiss\u00e3o ao vivo, come\u00e7a montarias da PBR"}]},{"@type":"WebSite","@id":"https:\/\/regiaonews.net.br\/2022\/#website","url":"https:\/\/regiaonews.net.br\/2022\/","name":"Regi\u00e3o News","description":"Site de Not\u00edcias de Barretos e regi\u00e3o","publisher":{"@id":"https:\/\/regiaonews.net.br\/2022\/#organization"},"potentialAction":[{"@type":"SearchAction","target":{"@type":"EntryPoint","urlTemplate":"https:\/\/regiaonews.net.br\/2022\/?s={search_term_string}"},"query-input":{"@type":"PropertyValueSpecification","valueRequired":true,"valueName":"search_term_string"}}],"inLanguage":"pt-BR"},{"@type":"Organization","@id":"https:\/\/regiaonews.net.br\/2022\/#organization","name":"Regi\u00e3o News","url":"https:\/\/regiaonews.net.br\/2022\/","logo":{"@type":"ImageObject","inLanguage":"pt-BR","@id":"https:\/\/regiaonews.net.br\/2022\/#\/schema\/logo\/image\/","url":"https:\/\/regiaonews.net.br\/2022\/wp-content\/uploads\/2026\/03\/regiao-13-anos-scaled.jpg","contentUrl":"https:\/\/regiaonews.net.br\/2022\/wp-content\/uploads\/2026\/03\/regiao-13-anos-scaled.jpg","width":2560,"height":635,"caption":"Regi\u00e3o News"},"image":{"@id":"https:\/\/regiaonews.net.br\/2022\/#\/schema\/logo\/image\/"}},{"@type":"Person","@id":"https:\/\/regiaonews.net.br\/2022\/#\/schema\/person\/2d205a608a5aa97ac279d7a5e6d89ad8","name":"Roberto","image":{"@type":"ImageObject","inLanguage":"pt-BR","@id":"https:\/\/secure.gravatar.com\/avatar\/42749d8b712ff9d59ca93dc150494e5b55a44134482993f5baeb97e61b7ecc89?s=96&d=mm&r=g","url":"https:\/\/secure.gravatar.com\/avatar\/42749d8b712ff9d59ca93dc150494e5b55a44134482993f5baeb97e61b7ecc89?s=96&d=mm&r=g","contentUrl":"https:\/\/secure.gravatar.com\/avatar\/42749d8b712ff9d59ca93dc150494e5b55a44134482993f5baeb97e61b7ecc89?s=96&d=mm&r=g","caption":"Roberto"},"url":"https:\/\/regiaonews.net.br\/2022\/author\/roberto\/"}]}},"publishpress_future_action":{"enabled":false,"date":"2026-05-03 02:42:07","action":"change-status","newStatus":"draft","terms":[],"taxonomy":"category","extraData":[]},"publishpress_future_workflow_manual_trigger":{"enabledWorkflows":[]},"_links":{"self":[{"href":"https:\/\/regiaonews.net.br\/2022\/wp-json\/wp\/v2\/posts\/52443","targetHints":{"allow":["GET"]}}],"collection":[{"href":"https:\/\/regiaonews.net.br\/2022\/wp-json\/wp\/v2\/posts"}],"about":[{"href":"https:\/\/regiaonews.net.br\/2022\/wp-json\/wp\/v2\/types\/post"}],"author":[{"embeddable":true,"href":"https:\/\/regiaonews.net.br\/2022\/wp-json\/wp\/v2\/users\/2"}],"replies":[{"embeddable":true,"href":"https:\/\/regiaonews.net.br\/2022\/wp-json\/wp\/v2\/comments?post=52443"}],"version-history":[{"count":0,"href":"https:\/\/regiaonews.net.br\/2022\/wp-json\/wp\/v2\/posts\/52443\/revisions"}],"wp:featuredmedia":[{"embeddable":true,"href":"https:\/\/regiaonews.net.br\/2022\/wp-json\/wp\/v2\/media\/52445"}],"wp:attachment":[{"href":"https:\/\/regiaonews.net.br\/2022\/wp-json\/wp\/v2\/media?parent=52443"}],"wp:term":[{"taxonomy":"category","embeddable":true,"href":"https:\/\/regiaonews.net.br\/2022\/wp-json\/wp\/v2\/categories?post=52443"},{"taxonomy":"post_tag","embeddable":true,"href":"https:\/\/regiaonews.net.br\/2022\/wp-json\/wp\/v2\/tags?post=52443"}],"curies":[{"name":"wp","href":"https:\/\/api.w.org\/{rel}","templated":true}]}}