{"id":52154,"date":"2021-08-20T19:44:10","date_gmt":"2021-08-20T22:44:10","guid":{"rendered":"https:\/\/regiaonews.net.br\/2022\/?p=52154"},"modified":"2021-08-20T19:45:06","modified_gmt":"2021-08-20T22:45:06","slug":"agendada-a-1a-dose-para-grupos-prioritarios-de-adolescentes-de-12-a-15-anos","status":"publish","type":"post","link":"https:\/\/regiaonews.net.br\/2022\/2021\/08\/20\/agendada-a-1a-dose-para-grupos-prioritarios-de-adolescentes-de-12-a-15-anos\/","title":{"rendered":"Agendada a 1\u00aa dose para grupos priorit\u00e1rios de adolescentes de 12 a 15 anos"},"content":{"rendered":"<p><a href=\"https:\/\/regiaonews.net.br\/2022\/wp-content\/uploads\/2021\/08\/Card-12-a-15.jpeg\"><img loading=\"lazy\" decoding=\"async\" class=\"alignnone size-medium wp-image-52155\" src=\"https:\/\/regiaonews.net.br\/2022\/wp-content\/uploads\/2021\/08\/Card-12-a-15-300x300.jpeg\" alt=\"\" width=\"300\" height=\"300\" \/><\/a><\/p>\n<p>A Prefeitura de Barretos, por meio da Secretaria Municipal de Sa\u00fade, agendou a vacina\u00e7\u00e3o contra a Covid-19 para adolescentes entre 12 e 15 anos que se encaixam nas seguintes categorias: ter uma das comorbidades descritas na lista abaixo, ser uma pessoa com defici\u00eancia permanente e que recebe o Benef\u00edcio de Presta\u00e7\u00e3o Continuada (BPC) ou ainda ser gestante ou pu\u00e9rpera.<br \/>\nOs tr\u00eas grupos poder\u00e3o se imunizar na segunda-feira, dia 23, e na ter\u00e7a, dia 24, das 09h \u00e0s 16h, no Centro de Reabilita\u00e7\u00e3o, na Via Conselheiro Ant\u00f4nio Prado, 1466, no bairro Pedro Cavalini. O pr\u00e9dio fica pr\u00f3ximo da UPA e do shopping.<br \/>\nOs adolescentes devem estar acompanhados de um respons\u00e1vel legal ou apresentar o termo de autoriza\u00e7\u00e3o que est\u00e1 dispon\u00edvel no site https:\/\/www.barretos.sp.gov.br\/vacinacao-covid.<\/p>\n<p><b>&#8211; GRUPO COM COMORBIDADES<\/b><\/p>\n<p><b>Quais as comorbidades?<\/b><br \/>\nDiabetes;<br \/>\nPneumonias cr\u00f4nicas graves;<br \/>\nHipertens\u00e3o arterial Resistente (HAR);<br \/>\nHipertens\u00e3o arterial Est\u00e1gio 3;<br \/>\nHipertens\u00e3o arterial est\u00e1gios 1 e 2 com les\u00e3o em \u00f3rg\u00e3o-alvo e\/ou comorbidade;<br \/>\nInsufici\u00eancia card\u00edaca (IC);<br \/>\nHipertens\u00e3o Pulmonar;<br \/>\nCardiopatia hipertensiva;<br \/>\nS\u00edndromes coronarianas;<br \/>\nValvopatias;<br \/>\nMiocardiopatias e pericardiopatias;<br \/>\nDoen\u00e7as da aorta, dos grandes vasos e f\u00edstulas arteriovenosas;<br \/>\nArritmias card\u00edacas;<br \/>\nCardiopatias cong\u00eanita;<br \/>\nPr\u00f3teses valvares e dispositivos card\u00edacas implantados;<br \/>\nDoen\u00e7a cerebrovascular;<br \/>\nDoen\u00e7a renal cr\u00f4nica;<br \/>\nImunossuprimidos;<br \/>\nHemoglobinopatias graves;<br \/>\nObesidade m\u00f3rbida;<br \/>\nCirrose hep\u00e1tica.<\/p>\n<p><b>Quais documentos levar?<\/b><br \/>\nApresentar RG e CPF originais;<br \/>\nComprovante de endere\u00e7o em Barretos de um familiar ou respons\u00e1vel: conta de \u00e1gua, conta de energia el\u00e9trica, conta de telefone\/celular, conta de servi\u00e7os de internet, conta banc\u00e1ria, conta de cart\u00e3o de cr\u00e9dito, carn\u00ea de IPTU, etc;<br \/>\nC\u00f3pia de documento que comprove comorbidade (exames atualizados, receitas, relat\u00f3rios m\u00e9dicos atualizados, prescri\u00e7\u00e3o m\u00e9dica ou a DECLARA\u00c7\u00c3O M\u00c9DICA PADRONIZADA, dispon\u00edvel no site https:\/\/www.barretos.sp.gov.br\/vacinacao-covid, devidamente preenchida e assinada pelo profissional m\u00e9dico). Quaisquer dos comprovantes dever\u00e3o constar, obrigatoriamente, o n\u00famero do CRM e assinatura do m\u00e9dico respons\u00e1vel.<\/p>\n<p><b>&#8211; GRUPO COM DEFICI\u00caNCIA PERMANENTE (BPC)<\/b><\/p>\n<p><strong>Quais documentos levar?<\/strong><br \/>\nDocumento com foto e CPF;<br \/>\nComprovante de resid\u00eancia;<br \/>\nC\u00f3pia do comprovante de recebimento do Benef\u00edcio de Presta\u00e7\u00e3o Continuada (BPC).<\/p>\n<p><b>&#8211; GRUPO DE GESTANTES E PU\u00c9RPERAS<\/b><\/p>\n<p><strong>Quais documentos levar?<\/strong><br \/>\nDocumento com foto e CPF;<br \/>\nComprovante de resid\u00eancia;<br \/>\nGestantes devem levar o comprovante de pr\u00e9-natal ou a carteira de acompanhamento ou ainda um laudo m\u00e9dico;<br \/>\nPu\u00e9rperas devem levar a certid\u00e3o de nascimento da crian\u00e7a at\u00e9 45 dias.<\/p>\n","protected":false},"excerpt":{"rendered":"<p>A Prefeitura de Barretos, por meio da Secretaria Municipal de<\/p>\n","protected":false},"author":2,"featured_media":52155,"comment_status":"open","ping_status":"open","sticky":false,"template":"","format":"standard","meta":{"footnotes":""},"categories":[14,25],"tags":[],"class_list":["post-52154","post","type-post","status-publish","format-standard","has-post-thumbnail","hentry","category-barretos","category-cidades"],"yoast_head":"<!-- This site is optimized with the Yoast SEO plugin v27.4 - https:\/\/yoast.com\/product\/yoast-seo-wordpress\/ -->\n<title>Agendada a 1\u00aa dose para grupos priorit\u00e1rios de adolescentes de 12 a 15 anos - Regi\u00e3o News<\/title>\n<meta name=\"robots\" content=\"index, follow, max-snippet:-1, max-image-preview:large, max-video-preview:-1\" \/>\n<link rel=\"canonical\" href=\"https:\/\/regiaonews.net.br\/2022\/2021\/08\/20\/agendada-a-1a-dose-para-grupos-prioritarios-de-adolescentes-de-12-a-15-anos\/\" \/>\n<meta property=\"og:locale\" content=\"pt_BR\" \/>\n<meta property=\"og:type\" content=\"article\" \/>\n<meta property=\"og:title\" content=\"Agendada a 1\u00aa dose para grupos priorit\u00e1rios de adolescentes de 12 a 15 anos - Regi\u00e3o News\" \/>\n<meta property=\"og:description\" content=\"A Prefeitura de Barretos, por meio da Secretaria Municipal de\" \/>\n<meta property=\"og:url\" content=\"https:\/\/regiaonews.net.br\/2022\/2021\/08\/20\/agendada-a-1a-dose-para-grupos-prioritarios-de-adolescentes-de-12-a-15-anos\/\" \/>\n<meta property=\"og:site_name\" content=\"Regi\u00e3o News\" \/>\n<meta property=\"article:published_time\" content=\"2021-08-20T22:44:10+00:00\" \/>\n<meta property=\"article:modified_time\" content=\"2021-08-20T22:45:06+00:00\" \/>\n<meta property=\"og:image\" content=\"https:\/\/regiaonews.net.br\/2022\/wp-content\/uploads\/2021\/08\/Card-12-a-15.jpeg\" \/>\n\t<meta property=\"og:image:width\" content=\"1182\" \/>\n\t<meta property=\"og:image:height\" content=\"1184\" \/>\n\t<meta property=\"og:image:type\" content=\"image\/jpeg\" \/>\n<meta name=\"author\" content=\"Roberto\" \/>\n<meta name=\"twitter:card\" content=\"summary_large_image\" \/>\n<meta name=\"twitter:label1\" content=\"Escrito por\" \/>\n\t<meta name=\"twitter:data1\" content=\"Roberto\" \/>\n\t<meta name=\"twitter:label2\" content=\"Est. tempo de leitura\" \/>\n\t<meta name=\"twitter:data2\" content=\"2 minutos\" \/>\n<script type=\"application\/ld+json\" class=\"yoast-schema-graph\">{\"@context\":\"https:\\\/\\\/schema.org\",\"@graph\":[{\"@type\":\"Article\",\"@id\":\"https:\\\/\\\/regiaonews.net.br\\\/2022\\\/2021\\\/08\\\/20\\\/agendada-a-1a-dose-para-grupos-prioritarios-de-adolescentes-de-12-a-15-anos\\\/#article\",\"isPartOf\":{\"@id\":\"https:\\\/\\\/regiaonews.net.br\\\/2022\\\/2021\\\/08\\\/20\\\/agendada-a-1a-dose-para-grupos-prioritarios-de-adolescentes-de-12-a-15-anos\\\/\"},\"author\":{\"name\":\"Roberto\",\"@id\":\"https:\\\/\\\/regiaonews.net.br\\\/2022\\\/#\\\/schema\\\/person\\\/2d205a608a5aa97ac279d7a5e6d89ad8\"},\"headline\":\"Agendada a 1\u00aa dose para grupos priorit\u00e1rios de adolescentes de 12 a 15 anos\",\"datePublished\":\"2021-08-20T22:44:10+00:00\",\"dateModified\":\"2021-08-20T22:45:06+00:00\",\"mainEntityOfPage\":{\"@id\":\"https:\\\/\\\/regiaonews.net.br\\\/2022\\\/2021\\\/08\\\/20\\\/agendada-a-1a-dose-para-grupos-prioritarios-de-adolescentes-de-12-a-15-anos\\\/\"},\"wordCount\":448,\"commentCount\":0,\"publisher\":{\"@id\":\"https:\\\/\\\/regiaonews.net.br\\\/2022\\\/#organization\"},\"image\":{\"@id\":\"https:\\\/\\\/regiaonews.net.br\\\/2022\\\/2021\\\/08\\\/20\\\/agendada-a-1a-dose-para-grupos-prioritarios-de-adolescentes-de-12-a-15-anos\\\/#primaryimage\"},\"thumbnailUrl\":\"https:\\\/\\\/regiaonews.net.br\\\/2022\\\/wp-content\\\/uploads\\\/2021\\\/08\\\/Card-12-a-15.jpeg\",\"articleSection\":[\"Barretos\",\"Cidades\"],\"inLanguage\":\"pt-BR\",\"potentialAction\":[{\"@type\":\"CommentAction\",\"name\":\"Comment\",\"target\":[\"https:\\\/\\\/regiaonews.net.br\\\/2022\\\/2021\\\/08\\\/20\\\/agendada-a-1a-dose-para-grupos-prioritarios-de-adolescentes-de-12-a-15-anos\\\/#respond\"]}]},{\"@type\":\"WebPage\",\"@id\":\"https:\\\/\\\/regiaonews.net.br\\\/2022\\\/2021\\\/08\\\/20\\\/agendada-a-1a-dose-para-grupos-prioritarios-de-adolescentes-de-12-a-15-anos\\\/\",\"url\":\"https:\\\/\\\/regiaonews.net.br\\\/2022\\\/2021\\\/08\\\/20\\\/agendada-a-1a-dose-para-grupos-prioritarios-de-adolescentes-de-12-a-15-anos\\\/\",\"name\":\"Agendada a 1\u00aa dose para grupos priorit\u00e1rios de adolescentes de 12 a 15 anos - Regi\u00e3o News\",\"isPartOf\":{\"@id\":\"https:\\\/\\\/regiaonews.net.br\\\/2022\\\/#website\"},\"primaryImageOfPage\":{\"@id\":\"https:\\\/\\\/regiaonews.net.br\\\/2022\\\/2021\\\/08\\\/20\\\/agendada-a-1a-dose-para-grupos-prioritarios-de-adolescentes-de-12-a-15-anos\\\/#primaryimage\"},\"image\":{\"@id\":\"https:\\\/\\\/regiaonews.net.br\\\/2022\\\/2021\\\/08\\\/20\\\/agendada-a-1a-dose-para-grupos-prioritarios-de-adolescentes-de-12-a-15-anos\\\/#primaryimage\"},\"thumbnailUrl\":\"https:\\\/\\\/regiaonews.net.br\\\/2022\\\/wp-content\\\/uploads\\\/2021\\\/08\\\/Card-12-a-15.jpeg\",\"datePublished\":\"2021-08-20T22:44:10+00:00\",\"dateModified\":\"2021-08-20T22:45:06+00:00\",\"breadcrumb\":{\"@id\":\"https:\\\/\\\/regiaonews.net.br\\\/2022\\\/2021\\\/08\\\/20\\\/agendada-a-1a-dose-para-grupos-prioritarios-de-adolescentes-de-12-a-15-anos\\\/#breadcrumb\"},\"inLanguage\":\"pt-BR\",\"potentialAction\":[{\"@type\":\"ReadAction\",\"target\":[\"https:\\\/\\\/regiaonews.net.br\\\/2022\\\/2021\\\/08\\\/20\\\/agendada-a-1a-dose-para-grupos-prioritarios-de-adolescentes-de-12-a-15-anos\\\/\"]}]},{\"@type\":\"ImageObject\",\"inLanguage\":\"pt-BR\",\"@id\":\"https:\\\/\\\/regiaonews.net.br\\\/2022\\\/2021\\\/08\\\/20\\\/agendada-a-1a-dose-para-grupos-prioritarios-de-adolescentes-de-12-a-15-anos\\\/#primaryimage\",\"url\":\"https:\\\/\\\/regiaonews.net.br\\\/2022\\\/wp-content\\\/uploads\\\/2021\\\/08\\\/Card-12-a-15.jpeg\",\"contentUrl\":\"https:\\\/\\\/regiaonews.net.br\\\/2022\\\/wp-content\\\/uploads\\\/2021\\\/08\\\/Card-12-a-15.jpeg\",\"width\":1182,\"height\":1184},{\"@type\":\"BreadcrumbList\",\"@id\":\"https:\\\/\\\/regiaonews.net.br\\\/2022\\\/2021\\\/08\\\/20\\\/agendada-a-1a-dose-para-grupos-prioritarios-de-adolescentes-de-12-a-15-anos\\\/#breadcrumb\",\"itemListElement\":[{\"@type\":\"ListItem\",\"position\":1,\"name\":\"In\u00edcio\",\"item\":\"https:\\\/\\\/regiaonews.net.br\\\/2022\\\/\"},{\"@type\":\"ListItem\",\"position\":2,\"name\":\"Agendada a 1\u00aa dose para grupos priorit\u00e1rios de adolescentes de 12 a 15 anos\"}]},{\"@type\":\"WebSite\",\"@id\":\"https:\\\/\\\/regiaonews.net.br\\\/2022\\\/#website\",\"url\":\"https:\\\/\\\/regiaonews.net.br\\\/2022\\\/\",\"name\":\"Regi\u00e3o News\",\"description\":\"Site de Not\u00edcias de Barretos e regi\u00e3o\",\"publisher\":{\"@id\":\"https:\\\/\\\/regiaonews.net.br\\\/2022\\\/#organization\"},\"potentialAction\":[{\"@type\":\"SearchAction\",\"target\":{\"@type\":\"EntryPoint\",\"urlTemplate\":\"https:\\\/\\\/regiaonews.net.br\\\/2022\\\/?s={search_term_string}\"},\"query-input\":{\"@type\":\"PropertyValueSpecification\",\"valueRequired\":true,\"valueName\":\"search_term_string\"}}],\"inLanguage\":\"pt-BR\"},{\"@type\":\"Organization\",\"@id\":\"https:\\\/\\\/regiaonews.net.br\\\/2022\\\/#organization\",\"name\":\"Regi\u00e3o News\",\"url\":\"https:\\\/\\\/regiaonews.net.br\\\/2022\\\/\",\"logo\":{\"@type\":\"ImageObject\",\"inLanguage\":\"pt-BR\",\"@id\":\"https:\\\/\\\/regiaonews.net.br\\\/2022\\\/#\\\/schema\\\/logo\\\/image\\\/\",\"url\":\"https:\\\/\\\/regiaonews.net.br\\\/2022\\\/wp-content\\\/uploads\\\/2026\\\/03\\\/regiao-13-anos-scaled.jpg\",\"contentUrl\":\"https:\\\/\\\/regiaonews.net.br\\\/2022\\\/wp-content\\\/uploads\\\/2026\\\/03\\\/regiao-13-anos-scaled.jpg\",\"width\":2560,\"height\":635,\"caption\":\"Regi\u00e3o News\"},\"image\":{\"@id\":\"https:\\\/\\\/regiaonews.net.br\\\/2022\\\/#\\\/schema\\\/logo\\\/image\\\/\"}},{\"@type\":\"Person\",\"@id\":\"https:\\\/\\\/regiaonews.net.br\\\/2022\\\/#\\\/schema\\\/person\\\/2d205a608a5aa97ac279d7a5e6d89ad8\",\"name\":\"Roberto\",\"image\":{\"@type\":\"ImageObject\",\"inLanguage\":\"pt-BR\",\"@id\":\"https:\\\/\\\/secure.gravatar.com\\\/avatar\\\/42749d8b712ff9d59ca93dc150494e5b55a44134482993f5baeb97e61b7ecc89?s=96&d=mm&r=g\",\"url\":\"https:\\\/\\\/secure.gravatar.com\\\/avatar\\\/42749d8b712ff9d59ca93dc150494e5b55a44134482993f5baeb97e61b7ecc89?s=96&d=mm&r=g\",\"contentUrl\":\"https:\\\/\\\/secure.gravatar.com\\\/avatar\\\/42749d8b712ff9d59ca93dc150494e5b55a44134482993f5baeb97e61b7ecc89?s=96&d=mm&r=g\",\"caption\":\"Roberto\"},\"url\":\"https:\\\/\\\/regiaonews.net.br\\\/2022\\\/author\\\/roberto\\\/\"}]}<\/script>\n<!-- \/ Yoast SEO plugin. -->","yoast_head_json":{"title":"Agendada a 1\u00aa dose para grupos priorit\u00e1rios de adolescentes de 12 a 15 anos - Regi\u00e3o News","robots":{"index":"index","follow":"follow","max-snippet":"max-snippet:-1","max-image-preview":"max-image-preview:large","max-video-preview":"max-video-preview:-1"},"canonical":"https:\/\/regiaonews.net.br\/2022\/2021\/08\/20\/agendada-a-1a-dose-para-grupos-prioritarios-de-adolescentes-de-12-a-15-anos\/","og_locale":"pt_BR","og_type":"article","og_title":"Agendada a 1\u00aa dose para grupos priorit\u00e1rios de adolescentes de 12 a 15 anos - Regi\u00e3o News","og_description":"A Prefeitura de Barretos, por meio da Secretaria Municipal de","og_url":"https:\/\/regiaonews.net.br\/2022\/2021\/08\/20\/agendada-a-1a-dose-para-grupos-prioritarios-de-adolescentes-de-12-a-15-anos\/","og_site_name":"Regi\u00e3o News","article_published_time":"2021-08-20T22:44:10+00:00","article_modified_time":"2021-08-20T22:45:06+00:00","og_image":[{"width":1182,"height":1184,"url":"https:\/\/regiaonews.net.br\/2022\/wp-content\/uploads\/2021\/08\/Card-12-a-15.jpeg","type":"image\/jpeg"}],"author":"Roberto","twitter_card":"summary_large_image","twitter_misc":{"Escrito por":"Roberto","Est. tempo de leitura":"2 minutos"},"schema":{"@context":"https:\/\/schema.org","@graph":[{"@type":"Article","@id":"https:\/\/regiaonews.net.br\/2022\/2021\/08\/20\/agendada-a-1a-dose-para-grupos-prioritarios-de-adolescentes-de-12-a-15-anos\/#article","isPartOf":{"@id":"https:\/\/regiaonews.net.br\/2022\/2021\/08\/20\/agendada-a-1a-dose-para-grupos-prioritarios-de-adolescentes-de-12-a-15-anos\/"},"author":{"name":"Roberto","@id":"https:\/\/regiaonews.net.br\/2022\/#\/schema\/person\/2d205a608a5aa97ac279d7a5e6d89ad8"},"headline":"Agendada a 1\u00aa dose para grupos priorit\u00e1rios de adolescentes de 12 a 15 anos","datePublished":"2021-08-20T22:44:10+00:00","dateModified":"2021-08-20T22:45:06+00:00","mainEntityOfPage":{"@id":"https:\/\/regiaonews.net.br\/2022\/2021\/08\/20\/agendada-a-1a-dose-para-grupos-prioritarios-de-adolescentes-de-12-a-15-anos\/"},"wordCount":448,"commentCount":0,"publisher":{"@id":"https:\/\/regiaonews.net.br\/2022\/#organization"},"image":{"@id":"https:\/\/regiaonews.net.br\/2022\/2021\/08\/20\/agendada-a-1a-dose-para-grupos-prioritarios-de-adolescentes-de-12-a-15-anos\/#primaryimage"},"thumbnailUrl":"https:\/\/regiaonews.net.br\/2022\/wp-content\/uploads\/2021\/08\/Card-12-a-15.jpeg","articleSection":["Barretos","Cidades"],"inLanguage":"pt-BR","potentialAction":[{"@type":"CommentAction","name":"Comment","target":["https:\/\/regiaonews.net.br\/2022\/2021\/08\/20\/agendada-a-1a-dose-para-grupos-prioritarios-de-adolescentes-de-12-a-15-anos\/#respond"]}]},{"@type":"WebPage","@id":"https:\/\/regiaonews.net.br\/2022\/2021\/08\/20\/agendada-a-1a-dose-para-grupos-prioritarios-de-adolescentes-de-12-a-15-anos\/","url":"https:\/\/regiaonews.net.br\/2022\/2021\/08\/20\/agendada-a-1a-dose-para-grupos-prioritarios-de-adolescentes-de-12-a-15-anos\/","name":"Agendada a 1\u00aa dose para grupos priorit\u00e1rios de adolescentes de 12 a 15 anos - Regi\u00e3o News","isPartOf":{"@id":"https:\/\/regiaonews.net.br\/2022\/#website"},"primaryImageOfPage":{"@id":"https:\/\/regiaonews.net.br\/2022\/2021\/08\/20\/agendada-a-1a-dose-para-grupos-prioritarios-de-adolescentes-de-12-a-15-anos\/#primaryimage"},"image":{"@id":"https:\/\/regiaonews.net.br\/2022\/2021\/08\/20\/agendada-a-1a-dose-para-grupos-prioritarios-de-adolescentes-de-12-a-15-anos\/#primaryimage"},"thumbnailUrl":"https:\/\/regiaonews.net.br\/2022\/wp-content\/uploads\/2021\/08\/Card-12-a-15.jpeg","datePublished":"2021-08-20T22:44:10+00:00","dateModified":"2021-08-20T22:45:06+00:00","breadcrumb":{"@id":"https:\/\/regiaonews.net.br\/2022\/2021\/08\/20\/agendada-a-1a-dose-para-grupos-prioritarios-de-adolescentes-de-12-a-15-anos\/#breadcrumb"},"inLanguage":"pt-BR","potentialAction":[{"@type":"ReadAction","target":["https:\/\/regiaonews.net.br\/2022\/2021\/08\/20\/agendada-a-1a-dose-para-grupos-prioritarios-de-adolescentes-de-12-a-15-anos\/"]}]},{"@type":"ImageObject","inLanguage":"pt-BR","@id":"https:\/\/regiaonews.net.br\/2022\/2021\/08\/20\/agendada-a-1a-dose-para-grupos-prioritarios-de-adolescentes-de-12-a-15-anos\/#primaryimage","url":"https:\/\/regiaonews.net.br\/2022\/wp-content\/uploads\/2021\/08\/Card-12-a-15.jpeg","contentUrl":"https:\/\/regiaonews.net.br\/2022\/wp-content\/uploads\/2021\/08\/Card-12-a-15.jpeg","width":1182,"height":1184},{"@type":"BreadcrumbList","@id":"https:\/\/regiaonews.net.br\/2022\/2021\/08\/20\/agendada-a-1a-dose-para-grupos-prioritarios-de-adolescentes-de-12-a-15-anos\/#breadcrumb","itemListElement":[{"@type":"ListItem","position":1,"name":"In\u00edcio","item":"https:\/\/regiaonews.net.br\/2022\/"},{"@type":"ListItem","position":2,"name":"Agendada a 1\u00aa dose para grupos priorit\u00e1rios de adolescentes de 12 a 15 anos"}]},{"@type":"WebSite","@id":"https:\/\/regiaonews.net.br\/2022\/#website","url":"https:\/\/regiaonews.net.br\/2022\/","name":"Regi\u00e3o News","description":"Site de Not\u00edcias de Barretos e regi\u00e3o","publisher":{"@id":"https:\/\/regiaonews.net.br\/2022\/#organization"},"potentialAction":[{"@type":"SearchAction","target":{"@type":"EntryPoint","urlTemplate":"https:\/\/regiaonews.net.br\/2022\/?s={search_term_string}"},"query-input":{"@type":"PropertyValueSpecification","valueRequired":true,"valueName":"search_term_string"}}],"inLanguage":"pt-BR"},{"@type":"Organization","@id":"https:\/\/regiaonews.net.br\/2022\/#organization","name":"Regi\u00e3o News","url":"https:\/\/regiaonews.net.br\/2022\/","logo":{"@type":"ImageObject","inLanguage":"pt-BR","@id":"https:\/\/regiaonews.net.br\/2022\/#\/schema\/logo\/image\/","url":"https:\/\/regiaonews.net.br\/2022\/wp-content\/uploads\/2026\/03\/regiao-13-anos-scaled.jpg","contentUrl":"https:\/\/regiaonews.net.br\/2022\/wp-content\/uploads\/2026\/03\/regiao-13-anos-scaled.jpg","width":2560,"height":635,"caption":"Regi\u00e3o News"},"image":{"@id":"https:\/\/regiaonews.net.br\/2022\/#\/schema\/logo\/image\/"}},{"@type":"Person","@id":"https:\/\/regiaonews.net.br\/2022\/#\/schema\/person\/2d205a608a5aa97ac279d7a5e6d89ad8","name":"Roberto","image":{"@type":"ImageObject","inLanguage":"pt-BR","@id":"https:\/\/secure.gravatar.com\/avatar\/42749d8b712ff9d59ca93dc150494e5b55a44134482993f5baeb97e61b7ecc89?s=96&d=mm&r=g","url":"https:\/\/secure.gravatar.com\/avatar\/42749d8b712ff9d59ca93dc150494e5b55a44134482993f5baeb97e61b7ecc89?s=96&d=mm&r=g","contentUrl":"https:\/\/secure.gravatar.com\/avatar\/42749d8b712ff9d59ca93dc150494e5b55a44134482993f5baeb97e61b7ecc89?s=96&d=mm&r=g","caption":"Roberto"},"url":"https:\/\/regiaonews.net.br\/2022\/author\/roberto\/"}]}},"publishpress_future_action":{"enabled":false,"date":"2026-05-03 14:54:23","action":"change-status","newStatus":"draft","terms":[],"taxonomy":"category","extraData":[]},"publishpress_future_workflow_manual_trigger":{"enabledWorkflows":[]},"_links":{"self":[{"href":"https:\/\/regiaonews.net.br\/2022\/wp-json\/wp\/v2\/posts\/52154","targetHints":{"allow":["GET"]}}],"collection":[{"href":"https:\/\/regiaonews.net.br\/2022\/wp-json\/wp\/v2\/posts"}],"about":[{"href":"https:\/\/regiaonews.net.br\/2022\/wp-json\/wp\/v2\/types\/post"}],"author":[{"embeddable":true,"href":"https:\/\/regiaonews.net.br\/2022\/wp-json\/wp\/v2\/users\/2"}],"replies":[{"embeddable":true,"href":"https:\/\/regiaonews.net.br\/2022\/wp-json\/wp\/v2\/comments?post=52154"}],"version-history":[{"count":0,"href":"https:\/\/regiaonews.net.br\/2022\/wp-json\/wp\/v2\/posts\/52154\/revisions"}],"wp:featuredmedia":[{"embeddable":true,"href":"https:\/\/regiaonews.net.br\/2022\/wp-json\/wp\/v2\/media\/52155"}],"wp:attachment":[{"href":"https:\/\/regiaonews.net.br\/2022\/wp-json\/wp\/v2\/media?parent=52154"}],"wp:term":[{"taxonomy":"category","embeddable":true,"href":"https:\/\/regiaonews.net.br\/2022\/wp-json\/wp\/v2\/categories?post=52154"},{"taxonomy":"post_tag","embeddable":true,"href":"https:\/\/regiaonews.net.br\/2022\/wp-json\/wp\/v2\/tags?post=52154"}],"curies":[{"name":"wp","href":"https:\/\/api.w.org\/{rel}","templated":true}]}}