{"id":52137,"date":"2021-08-20T15:37:25","date_gmt":"2021-08-20T18:37:25","guid":{"rendered":"https:\/\/regiaonews.net.br\/2022\/?p=52137"},"modified":"2021-08-20T15:37:25","modified_gmt":"2021-08-20T18:37:25","slug":"villagres-lanca-premio-meu-projeto-villagres","status":"publish","type":"post","link":"https:\/\/regiaonews.net.br\/2022\/2021\/08\/20\/villagres-lanca-premio-meu-projeto-villagres\/","title":{"rendered":"Villagres lan\u00e7a pr\u00eamio \u201cMeu Projeto Villagres\u201d"},"content":{"rendered":"<p><a href=\"https:\/\/regiaonews.net.br\/2022\/wp-content\/uploads\/2021\/08\/Villagres.png\"><img loading=\"lazy\" decoding=\"async\" class=\"alignnone size-medium wp-image-52138\" src=\"https:\/\/regiaonews.net.br\/2022\/wp-content\/uploads\/2021\/08\/Villagres-274x300.png\" alt=\"\" width=\"274\" height=\"300\" \/><\/a><\/p>\n<p class=\"x_MsoNormal\">Est\u00e3o abertas as inscri\u00e7\u00f5es para o pr\u00eamio profissional \u201cMeu Projeto\u00a0<span class=\"markrvyshdtb0\" data-markjs=\"true\" data-ogac=\"\" data-ogab=\"\" data-ogsc=\"\" data-ogsb=\"\">Villagres<\/span>\u201d, destinado aos estudantes de Arquitetura, Designers de Interiores e Engenharia Civil do Estado de S\u00e3o Paulo. As\u00a0inscri\u00e7\u00f5es poder\u00e3o ser realizadas on-line pelo site\u00a0<a href=\"http:\/\/www.meuprojeto.villagres.com.br\/\" target=\"_blank\" rel=\"noopener noreferrer\" data-auth=\"NotApplicable\" data-linkindex=\"2\">www.meuprojeto.<span class=\"markrvyshdtb0\" data-markjs=\"true\" data-ogac=\"\" data-ogab=\"\" data-ogsc=\"\" data-ogsb=\"\">villagres<\/span>.com.br<\/a>\u00a0 at\u00e9 \u00e0s 23h59 do dia 31 de agosto de 2021.<\/p>\n<p class=\"x_MsoNormal\">Poder\u00e3o participar do\u00a0<span class=\"mark5zvc7k4gr\" data-markjs=\"true\" data-ogac=\"\" data-ogab=\"\" data-ogsc=\"\" data-ogsb=\"\">concurso<\/span>\u00a0somente alunos matriculados e que estejam frequentando regularmente as aulas. O comprovante da matr\u00edcula dever\u00e1 ser enviado no ato da inscri\u00e7\u00e3o. Cada aluno poder\u00e1 participar\u00a0<b>com<\/b>\u00a0<b>um projeto apenas<\/b>\u00a0(consulte o regulamento do pr\u00eamio).<\/p>\n<p class=\"x_MsoNormal\">Os projetos poder\u00e3o ser enviados entre os dias 01 de setembro a 01 de outubro\/2021 e a sele\u00e7\u00e3o e julgamento acontecer\u00e3o entre os dias 02\/10 a 01\/11\/2021. Os ganhadores ser\u00e3o anunciados no pr\u00f3prio site da inscri\u00e7\u00e3o a partir das 17h do dia 3\/11\/2021. Os cinco primeiros lugares receber\u00e3o as premia\u00e7\u00f5es em dinheiros atrav\u00e9s do cart\u00e3o \u201cMeu Projeto\u00a0<span class=\"markrvyshdtb0\" data-markjs=\"true\" data-ogac=\"\" data-ogab=\"\" data-ogsc=\"\" data-ogsb=\"\">Villagres<\/span>\u201d<\/p>\n<ul type=\"disc\">\n<li class=\"x_MsoListParagraphCxSpFirst\">1\u00b0 lugar &#8211; R$ 10 mil<\/li>\n<li class=\"x_MsoListParagraphCxSpMiddle\">2\u00b0 lugar \u2013 R$ 5 mil<\/li>\n<li class=\"x_MsoListParagraphCxSpMiddle\">3\u00b0 lugar \u2013 R$ 3 mil<\/li>\n<li class=\"x_MsoListParagraphCxSpMiddle\">4\u00b0 lugar \u2013 R$ 1,8 mil<\/li>\n<li class=\"x_MsoListParagraphCxSpMiddle\">5\u00b0 lugar \u2013 1,2 mil<\/li>\n<\/ul>\n<p class=\"x_MsoListParagraphCxSpMiddle\">A premia\u00e7\u00e3o n\u00e3o ser\u00e1 somente para os estudantes, a faculdade que tiver o maior n\u00famero de inscritos tamb\u00e9m ser\u00e1 bonificada com livros magn\u00edficos do arquiteto M\u00e1rio Biselli (Biselli Katchborian Arquitetos Associados); cole\u00e7\u00e3o com tr\u00eas livros chamada \u201cHarder Better Faster Stronger Collection \u2013 Guilherme Torres Works: um registro de duas d\u00e9cadas de carreira profissional\u201d; obra \u201cFGMF \u2013 1999-2015\u201d volume que traz projetos inusitados dos arquitetos Louren\u00e7o Gimenes, Rodrigo Marcondes Ferraz e Fernando Forte.<\/p>\n<p class=\"x_MsoListParagraphCxSpMiddle\">\n<p class=\"x_MsoListParagraphCxSpMiddle\"><b>\u201cD\u00ea asas \u00e0 sua imagina\u00e7\u00e3o\u201d<\/b>\u00a0&#8211;\u00a0O estudante ter\u00e1 a liberdade de desenvolver projetos inusitados e arrojados, destacando t\u00e9cnicas construtivas, contemporaneidade, inova\u00e7\u00e3o, singularidade e leveza. Ter\u00e3o destaques projetos que apresentarem acuidade com ilumina\u00e7\u00e3o, sombreamentos e reflexos, al\u00e9m de serem pass\u00edveis de execu\u00e7\u00e3o. Os trabalhos ser\u00e3o avaliados e premiados por arquitetos renomados como:\u00a0<b>M\u00e1rio Biselli (Biselli Katchborian Arquitetos Associados); escrit\u00f3rio FGMF Arquitetos; Paulo S\u00e9rgio Niemeyer (Niemeyer Arquitetos Associados).<\/b><\/p>\n<p class=\"x_MsoListParagraphCxSpLast\"><b>\u00a0<\/b><\/p>\n<p class=\"x_xmsonormal\"><b>Sobre a\u00a0<span class=\"markrvyshdtb0\" data-markjs=\"true\" data-ogac=\"\" data-ogab=\"\" data-ogsc=\"\" data-ogsb=\"\">Villagres<\/span>\u00a0&#8211;<\/b>\u00a0Com quase 90 anos de hist\u00f3ria, a\u00a0<span class=\"markrvyshdtb0\" data-markjs=\"true\" data-ogac=\"\" data-ogab=\"\" data-ogsc=\"\" data-ogsb=\"\">Villagres<\/span>\u00a0\u00e9 considerada uma grife quando o assunto \u00e9 cer\u00e2mica. S\u00e3o produtos de alta qualidade e com alto investimento em equipamentos de \u00faltima gera\u00e7\u00e3o. Localizada em Santa Gertrudes (SP), todos os processos de fabrica\u00e7\u00e3o s\u00e3o automatizados. Atualmente conta com aproximadamente 180 linhas que atendem todas as exig\u00eancias do mercado com requinte, nacional e internacional.<\/p>\n<p class=\"x_xmsonormal\">\n","protected":false},"excerpt":{"rendered":"<p>Est\u00e3o abertas as inscri\u00e7\u00f5es para o pr\u00eamio profissional \u201cMeu Projeto\u00a0Villagres\u201d,<\/p>\n","protected":false},"author":2,"featured_media":52138,"comment_status":"open","ping_status":"open","sticky":false,"template":"","format":"standard","meta":{"footnotes":""},"categories":[56,29],"tags":[],"class_list":["post-52137","post","type-post","status-publish","format-standard","has-post-thumbnail","hentry","category-concursos","category-sao-paulo"],"yoast_head":"<!-- This site is optimized with the Yoast SEO plugin v27.4 - https:\/\/yoast.com\/product\/yoast-seo-wordpress\/ -->\n<title>Villagres lan\u00e7a pr\u00eamio \u201cMeu Projeto Villagres\u201d - Regi\u00e3o News<\/title>\n<meta name=\"robots\" content=\"index, follow, max-snippet:-1, max-image-preview:large, max-video-preview:-1\" \/>\n<link rel=\"canonical\" href=\"https:\/\/regiaonews.net.br\/2022\/2021\/08\/20\/villagres-lanca-premio-meu-projeto-villagres\/\" \/>\n<meta property=\"og:locale\" content=\"pt_BR\" \/>\n<meta property=\"og:type\" content=\"article\" \/>\n<meta property=\"og:title\" content=\"Villagres lan\u00e7a pr\u00eamio \u201cMeu Projeto Villagres\u201d - Regi\u00e3o News\" \/>\n<meta property=\"og:description\" content=\"Est\u00e3o abertas as inscri\u00e7\u00f5es para o pr\u00eamio profissional \u201cMeu Projeto\u00a0Villagres\u201d,\" \/>\n<meta property=\"og:url\" content=\"https:\/\/regiaonews.net.br\/2022\/2021\/08\/20\/villagres-lanca-premio-meu-projeto-villagres\/\" \/>\n<meta property=\"og:site_name\" content=\"Regi\u00e3o News\" \/>\n<meta property=\"article:published_time\" content=\"2021-08-20T18:37:25+00:00\" \/>\n<meta property=\"og:image\" content=\"https:\/\/regiaonews.net.br\/2022\/wp-content\/uploads\/2021\/08\/Villagres.png\" \/>\n\t<meta property=\"og:image:width\" content=\"567\" \/>\n\t<meta property=\"og:image:height\" content=\"621\" \/>\n\t<meta property=\"og:image:type\" content=\"image\/png\" \/>\n<meta name=\"author\" content=\"Roberto\" \/>\n<meta name=\"twitter:card\" content=\"summary_large_image\" \/>\n<meta name=\"twitter:label1\" content=\"Escrito por\" \/>\n\t<meta name=\"twitter:data1\" content=\"Roberto\" \/>\n\t<meta name=\"twitter:label2\" content=\"Est. tempo de leitura\" \/>\n\t<meta name=\"twitter:data2\" content=\"2 minutos\" \/>\n<script type=\"application\/ld+json\" class=\"yoast-schema-graph\">{\"@context\":\"https:\\\/\\\/schema.org\",\"@graph\":[{\"@type\":\"Article\",\"@id\":\"https:\\\/\\\/regiaonews.net.br\\\/2022\\\/2021\\\/08\\\/20\\\/villagres-lanca-premio-meu-projeto-villagres\\\/#article\",\"isPartOf\":{\"@id\":\"https:\\\/\\\/regiaonews.net.br\\\/2022\\\/2021\\\/08\\\/20\\\/villagres-lanca-premio-meu-projeto-villagres\\\/\"},\"author\":{\"name\":\"Roberto\",\"@id\":\"https:\\\/\\\/regiaonews.net.br\\\/2022\\\/#\\\/schema\\\/person\\\/2d205a608a5aa97ac279d7a5e6d89ad8\"},\"headline\":\"Villagres lan\u00e7a pr\u00eamio \u201cMeu Projeto Villagres\u201d\",\"datePublished\":\"2021-08-20T18:37:25+00:00\",\"mainEntityOfPage\":{\"@id\":\"https:\\\/\\\/regiaonews.net.br\\\/2022\\\/2021\\\/08\\\/20\\\/villagres-lanca-premio-meu-projeto-villagres\\\/\"},\"wordCount\":408,\"commentCount\":0,\"publisher\":{\"@id\":\"https:\\\/\\\/regiaonews.net.br\\\/2022\\\/#organization\"},\"image\":{\"@id\":\"https:\\\/\\\/regiaonews.net.br\\\/2022\\\/2021\\\/08\\\/20\\\/villagres-lanca-premio-meu-projeto-villagres\\\/#primaryimage\"},\"thumbnailUrl\":\"https:\\\/\\\/regiaonews.net.br\\\/2022\\\/wp-content\\\/uploads\\\/2021\\\/08\\\/Villagres.png\",\"articleSection\":[\"Concursos\",\"S\u00e3o Paulo\"],\"inLanguage\":\"pt-BR\",\"potentialAction\":[{\"@type\":\"CommentAction\",\"name\":\"Comment\",\"target\":[\"https:\\\/\\\/regiaonews.net.br\\\/2022\\\/2021\\\/08\\\/20\\\/villagres-lanca-premio-meu-projeto-villagres\\\/#respond\"]}]},{\"@type\":\"WebPage\",\"@id\":\"https:\\\/\\\/regiaonews.net.br\\\/2022\\\/2021\\\/08\\\/20\\\/villagres-lanca-premio-meu-projeto-villagres\\\/\",\"url\":\"https:\\\/\\\/regiaonews.net.br\\\/2022\\\/2021\\\/08\\\/20\\\/villagres-lanca-premio-meu-projeto-villagres\\\/\",\"name\":\"Villagres lan\u00e7a pr\u00eamio \u201cMeu Projeto Villagres\u201d - Regi\u00e3o News\",\"isPartOf\":{\"@id\":\"https:\\\/\\\/regiaonews.net.br\\\/2022\\\/#website\"},\"primaryImageOfPage\":{\"@id\":\"https:\\\/\\\/regiaonews.net.br\\\/2022\\\/2021\\\/08\\\/20\\\/villagres-lanca-premio-meu-projeto-villagres\\\/#primaryimage\"},\"image\":{\"@id\":\"https:\\\/\\\/regiaonews.net.br\\\/2022\\\/2021\\\/08\\\/20\\\/villagres-lanca-premio-meu-projeto-villagres\\\/#primaryimage\"},\"thumbnailUrl\":\"https:\\\/\\\/regiaonews.net.br\\\/2022\\\/wp-content\\\/uploads\\\/2021\\\/08\\\/Villagres.png\",\"datePublished\":\"2021-08-20T18:37:25+00:00\",\"breadcrumb\":{\"@id\":\"https:\\\/\\\/regiaonews.net.br\\\/2022\\\/2021\\\/08\\\/20\\\/villagres-lanca-premio-meu-projeto-villagres\\\/#breadcrumb\"},\"inLanguage\":\"pt-BR\",\"potentialAction\":[{\"@type\":\"ReadAction\",\"target\":[\"https:\\\/\\\/regiaonews.net.br\\\/2022\\\/2021\\\/08\\\/20\\\/villagres-lanca-premio-meu-projeto-villagres\\\/\"]}]},{\"@type\":\"ImageObject\",\"inLanguage\":\"pt-BR\",\"@id\":\"https:\\\/\\\/regiaonews.net.br\\\/2022\\\/2021\\\/08\\\/20\\\/villagres-lanca-premio-meu-projeto-villagres\\\/#primaryimage\",\"url\":\"https:\\\/\\\/regiaonews.net.br\\\/2022\\\/wp-content\\\/uploads\\\/2021\\\/08\\\/Villagres.png\",\"contentUrl\":\"https:\\\/\\\/regiaonews.net.br\\\/2022\\\/wp-content\\\/uploads\\\/2021\\\/08\\\/Villagres.png\",\"width\":567,\"height\":621},{\"@type\":\"BreadcrumbList\",\"@id\":\"https:\\\/\\\/regiaonews.net.br\\\/2022\\\/2021\\\/08\\\/20\\\/villagres-lanca-premio-meu-projeto-villagres\\\/#breadcrumb\",\"itemListElement\":[{\"@type\":\"ListItem\",\"position\":1,\"name\":\"In\u00edcio\",\"item\":\"https:\\\/\\\/regiaonews.net.br\\\/2022\\\/\"},{\"@type\":\"ListItem\",\"position\":2,\"name\":\"Villagres lan\u00e7a pr\u00eamio \u201cMeu Projeto Villagres\u201d\"}]},{\"@type\":\"WebSite\",\"@id\":\"https:\\\/\\\/regiaonews.net.br\\\/2022\\\/#website\",\"url\":\"https:\\\/\\\/regiaonews.net.br\\\/2022\\\/\",\"name\":\"Regi\u00e3o News\",\"description\":\"Site de Not\u00edcias de Barretos e regi\u00e3o\",\"publisher\":{\"@id\":\"https:\\\/\\\/regiaonews.net.br\\\/2022\\\/#organization\"},\"potentialAction\":[{\"@type\":\"SearchAction\",\"target\":{\"@type\":\"EntryPoint\",\"urlTemplate\":\"https:\\\/\\\/regiaonews.net.br\\\/2022\\\/?s={search_term_string}\"},\"query-input\":{\"@type\":\"PropertyValueSpecification\",\"valueRequired\":true,\"valueName\":\"search_term_string\"}}],\"inLanguage\":\"pt-BR\"},{\"@type\":\"Organization\",\"@id\":\"https:\\\/\\\/regiaonews.net.br\\\/2022\\\/#organization\",\"name\":\"Regi\u00e3o News\",\"url\":\"https:\\\/\\\/regiaonews.net.br\\\/2022\\\/\",\"logo\":{\"@type\":\"ImageObject\",\"inLanguage\":\"pt-BR\",\"@id\":\"https:\\\/\\\/regiaonews.net.br\\\/2022\\\/#\\\/schema\\\/logo\\\/image\\\/\",\"url\":\"https:\\\/\\\/regiaonews.net.br\\\/2022\\\/wp-content\\\/uploads\\\/2026\\\/03\\\/regiao-13-anos-scaled.jpg\",\"contentUrl\":\"https:\\\/\\\/regiaonews.net.br\\\/2022\\\/wp-content\\\/uploads\\\/2026\\\/03\\\/regiao-13-anos-scaled.jpg\",\"width\":2560,\"height\":635,\"caption\":\"Regi\u00e3o News\"},\"image\":{\"@id\":\"https:\\\/\\\/regiaonews.net.br\\\/2022\\\/#\\\/schema\\\/logo\\\/image\\\/\"}},{\"@type\":\"Person\",\"@id\":\"https:\\\/\\\/regiaonews.net.br\\\/2022\\\/#\\\/schema\\\/person\\\/2d205a608a5aa97ac279d7a5e6d89ad8\",\"name\":\"Roberto\",\"image\":{\"@type\":\"ImageObject\",\"inLanguage\":\"pt-BR\",\"@id\":\"https:\\\/\\\/secure.gravatar.com\\\/avatar\\\/42749d8b712ff9d59ca93dc150494e5b55a44134482993f5baeb97e61b7ecc89?s=96&d=mm&r=g\",\"url\":\"https:\\\/\\\/secure.gravatar.com\\\/avatar\\\/42749d8b712ff9d59ca93dc150494e5b55a44134482993f5baeb97e61b7ecc89?s=96&d=mm&r=g\",\"contentUrl\":\"https:\\\/\\\/secure.gravatar.com\\\/avatar\\\/42749d8b712ff9d59ca93dc150494e5b55a44134482993f5baeb97e61b7ecc89?s=96&d=mm&r=g\",\"caption\":\"Roberto\"},\"url\":\"https:\\\/\\\/regiaonews.net.br\\\/2022\\\/author\\\/roberto\\\/\"}]}<\/script>\n<!-- \/ Yoast SEO plugin. -->","yoast_head_json":{"title":"Villagres lan\u00e7a pr\u00eamio \u201cMeu Projeto Villagres\u201d - Regi\u00e3o News","robots":{"index":"index","follow":"follow","max-snippet":"max-snippet:-1","max-image-preview":"max-image-preview:large","max-video-preview":"max-video-preview:-1"},"canonical":"https:\/\/regiaonews.net.br\/2022\/2021\/08\/20\/villagres-lanca-premio-meu-projeto-villagres\/","og_locale":"pt_BR","og_type":"article","og_title":"Villagres lan\u00e7a pr\u00eamio \u201cMeu Projeto Villagres\u201d - Regi\u00e3o News","og_description":"Est\u00e3o abertas as inscri\u00e7\u00f5es para o pr\u00eamio profissional \u201cMeu Projeto\u00a0Villagres\u201d,","og_url":"https:\/\/regiaonews.net.br\/2022\/2021\/08\/20\/villagres-lanca-premio-meu-projeto-villagres\/","og_site_name":"Regi\u00e3o News","article_published_time":"2021-08-20T18:37:25+00:00","og_image":[{"width":567,"height":621,"url":"https:\/\/regiaonews.net.br\/2022\/wp-content\/uploads\/2021\/08\/Villagres.png","type":"image\/png"}],"author":"Roberto","twitter_card":"summary_large_image","twitter_misc":{"Escrito por":"Roberto","Est. tempo de leitura":"2 minutos"},"schema":{"@context":"https:\/\/schema.org","@graph":[{"@type":"Article","@id":"https:\/\/regiaonews.net.br\/2022\/2021\/08\/20\/villagres-lanca-premio-meu-projeto-villagres\/#article","isPartOf":{"@id":"https:\/\/regiaonews.net.br\/2022\/2021\/08\/20\/villagres-lanca-premio-meu-projeto-villagres\/"},"author":{"name":"Roberto","@id":"https:\/\/regiaonews.net.br\/2022\/#\/schema\/person\/2d205a608a5aa97ac279d7a5e6d89ad8"},"headline":"Villagres lan\u00e7a pr\u00eamio \u201cMeu Projeto Villagres\u201d","datePublished":"2021-08-20T18:37:25+00:00","mainEntityOfPage":{"@id":"https:\/\/regiaonews.net.br\/2022\/2021\/08\/20\/villagres-lanca-premio-meu-projeto-villagres\/"},"wordCount":408,"commentCount":0,"publisher":{"@id":"https:\/\/regiaonews.net.br\/2022\/#organization"},"image":{"@id":"https:\/\/regiaonews.net.br\/2022\/2021\/08\/20\/villagres-lanca-premio-meu-projeto-villagres\/#primaryimage"},"thumbnailUrl":"https:\/\/regiaonews.net.br\/2022\/wp-content\/uploads\/2021\/08\/Villagres.png","articleSection":["Concursos","S\u00e3o Paulo"],"inLanguage":"pt-BR","potentialAction":[{"@type":"CommentAction","name":"Comment","target":["https:\/\/regiaonews.net.br\/2022\/2021\/08\/20\/villagres-lanca-premio-meu-projeto-villagres\/#respond"]}]},{"@type":"WebPage","@id":"https:\/\/regiaonews.net.br\/2022\/2021\/08\/20\/villagres-lanca-premio-meu-projeto-villagres\/","url":"https:\/\/regiaonews.net.br\/2022\/2021\/08\/20\/villagres-lanca-premio-meu-projeto-villagres\/","name":"Villagres lan\u00e7a pr\u00eamio \u201cMeu Projeto Villagres\u201d - Regi\u00e3o News","isPartOf":{"@id":"https:\/\/regiaonews.net.br\/2022\/#website"},"primaryImageOfPage":{"@id":"https:\/\/regiaonews.net.br\/2022\/2021\/08\/20\/villagres-lanca-premio-meu-projeto-villagres\/#primaryimage"},"image":{"@id":"https:\/\/regiaonews.net.br\/2022\/2021\/08\/20\/villagres-lanca-premio-meu-projeto-villagres\/#primaryimage"},"thumbnailUrl":"https:\/\/regiaonews.net.br\/2022\/wp-content\/uploads\/2021\/08\/Villagres.png","datePublished":"2021-08-20T18:37:25+00:00","breadcrumb":{"@id":"https:\/\/regiaonews.net.br\/2022\/2021\/08\/20\/villagres-lanca-premio-meu-projeto-villagres\/#breadcrumb"},"inLanguage":"pt-BR","potentialAction":[{"@type":"ReadAction","target":["https:\/\/regiaonews.net.br\/2022\/2021\/08\/20\/villagres-lanca-premio-meu-projeto-villagres\/"]}]},{"@type":"ImageObject","inLanguage":"pt-BR","@id":"https:\/\/regiaonews.net.br\/2022\/2021\/08\/20\/villagres-lanca-premio-meu-projeto-villagres\/#primaryimage","url":"https:\/\/regiaonews.net.br\/2022\/wp-content\/uploads\/2021\/08\/Villagres.png","contentUrl":"https:\/\/regiaonews.net.br\/2022\/wp-content\/uploads\/2021\/08\/Villagres.png","width":567,"height":621},{"@type":"BreadcrumbList","@id":"https:\/\/regiaonews.net.br\/2022\/2021\/08\/20\/villagres-lanca-premio-meu-projeto-villagres\/#breadcrumb","itemListElement":[{"@type":"ListItem","position":1,"name":"In\u00edcio","item":"https:\/\/regiaonews.net.br\/2022\/"},{"@type":"ListItem","position":2,"name":"Villagres lan\u00e7a pr\u00eamio \u201cMeu Projeto Villagres\u201d"}]},{"@type":"WebSite","@id":"https:\/\/regiaonews.net.br\/2022\/#website","url":"https:\/\/regiaonews.net.br\/2022\/","name":"Regi\u00e3o News","description":"Site de Not\u00edcias de Barretos e regi\u00e3o","publisher":{"@id":"https:\/\/regiaonews.net.br\/2022\/#organization"},"potentialAction":[{"@type":"SearchAction","target":{"@type":"EntryPoint","urlTemplate":"https:\/\/regiaonews.net.br\/2022\/?s={search_term_string}"},"query-input":{"@type":"PropertyValueSpecification","valueRequired":true,"valueName":"search_term_string"}}],"inLanguage":"pt-BR"},{"@type":"Organization","@id":"https:\/\/regiaonews.net.br\/2022\/#organization","name":"Regi\u00e3o News","url":"https:\/\/regiaonews.net.br\/2022\/","logo":{"@type":"ImageObject","inLanguage":"pt-BR","@id":"https:\/\/regiaonews.net.br\/2022\/#\/schema\/logo\/image\/","url":"https:\/\/regiaonews.net.br\/2022\/wp-content\/uploads\/2026\/03\/regiao-13-anos-scaled.jpg","contentUrl":"https:\/\/regiaonews.net.br\/2022\/wp-content\/uploads\/2026\/03\/regiao-13-anos-scaled.jpg","width":2560,"height":635,"caption":"Regi\u00e3o News"},"image":{"@id":"https:\/\/regiaonews.net.br\/2022\/#\/schema\/logo\/image\/"}},{"@type":"Person","@id":"https:\/\/regiaonews.net.br\/2022\/#\/schema\/person\/2d205a608a5aa97ac279d7a5e6d89ad8","name":"Roberto","image":{"@type":"ImageObject","inLanguage":"pt-BR","@id":"https:\/\/secure.gravatar.com\/avatar\/42749d8b712ff9d59ca93dc150494e5b55a44134482993f5baeb97e61b7ecc89?s=96&d=mm&r=g","url":"https:\/\/secure.gravatar.com\/avatar\/42749d8b712ff9d59ca93dc150494e5b55a44134482993f5baeb97e61b7ecc89?s=96&d=mm&r=g","contentUrl":"https:\/\/secure.gravatar.com\/avatar\/42749d8b712ff9d59ca93dc150494e5b55a44134482993f5baeb97e61b7ecc89?s=96&d=mm&r=g","caption":"Roberto"},"url":"https:\/\/regiaonews.net.br\/2022\/author\/roberto\/"}]}},"publishpress_future_action":{"enabled":false,"date":"2026-05-03 08:38:15","action":"change-status","newStatus":"draft","terms":[],"taxonomy":"category","extraData":[]},"publishpress_future_workflow_manual_trigger":{"enabledWorkflows":[]},"_links":{"self":[{"href":"https:\/\/regiaonews.net.br\/2022\/wp-json\/wp\/v2\/posts\/52137","targetHints":{"allow":["GET"]}}],"collection":[{"href":"https:\/\/regiaonews.net.br\/2022\/wp-json\/wp\/v2\/posts"}],"about":[{"href":"https:\/\/regiaonews.net.br\/2022\/wp-json\/wp\/v2\/types\/post"}],"author":[{"embeddable":true,"href":"https:\/\/regiaonews.net.br\/2022\/wp-json\/wp\/v2\/users\/2"}],"replies":[{"embeddable":true,"href":"https:\/\/regiaonews.net.br\/2022\/wp-json\/wp\/v2\/comments?post=52137"}],"version-history":[{"count":0,"href":"https:\/\/regiaonews.net.br\/2022\/wp-json\/wp\/v2\/posts\/52137\/revisions"}],"wp:featuredmedia":[{"embeddable":true,"href":"https:\/\/regiaonews.net.br\/2022\/wp-json\/wp\/v2\/media\/52138"}],"wp:attachment":[{"href":"https:\/\/regiaonews.net.br\/2022\/wp-json\/wp\/v2\/media?parent=52137"}],"wp:term":[{"taxonomy":"category","embeddable":true,"href":"https:\/\/regiaonews.net.br\/2022\/wp-json\/wp\/v2\/categories?post=52137"},{"taxonomy":"post_tag","embeddable":true,"href":"https:\/\/regiaonews.net.br\/2022\/wp-json\/wp\/v2\/tags?post=52137"}],"curies":[{"name":"wp","href":"https:\/\/api.w.org\/{rel}","templated":true}]}}