{"id":52135,"date":"2021-08-20T10:10:42","date_gmt":"2021-08-20T13:10:42","guid":{"rendered":"https:\/\/regiaonews.net.br\/2022\/?p=52135"},"modified":"2021-08-20T10:10:42","modified_gmt":"2021-08-20T13:10:42","slug":"roteiro-turistico-do-peao-de-boiadeiro-e-aprovado-pela-assembleia-legislativa","status":"publish","type":"post","link":"https:\/\/regiaonews.net.br\/2022\/2021\/08\/20\/roteiro-turistico-do-peao-de-boiadeiro-e-aprovado-pela-assembleia-legislativa\/","title":{"rendered":"Roteiro Tur\u00edstico do Pe\u00e3o de Boiadeiro \u00e9 aprovado pela Assembleia Legislativa"},"content":{"rendered":"<p><a href=\"https:\/\/regiaonews.net.br\/2022\/wp-content\/uploads\/2021\/08\/IMG-20210820-WA0194.jpg\"><img loading=\"lazy\" decoding=\"async\" class=\"alignnone size-medium wp-image-52134\" src=\"https:\/\/regiaonews.net.br\/2022\/wp-content\/uploads\/2021\/08\/IMG-20210820-WA0194-300x200.jpg\" alt=\"\" width=\"300\" height=\"200\" \/><\/a><\/p>\n<p>&nbsp;<\/p>\n<p>De autoria do deputado Sebasti\u00e3o Santos o projeto inclui as cidades de Barretos, Bebedouro, Colina, Monte Azul Paulista e Viradouro<\/p>\n<p>Aprovado por unanimidade pelos deputados estaduais a PLC 1.352\/2015, de autoria do deputado estadual Sebasti\u00e3o Santos (Republicanos), que cria o roteiro tur\u00edstico do Pe\u00e3o de Boiadeiro integrado pelos munic\u00edpios de Barretos, Bebedouro, Colina, Monte Azul Paulista e Viradouro.<\/p>\n<p>Principal objetivo do projeto de lei \u00e9 promover o turismo regional mostrando como era antigamente a rota boiadeira para o turismo no geral. \u201cA cria\u00e7\u00e3o do Roteiro Tur\u00edstico do Pe\u00e3o de Boiadeiro certamente fomentar\u00e1 o desenvolvimento tur\u00edstico regional, atrav\u00e9s da coopera\u00e7\u00e3o entre os munic\u00edpios que o comp\u00f5e, incentivando assim, os pequenos, m\u00e9dios e grandes empres\u00e1rios, bem como a participa\u00e7\u00e3o de associa\u00e7\u00f5es e dos cidad\u00e3os na promo\u00e7\u00e3o do turismo que gerar\u00e1 renda e inclus\u00e3o social\u201d, disse Sebasti\u00e3o Santos, em sua justificativa no PLC.<\/p>\n<p>A vis\u00e3o geral do projeto traz a promo\u00e7\u00e3o de desenvolver a cultura caipira, proporcionando aos turistas uma rota hist\u00f3rica, cheia de tradi\u00e7\u00f5es com comidas t\u00edpicas, dan\u00e7as, m\u00fasicas sertanejas, festividades, cavalgadas e apetrechos do interior caipira. Os munic\u00edpios de Bebedouro, Colina, Monte Azul Paulista, Viradouro, poder\u00e3o explorar o tur\u00edstico com parceria da cidade de Barretos &#8211; conhecido pela famosa festa do pe\u00e3o. \u201cN\u00f3s n\u00e3o podemos perder um produto que \u00e9 comercializado em muitos pa\u00edses e que n\u00f3s temos aqui e n\u00e3o \u00e9 divulgado&#8221;, disse Santos.<\/p>\n<p>Entre os setores envolvidos nessa iniciativa est\u00e3o o hotelaria, restaurantes, docerias, selarias, lojas de souvenirs, artesanatos, entidades e associa\u00e7\u00f5es, que, de acordo com o deputado Sebasti\u00e3o, far\u00e3o com que \u201ctoda a popula\u00e7\u00e3o se envolva e haja uma cria\u00e7\u00e3o de renda e emprego pra essas pessoas\u201d, ressaltou o deputado.<\/p>\n<p>O parlamentar finaliza dizendo sobre o empenho do projeto, que desde 2015, vem buscando sua aprova\u00e7\u00e3o com \u00eaxito. \u201cA nossa bandeira por Barretos \u00e9 bem antiga e promissora, buscamos e conseguimos o selo de munic\u00edpio de interesse tur\u00edstico, agora a rota boiadeira, e muito em breve transformar a cidade em aglomerado, proporcionando o aumento e visibilidade em todo o Estado de S\u00e3o Paulo. O que depender de mim, Barretos sempre estar\u00e1 \u00e0 frente nos projetos e a\u00e7\u00f5es na gera\u00e7\u00e3o de emprego, renda e turismo\u201d, destacou Sebast\u00e3o Santos.<\/p>\n<p>O projeto segue agora para san\u00e7\u00e3o do Governo Estadual, ap\u00f3s a publica\u00e7\u00e3o no Di\u00e1rio Oficial do Estado de S\u00e3o Paulo.<\/p>\n<p>Texto: Abrah\u00e3o Hackme \/ Assessor de Imprensa \u2013 Deputado Estadual Sebasti\u00e3o Santos (Republicanos)<\/p>\n","protected":false},"excerpt":{"rendered":"<p>&nbsp; De autoria do deputado Sebasti\u00e3o Santos o projeto inclui<\/p>\n","protected":false},"author":2,"featured_media":52134,"comment_status":"open","ping_status":"open","sticky":false,"template":"","format":"standard","meta":{"footnotes":""},"categories":[22,30,29],"tags":[],"class_list":["post-52135","post","type-post","status-publish","format-standard","has-post-thumbnail","hentry","category-politica","category-regiao","category-sao-paulo"],"yoast_head":"<!-- This site is optimized with the Yoast SEO plugin v27.4 - https:\/\/yoast.com\/product\/yoast-seo-wordpress\/ -->\n<title>Roteiro Tur\u00edstico do Pe\u00e3o de Boiadeiro \u00e9 aprovado pela Assembleia Legislativa - Regi\u00e3o News<\/title>\n<meta name=\"robots\" content=\"index, follow, max-snippet:-1, max-image-preview:large, max-video-preview:-1\" \/>\n<link rel=\"canonical\" href=\"https:\/\/regiaonews.net.br\/2022\/2021\/08\/20\/roteiro-turistico-do-peao-de-boiadeiro-e-aprovado-pela-assembleia-legislativa\/\" \/>\n<meta property=\"og:locale\" content=\"pt_BR\" \/>\n<meta property=\"og:type\" content=\"article\" \/>\n<meta property=\"og:title\" content=\"Roteiro Tur\u00edstico do Pe\u00e3o de Boiadeiro \u00e9 aprovado pela Assembleia Legislativa - Regi\u00e3o News\" \/>\n<meta property=\"og:description\" content=\"&nbsp; De autoria do deputado Sebasti\u00e3o Santos o projeto inclui\" \/>\n<meta property=\"og:url\" content=\"https:\/\/regiaonews.net.br\/2022\/2021\/08\/20\/roteiro-turistico-do-peao-de-boiadeiro-e-aprovado-pela-assembleia-legislativa\/\" \/>\n<meta property=\"og:site_name\" content=\"Regi\u00e3o News\" \/>\n<meta property=\"article:published_time\" content=\"2021-08-20T13:10:42+00:00\" \/>\n<meta property=\"og:image\" content=\"https:\/\/regiaonews.net.br\/2022\/wp-content\/uploads\/2021\/08\/IMG-20210820-WA0194.jpg\" \/>\n\t<meta property=\"og:image:width\" content=\"1280\" \/>\n\t<meta property=\"og:image:height\" content=\"853\" \/>\n\t<meta property=\"og:image:type\" content=\"image\/jpeg\" \/>\n<meta name=\"author\" content=\"Roberto\" \/>\n<meta name=\"twitter:card\" content=\"summary_large_image\" \/>\n<meta name=\"twitter:label1\" content=\"Escrito por\" \/>\n\t<meta name=\"twitter:data1\" content=\"Roberto\" \/>\n\t<meta name=\"twitter:label2\" content=\"Est. tempo de leitura\" \/>\n\t<meta name=\"twitter:data2\" content=\"2 minutos\" \/>\n<script type=\"application\/ld+json\" class=\"yoast-schema-graph\">{\"@context\":\"https:\\\/\\\/schema.org\",\"@graph\":[{\"@type\":\"Article\",\"@id\":\"https:\\\/\\\/regiaonews.net.br\\\/2022\\\/2021\\\/08\\\/20\\\/roteiro-turistico-do-peao-de-boiadeiro-e-aprovado-pela-assembleia-legislativa\\\/#article\",\"isPartOf\":{\"@id\":\"https:\\\/\\\/regiaonews.net.br\\\/2022\\\/2021\\\/08\\\/20\\\/roteiro-turistico-do-peao-de-boiadeiro-e-aprovado-pela-assembleia-legislativa\\\/\"},\"author\":{\"name\":\"Roberto\",\"@id\":\"https:\\\/\\\/regiaonews.net.br\\\/2022\\\/#\\\/schema\\\/person\\\/2d205a608a5aa97ac279d7a5e6d89ad8\"},\"headline\":\"Roteiro Tur\u00edstico do Pe\u00e3o de Boiadeiro \u00e9 aprovado pela Assembleia Legislativa\",\"datePublished\":\"2021-08-20T13:10:42+00:00\",\"mainEntityOfPage\":{\"@id\":\"https:\\\/\\\/regiaonews.net.br\\\/2022\\\/2021\\\/08\\\/20\\\/roteiro-turistico-do-peao-de-boiadeiro-e-aprovado-pela-assembleia-legislativa\\\/\"},\"wordCount\":453,\"commentCount\":0,\"publisher\":{\"@id\":\"https:\\\/\\\/regiaonews.net.br\\\/2022\\\/#organization\"},\"image\":{\"@id\":\"https:\\\/\\\/regiaonews.net.br\\\/2022\\\/2021\\\/08\\\/20\\\/roteiro-turistico-do-peao-de-boiadeiro-e-aprovado-pela-assembleia-legislativa\\\/#primaryimage\"},\"thumbnailUrl\":\"https:\\\/\\\/regiaonews.net.br\\\/2022\\\/wp-content\\\/uploads\\\/2021\\\/08\\\/IMG-20210820-WA0194.jpg\",\"articleSection\":[\"Pol\u00edtica\",\"Regi\u00e3o\",\"S\u00e3o Paulo\"],\"inLanguage\":\"pt-BR\",\"potentialAction\":[{\"@type\":\"CommentAction\",\"name\":\"Comment\",\"target\":[\"https:\\\/\\\/regiaonews.net.br\\\/2022\\\/2021\\\/08\\\/20\\\/roteiro-turistico-do-peao-de-boiadeiro-e-aprovado-pela-assembleia-legislativa\\\/#respond\"]}]},{\"@type\":\"WebPage\",\"@id\":\"https:\\\/\\\/regiaonews.net.br\\\/2022\\\/2021\\\/08\\\/20\\\/roteiro-turistico-do-peao-de-boiadeiro-e-aprovado-pela-assembleia-legislativa\\\/\",\"url\":\"https:\\\/\\\/regiaonews.net.br\\\/2022\\\/2021\\\/08\\\/20\\\/roteiro-turistico-do-peao-de-boiadeiro-e-aprovado-pela-assembleia-legislativa\\\/\",\"name\":\"Roteiro Tur\u00edstico do Pe\u00e3o de Boiadeiro \u00e9 aprovado pela Assembleia Legislativa - Regi\u00e3o News\",\"isPartOf\":{\"@id\":\"https:\\\/\\\/regiaonews.net.br\\\/2022\\\/#website\"},\"primaryImageOfPage\":{\"@id\":\"https:\\\/\\\/regiaonews.net.br\\\/2022\\\/2021\\\/08\\\/20\\\/roteiro-turistico-do-peao-de-boiadeiro-e-aprovado-pela-assembleia-legislativa\\\/#primaryimage\"},\"image\":{\"@id\":\"https:\\\/\\\/regiaonews.net.br\\\/2022\\\/2021\\\/08\\\/20\\\/roteiro-turistico-do-peao-de-boiadeiro-e-aprovado-pela-assembleia-legislativa\\\/#primaryimage\"},\"thumbnailUrl\":\"https:\\\/\\\/regiaonews.net.br\\\/2022\\\/wp-content\\\/uploads\\\/2021\\\/08\\\/IMG-20210820-WA0194.jpg\",\"datePublished\":\"2021-08-20T13:10:42+00:00\",\"breadcrumb\":{\"@id\":\"https:\\\/\\\/regiaonews.net.br\\\/2022\\\/2021\\\/08\\\/20\\\/roteiro-turistico-do-peao-de-boiadeiro-e-aprovado-pela-assembleia-legislativa\\\/#breadcrumb\"},\"inLanguage\":\"pt-BR\",\"potentialAction\":[{\"@type\":\"ReadAction\",\"target\":[\"https:\\\/\\\/regiaonews.net.br\\\/2022\\\/2021\\\/08\\\/20\\\/roteiro-turistico-do-peao-de-boiadeiro-e-aprovado-pela-assembleia-legislativa\\\/\"]}]},{\"@type\":\"ImageObject\",\"inLanguage\":\"pt-BR\",\"@id\":\"https:\\\/\\\/regiaonews.net.br\\\/2022\\\/2021\\\/08\\\/20\\\/roteiro-turistico-do-peao-de-boiadeiro-e-aprovado-pela-assembleia-legislativa\\\/#primaryimage\",\"url\":\"https:\\\/\\\/regiaonews.net.br\\\/2022\\\/wp-content\\\/uploads\\\/2021\\\/08\\\/IMG-20210820-WA0194.jpg\",\"contentUrl\":\"https:\\\/\\\/regiaonews.net.br\\\/2022\\\/wp-content\\\/uploads\\\/2021\\\/08\\\/IMG-20210820-WA0194.jpg\",\"width\":1280,\"height\":853},{\"@type\":\"BreadcrumbList\",\"@id\":\"https:\\\/\\\/regiaonews.net.br\\\/2022\\\/2021\\\/08\\\/20\\\/roteiro-turistico-do-peao-de-boiadeiro-e-aprovado-pela-assembleia-legislativa\\\/#breadcrumb\",\"itemListElement\":[{\"@type\":\"ListItem\",\"position\":1,\"name\":\"In\u00edcio\",\"item\":\"https:\\\/\\\/regiaonews.net.br\\\/2022\\\/\"},{\"@type\":\"ListItem\",\"position\":2,\"name\":\"Roteiro Tur\u00edstico do Pe\u00e3o de Boiadeiro \u00e9 aprovado pela Assembleia Legislativa\"}]},{\"@type\":\"WebSite\",\"@id\":\"https:\\\/\\\/regiaonews.net.br\\\/2022\\\/#website\",\"url\":\"https:\\\/\\\/regiaonews.net.br\\\/2022\\\/\",\"name\":\"Regi\u00e3o News\",\"description\":\"Site de Not\u00edcias de Barretos e regi\u00e3o\",\"publisher\":{\"@id\":\"https:\\\/\\\/regiaonews.net.br\\\/2022\\\/#organization\"},\"potentialAction\":[{\"@type\":\"SearchAction\",\"target\":{\"@type\":\"EntryPoint\",\"urlTemplate\":\"https:\\\/\\\/regiaonews.net.br\\\/2022\\\/?s={search_term_string}\"},\"query-input\":{\"@type\":\"PropertyValueSpecification\",\"valueRequired\":true,\"valueName\":\"search_term_string\"}}],\"inLanguage\":\"pt-BR\"},{\"@type\":\"Organization\",\"@id\":\"https:\\\/\\\/regiaonews.net.br\\\/2022\\\/#organization\",\"name\":\"Regi\u00e3o News\",\"url\":\"https:\\\/\\\/regiaonews.net.br\\\/2022\\\/\",\"logo\":{\"@type\":\"ImageObject\",\"inLanguage\":\"pt-BR\",\"@id\":\"https:\\\/\\\/regiaonews.net.br\\\/2022\\\/#\\\/schema\\\/logo\\\/image\\\/\",\"url\":\"https:\\\/\\\/regiaonews.net.br\\\/2022\\\/wp-content\\\/uploads\\\/2026\\\/03\\\/regiao-13-anos-scaled.jpg\",\"contentUrl\":\"https:\\\/\\\/regiaonews.net.br\\\/2022\\\/wp-content\\\/uploads\\\/2026\\\/03\\\/regiao-13-anos-scaled.jpg\",\"width\":2560,\"height\":635,\"caption\":\"Regi\u00e3o News\"},\"image\":{\"@id\":\"https:\\\/\\\/regiaonews.net.br\\\/2022\\\/#\\\/schema\\\/logo\\\/image\\\/\"}},{\"@type\":\"Person\",\"@id\":\"https:\\\/\\\/regiaonews.net.br\\\/2022\\\/#\\\/schema\\\/person\\\/2d205a608a5aa97ac279d7a5e6d89ad8\",\"name\":\"Roberto\",\"image\":{\"@type\":\"ImageObject\",\"inLanguage\":\"pt-BR\",\"@id\":\"https:\\\/\\\/secure.gravatar.com\\\/avatar\\\/42749d8b712ff9d59ca93dc150494e5b55a44134482993f5baeb97e61b7ecc89?s=96&d=mm&r=g\",\"url\":\"https:\\\/\\\/secure.gravatar.com\\\/avatar\\\/42749d8b712ff9d59ca93dc150494e5b55a44134482993f5baeb97e61b7ecc89?s=96&d=mm&r=g\",\"contentUrl\":\"https:\\\/\\\/secure.gravatar.com\\\/avatar\\\/42749d8b712ff9d59ca93dc150494e5b55a44134482993f5baeb97e61b7ecc89?s=96&d=mm&r=g\",\"caption\":\"Roberto\"},\"url\":\"https:\\\/\\\/regiaonews.net.br\\\/2022\\\/author\\\/roberto\\\/\"}]}<\/script>\n<!-- \/ Yoast SEO plugin. -->","yoast_head_json":{"title":"Roteiro Tur\u00edstico do Pe\u00e3o de Boiadeiro \u00e9 aprovado pela Assembleia Legislativa - Regi\u00e3o News","robots":{"index":"index","follow":"follow","max-snippet":"max-snippet:-1","max-image-preview":"max-image-preview:large","max-video-preview":"max-video-preview:-1"},"canonical":"https:\/\/regiaonews.net.br\/2022\/2021\/08\/20\/roteiro-turistico-do-peao-de-boiadeiro-e-aprovado-pela-assembleia-legislativa\/","og_locale":"pt_BR","og_type":"article","og_title":"Roteiro Tur\u00edstico do Pe\u00e3o de Boiadeiro \u00e9 aprovado pela Assembleia Legislativa - Regi\u00e3o News","og_description":"&nbsp; De autoria do deputado Sebasti\u00e3o Santos o projeto inclui","og_url":"https:\/\/regiaonews.net.br\/2022\/2021\/08\/20\/roteiro-turistico-do-peao-de-boiadeiro-e-aprovado-pela-assembleia-legislativa\/","og_site_name":"Regi\u00e3o News","article_published_time":"2021-08-20T13:10:42+00:00","og_image":[{"width":1280,"height":853,"url":"https:\/\/regiaonews.net.br\/2022\/wp-content\/uploads\/2021\/08\/IMG-20210820-WA0194.jpg","type":"image\/jpeg"}],"author":"Roberto","twitter_card":"summary_large_image","twitter_misc":{"Escrito por":"Roberto","Est. tempo de leitura":"2 minutos"},"schema":{"@context":"https:\/\/schema.org","@graph":[{"@type":"Article","@id":"https:\/\/regiaonews.net.br\/2022\/2021\/08\/20\/roteiro-turistico-do-peao-de-boiadeiro-e-aprovado-pela-assembleia-legislativa\/#article","isPartOf":{"@id":"https:\/\/regiaonews.net.br\/2022\/2021\/08\/20\/roteiro-turistico-do-peao-de-boiadeiro-e-aprovado-pela-assembleia-legislativa\/"},"author":{"name":"Roberto","@id":"https:\/\/regiaonews.net.br\/2022\/#\/schema\/person\/2d205a608a5aa97ac279d7a5e6d89ad8"},"headline":"Roteiro Tur\u00edstico do Pe\u00e3o de Boiadeiro \u00e9 aprovado pela Assembleia Legislativa","datePublished":"2021-08-20T13:10:42+00:00","mainEntityOfPage":{"@id":"https:\/\/regiaonews.net.br\/2022\/2021\/08\/20\/roteiro-turistico-do-peao-de-boiadeiro-e-aprovado-pela-assembleia-legislativa\/"},"wordCount":453,"commentCount":0,"publisher":{"@id":"https:\/\/regiaonews.net.br\/2022\/#organization"},"image":{"@id":"https:\/\/regiaonews.net.br\/2022\/2021\/08\/20\/roteiro-turistico-do-peao-de-boiadeiro-e-aprovado-pela-assembleia-legislativa\/#primaryimage"},"thumbnailUrl":"https:\/\/regiaonews.net.br\/2022\/wp-content\/uploads\/2021\/08\/IMG-20210820-WA0194.jpg","articleSection":["Pol\u00edtica","Regi\u00e3o","S\u00e3o Paulo"],"inLanguage":"pt-BR","potentialAction":[{"@type":"CommentAction","name":"Comment","target":["https:\/\/regiaonews.net.br\/2022\/2021\/08\/20\/roteiro-turistico-do-peao-de-boiadeiro-e-aprovado-pela-assembleia-legislativa\/#respond"]}]},{"@type":"WebPage","@id":"https:\/\/regiaonews.net.br\/2022\/2021\/08\/20\/roteiro-turistico-do-peao-de-boiadeiro-e-aprovado-pela-assembleia-legislativa\/","url":"https:\/\/regiaonews.net.br\/2022\/2021\/08\/20\/roteiro-turistico-do-peao-de-boiadeiro-e-aprovado-pela-assembleia-legislativa\/","name":"Roteiro Tur\u00edstico do Pe\u00e3o de Boiadeiro \u00e9 aprovado pela Assembleia Legislativa - Regi\u00e3o News","isPartOf":{"@id":"https:\/\/regiaonews.net.br\/2022\/#website"},"primaryImageOfPage":{"@id":"https:\/\/regiaonews.net.br\/2022\/2021\/08\/20\/roteiro-turistico-do-peao-de-boiadeiro-e-aprovado-pela-assembleia-legislativa\/#primaryimage"},"image":{"@id":"https:\/\/regiaonews.net.br\/2022\/2021\/08\/20\/roteiro-turistico-do-peao-de-boiadeiro-e-aprovado-pela-assembleia-legislativa\/#primaryimage"},"thumbnailUrl":"https:\/\/regiaonews.net.br\/2022\/wp-content\/uploads\/2021\/08\/IMG-20210820-WA0194.jpg","datePublished":"2021-08-20T13:10:42+00:00","breadcrumb":{"@id":"https:\/\/regiaonews.net.br\/2022\/2021\/08\/20\/roteiro-turistico-do-peao-de-boiadeiro-e-aprovado-pela-assembleia-legislativa\/#breadcrumb"},"inLanguage":"pt-BR","potentialAction":[{"@type":"ReadAction","target":["https:\/\/regiaonews.net.br\/2022\/2021\/08\/20\/roteiro-turistico-do-peao-de-boiadeiro-e-aprovado-pela-assembleia-legislativa\/"]}]},{"@type":"ImageObject","inLanguage":"pt-BR","@id":"https:\/\/regiaonews.net.br\/2022\/2021\/08\/20\/roteiro-turistico-do-peao-de-boiadeiro-e-aprovado-pela-assembleia-legislativa\/#primaryimage","url":"https:\/\/regiaonews.net.br\/2022\/wp-content\/uploads\/2021\/08\/IMG-20210820-WA0194.jpg","contentUrl":"https:\/\/regiaonews.net.br\/2022\/wp-content\/uploads\/2021\/08\/IMG-20210820-WA0194.jpg","width":1280,"height":853},{"@type":"BreadcrumbList","@id":"https:\/\/regiaonews.net.br\/2022\/2021\/08\/20\/roteiro-turistico-do-peao-de-boiadeiro-e-aprovado-pela-assembleia-legislativa\/#breadcrumb","itemListElement":[{"@type":"ListItem","position":1,"name":"In\u00edcio","item":"https:\/\/regiaonews.net.br\/2022\/"},{"@type":"ListItem","position":2,"name":"Roteiro Tur\u00edstico do Pe\u00e3o de Boiadeiro \u00e9 aprovado pela Assembleia Legislativa"}]},{"@type":"WebSite","@id":"https:\/\/regiaonews.net.br\/2022\/#website","url":"https:\/\/regiaonews.net.br\/2022\/","name":"Regi\u00e3o News","description":"Site de Not\u00edcias de Barretos e regi\u00e3o","publisher":{"@id":"https:\/\/regiaonews.net.br\/2022\/#organization"},"potentialAction":[{"@type":"SearchAction","target":{"@type":"EntryPoint","urlTemplate":"https:\/\/regiaonews.net.br\/2022\/?s={search_term_string}"},"query-input":{"@type":"PropertyValueSpecification","valueRequired":true,"valueName":"search_term_string"}}],"inLanguage":"pt-BR"},{"@type":"Organization","@id":"https:\/\/regiaonews.net.br\/2022\/#organization","name":"Regi\u00e3o News","url":"https:\/\/regiaonews.net.br\/2022\/","logo":{"@type":"ImageObject","inLanguage":"pt-BR","@id":"https:\/\/regiaonews.net.br\/2022\/#\/schema\/logo\/image\/","url":"https:\/\/regiaonews.net.br\/2022\/wp-content\/uploads\/2026\/03\/regiao-13-anos-scaled.jpg","contentUrl":"https:\/\/regiaonews.net.br\/2022\/wp-content\/uploads\/2026\/03\/regiao-13-anos-scaled.jpg","width":2560,"height":635,"caption":"Regi\u00e3o News"},"image":{"@id":"https:\/\/regiaonews.net.br\/2022\/#\/schema\/logo\/image\/"}},{"@type":"Person","@id":"https:\/\/regiaonews.net.br\/2022\/#\/schema\/person\/2d205a608a5aa97ac279d7a5e6d89ad8","name":"Roberto","image":{"@type":"ImageObject","inLanguage":"pt-BR","@id":"https:\/\/secure.gravatar.com\/avatar\/42749d8b712ff9d59ca93dc150494e5b55a44134482993f5baeb97e61b7ecc89?s=96&d=mm&r=g","url":"https:\/\/secure.gravatar.com\/avatar\/42749d8b712ff9d59ca93dc150494e5b55a44134482993f5baeb97e61b7ecc89?s=96&d=mm&r=g","contentUrl":"https:\/\/secure.gravatar.com\/avatar\/42749d8b712ff9d59ca93dc150494e5b55a44134482993f5baeb97e61b7ecc89?s=96&d=mm&r=g","caption":"Roberto"},"url":"https:\/\/regiaonews.net.br\/2022\/author\/roberto\/"}]}},"publishpress_future_action":{"enabled":false,"date":"2026-05-03 08:27:08","action":"change-status","newStatus":"draft","terms":[],"taxonomy":"category","extraData":[]},"publishpress_future_workflow_manual_trigger":{"enabledWorkflows":[]},"_links":{"self":[{"href":"https:\/\/regiaonews.net.br\/2022\/wp-json\/wp\/v2\/posts\/52135","targetHints":{"allow":["GET"]}}],"collection":[{"href":"https:\/\/regiaonews.net.br\/2022\/wp-json\/wp\/v2\/posts"}],"about":[{"href":"https:\/\/regiaonews.net.br\/2022\/wp-json\/wp\/v2\/types\/post"}],"author":[{"embeddable":true,"href":"https:\/\/regiaonews.net.br\/2022\/wp-json\/wp\/v2\/users\/2"}],"replies":[{"embeddable":true,"href":"https:\/\/regiaonews.net.br\/2022\/wp-json\/wp\/v2\/comments?post=52135"}],"version-history":[{"count":0,"href":"https:\/\/regiaonews.net.br\/2022\/wp-json\/wp\/v2\/posts\/52135\/revisions"}],"wp:featuredmedia":[{"embeddable":true,"href":"https:\/\/regiaonews.net.br\/2022\/wp-json\/wp\/v2\/media\/52134"}],"wp:attachment":[{"href":"https:\/\/regiaonews.net.br\/2022\/wp-json\/wp\/v2\/media?parent=52135"}],"wp:term":[{"taxonomy":"category","embeddable":true,"href":"https:\/\/regiaonews.net.br\/2022\/wp-json\/wp\/v2\/categories?post=52135"},{"taxonomy":"post_tag","embeddable":true,"href":"https:\/\/regiaonews.net.br\/2022\/wp-json\/wp\/v2\/tags?post=52135"}],"curies":[{"name":"wp","href":"https:\/\/api.w.org\/{rel}","templated":true}]}}