{"id":52128,"date":"2021-08-20T03:48:21","date_gmt":"2021-08-20T06:48:21","guid":{"rendered":"https:\/\/regiaonews.net.br\/2022\/?p=52128"},"modified":"2021-08-20T03:49:56","modified_gmt":"2021-08-20T06:49:56","slug":"colina-participou-da-semana-estadual-de-prevencao-da-leishmaniose-visceral","status":"publish","type":"post","link":"https:\/\/regiaonews.net.br\/2022\/2021\/08\/20\/colina-participou-da-semana-estadual-de-prevencao-da-leishmaniose-visceral\/","title":{"rendered":"Colina participou da Semana Estadual de Preven\u00e7\u00e3o da Leishmaniose Visceral"},"content":{"rendered":"<header class=\"site-header wrapper\" data-font-size=\"\">\n<div data-grid=\"row spacing center\">A\u00a0 Secretaria Municipal de Sa\u00fade de Colina,\u00a0 participou no per\u00edodo de\u00a0 9 a 14 de agosto, da Campanha Estadual de Preven\u00e7\u00e3o da Leishmaniose Visceral #euapoioefa\u00e7oparte.<\/div>\n<div data-grid=\"row spacing center\">De iniciativa da Secretaria de Estado de Sa\u00fade, a semana teve\u00a0 por\u00a0 finalidade \u00a0o desenvolvimento de a\u00e7\u00f5es educativas visando a sensibiliza\u00e7\u00e3o da popula\u00e7\u00e3o sobre a transmiss\u00e3o da doen\u00e7a, manejo ambiental para controle do vetor, e a guarda respons\u00e1vel dos animais de estima\u00e7\u00e3o.<\/div>\n<\/header>\n<section data-font-size=\"\">\n<section class=\"page-content wrapper\">\n<div data-grid=\"spacing\">\n<div data-cell=\"3of4\">\n<section class=\"post\">\n<div class=\"post-content\">\n<article class=\"post-text\">Durante o per\u00edodo, a equipe da Vigil\u00e2ncia Epidemiol\u00f3gica do munic\u00edpio,\u00a0 realizou a entrega de panfletos em locais p\u00fablicos, em especial nas Unidades de Sa\u00fade, com orienta\u00e7\u00f5es de preven\u00e7\u00e3o. Al\u00e9m disso, a Unidade de Atendimento B\u00e1sico Municipal para c\u00e3es e gatos \u2013 SUS C\u00e3o \u2013\u00a0 intensificou as orienta\u00e7\u00f5es aos donos de pets atendidos no local.De acordo com o \u00a0respons\u00e1vel pela unidade, o coordenador de fiscaliza\u00e7\u00e3o epidemiol\u00f3gica do munic\u00edpio, Antonio Donizete Figueira, em caso de suspeita da doen\u00e7a em algum animal, os m\u00e9dicos veterin\u00e1rios fazem gratuitamente, \u00a0a coleta de amostras, que ser\u00e3o enviadas ao Instituto Adolfo Lutz, em Ribeir\u00e3o Preto, para an\u00e1lise.A Leishmaniose Visceral \u00e9 uma doen\u00e7a grave que afeta animais e pessoas, causada pelo protozo\u00e1rio do g\u00eanero Leishmania sp. e transmitida pelo inseto vetor flebotom\u00edneo, conhecido como mosquito-palha (Lutzomyia longipalpis).<\/p>\n<p>Os vetores s\u00e3o insetos pequenos, com 2 a 3 mil\u00edmetros, e costumam picar ao entardecer e \u00e0 noite. Desenvolvem-se em locais \u00famidos e sombreados com ac\u00famulo de mat\u00e9ria org\u00e2nica (folhas, frutos, lixo org\u00e2nico em apodrecimento, galinheiros).<\/p>\n<p>No c\u00e3o, principal reservat\u00f3rio e fonte de infec\u00e7\u00e3o no meio urbano, a doen\u00e7a caracteriza-se por febre irregular, apatia, emagrecimento progressivo, descama\u00e7\u00e3o e \u00falceras na pele (especialmente no focinho e nas orelhas), conjuntivite, paralisia das patas traseiras, fezes sanguinolentas e crescimento exagerado das unhas. \u201c\u00c9 \u00a0muito importante a conscientiza\u00e7\u00e3o da popula\u00e7\u00e3o para que se atente aos sintomas e principalmente mantenham os quintais devidamente limpos, \u00a0\u00a0removendo res\u00edduos podas de \u00e1rvores, \u00a0de capina e folhagens, eliminando os ambientes favor\u00e1veis \u00e0 exist\u00eancia do inseto, mantendo nosso munic\u00edpio livre da transmiss\u00e3o local desta doen\u00e7a\u201d, alerta Antonio.<\/p>\n<p>Apesar de grave, a Leishmaniose Visceral tem tratamento para seres humanos, sendo totalmente gratuito na rede SUS. Mas para animais, o tratamento \u00e9 caro e existe apenas um medicamento indicado, no entanto, sem comprova\u00e7\u00e3o cient\u00edfica de que o c\u00e3o fique livre do parasita.<\/p>\n<p>Assessoria de Imprensa<\/p>\n<p>Prefeitura M. de Colina<\/p>\n<\/article>\n<\/div>\n<\/section>\n<\/div>\n<\/div>\n<\/section>\n<\/section>\n","protected":false},"excerpt":{"rendered":"<p>A\u00a0 Secretaria Municipal de Sa\u00fade de Colina,\u00a0 participou no per\u00edodo<\/p>\n","protected":false},"author":2,"featured_media":52130,"comment_status":"open","ping_status":"open","sticky":false,"template":"","format":"standard","meta":{"footnotes":""},"categories":[25,5],"tags":[],"class_list":["post-52128","post","type-post","status-publish","format-standard","has-post-thumbnail","hentry","category-cidades","category-colina"],"yoast_head":"<!-- This site is optimized with the Yoast SEO plugin v27.4 - https:\/\/yoast.com\/product\/yoast-seo-wordpress\/ -->\n<title>Colina participou da Semana Estadual de Preven\u00e7\u00e3o da Leishmaniose Visceral - Regi\u00e3o News<\/title>\n<meta name=\"robots\" content=\"index, follow, max-snippet:-1, max-image-preview:large, max-video-preview:-1\" \/>\n<link rel=\"canonical\" href=\"https:\/\/regiaonews.net.br\/2022\/2021\/08\/20\/colina-participou-da-semana-estadual-de-prevencao-da-leishmaniose-visceral\/\" \/>\n<meta property=\"og:locale\" content=\"pt_BR\" \/>\n<meta property=\"og:type\" content=\"article\" \/>\n<meta property=\"og:title\" content=\"Colina participou da Semana Estadual de Preven\u00e7\u00e3o da Leishmaniose Visceral - Regi\u00e3o News\" \/>\n<meta property=\"og:description\" content=\"A\u00a0 Secretaria Municipal de Sa\u00fade de Colina,\u00a0 participou no per\u00edodo\" \/>\n<meta property=\"og:url\" content=\"https:\/\/regiaonews.net.br\/2022\/2021\/08\/20\/colina-participou-da-semana-estadual-de-prevencao-da-leishmaniose-visceral\/\" \/>\n<meta property=\"og:site_name\" content=\"Regi\u00e3o News\" \/>\n<meta property=\"article:published_time\" content=\"2021-08-20T06:48:21+00:00\" \/>\n<meta property=\"article:modified_time\" content=\"2021-08-20T06:49:56+00:00\" \/>\n<meta property=\"og:image\" content=\"https:\/\/regiaonews.net.br\/2022\/wp-content\/uploads\/2021\/08\/m_62_0_1_09082021164846.jpg\" \/>\n\t<meta property=\"og:image:width\" content=\"900\" \/>\n\t<meta property=\"og:image:height\" content=\"900\" \/>\n\t<meta property=\"og:image:type\" content=\"image\/jpeg\" \/>\n<meta name=\"author\" content=\"Roberto\" \/>\n<meta name=\"twitter:card\" content=\"summary_large_image\" \/>\n<meta name=\"twitter:label1\" content=\"Escrito por\" \/>\n\t<meta name=\"twitter:data1\" content=\"Roberto\" \/>\n\t<meta name=\"twitter:label2\" content=\"Est. tempo de leitura\" \/>\n\t<meta name=\"twitter:data2\" content=\"2 minutos\" \/>\n<script type=\"application\/ld+json\" class=\"yoast-schema-graph\">{\"@context\":\"https:\\\/\\\/schema.org\",\"@graph\":[{\"@type\":\"Article\",\"@id\":\"https:\\\/\\\/regiaonews.net.br\\\/2022\\\/2021\\\/08\\\/20\\\/colina-participou-da-semana-estadual-de-prevencao-da-leishmaniose-visceral\\\/#article\",\"isPartOf\":{\"@id\":\"https:\\\/\\\/regiaonews.net.br\\\/2022\\\/2021\\\/08\\\/20\\\/colina-participou-da-semana-estadual-de-prevencao-da-leishmaniose-visceral\\\/\"},\"author\":{\"name\":\"Roberto\",\"@id\":\"https:\\\/\\\/regiaonews.net.br\\\/2022\\\/#\\\/schema\\\/person\\\/2d205a608a5aa97ac279d7a5e6d89ad8\"},\"headline\":\"Colina participou da Semana Estadual de Preven\u00e7\u00e3o da Leishmaniose Visceral\",\"datePublished\":\"2021-08-20T06:48:21+00:00\",\"dateModified\":\"2021-08-20T06:49:56+00:00\",\"mainEntityOfPage\":{\"@id\":\"https:\\\/\\\/regiaonews.net.br\\\/2022\\\/2021\\\/08\\\/20\\\/colina-participou-da-semana-estadual-de-prevencao-da-leishmaniose-visceral\\\/\"},\"wordCount\":436,\"commentCount\":0,\"publisher\":{\"@id\":\"https:\\\/\\\/regiaonews.net.br\\\/2022\\\/#organization\"},\"image\":{\"@id\":\"https:\\\/\\\/regiaonews.net.br\\\/2022\\\/2021\\\/08\\\/20\\\/colina-participou-da-semana-estadual-de-prevencao-da-leishmaniose-visceral\\\/#primaryimage\"},\"thumbnailUrl\":\"https:\\\/\\\/regiaonews.net.br\\\/2022\\\/wp-content\\\/uploads\\\/2021\\\/08\\\/m_62_0_1_09082021164846.jpg\",\"articleSection\":[\"Cidades\",\"Colina\"],\"inLanguage\":\"pt-BR\",\"potentialAction\":[{\"@type\":\"CommentAction\",\"name\":\"Comment\",\"target\":[\"https:\\\/\\\/regiaonews.net.br\\\/2022\\\/2021\\\/08\\\/20\\\/colina-participou-da-semana-estadual-de-prevencao-da-leishmaniose-visceral\\\/#respond\"]}]},{\"@type\":\"WebPage\",\"@id\":\"https:\\\/\\\/regiaonews.net.br\\\/2022\\\/2021\\\/08\\\/20\\\/colina-participou-da-semana-estadual-de-prevencao-da-leishmaniose-visceral\\\/\",\"url\":\"https:\\\/\\\/regiaonews.net.br\\\/2022\\\/2021\\\/08\\\/20\\\/colina-participou-da-semana-estadual-de-prevencao-da-leishmaniose-visceral\\\/\",\"name\":\"Colina participou da Semana Estadual de Preven\u00e7\u00e3o da Leishmaniose Visceral - Regi\u00e3o News\",\"isPartOf\":{\"@id\":\"https:\\\/\\\/regiaonews.net.br\\\/2022\\\/#website\"},\"primaryImageOfPage\":{\"@id\":\"https:\\\/\\\/regiaonews.net.br\\\/2022\\\/2021\\\/08\\\/20\\\/colina-participou-da-semana-estadual-de-prevencao-da-leishmaniose-visceral\\\/#primaryimage\"},\"image\":{\"@id\":\"https:\\\/\\\/regiaonews.net.br\\\/2022\\\/2021\\\/08\\\/20\\\/colina-participou-da-semana-estadual-de-prevencao-da-leishmaniose-visceral\\\/#primaryimage\"},\"thumbnailUrl\":\"https:\\\/\\\/regiaonews.net.br\\\/2022\\\/wp-content\\\/uploads\\\/2021\\\/08\\\/m_62_0_1_09082021164846.jpg\",\"datePublished\":\"2021-08-20T06:48:21+00:00\",\"dateModified\":\"2021-08-20T06:49:56+00:00\",\"breadcrumb\":{\"@id\":\"https:\\\/\\\/regiaonews.net.br\\\/2022\\\/2021\\\/08\\\/20\\\/colina-participou-da-semana-estadual-de-prevencao-da-leishmaniose-visceral\\\/#breadcrumb\"},\"inLanguage\":\"pt-BR\",\"potentialAction\":[{\"@type\":\"ReadAction\",\"target\":[\"https:\\\/\\\/regiaonews.net.br\\\/2022\\\/2021\\\/08\\\/20\\\/colina-participou-da-semana-estadual-de-prevencao-da-leishmaniose-visceral\\\/\"]}]},{\"@type\":\"ImageObject\",\"inLanguage\":\"pt-BR\",\"@id\":\"https:\\\/\\\/regiaonews.net.br\\\/2022\\\/2021\\\/08\\\/20\\\/colina-participou-da-semana-estadual-de-prevencao-da-leishmaniose-visceral\\\/#primaryimage\",\"url\":\"https:\\\/\\\/regiaonews.net.br\\\/2022\\\/wp-content\\\/uploads\\\/2021\\\/08\\\/m_62_0_1_09082021164846.jpg\",\"contentUrl\":\"https:\\\/\\\/regiaonews.net.br\\\/2022\\\/wp-content\\\/uploads\\\/2021\\\/08\\\/m_62_0_1_09082021164846.jpg\",\"width\":900,\"height\":900},{\"@type\":\"BreadcrumbList\",\"@id\":\"https:\\\/\\\/regiaonews.net.br\\\/2022\\\/2021\\\/08\\\/20\\\/colina-participou-da-semana-estadual-de-prevencao-da-leishmaniose-visceral\\\/#breadcrumb\",\"itemListElement\":[{\"@type\":\"ListItem\",\"position\":1,\"name\":\"In\u00edcio\",\"item\":\"https:\\\/\\\/regiaonews.net.br\\\/2022\\\/\"},{\"@type\":\"ListItem\",\"position\":2,\"name\":\"Colina participou da Semana Estadual de Preven\u00e7\u00e3o da Leishmaniose Visceral\"}]},{\"@type\":\"WebSite\",\"@id\":\"https:\\\/\\\/regiaonews.net.br\\\/2022\\\/#website\",\"url\":\"https:\\\/\\\/regiaonews.net.br\\\/2022\\\/\",\"name\":\"Regi\u00e3o News\",\"description\":\"Site de Not\u00edcias de Barretos e regi\u00e3o\",\"publisher\":{\"@id\":\"https:\\\/\\\/regiaonews.net.br\\\/2022\\\/#organization\"},\"potentialAction\":[{\"@type\":\"SearchAction\",\"target\":{\"@type\":\"EntryPoint\",\"urlTemplate\":\"https:\\\/\\\/regiaonews.net.br\\\/2022\\\/?s={search_term_string}\"},\"query-input\":{\"@type\":\"PropertyValueSpecification\",\"valueRequired\":true,\"valueName\":\"search_term_string\"}}],\"inLanguage\":\"pt-BR\"},{\"@type\":\"Organization\",\"@id\":\"https:\\\/\\\/regiaonews.net.br\\\/2022\\\/#organization\",\"name\":\"Regi\u00e3o News\",\"url\":\"https:\\\/\\\/regiaonews.net.br\\\/2022\\\/\",\"logo\":{\"@type\":\"ImageObject\",\"inLanguage\":\"pt-BR\",\"@id\":\"https:\\\/\\\/regiaonews.net.br\\\/2022\\\/#\\\/schema\\\/logo\\\/image\\\/\",\"url\":\"https:\\\/\\\/regiaonews.net.br\\\/2022\\\/wp-content\\\/uploads\\\/2026\\\/03\\\/regiao-13-anos-scaled.jpg\",\"contentUrl\":\"https:\\\/\\\/regiaonews.net.br\\\/2022\\\/wp-content\\\/uploads\\\/2026\\\/03\\\/regiao-13-anos-scaled.jpg\",\"width\":2560,\"height\":635,\"caption\":\"Regi\u00e3o News\"},\"image\":{\"@id\":\"https:\\\/\\\/regiaonews.net.br\\\/2022\\\/#\\\/schema\\\/logo\\\/image\\\/\"}},{\"@type\":\"Person\",\"@id\":\"https:\\\/\\\/regiaonews.net.br\\\/2022\\\/#\\\/schema\\\/person\\\/2d205a608a5aa97ac279d7a5e6d89ad8\",\"name\":\"Roberto\",\"image\":{\"@type\":\"ImageObject\",\"inLanguage\":\"pt-BR\",\"@id\":\"https:\\\/\\\/secure.gravatar.com\\\/avatar\\\/42749d8b712ff9d59ca93dc150494e5b55a44134482993f5baeb97e61b7ecc89?s=96&d=mm&r=g\",\"url\":\"https:\\\/\\\/secure.gravatar.com\\\/avatar\\\/42749d8b712ff9d59ca93dc150494e5b55a44134482993f5baeb97e61b7ecc89?s=96&d=mm&r=g\",\"contentUrl\":\"https:\\\/\\\/secure.gravatar.com\\\/avatar\\\/42749d8b712ff9d59ca93dc150494e5b55a44134482993f5baeb97e61b7ecc89?s=96&d=mm&r=g\",\"caption\":\"Roberto\"},\"url\":\"https:\\\/\\\/regiaonews.net.br\\\/2022\\\/author\\\/roberto\\\/\"}]}<\/script>\n<!-- \/ Yoast SEO plugin. -->","yoast_head_json":{"title":"Colina participou da Semana Estadual de Preven\u00e7\u00e3o da Leishmaniose Visceral - Regi\u00e3o News","robots":{"index":"index","follow":"follow","max-snippet":"max-snippet:-1","max-image-preview":"max-image-preview:large","max-video-preview":"max-video-preview:-1"},"canonical":"https:\/\/regiaonews.net.br\/2022\/2021\/08\/20\/colina-participou-da-semana-estadual-de-prevencao-da-leishmaniose-visceral\/","og_locale":"pt_BR","og_type":"article","og_title":"Colina participou da Semana Estadual de Preven\u00e7\u00e3o da Leishmaniose Visceral - Regi\u00e3o News","og_description":"A\u00a0 Secretaria Municipal de Sa\u00fade de Colina,\u00a0 participou no per\u00edodo","og_url":"https:\/\/regiaonews.net.br\/2022\/2021\/08\/20\/colina-participou-da-semana-estadual-de-prevencao-da-leishmaniose-visceral\/","og_site_name":"Regi\u00e3o News","article_published_time":"2021-08-20T06:48:21+00:00","article_modified_time":"2021-08-20T06:49:56+00:00","og_image":[{"width":900,"height":900,"url":"https:\/\/regiaonews.net.br\/2022\/wp-content\/uploads\/2021\/08\/m_62_0_1_09082021164846.jpg","type":"image\/jpeg"}],"author":"Roberto","twitter_card":"summary_large_image","twitter_misc":{"Escrito por":"Roberto","Est. tempo de leitura":"2 minutos"},"schema":{"@context":"https:\/\/schema.org","@graph":[{"@type":"Article","@id":"https:\/\/regiaonews.net.br\/2022\/2021\/08\/20\/colina-participou-da-semana-estadual-de-prevencao-da-leishmaniose-visceral\/#article","isPartOf":{"@id":"https:\/\/regiaonews.net.br\/2022\/2021\/08\/20\/colina-participou-da-semana-estadual-de-prevencao-da-leishmaniose-visceral\/"},"author":{"name":"Roberto","@id":"https:\/\/regiaonews.net.br\/2022\/#\/schema\/person\/2d205a608a5aa97ac279d7a5e6d89ad8"},"headline":"Colina participou da Semana Estadual de Preven\u00e7\u00e3o da Leishmaniose Visceral","datePublished":"2021-08-20T06:48:21+00:00","dateModified":"2021-08-20T06:49:56+00:00","mainEntityOfPage":{"@id":"https:\/\/regiaonews.net.br\/2022\/2021\/08\/20\/colina-participou-da-semana-estadual-de-prevencao-da-leishmaniose-visceral\/"},"wordCount":436,"commentCount":0,"publisher":{"@id":"https:\/\/regiaonews.net.br\/2022\/#organization"},"image":{"@id":"https:\/\/regiaonews.net.br\/2022\/2021\/08\/20\/colina-participou-da-semana-estadual-de-prevencao-da-leishmaniose-visceral\/#primaryimage"},"thumbnailUrl":"https:\/\/regiaonews.net.br\/2022\/wp-content\/uploads\/2021\/08\/m_62_0_1_09082021164846.jpg","articleSection":["Cidades","Colina"],"inLanguage":"pt-BR","potentialAction":[{"@type":"CommentAction","name":"Comment","target":["https:\/\/regiaonews.net.br\/2022\/2021\/08\/20\/colina-participou-da-semana-estadual-de-prevencao-da-leishmaniose-visceral\/#respond"]}]},{"@type":"WebPage","@id":"https:\/\/regiaonews.net.br\/2022\/2021\/08\/20\/colina-participou-da-semana-estadual-de-prevencao-da-leishmaniose-visceral\/","url":"https:\/\/regiaonews.net.br\/2022\/2021\/08\/20\/colina-participou-da-semana-estadual-de-prevencao-da-leishmaniose-visceral\/","name":"Colina participou da Semana Estadual de Preven\u00e7\u00e3o da Leishmaniose Visceral - Regi\u00e3o News","isPartOf":{"@id":"https:\/\/regiaonews.net.br\/2022\/#website"},"primaryImageOfPage":{"@id":"https:\/\/regiaonews.net.br\/2022\/2021\/08\/20\/colina-participou-da-semana-estadual-de-prevencao-da-leishmaniose-visceral\/#primaryimage"},"image":{"@id":"https:\/\/regiaonews.net.br\/2022\/2021\/08\/20\/colina-participou-da-semana-estadual-de-prevencao-da-leishmaniose-visceral\/#primaryimage"},"thumbnailUrl":"https:\/\/regiaonews.net.br\/2022\/wp-content\/uploads\/2021\/08\/m_62_0_1_09082021164846.jpg","datePublished":"2021-08-20T06:48:21+00:00","dateModified":"2021-08-20T06:49:56+00:00","breadcrumb":{"@id":"https:\/\/regiaonews.net.br\/2022\/2021\/08\/20\/colina-participou-da-semana-estadual-de-prevencao-da-leishmaniose-visceral\/#breadcrumb"},"inLanguage":"pt-BR","potentialAction":[{"@type":"ReadAction","target":["https:\/\/regiaonews.net.br\/2022\/2021\/08\/20\/colina-participou-da-semana-estadual-de-prevencao-da-leishmaniose-visceral\/"]}]},{"@type":"ImageObject","inLanguage":"pt-BR","@id":"https:\/\/regiaonews.net.br\/2022\/2021\/08\/20\/colina-participou-da-semana-estadual-de-prevencao-da-leishmaniose-visceral\/#primaryimage","url":"https:\/\/regiaonews.net.br\/2022\/wp-content\/uploads\/2021\/08\/m_62_0_1_09082021164846.jpg","contentUrl":"https:\/\/regiaonews.net.br\/2022\/wp-content\/uploads\/2021\/08\/m_62_0_1_09082021164846.jpg","width":900,"height":900},{"@type":"BreadcrumbList","@id":"https:\/\/regiaonews.net.br\/2022\/2021\/08\/20\/colina-participou-da-semana-estadual-de-prevencao-da-leishmaniose-visceral\/#breadcrumb","itemListElement":[{"@type":"ListItem","position":1,"name":"In\u00edcio","item":"https:\/\/regiaonews.net.br\/2022\/"},{"@type":"ListItem","position":2,"name":"Colina participou da Semana Estadual de Preven\u00e7\u00e3o da Leishmaniose Visceral"}]},{"@type":"WebSite","@id":"https:\/\/regiaonews.net.br\/2022\/#website","url":"https:\/\/regiaonews.net.br\/2022\/","name":"Regi\u00e3o News","description":"Site de Not\u00edcias de Barretos e regi\u00e3o","publisher":{"@id":"https:\/\/regiaonews.net.br\/2022\/#organization"},"potentialAction":[{"@type":"SearchAction","target":{"@type":"EntryPoint","urlTemplate":"https:\/\/regiaonews.net.br\/2022\/?s={search_term_string}"},"query-input":{"@type":"PropertyValueSpecification","valueRequired":true,"valueName":"search_term_string"}}],"inLanguage":"pt-BR"},{"@type":"Organization","@id":"https:\/\/regiaonews.net.br\/2022\/#organization","name":"Regi\u00e3o News","url":"https:\/\/regiaonews.net.br\/2022\/","logo":{"@type":"ImageObject","inLanguage":"pt-BR","@id":"https:\/\/regiaonews.net.br\/2022\/#\/schema\/logo\/image\/","url":"https:\/\/regiaonews.net.br\/2022\/wp-content\/uploads\/2026\/03\/regiao-13-anos-scaled.jpg","contentUrl":"https:\/\/regiaonews.net.br\/2022\/wp-content\/uploads\/2026\/03\/regiao-13-anos-scaled.jpg","width":2560,"height":635,"caption":"Regi\u00e3o News"},"image":{"@id":"https:\/\/regiaonews.net.br\/2022\/#\/schema\/logo\/image\/"}},{"@type":"Person","@id":"https:\/\/regiaonews.net.br\/2022\/#\/schema\/person\/2d205a608a5aa97ac279d7a5e6d89ad8","name":"Roberto","image":{"@type":"ImageObject","inLanguage":"pt-BR","@id":"https:\/\/secure.gravatar.com\/avatar\/42749d8b712ff9d59ca93dc150494e5b55a44134482993f5baeb97e61b7ecc89?s=96&d=mm&r=g","url":"https:\/\/secure.gravatar.com\/avatar\/42749d8b712ff9d59ca93dc150494e5b55a44134482993f5baeb97e61b7ecc89?s=96&d=mm&r=g","contentUrl":"https:\/\/secure.gravatar.com\/avatar\/42749d8b712ff9d59ca93dc150494e5b55a44134482993f5baeb97e61b7ecc89?s=96&d=mm&r=g","caption":"Roberto"},"url":"https:\/\/regiaonews.net.br\/2022\/author\/roberto\/"}]}},"publishpress_future_action":{"enabled":false,"date":"2026-05-03 05:10:58","action":"change-status","newStatus":"draft","terms":[],"taxonomy":"category","extraData":[]},"publishpress_future_workflow_manual_trigger":{"enabledWorkflows":[]},"_links":{"self":[{"href":"https:\/\/regiaonews.net.br\/2022\/wp-json\/wp\/v2\/posts\/52128","targetHints":{"allow":["GET"]}}],"collection":[{"href":"https:\/\/regiaonews.net.br\/2022\/wp-json\/wp\/v2\/posts"}],"about":[{"href":"https:\/\/regiaonews.net.br\/2022\/wp-json\/wp\/v2\/types\/post"}],"author":[{"embeddable":true,"href":"https:\/\/regiaonews.net.br\/2022\/wp-json\/wp\/v2\/users\/2"}],"replies":[{"embeddable":true,"href":"https:\/\/regiaonews.net.br\/2022\/wp-json\/wp\/v2\/comments?post=52128"}],"version-history":[{"count":0,"href":"https:\/\/regiaonews.net.br\/2022\/wp-json\/wp\/v2\/posts\/52128\/revisions"}],"wp:featuredmedia":[{"embeddable":true,"href":"https:\/\/regiaonews.net.br\/2022\/wp-json\/wp\/v2\/media\/52130"}],"wp:attachment":[{"href":"https:\/\/regiaonews.net.br\/2022\/wp-json\/wp\/v2\/media?parent=52128"}],"wp:term":[{"taxonomy":"category","embeddable":true,"href":"https:\/\/regiaonews.net.br\/2022\/wp-json\/wp\/v2\/categories?post=52128"},{"taxonomy":"post_tag","embeddable":true,"href":"https:\/\/regiaonews.net.br\/2022\/wp-json\/wp\/v2\/tags?post=52128"}],"curies":[{"name":"wp","href":"https:\/\/api.w.org\/{rel}","templated":true}]}}