{"id":52123,"date":"2021-08-19T23:19:09","date_gmt":"2021-08-20T02:19:09","guid":{"rendered":"https:\/\/regiaonews.net.br\/2022\/?p=52123"},"modified":"2021-08-19T23:19:49","modified_gmt":"2021-08-20T02:19:49","slug":"agencia-bancaria-de-guaira-e-alvo-de-tentativa-de-assalto","status":"publish","type":"post","link":"https:\/\/regiaonews.net.br\/2022\/2021\/08\/19\/agencia-bancaria-de-guaira-e-alvo-de-tentativa-de-assalto\/","title":{"rendered":"Ag\u00eancia banc\u00e1ria de Gua\u00edra \u00e9 alvo de tentativa de assalto"},"content":{"rendered":"<p><a href=\"https:\/\/regiaonews.net.br\/2022\/wp-content\/uploads\/2021\/08\/FB_IMG_1629425478096.jpg\"><img loading=\"lazy\" decoding=\"async\" class=\"alignnone size-medium wp-image-52124\" src=\"https:\/\/regiaonews.net.br\/2022\/wp-content\/uploads\/2021\/08\/FB_IMG_1629425478096-300x225.jpg\" alt=\"\" width=\"300\" height=\"225\" \/><\/a> <a href=\"https:\/\/regiaonews.net.br\/2022\/wp-content\/uploads\/2021\/08\/FB_IMG_1629425463610.jpg\"><img loading=\"lazy\" decoding=\"async\" class=\"alignnone size-medium wp-image-52125\" src=\"https:\/\/regiaonews.net.br\/2022\/wp-content\/uploads\/2021\/08\/FB_IMG_1629425463610-300x225.jpg\" alt=\"\" width=\"300\" height=\"225\" \/><\/a><\/p>\n<p>Foto &#8211; R\u00e1dio Cultura de Gua\u00edra<\/p>\n<p>A ag\u00eancia da Caixa Federal de Gua\u00edra teve um vidro quebrado\u00a0 e o caixa eeletr\u00f4nico danificado na madrugada de ontem. Nas imagens foi constatado que um homem, suspeitando ser um catador de recicl\u00e1veis, fugiu logo ap\u00f3s, tomando rumo ignorado. N\u00e3o foi informado se foi levado algum valor da ag\u00eancia banc\u00e1ria.<\/p>\n","protected":false},"excerpt":{"rendered":"<p>Foto &#8211; R\u00e1dio Cultura de Gua\u00edra A ag\u00eancia da Caixa<\/p>\n","protected":false},"author":2,"featured_media":52124,"comment_status":"open","ping_status":"open","sticky":false,"template":"","format":"standard","meta":{"footnotes":""},"categories":[25,8,23],"tags":[],"class_list":["post-52123","post","type-post","status-publish","format-standard","has-post-thumbnail","hentry","category-cidades","category-guaira","category-policia"],"yoast_head":"<!-- This site is optimized with the Yoast SEO plugin v27.4 - https:\/\/yoast.com\/product\/yoast-seo-wordpress\/ -->\n<title>Ag\u00eancia banc\u00e1ria de Gua\u00edra \u00e9 alvo de tentativa de assalto - Regi\u00e3o News<\/title>\n<meta name=\"robots\" content=\"index, follow, max-snippet:-1, max-image-preview:large, max-video-preview:-1\" \/>\n<link rel=\"canonical\" href=\"https:\/\/regiaonews.net.br\/2022\/2021\/08\/19\/agencia-bancaria-de-guaira-e-alvo-de-tentativa-de-assalto\/\" \/>\n<meta property=\"og:locale\" content=\"pt_BR\" \/>\n<meta property=\"og:type\" content=\"article\" \/>\n<meta property=\"og:title\" content=\"Ag\u00eancia banc\u00e1ria de Gua\u00edra \u00e9 alvo de tentativa de assalto - Regi\u00e3o News\" \/>\n<meta property=\"og:description\" content=\"Foto &#8211; R\u00e1dio Cultura de Gua\u00edra A ag\u00eancia da Caixa\" \/>\n<meta property=\"og:url\" content=\"https:\/\/regiaonews.net.br\/2022\/2021\/08\/19\/agencia-bancaria-de-guaira-e-alvo-de-tentativa-de-assalto\/\" \/>\n<meta property=\"og:site_name\" content=\"Regi\u00e3o News\" \/>\n<meta property=\"article:published_time\" content=\"2021-08-20T02:19:09+00:00\" \/>\n<meta property=\"article:modified_time\" content=\"2021-08-20T02:19:49+00:00\" \/>\n<meta property=\"og:image\" content=\"https:\/\/regiaonews.net.br\/2022\/wp-content\/uploads\/2021\/08\/FB_IMG_1629425478096.jpg\" \/>\n\t<meta property=\"og:image:width\" content=\"960\" \/>\n\t<meta property=\"og:image:height\" content=\"720\" \/>\n\t<meta property=\"og:image:type\" content=\"image\/jpeg\" \/>\n<meta name=\"author\" content=\"Roberto\" \/>\n<meta name=\"twitter:card\" content=\"summary_large_image\" \/>\n<meta name=\"twitter:label1\" content=\"Escrito por\" \/>\n\t<meta name=\"twitter:data1\" content=\"Roberto\" \/>\n<script type=\"application\/ld+json\" class=\"yoast-schema-graph\">{\"@context\":\"https:\\\/\\\/schema.org\",\"@graph\":[{\"@type\":\"Article\",\"@id\":\"https:\\\/\\\/regiaonews.net.br\\\/2022\\\/2021\\\/08\\\/19\\\/agencia-bancaria-de-guaira-e-alvo-de-tentativa-de-assalto\\\/#article\",\"isPartOf\":{\"@id\":\"https:\\\/\\\/regiaonews.net.br\\\/2022\\\/2021\\\/08\\\/19\\\/agencia-bancaria-de-guaira-e-alvo-de-tentativa-de-assalto\\\/\"},\"author\":{\"name\":\"Roberto\",\"@id\":\"https:\\\/\\\/regiaonews.net.br\\\/2022\\\/#\\\/schema\\\/person\\\/2d205a608a5aa97ac279d7a5e6d89ad8\"},\"headline\":\"Ag\u00eancia banc\u00e1ria de Gua\u00edra \u00e9 alvo de tentativa de assalto\",\"datePublished\":\"2021-08-20T02:19:09+00:00\",\"dateModified\":\"2021-08-20T02:19:49+00:00\",\"mainEntityOfPage\":{\"@id\":\"https:\\\/\\\/regiaonews.net.br\\\/2022\\\/2021\\\/08\\\/19\\\/agencia-bancaria-de-guaira-e-alvo-de-tentativa-de-assalto\\\/\"},\"wordCount\":78,\"commentCount\":0,\"publisher\":{\"@id\":\"https:\\\/\\\/regiaonews.net.br\\\/2022\\\/#organization\"},\"image\":{\"@id\":\"https:\\\/\\\/regiaonews.net.br\\\/2022\\\/2021\\\/08\\\/19\\\/agencia-bancaria-de-guaira-e-alvo-de-tentativa-de-assalto\\\/#primaryimage\"},\"thumbnailUrl\":\"https:\\\/\\\/regiaonews.net.br\\\/2022\\\/wp-content\\\/uploads\\\/2021\\\/08\\\/FB_IMG_1629425478096.jpg\",\"articleSection\":[\"Cidades\",\"Gua\u00edra\",\"Policia\"],\"inLanguage\":\"pt-BR\",\"potentialAction\":[{\"@type\":\"CommentAction\",\"name\":\"Comment\",\"target\":[\"https:\\\/\\\/regiaonews.net.br\\\/2022\\\/2021\\\/08\\\/19\\\/agencia-bancaria-de-guaira-e-alvo-de-tentativa-de-assalto\\\/#respond\"]}]},{\"@type\":\"WebPage\",\"@id\":\"https:\\\/\\\/regiaonews.net.br\\\/2022\\\/2021\\\/08\\\/19\\\/agencia-bancaria-de-guaira-e-alvo-de-tentativa-de-assalto\\\/\",\"url\":\"https:\\\/\\\/regiaonews.net.br\\\/2022\\\/2021\\\/08\\\/19\\\/agencia-bancaria-de-guaira-e-alvo-de-tentativa-de-assalto\\\/\",\"name\":\"Ag\u00eancia banc\u00e1ria de Gua\u00edra \u00e9 alvo de tentativa de assalto - Regi\u00e3o News\",\"isPartOf\":{\"@id\":\"https:\\\/\\\/regiaonews.net.br\\\/2022\\\/#website\"},\"primaryImageOfPage\":{\"@id\":\"https:\\\/\\\/regiaonews.net.br\\\/2022\\\/2021\\\/08\\\/19\\\/agencia-bancaria-de-guaira-e-alvo-de-tentativa-de-assalto\\\/#primaryimage\"},\"image\":{\"@id\":\"https:\\\/\\\/regiaonews.net.br\\\/2022\\\/2021\\\/08\\\/19\\\/agencia-bancaria-de-guaira-e-alvo-de-tentativa-de-assalto\\\/#primaryimage\"},\"thumbnailUrl\":\"https:\\\/\\\/regiaonews.net.br\\\/2022\\\/wp-content\\\/uploads\\\/2021\\\/08\\\/FB_IMG_1629425478096.jpg\",\"datePublished\":\"2021-08-20T02:19:09+00:00\",\"dateModified\":\"2021-08-20T02:19:49+00:00\",\"breadcrumb\":{\"@id\":\"https:\\\/\\\/regiaonews.net.br\\\/2022\\\/2021\\\/08\\\/19\\\/agencia-bancaria-de-guaira-e-alvo-de-tentativa-de-assalto\\\/#breadcrumb\"},\"inLanguage\":\"pt-BR\",\"potentialAction\":[{\"@type\":\"ReadAction\",\"target\":[\"https:\\\/\\\/regiaonews.net.br\\\/2022\\\/2021\\\/08\\\/19\\\/agencia-bancaria-de-guaira-e-alvo-de-tentativa-de-assalto\\\/\"]}]},{\"@type\":\"ImageObject\",\"inLanguage\":\"pt-BR\",\"@id\":\"https:\\\/\\\/regiaonews.net.br\\\/2022\\\/2021\\\/08\\\/19\\\/agencia-bancaria-de-guaira-e-alvo-de-tentativa-de-assalto\\\/#primaryimage\",\"url\":\"https:\\\/\\\/regiaonews.net.br\\\/2022\\\/wp-content\\\/uploads\\\/2021\\\/08\\\/FB_IMG_1629425478096.jpg\",\"contentUrl\":\"https:\\\/\\\/regiaonews.net.br\\\/2022\\\/wp-content\\\/uploads\\\/2021\\\/08\\\/FB_IMG_1629425478096.jpg\",\"width\":960,\"height\":720},{\"@type\":\"BreadcrumbList\",\"@id\":\"https:\\\/\\\/regiaonews.net.br\\\/2022\\\/2021\\\/08\\\/19\\\/agencia-bancaria-de-guaira-e-alvo-de-tentativa-de-assalto\\\/#breadcrumb\",\"itemListElement\":[{\"@type\":\"ListItem\",\"position\":1,\"name\":\"In\u00edcio\",\"item\":\"https:\\\/\\\/regiaonews.net.br\\\/2022\\\/\"},{\"@type\":\"ListItem\",\"position\":2,\"name\":\"Ag\u00eancia banc\u00e1ria de Gua\u00edra \u00e9 alvo de tentativa de assalto\"}]},{\"@type\":\"WebSite\",\"@id\":\"https:\\\/\\\/regiaonews.net.br\\\/2022\\\/#website\",\"url\":\"https:\\\/\\\/regiaonews.net.br\\\/2022\\\/\",\"name\":\"Regi\u00e3o News\",\"description\":\"Site de Not\u00edcias de Barretos e regi\u00e3o\",\"publisher\":{\"@id\":\"https:\\\/\\\/regiaonews.net.br\\\/2022\\\/#organization\"},\"potentialAction\":[{\"@type\":\"SearchAction\",\"target\":{\"@type\":\"EntryPoint\",\"urlTemplate\":\"https:\\\/\\\/regiaonews.net.br\\\/2022\\\/?s={search_term_string}\"},\"query-input\":{\"@type\":\"PropertyValueSpecification\",\"valueRequired\":true,\"valueName\":\"search_term_string\"}}],\"inLanguage\":\"pt-BR\"},{\"@type\":\"Organization\",\"@id\":\"https:\\\/\\\/regiaonews.net.br\\\/2022\\\/#organization\",\"name\":\"Regi\u00e3o News\",\"url\":\"https:\\\/\\\/regiaonews.net.br\\\/2022\\\/\",\"logo\":{\"@type\":\"ImageObject\",\"inLanguage\":\"pt-BR\",\"@id\":\"https:\\\/\\\/regiaonews.net.br\\\/2022\\\/#\\\/schema\\\/logo\\\/image\\\/\",\"url\":\"https:\\\/\\\/regiaonews.net.br\\\/2022\\\/wp-content\\\/uploads\\\/2026\\\/03\\\/regiao-13-anos-scaled.jpg\",\"contentUrl\":\"https:\\\/\\\/regiaonews.net.br\\\/2022\\\/wp-content\\\/uploads\\\/2026\\\/03\\\/regiao-13-anos-scaled.jpg\",\"width\":2560,\"height\":635,\"caption\":\"Regi\u00e3o News\"},\"image\":{\"@id\":\"https:\\\/\\\/regiaonews.net.br\\\/2022\\\/#\\\/schema\\\/logo\\\/image\\\/\"}},{\"@type\":\"Person\",\"@id\":\"https:\\\/\\\/regiaonews.net.br\\\/2022\\\/#\\\/schema\\\/person\\\/2d205a608a5aa97ac279d7a5e6d89ad8\",\"name\":\"Roberto\",\"image\":{\"@type\":\"ImageObject\",\"inLanguage\":\"pt-BR\",\"@id\":\"https:\\\/\\\/secure.gravatar.com\\\/avatar\\\/42749d8b712ff9d59ca93dc150494e5b55a44134482993f5baeb97e61b7ecc89?s=96&d=mm&r=g\",\"url\":\"https:\\\/\\\/secure.gravatar.com\\\/avatar\\\/42749d8b712ff9d59ca93dc150494e5b55a44134482993f5baeb97e61b7ecc89?s=96&d=mm&r=g\",\"contentUrl\":\"https:\\\/\\\/secure.gravatar.com\\\/avatar\\\/42749d8b712ff9d59ca93dc150494e5b55a44134482993f5baeb97e61b7ecc89?s=96&d=mm&r=g\",\"caption\":\"Roberto\"},\"url\":\"https:\\\/\\\/regiaonews.net.br\\\/2022\\\/author\\\/roberto\\\/\"}]}<\/script>\n<!-- \/ Yoast SEO plugin. -->","yoast_head_json":{"title":"Ag\u00eancia banc\u00e1ria de Gua\u00edra \u00e9 alvo de tentativa de assalto - Regi\u00e3o News","robots":{"index":"index","follow":"follow","max-snippet":"max-snippet:-1","max-image-preview":"max-image-preview:large","max-video-preview":"max-video-preview:-1"},"canonical":"https:\/\/regiaonews.net.br\/2022\/2021\/08\/19\/agencia-bancaria-de-guaira-e-alvo-de-tentativa-de-assalto\/","og_locale":"pt_BR","og_type":"article","og_title":"Ag\u00eancia banc\u00e1ria de Gua\u00edra \u00e9 alvo de tentativa de assalto - Regi\u00e3o News","og_description":"Foto &#8211; R\u00e1dio Cultura de Gua\u00edra A ag\u00eancia da Caixa","og_url":"https:\/\/regiaonews.net.br\/2022\/2021\/08\/19\/agencia-bancaria-de-guaira-e-alvo-de-tentativa-de-assalto\/","og_site_name":"Regi\u00e3o News","article_published_time":"2021-08-20T02:19:09+00:00","article_modified_time":"2021-08-20T02:19:49+00:00","og_image":[{"width":960,"height":720,"url":"https:\/\/regiaonews.net.br\/2022\/wp-content\/uploads\/2021\/08\/FB_IMG_1629425478096.jpg","type":"image\/jpeg"}],"author":"Roberto","twitter_card":"summary_large_image","twitter_misc":{"Escrito por":"Roberto"},"schema":{"@context":"https:\/\/schema.org","@graph":[{"@type":"Article","@id":"https:\/\/regiaonews.net.br\/2022\/2021\/08\/19\/agencia-bancaria-de-guaira-e-alvo-de-tentativa-de-assalto\/#article","isPartOf":{"@id":"https:\/\/regiaonews.net.br\/2022\/2021\/08\/19\/agencia-bancaria-de-guaira-e-alvo-de-tentativa-de-assalto\/"},"author":{"name":"Roberto","@id":"https:\/\/regiaonews.net.br\/2022\/#\/schema\/person\/2d205a608a5aa97ac279d7a5e6d89ad8"},"headline":"Ag\u00eancia banc\u00e1ria de Gua\u00edra \u00e9 alvo de tentativa de assalto","datePublished":"2021-08-20T02:19:09+00:00","dateModified":"2021-08-20T02:19:49+00:00","mainEntityOfPage":{"@id":"https:\/\/regiaonews.net.br\/2022\/2021\/08\/19\/agencia-bancaria-de-guaira-e-alvo-de-tentativa-de-assalto\/"},"wordCount":78,"commentCount":0,"publisher":{"@id":"https:\/\/regiaonews.net.br\/2022\/#organization"},"image":{"@id":"https:\/\/regiaonews.net.br\/2022\/2021\/08\/19\/agencia-bancaria-de-guaira-e-alvo-de-tentativa-de-assalto\/#primaryimage"},"thumbnailUrl":"https:\/\/regiaonews.net.br\/2022\/wp-content\/uploads\/2021\/08\/FB_IMG_1629425478096.jpg","articleSection":["Cidades","Gua\u00edra","Policia"],"inLanguage":"pt-BR","potentialAction":[{"@type":"CommentAction","name":"Comment","target":["https:\/\/regiaonews.net.br\/2022\/2021\/08\/19\/agencia-bancaria-de-guaira-e-alvo-de-tentativa-de-assalto\/#respond"]}]},{"@type":"WebPage","@id":"https:\/\/regiaonews.net.br\/2022\/2021\/08\/19\/agencia-bancaria-de-guaira-e-alvo-de-tentativa-de-assalto\/","url":"https:\/\/regiaonews.net.br\/2022\/2021\/08\/19\/agencia-bancaria-de-guaira-e-alvo-de-tentativa-de-assalto\/","name":"Ag\u00eancia banc\u00e1ria de Gua\u00edra \u00e9 alvo de tentativa de assalto - Regi\u00e3o News","isPartOf":{"@id":"https:\/\/regiaonews.net.br\/2022\/#website"},"primaryImageOfPage":{"@id":"https:\/\/regiaonews.net.br\/2022\/2021\/08\/19\/agencia-bancaria-de-guaira-e-alvo-de-tentativa-de-assalto\/#primaryimage"},"image":{"@id":"https:\/\/regiaonews.net.br\/2022\/2021\/08\/19\/agencia-bancaria-de-guaira-e-alvo-de-tentativa-de-assalto\/#primaryimage"},"thumbnailUrl":"https:\/\/regiaonews.net.br\/2022\/wp-content\/uploads\/2021\/08\/FB_IMG_1629425478096.jpg","datePublished":"2021-08-20T02:19:09+00:00","dateModified":"2021-08-20T02:19:49+00:00","breadcrumb":{"@id":"https:\/\/regiaonews.net.br\/2022\/2021\/08\/19\/agencia-bancaria-de-guaira-e-alvo-de-tentativa-de-assalto\/#breadcrumb"},"inLanguage":"pt-BR","potentialAction":[{"@type":"ReadAction","target":["https:\/\/regiaonews.net.br\/2022\/2021\/08\/19\/agencia-bancaria-de-guaira-e-alvo-de-tentativa-de-assalto\/"]}]},{"@type":"ImageObject","inLanguage":"pt-BR","@id":"https:\/\/regiaonews.net.br\/2022\/2021\/08\/19\/agencia-bancaria-de-guaira-e-alvo-de-tentativa-de-assalto\/#primaryimage","url":"https:\/\/regiaonews.net.br\/2022\/wp-content\/uploads\/2021\/08\/FB_IMG_1629425478096.jpg","contentUrl":"https:\/\/regiaonews.net.br\/2022\/wp-content\/uploads\/2021\/08\/FB_IMG_1629425478096.jpg","width":960,"height":720},{"@type":"BreadcrumbList","@id":"https:\/\/regiaonews.net.br\/2022\/2021\/08\/19\/agencia-bancaria-de-guaira-e-alvo-de-tentativa-de-assalto\/#breadcrumb","itemListElement":[{"@type":"ListItem","position":1,"name":"In\u00edcio","item":"https:\/\/regiaonews.net.br\/2022\/"},{"@type":"ListItem","position":2,"name":"Ag\u00eancia banc\u00e1ria de Gua\u00edra \u00e9 alvo de tentativa de assalto"}]},{"@type":"WebSite","@id":"https:\/\/regiaonews.net.br\/2022\/#website","url":"https:\/\/regiaonews.net.br\/2022\/","name":"Regi\u00e3o News","description":"Site de Not\u00edcias de Barretos e regi\u00e3o","publisher":{"@id":"https:\/\/regiaonews.net.br\/2022\/#organization"},"potentialAction":[{"@type":"SearchAction","target":{"@type":"EntryPoint","urlTemplate":"https:\/\/regiaonews.net.br\/2022\/?s={search_term_string}"},"query-input":{"@type":"PropertyValueSpecification","valueRequired":true,"valueName":"search_term_string"}}],"inLanguage":"pt-BR"},{"@type":"Organization","@id":"https:\/\/regiaonews.net.br\/2022\/#organization","name":"Regi\u00e3o News","url":"https:\/\/regiaonews.net.br\/2022\/","logo":{"@type":"ImageObject","inLanguage":"pt-BR","@id":"https:\/\/regiaonews.net.br\/2022\/#\/schema\/logo\/image\/","url":"https:\/\/regiaonews.net.br\/2022\/wp-content\/uploads\/2026\/03\/regiao-13-anos-scaled.jpg","contentUrl":"https:\/\/regiaonews.net.br\/2022\/wp-content\/uploads\/2026\/03\/regiao-13-anos-scaled.jpg","width":2560,"height":635,"caption":"Regi\u00e3o News"},"image":{"@id":"https:\/\/regiaonews.net.br\/2022\/#\/schema\/logo\/image\/"}},{"@type":"Person","@id":"https:\/\/regiaonews.net.br\/2022\/#\/schema\/person\/2d205a608a5aa97ac279d7a5e6d89ad8","name":"Roberto","image":{"@type":"ImageObject","inLanguage":"pt-BR","@id":"https:\/\/secure.gravatar.com\/avatar\/42749d8b712ff9d59ca93dc150494e5b55a44134482993f5baeb97e61b7ecc89?s=96&d=mm&r=g","url":"https:\/\/secure.gravatar.com\/avatar\/42749d8b712ff9d59ca93dc150494e5b55a44134482993f5baeb97e61b7ecc89?s=96&d=mm&r=g","contentUrl":"https:\/\/secure.gravatar.com\/avatar\/42749d8b712ff9d59ca93dc150494e5b55a44134482993f5baeb97e61b7ecc89?s=96&d=mm&r=g","caption":"Roberto"},"url":"https:\/\/regiaonews.net.br\/2022\/author\/roberto\/"}]}},"publishpress_future_action":{"enabled":false,"date":"2026-05-03 03:42:39","action":"change-status","newStatus":"draft","terms":[],"taxonomy":"category","extraData":[]},"publishpress_future_workflow_manual_trigger":{"enabledWorkflows":[]},"_links":{"self":[{"href":"https:\/\/regiaonews.net.br\/2022\/wp-json\/wp\/v2\/posts\/52123","targetHints":{"allow":["GET"]}}],"collection":[{"href":"https:\/\/regiaonews.net.br\/2022\/wp-json\/wp\/v2\/posts"}],"about":[{"href":"https:\/\/regiaonews.net.br\/2022\/wp-json\/wp\/v2\/types\/post"}],"author":[{"embeddable":true,"href":"https:\/\/regiaonews.net.br\/2022\/wp-json\/wp\/v2\/users\/2"}],"replies":[{"embeddable":true,"href":"https:\/\/regiaonews.net.br\/2022\/wp-json\/wp\/v2\/comments?post=52123"}],"version-history":[{"count":0,"href":"https:\/\/regiaonews.net.br\/2022\/wp-json\/wp\/v2\/posts\/52123\/revisions"}],"wp:featuredmedia":[{"embeddable":true,"href":"https:\/\/regiaonews.net.br\/2022\/wp-json\/wp\/v2\/media\/52124"}],"wp:attachment":[{"href":"https:\/\/regiaonews.net.br\/2022\/wp-json\/wp\/v2\/media?parent=52123"}],"wp:term":[{"taxonomy":"category","embeddable":true,"href":"https:\/\/regiaonews.net.br\/2022\/wp-json\/wp\/v2\/categories?post=52123"},{"taxonomy":"post_tag","embeddable":true,"href":"https:\/\/regiaonews.net.br\/2022\/wp-json\/wp\/v2\/tags?post=52123"}],"curies":[{"name":"wp","href":"https:\/\/api.w.org\/{rel}","templated":true}]}}