{"id":51995,"date":"2021-08-17T18:59:05","date_gmt":"2021-08-17T21:59:05","guid":{"rendered":"https:\/\/regiaonews.net.br\/2022\/?p=51995"},"modified":"2021-08-17T18:59:05","modified_gmt":"2021-08-17T21:59:05","slug":"fiscalizacao-aplicou-1-auto-de-infracao-e-realizou-124-vistorias","status":"publish","type":"post","link":"https:\/\/regiaonews.net.br\/2022\/2021\/08\/17\/fiscalizacao-aplicou-1-auto-de-infracao-e-realizou-124-vistorias\/","title":{"rendered":"Fiscaliza\u00e7\u00e3o aplicou 1 auto de infra\u00e7\u00e3o e realizou 124 vistorias"},"content":{"rendered":"<p><a href=\"https:\/\/regiaonews.net.br\/2022\/wp-content\/uploads\/2021\/08\/579c93a0-6397-45e4-8fcb-624400c1730a.jpg\"><img loading=\"lazy\" decoding=\"async\" class=\"alignnone size-medium wp-image-51996\" src=\"https:\/\/regiaonews.net.br\/2022\/wp-content\/uploads\/2021\/08\/579c93a0-6397-45e4-8fcb-624400c1730a-300x152.jpg\" alt=\"\" width=\"300\" height=\"152\" \/><\/a><\/p>\n<p>O relat\u00f3rio de fiscaliza\u00e7\u00e3o das equipes da Vigil\u00e2ncia Sanit\u00e1ria, em parceria a secretaria de Ordem P\u00fablica, Procon e Pol\u00edcia Militar, confirmou que foi elaborado 1 auto de infra\u00e7\u00e3o na blitz de fiscaliza\u00e7\u00e3o desenvolvida entre sexta (13) e domingo (15). A fiscaliza\u00e7\u00e3o realizou tamb\u00e9m 124 vistorias em estabelecimentos comerciais, recebeu 73 den\u00fancias e tamb\u00e9m estevem em 49 eventos e festas organizadas e autorizadas junto a Vigil\u00e2ncia Sanit\u00e1ria. \u201cN\u00f3s tamb\u00e9m realizamos monitoramento na Regi\u00e3o dos Lagos e Zona Rural\u201d, explicou Fl\u00e1vio Nascimento, coordenador da Vigil\u00e2ncia.<\/p>\n","protected":false},"excerpt":{"rendered":"<p>O relat\u00f3rio de fiscaliza\u00e7\u00e3o das equipes da Vigil\u00e2ncia Sanit\u00e1ria, em<\/p>\n","protected":false},"author":2,"featured_media":51996,"comment_status":"open","ping_status":"open","sticky":false,"template":"","format":"standard","meta":{"footnotes":""},"categories":[14,25],"tags":[],"class_list":["post-51995","post","type-post","status-publish","format-standard","has-post-thumbnail","hentry","category-barretos","category-cidades"],"yoast_head":"<!-- This site is optimized with the Yoast SEO plugin v27.4 - https:\/\/yoast.com\/product\/yoast-seo-wordpress\/ -->\n<title>Fiscaliza\u00e7\u00e3o aplicou 1 auto de infra\u00e7\u00e3o e realizou 124 vistorias - Regi\u00e3o News<\/title>\n<meta name=\"robots\" content=\"index, follow, max-snippet:-1, max-image-preview:large, max-video-preview:-1\" \/>\n<link rel=\"canonical\" href=\"https:\/\/regiaonews.net.br\/2022\/2021\/08\/17\/fiscalizacao-aplicou-1-auto-de-infracao-e-realizou-124-vistorias\/\" \/>\n<meta property=\"og:locale\" content=\"pt_BR\" \/>\n<meta property=\"og:type\" content=\"article\" \/>\n<meta property=\"og:title\" content=\"Fiscaliza\u00e7\u00e3o aplicou 1 auto de infra\u00e7\u00e3o e realizou 124 vistorias - Regi\u00e3o News\" \/>\n<meta property=\"og:description\" content=\"O relat\u00f3rio de fiscaliza\u00e7\u00e3o das equipes da Vigil\u00e2ncia Sanit\u00e1ria, em\" \/>\n<meta property=\"og:url\" content=\"https:\/\/regiaonews.net.br\/2022\/2021\/08\/17\/fiscalizacao-aplicou-1-auto-de-infracao-e-realizou-124-vistorias\/\" \/>\n<meta property=\"og:site_name\" content=\"Regi\u00e3o News\" \/>\n<meta property=\"article:published_time\" content=\"2021-08-17T21:59:05+00:00\" \/>\n<meta property=\"og:image\" content=\"https:\/\/regiaonews.net.br\/2022\/wp-content\/uploads\/2021\/08\/579c93a0-6397-45e4-8fcb-624400c1730a.jpg\" \/>\n\t<meta property=\"og:image:width\" content=\"1080\" \/>\n\t<meta property=\"og:image:height\" content=\"548\" \/>\n\t<meta property=\"og:image:type\" content=\"image\/jpeg\" \/>\n<meta name=\"author\" content=\"Roberto\" \/>\n<meta name=\"twitter:card\" content=\"summary_large_image\" \/>\n<meta name=\"twitter:label1\" content=\"Escrito por\" \/>\n\t<meta name=\"twitter:data1\" content=\"Roberto\" \/>\n<script type=\"application\/ld+json\" class=\"yoast-schema-graph\">{\"@context\":\"https:\\\/\\\/schema.org\",\"@graph\":[{\"@type\":\"Article\",\"@id\":\"https:\\\/\\\/regiaonews.net.br\\\/2022\\\/2021\\\/08\\\/17\\\/fiscalizacao-aplicou-1-auto-de-infracao-e-realizou-124-vistorias\\\/#article\",\"isPartOf\":{\"@id\":\"https:\\\/\\\/regiaonews.net.br\\\/2022\\\/2021\\\/08\\\/17\\\/fiscalizacao-aplicou-1-auto-de-infracao-e-realizou-124-vistorias\\\/\"},\"author\":{\"name\":\"Roberto\",\"@id\":\"https:\\\/\\\/regiaonews.net.br\\\/2022\\\/#\\\/schema\\\/person\\\/2d205a608a5aa97ac279d7a5e6d89ad8\"},\"headline\":\"Fiscaliza\u00e7\u00e3o aplicou 1 auto de infra\u00e7\u00e3o e realizou 124 vistorias\",\"datePublished\":\"2021-08-17T21:59:05+00:00\",\"mainEntityOfPage\":{\"@id\":\"https:\\\/\\\/regiaonews.net.br\\\/2022\\\/2021\\\/08\\\/17\\\/fiscalizacao-aplicou-1-auto-de-infracao-e-realizou-124-vistorias\\\/\"},\"wordCount\":106,\"commentCount\":0,\"publisher\":{\"@id\":\"https:\\\/\\\/regiaonews.net.br\\\/2022\\\/#organization\"},\"image\":{\"@id\":\"https:\\\/\\\/regiaonews.net.br\\\/2022\\\/2021\\\/08\\\/17\\\/fiscalizacao-aplicou-1-auto-de-infracao-e-realizou-124-vistorias\\\/#primaryimage\"},\"thumbnailUrl\":\"https:\\\/\\\/regiaonews.net.br\\\/2022\\\/wp-content\\\/uploads\\\/2021\\\/08\\\/579c93a0-6397-45e4-8fcb-624400c1730a.jpg\",\"articleSection\":[\"Barretos\",\"Cidades\"],\"inLanguage\":\"pt-BR\",\"potentialAction\":[{\"@type\":\"CommentAction\",\"name\":\"Comment\",\"target\":[\"https:\\\/\\\/regiaonews.net.br\\\/2022\\\/2021\\\/08\\\/17\\\/fiscalizacao-aplicou-1-auto-de-infracao-e-realizou-124-vistorias\\\/#respond\"]}]},{\"@type\":\"WebPage\",\"@id\":\"https:\\\/\\\/regiaonews.net.br\\\/2022\\\/2021\\\/08\\\/17\\\/fiscalizacao-aplicou-1-auto-de-infracao-e-realizou-124-vistorias\\\/\",\"url\":\"https:\\\/\\\/regiaonews.net.br\\\/2022\\\/2021\\\/08\\\/17\\\/fiscalizacao-aplicou-1-auto-de-infracao-e-realizou-124-vistorias\\\/\",\"name\":\"Fiscaliza\u00e7\u00e3o aplicou 1 auto de infra\u00e7\u00e3o e realizou 124 vistorias - Regi\u00e3o News\",\"isPartOf\":{\"@id\":\"https:\\\/\\\/regiaonews.net.br\\\/2022\\\/#website\"},\"primaryImageOfPage\":{\"@id\":\"https:\\\/\\\/regiaonews.net.br\\\/2022\\\/2021\\\/08\\\/17\\\/fiscalizacao-aplicou-1-auto-de-infracao-e-realizou-124-vistorias\\\/#primaryimage\"},\"image\":{\"@id\":\"https:\\\/\\\/regiaonews.net.br\\\/2022\\\/2021\\\/08\\\/17\\\/fiscalizacao-aplicou-1-auto-de-infracao-e-realizou-124-vistorias\\\/#primaryimage\"},\"thumbnailUrl\":\"https:\\\/\\\/regiaonews.net.br\\\/2022\\\/wp-content\\\/uploads\\\/2021\\\/08\\\/579c93a0-6397-45e4-8fcb-624400c1730a.jpg\",\"datePublished\":\"2021-08-17T21:59:05+00:00\",\"breadcrumb\":{\"@id\":\"https:\\\/\\\/regiaonews.net.br\\\/2022\\\/2021\\\/08\\\/17\\\/fiscalizacao-aplicou-1-auto-de-infracao-e-realizou-124-vistorias\\\/#breadcrumb\"},\"inLanguage\":\"pt-BR\",\"potentialAction\":[{\"@type\":\"ReadAction\",\"target\":[\"https:\\\/\\\/regiaonews.net.br\\\/2022\\\/2021\\\/08\\\/17\\\/fiscalizacao-aplicou-1-auto-de-infracao-e-realizou-124-vistorias\\\/\"]}]},{\"@type\":\"ImageObject\",\"inLanguage\":\"pt-BR\",\"@id\":\"https:\\\/\\\/regiaonews.net.br\\\/2022\\\/2021\\\/08\\\/17\\\/fiscalizacao-aplicou-1-auto-de-infracao-e-realizou-124-vistorias\\\/#primaryimage\",\"url\":\"https:\\\/\\\/regiaonews.net.br\\\/2022\\\/wp-content\\\/uploads\\\/2021\\\/08\\\/579c93a0-6397-45e4-8fcb-624400c1730a.jpg\",\"contentUrl\":\"https:\\\/\\\/regiaonews.net.br\\\/2022\\\/wp-content\\\/uploads\\\/2021\\\/08\\\/579c93a0-6397-45e4-8fcb-624400c1730a.jpg\",\"width\":1080,\"height\":548},{\"@type\":\"BreadcrumbList\",\"@id\":\"https:\\\/\\\/regiaonews.net.br\\\/2022\\\/2021\\\/08\\\/17\\\/fiscalizacao-aplicou-1-auto-de-infracao-e-realizou-124-vistorias\\\/#breadcrumb\",\"itemListElement\":[{\"@type\":\"ListItem\",\"position\":1,\"name\":\"In\u00edcio\",\"item\":\"https:\\\/\\\/regiaonews.net.br\\\/2022\\\/\"},{\"@type\":\"ListItem\",\"position\":2,\"name\":\"Fiscaliza\u00e7\u00e3o aplicou 1 auto de infra\u00e7\u00e3o e realizou 124 vistorias\"}]},{\"@type\":\"WebSite\",\"@id\":\"https:\\\/\\\/regiaonews.net.br\\\/2022\\\/#website\",\"url\":\"https:\\\/\\\/regiaonews.net.br\\\/2022\\\/\",\"name\":\"Regi\u00e3o News\",\"description\":\"Site de Not\u00edcias de Barretos e regi\u00e3o\",\"publisher\":{\"@id\":\"https:\\\/\\\/regiaonews.net.br\\\/2022\\\/#organization\"},\"potentialAction\":[{\"@type\":\"SearchAction\",\"target\":{\"@type\":\"EntryPoint\",\"urlTemplate\":\"https:\\\/\\\/regiaonews.net.br\\\/2022\\\/?s={search_term_string}\"},\"query-input\":{\"@type\":\"PropertyValueSpecification\",\"valueRequired\":true,\"valueName\":\"search_term_string\"}}],\"inLanguage\":\"pt-BR\"},{\"@type\":\"Organization\",\"@id\":\"https:\\\/\\\/regiaonews.net.br\\\/2022\\\/#organization\",\"name\":\"Regi\u00e3o News\",\"url\":\"https:\\\/\\\/regiaonews.net.br\\\/2022\\\/\",\"logo\":{\"@type\":\"ImageObject\",\"inLanguage\":\"pt-BR\",\"@id\":\"https:\\\/\\\/regiaonews.net.br\\\/2022\\\/#\\\/schema\\\/logo\\\/image\\\/\",\"url\":\"https:\\\/\\\/regiaonews.net.br\\\/2022\\\/wp-content\\\/uploads\\\/2026\\\/03\\\/regiao-13-anos-scaled.jpg\",\"contentUrl\":\"https:\\\/\\\/regiaonews.net.br\\\/2022\\\/wp-content\\\/uploads\\\/2026\\\/03\\\/regiao-13-anos-scaled.jpg\",\"width\":2560,\"height\":635,\"caption\":\"Regi\u00e3o News\"},\"image\":{\"@id\":\"https:\\\/\\\/regiaonews.net.br\\\/2022\\\/#\\\/schema\\\/logo\\\/image\\\/\"}},{\"@type\":\"Person\",\"@id\":\"https:\\\/\\\/regiaonews.net.br\\\/2022\\\/#\\\/schema\\\/person\\\/2d205a608a5aa97ac279d7a5e6d89ad8\",\"name\":\"Roberto\",\"image\":{\"@type\":\"ImageObject\",\"inLanguage\":\"pt-BR\",\"@id\":\"https:\\\/\\\/secure.gravatar.com\\\/avatar\\\/42749d8b712ff9d59ca93dc150494e5b55a44134482993f5baeb97e61b7ecc89?s=96&d=mm&r=g\",\"url\":\"https:\\\/\\\/secure.gravatar.com\\\/avatar\\\/42749d8b712ff9d59ca93dc150494e5b55a44134482993f5baeb97e61b7ecc89?s=96&d=mm&r=g\",\"contentUrl\":\"https:\\\/\\\/secure.gravatar.com\\\/avatar\\\/42749d8b712ff9d59ca93dc150494e5b55a44134482993f5baeb97e61b7ecc89?s=96&d=mm&r=g\",\"caption\":\"Roberto\"},\"url\":\"https:\\\/\\\/regiaonews.net.br\\\/2022\\\/author\\\/roberto\\\/\"}]}<\/script>\n<!-- \/ Yoast SEO plugin. -->","yoast_head_json":{"title":"Fiscaliza\u00e7\u00e3o aplicou 1 auto de infra\u00e7\u00e3o e realizou 124 vistorias - Regi\u00e3o News","robots":{"index":"index","follow":"follow","max-snippet":"max-snippet:-1","max-image-preview":"max-image-preview:large","max-video-preview":"max-video-preview:-1"},"canonical":"https:\/\/regiaonews.net.br\/2022\/2021\/08\/17\/fiscalizacao-aplicou-1-auto-de-infracao-e-realizou-124-vistorias\/","og_locale":"pt_BR","og_type":"article","og_title":"Fiscaliza\u00e7\u00e3o aplicou 1 auto de infra\u00e7\u00e3o e realizou 124 vistorias - Regi\u00e3o News","og_description":"O relat\u00f3rio de fiscaliza\u00e7\u00e3o das equipes da Vigil\u00e2ncia Sanit\u00e1ria, em","og_url":"https:\/\/regiaonews.net.br\/2022\/2021\/08\/17\/fiscalizacao-aplicou-1-auto-de-infracao-e-realizou-124-vistorias\/","og_site_name":"Regi\u00e3o News","article_published_time":"2021-08-17T21:59:05+00:00","og_image":[{"width":1080,"height":548,"url":"https:\/\/regiaonews.net.br\/2022\/wp-content\/uploads\/2021\/08\/579c93a0-6397-45e4-8fcb-624400c1730a.jpg","type":"image\/jpeg"}],"author":"Roberto","twitter_card":"summary_large_image","twitter_misc":{"Escrito por":"Roberto"},"schema":{"@context":"https:\/\/schema.org","@graph":[{"@type":"Article","@id":"https:\/\/regiaonews.net.br\/2022\/2021\/08\/17\/fiscalizacao-aplicou-1-auto-de-infracao-e-realizou-124-vistorias\/#article","isPartOf":{"@id":"https:\/\/regiaonews.net.br\/2022\/2021\/08\/17\/fiscalizacao-aplicou-1-auto-de-infracao-e-realizou-124-vistorias\/"},"author":{"name":"Roberto","@id":"https:\/\/regiaonews.net.br\/2022\/#\/schema\/person\/2d205a608a5aa97ac279d7a5e6d89ad8"},"headline":"Fiscaliza\u00e7\u00e3o aplicou 1 auto de infra\u00e7\u00e3o e realizou 124 vistorias","datePublished":"2021-08-17T21:59:05+00:00","mainEntityOfPage":{"@id":"https:\/\/regiaonews.net.br\/2022\/2021\/08\/17\/fiscalizacao-aplicou-1-auto-de-infracao-e-realizou-124-vistorias\/"},"wordCount":106,"commentCount":0,"publisher":{"@id":"https:\/\/regiaonews.net.br\/2022\/#organization"},"image":{"@id":"https:\/\/regiaonews.net.br\/2022\/2021\/08\/17\/fiscalizacao-aplicou-1-auto-de-infracao-e-realizou-124-vistorias\/#primaryimage"},"thumbnailUrl":"https:\/\/regiaonews.net.br\/2022\/wp-content\/uploads\/2021\/08\/579c93a0-6397-45e4-8fcb-624400c1730a.jpg","articleSection":["Barretos","Cidades"],"inLanguage":"pt-BR","potentialAction":[{"@type":"CommentAction","name":"Comment","target":["https:\/\/regiaonews.net.br\/2022\/2021\/08\/17\/fiscalizacao-aplicou-1-auto-de-infracao-e-realizou-124-vistorias\/#respond"]}]},{"@type":"WebPage","@id":"https:\/\/regiaonews.net.br\/2022\/2021\/08\/17\/fiscalizacao-aplicou-1-auto-de-infracao-e-realizou-124-vistorias\/","url":"https:\/\/regiaonews.net.br\/2022\/2021\/08\/17\/fiscalizacao-aplicou-1-auto-de-infracao-e-realizou-124-vistorias\/","name":"Fiscaliza\u00e7\u00e3o aplicou 1 auto de infra\u00e7\u00e3o e realizou 124 vistorias - Regi\u00e3o News","isPartOf":{"@id":"https:\/\/regiaonews.net.br\/2022\/#website"},"primaryImageOfPage":{"@id":"https:\/\/regiaonews.net.br\/2022\/2021\/08\/17\/fiscalizacao-aplicou-1-auto-de-infracao-e-realizou-124-vistorias\/#primaryimage"},"image":{"@id":"https:\/\/regiaonews.net.br\/2022\/2021\/08\/17\/fiscalizacao-aplicou-1-auto-de-infracao-e-realizou-124-vistorias\/#primaryimage"},"thumbnailUrl":"https:\/\/regiaonews.net.br\/2022\/wp-content\/uploads\/2021\/08\/579c93a0-6397-45e4-8fcb-624400c1730a.jpg","datePublished":"2021-08-17T21:59:05+00:00","breadcrumb":{"@id":"https:\/\/regiaonews.net.br\/2022\/2021\/08\/17\/fiscalizacao-aplicou-1-auto-de-infracao-e-realizou-124-vistorias\/#breadcrumb"},"inLanguage":"pt-BR","potentialAction":[{"@type":"ReadAction","target":["https:\/\/regiaonews.net.br\/2022\/2021\/08\/17\/fiscalizacao-aplicou-1-auto-de-infracao-e-realizou-124-vistorias\/"]}]},{"@type":"ImageObject","inLanguage":"pt-BR","@id":"https:\/\/regiaonews.net.br\/2022\/2021\/08\/17\/fiscalizacao-aplicou-1-auto-de-infracao-e-realizou-124-vistorias\/#primaryimage","url":"https:\/\/regiaonews.net.br\/2022\/wp-content\/uploads\/2021\/08\/579c93a0-6397-45e4-8fcb-624400c1730a.jpg","contentUrl":"https:\/\/regiaonews.net.br\/2022\/wp-content\/uploads\/2021\/08\/579c93a0-6397-45e4-8fcb-624400c1730a.jpg","width":1080,"height":548},{"@type":"BreadcrumbList","@id":"https:\/\/regiaonews.net.br\/2022\/2021\/08\/17\/fiscalizacao-aplicou-1-auto-de-infracao-e-realizou-124-vistorias\/#breadcrumb","itemListElement":[{"@type":"ListItem","position":1,"name":"In\u00edcio","item":"https:\/\/regiaonews.net.br\/2022\/"},{"@type":"ListItem","position":2,"name":"Fiscaliza\u00e7\u00e3o aplicou 1 auto de infra\u00e7\u00e3o e realizou 124 vistorias"}]},{"@type":"WebSite","@id":"https:\/\/regiaonews.net.br\/2022\/#website","url":"https:\/\/regiaonews.net.br\/2022\/","name":"Regi\u00e3o News","description":"Site de Not\u00edcias de Barretos e regi\u00e3o","publisher":{"@id":"https:\/\/regiaonews.net.br\/2022\/#organization"},"potentialAction":[{"@type":"SearchAction","target":{"@type":"EntryPoint","urlTemplate":"https:\/\/regiaonews.net.br\/2022\/?s={search_term_string}"},"query-input":{"@type":"PropertyValueSpecification","valueRequired":true,"valueName":"search_term_string"}}],"inLanguage":"pt-BR"},{"@type":"Organization","@id":"https:\/\/regiaonews.net.br\/2022\/#organization","name":"Regi\u00e3o News","url":"https:\/\/regiaonews.net.br\/2022\/","logo":{"@type":"ImageObject","inLanguage":"pt-BR","@id":"https:\/\/regiaonews.net.br\/2022\/#\/schema\/logo\/image\/","url":"https:\/\/regiaonews.net.br\/2022\/wp-content\/uploads\/2026\/03\/regiao-13-anos-scaled.jpg","contentUrl":"https:\/\/regiaonews.net.br\/2022\/wp-content\/uploads\/2026\/03\/regiao-13-anos-scaled.jpg","width":2560,"height":635,"caption":"Regi\u00e3o News"},"image":{"@id":"https:\/\/regiaonews.net.br\/2022\/#\/schema\/logo\/image\/"}},{"@type":"Person","@id":"https:\/\/regiaonews.net.br\/2022\/#\/schema\/person\/2d205a608a5aa97ac279d7a5e6d89ad8","name":"Roberto","image":{"@type":"ImageObject","inLanguage":"pt-BR","@id":"https:\/\/secure.gravatar.com\/avatar\/42749d8b712ff9d59ca93dc150494e5b55a44134482993f5baeb97e61b7ecc89?s=96&d=mm&r=g","url":"https:\/\/secure.gravatar.com\/avatar\/42749d8b712ff9d59ca93dc150494e5b55a44134482993f5baeb97e61b7ecc89?s=96&d=mm&r=g","contentUrl":"https:\/\/secure.gravatar.com\/avatar\/42749d8b712ff9d59ca93dc150494e5b55a44134482993f5baeb97e61b7ecc89?s=96&d=mm&r=g","caption":"Roberto"},"url":"https:\/\/regiaonews.net.br\/2022\/author\/roberto\/"}]}},"publishpress_future_action":{"enabled":false,"date":"2026-05-03 22:57:17","action":"change-status","newStatus":"draft","terms":[],"taxonomy":"category","extraData":[]},"publishpress_future_workflow_manual_trigger":{"enabledWorkflows":[]},"_links":{"self":[{"href":"https:\/\/regiaonews.net.br\/2022\/wp-json\/wp\/v2\/posts\/51995","targetHints":{"allow":["GET"]}}],"collection":[{"href":"https:\/\/regiaonews.net.br\/2022\/wp-json\/wp\/v2\/posts"}],"about":[{"href":"https:\/\/regiaonews.net.br\/2022\/wp-json\/wp\/v2\/types\/post"}],"author":[{"embeddable":true,"href":"https:\/\/regiaonews.net.br\/2022\/wp-json\/wp\/v2\/users\/2"}],"replies":[{"embeddable":true,"href":"https:\/\/regiaonews.net.br\/2022\/wp-json\/wp\/v2\/comments?post=51995"}],"version-history":[{"count":0,"href":"https:\/\/regiaonews.net.br\/2022\/wp-json\/wp\/v2\/posts\/51995\/revisions"}],"wp:featuredmedia":[{"embeddable":true,"href":"https:\/\/regiaonews.net.br\/2022\/wp-json\/wp\/v2\/media\/51996"}],"wp:attachment":[{"href":"https:\/\/regiaonews.net.br\/2022\/wp-json\/wp\/v2\/media?parent=51995"}],"wp:term":[{"taxonomy":"category","embeddable":true,"href":"https:\/\/regiaonews.net.br\/2022\/wp-json\/wp\/v2\/categories?post=51995"},{"taxonomy":"post_tag","embeddable":true,"href":"https:\/\/regiaonews.net.br\/2022\/wp-json\/wp\/v2\/tags?post=51995"}],"curies":[{"name":"wp","href":"https:\/\/api.w.org\/{rel}","templated":true}]}}