{"id":51574,"date":"2021-08-10T06:34:54","date_gmt":"2021-08-10T09:34:54","guid":{"rendered":"https:\/\/regiaonews.net.br\/2022\/?p=51574"},"modified":"2021-08-10T06:34:54","modified_gmt":"2021-08-10T09:34:54","slug":"delegada-da-ddm-destaca-os-15-anos-da-lei-maria-da-penha","status":"publish","type":"post","link":"https:\/\/regiaonews.net.br\/2022\/2021\/08\/10\/delegada-da-ddm-destaca-os-15-anos-da-lei-maria-da-penha\/","title":{"rendered":"Delegada da DDM destaca os 15 anos da Lei Maria da Penha"},"content":{"rendered":"<p><a href=\"https:\/\/regiaonews.net.br\/2022\/wp-content\/uploads\/2020\/07\/Dra-Denise-Polizelli.jpg\"><img loading=\"lazy\" decoding=\"async\" class=\"alignnone size-medium wp-image-35608\" src=\"https:\/\/regiaonews.net.br\/2022\/wp-content\/uploads\/2020\/07\/Dra-Denise-Polizelli-300x258.jpg\" alt=\"\" width=\"300\" height=\"258\" \/><\/a><\/p>\n<p>Delegada avalia os 15 anos da Lei Maria da Penha<\/p>\n<p>Foto \u2013 Delegada Dra Denise Polizelli, titular da DDM de Barretos<\/p>\n<p>No \u00faltimo s\u00e1bado, dia 7, a Lei Maria da Penha completou 15 anos. De acordo com a delegada Dra. Denise Polizelli, titular da Delegacia de Defesa da Mulher, a data \u00e9 comemorada por muitos, mas tamb\u00e9m temos que questionar se n\u00e3o \u00e9 um dia para se lamentar.<br \/>\nSegundo a delegada, a Lei Maria da Penha foi criada para proteger a mulher em suas rela\u00e7\u00f5es dom\u00e9sticas, familiares e amorosas, ou seja, se volta para aqueles que se relacionam com as v\u00edtimas em suas intimidades, em seus la\u00e7os de afeto. \u201cMas, se o esperado de um relacionamento afetivo ou amoroso, como as pr\u00f3prias palavras dizem, seria afeto e amor, encontramos desrespeito, viol\u00eancia, abusividade, controle, manipula\u00e7\u00e3o, agress\u00e3o, amea\u00e7a, persegui\u00e7\u00e3o. A lei surgiu a partir do caso da Maria da Penha, que mesmo ap\u00f3s quase ser morta por seu marido, o caso n\u00e3o teve andamento\u201d, lembrou Dra. Denise.<br \/>\nA Lei Maria da Penha, teve o objetivo de dar instrumentos para de fato defender essas mulheres, foi uma grande inova\u00e7\u00e3o no ordenamento jur\u00eddico brasileiro, tirando as infra\u00e7\u00f5es de menor gravidade do rol daquelas submetidas ao Juizado Especial Criminal e, assim, proibiu a convers\u00e3o da pena em cestas b\u00e1sicas. Mais tarde, criou o crime de descumprimento das medidas protetivas de urg\u00eancia, para dar maior coercitividade. \u201cTodos os instrumentos que protegem mulheres devem ser comemorados, pois uma sociedade que ainda aprisiona mulheres em papeis de submiss\u00e3o e as condiciona a permanecerem em relacionamentos abusivos e violentos necessita de uma lei dessas. Por\u00e9m, eu ainda sonho com o dia em que essa lei n\u00e3o mais ser\u00e1 necess\u00e1ria e que n\u00e3o tenhamos mais que comemorar sua exist\u00eancia, ou melhor, lamentar sua necessidade. Se precisamos dessa lei, \u00e9 porque ainda temos muito que evoluir como sociedade quanto ao respeito \u00e0s mulheres e equidade de g\u00eaneros\u201d, afirmou a delegada Denise.<\/p>\n","protected":false},"excerpt":{"rendered":"<p>Delegada avalia os 15 anos da Lei Maria da Penha<\/p>\n","protected":false},"author":2,"featured_media":35608,"comment_status":"open","ping_status":"open","sticky":false,"template":"","format":"standard","meta":{"footnotes":""},"categories":[14,25,23],"tags":[],"class_list":["post-51574","post","type-post","status-publish","format-standard","has-post-thumbnail","hentry","category-barretos","category-cidades","category-policia"],"yoast_head":"<!-- This site is optimized with the Yoast SEO plugin v27.4 - https:\/\/yoast.com\/product\/yoast-seo-wordpress\/ -->\n<title>Delegada da DDM destaca os 15 anos da Lei Maria da Penha - Regi\u00e3o News<\/title>\n<meta name=\"robots\" content=\"index, follow, max-snippet:-1, max-image-preview:large, max-video-preview:-1\" \/>\n<link rel=\"canonical\" href=\"https:\/\/regiaonews.net.br\/2022\/2021\/08\/10\/delegada-da-ddm-destaca-os-15-anos-da-lei-maria-da-penha\/\" \/>\n<meta property=\"og:locale\" content=\"pt_BR\" \/>\n<meta property=\"og:type\" content=\"article\" \/>\n<meta property=\"og:title\" content=\"Delegada da DDM destaca os 15 anos da Lei Maria da Penha - Regi\u00e3o News\" \/>\n<meta property=\"og:description\" content=\"Delegada avalia os 15 anos da Lei Maria da Penha\" \/>\n<meta property=\"og:url\" content=\"https:\/\/regiaonews.net.br\/2022\/2021\/08\/10\/delegada-da-ddm-destaca-os-15-anos-da-lei-maria-da-penha\/\" \/>\n<meta property=\"og:site_name\" content=\"Regi\u00e3o News\" \/>\n<meta property=\"article:published_time\" content=\"2021-08-10T09:34:54+00:00\" \/>\n<meta property=\"og:image\" content=\"https:\/\/regiaonews.net.br\/2022\/wp-content\/uploads\/2020\/07\/Dra-Denise-Polizelli.jpg\" \/>\n\t<meta property=\"og:image:width\" content=\"343\" \/>\n\t<meta property=\"og:image:height\" content=\"295\" \/>\n\t<meta property=\"og:image:type\" content=\"image\/jpeg\" \/>\n<meta name=\"author\" content=\"Roberto\" \/>\n<meta name=\"twitter:card\" content=\"summary_large_image\" \/>\n<meta name=\"twitter:label1\" content=\"Escrito por\" \/>\n\t<meta name=\"twitter:data1\" content=\"Roberto\" \/>\n\t<meta name=\"twitter:label2\" content=\"Est. tempo de leitura\" \/>\n\t<meta name=\"twitter:data2\" content=\"2 minutos\" \/>\n<script type=\"application\/ld+json\" class=\"yoast-schema-graph\">{\"@context\":\"https:\\\/\\\/schema.org\",\"@graph\":[{\"@type\":\"Article\",\"@id\":\"https:\\\/\\\/regiaonews.net.br\\\/2022\\\/2021\\\/08\\\/10\\\/delegada-da-ddm-destaca-os-15-anos-da-lei-maria-da-penha\\\/#article\",\"isPartOf\":{\"@id\":\"https:\\\/\\\/regiaonews.net.br\\\/2022\\\/2021\\\/08\\\/10\\\/delegada-da-ddm-destaca-os-15-anos-da-lei-maria-da-penha\\\/\"},\"author\":{\"name\":\"Roberto\",\"@id\":\"https:\\\/\\\/regiaonews.net.br\\\/2022\\\/#\\\/schema\\\/person\\\/2d205a608a5aa97ac279d7a5e6d89ad8\"},\"headline\":\"Delegada da DDM destaca os 15 anos da Lei Maria da Penha\",\"datePublished\":\"2021-08-10T09:34:54+00:00\",\"mainEntityOfPage\":{\"@id\":\"https:\\\/\\\/regiaonews.net.br\\\/2022\\\/2021\\\/08\\\/10\\\/delegada-da-ddm-destaca-os-15-anos-da-lei-maria-da-penha\\\/\"},\"wordCount\":352,\"commentCount\":0,\"publisher\":{\"@id\":\"https:\\\/\\\/regiaonews.net.br\\\/2022\\\/#organization\"},\"image\":{\"@id\":\"https:\\\/\\\/regiaonews.net.br\\\/2022\\\/2021\\\/08\\\/10\\\/delegada-da-ddm-destaca-os-15-anos-da-lei-maria-da-penha\\\/#primaryimage\"},\"thumbnailUrl\":\"https:\\\/\\\/regiaonews.net.br\\\/2022\\\/wp-content\\\/uploads\\\/2020\\\/07\\\/Dra-Denise-Polizelli.jpg\",\"articleSection\":[\"Barretos\",\"Cidades\",\"Policia\"],\"inLanguage\":\"pt-BR\",\"potentialAction\":[{\"@type\":\"CommentAction\",\"name\":\"Comment\",\"target\":[\"https:\\\/\\\/regiaonews.net.br\\\/2022\\\/2021\\\/08\\\/10\\\/delegada-da-ddm-destaca-os-15-anos-da-lei-maria-da-penha\\\/#respond\"]}]},{\"@type\":\"WebPage\",\"@id\":\"https:\\\/\\\/regiaonews.net.br\\\/2022\\\/2021\\\/08\\\/10\\\/delegada-da-ddm-destaca-os-15-anos-da-lei-maria-da-penha\\\/\",\"url\":\"https:\\\/\\\/regiaonews.net.br\\\/2022\\\/2021\\\/08\\\/10\\\/delegada-da-ddm-destaca-os-15-anos-da-lei-maria-da-penha\\\/\",\"name\":\"Delegada da DDM destaca os 15 anos da Lei Maria da Penha - Regi\u00e3o News\",\"isPartOf\":{\"@id\":\"https:\\\/\\\/regiaonews.net.br\\\/2022\\\/#website\"},\"primaryImageOfPage\":{\"@id\":\"https:\\\/\\\/regiaonews.net.br\\\/2022\\\/2021\\\/08\\\/10\\\/delegada-da-ddm-destaca-os-15-anos-da-lei-maria-da-penha\\\/#primaryimage\"},\"image\":{\"@id\":\"https:\\\/\\\/regiaonews.net.br\\\/2022\\\/2021\\\/08\\\/10\\\/delegada-da-ddm-destaca-os-15-anos-da-lei-maria-da-penha\\\/#primaryimage\"},\"thumbnailUrl\":\"https:\\\/\\\/regiaonews.net.br\\\/2022\\\/wp-content\\\/uploads\\\/2020\\\/07\\\/Dra-Denise-Polizelli.jpg\",\"datePublished\":\"2021-08-10T09:34:54+00:00\",\"breadcrumb\":{\"@id\":\"https:\\\/\\\/regiaonews.net.br\\\/2022\\\/2021\\\/08\\\/10\\\/delegada-da-ddm-destaca-os-15-anos-da-lei-maria-da-penha\\\/#breadcrumb\"},\"inLanguage\":\"pt-BR\",\"potentialAction\":[{\"@type\":\"ReadAction\",\"target\":[\"https:\\\/\\\/regiaonews.net.br\\\/2022\\\/2021\\\/08\\\/10\\\/delegada-da-ddm-destaca-os-15-anos-da-lei-maria-da-penha\\\/\"]}]},{\"@type\":\"ImageObject\",\"inLanguage\":\"pt-BR\",\"@id\":\"https:\\\/\\\/regiaonews.net.br\\\/2022\\\/2021\\\/08\\\/10\\\/delegada-da-ddm-destaca-os-15-anos-da-lei-maria-da-penha\\\/#primaryimage\",\"url\":\"https:\\\/\\\/regiaonews.net.br\\\/2022\\\/wp-content\\\/uploads\\\/2020\\\/07\\\/Dra-Denise-Polizelli.jpg\",\"contentUrl\":\"https:\\\/\\\/regiaonews.net.br\\\/2022\\\/wp-content\\\/uploads\\\/2020\\\/07\\\/Dra-Denise-Polizelli.jpg\",\"width\":343,\"height\":295},{\"@type\":\"BreadcrumbList\",\"@id\":\"https:\\\/\\\/regiaonews.net.br\\\/2022\\\/2021\\\/08\\\/10\\\/delegada-da-ddm-destaca-os-15-anos-da-lei-maria-da-penha\\\/#breadcrumb\",\"itemListElement\":[{\"@type\":\"ListItem\",\"position\":1,\"name\":\"In\u00edcio\",\"item\":\"https:\\\/\\\/regiaonews.net.br\\\/2022\\\/\"},{\"@type\":\"ListItem\",\"position\":2,\"name\":\"Delegada da DDM destaca os 15 anos da Lei Maria da Penha\"}]},{\"@type\":\"WebSite\",\"@id\":\"https:\\\/\\\/regiaonews.net.br\\\/2022\\\/#website\",\"url\":\"https:\\\/\\\/regiaonews.net.br\\\/2022\\\/\",\"name\":\"Regi\u00e3o News\",\"description\":\"Site de Not\u00edcias de Barretos e regi\u00e3o\",\"publisher\":{\"@id\":\"https:\\\/\\\/regiaonews.net.br\\\/2022\\\/#organization\"},\"potentialAction\":[{\"@type\":\"SearchAction\",\"target\":{\"@type\":\"EntryPoint\",\"urlTemplate\":\"https:\\\/\\\/regiaonews.net.br\\\/2022\\\/?s={search_term_string}\"},\"query-input\":{\"@type\":\"PropertyValueSpecification\",\"valueRequired\":true,\"valueName\":\"search_term_string\"}}],\"inLanguage\":\"pt-BR\"},{\"@type\":\"Organization\",\"@id\":\"https:\\\/\\\/regiaonews.net.br\\\/2022\\\/#organization\",\"name\":\"Regi\u00e3o News\",\"url\":\"https:\\\/\\\/regiaonews.net.br\\\/2022\\\/\",\"logo\":{\"@type\":\"ImageObject\",\"inLanguage\":\"pt-BR\",\"@id\":\"https:\\\/\\\/regiaonews.net.br\\\/2022\\\/#\\\/schema\\\/logo\\\/image\\\/\",\"url\":\"https:\\\/\\\/regiaonews.net.br\\\/2022\\\/wp-content\\\/uploads\\\/2026\\\/03\\\/regiao-13-anos-scaled.jpg\",\"contentUrl\":\"https:\\\/\\\/regiaonews.net.br\\\/2022\\\/wp-content\\\/uploads\\\/2026\\\/03\\\/regiao-13-anos-scaled.jpg\",\"width\":2560,\"height\":635,\"caption\":\"Regi\u00e3o News\"},\"image\":{\"@id\":\"https:\\\/\\\/regiaonews.net.br\\\/2022\\\/#\\\/schema\\\/logo\\\/image\\\/\"}},{\"@type\":\"Person\",\"@id\":\"https:\\\/\\\/regiaonews.net.br\\\/2022\\\/#\\\/schema\\\/person\\\/2d205a608a5aa97ac279d7a5e6d89ad8\",\"name\":\"Roberto\",\"image\":{\"@type\":\"ImageObject\",\"inLanguage\":\"pt-BR\",\"@id\":\"https:\\\/\\\/secure.gravatar.com\\\/avatar\\\/42749d8b712ff9d59ca93dc150494e5b55a44134482993f5baeb97e61b7ecc89?s=96&d=mm&r=g\",\"url\":\"https:\\\/\\\/secure.gravatar.com\\\/avatar\\\/42749d8b712ff9d59ca93dc150494e5b55a44134482993f5baeb97e61b7ecc89?s=96&d=mm&r=g\",\"contentUrl\":\"https:\\\/\\\/secure.gravatar.com\\\/avatar\\\/42749d8b712ff9d59ca93dc150494e5b55a44134482993f5baeb97e61b7ecc89?s=96&d=mm&r=g\",\"caption\":\"Roberto\"},\"url\":\"https:\\\/\\\/regiaonews.net.br\\\/2022\\\/author\\\/roberto\\\/\"}]}<\/script>\n<!-- \/ Yoast SEO plugin. -->","yoast_head_json":{"title":"Delegada da DDM destaca os 15 anos da Lei Maria da Penha - Regi\u00e3o News","robots":{"index":"index","follow":"follow","max-snippet":"max-snippet:-1","max-image-preview":"max-image-preview:large","max-video-preview":"max-video-preview:-1"},"canonical":"https:\/\/regiaonews.net.br\/2022\/2021\/08\/10\/delegada-da-ddm-destaca-os-15-anos-da-lei-maria-da-penha\/","og_locale":"pt_BR","og_type":"article","og_title":"Delegada da DDM destaca os 15 anos da Lei Maria da Penha - Regi\u00e3o News","og_description":"Delegada avalia os 15 anos da Lei Maria da Penha","og_url":"https:\/\/regiaonews.net.br\/2022\/2021\/08\/10\/delegada-da-ddm-destaca-os-15-anos-da-lei-maria-da-penha\/","og_site_name":"Regi\u00e3o News","article_published_time":"2021-08-10T09:34:54+00:00","og_image":[{"width":343,"height":295,"url":"https:\/\/regiaonews.net.br\/2022\/wp-content\/uploads\/2020\/07\/Dra-Denise-Polizelli.jpg","type":"image\/jpeg"}],"author":"Roberto","twitter_card":"summary_large_image","twitter_misc":{"Escrito por":"Roberto","Est. tempo de leitura":"2 minutos"},"schema":{"@context":"https:\/\/schema.org","@graph":[{"@type":"Article","@id":"https:\/\/regiaonews.net.br\/2022\/2021\/08\/10\/delegada-da-ddm-destaca-os-15-anos-da-lei-maria-da-penha\/#article","isPartOf":{"@id":"https:\/\/regiaonews.net.br\/2022\/2021\/08\/10\/delegada-da-ddm-destaca-os-15-anos-da-lei-maria-da-penha\/"},"author":{"name":"Roberto","@id":"https:\/\/regiaonews.net.br\/2022\/#\/schema\/person\/2d205a608a5aa97ac279d7a5e6d89ad8"},"headline":"Delegada da DDM destaca os 15 anos da Lei Maria da Penha","datePublished":"2021-08-10T09:34:54+00:00","mainEntityOfPage":{"@id":"https:\/\/regiaonews.net.br\/2022\/2021\/08\/10\/delegada-da-ddm-destaca-os-15-anos-da-lei-maria-da-penha\/"},"wordCount":352,"commentCount":0,"publisher":{"@id":"https:\/\/regiaonews.net.br\/2022\/#organization"},"image":{"@id":"https:\/\/regiaonews.net.br\/2022\/2021\/08\/10\/delegada-da-ddm-destaca-os-15-anos-da-lei-maria-da-penha\/#primaryimage"},"thumbnailUrl":"https:\/\/regiaonews.net.br\/2022\/wp-content\/uploads\/2020\/07\/Dra-Denise-Polizelli.jpg","articleSection":["Barretos","Cidades","Policia"],"inLanguage":"pt-BR","potentialAction":[{"@type":"CommentAction","name":"Comment","target":["https:\/\/regiaonews.net.br\/2022\/2021\/08\/10\/delegada-da-ddm-destaca-os-15-anos-da-lei-maria-da-penha\/#respond"]}]},{"@type":"WebPage","@id":"https:\/\/regiaonews.net.br\/2022\/2021\/08\/10\/delegada-da-ddm-destaca-os-15-anos-da-lei-maria-da-penha\/","url":"https:\/\/regiaonews.net.br\/2022\/2021\/08\/10\/delegada-da-ddm-destaca-os-15-anos-da-lei-maria-da-penha\/","name":"Delegada da DDM destaca os 15 anos da Lei Maria da Penha - Regi\u00e3o News","isPartOf":{"@id":"https:\/\/regiaonews.net.br\/2022\/#website"},"primaryImageOfPage":{"@id":"https:\/\/regiaonews.net.br\/2022\/2021\/08\/10\/delegada-da-ddm-destaca-os-15-anos-da-lei-maria-da-penha\/#primaryimage"},"image":{"@id":"https:\/\/regiaonews.net.br\/2022\/2021\/08\/10\/delegada-da-ddm-destaca-os-15-anos-da-lei-maria-da-penha\/#primaryimage"},"thumbnailUrl":"https:\/\/regiaonews.net.br\/2022\/wp-content\/uploads\/2020\/07\/Dra-Denise-Polizelli.jpg","datePublished":"2021-08-10T09:34:54+00:00","breadcrumb":{"@id":"https:\/\/regiaonews.net.br\/2022\/2021\/08\/10\/delegada-da-ddm-destaca-os-15-anos-da-lei-maria-da-penha\/#breadcrumb"},"inLanguage":"pt-BR","potentialAction":[{"@type":"ReadAction","target":["https:\/\/regiaonews.net.br\/2022\/2021\/08\/10\/delegada-da-ddm-destaca-os-15-anos-da-lei-maria-da-penha\/"]}]},{"@type":"ImageObject","inLanguage":"pt-BR","@id":"https:\/\/regiaonews.net.br\/2022\/2021\/08\/10\/delegada-da-ddm-destaca-os-15-anos-da-lei-maria-da-penha\/#primaryimage","url":"https:\/\/regiaonews.net.br\/2022\/wp-content\/uploads\/2020\/07\/Dra-Denise-Polizelli.jpg","contentUrl":"https:\/\/regiaonews.net.br\/2022\/wp-content\/uploads\/2020\/07\/Dra-Denise-Polizelli.jpg","width":343,"height":295},{"@type":"BreadcrumbList","@id":"https:\/\/regiaonews.net.br\/2022\/2021\/08\/10\/delegada-da-ddm-destaca-os-15-anos-da-lei-maria-da-penha\/#breadcrumb","itemListElement":[{"@type":"ListItem","position":1,"name":"In\u00edcio","item":"https:\/\/regiaonews.net.br\/2022\/"},{"@type":"ListItem","position":2,"name":"Delegada da DDM destaca os 15 anos da Lei Maria da Penha"}]},{"@type":"WebSite","@id":"https:\/\/regiaonews.net.br\/2022\/#website","url":"https:\/\/regiaonews.net.br\/2022\/","name":"Regi\u00e3o News","description":"Site de Not\u00edcias de Barretos e regi\u00e3o","publisher":{"@id":"https:\/\/regiaonews.net.br\/2022\/#organization"},"potentialAction":[{"@type":"SearchAction","target":{"@type":"EntryPoint","urlTemplate":"https:\/\/regiaonews.net.br\/2022\/?s={search_term_string}"},"query-input":{"@type":"PropertyValueSpecification","valueRequired":true,"valueName":"search_term_string"}}],"inLanguage":"pt-BR"},{"@type":"Organization","@id":"https:\/\/regiaonews.net.br\/2022\/#organization","name":"Regi\u00e3o News","url":"https:\/\/regiaonews.net.br\/2022\/","logo":{"@type":"ImageObject","inLanguage":"pt-BR","@id":"https:\/\/regiaonews.net.br\/2022\/#\/schema\/logo\/image\/","url":"https:\/\/regiaonews.net.br\/2022\/wp-content\/uploads\/2026\/03\/regiao-13-anos-scaled.jpg","contentUrl":"https:\/\/regiaonews.net.br\/2022\/wp-content\/uploads\/2026\/03\/regiao-13-anos-scaled.jpg","width":2560,"height":635,"caption":"Regi\u00e3o News"},"image":{"@id":"https:\/\/regiaonews.net.br\/2022\/#\/schema\/logo\/image\/"}},{"@type":"Person","@id":"https:\/\/regiaonews.net.br\/2022\/#\/schema\/person\/2d205a608a5aa97ac279d7a5e6d89ad8","name":"Roberto","image":{"@type":"ImageObject","inLanguage":"pt-BR","@id":"https:\/\/secure.gravatar.com\/avatar\/42749d8b712ff9d59ca93dc150494e5b55a44134482993f5baeb97e61b7ecc89?s=96&d=mm&r=g","url":"https:\/\/secure.gravatar.com\/avatar\/42749d8b712ff9d59ca93dc150494e5b55a44134482993f5baeb97e61b7ecc89?s=96&d=mm&r=g","contentUrl":"https:\/\/secure.gravatar.com\/avatar\/42749d8b712ff9d59ca93dc150494e5b55a44134482993f5baeb97e61b7ecc89?s=96&d=mm&r=g","caption":"Roberto"},"url":"https:\/\/regiaonews.net.br\/2022\/author\/roberto\/"}]}},"publishpress_future_action":{"enabled":false,"date":"2026-05-04 19:55:52","action":"change-status","newStatus":"draft","terms":[],"taxonomy":"category","extraData":[]},"publishpress_future_workflow_manual_trigger":{"enabledWorkflows":[]},"_links":{"self":[{"href":"https:\/\/regiaonews.net.br\/2022\/wp-json\/wp\/v2\/posts\/51574","targetHints":{"allow":["GET"]}}],"collection":[{"href":"https:\/\/regiaonews.net.br\/2022\/wp-json\/wp\/v2\/posts"}],"about":[{"href":"https:\/\/regiaonews.net.br\/2022\/wp-json\/wp\/v2\/types\/post"}],"author":[{"embeddable":true,"href":"https:\/\/regiaonews.net.br\/2022\/wp-json\/wp\/v2\/users\/2"}],"replies":[{"embeddable":true,"href":"https:\/\/regiaonews.net.br\/2022\/wp-json\/wp\/v2\/comments?post=51574"}],"version-history":[{"count":0,"href":"https:\/\/regiaonews.net.br\/2022\/wp-json\/wp\/v2\/posts\/51574\/revisions"}],"wp:featuredmedia":[{"embeddable":true,"href":"https:\/\/regiaonews.net.br\/2022\/wp-json\/wp\/v2\/media\/35608"}],"wp:attachment":[{"href":"https:\/\/regiaonews.net.br\/2022\/wp-json\/wp\/v2\/media?parent=51574"}],"wp:term":[{"taxonomy":"category","embeddable":true,"href":"https:\/\/regiaonews.net.br\/2022\/wp-json\/wp\/v2\/categories?post=51574"},{"taxonomy":"post_tag","embeddable":true,"href":"https:\/\/regiaonews.net.br\/2022\/wp-json\/wp\/v2\/tags?post=51574"}],"curies":[{"name":"wp","href":"https:\/\/api.w.org\/{rel}","templated":true}]}}