{"id":51560,"date":"2021-08-09T12:01:11","date_gmt":"2021-08-09T15:01:11","guid":{"rendered":"https:\/\/regiaonews.net.br\/2022\/?p=51560"},"modified":"2021-08-09T12:01:11","modified_gmt":"2021-08-09T15:01:11","slug":"deic-de-ribeirao-preto-ja-apreendeu-mais-de-58-toneladas-de-drogas-desde-a-sua-criacao","status":"publish","type":"post","link":"https:\/\/regiaonews.net.br\/2022\/2021\/08\/09\/deic-de-ribeirao-preto-ja-apreendeu-mais-de-58-toneladas-de-drogas-desde-a-sua-criacao\/","title":{"rendered":"Deic de Ribeir\u00e3o Preto j\u00e1 apreendeu mais de 5,8 toneladas de drogas desde a sua cria\u00e7\u00e3o"},"content":{"rendered":"<p><a href=\"https:\/\/regiaonews.net.br\/2022\/wp-content\/uploads\/2021\/08\/Drogas-deic.jpg\"><img loading=\"lazy\" decoding=\"async\" class=\"alignnone size-medium wp-image-51561\" src=\"https:\/\/regiaonews.net.br\/2022\/wp-content\/uploads\/2021\/08\/Drogas-deic-300x225.jpg\" alt=\"\" width=\"300\" height=\"225\" \/><\/a><\/p>\n<div><\/div>\n<div id=\"notCorpo\" class=\"ng-binding\">\n<div>\n<h2 class=\"titulopreto ng-binding\">Em funcionamento desde o ano passado, Divis\u00e3o tamb\u00e9m deteve 358 criminosos e esclareceu mais de 1,3 mil casos<\/h2>\n<p><center><\/p>\n<h2 class=\"titulopreto ng-binding\"><\/h2>\n<p><\/center><\/div>\n<div id=\"notCorpo\" class=\"ng-binding\">\n<div>A Divis\u00e3o Especializada de Investiga\u00e7\u00f5es Criminais (Deic) de Ribeir\u00e3o Preto, que re\u00fane todas as atividades de pol\u00edcia especializada, trazendo mais organiza\u00e7\u00e3o e efici\u00eancia, foi criada no in\u00edcio do ano passado e, desde ent\u00e3o, j\u00e1 deteve 358 criminosos e apreendeu mais de 5,8 toneladas das mais variadas drogas.<\/div>\n<div><\/div>\n<div>Subordinada ao Departamento de Pol\u00edcia Judici\u00e1ria do Interior 3 (Deinter 3), a Deic de Ribeir\u00e3o Preto \u00e9 composta pela jun\u00e7\u00e3o das delegacias de investiga\u00e7\u00f5es Gerais (DIG), Sobre Entorpecentes (Dise) e sobre Homic\u00eddios, al\u00e9m do Grupo de Opera\u00e7\u00f5es Especiais (GOE).<\/div>\n<div><\/div>\n<div>A unidade especializada foi criada por meio de decreto estadual em fevereiro de 2020 e desde o ano passado se encontra em pleno funcionamento. Como resultado, at\u00e9 o final de junho deste ano, as investiga\u00e7\u00f5es da Deic resultaram em 215 pris\u00f5es em flagrante e outras 143 por mandado e na apreens\u00e3o de 5.869 quilos de drogas, como maconha, crack e coca\u00edna.<\/div>\n<div><\/div>\n<div>Os trabalhos da Divis\u00e3o tamb\u00e9m inclu\u00edram a retirada de 54 armas de fogo ilegais das ruas, dentre elas dois fuzis de origem americana, calibre 5,56, e o sequestro de mais de R$ 3,4 milh\u00f5es em ativos, ap\u00f3s investiga\u00e7\u00f5es sobre lavagem de dinheiro e crimes de roubo e associa\u00e7\u00e3o criminosa. Tamb\u00e9m foram instaurados 970 inqu\u00e9ritos policiais e esclarecido 1.342 casos.<\/div>\n<div><b>\u00a0<\/b><\/div>\n<div><b>Combate ao tr\u00e1fico de drogas<\/b><\/div>\n<div><\/div>\n<div>Entre as ocorr\u00eancias de destaque da Deic est\u00e3o casos de combate ao tr\u00e1fico de drogas, como ocorreu abril do ano passado. Na ocasi\u00e3o,\u00a0<a href=\"http:\/\/www.ssp.sp.gov.br\/LeNoticia.aspx?ID=47214\">dois homens foram presos e 122 tijolos de maconha apreendidos<\/a>, assim como 104 frascos de lan\u00e7a-perfume.<\/div>\n<div><\/div>\n<div>Em maio do mesmo ano, 1,2 tonelada de drogas, al\u00e9m de um fuzil calibre 223, com diversas muni\u00e7\u00f5es, foram recolhidos. Na mesma ocasi\u00e3o foram apreendidos R$ 23 mil em esp\u00e9cie.<\/div>\n<div><\/div>\n<div>Em agosto de 2020,\u00a0<a href=\"http:\/\/www.ssp.sp.gov.br\/LeNoticia.aspx?ID=49239\">1,4 tonelada de maconha foi apreendida<\/a>, resultando na pris\u00e3o de um casal. No m\u00eas seguinte, outros\u00a0<a href=\"http:\/\/www.ssp.sp.gov.br\/LeNoticia.aspx?ID=49519\">110,3 quilos da mesma droga foram recolhidos<\/a>.<\/div>\n<div><\/div>\n<div>Em dezembro de igual ano,\u00a0<a href=\"http:\/\/www.ssp.sp.gov.br\/LeNoticia.aspx?ID=50091\">640 tijolos de maconha e 88 por\u00e7\u00f5es do mesmo entorpecente foram apreendidos<\/a>, ap\u00f3s serem encontrados dentro do freezer de uma resid\u00eancia.<\/div>\n<div><\/div>\n<div>No in\u00edcio de 2021, as atividades para coibir o com\u00e9rcio de subst\u00e2ncias continuaram a ser realizadas, permitindo j\u00e1 no primeiro m\u00eas \u2013 janeiro \u2013\u00a0<a href=\"http:\/\/www.ssp.sp.gov.br\/LeNoticia.aspx?ID=50258\">prender dois homens e recolher 579 tijolos de maconha<\/a>. Outros 1<a href=\"http:\/\/www.ssp.sp.gov.br\/LeNoticia.aspx?ID=50333\">12 tijolos e tr\u00eas pacotes da mesma droga\u00a0<\/a>tamb\u00e9m foram apreendidos no dia 14 do mesmo m\u00eas.<\/div>\n<div><\/div>\n<div><img decoding=\"async\" src=\"http:\/\/www.ssp.sp.gov.br\/midia\/Imagem\/D00046104.png\" \/><\/div>\n<div><\/div>\n<div>Em mar\u00e7o deste ano, 141,8 quilos de entorpecentes foram recolhidos e um homem preso. (http:\/\/www.ssp.sp.gov.br\/LeNoticia.aspx?ID=50822). J\u00e1 em abril, houve duas ocorr\u00eancias de relev\u00e2ncia neste contexto. No dia 26,\u00a0<a href=\"http:\/\/www.ssp.sp.gov.br\/LeNoticia.aspx?ID=51227\">276 tijolos de maconha foram apreendido<\/a>s e no dia 29 outros\u00a0<a href=\"http:\/\/www.ssp.sp.gov.br\/LeNoticia.aspx?ID=51265\">160 quilos da mesma droga<\/a>.<\/div>\n<div><\/div>\n<div><b>Outras ocorr\u00eancias de destaque<\/b><\/div>\n<div><\/div>\n<div>A unidade tamb\u00e9m foi fundamental em outras ocorr\u00eancias criminosas.<\/div>\n<div><\/div>\n<div>Em outubro do ano passado, por exemplo, a Deic foi respons\u00e1vel pela\u00a0<a href=\"http:\/\/www.ssp.sp.gov.br\/LeNoticia.aspx?ID=49586\">pris\u00e3o de uma mulher<\/a>, de 30 anos, identificada como integrante de uma fac\u00e7\u00e3o criminosa do Estado do Rio de Janeiro. Na ocasi\u00e3o, a 1\u00aa Delegacia de Investiga\u00e7\u00f5es Gerais (DIG) realizou a deten\u00e7\u00e3o em apoio ao Departamento Geral de Combate \u00e0 Corrup\u00e7\u00e3o, ao Crime Organizado e \u00e0 Lavagem de Dinheiro do Rio de Janeiro.<\/div>\n<div><\/div>\n<div>Em dezembro do referido ano, a especializada apoiou o RJ novamente e prendeu seis integrantes de um grupo envolvido com lavagem de dinheiro durante a quarta fase da<a href=\"http:\/\/www.ssp.sp.gov.br\/LeNoticia.aspx?ID=50183\">\u00a0opera\u00e7\u00e3o &#8220;Shark Attack&#8221;<\/a>.<\/div>\n<div><\/div>\n<div>Em fevereiro de 2021, por sua vez, a Deic coordenou a\u00a0<a href=\"http:\/\/www.ssp.sp.gov.br\/LeNoticia.aspx?ID=50666\">opera\u00e7\u00e3o \u201cPanaceia\u201d<\/a>, deflagrada em diferentes regi\u00f5es do Estado de SP e de Minas Gerais com o objetivo de desarticular uma organiza\u00e7\u00e3o criminosa especializada em roubos de cargas de medicamentos oncol\u00f3gicos. Como resultado, seis pessoas foram detidas e nove ve\u00edculos recuperados. Tamb\u00e9m foram apreendidos drogas, muni\u00e7\u00f5es e coletes bal\u00edsticos.<\/div>\n<div><\/div>\n<div>No m\u00eas passado, um intenso trabalho de investiga\u00e7\u00e3o realizado pela 3\u00aa Delegacia de Homic\u00eddios, possibilitou a\u00a0<a href=\"http:\/\/www.ssp.sp.gov.br\/LeNoticia.aspx?ID=51769\">pris\u00e3o de um homem<\/a>, de 52 anos, que foi condenado por homic\u00eddio em 2008. O autor foi detido por agentes da Bahia.<\/div>\n<\/div>\n<\/div>\n","protected":false},"excerpt":{"rendered":"<p>Em funcionamento desde o ano passado, Divis\u00e3o tamb\u00e9m deteve 358<\/p>\n","protected":false},"author":2,"featured_media":51561,"comment_status":"open","ping_status":"open","sticky":false,"template":"","format":"standard","meta":{"footnotes":""},"categories":[25,23,32],"tags":[],"class_list":["post-51560","post","type-post","status-publish","format-standard","has-post-thumbnail","hentry","category-cidades","category-policia","category-ribeirao-preto"],"yoast_head":"<!-- This site is optimized with the Yoast SEO plugin v27.4 - https:\/\/yoast.com\/product\/yoast-seo-wordpress\/ -->\n<title>Deic de Ribeir\u00e3o Preto j\u00e1 apreendeu mais de 5,8 toneladas de drogas desde a sua cria\u00e7\u00e3o - Regi\u00e3o News<\/title>\n<meta name=\"robots\" content=\"index, follow, max-snippet:-1, max-image-preview:large, max-video-preview:-1\" \/>\n<link rel=\"canonical\" href=\"https:\/\/regiaonews.net.br\/2022\/2021\/08\/09\/deic-de-ribeirao-preto-ja-apreendeu-mais-de-58-toneladas-de-drogas-desde-a-sua-criacao\/\" \/>\n<meta property=\"og:locale\" content=\"pt_BR\" \/>\n<meta property=\"og:type\" content=\"article\" \/>\n<meta property=\"og:title\" content=\"Deic de Ribeir\u00e3o Preto j\u00e1 apreendeu mais de 5,8 toneladas de drogas desde a sua cria\u00e7\u00e3o - Regi\u00e3o News\" \/>\n<meta property=\"og:description\" content=\"Em funcionamento desde o ano passado, Divis\u00e3o tamb\u00e9m deteve 358\" \/>\n<meta property=\"og:url\" content=\"https:\/\/regiaonews.net.br\/2022\/2021\/08\/09\/deic-de-ribeirao-preto-ja-apreendeu-mais-de-58-toneladas-de-drogas-desde-a-sua-criacao\/\" \/>\n<meta property=\"og:site_name\" content=\"Regi\u00e3o News\" \/>\n<meta property=\"article:published_time\" content=\"2021-08-09T15:01:11+00:00\" \/>\n<meta property=\"og:image\" content=\"https:\/\/regiaonews.net.br\/2022\/wp-content\/uploads\/2021\/08\/Drogas-deic.jpg\" \/>\n\t<meta property=\"og:image:width\" content=\"1000\" \/>\n\t<meta property=\"og:image:height\" content=\"750\" \/>\n\t<meta property=\"og:image:type\" content=\"image\/jpeg\" \/>\n<meta name=\"author\" content=\"Roberto\" \/>\n<meta name=\"twitter:card\" content=\"summary_large_image\" \/>\n<meta name=\"twitter:label1\" content=\"Escrito por\" \/>\n\t<meta name=\"twitter:data1\" content=\"Roberto\" \/>\n\t<meta name=\"twitter:label2\" content=\"Est. tempo de leitura\" \/>\n\t<meta name=\"twitter:data2\" content=\"3 minutos\" \/>\n<script type=\"application\/ld+json\" class=\"yoast-schema-graph\">{\"@context\":\"https:\\\/\\\/schema.org\",\"@graph\":[{\"@type\":\"Article\",\"@id\":\"https:\\\/\\\/regiaonews.net.br\\\/2022\\\/2021\\\/08\\\/09\\\/deic-de-ribeirao-preto-ja-apreendeu-mais-de-58-toneladas-de-drogas-desde-a-sua-criacao\\\/#article\",\"isPartOf\":{\"@id\":\"https:\\\/\\\/regiaonews.net.br\\\/2022\\\/2021\\\/08\\\/09\\\/deic-de-ribeirao-preto-ja-apreendeu-mais-de-58-toneladas-de-drogas-desde-a-sua-criacao\\\/\"},\"author\":{\"name\":\"Roberto\",\"@id\":\"https:\\\/\\\/regiaonews.net.br\\\/2022\\\/#\\\/schema\\\/person\\\/2d205a608a5aa97ac279d7a5e6d89ad8\"},\"headline\":\"Deic de Ribeir\u00e3o Preto j\u00e1 apreendeu mais de 5,8 toneladas de drogas desde a sua cria\u00e7\u00e3o\",\"datePublished\":\"2021-08-09T15:01:11+00:00\",\"mainEntityOfPage\":{\"@id\":\"https:\\\/\\\/regiaonews.net.br\\\/2022\\\/2021\\\/08\\\/09\\\/deic-de-ribeirao-preto-ja-apreendeu-mais-de-58-toneladas-de-drogas-desde-a-sua-criacao\\\/\"},\"wordCount\":713,\"commentCount\":0,\"publisher\":{\"@id\":\"https:\\\/\\\/regiaonews.net.br\\\/2022\\\/#organization\"},\"image\":{\"@id\":\"https:\\\/\\\/regiaonews.net.br\\\/2022\\\/2021\\\/08\\\/09\\\/deic-de-ribeirao-preto-ja-apreendeu-mais-de-58-toneladas-de-drogas-desde-a-sua-criacao\\\/#primaryimage\"},\"thumbnailUrl\":\"https:\\\/\\\/regiaonews.net.br\\\/2022\\\/wp-content\\\/uploads\\\/2021\\\/08\\\/Drogas-deic.jpg\",\"articleSection\":[\"Cidades\",\"Policia\",\"Ribeir\u00e3o Preto\"],\"inLanguage\":\"pt-BR\",\"potentialAction\":[{\"@type\":\"CommentAction\",\"name\":\"Comment\",\"target\":[\"https:\\\/\\\/regiaonews.net.br\\\/2022\\\/2021\\\/08\\\/09\\\/deic-de-ribeirao-preto-ja-apreendeu-mais-de-58-toneladas-de-drogas-desde-a-sua-criacao\\\/#respond\"]}]},{\"@type\":\"WebPage\",\"@id\":\"https:\\\/\\\/regiaonews.net.br\\\/2022\\\/2021\\\/08\\\/09\\\/deic-de-ribeirao-preto-ja-apreendeu-mais-de-58-toneladas-de-drogas-desde-a-sua-criacao\\\/\",\"url\":\"https:\\\/\\\/regiaonews.net.br\\\/2022\\\/2021\\\/08\\\/09\\\/deic-de-ribeirao-preto-ja-apreendeu-mais-de-58-toneladas-de-drogas-desde-a-sua-criacao\\\/\",\"name\":\"Deic de Ribeir\u00e3o Preto j\u00e1 apreendeu mais de 5,8 toneladas de drogas desde a sua cria\u00e7\u00e3o - Regi\u00e3o News\",\"isPartOf\":{\"@id\":\"https:\\\/\\\/regiaonews.net.br\\\/2022\\\/#website\"},\"primaryImageOfPage\":{\"@id\":\"https:\\\/\\\/regiaonews.net.br\\\/2022\\\/2021\\\/08\\\/09\\\/deic-de-ribeirao-preto-ja-apreendeu-mais-de-58-toneladas-de-drogas-desde-a-sua-criacao\\\/#primaryimage\"},\"image\":{\"@id\":\"https:\\\/\\\/regiaonews.net.br\\\/2022\\\/2021\\\/08\\\/09\\\/deic-de-ribeirao-preto-ja-apreendeu-mais-de-58-toneladas-de-drogas-desde-a-sua-criacao\\\/#primaryimage\"},\"thumbnailUrl\":\"https:\\\/\\\/regiaonews.net.br\\\/2022\\\/wp-content\\\/uploads\\\/2021\\\/08\\\/Drogas-deic.jpg\",\"datePublished\":\"2021-08-09T15:01:11+00:00\",\"breadcrumb\":{\"@id\":\"https:\\\/\\\/regiaonews.net.br\\\/2022\\\/2021\\\/08\\\/09\\\/deic-de-ribeirao-preto-ja-apreendeu-mais-de-58-toneladas-de-drogas-desde-a-sua-criacao\\\/#breadcrumb\"},\"inLanguage\":\"pt-BR\",\"potentialAction\":[{\"@type\":\"ReadAction\",\"target\":[\"https:\\\/\\\/regiaonews.net.br\\\/2022\\\/2021\\\/08\\\/09\\\/deic-de-ribeirao-preto-ja-apreendeu-mais-de-58-toneladas-de-drogas-desde-a-sua-criacao\\\/\"]}]},{\"@type\":\"ImageObject\",\"inLanguage\":\"pt-BR\",\"@id\":\"https:\\\/\\\/regiaonews.net.br\\\/2022\\\/2021\\\/08\\\/09\\\/deic-de-ribeirao-preto-ja-apreendeu-mais-de-58-toneladas-de-drogas-desde-a-sua-criacao\\\/#primaryimage\",\"url\":\"https:\\\/\\\/regiaonews.net.br\\\/2022\\\/wp-content\\\/uploads\\\/2021\\\/08\\\/Drogas-deic.jpg\",\"contentUrl\":\"https:\\\/\\\/regiaonews.net.br\\\/2022\\\/wp-content\\\/uploads\\\/2021\\\/08\\\/Drogas-deic.jpg\",\"width\":1000,\"height\":750},{\"@type\":\"BreadcrumbList\",\"@id\":\"https:\\\/\\\/regiaonews.net.br\\\/2022\\\/2021\\\/08\\\/09\\\/deic-de-ribeirao-preto-ja-apreendeu-mais-de-58-toneladas-de-drogas-desde-a-sua-criacao\\\/#breadcrumb\",\"itemListElement\":[{\"@type\":\"ListItem\",\"position\":1,\"name\":\"In\u00edcio\",\"item\":\"https:\\\/\\\/regiaonews.net.br\\\/2022\\\/\"},{\"@type\":\"ListItem\",\"position\":2,\"name\":\"Deic de Ribeir\u00e3o Preto j\u00e1 apreendeu mais de 5,8 toneladas de drogas desde a sua cria\u00e7\u00e3o\"}]},{\"@type\":\"WebSite\",\"@id\":\"https:\\\/\\\/regiaonews.net.br\\\/2022\\\/#website\",\"url\":\"https:\\\/\\\/regiaonews.net.br\\\/2022\\\/\",\"name\":\"Regi\u00e3o News\",\"description\":\"Site de Not\u00edcias de Barretos e regi\u00e3o\",\"publisher\":{\"@id\":\"https:\\\/\\\/regiaonews.net.br\\\/2022\\\/#organization\"},\"potentialAction\":[{\"@type\":\"SearchAction\",\"target\":{\"@type\":\"EntryPoint\",\"urlTemplate\":\"https:\\\/\\\/regiaonews.net.br\\\/2022\\\/?s={search_term_string}\"},\"query-input\":{\"@type\":\"PropertyValueSpecification\",\"valueRequired\":true,\"valueName\":\"search_term_string\"}}],\"inLanguage\":\"pt-BR\"},{\"@type\":\"Organization\",\"@id\":\"https:\\\/\\\/regiaonews.net.br\\\/2022\\\/#organization\",\"name\":\"Regi\u00e3o News\",\"url\":\"https:\\\/\\\/regiaonews.net.br\\\/2022\\\/\",\"logo\":{\"@type\":\"ImageObject\",\"inLanguage\":\"pt-BR\",\"@id\":\"https:\\\/\\\/regiaonews.net.br\\\/2022\\\/#\\\/schema\\\/logo\\\/image\\\/\",\"url\":\"https:\\\/\\\/regiaonews.net.br\\\/2022\\\/wp-content\\\/uploads\\\/2026\\\/03\\\/regiao-13-anos-scaled.jpg\",\"contentUrl\":\"https:\\\/\\\/regiaonews.net.br\\\/2022\\\/wp-content\\\/uploads\\\/2026\\\/03\\\/regiao-13-anos-scaled.jpg\",\"width\":2560,\"height\":635,\"caption\":\"Regi\u00e3o News\"},\"image\":{\"@id\":\"https:\\\/\\\/regiaonews.net.br\\\/2022\\\/#\\\/schema\\\/logo\\\/image\\\/\"}},{\"@type\":\"Person\",\"@id\":\"https:\\\/\\\/regiaonews.net.br\\\/2022\\\/#\\\/schema\\\/person\\\/2d205a608a5aa97ac279d7a5e6d89ad8\",\"name\":\"Roberto\",\"image\":{\"@type\":\"ImageObject\",\"inLanguage\":\"pt-BR\",\"@id\":\"https:\\\/\\\/secure.gravatar.com\\\/avatar\\\/42749d8b712ff9d59ca93dc150494e5b55a44134482993f5baeb97e61b7ecc89?s=96&d=mm&r=g\",\"url\":\"https:\\\/\\\/secure.gravatar.com\\\/avatar\\\/42749d8b712ff9d59ca93dc150494e5b55a44134482993f5baeb97e61b7ecc89?s=96&d=mm&r=g\",\"contentUrl\":\"https:\\\/\\\/secure.gravatar.com\\\/avatar\\\/42749d8b712ff9d59ca93dc150494e5b55a44134482993f5baeb97e61b7ecc89?s=96&d=mm&r=g\",\"caption\":\"Roberto\"},\"url\":\"https:\\\/\\\/regiaonews.net.br\\\/2022\\\/author\\\/roberto\\\/\"}]}<\/script>\n<!-- \/ Yoast SEO plugin. -->","yoast_head_json":{"title":"Deic de Ribeir\u00e3o Preto j\u00e1 apreendeu mais de 5,8 toneladas de drogas desde a sua cria\u00e7\u00e3o - Regi\u00e3o News","robots":{"index":"index","follow":"follow","max-snippet":"max-snippet:-1","max-image-preview":"max-image-preview:large","max-video-preview":"max-video-preview:-1"},"canonical":"https:\/\/regiaonews.net.br\/2022\/2021\/08\/09\/deic-de-ribeirao-preto-ja-apreendeu-mais-de-58-toneladas-de-drogas-desde-a-sua-criacao\/","og_locale":"pt_BR","og_type":"article","og_title":"Deic de Ribeir\u00e3o Preto j\u00e1 apreendeu mais de 5,8 toneladas de drogas desde a sua cria\u00e7\u00e3o - Regi\u00e3o News","og_description":"Em funcionamento desde o ano passado, Divis\u00e3o tamb\u00e9m deteve 358","og_url":"https:\/\/regiaonews.net.br\/2022\/2021\/08\/09\/deic-de-ribeirao-preto-ja-apreendeu-mais-de-58-toneladas-de-drogas-desde-a-sua-criacao\/","og_site_name":"Regi\u00e3o News","article_published_time":"2021-08-09T15:01:11+00:00","og_image":[{"width":1000,"height":750,"url":"https:\/\/regiaonews.net.br\/2022\/wp-content\/uploads\/2021\/08\/Drogas-deic.jpg","type":"image\/jpeg"}],"author":"Roberto","twitter_card":"summary_large_image","twitter_misc":{"Escrito por":"Roberto","Est. tempo de leitura":"3 minutos"},"schema":{"@context":"https:\/\/schema.org","@graph":[{"@type":"Article","@id":"https:\/\/regiaonews.net.br\/2022\/2021\/08\/09\/deic-de-ribeirao-preto-ja-apreendeu-mais-de-58-toneladas-de-drogas-desde-a-sua-criacao\/#article","isPartOf":{"@id":"https:\/\/regiaonews.net.br\/2022\/2021\/08\/09\/deic-de-ribeirao-preto-ja-apreendeu-mais-de-58-toneladas-de-drogas-desde-a-sua-criacao\/"},"author":{"name":"Roberto","@id":"https:\/\/regiaonews.net.br\/2022\/#\/schema\/person\/2d205a608a5aa97ac279d7a5e6d89ad8"},"headline":"Deic de Ribeir\u00e3o Preto j\u00e1 apreendeu mais de 5,8 toneladas de drogas desde a sua cria\u00e7\u00e3o","datePublished":"2021-08-09T15:01:11+00:00","mainEntityOfPage":{"@id":"https:\/\/regiaonews.net.br\/2022\/2021\/08\/09\/deic-de-ribeirao-preto-ja-apreendeu-mais-de-58-toneladas-de-drogas-desde-a-sua-criacao\/"},"wordCount":713,"commentCount":0,"publisher":{"@id":"https:\/\/regiaonews.net.br\/2022\/#organization"},"image":{"@id":"https:\/\/regiaonews.net.br\/2022\/2021\/08\/09\/deic-de-ribeirao-preto-ja-apreendeu-mais-de-58-toneladas-de-drogas-desde-a-sua-criacao\/#primaryimage"},"thumbnailUrl":"https:\/\/regiaonews.net.br\/2022\/wp-content\/uploads\/2021\/08\/Drogas-deic.jpg","articleSection":["Cidades","Policia","Ribeir\u00e3o Preto"],"inLanguage":"pt-BR","potentialAction":[{"@type":"CommentAction","name":"Comment","target":["https:\/\/regiaonews.net.br\/2022\/2021\/08\/09\/deic-de-ribeirao-preto-ja-apreendeu-mais-de-58-toneladas-de-drogas-desde-a-sua-criacao\/#respond"]}]},{"@type":"WebPage","@id":"https:\/\/regiaonews.net.br\/2022\/2021\/08\/09\/deic-de-ribeirao-preto-ja-apreendeu-mais-de-58-toneladas-de-drogas-desde-a-sua-criacao\/","url":"https:\/\/regiaonews.net.br\/2022\/2021\/08\/09\/deic-de-ribeirao-preto-ja-apreendeu-mais-de-58-toneladas-de-drogas-desde-a-sua-criacao\/","name":"Deic de Ribeir\u00e3o Preto j\u00e1 apreendeu mais de 5,8 toneladas de drogas desde a sua cria\u00e7\u00e3o - Regi\u00e3o News","isPartOf":{"@id":"https:\/\/regiaonews.net.br\/2022\/#website"},"primaryImageOfPage":{"@id":"https:\/\/regiaonews.net.br\/2022\/2021\/08\/09\/deic-de-ribeirao-preto-ja-apreendeu-mais-de-58-toneladas-de-drogas-desde-a-sua-criacao\/#primaryimage"},"image":{"@id":"https:\/\/regiaonews.net.br\/2022\/2021\/08\/09\/deic-de-ribeirao-preto-ja-apreendeu-mais-de-58-toneladas-de-drogas-desde-a-sua-criacao\/#primaryimage"},"thumbnailUrl":"https:\/\/regiaonews.net.br\/2022\/wp-content\/uploads\/2021\/08\/Drogas-deic.jpg","datePublished":"2021-08-09T15:01:11+00:00","breadcrumb":{"@id":"https:\/\/regiaonews.net.br\/2022\/2021\/08\/09\/deic-de-ribeirao-preto-ja-apreendeu-mais-de-58-toneladas-de-drogas-desde-a-sua-criacao\/#breadcrumb"},"inLanguage":"pt-BR","potentialAction":[{"@type":"ReadAction","target":["https:\/\/regiaonews.net.br\/2022\/2021\/08\/09\/deic-de-ribeirao-preto-ja-apreendeu-mais-de-58-toneladas-de-drogas-desde-a-sua-criacao\/"]}]},{"@type":"ImageObject","inLanguage":"pt-BR","@id":"https:\/\/regiaonews.net.br\/2022\/2021\/08\/09\/deic-de-ribeirao-preto-ja-apreendeu-mais-de-58-toneladas-de-drogas-desde-a-sua-criacao\/#primaryimage","url":"https:\/\/regiaonews.net.br\/2022\/wp-content\/uploads\/2021\/08\/Drogas-deic.jpg","contentUrl":"https:\/\/regiaonews.net.br\/2022\/wp-content\/uploads\/2021\/08\/Drogas-deic.jpg","width":1000,"height":750},{"@type":"BreadcrumbList","@id":"https:\/\/regiaonews.net.br\/2022\/2021\/08\/09\/deic-de-ribeirao-preto-ja-apreendeu-mais-de-58-toneladas-de-drogas-desde-a-sua-criacao\/#breadcrumb","itemListElement":[{"@type":"ListItem","position":1,"name":"In\u00edcio","item":"https:\/\/regiaonews.net.br\/2022\/"},{"@type":"ListItem","position":2,"name":"Deic de Ribeir\u00e3o Preto j\u00e1 apreendeu mais de 5,8 toneladas de drogas desde a sua cria\u00e7\u00e3o"}]},{"@type":"WebSite","@id":"https:\/\/regiaonews.net.br\/2022\/#website","url":"https:\/\/regiaonews.net.br\/2022\/","name":"Regi\u00e3o News","description":"Site de Not\u00edcias de Barretos e regi\u00e3o","publisher":{"@id":"https:\/\/regiaonews.net.br\/2022\/#organization"},"potentialAction":[{"@type":"SearchAction","target":{"@type":"EntryPoint","urlTemplate":"https:\/\/regiaonews.net.br\/2022\/?s={search_term_string}"},"query-input":{"@type":"PropertyValueSpecification","valueRequired":true,"valueName":"search_term_string"}}],"inLanguage":"pt-BR"},{"@type":"Organization","@id":"https:\/\/regiaonews.net.br\/2022\/#organization","name":"Regi\u00e3o News","url":"https:\/\/regiaonews.net.br\/2022\/","logo":{"@type":"ImageObject","inLanguage":"pt-BR","@id":"https:\/\/regiaonews.net.br\/2022\/#\/schema\/logo\/image\/","url":"https:\/\/regiaonews.net.br\/2022\/wp-content\/uploads\/2026\/03\/regiao-13-anos-scaled.jpg","contentUrl":"https:\/\/regiaonews.net.br\/2022\/wp-content\/uploads\/2026\/03\/regiao-13-anos-scaled.jpg","width":2560,"height":635,"caption":"Regi\u00e3o News"},"image":{"@id":"https:\/\/regiaonews.net.br\/2022\/#\/schema\/logo\/image\/"}},{"@type":"Person","@id":"https:\/\/regiaonews.net.br\/2022\/#\/schema\/person\/2d205a608a5aa97ac279d7a5e6d89ad8","name":"Roberto","image":{"@type":"ImageObject","inLanguage":"pt-BR","@id":"https:\/\/secure.gravatar.com\/avatar\/42749d8b712ff9d59ca93dc150494e5b55a44134482993f5baeb97e61b7ecc89?s=96&d=mm&r=g","url":"https:\/\/secure.gravatar.com\/avatar\/42749d8b712ff9d59ca93dc150494e5b55a44134482993f5baeb97e61b7ecc89?s=96&d=mm&r=g","contentUrl":"https:\/\/secure.gravatar.com\/avatar\/42749d8b712ff9d59ca93dc150494e5b55a44134482993f5baeb97e61b7ecc89?s=96&d=mm&r=g","caption":"Roberto"},"url":"https:\/\/regiaonews.net.br\/2022\/author\/roberto\/"}]}},"publishpress_future_action":{"enabled":false,"date":"2026-05-04 21:27:59","action":"change-status","newStatus":"draft","terms":[],"taxonomy":"category","extraData":[]},"publishpress_future_workflow_manual_trigger":{"enabledWorkflows":[]},"_links":{"self":[{"href":"https:\/\/regiaonews.net.br\/2022\/wp-json\/wp\/v2\/posts\/51560","targetHints":{"allow":["GET"]}}],"collection":[{"href":"https:\/\/regiaonews.net.br\/2022\/wp-json\/wp\/v2\/posts"}],"about":[{"href":"https:\/\/regiaonews.net.br\/2022\/wp-json\/wp\/v2\/types\/post"}],"author":[{"embeddable":true,"href":"https:\/\/regiaonews.net.br\/2022\/wp-json\/wp\/v2\/users\/2"}],"replies":[{"embeddable":true,"href":"https:\/\/regiaonews.net.br\/2022\/wp-json\/wp\/v2\/comments?post=51560"}],"version-history":[{"count":0,"href":"https:\/\/regiaonews.net.br\/2022\/wp-json\/wp\/v2\/posts\/51560\/revisions"}],"wp:featuredmedia":[{"embeddable":true,"href":"https:\/\/regiaonews.net.br\/2022\/wp-json\/wp\/v2\/media\/51561"}],"wp:attachment":[{"href":"https:\/\/regiaonews.net.br\/2022\/wp-json\/wp\/v2\/media?parent=51560"}],"wp:term":[{"taxonomy":"category","embeddable":true,"href":"https:\/\/regiaonews.net.br\/2022\/wp-json\/wp\/v2\/categories?post=51560"},{"taxonomy":"post_tag","embeddable":true,"href":"https:\/\/regiaonews.net.br\/2022\/wp-json\/wp\/v2\/tags?post=51560"}],"curies":[{"name":"wp","href":"https:\/\/api.w.org\/{rel}","templated":true}]}}