{"id":51555,"date":"2021-08-09T11:53:38","date_gmt":"2021-08-09T14:53:38","guid":{"rendered":"https:\/\/regiaonews.net.br\/2022\/?p=51555"},"modified":"2021-08-09T11:53:38","modified_gmt":"2021-08-09T14:53:38","slug":"presidente-entrega-medida-provisoria-do-novo-bolsa-familia","status":"publish","type":"post","link":"https:\/\/regiaonews.net.br\/2022\/2021\/08\/09\/presidente-entrega-medida-provisoria-do-novo-bolsa-familia\/","title":{"rendered":"Presidente entrega medida provis\u00f3ria do novo Bolsa Fam\u00edlia"},"content":{"rendered":"<figure id=\"attachment_51556\" aria-describedby=\"caption-attachment-51556\" style=\"width: 300px\" class=\"wp-caption alignnone\"><a href=\"https:\/\/regiaonews.net.br\/2022\/wp-content\/uploads\/2021\/08\/Bolsonaro-e-Lira.jpg\"><img loading=\"lazy\" decoding=\"async\" class=\"size-medium wp-image-51556\" src=\"https:\/\/regiaonews.net.br\/2022\/wp-content\/uploads\/2021\/08\/Bolsonaro-e-Lira-300x179.jpg\" alt=\"\" width=\"300\" height=\"179\" \/><\/a><figcaption id=\"caption-attachment-51556\" class=\"wp-caption-text\">Presidente da C\u00e2mara, Arthur Lira PP &#8211; AL, Recebe o Presidente Jair Bolsonaro para a entrega da PEC e MP referente ao Bolsa Fam\u00edlia<\/figcaption><\/figure>\n<p>O presidente da Rep\u00fablica, Jair Bolsonaro, apresentou hoje (9) uma proposta que altera programas sociais do governo, entre eles o Bolsa Fam\u00edlia, para criar um novo programa, chamado de Aux\u00edlio Brasil. Bolsonaro entregou o texto de uma Medida provis\u00f3ria (MP) ao presidente da C\u00e2mara dos Deputados, Arthur Lira (PP-AL), criando o programa e tamb\u00e9m uma proposta de Emenda \u00e0 Constitui\u00e7\u00e3o (PEC) que trata do pagamento de precat\u00f3rios.<img decoding=\"async\" src=\"https:\/\/agenciabrasil.ebc.com.br\/ebc.png?id=1417821&amp;o=node\" \/><img decoding=\"async\" src=\"https:\/\/agenciabrasil.ebc.com.br\/ebc.gif?id=1417821&amp;o=node\" \/><\/p>\n<p>Bolsonaro apresentou as propostas acompanhado dos ministros da Economia, Paulo Guedes, da Casa Civil, Ciro Nogueira, do Gabinete de seguran\u00e7a Institucional, Augusto Heleno, da Secret\u00e1ria de Governo da Presid\u00eancia, Fl\u00e1via Arruda e da Cidadania, Jo\u00e3o Roma.<\/p>\n<p>O novo programa social deve pagar, pelo menos, 50% acima do valor m\u00e9dio pago pelo Bolsa Fam\u00edlia, que atualmente \u00e9 de R$ 189. Parte dos recursos do novo programa vir\u00e1 do parcelamento do pagamento de precat\u00f3rios previsto na PEC e tamb\u00e9m de um fundo que ser\u00e1 criado com recursos de privatiza\u00e7\u00f5es.<\/p>\n<p>\u201cS\u00e3o duas propostas que chegam no dia de hoje que vai dar transpar\u00eancia e responsabilidade aos gastos, a\u00ed inclu\u00eddo os vi\u00e9s social do governo. Sabemos que a pandemia [de covid-19] trouxe uma infla\u00e7\u00e3o dos alimentos para o mundo todo. Ent\u00e3o, n\u00e3o podemos deixar desassistidos os mais vulner\u00e1veis. J\u00e1 decidido por n\u00f3s que \u00e9 uma proposta m\u00ednima de 50% do Bolsa Fam\u00edlia, que agora se chama de Aux\u00edlio Brasil\u201d, disse Bolsonaro ap\u00f3s a entrega das propostas.<\/p>\n","protected":false},"excerpt":{"rendered":"<p>O presidente da Rep\u00fablica, Jair Bolsonaro, apresentou hoje (9) uma<\/p>\n","protected":false},"author":2,"featured_media":51556,"comment_status":"open","ping_status":"open","sticky":false,"template":"","format":"standard","meta":{"footnotes":""},"categories":[24,25,22],"tags":[],"class_list":["post-51555","post","type-post","status-publish","format-standard","has-post-thumbnail","hentry","category-brasil","category-cidades","category-politica"],"yoast_head":"<!-- This site is optimized with the Yoast SEO plugin v27.4 - https:\/\/yoast.com\/product\/yoast-seo-wordpress\/ -->\n<title>Presidente entrega medida provis\u00f3ria do novo Bolsa Fam\u00edlia - Regi\u00e3o News<\/title>\n<meta name=\"robots\" content=\"index, follow, max-snippet:-1, max-image-preview:large, max-video-preview:-1\" \/>\n<link rel=\"canonical\" href=\"https:\/\/regiaonews.net.br\/2022\/2021\/08\/09\/presidente-entrega-medida-provisoria-do-novo-bolsa-familia\/\" \/>\n<meta property=\"og:locale\" content=\"pt_BR\" \/>\n<meta property=\"og:type\" content=\"article\" \/>\n<meta property=\"og:title\" content=\"Presidente entrega medida provis\u00f3ria do novo Bolsa Fam\u00edlia - Regi\u00e3o News\" \/>\n<meta property=\"og:description\" content=\"O presidente da Rep\u00fablica, Jair Bolsonaro, apresentou hoje (9) uma\" \/>\n<meta property=\"og:url\" content=\"https:\/\/regiaonews.net.br\/2022\/2021\/08\/09\/presidente-entrega-medida-provisoria-do-novo-bolsa-familia\/\" \/>\n<meta property=\"og:site_name\" content=\"Regi\u00e3o News\" \/>\n<meta property=\"article:published_time\" content=\"2021-08-09T14:53:38+00:00\" \/>\n<meta property=\"og:image\" content=\"https:\/\/regiaonews.net.br\/2022\/wp-content\/uploads\/2021\/08\/Bolsonaro-e-Lira.jpg\" \/>\n\t<meta property=\"og:image:width\" content=\"1170\" \/>\n\t<meta property=\"og:image:height\" content=\"700\" \/>\n\t<meta property=\"og:image:type\" content=\"image\/jpeg\" \/>\n<meta name=\"author\" content=\"Roberto\" \/>\n<meta name=\"twitter:card\" content=\"summary_large_image\" \/>\n<meta name=\"twitter:label1\" content=\"Escrito por\" \/>\n\t<meta name=\"twitter:data1\" content=\"Roberto\" \/>\n\t<meta name=\"twitter:label2\" content=\"Est. tempo de leitura\" \/>\n\t<meta name=\"twitter:data2\" content=\"1 minuto\" \/>\n<script type=\"application\/ld+json\" class=\"yoast-schema-graph\">{\"@context\":\"https:\\\/\\\/schema.org\",\"@graph\":[{\"@type\":\"Article\",\"@id\":\"https:\\\/\\\/regiaonews.net.br\\\/2022\\\/2021\\\/08\\\/09\\\/presidente-entrega-medida-provisoria-do-novo-bolsa-familia\\\/#article\",\"isPartOf\":{\"@id\":\"https:\\\/\\\/regiaonews.net.br\\\/2022\\\/2021\\\/08\\\/09\\\/presidente-entrega-medida-provisoria-do-novo-bolsa-familia\\\/\"},\"author\":{\"name\":\"Roberto\",\"@id\":\"https:\\\/\\\/regiaonews.net.br\\\/2022\\\/#\\\/schema\\\/person\\\/2d205a608a5aa97ac279d7a5e6d89ad8\"},\"headline\":\"Presidente entrega medida provis\u00f3ria do novo Bolsa Fam\u00edlia\",\"datePublished\":\"2021-08-09T14:53:38+00:00\",\"mainEntityOfPage\":{\"@id\":\"https:\\\/\\\/regiaonews.net.br\\\/2022\\\/2021\\\/08\\\/09\\\/presidente-entrega-medida-provisoria-do-novo-bolsa-familia\\\/\"},\"wordCount\":296,\"commentCount\":0,\"publisher\":{\"@id\":\"https:\\\/\\\/regiaonews.net.br\\\/2022\\\/#organization\"},\"image\":{\"@id\":\"https:\\\/\\\/regiaonews.net.br\\\/2022\\\/2021\\\/08\\\/09\\\/presidente-entrega-medida-provisoria-do-novo-bolsa-familia\\\/#primaryimage\"},\"thumbnailUrl\":\"https:\\\/\\\/regiaonews.net.br\\\/2022\\\/wp-content\\\/uploads\\\/2021\\\/08\\\/Bolsonaro-e-Lira.jpg\",\"articleSection\":[\"Brasil\",\"Cidades\",\"Pol\u00edtica\"],\"inLanguage\":\"pt-BR\",\"potentialAction\":[{\"@type\":\"CommentAction\",\"name\":\"Comment\",\"target\":[\"https:\\\/\\\/regiaonews.net.br\\\/2022\\\/2021\\\/08\\\/09\\\/presidente-entrega-medida-provisoria-do-novo-bolsa-familia\\\/#respond\"]}]},{\"@type\":\"WebPage\",\"@id\":\"https:\\\/\\\/regiaonews.net.br\\\/2022\\\/2021\\\/08\\\/09\\\/presidente-entrega-medida-provisoria-do-novo-bolsa-familia\\\/\",\"url\":\"https:\\\/\\\/regiaonews.net.br\\\/2022\\\/2021\\\/08\\\/09\\\/presidente-entrega-medida-provisoria-do-novo-bolsa-familia\\\/\",\"name\":\"Presidente entrega medida provis\u00f3ria do novo Bolsa Fam\u00edlia - Regi\u00e3o News\",\"isPartOf\":{\"@id\":\"https:\\\/\\\/regiaonews.net.br\\\/2022\\\/#website\"},\"primaryImageOfPage\":{\"@id\":\"https:\\\/\\\/regiaonews.net.br\\\/2022\\\/2021\\\/08\\\/09\\\/presidente-entrega-medida-provisoria-do-novo-bolsa-familia\\\/#primaryimage\"},\"image\":{\"@id\":\"https:\\\/\\\/regiaonews.net.br\\\/2022\\\/2021\\\/08\\\/09\\\/presidente-entrega-medida-provisoria-do-novo-bolsa-familia\\\/#primaryimage\"},\"thumbnailUrl\":\"https:\\\/\\\/regiaonews.net.br\\\/2022\\\/wp-content\\\/uploads\\\/2021\\\/08\\\/Bolsonaro-e-Lira.jpg\",\"datePublished\":\"2021-08-09T14:53:38+00:00\",\"breadcrumb\":{\"@id\":\"https:\\\/\\\/regiaonews.net.br\\\/2022\\\/2021\\\/08\\\/09\\\/presidente-entrega-medida-provisoria-do-novo-bolsa-familia\\\/#breadcrumb\"},\"inLanguage\":\"pt-BR\",\"potentialAction\":[{\"@type\":\"ReadAction\",\"target\":[\"https:\\\/\\\/regiaonews.net.br\\\/2022\\\/2021\\\/08\\\/09\\\/presidente-entrega-medida-provisoria-do-novo-bolsa-familia\\\/\"]}]},{\"@type\":\"ImageObject\",\"inLanguage\":\"pt-BR\",\"@id\":\"https:\\\/\\\/regiaonews.net.br\\\/2022\\\/2021\\\/08\\\/09\\\/presidente-entrega-medida-provisoria-do-novo-bolsa-familia\\\/#primaryimage\",\"url\":\"https:\\\/\\\/regiaonews.net.br\\\/2022\\\/wp-content\\\/uploads\\\/2021\\\/08\\\/Bolsonaro-e-Lira.jpg\",\"contentUrl\":\"https:\\\/\\\/regiaonews.net.br\\\/2022\\\/wp-content\\\/uploads\\\/2021\\\/08\\\/Bolsonaro-e-Lira.jpg\",\"width\":1170,\"height\":700,\"caption\":\"Presidente da C\u00e2mara, Arthur Lira PP - AL, Recebe o Presidente Jair Bolsonaro para a entrega da PEC e MP referente ao Bolsa Fam\u00edlia\"},{\"@type\":\"BreadcrumbList\",\"@id\":\"https:\\\/\\\/regiaonews.net.br\\\/2022\\\/2021\\\/08\\\/09\\\/presidente-entrega-medida-provisoria-do-novo-bolsa-familia\\\/#breadcrumb\",\"itemListElement\":[{\"@type\":\"ListItem\",\"position\":1,\"name\":\"In\u00edcio\",\"item\":\"https:\\\/\\\/regiaonews.net.br\\\/2022\\\/\"},{\"@type\":\"ListItem\",\"position\":2,\"name\":\"Presidente entrega medida provis\u00f3ria do novo Bolsa Fam\u00edlia\"}]},{\"@type\":\"WebSite\",\"@id\":\"https:\\\/\\\/regiaonews.net.br\\\/2022\\\/#website\",\"url\":\"https:\\\/\\\/regiaonews.net.br\\\/2022\\\/\",\"name\":\"Regi\u00e3o News\",\"description\":\"Site de Not\u00edcias de Barretos e regi\u00e3o\",\"publisher\":{\"@id\":\"https:\\\/\\\/regiaonews.net.br\\\/2022\\\/#organization\"},\"potentialAction\":[{\"@type\":\"SearchAction\",\"target\":{\"@type\":\"EntryPoint\",\"urlTemplate\":\"https:\\\/\\\/regiaonews.net.br\\\/2022\\\/?s={search_term_string}\"},\"query-input\":{\"@type\":\"PropertyValueSpecification\",\"valueRequired\":true,\"valueName\":\"search_term_string\"}}],\"inLanguage\":\"pt-BR\"},{\"@type\":\"Organization\",\"@id\":\"https:\\\/\\\/regiaonews.net.br\\\/2022\\\/#organization\",\"name\":\"Regi\u00e3o News\",\"url\":\"https:\\\/\\\/regiaonews.net.br\\\/2022\\\/\",\"logo\":{\"@type\":\"ImageObject\",\"inLanguage\":\"pt-BR\",\"@id\":\"https:\\\/\\\/regiaonews.net.br\\\/2022\\\/#\\\/schema\\\/logo\\\/image\\\/\",\"url\":\"https:\\\/\\\/regiaonews.net.br\\\/2022\\\/wp-content\\\/uploads\\\/2026\\\/03\\\/regiao-13-anos-scaled.jpg\",\"contentUrl\":\"https:\\\/\\\/regiaonews.net.br\\\/2022\\\/wp-content\\\/uploads\\\/2026\\\/03\\\/regiao-13-anos-scaled.jpg\",\"width\":2560,\"height\":635,\"caption\":\"Regi\u00e3o News\"},\"image\":{\"@id\":\"https:\\\/\\\/regiaonews.net.br\\\/2022\\\/#\\\/schema\\\/logo\\\/image\\\/\"}},{\"@type\":\"Person\",\"@id\":\"https:\\\/\\\/regiaonews.net.br\\\/2022\\\/#\\\/schema\\\/person\\\/2d205a608a5aa97ac279d7a5e6d89ad8\",\"name\":\"Roberto\",\"image\":{\"@type\":\"ImageObject\",\"inLanguage\":\"pt-BR\",\"@id\":\"https:\\\/\\\/secure.gravatar.com\\\/avatar\\\/42749d8b712ff9d59ca93dc150494e5b55a44134482993f5baeb97e61b7ecc89?s=96&d=mm&r=g\",\"url\":\"https:\\\/\\\/secure.gravatar.com\\\/avatar\\\/42749d8b712ff9d59ca93dc150494e5b55a44134482993f5baeb97e61b7ecc89?s=96&d=mm&r=g\",\"contentUrl\":\"https:\\\/\\\/secure.gravatar.com\\\/avatar\\\/42749d8b712ff9d59ca93dc150494e5b55a44134482993f5baeb97e61b7ecc89?s=96&d=mm&r=g\",\"caption\":\"Roberto\"},\"url\":\"https:\\\/\\\/regiaonews.net.br\\\/2022\\\/author\\\/roberto\\\/\"}]}<\/script>\n<!-- \/ Yoast SEO plugin. -->","yoast_head_json":{"title":"Presidente entrega medida provis\u00f3ria do novo Bolsa Fam\u00edlia - Regi\u00e3o News","robots":{"index":"index","follow":"follow","max-snippet":"max-snippet:-1","max-image-preview":"max-image-preview:large","max-video-preview":"max-video-preview:-1"},"canonical":"https:\/\/regiaonews.net.br\/2022\/2021\/08\/09\/presidente-entrega-medida-provisoria-do-novo-bolsa-familia\/","og_locale":"pt_BR","og_type":"article","og_title":"Presidente entrega medida provis\u00f3ria do novo Bolsa Fam\u00edlia - Regi\u00e3o News","og_description":"O presidente da Rep\u00fablica, Jair Bolsonaro, apresentou hoje (9) uma","og_url":"https:\/\/regiaonews.net.br\/2022\/2021\/08\/09\/presidente-entrega-medida-provisoria-do-novo-bolsa-familia\/","og_site_name":"Regi\u00e3o News","article_published_time":"2021-08-09T14:53:38+00:00","og_image":[{"width":1170,"height":700,"url":"https:\/\/regiaonews.net.br\/2022\/wp-content\/uploads\/2021\/08\/Bolsonaro-e-Lira.jpg","type":"image\/jpeg"}],"author":"Roberto","twitter_card":"summary_large_image","twitter_misc":{"Escrito por":"Roberto","Est. tempo de leitura":"1 minuto"},"schema":{"@context":"https:\/\/schema.org","@graph":[{"@type":"Article","@id":"https:\/\/regiaonews.net.br\/2022\/2021\/08\/09\/presidente-entrega-medida-provisoria-do-novo-bolsa-familia\/#article","isPartOf":{"@id":"https:\/\/regiaonews.net.br\/2022\/2021\/08\/09\/presidente-entrega-medida-provisoria-do-novo-bolsa-familia\/"},"author":{"name":"Roberto","@id":"https:\/\/regiaonews.net.br\/2022\/#\/schema\/person\/2d205a608a5aa97ac279d7a5e6d89ad8"},"headline":"Presidente entrega medida provis\u00f3ria do novo Bolsa Fam\u00edlia","datePublished":"2021-08-09T14:53:38+00:00","mainEntityOfPage":{"@id":"https:\/\/regiaonews.net.br\/2022\/2021\/08\/09\/presidente-entrega-medida-provisoria-do-novo-bolsa-familia\/"},"wordCount":296,"commentCount":0,"publisher":{"@id":"https:\/\/regiaonews.net.br\/2022\/#organization"},"image":{"@id":"https:\/\/regiaonews.net.br\/2022\/2021\/08\/09\/presidente-entrega-medida-provisoria-do-novo-bolsa-familia\/#primaryimage"},"thumbnailUrl":"https:\/\/regiaonews.net.br\/2022\/wp-content\/uploads\/2021\/08\/Bolsonaro-e-Lira.jpg","articleSection":["Brasil","Cidades","Pol\u00edtica"],"inLanguage":"pt-BR","potentialAction":[{"@type":"CommentAction","name":"Comment","target":["https:\/\/regiaonews.net.br\/2022\/2021\/08\/09\/presidente-entrega-medida-provisoria-do-novo-bolsa-familia\/#respond"]}]},{"@type":"WebPage","@id":"https:\/\/regiaonews.net.br\/2022\/2021\/08\/09\/presidente-entrega-medida-provisoria-do-novo-bolsa-familia\/","url":"https:\/\/regiaonews.net.br\/2022\/2021\/08\/09\/presidente-entrega-medida-provisoria-do-novo-bolsa-familia\/","name":"Presidente entrega medida provis\u00f3ria do novo Bolsa Fam\u00edlia - Regi\u00e3o News","isPartOf":{"@id":"https:\/\/regiaonews.net.br\/2022\/#website"},"primaryImageOfPage":{"@id":"https:\/\/regiaonews.net.br\/2022\/2021\/08\/09\/presidente-entrega-medida-provisoria-do-novo-bolsa-familia\/#primaryimage"},"image":{"@id":"https:\/\/regiaonews.net.br\/2022\/2021\/08\/09\/presidente-entrega-medida-provisoria-do-novo-bolsa-familia\/#primaryimage"},"thumbnailUrl":"https:\/\/regiaonews.net.br\/2022\/wp-content\/uploads\/2021\/08\/Bolsonaro-e-Lira.jpg","datePublished":"2021-08-09T14:53:38+00:00","breadcrumb":{"@id":"https:\/\/regiaonews.net.br\/2022\/2021\/08\/09\/presidente-entrega-medida-provisoria-do-novo-bolsa-familia\/#breadcrumb"},"inLanguage":"pt-BR","potentialAction":[{"@type":"ReadAction","target":["https:\/\/regiaonews.net.br\/2022\/2021\/08\/09\/presidente-entrega-medida-provisoria-do-novo-bolsa-familia\/"]}]},{"@type":"ImageObject","inLanguage":"pt-BR","@id":"https:\/\/regiaonews.net.br\/2022\/2021\/08\/09\/presidente-entrega-medida-provisoria-do-novo-bolsa-familia\/#primaryimage","url":"https:\/\/regiaonews.net.br\/2022\/wp-content\/uploads\/2021\/08\/Bolsonaro-e-Lira.jpg","contentUrl":"https:\/\/regiaonews.net.br\/2022\/wp-content\/uploads\/2021\/08\/Bolsonaro-e-Lira.jpg","width":1170,"height":700,"caption":"Presidente da C\u00e2mara, Arthur Lira PP - AL, Recebe o Presidente Jair Bolsonaro para a entrega da PEC e MP referente ao Bolsa Fam\u00edlia"},{"@type":"BreadcrumbList","@id":"https:\/\/regiaonews.net.br\/2022\/2021\/08\/09\/presidente-entrega-medida-provisoria-do-novo-bolsa-familia\/#breadcrumb","itemListElement":[{"@type":"ListItem","position":1,"name":"In\u00edcio","item":"https:\/\/regiaonews.net.br\/2022\/"},{"@type":"ListItem","position":2,"name":"Presidente entrega medida provis\u00f3ria do novo Bolsa Fam\u00edlia"}]},{"@type":"WebSite","@id":"https:\/\/regiaonews.net.br\/2022\/#website","url":"https:\/\/regiaonews.net.br\/2022\/","name":"Regi\u00e3o News","description":"Site de Not\u00edcias de Barretos e regi\u00e3o","publisher":{"@id":"https:\/\/regiaonews.net.br\/2022\/#organization"},"potentialAction":[{"@type":"SearchAction","target":{"@type":"EntryPoint","urlTemplate":"https:\/\/regiaonews.net.br\/2022\/?s={search_term_string}"},"query-input":{"@type":"PropertyValueSpecification","valueRequired":true,"valueName":"search_term_string"}}],"inLanguage":"pt-BR"},{"@type":"Organization","@id":"https:\/\/regiaonews.net.br\/2022\/#organization","name":"Regi\u00e3o News","url":"https:\/\/regiaonews.net.br\/2022\/","logo":{"@type":"ImageObject","inLanguage":"pt-BR","@id":"https:\/\/regiaonews.net.br\/2022\/#\/schema\/logo\/image\/","url":"https:\/\/regiaonews.net.br\/2022\/wp-content\/uploads\/2026\/03\/regiao-13-anos-scaled.jpg","contentUrl":"https:\/\/regiaonews.net.br\/2022\/wp-content\/uploads\/2026\/03\/regiao-13-anos-scaled.jpg","width":2560,"height":635,"caption":"Regi\u00e3o News"},"image":{"@id":"https:\/\/regiaonews.net.br\/2022\/#\/schema\/logo\/image\/"}},{"@type":"Person","@id":"https:\/\/regiaonews.net.br\/2022\/#\/schema\/person\/2d205a608a5aa97ac279d7a5e6d89ad8","name":"Roberto","image":{"@type":"ImageObject","inLanguage":"pt-BR","@id":"https:\/\/secure.gravatar.com\/avatar\/42749d8b712ff9d59ca93dc150494e5b55a44134482993f5baeb97e61b7ecc89?s=96&d=mm&r=g","url":"https:\/\/secure.gravatar.com\/avatar\/42749d8b712ff9d59ca93dc150494e5b55a44134482993f5baeb97e61b7ecc89?s=96&d=mm&r=g","contentUrl":"https:\/\/secure.gravatar.com\/avatar\/42749d8b712ff9d59ca93dc150494e5b55a44134482993f5baeb97e61b7ecc89?s=96&d=mm&r=g","caption":"Roberto"},"url":"https:\/\/regiaonews.net.br\/2022\/author\/roberto\/"}]}},"publishpress_future_action":{"enabled":false,"date":"2026-05-04 23:12:18","action":"change-status","newStatus":"draft","terms":[],"taxonomy":"category","extraData":[]},"publishpress_future_workflow_manual_trigger":{"enabledWorkflows":[]},"_links":{"self":[{"href":"https:\/\/regiaonews.net.br\/2022\/wp-json\/wp\/v2\/posts\/51555","targetHints":{"allow":["GET"]}}],"collection":[{"href":"https:\/\/regiaonews.net.br\/2022\/wp-json\/wp\/v2\/posts"}],"about":[{"href":"https:\/\/regiaonews.net.br\/2022\/wp-json\/wp\/v2\/types\/post"}],"author":[{"embeddable":true,"href":"https:\/\/regiaonews.net.br\/2022\/wp-json\/wp\/v2\/users\/2"}],"replies":[{"embeddable":true,"href":"https:\/\/regiaonews.net.br\/2022\/wp-json\/wp\/v2\/comments?post=51555"}],"version-history":[{"count":0,"href":"https:\/\/regiaonews.net.br\/2022\/wp-json\/wp\/v2\/posts\/51555\/revisions"}],"wp:featuredmedia":[{"embeddable":true,"href":"https:\/\/regiaonews.net.br\/2022\/wp-json\/wp\/v2\/media\/51556"}],"wp:attachment":[{"href":"https:\/\/regiaonews.net.br\/2022\/wp-json\/wp\/v2\/media?parent=51555"}],"wp:term":[{"taxonomy":"category","embeddable":true,"href":"https:\/\/regiaonews.net.br\/2022\/wp-json\/wp\/v2\/categories?post=51555"},{"taxonomy":"post_tag","embeddable":true,"href":"https:\/\/regiaonews.net.br\/2022\/wp-json\/wp\/v2\/tags?post=51555"}],"curies":[{"name":"wp","href":"https:\/\/api.w.org\/{rel}","templated":true}]}}