{"id":51181,"date":"2021-07-31T23:19:05","date_gmt":"2021-08-01T02:19:05","guid":{"rendered":"https:\/\/regiaonews.net.br\/2022\/?p=51181"},"modified":"2021-07-31T23:58:05","modified_gmt":"2021-08-01T02:58:05","slug":"51181","status":"publish","type":"post","link":"https:\/\/regiaonews.net.br\/2022\/2021\/07\/31\/51181\/","title":{"rendered":"Bruno Fratus confirma expectativa e leva o bronze nos 50m livre"},"content":{"rendered":"<p><a href=\"https:\/\/regiaonews.net.br\/2022\/wp-content\/uploads\/2021\/07\/2021-08-01t014102z-1493751912-sp1eh8104obhf-rtrmadp-3-olympics-2020-swm-m-50mfr-fnl.jpg\"><img loading=\"lazy\" decoding=\"async\" class=\"alignnone size-medium wp-image-51182\" src=\"https:\/\/regiaonews.net.br\/2022\/wp-content\/uploads\/2021\/07\/2021-08-01t014102z-1493751912-sp1eh8104obhf-rtrmadp-3-olympics-2020-swm-m-50mfr-fnl-300x169.jpg\" alt=\"\" width=\"300\" height=\"169\" \/><\/a><\/p>\n<p>Bruno Fratus comemora bronze<\/p>\n<p>Foto: REUTERS\/Marko Djurica<\/p>\n<div class=\"jsx-2367264791 main-layout\">\n<div class=\"jsx-2480155530 light-layout\">\n<div class=\"jsx-4061771403 \"><main class=\"jsx-4061771403 \"><\/p>\n<article class=\"jsx-4061771403\">\n<div class=\"row\">\n<div class=\"html-container--mobile\">\n<div class=\"html-container__content\">\n<p>Em sua terceira participa\u00e7\u00e3o nas\u00a0<strong><a href=\"https:\/\/www.cnnbrasil.com.br\/tudo-sobre\/olimpiada-2020\" target=\"_top\" rel=\"noopener\">Olimp\u00edadas de 2020<\/a><\/strong>, vivendo a terceira final consecutiva na prova mais r\u00e1pida da\u00a0<strong>nata\u00e7\u00e3o<\/strong>,\u00a0<strong>Bruno Fratus<\/strong>\u00a0chegou ao p\u00f3dio ol\u00edmpico. Na final que abriu a \u00faltima noite das disputas na piscina nesta edi\u00e7\u00e3o dos Jogos, o brasileiro levou a medalha de bronze nos 50m livre, a segunda conquista da modalidade e a nona do pa\u00eds em T\u00f3quio.<\/p>\n<p>Diferentemente do\u00a0<a href=\"https:\/\/www.cnnbrasil.com.br\/esporte\/2021\/07\/26\/fernando-scheffer-surpreende-e-conquista-o-bronze-na-natacao\" target=\"_top\" rel=\"noopener\">bronze de Fernando Scheffer<\/a>\u00a0nos 200m livre, que desafiou atletas mais favoritos ao p\u00f3dio, Fratus chegou como candidato \u00e0s primeiras posi\u00e7\u00f5es e era o principal nome da nata\u00e7\u00e3o brasileira nos Jogos. Ele foi quarto colocado em Londres-2012, quando terminou apenas dois cent\u00e9simos atr\u00e1s do bronze, e sexto no Rio-2016, quando fez uma final abaixo do tempo que tinha apresentado anteriormente e saiu bem frustrado com o desempenho.<\/p>\n<div class=\"amp-hidden\"><\/div>\n<p>Ele tamb\u00e9m foi terceiro colocado no Mundial de 2015 e depois segundo lugar nas duas edi\u00e7\u00f5es seguintes, em 2017 e 2019. Agora, aos 32 anos, finalmente conquista a t\u00e3o sonhada medalha ol\u00edmpica.<\/p>\n<\/div>\n<\/div>\n<\/div>\n<\/article>\n<p><\/main><\/div>\n<\/div>\n<\/div>\n","protected":false},"excerpt":{"rendered":"<p>Bruno Fratus comemora bronze Foto: REUTERS\/Marko Djurica Em sua terceira<\/p>\n","protected":false},"author":2,"featured_media":51188,"comment_status":"open","ping_status":"open","sticky":false,"template":"","format":"standard","meta":{"footnotes":""},"categories":[25,21,131],"tags":[],"class_list":["post-51181","post","type-post","status-publish","format-standard","has-post-thumbnail","hentry","category-cidades","category-esporte","category-jogos-olimpicos"],"yoast_head":"<!-- This site is optimized with the Yoast SEO plugin v27.4 - https:\/\/yoast.com\/product\/yoast-seo-wordpress\/ -->\n<title>Bruno Fratus confirma expectativa e leva o bronze nos 50m livre - Regi\u00e3o News<\/title>\n<meta name=\"robots\" content=\"index, follow, max-snippet:-1, max-image-preview:large, max-video-preview:-1\" \/>\n<link rel=\"canonical\" href=\"https:\/\/regiaonews.net.br\/2022\/2021\/07\/31\/51181\/\" \/>\n<meta property=\"og:locale\" content=\"pt_BR\" \/>\n<meta property=\"og:type\" content=\"article\" \/>\n<meta property=\"og:title\" content=\"Bruno Fratus confirma expectativa e leva o bronze nos 50m livre - Regi\u00e3o News\" \/>\n<meta property=\"og:description\" content=\"Bruno Fratus comemora bronze Foto: REUTERS\/Marko Djurica Em sua terceira\" \/>\n<meta property=\"og:url\" content=\"https:\/\/regiaonews.net.br\/2022\/2021\/07\/31\/51181\/\" \/>\n<meta property=\"og:site_name\" content=\"Regi\u00e3o News\" \/>\n<meta property=\"article:published_time\" content=\"2021-08-01T02:19:05+00:00\" \/>\n<meta property=\"article:modified_time\" content=\"2021-08-01T02:58:05+00:00\" \/>\n<meta property=\"og:image\" content=\"https:\/\/regiaonews.net.br\/2022\/wp-content\/uploads\/2021\/07\/2021-08-01t021857z-1786797848-sp1eh8106fjtn-rtrmadp-3-olympics-2020-swm-m-50mfr-medal.jpg\" \/>\n\t<meta property=\"og:image:width\" content=\"1080\" \/>\n\t<meta property=\"og:image:height\" content=\"608\" \/>\n\t<meta property=\"og:image:type\" content=\"image\/jpeg\" \/>\n<meta name=\"author\" content=\"Roberto\" \/>\n<meta name=\"twitter:card\" content=\"summary_large_image\" \/>\n<meta name=\"twitter:label1\" content=\"Escrito por\" \/>\n\t<meta name=\"twitter:data1\" content=\"Roberto\" \/>\n\t<meta name=\"twitter:label2\" content=\"Est. tempo de leitura\" \/>\n\t<meta name=\"twitter:data2\" content=\"1 minuto\" \/>\n<script type=\"application\/ld+json\" class=\"yoast-schema-graph\">{\"@context\":\"https:\\\/\\\/schema.org\",\"@graph\":[{\"@type\":\"Article\",\"@id\":\"https:\\\/\\\/regiaonews.net.br\\\/2022\\\/2021\\\/07\\\/31\\\/51181\\\/#article\",\"isPartOf\":{\"@id\":\"https:\\\/\\\/regiaonews.net.br\\\/2022\\\/2021\\\/07\\\/31\\\/51181\\\/\"},\"author\":{\"name\":\"Roberto\",\"@id\":\"https:\\\/\\\/regiaonews.net.br\\\/2022\\\/#\\\/schema\\\/person\\\/2d205a608a5aa97ac279d7a5e6d89ad8\"},\"headline\":\"Bruno Fratus confirma expectativa e leva o bronze nos 50m livre\",\"datePublished\":\"2021-08-01T02:19:05+00:00\",\"dateModified\":\"2021-08-01T02:58:05+00:00\",\"mainEntityOfPage\":{\"@id\":\"https:\\\/\\\/regiaonews.net.br\\\/2022\\\/2021\\\/07\\\/31\\\/51181\\\/\"},\"wordCount\":195,\"commentCount\":0,\"publisher\":{\"@id\":\"https:\\\/\\\/regiaonews.net.br\\\/2022\\\/#organization\"},\"image\":{\"@id\":\"https:\\\/\\\/regiaonews.net.br\\\/2022\\\/2021\\\/07\\\/31\\\/51181\\\/#primaryimage\"},\"thumbnailUrl\":\"https:\\\/\\\/regiaonews.net.br\\\/2022\\\/wp-content\\\/uploads\\\/2021\\\/07\\\/2021-08-01t021857z-1786797848-sp1eh8106fjtn-rtrmadp-3-olympics-2020-swm-m-50mfr-medal.jpg\",\"articleSection\":[\"Cidades\",\"Esporte\",\"Jogos Ol\u00edmpicos\"],\"inLanguage\":\"pt-BR\",\"potentialAction\":[{\"@type\":\"CommentAction\",\"name\":\"Comment\",\"target\":[\"https:\\\/\\\/regiaonews.net.br\\\/2022\\\/2021\\\/07\\\/31\\\/51181\\\/#respond\"]}]},{\"@type\":\"WebPage\",\"@id\":\"https:\\\/\\\/regiaonews.net.br\\\/2022\\\/2021\\\/07\\\/31\\\/51181\\\/\",\"url\":\"https:\\\/\\\/regiaonews.net.br\\\/2022\\\/2021\\\/07\\\/31\\\/51181\\\/\",\"name\":\"Bruno Fratus confirma expectativa e leva o bronze nos 50m livre - Regi\u00e3o News\",\"isPartOf\":{\"@id\":\"https:\\\/\\\/regiaonews.net.br\\\/2022\\\/#website\"},\"primaryImageOfPage\":{\"@id\":\"https:\\\/\\\/regiaonews.net.br\\\/2022\\\/2021\\\/07\\\/31\\\/51181\\\/#primaryimage\"},\"image\":{\"@id\":\"https:\\\/\\\/regiaonews.net.br\\\/2022\\\/2021\\\/07\\\/31\\\/51181\\\/#primaryimage\"},\"thumbnailUrl\":\"https:\\\/\\\/regiaonews.net.br\\\/2022\\\/wp-content\\\/uploads\\\/2021\\\/07\\\/2021-08-01t021857z-1786797848-sp1eh8106fjtn-rtrmadp-3-olympics-2020-swm-m-50mfr-medal.jpg\",\"datePublished\":\"2021-08-01T02:19:05+00:00\",\"dateModified\":\"2021-08-01T02:58:05+00:00\",\"breadcrumb\":{\"@id\":\"https:\\\/\\\/regiaonews.net.br\\\/2022\\\/2021\\\/07\\\/31\\\/51181\\\/#breadcrumb\"},\"inLanguage\":\"pt-BR\",\"potentialAction\":[{\"@type\":\"ReadAction\",\"target\":[\"https:\\\/\\\/regiaonews.net.br\\\/2022\\\/2021\\\/07\\\/31\\\/51181\\\/\"]}]},{\"@type\":\"ImageObject\",\"inLanguage\":\"pt-BR\",\"@id\":\"https:\\\/\\\/regiaonews.net.br\\\/2022\\\/2021\\\/07\\\/31\\\/51181\\\/#primaryimage\",\"url\":\"https:\\\/\\\/regiaonews.net.br\\\/2022\\\/wp-content\\\/uploads\\\/2021\\\/07\\\/2021-08-01t021857z-1786797848-sp1eh8106fjtn-rtrmadp-3-olympics-2020-swm-m-50mfr-medal.jpg\",\"contentUrl\":\"https:\\\/\\\/regiaonews.net.br\\\/2022\\\/wp-content\\\/uploads\\\/2021\\\/07\\\/2021-08-01t021857z-1786797848-sp1eh8106fjtn-rtrmadp-3-olympics-2020-swm-m-50mfr-medal.jpg\",\"width\":1080,\"height\":608},{\"@type\":\"BreadcrumbList\",\"@id\":\"https:\\\/\\\/regiaonews.net.br\\\/2022\\\/2021\\\/07\\\/31\\\/51181\\\/#breadcrumb\",\"itemListElement\":[{\"@type\":\"ListItem\",\"position\":1,\"name\":\"In\u00edcio\",\"item\":\"https:\\\/\\\/regiaonews.net.br\\\/2022\\\/\"},{\"@type\":\"ListItem\",\"position\":2,\"name\":\"Bruno Fratus confirma expectativa e leva o bronze nos 50m livre\"}]},{\"@type\":\"WebSite\",\"@id\":\"https:\\\/\\\/regiaonews.net.br\\\/2022\\\/#website\",\"url\":\"https:\\\/\\\/regiaonews.net.br\\\/2022\\\/\",\"name\":\"Regi\u00e3o News\",\"description\":\"Site de Not\u00edcias de Barretos e regi\u00e3o\",\"publisher\":{\"@id\":\"https:\\\/\\\/regiaonews.net.br\\\/2022\\\/#organization\"},\"potentialAction\":[{\"@type\":\"SearchAction\",\"target\":{\"@type\":\"EntryPoint\",\"urlTemplate\":\"https:\\\/\\\/regiaonews.net.br\\\/2022\\\/?s={search_term_string}\"},\"query-input\":{\"@type\":\"PropertyValueSpecification\",\"valueRequired\":true,\"valueName\":\"search_term_string\"}}],\"inLanguage\":\"pt-BR\"},{\"@type\":\"Organization\",\"@id\":\"https:\\\/\\\/regiaonews.net.br\\\/2022\\\/#organization\",\"name\":\"Regi\u00e3o News\",\"url\":\"https:\\\/\\\/regiaonews.net.br\\\/2022\\\/\",\"logo\":{\"@type\":\"ImageObject\",\"inLanguage\":\"pt-BR\",\"@id\":\"https:\\\/\\\/regiaonews.net.br\\\/2022\\\/#\\\/schema\\\/logo\\\/image\\\/\",\"url\":\"https:\\\/\\\/regiaonews.net.br\\\/2022\\\/wp-content\\\/uploads\\\/2026\\\/03\\\/regiao-13-anos-scaled.jpg\",\"contentUrl\":\"https:\\\/\\\/regiaonews.net.br\\\/2022\\\/wp-content\\\/uploads\\\/2026\\\/03\\\/regiao-13-anos-scaled.jpg\",\"width\":2560,\"height\":635,\"caption\":\"Regi\u00e3o News\"},\"image\":{\"@id\":\"https:\\\/\\\/regiaonews.net.br\\\/2022\\\/#\\\/schema\\\/logo\\\/image\\\/\"}},{\"@type\":\"Person\",\"@id\":\"https:\\\/\\\/regiaonews.net.br\\\/2022\\\/#\\\/schema\\\/person\\\/2d205a608a5aa97ac279d7a5e6d89ad8\",\"name\":\"Roberto\",\"image\":{\"@type\":\"ImageObject\",\"inLanguage\":\"pt-BR\",\"@id\":\"https:\\\/\\\/secure.gravatar.com\\\/avatar\\\/42749d8b712ff9d59ca93dc150494e5b55a44134482993f5baeb97e61b7ecc89?s=96&d=mm&r=g\",\"url\":\"https:\\\/\\\/secure.gravatar.com\\\/avatar\\\/42749d8b712ff9d59ca93dc150494e5b55a44134482993f5baeb97e61b7ecc89?s=96&d=mm&r=g\",\"contentUrl\":\"https:\\\/\\\/secure.gravatar.com\\\/avatar\\\/42749d8b712ff9d59ca93dc150494e5b55a44134482993f5baeb97e61b7ecc89?s=96&d=mm&r=g\",\"caption\":\"Roberto\"},\"url\":\"https:\\\/\\\/regiaonews.net.br\\\/2022\\\/author\\\/roberto\\\/\"}]}<\/script>\n<!-- \/ Yoast SEO plugin. -->","yoast_head_json":{"title":"Bruno Fratus confirma expectativa e leva o bronze nos 50m livre - Regi\u00e3o News","robots":{"index":"index","follow":"follow","max-snippet":"max-snippet:-1","max-image-preview":"max-image-preview:large","max-video-preview":"max-video-preview:-1"},"canonical":"https:\/\/regiaonews.net.br\/2022\/2021\/07\/31\/51181\/","og_locale":"pt_BR","og_type":"article","og_title":"Bruno Fratus confirma expectativa e leva o bronze nos 50m livre - Regi\u00e3o News","og_description":"Bruno Fratus comemora bronze Foto: REUTERS\/Marko Djurica Em sua terceira","og_url":"https:\/\/regiaonews.net.br\/2022\/2021\/07\/31\/51181\/","og_site_name":"Regi\u00e3o News","article_published_time":"2021-08-01T02:19:05+00:00","article_modified_time":"2021-08-01T02:58:05+00:00","og_image":[{"width":1080,"height":608,"url":"https:\/\/regiaonews.net.br\/2022\/wp-content\/uploads\/2021\/07\/2021-08-01t021857z-1786797848-sp1eh8106fjtn-rtrmadp-3-olympics-2020-swm-m-50mfr-medal.jpg","type":"image\/jpeg"}],"author":"Roberto","twitter_card":"summary_large_image","twitter_misc":{"Escrito por":"Roberto","Est. tempo de leitura":"1 minuto"},"schema":{"@context":"https:\/\/schema.org","@graph":[{"@type":"Article","@id":"https:\/\/regiaonews.net.br\/2022\/2021\/07\/31\/51181\/#article","isPartOf":{"@id":"https:\/\/regiaonews.net.br\/2022\/2021\/07\/31\/51181\/"},"author":{"name":"Roberto","@id":"https:\/\/regiaonews.net.br\/2022\/#\/schema\/person\/2d205a608a5aa97ac279d7a5e6d89ad8"},"headline":"Bruno Fratus confirma expectativa e leva o bronze nos 50m livre","datePublished":"2021-08-01T02:19:05+00:00","dateModified":"2021-08-01T02:58:05+00:00","mainEntityOfPage":{"@id":"https:\/\/regiaonews.net.br\/2022\/2021\/07\/31\/51181\/"},"wordCount":195,"commentCount":0,"publisher":{"@id":"https:\/\/regiaonews.net.br\/2022\/#organization"},"image":{"@id":"https:\/\/regiaonews.net.br\/2022\/2021\/07\/31\/51181\/#primaryimage"},"thumbnailUrl":"https:\/\/regiaonews.net.br\/2022\/wp-content\/uploads\/2021\/07\/2021-08-01t021857z-1786797848-sp1eh8106fjtn-rtrmadp-3-olympics-2020-swm-m-50mfr-medal.jpg","articleSection":["Cidades","Esporte","Jogos Ol\u00edmpicos"],"inLanguage":"pt-BR","potentialAction":[{"@type":"CommentAction","name":"Comment","target":["https:\/\/regiaonews.net.br\/2022\/2021\/07\/31\/51181\/#respond"]}]},{"@type":"WebPage","@id":"https:\/\/regiaonews.net.br\/2022\/2021\/07\/31\/51181\/","url":"https:\/\/regiaonews.net.br\/2022\/2021\/07\/31\/51181\/","name":"Bruno Fratus confirma expectativa e leva o bronze nos 50m livre - Regi\u00e3o News","isPartOf":{"@id":"https:\/\/regiaonews.net.br\/2022\/#website"},"primaryImageOfPage":{"@id":"https:\/\/regiaonews.net.br\/2022\/2021\/07\/31\/51181\/#primaryimage"},"image":{"@id":"https:\/\/regiaonews.net.br\/2022\/2021\/07\/31\/51181\/#primaryimage"},"thumbnailUrl":"https:\/\/regiaonews.net.br\/2022\/wp-content\/uploads\/2021\/07\/2021-08-01t021857z-1786797848-sp1eh8106fjtn-rtrmadp-3-olympics-2020-swm-m-50mfr-medal.jpg","datePublished":"2021-08-01T02:19:05+00:00","dateModified":"2021-08-01T02:58:05+00:00","breadcrumb":{"@id":"https:\/\/regiaonews.net.br\/2022\/2021\/07\/31\/51181\/#breadcrumb"},"inLanguage":"pt-BR","potentialAction":[{"@type":"ReadAction","target":["https:\/\/regiaonews.net.br\/2022\/2021\/07\/31\/51181\/"]}]},{"@type":"ImageObject","inLanguage":"pt-BR","@id":"https:\/\/regiaonews.net.br\/2022\/2021\/07\/31\/51181\/#primaryimage","url":"https:\/\/regiaonews.net.br\/2022\/wp-content\/uploads\/2021\/07\/2021-08-01t021857z-1786797848-sp1eh8106fjtn-rtrmadp-3-olympics-2020-swm-m-50mfr-medal.jpg","contentUrl":"https:\/\/regiaonews.net.br\/2022\/wp-content\/uploads\/2021\/07\/2021-08-01t021857z-1786797848-sp1eh8106fjtn-rtrmadp-3-olympics-2020-swm-m-50mfr-medal.jpg","width":1080,"height":608},{"@type":"BreadcrumbList","@id":"https:\/\/regiaonews.net.br\/2022\/2021\/07\/31\/51181\/#breadcrumb","itemListElement":[{"@type":"ListItem","position":1,"name":"In\u00edcio","item":"https:\/\/regiaonews.net.br\/2022\/"},{"@type":"ListItem","position":2,"name":"Bruno Fratus confirma expectativa e leva o bronze nos 50m livre"}]},{"@type":"WebSite","@id":"https:\/\/regiaonews.net.br\/2022\/#website","url":"https:\/\/regiaonews.net.br\/2022\/","name":"Regi\u00e3o News","description":"Site de Not\u00edcias de Barretos e regi\u00e3o","publisher":{"@id":"https:\/\/regiaonews.net.br\/2022\/#organization"},"potentialAction":[{"@type":"SearchAction","target":{"@type":"EntryPoint","urlTemplate":"https:\/\/regiaonews.net.br\/2022\/?s={search_term_string}"},"query-input":{"@type":"PropertyValueSpecification","valueRequired":true,"valueName":"search_term_string"}}],"inLanguage":"pt-BR"},{"@type":"Organization","@id":"https:\/\/regiaonews.net.br\/2022\/#organization","name":"Regi\u00e3o News","url":"https:\/\/regiaonews.net.br\/2022\/","logo":{"@type":"ImageObject","inLanguage":"pt-BR","@id":"https:\/\/regiaonews.net.br\/2022\/#\/schema\/logo\/image\/","url":"https:\/\/regiaonews.net.br\/2022\/wp-content\/uploads\/2026\/03\/regiao-13-anos-scaled.jpg","contentUrl":"https:\/\/regiaonews.net.br\/2022\/wp-content\/uploads\/2026\/03\/regiao-13-anos-scaled.jpg","width":2560,"height":635,"caption":"Regi\u00e3o News"},"image":{"@id":"https:\/\/regiaonews.net.br\/2022\/#\/schema\/logo\/image\/"}},{"@type":"Person","@id":"https:\/\/regiaonews.net.br\/2022\/#\/schema\/person\/2d205a608a5aa97ac279d7a5e6d89ad8","name":"Roberto","image":{"@type":"ImageObject","inLanguage":"pt-BR","@id":"https:\/\/secure.gravatar.com\/avatar\/42749d8b712ff9d59ca93dc150494e5b55a44134482993f5baeb97e61b7ecc89?s=96&d=mm&r=g","url":"https:\/\/secure.gravatar.com\/avatar\/42749d8b712ff9d59ca93dc150494e5b55a44134482993f5baeb97e61b7ecc89?s=96&d=mm&r=g","contentUrl":"https:\/\/secure.gravatar.com\/avatar\/42749d8b712ff9d59ca93dc150494e5b55a44134482993f5baeb97e61b7ecc89?s=96&d=mm&r=g","caption":"Roberto"},"url":"https:\/\/regiaonews.net.br\/2022\/author\/roberto\/"}]}},"publishpress_future_action":{"enabled":false,"date":"2026-05-02 06:50:15","action":"change-status","newStatus":"draft","terms":[],"taxonomy":"category","extraData":[]},"publishpress_future_workflow_manual_trigger":{"enabledWorkflows":[]},"_links":{"self":[{"href":"https:\/\/regiaonews.net.br\/2022\/wp-json\/wp\/v2\/posts\/51181","targetHints":{"allow":["GET"]}}],"collection":[{"href":"https:\/\/regiaonews.net.br\/2022\/wp-json\/wp\/v2\/posts"}],"about":[{"href":"https:\/\/regiaonews.net.br\/2022\/wp-json\/wp\/v2\/types\/post"}],"author":[{"embeddable":true,"href":"https:\/\/regiaonews.net.br\/2022\/wp-json\/wp\/v2\/users\/2"}],"replies":[{"embeddable":true,"href":"https:\/\/regiaonews.net.br\/2022\/wp-json\/wp\/v2\/comments?post=51181"}],"version-history":[{"count":0,"href":"https:\/\/regiaonews.net.br\/2022\/wp-json\/wp\/v2\/posts\/51181\/revisions"}],"wp:featuredmedia":[{"embeddable":true,"href":"https:\/\/regiaonews.net.br\/2022\/wp-json\/wp\/v2\/media\/51188"}],"wp:attachment":[{"href":"https:\/\/regiaonews.net.br\/2022\/wp-json\/wp\/v2\/media?parent=51181"}],"wp:term":[{"taxonomy":"category","embeddable":true,"href":"https:\/\/regiaonews.net.br\/2022\/wp-json\/wp\/v2\/categories?post=51181"},{"taxonomy":"post_tag","embeddable":true,"href":"https:\/\/regiaonews.net.br\/2022\/wp-json\/wp\/v2\/tags?post=51181"}],"curies":[{"name":"wp","href":"https:\/\/api.w.org\/{rel}","templated":true}]}}