{"id":51173,"date":"2021-08-01T09:08:24","date_gmt":"2021-08-01T12:08:24","guid":{"rendered":"https:\/\/regiaonews.net.br\/2022\/?p=51173"},"modified":"2021-08-01T09:22:51","modified_gmt":"2021-08-01T12:22:51","slug":"aneel-bandeira-tarifaria-de-agosto-se-mantera-vermelha","status":"publish","type":"post","link":"https:\/\/regiaonews.net.br\/2022\/2021\/08\/01\/aneel-bandeira-tarifaria-de-agosto-se-mantera-vermelha\/","title":{"rendered":"Aneel: bandeira tarif\u00e1ria\u00a0de agosto\u00a0se manter\u00e1 vermelha"},"content":{"rendered":"<figure id=\"attachment_51174\" aria-describedby=\"caption-attachment-51174\" style=\"width: 300px\" class=\"wp-caption alignnone\"><a href=\"https:\/\/regiaonews.net.br\/2022\/wp-content\/uploads\/2021\/07\/1016074-28042016img_1454-.jpg\"><img loading=\"lazy\" decoding=\"async\" class=\"size-medium wp-image-51174\" src=\"https:\/\/regiaonews.net.br\/2022\/wp-content\/uploads\/2021\/07\/1016074-28042016img_1454--300x179.jpg\" alt=\"\" width=\"300\" height=\"179\" \/><\/a><figcaption id=\"caption-attachment-51174\" class=\"wp-caption-text\">Bras\u00edlia &#8211; O consumo de energia el\u00e9trica no pa\u00eds fechou os primeiros tr\u00eas meses do ano com queda acumulada de 4,2% em rela\u00e7\u00e3o ao mesmo per\u00edodo do ano passado (Marcelo Camargo\/Ag\u00eancia Brasil)<\/figcaption><\/figure>\n<div class=\"col-xl-7 offset-xl-1 col-lg-8 offset-lg-0 col-md-10 offset-md-1 mb-3\">\n<div class=\"post-item alt-font\">\n<div class=\"post-item-wrap\">\n<p>A Ag\u00eancia Nacional de Energia El\u00e9trica (Aneel) decidiu manter a bandeira vermelha, patamar 2, para o m\u00eas\u00a0de agosto. Com isso, o custo de cada 100 kilowatt-hora (kWh) consumido continua sendo de R$9,492. Segundo a ag\u00eancia, n\u00e3o houve mudan\u00e7a nos cen\u00e1rios hidrol\u00f3gicos do pa\u00eds. Ou seja, os reservat\u00f3rios das usinas hidrel\u00e9tricas ainda sofrem com o per\u00edodo de seca, for\u00e7ando o uso de fontes de energia mais caras.<img decoding=\"async\" src=\"https:\/\/agenciabrasil.ebc.com.br\/ebc.png?id=1416980&amp;o=node\" \/><img decoding=\"async\" src=\"https:\/\/agenciabrasil.ebc.com.br\/ebc.gif?id=1416980&amp;o=node\" \/><\/p>\n<p>\u201cAgosto inicia-se com igual perspectiva hidrol\u00f3gica, com os principais reservat\u00f3rios do SIN [Sistema Interligado Nacional] em n\u00edveis consideravelmente baixos para essa \u00e9poca do ano. Essa conjuntura sinaliza horizonte com reduzida capacidade de produ\u00e7\u00e3o hidrel\u00e9trica e necessidade de acionamento m\u00e1ximo dos recursos termel\u00e9tricos\u201d, explicou a Aneel.<\/p>\n<p>Em per\u00edodos de seca e consequente baixa nos n\u00edveis dos reservat\u00f3rios, \u00e9 necess\u00e1rio captar energia de outros tipos de usina, como as termel\u00e9tricas. Esse tipo de usina gera energia a partir de combust\u00edveis f\u00f3sseis, como diesel e g\u00e1s. Al\u00e9m de ser mais poluente, \u00e9 mais cara. Por isso, quando as termel\u00e9tricas s\u00e3o acionadas, o custo da gera\u00e7\u00e3o de energia aumenta e a\u00a0<a href=\"https:\/\/agenciabrasil.ebc.com.br\/economia\/noticia\/2021-07\/agencia-brasil-explica-como-funcionam-bandeiras-tarifarias\" target=\"_blank\" rel=\"noopener\">bandeira tarif\u00e1ria<\/a>\u00a0muda.<\/p>\n<p>Dentre as dicas trazidas pela Aneel para reduzir o valor da conta de luz, est\u00e3o o uso racional do chuveiro el\u00e9trico (banhos mais curtos e em temperatura morna), do ar condicionado (manter os filtros limpos e reduzir ao m\u00e1ximo seu tempo de utiliza\u00e7\u00e3o) e do ferro de passar (juntar roupas para passar de uma s\u00f3 vez e come\u00e7ar por aquelas que exigem menor temperatura).<\/p>\n<p>Fonte &#8211; Ag\u00eancia Brasil<\/p>\n<\/div>\n<\/div>\n<\/div>\n","protected":false},"excerpt":{"rendered":"<p>A Ag\u00eancia Nacional de Energia El\u00e9trica (Aneel) decidiu manter a<\/p>\n","protected":false},"author":2,"featured_media":51174,"comment_status":"open","ping_status":"open","sticky":false,"template":"","format":"standard","meta":{"footnotes":""},"categories":[24],"tags":[],"class_list":["post-51173","post","type-post","status-publish","format-standard","has-post-thumbnail","hentry","category-brasil"],"yoast_head":"<!-- This site is optimized with the Yoast SEO plugin v27.4 - https:\/\/yoast.com\/product\/yoast-seo-wordpress\/ -->\n<title>Aneel: bandeira tarif\u00e1ria\u00a0de agosto\u00a0se manter\u00e1 vermelha - Regi\u00e3o News<\/title>\n<meta name=\"robots\" content=\"index, follow, max-snippet:-1, max-image-preview:large, max-video-preview:-1\" \/>\n<link rel=\"canonical\" href=\"https:\/\/regiaonews.net.br\/2022\/2021\/08\/01\/aneel-bandeira-tarifaria-de-agosto-se-mantera-vermelha\/\" \/>\n<meta property=\"og:locale\" content=\"pt_BR\" \/>\n<meta property=\"og:type\" content=\"article\" \/>\n<meta property=\"og:title\" content=\"Aneel: bandeira tarif\u00e1ria\u00a0de agosto\u00a0se manter\u00e1 vermelha - Regi\u00e3o News\" \/>\n<meta property=\"og:description\" content=\"A Ag\u00eancia Nacional de Energia El\u00e9trica (Aneel) decidiu manter a\" \/>\n<meta property=\"og:url\" content=\"https:\/\/regiaonews.net.br\/2022\/2021\/08\/01\/aneel-bandeira-tarifaria-de-agosto-se-mantera-vermelha\/\" \/>\n<meta property=\"og:site_name\" content=\"Regi\u00e3o News\" \/>\n<meta property=\"article:published_time\" content=\"2021-08-01T12:08:24+00:00\" \/>\n<meta property=\"article:modified_time\" content=\"2021-08-01T12:22:51+00:00\" \/>\n<meta property=\"og:image\" content=\"https:\/\/regiaonews.net.br\/2022\/wp-content\/uploads\/2021\/07\/1016074-28042016img_1454-.jpg\" \/>\n\t<meta property=\"og:image:width\" content=\"1170\" \/>\n\t<meta property=\"og:image:height\" content=\"700\" \/>\n\t<meta property=\"og:image:type\" content=\"image\/jpeg\" \/>\n<meta name=\"author\" content=\"Roberto\" \/>\n<meta name=\"twitter:card\" content=\"summary_large_image\" \/>\n<meta name=\"twitter:label1\" content=\"Escrito por\" \/>\n\t<meta name=\"twitter:data1\" content=\"Roberto\" \/>\n\t<meta name=\"twitter:label2\" content=\"Est. tempo de leitura\" \/>\n\t<meta name=\"twitter:data2\" content=\"2 minutos\" \/>\n<script type=\"application\/ld+json\" class=\"yoast-schema-graph\">{\"@context\":\"https:\\\/\\\/schema.org\",\"@graph\":[{\"@type\":\"Article\",\"@id\":\"https:\\\/\\\/regiaonews.net.br\\\/2022\\\/2021\\\/08\\\/01\\\/aneel-bandeira-tarifaria-de-agosto-se-mantera-vermelha\\\/#article\",\"isPartOf\":{\"@id\":\"https:\\\/\\\/regiaonews.net.br\\\/2022\\\/2021\\\/08\\\/01\\\/aneel-bandeira-tarifaria-de-agosto-se-mantera-vermelha\\\/\"},\"author\":{\"name\":\"Roberto\",\"@id\":\"https:\\\/\\\/regiaonews.net.br\\\/2022\\\/#\\\/schema\\\/person\\\/2d205a608a5aa97ac279d7a5e6d89ad8\"},\"headline\":\"Aneel: bandeira tarif\u00e1ria\u00a0de agosto\u00a0se manter\u00e1 vermelha\",\"datePublished\":\"2021-08-01T12:08:24+00:00\",\"dateModified\":\"2021-08-01T12:22:51+00:00\",\"mainEntityOfPage\":{\"@id\":\"https:\\\/\\\/regiaonews.net.br\\\/2022\\\/2021\\\/08\\\/01\\\/aneel-bandeira-tarifaria-de-agosto-se-mantera-vermelha\\\/\"},\"wordCount\":335,\"commentCount\":0,\"publisher\":{\"@id\":\"https:\\\/\\\/regiaonews.net.br\\\/2022\\\/#organization\"},\"image\":{\"@id\":\"https:\\\/\\\/regiaonews.net.br\\\/2022\\\/2021\\\/08\\\/01\\\/aneel-bandeira-tarifaria-de-agosto-se-mantera-vermelha\\\/#primaryimage\"},\"thumbnailUrl\":\"https:\\\/\\\/regiaonews.net.br\\\/2022\\\/wp-content\\\/uploads\\\/2021\\\/07\\\/1016074-28042016img_1454-.jpg\",\"articleSection\":[\"Brasil\"],\"inLanguage\":\"pt-BR\",\"potentialAction\":[{\"@type\":\"CommentAction\",\"name\":\"Comment\",\"target\":[\"https:\\\/\\\/regiaonews.net.br\\\/2022\\\/2021\\\/08\\\/01\\\/aneel-bandeira-tarifaria-de-agosto-se-mantera-vermelha\\\/#respond\"]}]},{\"@type\":\"WebPage\",\"@id\":\"https:\\\/\\\/regiaonews.net.br\\\/2022\\\/2021\\\/08\\\/01\\\/aneel-bandeira-tarifaria-de-agosto-se-mantera-vermelha\\\/\",\"url\":\"https:\\\/\\\/regiaonews.net.br\\\/2022\\\/2021\\\/08\\\/01\\\/aneel-bandeira-tarifaria-de-agosto-se-mantera-vermelha\\\/\",\"name\":\"Aneel: bandeira tarif\u00e1ria\u00a0de agosto\u00a0se manter\u00e1 vermelha - Regi\u00e3o News\",\"isPartOf\":{\"@id\":\"https:\\\/\\\/regiaonews.net.br\\\/2022\\\/#website\"},\"primaryImageOfPage\":{\"@id\":\"https:\\\/\\\/regiaonews.net.br\\\/2022\\\/2021\\\/08\\\/01\\\/aneel-bandeira-tarifaria-de-agosto-se-mantera-vermelha\\\/#primaryimage\"},\"image\":{\"@id\":\"https:\\\/\\\/regiaonews.net.br\\\/2022\\\/2021\\\/08\\\/01\\\/aneel-bandeira-tarifaria-de-agosto-se-mantera-vermelha\\\/#primaryimage\"},\"thumbnailUrl\":\"https:\\\/\\\/regiaonews.net.br\\\/2022\\\/wp-content\\\/uploads\\\/2021\\\/07\\\/1016074-28042016img_1454-.jpg\",\"datePublished\":\"2021-08-01T12:08:24+00:00\",\"dateModified\":\"2021-08-01T12:22:51+00:00\",\"breadcrumb\":{\"@id\":\"https:\\\/\\\/regiaonews.net.br\\\/2022\\\/2021\\\/08\\\/01\\\/aneel-bandeira-tarifaria-de-agosto-se-mantera-vermelha\\\/#breadcrumb\"},\"inLanguage\":\"pt-BR\",\"potentialAction\":[{\"@type\":\"ReadAction\",\"target\":[\"https:\\\/\\\/regiaonews.net.br\\\/2022\\\/2021\\\/08\\\/01\\\/aneel-bandeira-tarifaria-de-agosto-se-mantera-vermelha\\\/\"]}]},{\"@type\":\"ImageObject\",\"inLanguage\":\"pt-BR\",\"@id\":\"https:\\\/\\\/regiaonews.net.br\\\/2022\\\/2021\\\/08\\\/01\\\/aneel-bandeira-tarifaria-de-agosto-se-mantera-vermelha\\\/#primaryimage\",\"url\":\"https:\\\/\\\/regiaonews.net.br\\\/2022\\\/wp-content\\\/uploads\\\/2021\\\/07\\\/1016074-28042016img_1454-.jpg\",\"contentUrl\":\"https:\\\/\\\/regiaonews.net.br\\\/2022\\\/wp-content\\\/uploads\\\/2021\\\/07\\\/1016074-28042016img_1454-.jpg\",\"width\":1170,\"height\":700,\"caption\":\"Bras\u00edlia - O consumo de energia el\u00e9trica no pa\u00eds fechou os primeiros tr\u00eas meses do ano com queda acumulada de 4,2% em rela\u00e7\u00e3o ao mesmo per\u00edodo do ano passado (Marcelo Camargo\\\/Ag\u00eancia Brasil)\"},{\"@type\":\"BreadcrumbList\",\"@id\":\"https:\\\/\\\/regiaonews.net.br\\\/2022\\\/2021\\\/08\\\/01\\\/aneel-bandeira-tarifaria-de-agosto-se-mantera-vermelha\\\/#breadcrumb\",\"itemListElement\":[{\"@type\":\"ListItem\",\"position\":1,\"name\":\"In\u00edcio\",\"item\":\"https:\\\/\\\/regiaonews.net.br\\\/2022\\\/\"},{\"@type\":\"ListItem\",\"position\":2,\"name\":\"Aneel: bandeira tarif\u00e1ria\u00a0de agosto\u00a0se manter\u00e1 vermelha\"}]},{\"@type\":\"WebSite\",\"@id\":\"https:\\\/\\\/regiaonews.net.br\\\/2022\\\/#website\",\"url\":\"https:\\\/\\\/regiaonews.net.br\\\/2022\\\/\",\"name\":\"Regi\u00e3o News\",\"description\":\"Site de Not\u00edcias de Barretos e regi\u00e3o\",\"publisher\":{\"@id\":\"https:\\\/\\\/regiaonews.net.br\\\/2022\\\/#organization\"},\"potentialAction\":[{\"@type\":\"SearchAction\",\"target\":{\"@type\":\"EntryPoint\",\"urlTemplate\":\"https:\\\/\\\/regiaonews.net.br\\\/2022\\\/?s={search_term_string}\"},\"query-input\":{\"@type\":\"PropertyValueSpecification\",\"valueRequired\":true,\"valueName\":\"search_term_string\"}}],\"inLanguage\":\"pt-BR\"},{\"@type\":\"Organization\",\"@id\":\"https:\\\/\\\/regiaonews.net.br\\\/2022\\\/#organization\",\"name\":\"Regi\u00e3o News\",\"url\":\"https:\\\/\\\/regiaonews.net.br\\\/2022\\\/\",\"logo\":{\"@type\":\"ImageObject\",\"inLanguage\":\"pt-BR\",\"@id\":\"https:\\\/\\\/regiaonews.net.br\\\/2022\\\/#\\\/schema\\\/logo\\\/image\\\/\",\"url\":\"https:\\\/\\\/regiaonews.net.br\\\/2022\\\/wp-content\\\/uploads\\\/2026\\\/03\\\/regiao-13-anos-scaled.jpg\",\"contentUrl\":\"https:\\\/\\\/regiaonews.net.br\\\/2022\\\/wp-content\\\/uploads\\\/2026\\\/03\\\/regiao-13-anos-scaled.jpg\",\"width\":2560,\"height\":635,\"caption\":\"Regi\u00e3o News\"},\"image\":{\"@id\":\"https:\\\/\\\/regiaonews.net.br\\\/2022\\\/#\\\/schema\\\/logo\\\/image\\\/\"}},{\"@type\":\"Person\",\"@id\":\"https:\\\/\\\/regiaonews.net.br\\\/2022\\\/#\\\/schema\\\/person\\\/2d205a608a5aa97ac279d7a5e6d89ad8\",\"name\":\"Roberto\",\"image\":{\"@type\":\"ImageObject\",\"inLanguage\":\"pt-BR\",\"@id\":\"https:\\\/\\\/secure.gravatar.com\\\/avatar\\\/42749d8b712ff9d59ca93dc150494e5b55a44134482993f5baeb97e61b7ecc89?s=96&d=mm&r=g\",\"url\":\"https:\\\/\\\/secure.gravatar.com\\\/avatar\\\/42749d8b712ff9d59ca93dc150494e5b55a44134482993f5baeb97e61b7ecc89?s=96&d=mm&r=g\",\"contentUrl\":\"https:\\\/\\\/secure.gravatar.com\\\/avatar\\\/42749d8b712ff9d59ca93dc150494e5b55a44134482993f5baeb97e61b7ecc89?s=96&d=mm&r=g\",\"caption\":\"Roberto\"},\"url\":\"https:\\\/\\\/regiaonews.net.br\\\/2022\\\/author\\\/roberto\\\/\"}]}<\/script>\n<!-- \/ Yoast SEO plugin. -->","yoast_head_json":{"title":"Aneel: bandeira tarif\u00e1ria\u00a0de agosto\u00a0se manter\u00e1 vermelha - Regi\u00e3o News","robots":{"index":"index","follow":"follow","max-snippet":"max-snippet:-1","max-image-preview":"max-image-preview:large","max-video-preview":"max-video-preview:-1"},"canonical":"https:\/\/regiaonews.net.br\/2022\/2021\/08\/01\/aneel-bandeira-tarifaria-de-agosto-se-mantera-vermelha\/","og_locale":"pt_BR","og_type":"article","og_title":"Aneel: bandeira tarif\u00e1ria\u00a0de agosto\u00a0se manter\u00e1 vermelha - Regi\u00e3o News","og_description":"A Ag\u00eancia Nacional de Energia El\u00e9trica (Aneel) decidiu manter a","og_url":"https:\/\/regiaonews.net.br\/2022\/2021\/08\/01\/aneel-bandeira-tarifaria-de-agosto-se-mantera-vermelha\/","og_site_name":"Regi\u00e3o News","article_published_time":"2021-08-01T12:08:24+00:00","article_modified_time":"2021-08-01T12:22:51+00:00","og_image":[{"width":1170,"height":700,"url":"https:\/\/regiaonews.net.br\/2022\/wp-content\/uploads\/2021\/07\/1016074-28042016img_1454-.jpg","type":"image\/jpeg"}],"author":"Roberto","twitter_card":"summary_large_image","twitter_misc":{"Escrito por":"Roberto","Est. tempo de leitura":"2 minutos"},"schema":{"@context":"https:\/\/schema.org","@graph":[{"@type":"Article","@id":"https:\/\/regiaonews.net.br\/2022\/2021\/08\/01\/aneel-bandeira-tarifaria-de-agosto-se-mantera-vermelha\/#article","isPartOf":{"@id":"https:\/\/regiaonews.net.br\/2022\/2021\/08\/01\/aneel-bandeira-tarifaria-de-agosto-se-mantera-vermelha\/"},"author":{"name":"Roberto","@id":"https:\/\/regiaonews.net.br\/2022\/#\/schema\/person\/2d205a608a5aa97ac279d7a5e6d89ad8"},"headline":"Aneel: bandeira tarif\u00e1ria\u00a0de agosto\u00a0se manter\u00e1 vermelha","datePublished":"2021-08-01T12:08:24+00:00","dateModified":"2021-08-01T12:22:51+00:00","mainEntityOfPage":{"@id":"https:\/\/regiaonews.net.br\/2022\/2021\/08\/01\/aneel-bandeira-tarifaria-de-agosto-se-mantera-vermelha\/"},"wordCount":335,"commentCount":0,"publisher":{"@id":"https:\/\/regiaonews.net.br\/2022\/#organization"},"image":{"@id":"https:\/\/regiaonews.net.br\/2022\/2021\/08\/01\/aneel-bandeira-tarifaria-de-agosto-se-mantera-vermelha\/#primaryimage"},"thumbnailUrl":"https:\/\/regiaonews.net.br\/2022\/wp-content\/uploads\/2021\/07\/1016074-28042016img_1454-.jpg","articleSection":["Brasil"],"inLanguage":"pt-BR","potentialAction":[{"@type":"CommentAction","name":"Comment","target":["https:\/\/regiaonews.net.br\/2022\/2021\/08\/01\/aneel-bandeira-tarifaria-de-agosto-se-mantera-vermelha\/#respond"]}]},{"@type":"WebPage","@id":"https:\/\/regiaonews.net.br\/2022\/2021\/08\/01\/aneel-bandeira-tarifaria-de-agosto-se-mantera-vermelha\/","url":"https:\/\/regiaonews.net.br\/2022\/2021\/08\/01\/aneel-bandeira-tarifaria-de-agosto-se-mantera-vermelha\/","name":"Aneel: bandeira tarif\u00e1ria\u00a0de agosto\u00a0se manter\u00e1 vermelha - Regi\u00e3o News","isPartOf":{"@id":"https:\/\/regiaonews.net.br\/2022\/#website"},"primaryImageOfPage":{"@id":"https:\/\/regiaonews.net.br\/2022\/2021\/08\/01\/aneel-bandeira-tarifaria-de-agosto-se-mantera-vermelha\/#primaryimage"},"image":{"@id":"https:\/\/regiaonews.net.br\/2022\/2021\/08\/01\/aneel-bandeira-tarifaria-de-agosto-se-mantera-vermelha\/#primaryimage"},"thumbnailUrl":"https:\/\/regiaonews.net.br\/2022\/wp-content\/uploads\/2021\/07\/1016074-28042016img_1454-.jpg","datePublished":"2021-08-01T12:08:24+00:00","dateModified":"2021-08-01T12:22:51+00:00","breadcrumb":{"@id":"https:\/\/regiaonews.net.br\/2022\/2021\/08\/01\/aneel-bandeira-tarifaria-de-agosto-se-mantera-vermelha\/#breadcrumb"},"inLanguage":"pt-BR","potentialAction":[{"@type":"ReadAction","target":["https:\/\/regiaonews.net.br\/2022\/2021\/08\/01\/aneel-bandeira-tarifaria-de-agosto-se-mantera-vermelha\/"]}]},{"@type":"ImageObject","inLanguage":"pt-BR","@id":"https:\/\/regiaonews.net.br\/2022\/2021\/08\/01\/aneel-bandeira-tarifaria-de-agosto-se-mantera-vermelha\/#primaryimage","url":"https:\/\/regiaonews.net.br\/2022\/wp-content\/uploads\/2021\/07\/1016074-28042016img_1454-.jpg","contentUrl":"https:\/\/regiaonews.net.br\/2022\/wp-content\/uploads\/2021\/07\/1016074-28042016img_1454-.jpg","width":1170,"height":700,"caption":"Bras\u00edlia - O consumo de energia el\u00e9trica no pa\u00eds fechou os primeiros tr\u00eas meses do ano com queda acumulada de 4,2% em rela\u00e7\u00e3o ao mesmo per\u00edodo do ano passado (Marcelo Camargo\/Ag\u00eancia Brasil)"},{"@type":"BreadcrumbList","@id":"https:\/\/regiaonews.net.br\/2022\/2021\/08\/01\/aneel-bandeira-tarifaria-de-agosto-se-mantera-vermelha\/#breadcrumb","itemListElement":[{"@type":"ListItem","position":1,"name":"In\u00edcio","item":"https:\/\/regiaonews.net.br\/2022\/"},{"@type":"ListItem","position":2,"name":"Aneel: bandeira tarif\u00e1ria\u00a0de agosto\u00a0se manter\u00e1 vermelha"}]},{"@type":"WebSite","@id":"https:\/\/regiaonews.net.br\/2022\/#website","url":"https:\/\/regiaonews.net.br\/2022\/","name":"Regi\u00e3o News","description":"Site de Not\u00edcias de Barretos e regi\u00e3o","publisher":{"@id":"https:\/\/regiaonews.net.br\/2022\/#organization"},"potentialAction":[{"@type":"SearchAction","target":{"@type":"EntryPoint","urlTemplate":"https:\/\/regiaonews.net.br\/2022\/?s={search_term_string}"},"query-input":{"@type":"PropertyValueSpecification","valueRequired":true,"valueName":"search_term_string"}}],"inLanguage":"pt-BR"},{"@type":"Organization","@id":"https:\/\/regiaonews.net.br\/2022\/#organization","name":"Regi\u00e3o News","url":"https:\/\/regiaonews.net.br\/2022\/","logo":{"@type":"ImageObject","inLanguage":"pt-BR","@id":"https:\/\/regiaonews.net.br\/2022\/#\/schema\/logo\/image\/","url":"https:\/\/regiaonews.net.br\/2022\/wp-content\/uploads\/2026\/03\/regiao-13-anos-scaled.jpg","contentUrl":"https:\/\/regiaonews.net.br\/2022\/wp-content\/uploads\/2026\/03\/regiao-13-anos-scaled.jpg","width":2560,"height":635,"caption":"Regi\u00e3o News"},"image":{"@id":"https:\/\/regiaonews.net.br\/2022\/#\/schema\/logo\/image\/"}},{"@type":"Person","@id":"https:\/\/regiaonews.net.br\/2022\/#\/schema\/person\/2d205a608a5aa97ac279d7a5e6d89ad8","name":"Roberto","image":{"@type":"ImageObject","inLanguage":"pt-BR","@id":"https:\/\/secure.gravatar.com\/avatar\/42749d8b712ff9d59ca93dc150494e5b55a44134482993f5baeb97e61b7ecc89?s=96&d=mm&r=g","url":"https:\/\/secure.gravatar.com\/avatar\/42749d8b712ff9d59ca93dc150494e5b55a44134482993f5baeb97e61b7ecc89?s=96&d=mm&r=g","contentUrl":"https:\/\/secure.gravatar.com\/avatar\/42749d8b712ff9d59ca93dc150494e5b55a44134482993f5baeb97e61b7ecc89?s=96&d=mm&r=g","caption":"Roberto"},"url":"https:\/\/regiaonews.net.br\/2022\/author\/roberto\/"}]}},"publishpress_future_action":{"enabled":false,"date":"2026-05-03 05:10:01","action":"change-status","newStatus":"draft","terms":[],"taxonomy":"category","extraData":[]},"publishpress_future_workflow_manual_trigger":{"enabledWorkflows":[]},"_links":{"self":[{"href":"https:\/\/regiaonews.net.br\/2022\/wp-json\/wp\/v2\/posts\/51173","targetHints":{"allow":["GET"]}}],"collection":[{"href":"https:\/\/regiaonews.net.br\/2022\/wp-json\/wp\/v2\/posts"}],"about":[{"href":"https:\/\/regiaonews.net.br\/2022\/wp-json\/wp\/v2\/types\/post"}],"author":[{"embeddable":true,"href":"https:\/\/regiaonews.net.br\/2022\/wp-json\/wp\/v2\/users\/2"}],"replies":[{"embeddable":true,"href":"https:\/\/regiaonews.net.br\/2022\/wp-json\/wp\/v2\/comments?post=51173"}],"version-history":[{"count":0,"href":"https:\/\/regiaonews.net.br\/2022\/wp-json\/wp\/v2\/posts\/51173\/revisions"}],"wp:featuredmedia":[{"embeddable":true,"href":"https:\/\/regiaonews.net.br\/2022\/wp-json\/wp\/v2\/media\/51174"}],"wp:attachment":[{"href":"https:\/\/regiaonews.net.br\/2022\/wp-json\/wp\/v2\/media?parent=51173"}],"wp:term":[{"taxonomy":"category","embeddable":true,"href":"https:\/\/regiaonews.net.br\/2022\/wp-json\/wp\/v2\/categories?post=51173"},{"taxonomy":"post_tag","embeddable":true,"href":"https:\/\/regiaonews.net.br\/2022\/wp-json\/wp\/v2\/tags?post=51173"}],"curies":[{"name":"wp","href":"https:\/\/api.w.org\/{rel}","templated":true}]}}