{"id":50868,"date":"2021-07-26T06:36:08","date_gmt":"2021-07-26T09:36:08","guid":{"rendered":"https:\/\/regiaonews.net.br\/2022\/?p=50868"},"modified":"2021-07-26T06:36:08","modified_gmt":"2021-07-26T09:36:08","slug":"rayssa-leal-conquista-a-segunda-prata-do-brasil-no-skate","status":"publish","type":"post","link":"https:\/\/regiaonews.net.br\/2022\/2021\/07\/26\/rayssa-leal-conquista-a-segunda-prata-do-brasil-no-skate\/","title":{"rendered":"Rayssa Leal, conquista a segunda prata do Brasil no Skate"},"content":{"rendered":"<p><a href=\"https:\/\/regiaonews.net.br\/2022\/wp-content\/uploads\/2021\/07\/2021-07-26t050338z-1043966687-sp1eh7q0e1zxk-rtrmadp-3-olympics-2020-skb-w-street-medal.jpg\"><img loading=\"lazy\" decoding=\"async\" class=\"alignnone size-medium wp-image-50869\" src=\"https:\/\/regiaonews.net.br\/2022\/wp-content\/uploads\/2021\/07\/2021-07-26t050338z-1043966687-sp1eh7q0e1zxk-rtrmadp-3-olympics-2020-skb-w-street-medal-300x169.jpg\" alt=\"\" width=\"300\" height=\"169\" \/><\/a><\/p>\n<p><main class=\"mc-body theme\"><\/p>\n<div class=\"mc-article-body\">\n<article>\n<div class=\"mc-column content-text active-extra-styles active-capital-letter\" data-block-type=\"unstyled\" data-block-weight=\"90\" data-block-id=\"0\">\n<p class=\"content-text__container theme-color-primary-first-letter\" data-track-category=\"Link no Texto\" data-track-links=\"\">Enquanto toda a arquibancada se calava no Complexo Ariake, Rayssa Leal dan\u00e7ava. Ao lado da amiga Margielyn Didal, das Filipinas, parecia n\u00e3o se importar com o que acontecia \u00e0 volta mesmo antes da manobra poderia definir seu futuro. Ali, o circuito montado em T\u00f3quio n\u00e3o se mostrou assim t\u00e3o diferente da pista de Imperatriz, no Maranh\u00e3o. Ao ignorar qualquer press\u00e3o, a menina de 13 anos fez hist\u00f3ria: conquistou prata e garantiu a segunda medalha para o skate street nas Olimp\u00edadas de T\u00f3quio, <a href=\"https:\/\/ge.globo.com\/olimpiadas\/noticia\/no-skate-kelvin-hoefler-conquista-primeira-medalha-do-brasil-nas-olimpiadas-2020.ghtml\">repetindo o resultado de Kelvin Hoefler no domingo<\/a>.<\/p>\n<\/div>\n<\/article>\n<\/div>\n<p><\/main><\/p>\n","protected":false},"excerpt":{"rendered":"<p>Enquanto toda a arquibancada se calava no Complexo Ariake, Rayssa<\/p>\n","protected":false},"author":2,"featured_media":50869,"comment_status":"open","ping_status":"open","sticky":false,"template":"","format":"standard","meta":{"footnotes":""},"categories":[25,21,131],"tags":[],"class_list":["post-50868","post","type-post","status-publish","format-standard","has-post-thumbnail","hentry","category-cidades","category-esporte","category-jogos-olimpicos"],"yoast_head":"<!-- This site is optimized with the Yoast SEO plugin v27.4 - https:\/\/yoast.com\/product\/yoast-seo-wordpress\/ -->\n<title>Rayssa Leal, conquista a segunda prata do Brasil no Skate - Regi\u00e3o News<\/title>\n<meta name=\"robots\" content=\"index, follow, max-snippet:-1, max-image-preview:large, max-video-preview:-1\" \/>\n<link rel=\"canonical\" href=\"https:\/\/regiaonews.net.br\/2022\/2021\/07\/26\/rayssa-leal-conquista-a-segunda-prata-do-brasil-no-skate\/\" \/>\n<meta property=\"og:locale\" content=\"pt_BR\" \/>\n<meta property=\"og:type\" content=\"article\" \/>\n<meta property=\"og:title\" content=\"Rayssa Leal, conquista a segunda prata do Brasil no Skate - Regi\u00e3o News\" \/>\n<meta property=\"og:description\" content=\"Enquanto toda a arquibancada se calava no Complexo Ariake, Rayssa\" \/>\n<meta property=\"og:url\" content=\"https:\/\/regiaonews.net.br\/2022\/2021\/07\/26\/rayssa-leal-conquista-a-segunda-prata-do-brasil-no-skate\/\" \/>\n<meta property=\"og:site_name\" content=\"Regi\u00e3o News\" \/>\n<meta property=\"article:published_time\" content=\"2021-07-26T09:36:08+00:00\" \/>\n<meta property=\"og:image\" content=\"https:\/\/regiaonews.net.br\/2022\/wp-content\/uploads\/2021\/07\/2021-07-26t050338z-1043966687-sp1eh7q0e1zxk-rtrmadp-3-olympics-2020-skb-w-street-medal.jpg\" \/>\n\t<meta property=\"og:image:width\" content=\"1080\" \/>\n\t<meta property=\"og:image:height\" content=\"608\" \/>\n\t<meta property=\"og:image:type\" content=\"image\/jpeg\" \/>\n<meta name=\"author\" content=\"Roberto\" \/>\n<meta name=\"twitter:card\" content=\"summary_large_image\" \/>\n<meta name=\"twitter:label1\" content=\"Escrito por\" \/>\n\t<meta name=\"twitter:data1\" content=\"Roberto\" \/>\n<script type=\"application\/ld+json\" class=\"yoast-schema-graph\">{\"@context\":\"https:\\\/\\\/schema.org\",\"@graph\":[{\"@type\":\"Article\",\"@id\":\"https:\\\/\\\/regiaonews.net.br\\\/2022\\\/2021\\\/07\\\/26\\\/rayssa-leal-conquista-a-segunda-prata-do-brasil-no-skate\\\/#article\",\"isPartOf\":{\"@id\":\"https:\\\/\\\/regiaonews.net.br\\\/2022\\\/2021\\\/07\\\/26\\\/rayssa-leal-conquista-a-segunda-prata-do-brasil-no-skate\\\/\"},\"author\":{\"name\":\"Roberto\",\"@id\":\"https:\\\/\\\/regiaonews.net.br\\\/2022\\\/#\\\/schema\\\/person\\\/2d205a608a5aa97ac279d7a5e6d89ad8\"},\"headline\":\"Rayssa Leal, conquista a segunda prata do Brasil no Skate\",\"datePublished\":\"2021-07-26T09:36:08+00:00\",\"mainEntityOfPage\":{\"@id\":\"https:\\\/\\\/regiaonews.net.br\\\/2022\\\/2021\\\/07\\\/26\\\/rayssa-leal-conquista-a-segunda-prata-do-brasil-no-skate\\\/\"},\"wordCount\":108,\"commentCount\":0,\"publisher\":{\"@id\":\"https:\\\/\\\/regiaonews.net.br\\\/2022\\\/#organization\"},\"image\":{\"@id\":\"https:\\\/\\\/regiaonews.net.br\\\/2022\\\/2021\\\/07\\\/26\\\/rayssa-leal-conquista-a-segunda-prata-do-brasil-no-skate\\\/#primaryimage\"},\"thumbnailUrl\":\"https:\\\/\\\/regiaonews.net.br\\\/2022\\\/wp-content\\\/uploads\\\/2021\\\/07\\\/2021-07-26t050338z-1043966687-sp1eh7q0e1zxk-rtrmadp-3-olympics-2020-skb-w-street-medal.jpg\",\"articleSection\":[\"Cidades\",\"Esporte\",\"Jogos Ol\u00edmpicos\"],\"inLanguage\":\"pt-BR\",\"potentialAction\":[{\"@type\":\"CommentAction\",\"name\":\"Comment\",\"target\":[\"https:\\\/\\\/regiaonews.net.br\\\/2022\\\/2021\\\/07\\\/26\\\/rayssa-leal-conquista-a-segunda-prata-do-brasil-no-skate\\\/#respond\"]}]},{\"@type\":\"WebPage\",\"@id\":\"https:\\\/\\\/regiaonews.net.br\\\/2022\\\/2021\\\/07\\\/26\\\/rayssa-leal-conquista-a-segunda-prata-do-brasil-no-skate\\\/\",\"url\":\"https:\\\/\\\/regiaonews.net.br\\\/2022\\\/2021\\\/07\\\/26\\\/rayssa-leal-conquista-a-segunda-prata-do-brasil-no-skate\\\/\",\"name\":\"Rayssa Leal, conquista a segunda prata do Brasil no Skate - Regi\u00e3o News\",\"isPartOf\":{\"@id\":\"https:\\\/\\\/regiaonews.net.br\\\/2022\\\/#website\"},\"primaryImageOfPage\":{\"@id\":\"https:\\\/\\\/regiaonews.net.br\\\/2022\\\/2021\\\/07\\\/26\\\/rayssa-leal-conquista-a-segunda-prata-do-brasil-no-skate\\\/#primaryimage\"},\"image\":{\"@id\":\"https:\\\/\\\/regiaonews.net.br\\\/2022\\\/2021\\\/07\\\/26\\\/rayssa-leal-conquista-a-segunda-prata-do-brasil-no-skate\\\/#primaryimage\"},\"thumbnailUrl\":\"https:\\\/\\\/regiaonews.net.br\\\/2022\\\/wp-content\\\/uploads\\\/2021\\\/07\\\/2021-07-26t050338z-1043966687-sp1eh7q0e1zxk-rtrmadp-3-olympics-2020-skb-w-street-medal.jpg\",\"datePublished\":\"2021-07-26T09:36:08+00:00\",\"breadcrumb\":{\"@id\":\"https:\\\/\\\/regiaonews.net.br\\\/2022\\\/2021\\\/07\\\/26\\\/rayssa-leal-conquista-a-segunda-prata-do-brasil-no-skate\\\/#breadcrumb\"},\"inLanguage\":\"pt-BR\",\"potentialAction\":[{\"@type\":\"ReadAction\",\"target\":[\"https:\\\/\\\/regiaonews.net.br\\\/2022\\\/2021\\\/07\\\/26\\\/rayssa-leal-conquista-a-segunda-prata-do-brasil-no-skate\\\/\"]}]},{\"@type\":\"ImageObject\",\"inLanguage\":\"pt-BR\",\"@id\":\"https:\\\/\\\/regiaonews.net.br\\\/2022\\\/2021\\\/07\\\/26\\\/rayssa-leal-conquista-a-segunda-prata-do-brasil-no-skate\\\/#primaryimage\",\"url\":\"https:\\\/\\\/regiaonews.net.br\\\/2022\\\/wp-content\\\/uploads\\\/2021\\\/07\\\/2021-07-26t050338z-1043966687-sp1eh7q0e1zxk-rtrmadp-3-olympics-2020-skb-w-street-medal.jpg\",\"contentUrl\":\"https:\\\/\\\/regiaonews.net.br\\\/2022\\\/wp-content\\\/uploads\\\/2021\\\/07\\\/2021-07-26t050338z-1043966687-sp1eh7q0e1zxk-rtrmadp-3-olympics-2020-skb-w-street-medal.jpg\",\"width\":1080,\"height\":608},{\"@type\":\"BreadcrumbList\",\"@id\":\"https:\\\/\\\/regiaonews.net.br\\\/2022\\\/2021\\\/07\\\/26\\\/rayssa-leal-conquista-a-segunda-prata-do-brasil-no-skate\\\/#breadcrumb\",\"itemListElement\":[{\"@type\":\"ListItem\",\"position\":1,\"name\":\"In\u00edcio\",\"item\":\"https:\\\/\\\/regiaonews.net.br\\\/2022\\\/\"},{\"@type\":\"ListItem\",\"position\":2,\"name\":\"Rayssa Leal, conquista a segunda prata do Brasil no Skate\"}]},{\"@type\":\"WebSite\",\"@id\":\"https:\\\/\\\/regiaonews.net.br\\\/2022\\\/#website\",\"url\":\"https:\\\/\\\/regiaonews.net.br\\\/2022\\\/\",\"name\":\"Regi\u00e3o News\",\"description\":\"Site de Not\u00edcias de Barretos e regi\u00e3o\",\"publisher\":{\"@id\":\"https:\\\/\\\/regiaonews.net.br\\\/2022\\\/#organization\"},\"potentialAction\":[{\"@type\":\"SearchAction\",\"target\":{\"@type\":\"EntryPoint\",\"urlTemplate\":\"https:\\\/\\\/regiaonews.net.br\\\/2022\\\/?s={search_term_string}\"},\"query-input\":{\"@type\":\"PropertyValueSpecification\",\"valueRequired\":true,\"valueName\":\"search_term_string\"}}],\"inLanguage\":\"pt-BR\"},{\"@type\":\"Organization\",\"@id\":\"https:\\\/\\\/regiaonews.net.br\\\/2022\\\/#organization\",\"name\":\"Regi\u00e3o News\",\"url\":\"https:\\\/\\\/regiaonews.net.br\\\/2022\\\/\",\"logo\":{\"@type\":\"ImageObject\",\"inLanguage\":\"pt-BR\",\"@id\":\"https:\\\/\\\/regiaonews.net.br\\\/2022\\\/#\\\/schema\\\/logo\\\/image\\\/\",\"url\":\"https:\\\/\\\/regiaonews.net.br\\\/2022\\\/wp-content\\\/uploads\\\/2026\\\/03\\\/regiao-13-anos-scaled.jpg\",\"contentUrl\":\"https:\\\/\\\/regiaonews.net.br\\\/2022\\\/wp-content\\\/uploads\\\/2026\\\/03\\\/regiao-13-anos-scaled.jpg\",\"width\":2560,\"height\":635,\"caption\":\"Regi\u00e3o News\"},\"image\":{\"@id\":\"https:\\\/\\\/regiaonews.net.br\\\/2022\\\/#\\\/schema\\\/logo\\\/image\\\/\"}},{\"@type\":\"Person\",\"@id\":\"https:\\\/\\\/regiaonews.net.br\\\/2022\\\/#\\\/schema\\\/person\\\/2d205a608a5aa97ac279d7a5e6d89ad8\",\"name\":\"Roberto\",\"image\":{\"@type\":\"ImageObject\",\"inLanguage\":\"pt-BR\",\"@id\":\"https:\\\/\\\/secure.gravatar.com\\\/avatar\\\/42749d8b712ff9d59ca93dc150494e5b55a44134482993f5baeb97e61b7ecc89?s=96&d=mm&r=g\",\"url\":\"https:\\\/\\\/secure.gravatar.com\\\/avatar\\\/42749d8b712ff9d59ca93dc150494e5b55a44134482993f5baeb97e61b7ecc89?s=96&d=mm&r=g\",\"contentUrl\":\"https:\\\/\\\/secure.gravatar.com\\\/avatar\\\/42749d8b712ff9d59ca93dc150494e5b55a44134482993f5baeb97e61b7ecc89?s=96&d=mm&r=g\",\"caption\":\"Roberto\"},\"url\":\"https:\\\/\\\/regiaonews.net.br\\\/2022\\\/author\\\/roberto\\\/\"}]}<\/script>\n<!-- \/ Yoast SEO plugin. -->","yoast_head_json":{"title":"Rayssa Leal, conquista a segunda prata do Brasil no Skate - Regi\u00e3o News","robots":{"index":"index","follow":"follow","max-snippet":"max-snippet:-1","max-image-preview":"max-image-preview:large","max-video-preview":"max-video-preview:-1"},"canonical":"https:\/\/regiaonews.net.br\/2022\/2021\/07\/26\/rayssa-leal-conquista-a-segunda-prata-do-brasil-no-skate\/","og_locale":"pt_BR","og_type":"article","og_title":"Rayssa Leal, conquista a segunda prata do Brasil no Skate - Regi\u00e3o News","og_description":"Enquanto toda a arquibancada se calava no Complexo Ariake, Rayssa","og_url":"https:\/\/regiaonews.net.br\/2022\/2021\/07\/26\/rayssa-leal-conquista-a-segunda-prata-do-brasil-no-skate\/","og_site_name":"Regi\u00e3o News","article_published_time":"2021-07-26T09:36:08+00:00","og_image":[{"width":1080,"height":608,"url":"https:\/\/regiaonews.net.br\/2022\/wp-content\/uploads\/2021\/07\/2021-07-26t050338z-1043966687-sp1eh7q0e1zxk-rtrmadp-3-olympics-2020-skb-w-street-medal.jpg","type":"image\/jpeg"}],"author":"Roberto","twitter_card":"summary_large_image","twitter_misc":{"Escrito por":"Roberto"},"schema":{"@context":"https:\/\/schema.org","@graph":[{"@type":"Article","@id":"https:\/\/regiaonews.net.br\/2022\/2021\/07\/26\/rayssa-leal-conquista-a-segunda-prata-do-brasil-no-skate\/#article","isPartOf":{"@id":"https:\/\/regiaonews.net.br\/2022\/2021\/07\/26\/rayssa-leal-conquista-a-segunda-prata-do-brasil-no-skate\/"},"author":{"name":"Roberto","@id":"https:\/\/regiaonews.net.br\/2022\/#\/schema\/person\/2d205a608a5aa97ac279d7a5e6d89ad8"},"headline":"Rayssa Leal, conquista a segunda prata do Brasil no Skate","datePublished":"2021-07-26T09:36:08+00:00","mainEntityOfPage":{"@id":"https:\/\/regiaonews.net.br\/2022\/2021\/07\/26\/rayssa-leal-conquista-a-segunda-prata-do-brasil-no-skate\/"},"wordCount":108,"commentCount":0,"publisher":{"@id":"https:\/\/regiaonews.net.br\/2022\/#organization"},"image":{"@id":"https:\/\/regiaonews.net.br\/2022\/2021\/07\/26\/rayssa-leal-conquista-a-segunda-prata-do-brasil-no-skate\/#primaryimage"},"thumbnailUrl":"https:\/\/regiaonews.net.br\/2022\/wp-content\/uploads\/2021\/07\/2021-07-26t050338z-1043966687-sp1eh7q0e1zxk-rtrmadp-3-olympics-2020-skb-w-street-medal.jpg","articleSection":["Cidades","Esporte","Jogos Ol\u00edmpicos"],"inLanguage":"pt-BR","potentialAction":[{"@type":"CommentAction","name":"Comment","target":["https:\/\/regiaonews.net.br\/2022\/2021\/07\/26\/rayssa-leal-conquista-a-segunda-prata-do-brasil-no-skate\/#respond"]}]},{"@type":"WebPage","@id":"https:\/\/regiaonews.net.br\/2022\/2021\/07\/26\/rayssa-leal-conquista-a-segunda-prata-do-brasil-no-skate\/","url":"https:\/\/regiaonews.net.br\/2022\/2021\/07\/26\/rayssa-leal-conquista-a-segunda-prata-do-brasil-no-skate\/","name":"Rayssa Leal, conquista a segunda prata do Brasil no Skate - Regi\u00e3o News","isPartOf":{"@id":"https:\/\/regiaonews.net.br\/2022\/#website"},"primaryImageOfPage":{"@id":"https:\/\/regiaonews.net.br\/2022\/2021\/07\/26\/rayssa-leal-conquista-a-segunda-prata-do-brasil-no-skate\/#primaryimage"},"image":{"@id":"https:\/\/regiaonews.net.br\/2022\/2021\/07\/26\/rayssa-leal-conquista-a-segunda-prata-do-brasil-no-skate\/#primaryimage"},"thumbnailUrl":"https:\/\/regiaonews.net.br\/2022\/wp-content\/uploads\/2021\/07\/2021-07-26t050338z-1043966687-sp1eh7q0e1zxk-rtrmadp-3-olympics-2020-skb-w-street-medal.jpg","datePublished":"2021-07-26T09:36:08+00:00","breadcrumb":{"@id":"https:\/\/regiaonews.net.br\/2022\/2021\/07\/26\/rayssa-leal-conquista-a-segunda-prata-do-brasil-no-skate\/#breadcrumb"},"inLanguage":"pt-BR","potentialAction":[{"@type":"ReadAction","target":["https:\/\/regiaonews.net.br\/2022\/2021\/07\/26\/rayssa-leal-conquista-a-segunda-prata-do-brasil-no-skate\/"]}]},{"@type":"ImageObject","inLanguage":"pt-BR","@id":"https:\/\/regiaonews.net.br\/2022\/2021\/07\/26\/rayssa-leal-conquista-a-segunda-prata-do-brasil-no-skate\/#primaryimage","url":"https:\/\/regiaonews.net.br\/2022\/wp-content\/uploads\/2021\/07\/2021-07-26t050338z-1043966687-sp1eh7q0e1zxk-rtrmadp-3-olympics-2020-skb-w-street-medal.jpg","contentUrl":"https:\/\/regiaonews.net.br\/2022\/wp-content\/uploads\/2021\/07\/2021-07-26t050338z-1043966687-sp1eh7q0e1zxk-rtrmadp-3-olympics-2020-skb-w-street-medal.jpg","width":1080,"height":608},{"@type":"BreadcrumbList","@id":"https:\/\/regiaonews.net.br\/2022\/2021\/07\/26\/rayssa-leal-conquista-a-segunda-prata-do-brasil-no-skate\/#breadcrumb","itemListElement":[{"@type":"ListItem","position":1,"name":"In\u00edcio","item":"https:\/\/regiaonews.net.br\/2022\/"},{"@type":"ListItem","position":2,"name":"Rayssa Leal, conquista a segunda prata do Brasil no Skate"}]},{"@type":"WebSite","@id":"https:\/\/regiaonews.net.br\/2022\/#website","url":"https:\/\/regiaonews.net.br\/2022\/","name":"Regi\u00e3o News","description":"Site de Not\u00edcias de Barretos e regi\u00e3o","publisher":{"@id":"https:\/\/regiaonews.net.br\/2022\/#organization"},"potentialAction":[{"@type":"SearchAction","target":{"@type":"EntryPoint","urlTemplate":"https:\/\/regiaonews.net.br\/2022\/?s={search_term_string}"},"query-input":{"@type":"PropertyValueSpecification","valueRequired":true,"valueName":"search_term_string"}}],"inLanguage":"pt-BR"},{"@type":"Organization","@id":"https:\/\/regiaonews.net.br\/2022\/#organization","name":"Regi\u00e3o News","url":"https:\/\/regiaonews.net.br\/2022\/","logo":{"@type":"ImageObject","inLanguage":"pt-BR","@id":"https:\/\/regiaonews.net.br\/2022\/#\/schema\/logo\/image\/","url":"https:\/\/regiaonews.net.br\/2022\/wp-content\/uploads\/2026\/03\/regiao-13-anos-scaled.jpg","contentUrl":"https:\/\/regiaonews.net.br\/2022\/wp-content\/uploads\/2026\/03\/regiao-13-anos-scaled.jpg","width":2560,"height":635,"caption":"Regi\u00e3o News"},"image":{"@id":"https:\/\/regiaonews.net.br\/2022\/#\/schema\/logo\/image\/"}},{"@type":"Person","@id":"https:\/\/regiaonews.net.br\/2022\/#\/schema\/person\/2d205a608a5aa97ac279d7a5e6d89ad8","name":"Roberto","image":{"@type":"ImageObject","inLanguage":"pt-BR","@id":"https:\/\/secure.gravatar.com\/avatar\/42749d8b712ff9d59ca93dc150494e5b55a44134482993f5baeb97e61b7ecc89?s=96&d=mm&r=g","url":"https:\/\/secure.gravatar.com\/avatar\/42749d8b712ff9d59ca93dc150494e5b55a44134482993f5baeb97e61b7ecc89?s=96&d=mm&r=g","contentUrl":"https:\/\/secure.gravatar.com\/avatar\/42749d8b712ff9d59ca93dc150494e5b55a44134482993f5baeb97e61b7ecc89?s=96&d=mm&r=g","caption":"Roberto"},"url":"https:\/\/regiaonews.net.br\/2022\/author\/roberto\/"}]}},"publishpress_future_action":{"enabled":false,"date":"2026-05-02 05:07:38","action":"change-status","newStatus":"draft","terms":[],"taxonomy":"category","extraData":[]},"publishpress_future_workflow_manual_trigger":{"enabledWorkflows":[]},"_links":{"self":[{"href":"https:\/\/regiaonews.net.br\/2022\/wp-json\/wp\/v2\/posts\/50868","targetHints":{"allow":["GET"]}}],"collection":[{"href":"https:\/\/regiaonews.net.br\/2022\/wp-json\/wp\/v2\/posts"}],"about":[{"href":"https:\/\/regiaonews.net.br\/2022\/wp-json\/wp\/v2\/types\/post"}],"author":[{"embeddable":true,"href":"https:\/\/regiaonews.net.br\/2022\/wp-json\/wp\/v2\/users\/2"}],"replies":[{"embeddable":true,"href":"https:\/\/regiaonews.net.br\/2022\/wp-json\/wp\/v2\/comments?post=50868"}],"version-history":[{"count":0,"href":"https:\/\/regiaonews.net.br\/2022\/wp-json\/wp\/v2\/posts\/50868\/revisions"}],"wp:featuredmedia":[{"embeddable":true,"href":"https:\/\/regiaonews.net.br\/2022\/wp-json\/wp\/v2\/media\/50869"}],"wp:attachment":[{"href":"https:\/\/regiaonews.net.br\/2022\/wp-json\/wp\/v2\/media?parent=50868"}],"wp:term":[{"taxonomy":"category","embeddable":true,"href":"https:\/\/regiaonews.net.br\/2022\/wp-json\/wp\/v2\/categories?post=50868"},{"taxonomy":"post_tag","embeddable":true,"href":"https:\/\/regiaonews.net.br\/2022\/wp-json\/wp\/v2\/tags?post=50868"}],"curies":[{"name":"wp","href":"https:\/\/api.w.org\/{rel}","templated":true}]}}