{"id":50803,"date":"2021-07-24T22:07:03","date_gmt":"2021-07-25T01:07:03","guid":{"rendered":"https:\/\/regiaonews.net.br\/2022\/?p=50803"},"modified":"2021-07-24T22:07:03","modified_gmt":"2021-07-25T01:07:03","slug":"brasil-e-holanda-empatam-em-confronto-de-seis-gols","status":"publish","type":"post","link":"https:\/\/regiaonews.net.br\/2022\/2021\/07\/24\/brasil-e-holanda-empatam-em-confronto-de-seis-gols\/","title":{"rendered":"Brasil e Holanda empatam em confronto de seis gols"},"content":{"rendered":"<p><a href=\"https:\/\/regiaonews.net.br\/2022\/wp-content\/uploads\/2021\/07\/20210724_220448.jpg\"><img loading=\"lazy\" decoding=\"async\" class=\"alignnone size-medium wp-image-50804\" src=\"https:\/\/regiaonews.net.br\/2022\/wp-content\/uploads\/2021\/07\/20210724_220448-300x203.jpg\" alt=\"\" width=\"300\" height=\"203\" \/><\/a><\/p>\n<p><span id=\"cpBody_lblCategoria\" class=\"voltar-label\">2020<\/span><\/p>\n<section class=\"noticias\">\n<div class=\"galeria\">\n<div id=\"cpBody_panelPrincipal\" class=\"item destaque\">\n<div id=\"cpBody_panelBg\" class=\"item-bg\"><img decoding=\"async\" id=\"cpBody_imageBg\" src=\"https:\/\/futebolpaulista.com.br\/Repositorio\/Imagem\/SelecaoCapa\/307_brasil.jpg\" data-cfsrc=\"https:\/\/futebolpaulista.com.br\/Repositorio\/Imagem\/SelecaoCapa\/307_brasil.jpg\" \/><\/div>\n<p><span id=\"cpBody_lblCreditoFoto\" class=\"credito\">(CR\u00c9DITO: SAM ROBLES\/CBF)<\/span><\/p>\n<div class=\"cont\"><\/div>\n<\/div>\n<\/div>\n<\/section>\n<div class=\"box-share\"><\/div>\n<div class=\"row col-equal-h clear\">\n<div class=\"post col-md-9 col-sm-12\">Em uma partida com seis gols, Brasil e Holanda empataram por 3 a 3, em Miyagi, pela segunda rodada do Grupo F do futebol feminino nos Jogos Ol\u00edmpicos de T\u00f3quio. As meninas do Brasil ficaram duas vezes atr\u00e1s no placar, chegaram a virar o confronto, mas cederam o empate no segundo tempo.<\/p>\n<p>Com o resultado, Brasil e Holanda lideram o Grupo F com quatro pontos, mas com as holandesas aparecendo em vantagem por ter melhor saldo de gols: 7 a 5.<\/p>\n<p>O in\u00edcio de jogo foi bastante movimentado. O Brasil levou susto logo aos dois minutos, quando Miedema recebeu na entrada da \u00e1rea, girou sobre a marca\u00e7\u00e3o e finalizou no canto esquerdo de B\u00e1rbara para abrir o placar para a Holanda.<\/p>\n<p>Mas o Brasil n\u00e3o se abateu. Aos seis minutos, a goleira da Holanda saiu estabanada do gol e cometeu p\u00eanalti. Contudo, a \u00e1rbitra foi chamada para revisar o lance na cabine do VAR e assinalou posi\u00e7\u00e3o irregular na origem do lance, anulando a penalidade.<\/p>\n<p>Com a partida equilibrada, o Brasil chegou ao empate aos 15 minutos. Duda recebeu pelo lado direito e cruzou na \u00e1rea. Debinha finalizou em cima da defesa e no rebote ela mesma completou para as redes.<\/p>\n<p>Assim como na etapa inicial, a Holanda voltou a ficar \u00e0 frente no in\u00edcio do segundo tempo. Aos 13 minutos, Miedema recebeu cruzamento da esquerda, cabeceou e viu a bola entrar lentamente nas redes.<\/p>\n<p>S\u00f3 que cinco minutos depois o Brasil deixou tudo igual. Ludmilla fez jogada individual pela esquerda e foi derrubada por Van der Gragt na \u00e1rea: p\u00eanalti marcado. Marta foi para a cobran\u00e7a, deslocou a goleira e fez o segundo.<\/p>\n<p>O empate empolgou a Sele\u00e7\u00e3o Brasileira, que foi para cima e virou aos 22 num lance em que Ludmila invadiu a \u00e1rea, passou pela goleira e concluiu para as redes.<\/p>\n<p>Por\u00e9m, o Brasil n\u00e3o conseguiu segurar a vit\u00f3ria e sofreu o empate aos 33 minutos, quando Dominique Janssen cobrou falta e acertou o \u00e2ngulo de B\u00e1rbara, que ainda tocou na bola antes de ela entrar, dando n\u00fameros finais ao confronto.<\/p><\/div>\n<\/div>\n","protected":false},"excerpt":{"rendered":"<p>2020 (CR\u00c9DITO: SAM ROBLES\/CBF) Em uma partida com seis gols,<\/p>\n","protected":false},"author":2,"featured_media":50804,"comment_status":"open","ping_status":"open","sticky":false,"template":"","format":"standard","meta":{"footnotes":""},"categories":[21,131],"tags":[],"class_list":["post-50803","post","type-post","status-publish","format-standard","has-post-thumbnail","hentry","category-esporte","category-jogos-olimpicos"],"yoast_head":"<!-- This site is optimized with the Yoast SEO plugin v27.4 - https:\/\/yoast.com\/product\/yoast-seo-wordpress\/ -->\n<title>Brasil e Holanda empatam em confronto de seis gols - Regi\u00e3o News<\/title>\n<meta name=\"robots\" content=\"index, follow, max-snippet:-1, max-image-preview:large, max-video-preview:-1\" \/>\n<link rel=\"canonical\" href=\"https:\/\/regiaonews.net.br\/2022\/2021\/07\/24\/brasil-e-holanda-empatam-em-confronto-de-seis-gols\/\" \/>\n<meta property=\"og:locale\" content=\"pt_BR\" \/>\n<meta property=\"og:type\" content=\"article\" \/>\n<meta property=\"og:title\" content=\"Brasil e Holanda empatam em confronto de seis gols - Regi\u00e3o News\" \/>\n<meta property=\"og:description\" content=\"2020 (CR\u00c9DITO: SAM ROBLES\/CBF) Em uma partida com seis gols,\" \/>\n<meta property=\"og:url\" content=\"https:\/\/regiaonews.net.br\/2022\/2021\/07\/24\/brasil-e-holanda-empatam-em-confronto-de-seis-gols\/\" \/>\n<meta property=\"og:site_name\" content=\"Regi\u00e3o News\" \/>\n<meta property=\"article:published_time\" content=\"2021-07-25T01:07:03+00:00\" \/>\n<meta property=\"og:image\" content=\"https:\/\/regiaonews.net.br\/2022\/wp-content\/uploads\/2021\/07\/20210724_220448.jpg\" \/>\n\t<meta property=\"og:image:width\" content=\"786\" \/>\n\t<meta property=\"og:image:height\" content=\"533\" \/>\n\t<meta property=\"og:image:type\" content=\"image\/jpeg\" \/>\n<meta name=\"author\" content=\"Roberto\" \/>\n<meta name=\"twitter:card\" content=\"summary_large_image\" \/>\n<meta name=\"twitter:label1\" content=\"Escrito por\" \/>\n\t<meta name=\"twitter:data1\" content=\"Roberto\" \/>\n\t<meta name=\"twitter:label2\" content=\"Est. tempo de leitura\" \/>\n\t<meta name=\"twitter:data2\" content=\"2 minutos\" \/>\n<script type=\"application\/ld+json\" class=\"yoast-schema-graph\">{\"@context\":\"https:\\\/\\\/schema.org\",\"@graph\":[{\"@type\":\"Article\",\"@id\":\"https:\\\/\\\/regiaonews.net.br\\\/2022\\\/2021\\\/07\\\/24\\\/brasil-e-holanda-empatam-em-confronto-de-seis-gols\\\/#article\",\"isPartOf\":{\"@id\":\"https:\\\/\\\/regiaonews.net.br\\\/2022\\\/2021\\\/07\\\/24\\\/brasil-e-holanda-empatam-em-confronto-de-seis-gols\\\/\"},\"author\":{\"name\":\"Roberto\",\"@id\":\"https:\\\/\\\/regiaonews.net.br\\\/2022\\\/#\\\/schema\\\/person\\\/2d205a608a5aa97ac279d7a5e6d89ad8\"},\"headline\":\"Brasil e Holanda empatam em confronto de seis gols\",\"datePublished\":\"2021-07-25T01:07:03+00:00\",\"mainEntityOfPage\":{\"@id\":\"https:\\\/\\\/regiaonews.net.br\\\/2022\\\/2021\\\/07\\\/24\\\/brasil-e-holanda-empatam-em-confronto-de-seis-gols\\\/\"},\"wordCount\":367,\"commentCount\":0,\"publisher\":{\"@id\":\"https:\\\/\\\/regiaonews.net.br\\\/2022\\\/#organization\"},\"image\":{\"@id\":\"https:\\\/\\\/regiaonews.net.br\\\/2022\\\/2021\\\/07\\\/24\\\/brasil-e-holanda-empatam-em-confronto-de-seis-gols\\\/#primaryimage\"},\"thumbnailUrl\":\"https:\\\/\\\/regiaonews.net.br\\\/2022\\\/wp-content\\\/uploads\\\/2021\\\/07\\\/20210724_220448.jpg\",\"articleSection\":[\"Esporte\",\"Jogos Ol\u00edmpicos\"],\"inLanguage\":\"pt-BR\",\"potentialAction\":[{\"@type\":\"CommentAction\",\"name\":\"Comment\",\"target\":[\"https:\\\/\\\/regiaonews.net.br\\\/2022\\\/2021\\\/07\\\/24\\\/brasil-e-holanda-empatam-em-confronto-de-seis-gols\\\/#respond\"]}]},{\"@type\":\"WebPage\",\"@id\":\"https:\\\/\\\/regiaonews.net.br\\\/2022\\\/2021\\\/07\\\/24\\\/brasil-e-holanda-empatam-em-confronto-de-seis-gols\\\/\",\"url\":\"https:\\\/\\\/regiaonews.net.br\\\/2022\\\/2021\\\/07\\\/24\\\/brasil-e-holanda-empatam-em-confronto-de-seis-gols\\\/\",\"name\":\"Brasil e Holanda empatam em confronto de seis gols - Regi\u00e3o News\",\"isPartOf\":{\"@id\":\"https:\\\/\\\/regiaonews.net.br\\\/2022\\\/#website\"},\"primaryImageOfPage\":{\"@id\":\"https:\\\/\\\/regiaonews.net.br\\\/2022\\\/2021\\\/07\\\/24\\\/brasil-e-holanda-empatam-em-confronto-de-seis-gols\\\/#primaryimage\"},\"image\":{\"@id\":\"https:\\\/\\\/regiaonews.net.br\\\/2022\\\/2021\\\/07\\\/24\\\/brasil-e-holanda-empatam-em-confronto-de-seis-gols\\\/#primaryimage\"},\"thumbnailUrl\":\"https:\\\/\\\/regiaonews.net.br\\\/2022\\\/wp-content\\\/uploads\\\/2021\\\/07\\\/20210724_220448.jpg\",\"datePublished\":\"2021-07-25T01:07:03+00:00\",\"breadcrumb\":{\"@id\":\"https:\\\/\\\/regiaonews.net.br\\\/2022\\\/2021\\\/07\\\/24\\\/brasil-e-holanda-empatam-em-confronto-de-seis-gols\\\/#breadcrumb\"},\"inLanguage\":\"pt-BR\",\"potentialAction\":[{\"@type\":\"ReadAction\",\"target\":[\"https:\\\/\\\/regiaonews.net.br\\\/2022\\\/2021\\\/07\\\/24\\\/brasil-e-holanda-empatam-em-confronto-de-seis-gols\\\/\"]}]},{\"@type\":\"ImageObject\",\"inLanguage\":\"pt-BR\",\"@id\":\"https:\\\/\\\/regiaonews.net.br\\\/2022\\\/2021\\\/07\\\/24\\\/brasil-e-holanda-empatam-em-confronto-de-seis-gols\\\/#primaryimage\",\"url\":\"https:\\\/\\\/regiaonews.net.br\\\/2022\\\/wp-content\\\/uploads\\\/2021\\\/07\\\/20210724_220448.jpg\",\"contentUrl\":\"https:\\\/\\\/regiaonews.net.br\\\/2022\\\/wp-content\\\/uploads\\\/2021\\\/07\\\/20210724_220448.jpg\",\"width\":786,\"height\":533},{\"@type\":\"BreadcrumbList\",\"@id\":\"https:\\\/\\\/regiaonews.net.br\\\/2022\\\/2021\\\/07\\\/24\\\/brasil-e-holanda-empatam-em-confronto-de-seis-gols\\\/#breadcrumb\",\"itemListElement\":[{\"@type\":\"ListItem\",\"position\":1,\"name\":\"In\u00edcio\",\"item\":\"https:\\\/\\\/regiaonews.net.br\\\/2022\\\/\"},{\"@type\":\"ListItem\",\"position\":2,\"name\":\"Brasil e Holanda empatam em confronto de seis gols\"}]},{\"@type\":\"WebSite\",\"@id\":\"https:\\\/\\\/regiaonews.net.br\\\/2022\\\/#website\",\"url\":\"https:\\\/\\\/regiaonews.net.br\\\/2022\\\/\",\"name\":\"Regi\u00e3o News\",\"description\":\"Site de Not\u00edcias de Barretos e regi\u00e3o\",\"publisher\":{\"@id\":\"https:\\\/\\\/regiaonews.net.br\\\/2022\\\/#organization\"},\"potentialAction\":[{\"@type\":\"SearchAction\",\"target\":{\"@type\":\"EntryPoint\",\"urlTemplate\":\"https:\\\/\\\/regiaonews.net.br\\\/2022\\\/?s={search_term_string}\"},\"query-input\":{\"@type\":\"PropertyValueSpecification\",\"valueRequired\":true,\"valueName\":\"search_term_string\"}}],\"inLanguage\":\"pt-BR\"},{\"@type\":\"Organization\",\"@id\":\"https:\\\/\\\/regiaonews.net.br\\\/2022\\\/#organization\",\"name\":\"Regi\u00e3o News\",\"url\":\"https:\\\/\\\/regiaonews.net.br\\\/2022\\\/\",\"logo\":{\"@type\":\"ImageObject\",\"inLanguage\":\"pt-BR\",\"@id\":\"https:\\\/\\\/regiaonews.net.br\\\/2022\\\/#\\\/schema\\\/logo\\\/image\\\/\",\"url\":\"https:\\\/\\\/regiaonews.net.br\\\/2022\\\/wp-content\\\/uploads\\\/2026\\\/03\\\/regiao-13-anos-scaled.jpg\",\"contentUrl\":\"https:\\\/\\\/regiaonews.net.br\\\/2022\\\/wp-content\\\/uploads\\\/2026\\\/03\\\/regiao-13-anos-scaled.jpg\",\"width\":2560,\"height\":635,\"caption\":\"Regi\u00e3o News\"},\"image\":{\"@id\":\"https:\\\/\\\/regiaonews.net.br\\\/2022\\\/#\\\/schema\\\/logo\\\/image\\\/\"}},{\"@type\":\"Person\",\"@id\":\"https:\\\/\\\/regiaonews.net.br\\\/2022\\\/#\\\/schema\\\/person\\\/2d205a608a5aa97ac279d7a5e6d89ad8\",\"name\":\"Roberto\",\"image\":{\"@type\":\"ImageObject\",\"inLanguage\":\"pt-BR\",\"@id\":\"https:\\\/\\\/secure.gravatar.com\\\/avatar\\\/42749d8b712ff9d59ca93dc150494e5b55a44134482993f5baeb97e61b7ecc89?s=96&d=mm&r=g\",\"url\":\"https:\\\/\\\/secure.gravatar.com\\\/avatar\\\/42749d8b712ff9d59ca93dc150494e5b55a44134482993f5baeb97e61b7ecc89?s=96&d=mm&r=g\",\"contentUrl\":\"https:\\\/\\\/secure.gravatar.com\\\/avatar\\\/42749d8b712ff9d59ca93dc150494e5b55a44134482993f5baeb97e61b7ecc89?s=96&d=mm&r=g\",\"caption\":\"Roberto\"},\"url\":\"https:\\\/\\\/regiaonews.net.br\\\/2022\\\/author\\\/roberto\\\/\"}]}<\/script>\n<!-- \/ Yoast SEO plugin. -->","yoast_head_json":{"title":"Brasil e Holanda empatam em confronto de seis gols - Regi\u00e3o News","robots":{"index":"index","follow":"follow","max-snippet":"max-snippet:-1","max-image-preview":"max-image-preview:large","max-video-preview":"max-video-preview:-1"},"canonical":"https:\/\/regiaonews.net.br\/2022\/2021\/07\/24\/brasil-e-holanda-empatam-em-confronto-de-seis-gols\/","og_locale":"pt_BR","og_type":"article","og_title":"Brasil e Holanda empatam em confronto de seis gols - Regi\u00e3o News","og_description":"2020 (CR\u00c9DITO: SAM ROBLES\/CBF) Em uma partida com seis gols,","og_url":"https:\/\/regiaonews.net.br\/2022\/2021\/07\/24\/brasil-e-holanda-empatam-em-confronto-de-seis-gols\/","og_site_name":"Regi\u00e3o News","article_published_time":"2021-07-25T01:07:03+00:00","og_image":[{"width":786,"height":533,"url":"https:\/\/regiaonews.net.br\/2022\/wp-content\/uploads\/2021\/07\/20210724_220448.jpg","type":"image\/jpeg"}],"author":"Roberto","twitter_card":"summary_large_image","twitter_misc":{"Escrito por":"Roberto","Est. tempo de leitura":"2 minutos"},"schema":{"@context":"https:\/\/schema.org","@graph":[{"@type":"Article","@id":"https:\/\/regiaonews.net.br\/2022\/2021\/07\/24\/brasil-e-holanda-empatam-em-confronto-de-seis-gols\/#article","isPartOf":{"@id":"https:\/\/regiaonews.net.br\/2022\/2021\/07\/24\/brasil-e-holanda-empatam-em-confronto-de-seis-gols\/"},"author":{"name":"Roberto","@id":"https:\/\/regiaonews.net.br\/2022\/#\/schema\/person\/2d205a608a5aa97ac279d7a5e6d89ad8"},"headline":"Brasil e Holanda empatam em confronto de seis gols","datePublished":"2021-07-25T01:07:03+00:00","mainEntityOfPage":{"@id":"https:\/\/regiaonews.net.br\/2022\/2021\/07\/24\/brasil-e-holanda-empatam-em-confronto-de-seis-gols\/"},"wordCount":367,"commentCount":0,"publisher":{"@id":"https:\/\/regiaonews.net.br\/2022\/#organization"},"image":{"@id":"https:\/\/regiaonews.net.br\/2022\/2021\/07\/24\/brasil-e-holanda-empatam-em-confronto-de-seis-gols\/#primaryimage"},"thumbnailUrl":"https:\/\/regiaonews.net.br\/2022\/wp-content\/uploads\/2021\/07\/20210724_220448.jpg","articleSection":["Esporte","Jogos Ol\u00edmpicos"],"inLanguage":"pt-BR","potentialAction":[{"@type":"CommentAction","name":"Comment","target":["https:\/\/regiaonews.net.br\/2022\/2021\/07\/24\/brasil-e-holanda-empatam-em-confronto-de-seis-gols\/#respond"]}]},{"@type":"WebPage","@id":"https:\/\/regiaonews.net.br\/2022\/2021\/07\/24\/brasil-e-holanda-empatam-em-confronto-de-seis-gols\/","url":"https:\/\/regiaonews.net.br\/2022\/2021\/07\/24\/brasil-e-holanda-empatam-em-confronto-de-seis-gols\/","name":"Brasil e Holanda empatam em confronto de seis gols - Regi\u00e3o News","isPartOf":{"@id":"https:\/\/regiaonews.net.br\/2022\/#website"},"primaryImageOfPage":{"@id":"https:\/\/regiaonews.net.br\/2022\/2021\/07\/24\/brasil-e-holanda-empatam-em-confronto-de-seis-gols\/#primaryimage"},"image":{"@id":"https:\/\/regiaonews.net.br\/2022\/2021\/07\/24\/brasil-e-holanda-empatam-em-confronto-de-seis-gols\/#primaryimage"},"thumbnailUrl":"https:\/\/regiaonews.net.br\/2022\/wp-content\/uploads\/2021\/07\/20210724_220448.jpg","datePublished":"2021-07-25T01:07:03+00:00","breadcrumb":{"@id":"https:\/\/regiaonews.net.br\/2022\/2021\/07\/24\/brasil-e-holanda-empatam-em-confronto-de-seis-gols\/#breadcrumb"},"inLanguage":"pt-BR","potentialAction":[{"@type":"ReadAction","target":["https:\/\/regiaonews.net.br\/2022\/2021\/07\/24\/brasil-e-holanda-empatam-em-confronto-de-seis-gols\/"]}]},{"@type":"ImageObject","inLanguage":"pt-BR","@id":"https:\/\/regiaonews.net.br\/2022\/2021\/07\/24\/brasil-e-holanda-empatam-em-confronto-de-seis-gols\/#primaryimage","url":"https:\/\/regiaonews.net.br\/2022\/wp-content\/uploads\/2021\/07\/20210724_220448.jpg","contentUrl":"https:\/\/regiaonews.net.br\/2022\/wp-content\/uploads\/2021\/07\/20210724_220448.jpg","width":786,"height":533},{"@type":"BreadcrumbList","@id":"https:\/\/regiaonews.net.br\/2022\/2021\/07\/24\/brasil-e-holanda-empatam-em-confronto-de-seis-gols\/#breadcrumb","itemListElement":[{"@type":"ListItem","position":1,"name":"In\u00edcio","item":"https:\/\/regiaonews.net.br\/2022\/"},{"@type":"ListItem","position":2,"name":"Brasil e Holanda empatam em confronto de seis gols"}]},{"@type":"WebSite","@id":"https:\/\/regiaonews.net.br\/2022\/#website","url":"https:\/\/regiaonews.net.br\/2022\/","name":"Regi\u00e3o News","description":"Site de Not\u00edcias de Barretos e regi\u00e3o","publisher":{"@id":"https:\/\/regiaonews.net.br\/2022\/#organization"},"potentialAction":[{"@type":"SearchAction","target":{"@type":"EntryPoint","urlTemplate":"https:\/\/regiaonews.net.br\/2022\/?s={search_term_string}"},"query-input":{"@type":"PropertyValueSpecification","valueRequired":true,"valueName":"search_term_string"}}],"inLanguage":"pt-BR"},{"@type":"Organization","@id":"https:\/\/regiaonews.net.br\/2022\/#organization","name":"Regi\u00e3o News","url":"https:\/\/regiaonews.net.br\/2022\/","logo":{"@type":"ImageObject","inLanguage":"pt-BR","@id":"https:\/\/regiaonews.net.br\/2022\/#\/schema\/logo\/image\/","url":"https:\/\/regiaonews.net.br\/2022\/wp-content\/uploads\/2026\/03\/regiao-13-anos-scaled.jpg","contentUrl":"https:\/\/regiaonews.net.br\/2022\/wp-content\/uploads\/2026\/03\/regiao-13-anos-scaled.jpg","width":2560,"height":635,"caption":"Regi\u00e3o News"},"image":{"@id":"https:\/\/regiaonews.net.br\/2022\/#\/schema\/logo\/image\/"}},{"@type":"Person","@id":"https:\/\/regiaonews.net.br\/2022\/#\/schema\/person\/2d205a608a5aa97ac279d7a5e6d89ad8","name":"Roberto","image":{"@type":"ImageObject","inLanguage":"pt-BR","@id":"https:\/\/secure.gravatar.com\/avatar\/42749d8b712ff9d59ca93dc150494e5b55a44134482993f5baeb97e61b7ecc89?s=96&d=mm&r=g","url":"https:\/\/secure.gravatar.com\/avatar\/42749d8b712ff9d59ca93dc150494e5b55a44134482993f5baeb97e61b7ecc89?s=96&d=mm&r=g","contentUrl":"https:\/\/secure.gravatar.com\/avatar\/42749d8b712ff9d59ca93dc150494e5b55a44134482993f5baeb97e61b7ecc89?s=96&d=mm&r=g","caption":"Roberto"},"url":"https:\/\/regiaonews.net.br\/2022\/author\/roberto\/"}]}},"publishpress_future_action":{"enabled":false,"date":"2026-05-02 05:09:13","action":"change-status","newStatus":"draft","terms":[],"taxonomy":"category","extraData":[]},"publishpress_future_workflow_manual_trigger":{"enabledWorkflows":[]},"_links":{"self":[{"href":"https:\/\/regiaonews.net.br\/2022\/wp-json\/wp\/v2\/posts\/50803","targetHints":{"allow":["GET"]}}],"collection":[{"href":"https:\/\/regiaonews.net.br\/2022\/wp-json\/wp\/v2\/posts"}],"about":[{"href":"https:\/\/regiaonews.net.br\/2022\/wp-json\/wp\/v2\/types\/post"}],"author":[{"embeddable":true,"href":"https:\/\/regiaonews.net.br\/2022\/wp-json\/wp\/v2\/users\/2"}],"replies":[{"embeddable":true,"href":"https:\/\/regiaonews.net.br\/2022\/wp-json\/wp\/v2\/comments?post=50803"}],"version-history":[{"count":0,"href":"https:\/\/regiaonews.net.br\/2022\/wp-json\/wp\/v2\/posts\/50803\/revisions"}],"wp:featuredmedia":[{"embeddable":true,"href":"https:\/\/regiaonews.net.br\/2022\/wp-json\/wp\/v2\/media\/50804"}],"wp:attachment":[{"href":"https:\/\/regiaonews.net.br\/2022\/wp-json\/wp\/v2\/media?parent=50803"}],"wp:term":[{"taxonomy":"category","embeddable":true,"href":"https:\/\/regiaonews.net.br\/2022\/wp-json\/wp\/v2\/categories?post=50803"},{"taxonomy":"post_tag","embeddable":true,"href":"https:\/\/regiaonews.net.br\/2022\/wp-json\/wp\/v2\/tags?post=50803"}],"curies":[{"name":"wp","href":"https:\/\/api.w.org\/{rel}","templated":true}]}}