{"id":50774,"date":"2021-07-24T14:06:37","date_gmt":"2021-07-24T17:06:37","guid":{"rendered":"https:\/\/regiaonews.net.br\/2022\/?p=50774"},"modified":"2021-07-24T14:07:11","modified_gmt":"2021-07-24T17:07:11","slug":"brasil-vai-as-finais-na-ginastica-em-toquio-com-zanetti-caio-e-diogo","status":"publish","type":"post","link":"https:\/\/regiaonews.net.br\/2022\/2021\/07\/24\/brasil-vai-as-finais-na-ginastica-em-toquio-com-zanetti-caio-e-diogo\/","title":{"rendered":"Brasil vai \u00e0s finais na gin\u00e1stica em T\u00f3quio com Zanetti, Caio e Diogo"},"content":{"rendered":"<p><a href=\"https:\/\/regiaonews.net.br\/2022\/wp-content\/uploads\/2021\/07\/zanetti.jpeg\"><img loading=\"lazy\" decoding=\"async\" class=\"alignnone size-medium wp-image-50775\" src=\"https:\/\/regiaonews.net.br\/2022\/wp-content\/uploads\/2021\/07\/zanetti-300x179.jpeg\" alt=\"\" width=\"300\" height=\"179\" \/><\/a><\/p>\n<p>A sele\u00e7\u00e3o brasileira de gin\u00e1stica art\u00edstica confirmou quatro vagas nas finais masculinas da Olimp\u00edada de T\u00f3quio, no Centro de Gin\u00e1stica de Ariake. Na madrugada deste\u00a0s\u00e1bado\u00a0(24), Arthur Zanetti fechou a classificat\u00f3ria das\u00a0argolas na\u00a0quinta\u00a0posi\u00e7\u00e3o.\u00a0Caio Souza avan\u00e7ou a duas decis\u00f5es, no salto e no individual geral, e Diogo Soares tamb\u00e9m vai brigar por medalha do individual geral. Na disputa por equipes, o Brasil ficou na nona posi\u00e7\u00e3o, e perdeu a chance de ir \u00e0s finais por apenas 0,229 pontos. A \u00faltima classificada foi a sele\u00e7\u00e3o da Ucr\u00e2nia.<img decoding=\"async\" src=\"https:\/\/agenciabrasil.ebc.com.br\/ebc.png?id=1416278&amp;o=node\" \/><img decoding=\"async\" src=\"https:\/\/agenciabrasil.ebc.com.br\/ebc.gif?id=1416278&amp;o=node\" \/><\/p>\n<p>Em busca da in\u00e9dita terceira medalha ol\u00edmpica nas argolas, Zanetti finalizou a apresenta\u00e7\u00e3o com a nota de 14,900 pontos. Ficaram na frente do brasileiro, o grego Eleftherios Petrounias (15,333), o chin\u00eas Liu Yang (15,300), o franc\u00eas Samir Ait Said (15,066) e o turco Ibrahim Colak (14,933).<\/p>\n<p>Caio Souza se garantiu na final do individual geral com a nota de 84,298 pontos, sendo o 18\u00ba colocado. Mas passou como a 14\u00aa marca pelo limite de apenas dois atletas de cada pa\u00eds estarem na final. Mais jovem do time nacional na modalidade, com 19 anos, Diogo Soares conseguiu a 24\u00aa e \u00faltima vaga na final do individual geral, com 81,332 pontos.<\/p>\n<p>No salto, o brasileiro Caio Souza foi o s\u00e9timo colocado tendo a m\u00e9dia de 14,700 pontos nos dois saltos.<\/p>\n<p>A decis\u00e3o do individual geral dos Jogos est\u00e1 prevista para\u00a0quarta-feira (28), \u00e0s 7h15 (hor\u00e1rio de Bras\u00edlia). A final das argolas e do salto v\u00e3o ocorrer no dia\u00a02 de agosto, a partir das 5h (hor\u00e1rio de Bras\u00edlia).<\/p>\n<p>Campe\u00e3o mundial da barra fixa, Arthur Nory, esperan\u00e7a de medalha para o Brasil, n\u00e3o conseguiu avan\u00e7ar \u00e0 final do aparelho. O atleta obteve a nota de 14,133 pontos e ficou na 12\u00aa posi\u00e7\u00e3o, sendo eliminado do torneio.<\/p>\n<p>Fonte : Ag\u00eanciaBrasil<\/p>\n","protected":false},"excerpt":{"rendered":"<p>A sele\u00e7\u00e3o brasileira de gin\u00e1stica art\u00edstica confirmou quatro vagas nas<\/p>\n","protected":false},"author":2,"featured_media":50775,"comment_status":"open","ping_status":"open","sticky":false,"template":"","format":"standard","meta":{"footnotes":""},"categories":[21,39],"tags":[],"class_list":["post-50774","post","type-post","status-publish","format-standard","has-post-thumbnail","hentry","category-esporte","category-mundo"],"yoast_head":"<!-- This site is optimized with the Yoast SEO plugin v27.4 - https:\/\/yoast.com\/product\/yoast-seo-wordpress\/ -->\n<title>Brasil vai \u00e0s finais na gin\u00e1stica em T\u00f3quio com Zanetti, Caio e Diogo - Regi\u00e3o News<\/title>\n<meta name=\"robots\" content=\"index, follow, max-snippet:-1, max-image-preview:large, max-video-preview:-1\" \/>\n<link rel=\"canonical\" href=\"https:\/\/regiaonews.net.br\/2022\/2021\/07\/24\/brasil-vai-as-finais-na-ginastica-em-toquio-com-zanetti-caio-e-diogo\/\" \/>\n<meta property=\"og:locale\" content=\"pt_BR\" \/>\n<meta property=\"og:type\" content=\"article\" \/>\n<meta property=\"og:title\" content=\"Brasil vai \u00e0s finais na gin\u00e1stica em T\u00f3quio com Zanetti, Caio e Diogo - Regi\u00e3o News\" \/>\n<meta property=\"og:description\" content=\"A sele\u00e7\u00e3o brasileira de gin\u00e1stica art\u00edstica confirmou quatro vagas nas\" \/>\n<meta property=\"og:url\" content=\"https:\/\/regiaonews.net.br\/2022\/2021\/07\/24\/brasil-vai-as-finais-na-ginastica-em-toquio-com-zanetti-caio-e-diogo\/\" \/>\n<meta property=\"og:site_name\" content=\"Regi\u00e3o News\" \/>\n<meta property=\"article:published_time\" content=\"2021-07-24T17:06:37+00:00\" \/>\n<meta property=\"article:modified_time\" content=\"2021-07-24T17:07:11+00:00\" \/>\n<meta property=\"og:image\" content=\"https:\/\/regiaonews.net.br\/2022\/wp-content\/uploads\/2021\/07\/zanetti.jpeg\" \/>\n\t<meta property=\"og:image:width\" content=\"1170\" \/>\n\t<meta property=\"og:image:height\" content=\"700\" \/>\n\t<meta property=\"og:image:type\" content=\"image\/jpeg\" \/>\n<meta name=\"author\" content=\"Roberto\" \/>\n<meta name=\"twitter:card\" content=\"summary_large_image\" \/>\n<meta name=\"twitter:label1\" content=\"Escrito por\" \/>\n\t<meta name=\"twitter:data1\" content=\"Roberto\" \/>\n\t<meta name=\"twitter:label2\" content=\"Est. tempo de leitura\" \/>\n\t<meta name=\"twitter:data2\" content=\"2 minutos\" \/>\n<script type=\"application\/ld+json\" class=\"yoast-schema-graph\">{\"@context\":\"https:\\\/\\\/schema.org\",\"@graph\":[{\"@type\":\"Article\",\"@id\":\"https:\\\/\\\/regiaonews.net.br\\\/2022\\\/2021\\\/07\\\/24\\\/brasil-vai-as-finais-na-ginastica-em-toquio-com-zanetti-caio-e-diogo\\\/#article\",\"isPartOf\":{\"@id\":\"https:\\\/\\\/regiaonews.net.br\\\/2022\\\/2021\\\/07\\\/24\\\/brasil-vai-as-finais-na-ginastica-em-toquio-com-zanetti-caio-e-diogo\\\/\"},\"author\":{\"name\":\"Roberto\",\"@id\":\"https:\\\/\\\/regiaonews.net.br\\\/2022\\\/#\\\/schema\\\/person\\\/2d205a608a5aa97ac279d7a5e6d89ad8\"},\"headline\":\"Brasil vai \u00e0s finais na gin\u00e1stica em T\u00f3quio com Zanetti, Caio e Diogo\",\"datePublished\":\"2021-07-24T17:06:37+00:00\",\"dateModified\":\"2021-07-24T17:07:11+00:00\",\"mainEntityOfPage\":{\"@id\":\"https:\\\/\\\/regiaonews.net.br\\\/2022\\\/2021\\\/07\\\/24\\\/brasil-vai-as-finais-na-ginastica-em-toquio-com-zanetti-caio-e-diogo\\\/\"},\"wordCount\":326,\"commentCount\":0,\"publisher\":{\"@id\":\"https:\\\/\\\/regiaonews.net.br\\\/2022\\\/#organization\"},\"image\":{\"@id\":\"https:\\\/\\\/regiaonews.net.br\\\/2022\\\/2021\\\/07\\\/24\\\/brasil-vai-as-finais-na-ginastica-em-toquio-com-zanetti-caio-e-diogo\\\/#primaryimage\"},\"thumbnailUrl\":\"https:\\\/\\\/regiaonews.net.br\\\/2022\\\/wp-content\\\/uploads\\\/2021\\\/07\\\/zanetti.jpeg\",\"articleSection\":[\"Esporte\",\"Mundo\"],\"inLanguage\":\"pt-BR\",\"potentialAction\":[{\"@type\":\"CommentAction\",\"name\":\"Comment\",\"target\":[\"https:\\\/\\\/regiaonews.net.br\\\/2022\\\/2021\\\/07\\\/24\\\/brasil-vai-as-finais-na-ginastica-em-toquio-com-zanetti-caio-e-diogo\\\/#respond\"]}]},{\"@type\":\"WebPage\",\"@id\":\"https:\\\/\\\/regiaonews.net.br\\\/2022\\\/2021\\\/07\\\/24\\\/brasil-vai-as-finais-na-ginastica-em-toquio-com-zanetti-caio-e-diogo\\\/\",\"url\":\"https:\\\/\\\/regiaonews.net.br\\\/2022\\\/2021\\\/07\\\/24\\\/brasil-vai-as-finais-na-ginastica-em-toquio-com-zanetti-caio-e-diogo\\\/\",\"name\":\"Brasil vai \u00e0s finais na gin\u00e1stica em T\u00f3quio com Zanetti, Caio e Diogo - Regi\u00e3o News\",\"isPartOf\":{\"@id\":\"https:\\\/\\\/regiaonews.net.br\\\/2022\\\/#website\"},\"primaryImageOfPage\":{\"@id\":\"https:\\\/\\\/regiaonews.net.br\\\/2022\\\/2021\\\/07\\\/24\\\/brasil-vai-as-finais-na-ginastica-em-toquio-com-zanetti-caio-e-diogo\\\/#primaryimage\"},\"image\":{\"@id\":\"https:\\\/\\\/regiaonews.net.br\\\/2022\\\/2021\\\/07\\\/24\\\/brasil-vai-as-finais-na-ginastica-em-toquio-com-zanetti-caio-e-diogo\\\/#primaryimage\"},\"thumbnailUrl\":\"https:\\\/\\\/regiaonews.net.br\\\/2022\\\/wp-content\\\/uploads\\\/2021\\\/07\\\/zanetti.jpeg\",\"datePublished\":\"2021-07-24T17:06:37+00:00\",\"dateModified\":\"2021-07-24T17:07:11+00:00\",\"breadcrumb\":{\"@id\":\"https:\\\/\\\/regiaonews.net.br\\\/2022\\\/2021\\\/07\\\/24\\\/brasil-vai-as-finais-na-ginastica-em-toquio-com-zanetti-caio-e-diogo\\\/#breadcrumb\"},\"inLanguage\":\"pt-BR\",\"potentialAction\":[{\"@type\":\"ReadAction\",\"target\":[\"https:\\\/\\\/regiaonews.net.br\\\/2022\\\/2021\\\/07\\\/24\\\/brasil-vai-as-finais-na-ginastica-em-toquio-com-zanetti-caio-e-diogo\\\/\"]}]},{\"@type\":\"ImageObject\",\"inLanguage\":\"pt-BR\",\"@id\":\"https:\\\/\\\/regiaonews.net.br\\\/2022\\\/2021\\\/07\\\/24\\\/brasil-vai-as-finais-na-ginastica-em-toquio-com-zanetti-caio-e-diogo\\\/#primaryimage\",\"url\":\"https:\\\/\\\/regiaonews.net.br\\\/2022\\\/wp-content\\\/uploads\\\/2021\\\/07\\\/zanetti.jpeg\",\"contentUrl\":\"https:\\\/\\\/regiaonews.net.br\\\/2022\\\/wp-content\\\/uploads\\\/2021\\\/07\\\/zanetti.jpeg\",\"width\":1170,\"height\":700},{\"@type\":\"BreadcrumbList\",\"@id\":\"https:\\\/\\\/regiaonews.net.br\\\/2022\\\/2021\\\/07\\\/24\\\/brasil-vai-as-finais-na-ginastica-em-toquio-com-zanetti-caio-e-diogo\\\/#breadcrumb\",\"itemListElement\":[{\"@type\":\"ListItem\",\"position\":1,\"name\":\"In\u00edcio\",\"item\":\"https:\\\/\\\/regiaonews.net.br\\\/2022\\\/\"},{\"@type\":\"ListItem\",\"position\":2,\"name\":\"Brasil vai \u00e0s finais na gin\u00e1stica em T\u00f3quio com Zanetti, Caio e Diogo\"}]},{\"@type\":\"WebSite\",\"@id\":\"https:\\\/\\\/regiaonews.net.br\\\/2022\\\/#website\",\"url\":\"https:\\\/\\\/regiaonews.net.br\\\/2022\\\/\",\"name\":\"Regi\u00e3o News\",\"description\":\"Site de Not\u00edcias de Barretos e regi\u00e3o\",\"publisher\":{\"@id\":\"https:\\\/\\\/regiaonews.net.br\\\/2022\\\/#organization\"},\"potentialAction\":[{\"@type\":\"SearchAction\",\"target\":{\"@type\":\"EntryPoint\",\"urlTemplate\":\"https:\\\/\\\/regiaonews.net.br\\\/2022\\\/?s={search_term_string}\"},\"query-input\":{\"@type\":\"PropertyValueSpecification\",\"valueRequired\":true,\"valueName\":\"search_term_string\"}}],\"inLanguage\":\"pt-BR\"},{\"@type\":\"Organization\",\"@id\":\"https:\\\/\\\/regiaonews.net.br\\\/2022\\\/#organization\",\"name\":\"Regi\u00e3o News\",\"url\":\"https:\\\/\\\/regiaonews.net.br\\\/2022\\\/\",\"logo\":{\"@type\":\"ImageObject\",\"inLanguage\":\"pt-BR\",\"@id\":\"https:\\\/\\\/regiaonews.net.br\\\/2022\\\/#\\\/schema\\\/logo\\\/image\\\/\",\"url\":\"https:\\\/\\\/regiaonews.net.br\\\/2022\\\/wp-content\\\/uploads\\\/2026\\\/03\\\/regiao-13-anos-scaled.jpg\",\"contentUrl\":\"https:\\\/\\\/regiaonews.net.br\\\/2022\\\/wp-content\\\/uploads\\\/2026\\\/03\\\/regiao-13-anos-scaled.jpg\",\"width\":2560,\"height\":635,\"caption\":\"Regi\u00e3o News\"},\"image\":{\"@id\":\"https:\\\/\\\/regiaonews.net.br\\\/2022\\\/#\\\/schema\\\/logo\\\/image\\\/\"}},{\"@type\":\"Person\",\"@id\":\"https:\\\/\\\/regiaonews.net.br\\\/2022\\\/#\\\/schema\\\/person\\\/2d205a608a5aa97ac279d7a5e6d89ad8\",\"name\":\"Roberto\",\"image\":{\"@type\":\"ImageObject\",\"inLanguage\":\"pt-BR\",\"@id\":\"https:\\\/\\\/secure.gravatar.com\\\/avatar\\\/42749d8b712ff9d59ca93dc150494e5b55a44134482993f5baeb97e61b7ecc89?s=96&d=mm&r=g\",\"url\":\"https:\\\/\\\/secure.gravatar.com\\\/avatar\\\/42749d8b712ff9d59ca93dc150494e5b55a44134482993f5baeb97e61b7ecc89?s=96&d=mm&r=g\",\"contentUrl\":\"https:\\\/\\\/secure.gravatar.com\\\/avatar\\\/42749d8b712ff9d59ca93dc150494e5b55a44134482993f5baeb97e61b7ecc89?s=96&d=mm&r=g\",\"caption\":\"Roberto\"},\"url\":\"https:\\\/\\\/regiaonews.net.br\\\/2022\\\/author\\\/roberto\\\/\"}]}<\/script>\n<!-- \/ Yoast SEO plugin. -->","yoast_head_json":{"title":"Brasil vai \u00e0s finais na gin\u00e1stica em T\u00f3quio com Zanetti, Caio e Diogo - Regi\u00e3o News","robots":{"index":"index","follow":"follow","max-snippet":"max-snippet:-1","max-image-preview":"max-image-preview:large","max-video-preview":"max-video-preview:-1"},"canonical":"https:\/\/regiaonews.net.br\/2022\/2021\/07\/24\/brasil-vai-as-finais-na-ginastica-em-toquio-com-zanetti-caio-e-diogo\/","og_locale":"pt_BR","og_type":"article","og_title":"Brasil vai \u00e0s finais na gin\u00e1stica em T\u00f3quio com Zanetti, Caio e Diogo - Regi\u00e3o News","og_description":"A sele\u00e7\u00e3o brasileira de gin\u00e1stica art\u00edstica confirmou quatro vagas nas","og_url":"https:\/\/regiaonews.net.br\/2022\/2021\/07\/24\/brasil-vai-as-finais-na-ginastica-em-toquio-com-zanetti-caio-e-diogo\/","og_site_name":"Regi\u00e3o News","article_published_time":"2021-07-24T17:06:37+00:00","article_modified_time":"2021-07-24T17:07:11+00:00","og_image":[{"width":1170,"height":700,"url":"https:\/\/regiaonews.net.br\/2022\/wp-content\/uploads\/2021\/07\/zanetti.jpeg","type":"image\/jpeg"}],"author":"Roberto","twitter_card":"summary_large_image","twitter_misc":{"Escrito por":"Roberto","Est. tempo de leitura":"2 minutos"},"schema":{"@context":"https:\/\/schema.org","@graph":[{"@type":"Article","@id":"https:\/\/regiaonews.net.br\/2022\/2021\/07\/24\/brasil-vai-as-finais-na-ginastica-em-toquio-com-zanetti-caio-e-diogo\/#article","isPartOf":{"@id":"https:\/\/regiaonews.net.br\/2022\/2021\/07\/24\/brasil-vai-as-finais-na-ginastica-em-toquio-com-zanetti-caio-e-diogo\/"},"author":{"name":"Roberto","@id":"https:\/\/regiaonews.net.br\/2022\/#\/schema\/person\/2d205a608a5aa97ac279d7a5e6d89ad8"},"headline":"Brasil vai \u00e0s finais na gin\u00e1stica em T\u00f3quio com Zanetti, Caio e Diogo","datePublished":"2021-07-24T17:06:37+00:00","dateModified":"2021-07-24T17:07:11+00:00","mainEntityOfPage":{"@id":"https:\/\/regiaonews.net.br\/2022\/2021\/07\/24\/brasil-vai-as-finais-na-ginastica-em-toquio-com-zanetti-caio-e-diogo\/"},"wordCount":326,"commentCount":0,"publisher":{"@id":"https:\/\/regiaonews.net.br\/2022\/#organization"},"image":{"@id":"https:\/\/regiaonews.net.br\/2022\/2021\/07\/24\/brasil-vai-as-finais-na-ginastica-em-toquio-com-zanetti-caio-e-diogo\/#primaryimage"},"thumbnailUrl":"https:\/\/regiaonews.net.br\/2022\/wp-content\/uploads\/2021\/07\/zanetti.jpeg","articleSection":["Esporte","Mundo"],"inLanguage":"pt-BR","potentialAction":[{"@type":"CommentAction","name":"Comment","target":["https:\/\/regiaonews.net.br\/2022\/2021\/07\/24\/brasil-vai-as-finais-na-ginastica-em-toquio-com-zanetti-caio-e-diogo\/#respond"]}]},{"@type":"WebPage","@id":"https:\/\/regiaonews.net.br\/2022\/2021\/07\/24\/brasil-vai-as-finais-na-ginastica-em-toquio-com-zanetti-caio-e-diogo\/","url":"https:\/\/regiaonews.net.br\/2022\/2021\/07\/24\/brasil-vai-as-finais-na-ginastica-em-toquio-com-zanetti-caio-e-diogo\/","name":"Brasil vai \u00e0s finais na gin\u00e1stica em T\u00f3quio com Zanetti, Caio e Diogo - Regi\u00e3o News","isPartOf":{"@id":"https:\/\/regiaonews.net.br\/2022\/#website"},"primaryImageOfPage":{"@id":"https:\/\/regiaonews.net.br\/2022\/2021\/07\/24\/brasil-vai-as-finais-na-ginastica-em-toquio-com-zanetti-caio-e-diogo\/#primaryimage"},"image":{"@id":"https:\/\/regiaonews.net.br\/2022\/2021\/07\/24\/brasil-vai-as-finais-na-ginastica-em-toquio-com-zanetti-caio-e-diogo\/#primaryimage"},"thumbnailUrl":"https:\/\/regiaonews.net.br\/2022\/wp-content\/uploads\/2021\/07\/zanetti.jpeg","datePublished":"2021-07-24T17:06:37+00:00","dateModified":"2021-07-24T17:07:11+00:00","breadcrumb":{"@id":"https:\/\/regiaonews.net.br\/2022\/2021\/07\/24\/brasil-vai-as-finais-na-ginastica-em-toquio-com-zanetti-caio-e-diogo\/#breadcrumb"},"inLanguage":"pt-BR","potentialAction":[{"@type":"ReadAction","target":["https:\/\/regiaonews.net.br\/2022\/2021\/07\/24\/brasil-vai-as-finais-na-ginastica-em-toquio-com-zanetti-caio-e-diogo\/"]}]},{"@type":"ImageObject","inLanguage":"pt-BR","@id":"https:\/\/regiaonews.net.br\/2022\/2021\/07\/24\/brasil-vai-as-finais-na-ginastica-em-toquio-com-zanetti-caio-e-diogo\/#primaryimage","url":"https:\/\/regiaonews.net.br\/2022\/wp-content\/uploads\/2021\/07\/zanetti.jpeg","contentUrl":"https:\/\/regiaonews.net.br\/2022\/wp-content\/uploads\/2021\/07\/zanetti.jpeg","width":1170,"height":700},{"@type":"BreadcrumbList","@id":"https:\/\/regiaonews.net.br\/2022\/2021\/07\/24\/brasil-vai-as-finais-na-ginastica-em-toquio-com-zanetti-caio-e-diogo\/#breadcrumb","itemListElement":[{"@type":"ListItem","position":1,"name":"In\u00edcio","item":"https:\/\/regiaonews.net.br\/2022\/"},{"@type":"ListItem","position":2,"name":"Brasil vai \u00e0s finais na gin\u00e1stica em T\u00f3quio com Zanetti, Caio e Diogo"}]},{"@type":"WebSite","@id":"https:\/\/regiaonews.net.br\/2022\/#website","url":"https:\/\/regiaonews.net.br\/2022\/","name":"Regi\u00e3o News","description":"Site de Not\u00edcias de Barretos e regi\u00e3o","publisher":{"@id":"https:\/\/regiaonews.net.br\/2022\/#organization"},"potentialAction":[{"@type":"SearchAction","target":{"@type":"EntryPoint","urlTemplate":"https:\/\/regiaonews.net.br\/2022\/?s={search_term_string}"},"query-input":{"@type":"PropertyValueSpecification","valueRequired":true,"valueName":"search_term_string"}}],"inLanguage":"pt-BR"},{"@type":"Organization","@id":"https:\/\/regiaonews.net.br\/2022\/#organization","name":"Regi\u00e3o News","url":"https:\/\/regiaonews.net.br\/2022\/","logo":{"@type":"ImageObject","inLanguage":"pt-BR","@id":"https:\/\/regiaonews.net.br\/2022\/#\/schema\/logo\/image\/","url":"https:\/\/regiaonews.net.br\/2022\/wp-content\/uploads\/2026\/03\/regiao-13-anos-scaled.jpg","contentUrl":"https:\/\/regiaonews.net.br\/2022\/wp-content\/uploads\/2026\/03\/regiao-13-anos-scaled.jpg","width":2560,"height":635,"caption":"Regi\u00e3o News"},"image":{"@id":"https:\/\/regiaonews.net.br\/2022\/#\/schema\/logo\/image\/"}},{"@type":"Person","@id":"https:\/\/regiaonews.net.br\/2022\/#\/schema\/person\/2d205a608a5aa97ac279d7a5e6d89ad8","name":"Roberto","image":{"@type":"ImageObject","inLanguage":"pt-BR","@id":"https:\/\/secure.gravatar.com\/avatar\/42749d8b712ff9d59ca93dc150494e5b55a44134482993f5baeb97e61b7ecc89?s=96&d=mm&r=g","url":"https:\/\/secure.gravatar.com\/avatar\/42749d8b712ff9d59ca93dc150494e5b55a44134482993f5baeb97e61b7ecc89?s=96&d=mm&r=g","contentUrl":"https:\/\/secure.gravatar.com\/avatar\/42749d8b712ff9d59ca93dc150494e5b55a44134482993f5baeb97e61b7ecc89?s=96&d=mm&r=g","caption":"Roberto"},"url":"https:\/\/regiaonews.net.br\/2022\/author\/roberto\/"}]}},"publishpress_future_action":{"enabled":false,"date":"2026-05-02 06:52:05","action":"change-status","newStatus":"draft","terms":[],"taxonomy":"category","extraData":[]},"publishpress_future_workflow_manual_trigger":{"enabledWorkflows":[]},"_links":{"self":[{"href":"https:\/\/regiaonews.net.br\/2022\/wp-json\/wp\/v2\/posts\/50774","targetHints":{"allow":["GET"]}}],"collection":[{"href":"https:\/\/regiaonews.net.br\/2022\/wp-json\/wp\/v2\/posts"}],"about":[{"href":"https:\/\/regiaonews.net.br\/2022\/wp-json\/wp\/v2\/types\/post"}],"author":[{"embeddable":true,"href":"https:\/\/regiaonews.net.br\/2022\/wp-json\/wp\/v2\/users\/2"}],"replies":[{"embeddable":true,"href":"https:\/\/regiaonews.net.br\/2022\/wp-json\/wp\/v2\/comments?post=50774"}],"version-history":[{"count":0,"href":"https:\/\/regiaonews.net.br\/2022\/wp-json\/wp\/v2\/posts\/50774\/revisions"}],"wp:featuredmedia":[{"embeddable":true,"href":"https:\/\/regiaonews.net.br\/2022\/wp-json\/wp\/v2\/media\/50775"}],"wp:attachment":[{"href":"https:\/\/regiaonews.net.br\/2022\/wp-json\/wp\/v2\/media?parent=50774"}],"wp:term":[{"taxonomy":"category","embeddable":true,"href":"https:\/\/regiaonews.net.br\/2022\/wp-json\/wp\/v2\/categories?post=50774"},{"taxonomy":"post_tag","embeddable":true,"href":"https:\/\/regiaonews.net.br\/2022\/wp-json\/wp\/v2\/tags?post=50774"}],"curies":[{"name":"wp","href":"https:\/\/api.w.org\/{rel}","templated":true}]}}