{"id":50728,"date":"2021-07-23T09:53:11","date_gmt":"2021-07-23T12:53:11","guid":{"rendered":"https:\/\/regiaonews.net.br\/2022\/?p=50728"},"modified":"2021-07-23T09:53:11","modified_gmt":"2021-07-23T12:53:11","slug":"atletas-israelenses-mortos-em-1972-sao-lembrados-na-abertura-de-toquio","status":"publish","type":"post","link":"https:\/\/regiaonews.net.br\/2022\/2021\/07\/23\/atletas-israelenses-mortos-em-1972-sao-lembrados-na-abertura-de-toquio\/","title":{"rendered":"Atletas israelenses mortos em 1972 s\u00e3o lembrados na abertura de T\u00f3quio"},"content":{"rendered":"<p><a href=\"https:\/\/regiaonews.net.br\/2022\/wp-content\/uploads\/2021\/07\/israelenses_1972_sao_lembrados_na_abertura_de_toquio.jpg\"><img loading=\"lazy\" decoding=\"async\" class=\"alignnone size-medium wp-image-50729\" src=\"https:\/\/regiaonews.net.br\/2022\/wp-content\/uploads\/2021\/07\/israelenses_1972_sao_lembrados_na_abertura_de_toquio-300x179.jpg\" alt=\"\" width=\"300\" height=\"179\" \/><\/a><\/p>\n<p>Os atletas ol\u00edmpicos israelenses mortos por atiradores palestinos durante os Jogos Ol\u00edmpicos de Munique 1972 foram lembrados durante a cerim\u00f4nia de abertura da Olimp\u00edada T\u00f3quio 2020 nesta sexta-feira (23) com um momento de sil\u00eancio, na primeira vez que isso aconteceu durante uma cerim\u00f4nia de abertura de uma Olimp\u00edada.<img decoding=\"async\" src=\"https:\/\/agenciabrasil.ebc.com.br\/ebc.png?id=1416153&amp;o=node\" \/><img decoding=\"async\" src=\"https:\/\/agenciabrasil.ebc.com.br\/ebc.gif?id=1416153&amp;o=node\" \/><\/p>\n<p>As fam\u00edlias das 11 v\u00edtimas do ataque pediam h\u00e1 tempos que o Comit\u00ea Ol\u00edmpico Internacional (COI) realizasse um momento de sil\u00eancio durante as cerim\u00f4nias de abertura dos Jogos, mas at\u00e9 esta sexta (23) este pedido vinha sendo recusado.<\/p>\n<p>Em 5 de setembro de 1972, membros da equipe ol\u00edmpica de Israel foram feitos ref\u00e9ns em uma vila ol\u00edmpica dos atletas com seguran\u00e7a prec\u00e1ria por atiradores palestinos do grupo Setembro Negro.<\/p>\n<p>Em 24 horas, 11 israelenses, cinco palestinos e um policial alem\u00e3o estavam mortos depois de um impasse e da tentativa de resgate que gerou um tiroteio.<\/p>\n<p>Em vez de atender os pedidos dos parentes das v\u00edtimas para que elas fossem lembradas nas cerim\u00f4nias de aberturas das Olimp\u00edadas, o COI decidiu em 2016 inaugurar um Lugar de Luto em uma parte da vila ol\u00edmpica dos Jogos do Rio de Janeiro em 2016 para lembrar os mortos durante os Jogos Ol\u00edmpicos, com duas das vi\u00favas dos atletas israelenses presentes.<\/p>\n","protected":false},"excerpt":{"rendered":"<p>Os atletas ol\u00edmpicos israelenses mortos por atiradores palestinos durante os<\/p>\n","protected":false},"author":2,"featured_media":50729,"comment_status":"open","ping_status":"open","sticky":false,"template":"","format":"standard","meta":{"footnotes":""},"categories":[25,21,39],"tags":[],"class_list":["post-50728","post","type-post","status-publish","format-standard","has-post-thumbnail","hentry","category-cidades","category-esporte","category-mundo"],"yoast_head":"<!-- This site is optimized with the Yoast SEO plugin v27.4 - https:\/\/yoast.com\/product\/yoast-seo-wordpress\/ -->\n<title>Atletas israelenses mortos em 1972 s\u00e3o lembrados na abertura de T\u00f3quio - Regi\u00e3o News<\/title>\n<meta name=\"robots\" content=\"index, follow, max-snippet:-1, max-image-preview:large, max-video-preview:-1\" \/>\n<link rel=\"canonical\" href=\"https:\/\/regiaonews.net.br\/2022\/2021\/07\/23\/atletas-israelenses-mortos-em-1972-sao-lembrados-na-abertura-de-toquio\/\" \/>\n<meta property=\"og:locale\" content=\"pt_BR\" \/>\n<meta property=\"og:type\" content=\"article\" \/>\n<meta property=\"og:title\" content=\"Atletas israelenses mortos em 1972 s\u00e3o lembrados na abertura de T\u00f3quio - Regi\u00e3o News\" \/>\n<meta property=\"og:description\" content=\"Os atletas ol\u00edmpicos israelenses mortos por atiradores palestinos durante os\" \/>\n<meta property=\"og:url\" content=\"https:\/\/regiaonews.net.br\/2022\/2021\/07\/23\/atletas-israelenses-mortos-em-1972-sao-lembrados-na-abertura-de-toquio\/\" \/>\n<meta property=\"og:site_name\" content=\"Regi\u00e3o News\" \/>\n<meta property=\"article:published_time\" content=\"2021-07-23T12:53:11+00:00\" \/>\n<meta property=\"og:image\" content=\"https:\/\/regiaonews.net.br\/2022\/wp-content\/uploads\/2021\/07\/israelenses_1972_sao_lembrados_na_abertura_de_toquio.jpg\" \/>\n\t<meta property=\"og:image:width\" content=\"1170\" \/>\n\t<meta property=\"og:image:height\" content=\"700\" \/>\n\t<meta property=\"og:image:type\" content=\"image\/jpeg\" \/>\n<meta name=\"author\" content=\"Roberto\" \/>\n<meta name=\"twitter:card\" content=\"summary_large_image\" \/>\n<meta name=\"twitter:label1\" content=\"Escrito por\" \/>\n\t<meta name=\"twitter:data1\" content=\"Roberto\" \/>\n\t<meta name=\"twitter:label2\" content=\"Est. tempo de leitura\" \/>\n\t<meta name=\"twitter:data2\" content=\"1 minuto\" \/>\n<script type=\"application\/ld+json\" class=\"yoast-schema-graph\">{\"@context\":\"https:\\\/\\\/schema.org\",\"@graph\":[{\"@type\":\"Article\",\"@id\":\"https:\\\/\\\/regiaonews.net.br\\\/2022\\\/2021\\\/07\\\/23\\\/atletas-israelenses-mortos-em-1972-sao-lembrados-na-abertura-de-toquio\\\/#article\",\"isPartOf\":{\"@id\":\"https:\\\/\\\/regiaonews.net.br\\\/2022\\\/2021\\\/07\\\/23\\\/atletas-israelenses-mortos-em-1972-sao-lembrados-na-abertura-de-toquio\\\/\"},\"author\":{\"name\":\"Roberto\",\"@id\":\"https:\\\/\\\/regiaonews.net.br\\\/2022\\\/#\\\/schema\\\/person\\\/2d205a608a5aa97ac279d7a5e6d89ad8\"},\"headline\":\"Atletas israelenses mortos em 1972 s\u00e3o lembrados na abertura de T\u00f3quio\",\"datePublished\":\"2021-07-23T12:53:11+00:00\",\"mainEntityOfPage\":{\"@id\":\"https:\\\/\\\/regiaonews.net.br\\\/2022\\\/2021\\\/07\\\/23\\\/atletas-israelenses-mortos-em-1972-sao-lembrados-na-abertura-de-toquio\\\/\"},\"wordCount\":230,\"commentCount\":0,\"publisher\":{\"@id\":\"https:\\\/\\\/regiaonews.net.br\\\/2022\\\/#organization\"},\"image\":{\"@id\":\"https:\\\/\\\/regiaonews.net.br\\\/2022\\\/2021\\\/07\\\/23\\\/atletas-israelenses-mortos-em-1972-sao-lembrados-na-abertura-de-toquio\\\/#primaryimage\"},\"thumbnailUrl\":\"https:\\\/\\\/regiaonews.net.br\\\/2022\\\/wp-content\\\/uploads\\\/2021\\\/07\\\/israelenses_1972_sao_lembrados_na_abertura_de_toquio.jpg\",\"articleSection\":[\"Cidades\",\"Esporte\",\"Mundo\"],\"inLanguage\":\"pt-BR\",\"potentialAction\":[{\"@type\":\"CommentAction\",\"name\":\"Comment\",\"target\":[\"https:\\\/\\\/regiaonews.net.br\\\/2022\\\/2021\\\/07\\\/23\\\/atletas-israelenses-mortos-em-1972-sao-lembrados-na-abertura-de-toquio\\\/#respond\"]}]},{\"@type\":\"WebPage\",\"@id\":\"https:\\\/\\\/regiaonews.net.br\\\/2022\\\/2021\\\/07\\\/23\\\/atletas-israelenses-mortos-em-1972-sao-lembrados-na-abertura-de-toquio\\\/\",\"url\":\"https:\\\/\\\/regiaonews.net.br\\\/2022\\\/2021\\\/07\\\/23\\\/atletas-israelenses-mortos-em-1972-sao-lembrados-na-abertura-de-toquio\\\/\",\"name\":\"Atletas israelenses mortos em 1972 s\u00e3o lembrados na abertura de T\u00f3quio - Regi\u00e3o News\",\"isPartOf\":{\"@id\":\"https:\\\/\\\/regiaonews.net.br\\\/2022\\\/#website\"},\"primaryImageOfPage\":{\"@id\":\"https:\\\/\\\/regiaonews.net.br\\\/2022\\\/2021\\\/07\\\/23\\\/atletas-israelenses-mortos-em-1972-sao-lembrados-na-abertura-de-toquio\\\/#primaryimage\"},\"image\":{\"@id\":\"https:\\\/\\\/regiaonews.net.br\\\/2022\\\/2021\\\/07\\\/23\\\/atletas-israelenses-mortos-em-1972-sao-lembrados-na-abertura-de-toquio\\\/#primaryimage\"},\"thumbnailUrl\":\"https:\\\/\\\/regiaonews.net.br\\\/2022\\\/wp-content\\\/uploads\\\/2021\\\/07\\\/israelenses_1972_sao_lembrados_na_abertura_de_toquio.jpg\",\"datePublished\":\"2021-07-23T12:53:11+00:00\",\"breadcrumb\":{\"@id\":\"https:\\\/\\\/regiaonews.net.br\\\/2022\\\/2021\\\/07\\\/23\\\/atletas-israelenses-mortos-em-1972-sao-lembrados-na-abertura-de-toquio\\\/#breadcrumb\"},\"inLanguage\":\"pt-BR\",\"potentialAction\":[{\"@type\":\"ReadAction\",\"target\":[\"https:\\\/\\\/regiaonews.net.br\\\/2022\\\/2021\\\/07\\\/23\\\/atletas-israelenses-mortos-em-1972-sao-lembrados-na-abertura-de-toquio\\\/\"]}]},{\"@type\":\"ImageObject\",\"inLanguage\":\"pt-BR\",\"@id\":\"https:\\\/\\\/regiaonews.net.br\\\/2022\\\/2021\\\/07\\\/23\\\/atletas-israelenses-mortos-em-1972-sao-lembrados-na-abertura-de-toquio\\\/#primaryimage\",\"url\":\"https:\\\/\\\/regiaonews.net.br\\\/2022\\\/wp-content\\\/uploads\\\/2021\\\/07\\\/israelenses_1972_sao_lembrados_na_abertura_de_toquio.jpg\",\"contentUrl\":\"https:\\\/\\\/regiaonews.net.br\\\/2022\\\/wp-content\\\/uploads\\\/2021\\\/07\\\/israelenses_1972_sao_lembrados_na_abertura_de_toquio.jpg\",\"width\":1170,\"height\":700},{\"@type\":\"BreadcrumbList\",\"@id\":\"https:\\\/\\\/regiaonews.net.br\\\/2022\\\/2021\\\/07\\\/23\\\/atletas-israelenses-mortos-em-1972-sao-lembrados-na-abertura-de-toquio\\\/#breadcrumb\",\"itemListElement\":[{\"@type\":\"ListItem\",\"position\":1,\"name\":\"In\u00edcio\",\"item\":\"https:\\\/\\\/regiaonews.net.br\\\/2022\\\/\"},{\"@type\":\"ListItem\",\"position\":2,\"name\":\"Atletas israelenses mortos em 1972 s\u00e3o lembrados na abertura de T\u00f3quio\"}]},{\"@type\":\"WebSite\",\"@id\":\"https:\\\/\\\/regiaonews.net.br\\\/2022\\\/#website\",\"url\":\"https:\\\/\\\/regiaonews.net.br\\\/2022\\\/\",\"name\":\"Regi\u00e3o News\",\"description\":\"Site de Not\u00edcias de Barretos e regi\u00e3o\",\"publisher\":{\"@id\":\"https:\\\/\\\/regiaonews.net.br\\\/2022\\\/#organization\"},\"potentialAction\":[{\"@type\":\"SearchAction\",\"target\":{\"@type\":\"EntryPoint\",\"urlTemplate\":\"https:\\\/\\\/regiaonews.net.br\\\/2022\\\/?s={search_term_string}\"},\"query-input\":{\"@type\":\"PropertyValueSpecification\",\"valueRequired\":true,\"valueName\":\"search_term_string\"}}],\"inLanguage\":\"pt-BR\"},{\"@type\":\"Organization\",\"@id\":\"https:\\\/\\\/regiaonews.net.br\\\/2022\\\/#organization\",\"name\":\"Regi\u00e3o News\",\"url\":\"https:\\\/\\\/regiaonews.net.br\\\/2022\\\/\",\"logo\":{\"@type\":\"ImageObject\",\"inLanguage\":\"pt-BR\",\"@id\":\"https:\\\/\\\/regiaonews.net.br\\\/2022\\\/#\\\/schema\\\/logo\\\/image\\\/\",\"url\":\"https:\\\/\\\/regiaonews.net.br\\\/2022\\\/wp-content\\\/uploads\\\/2026\\\/03\\\/regiao-13-anos-scaled.jpg\",\"contentUrl\":\"https:\\\/\\\/regiaonews.net.br\\\/2022\\\/wp-content\\\/uploads\\\/2026\\\/03\\\/regiao-13-anos-scaled.jpg\",\"width\":2560,\"height\":635,\"caption\":\"Regi\u00e3o News\"},\"image\":{\"@id\":\"https:\\\/\\\/regiaonews.net.br\\\/2022\\\/#\\\/schema\\\/logo\\\/image\\\/\"}},{\"@type\":\"Person\",\"@id\":\"https:\\\/\\\/regiaonews.net.br\\\/2022\\\/#\\\/schema\\\/person\\\/2d205a608a5aa97ac279d7a5e6d89ad8\",\"name\":\"Roberto\",\"image\":{\"@type\":\"ImageObject\",\"inLanguage\":\"pt-BR\",\"@id\":\"https:\\\/\\\/secure.gravatar.com\\\/avatar\\\/42749d8b712ff9d59ca93dc150494e5b55a44134482993f5baeb97e61b7ecc89?s=96&d=mm&r=g\",\"url\":\"https:\\\/\\\/secure.gravatar.com\\\/avatar\\\/42749d8b712ff9d59ca93dc150494e5b55a44134482993f5baeb97e61b7ecc89?s=96&d=mm&r=g\",\"contentUrl\":\"https:\\\/\\\/secure.gravatar.com\\\/avatar\\\/42749d8b712ff9d59ca93dc150494e5b55a44134482993f5baeb97e61b7ecc89?s=96&d=mm&r=g\",\"caption\":\"Roberto\"},\"url\":\"https:\\\/\\\/regiaonews.net.br\\\/2022\\\/author\\\/roberto\\\/\"}]}<\/script>\n<!-- \/ Yoast SEO plugin. -->","yoast_head_json":{"title":"Atletas israelenses mortos em 1972 s\u00e3o lembrados na abertura de T\u00f3quio - Regi\u00e3o News","robots":{"index":"index","follow":"follow","max-snippet":"max-snippet:-1","max-image-preview":"max-image-preview:large","max-video-preview":"max-video-preview:-1"},"canonical":"https:\/\/regiaonews.net.br\/2022\/2021\/07\/23\/atletas-israelenses-mortos-em-1972-sao-lembrados-na-abertura-de-toquio\/","og_locale":"pt_BR","og_type":"article","og_title":"Atletas israelenses mortos em 1972 s\u00e3o lembrados na abertura de T\u00f3quio - Regi\u00e3o News","og_description":"Os atletas ol\u00edmpicos israelenses mortos por atiradores palestinos durante os","og_url":"https:\/\/regiaonews.net.br\/2022\/2021\/07\/23\/atletas-israelenses-mortos-em-1972-sao-lembrados-na-abertura-de-toquio\/","og_site_name":"Regi\u00e3o News","article_published_time":"2021-07-23T12:53:11+00:00","og_image":[{"width":1170,"height":700,"url":"https:\/\/regiaonews.net.br\/2022\/wp-content\/uploads\/2021\/07\/israelenses_1972_sao_lembrados_na_abertura_de_toquio.jpg","type":"image\/jpeg"}],"author":"Roberto","twitter_card":"summary_large_image","twitter_misc":{"Escrito por":"Roberto","Est. tempo de leitura":"1 minuto"},"schema":{"@context":"https:\/\/schema.org","@graph":[{"@type":"Article","@id":"https:\/\/regiaonews.net.br\/2022\/2021\/07\/23\/atletas-israelenses-mortos-em-1972-sao-lembrados-na-abertura-de-toquio\/#article","isPartOf":{"@id":"https:\/\/regiaonews.net.br\/2022\/2021\/07\/23\/atletas-israelenses-mortos-em-1972-sao-lembrados-na-abertura-de-toquio\/"},"author":{"name":"Roberto","@id":"https:\/\/regiaonews.net.br\/2022\/#\/schema\/person\/2d205a608a5aa97ac279d7a5e6d89ad8"},"headline":"Atletas israelenses mortos em 1972 s\u00e3o lembrados na abertura de T\u00f3quio","datePublished":"2021-07-23T12:53:11+00:00","mainEntityOfPage":{"@id":"https:\/\/regiaonews.net.br\/2022\/2021\/07\/23\/atletas-israelenses-mortos-em-1972-sao-lembrados-na-abertura-de-toquio\/"},"wordCount":230,"commentCount":0,"publisher":{"@id":"https:\/\/regiaonews.net.br\/2022\/#organization"},"image":{"@id":"https:\/\/regiaonews.net.br\/2022\/2021\/07\/23\/atletas-israelenses-mortos-em-1972-sao-lembrados-na-abertura-de-toquio\/#primaryimage"},"thumbnailUrl":"https:\/\/regiaonews.net.br\/2022\/wp-content\/uploads\/2021\/07\/israelenses_1972_sao_lembrados_na_abertura_de_toquio.jpg","articleSection":["Cidades","Esporte","Mundo"],"inLanguage":"pt-BR","potentialAction":[{"@type":"CommentAction","name":"Comment","target":["https:\/\/regiaonews.net.br\/2022\/2021\/07\/23\/atletas-israelenses-mortos-em-1972-sao-lembrados-na-abertura-de-toquio\/#respond"]}]},{"@type":"WebPage","@id":"https:\/\/regiaonews.net.br\/2022\/2021\/07\/23\/atletas-israelenses-mortos-em-1972-sao-lembrados-na-abertura-de-toquio\/","url":"https:\/\/regiaonews.net.br\/2022\/2021\/07\/23\/atletas-israelenses-mortos-em-1972-sao-lembrados-na-abertura-de-toquio\/","name":"Atletas israelenses mortos em 1972 s\u00e3o lembrados na abertura de T\u00f3quio - Regi\u00e3o News","isPartOf":{"@id":"https:\/\/regiaonews.net.br\/2022\/#website"},"primaryImageOfPage":{"@id":"https:\/\/regiaonews.net.br\/2022\/2021\/07\/23\/atletas-israelenses-mortos-em-1972-sao-lembrados-na-abertura-de-toquio\/#primaryimage"},"image":{"@id":"https:\/\/regiaonews.net.br\/2022\/2021\/07\/23\/atletas-israelenses-mortos-em-1972-sao-lembrados-na-abertura-de-toquio\/#primaryimage"},"thumbnailUrl":"https:\/\/regiaonews.net.br\/2022\/wp-content\/uploads\/2021\/07\/israelenses_1972_sao_lembrados_na_abertura_de_toquio.jpg","datePublished":"2021-07-23T12:53:11+00:00","breadcrumb":{"@id":"https:\/\/regiaonews.net.br\/2022\/2021\/07\/23\/atletas-israelenses-mortos-em-1972-sao-lembrados-na-abertura-de-toquio\/#breadcrumb"},"inLanguage":"pt-BR","potentialAction":[{"@type":"ReadAction","target":["https:\/\/regiaonews.net.br\/2022\/2021\/07\/23\/atletas-israelenses-mortos-em-1972-sao-lembrados-na-abertura-de-toquio\/"]}]},{"@type":"ImageObject","inLanguage":"pt-BR","@id":"https:\/\/regiaonews.net.br\/2022\/2021\/07\/23\/atletas-israelenses-mortos-em-1972-sao-lembrados-na-abertura-de-toquio\/#primaryimage","url":"https:\/\/regiaonews.net.br\/2022\/wp-content\/uploads\/2021\/07\/israelenses_1972_sao_lembrados_na_abertura_de_toquio.jpg","contentUrl":"https:\/\/regiaonews.net.br\/2022\/wp-content\/uploads\/2021\/07\/israelenses_1972_sao_lembrados_na_abertura_de_toquio.jpg","width":1170,"height":700},{"@type":"BreadcrumbList","@id":"https:\/\/regiaonews.net.br\/2022\/2021\/07\/23\/atletas-israelenses-mortos-em-1972-sao-lembrados-na-abertura-de-toquio\/#breadcrumb","itemListElement":[{"@type":"ListItem","position":1,"name":"In\u00edcio","item":"https:\/\/regiaonews.net.br\/2022\/"},{"@type":"ListItem","position":2,"name":"Atletas israelenses mortos em 1972 s\u00e3o lembrados na abertura de T\u00f3quio"}]},{"@type":"WebSite","@id":"https:\/\/regiaonews.net.br\/2022\/#website","url":"https:\/\/regiaonews.net.br\/2022\/","name":"Regi\u00e3o News","description":"Site de Not\u00edcias de Barretos e regi\u00e3o","publisher":{"@id":"https:\/\/regiaonews.net.br\/2022\/#organization"},"potentialAction":[{"@type":"SearchAction","target":{"@type":"EntryPoint","urlTemplate":"https:\/\/regiaonews.net.br\/2022\/?s={search_term_string}"},"query-input":{"@type":"PropertyValueSpecification","valueRequired":true,"valueName":"search_term_string"}}],"inLanguage":"pt-BR"},{"@type":"Organization","@id":"https:\/\/regiaonews.net.br\/2022\/#organization","name":"Regi\u00e3o News","url":"https:\/\/regiaonews.net.br\/2022\/","logo":{"@type":"ImageObject","inLanguage":"pt-BR","@id":"https:\/\/regiaonews.net.br\/2022\/#\/schema\/logo\/image\/","url":"https:\/\/regiaonews.net.br\/2022\/wp-content\/uploads\/2026\/03\/regiao-13-anos-scaled.jpg","contentUrl":"https:\/\/regiaonews.net.br\/2022\/wp-content\/uploads\/2026\/03\/regiao-13-anos-scaled.jpg","width":2560,"height":635,"caption":"Regi\u00e3o News"},"image":{"@id":"https:\/\/regiaonews.net.br\/2022\/#\/schema\/logo\/image\/"}},{"@type":"Person","@id":"https:\/\/regiaonews.net.br\/2022\/#\/schema\/person\/2d205a608a5aa97ac279d7a5e6d89ad8","name":"Roberto","image":{"@type":"ImageObject","inLanguage":"pt-BR","@id":"https:\/\/secure.gravatar.com\/avatar\/42749d8b712ff9d59ca93dc150494e5b55a44134482993f5baeb97e61b7ecc89?s=96&d=mm&r=g","url":"https:\/\/secure.gravatar.com\/avatar\/42749d8b712ff9d59ca93dc150494e5b55a44134482993f5baeb97e61b7ecc89?s=96&d=mm&r=g","contentUrl":"https:\/\/secure.gravatar.com\/avatar\/42749d8b712ff9d59ca93dc150494e5b55a44134482993f5baeb97e61b7ecc89?s=96&d=mm&r=g","caption":"Roberto"},"url":"https:\/\/regiaonews.net.br\/2022\/author\/roberto\/"}]}},"publishpress_future_action":{"enabled":false,"date":"2026-05-02 05:20:07","action":"change-status","newStatus":"draft","terms":[],"taxonomy":"category","extraData":[]},"publishpress_future_workflow_manual_trigger":{"enabledWorkflows":[]},"_links":{"self":[{"href":"https:\/\/regiaonews.net.br\/2022\/wp-json\/wp\/v2\/posts\/50728","targetHints":{"allow":["GET"]}}],"collection":[{"href":"https:\/\/regiaonews.net.br\/2022\/wp-json\/wp\/v2\/posts"}],"about":[{"href":"https:\/\/regiaonews.net.br\/2022\/wp-json\/wp\/v2\/types\/post"}],"author":[{"embeddable":true,"href":"https:\/\/regiaonews.net.br\/2022\/wp-json\/wp\/v2\/users\/2"}],"replies":[{"embeddable":true,"href":"https:\/\/regiaonews.net.br\/2022\/wp-json\/wp\/v2\/comments?post=50728"}],"version-history":[{"count":0,"href":"https:\/\/regiaonews.net.br\/2022\/wp-json\/wp\/v2\/posts\/50728\/revisions"}],"wp:featuredmedia":[{"embeddable":true,"href":"https:\/\/regiaonews.net.br\/2022\/wp-json\/wp\/v2\/media\/50729"}],"wp:attachment":[{"href":"https:\/\/regiaonews.net.br\/2022\/wp-json\/wp\/v2\/media?parent=50728"}],"wp:term":[{"taxonomy":"category","embeddable":true,"href":"https:\/\/regiaonews.net.br\/2022\/wp-json\/wp\/v2\/categories?post=50728"},{"taxonomy":"post_tag","embeddable":true,"href":"https:\/\/regiaonews.net.br\/2022\/wp-json\/wp\/v2\/tags?post=50728"}],"curies":[{"name":"wp","href":"https:\/\/api.w.org\/{rel}","templated":true}]}}