{"id":50491,"date":"2021-07-18T22:29:58","date_gmt":"2021-07-19T01:29:58","guid":{"rendered":"https:\/\/regiaonews.net.br\/2022\/?p=50491"},"modified":"2021-07-18T23:30:18","modified_gmt":"2021-07-19T02:30:18","slug":"presidente-bolsonaro-recebe-alta-e-retorna-brasilia","status":"publish","type":"post","link":"https:\/\/regiaonews.net.br\/2022\/2021\/07\/18\/presidente-bolsonaro-recebe-alta-e-retorna-brasilia\/","title":{"rendered":"Presidente Bolsonaro recebe alta e retorna Bras\u00edlia"},"content":{"rendered":"<p><a href=\"https:\/\/regiaonews.net.br\/2022\/wp-content\/uploads\/2021\/07\/whatsapp_image_2021-07-18_at_11.17.15_2.jpeg\"><img loading=\"lazy\" decoding=\"async\" class=\"alignnone size-medium wp-image-50492\" src=\"https:\/\/regiaonews.net.br\/2022\/wp-content\/uploads\/2021\/07\/whatsapp_image_2021-07-18_at_11.17.15_2-300x179.jpeg\" alt=\"\" width=\"300\" height=\"179\" \/><\/a><\/p>\n<div class=\"col-lg-12 mb-3\">\n<div class=\"row\">\n<h2 class=\"col-10 offset-1 animated fadeInDown dealy-750 display-6 display-md-4 display-lg-5 font-weight-bold alt-font text-center my-1\"><\/h2>\n<\/div>\n<div class=\"row\">\n<p class=\"col-10 offset-1 animated fadeInDown dealy-1100 alt-font font-italic my-2 small text-info text-center\">Fonte &#8211; Ag\u00eancia Brasil<\/p>\n<\/div>\n<\/div>\n<div class=\"col-xl-7 offset-xl-1 col-lg-8 offset-lg-0 col-md-10 offset-md-1 mb-3\">\n<div class=\"post-item alt-font\">\n<div class=\"post-item-wrap\">\n<p>O presidente\u00a0<a href=\"https:\/\/agenciabrasil.ebc.com.br\/politica\/noticia\/2021-07\/presidente-jair-bolsonaro-recebe-alta-medica\" target=\"_blank\" rel=\"noopener\">Jair Bolsonaro recebeu alta na manh\u00e3 deste domingo (18)<\/a>\u00a0e conversou com jornalistas na sa\u00edda do Hospital Vila Nova Star, na zona sul\u00a0de S\u00e3o Paulo. Durante a entrevista, Bolsonaro disse que retorna ao trabalho na Presid\u00eancia amanh\u00e3 (19) e se encontrar\u00e1 com o ministro da Sa\u00fade, Marcelo Queiroga, para tratar da covid-19.<img decoding=\"async\" src=\"https:\/\/agenciabrasil.ebc.com.br\/ebc.png?id=1415746&amp;o=node\" \/><img decoding=\"async\" src=\"https:\/\/agenciabrasil.ebc.com.br\/ebc.gif?id=1415746&amp;o=node\" \/><\/p>\n<p>\u201cN\u00e3o deixei de trabalhar aqui, conversei com v\u00e1rios ministros, paguei miss\u00e3o para v\u00e1rios ministros. Vou pegar o Queiroga amanh\u00e3, vou conversar com ele a quest\u00e3o da covid. Tive acesso a estudo do CDC, Centro de Estudos de Doen\u00e7a dos Estados Unidos, e o que mais mata de covid, em primeiro lugar, \u00e9 quem est\u00e1 com obesidade, em segundo lugar, quem est\u00e1 tomado pelo pavor ou pelo p\u00e2nico. Lembra que eu falava l\u00e1 atr\u00e1s que tem que enfrentar, n\u00e3o tem jeito, quem est\u00e1 com p\u00e2nico ou com pavor, a chance [da covid-19] de evoluir para uma piora grav\u00edssima \u00e9 muito grande\u201d, disse.<\/p>\n<p>O presidente disse que tamb\u00e9m pretende tratar com Queiroga sobre o uso do medicamento proxalutamida contra a covid-19. Ele informou que vai pedir estudos no pa\u00eds sobre o medicamento.<\/p>\n<p>Bolsonaro tamb\u00e9m falou sobre a reuni\u00e3o com os chefes dos Tr\u00eas Poderes, que foi adiada em virtude da interna\u00e7\u00e3o do presidente. Ele disse que o encontro deve ocorrer, e que &#8220;n\u00e3o tem nada de anormal\u201d nessas reuni\u00f5es, que servem para \u201cacertar algumas coisas, trocar uma ideia\u201d.<\/p>\n<p>\u201cO \u00fanico chefe que n\u00e3o tem problema dentro da institui\u00e7\u00e3o sou eu, porque eu tenho ministro que eu nomeio. O ministro [Luiz] Fux tem o Supremo [Tribunal Federal], que ali alguns pensam diferente dele, o [presidente da C\u00e2mara, Arthur] Lira e o [presidente do Senado, Rodrigo] Pacheco tamb\u00e9m, mas n\u00f3s vamos cada vez mais nos acertando em alguma coisa. Isso \u00e9 para o bem do Brasil, e da minha parte, n\u00e3o tem briga, eu sempre fui de paz e amor. Eu respeito integralmente a Constitui\u00e7\u00e3o\u201d, disse o presidente.<\/p>\n<p>O presidente disse que quis ir\u00a0 embora desde o primeiro dia em que foi internado e que espera \u201cdaqui uns 15 dias estar comendo um churrasquinho de costela e qualquer neg\u00f3cio\u201d. \u201cNo resto, a luta continua, o Brasil est\u00e1 a\u00ed e temos muita coisa para resolver.\u201d<\/p>\n<p>Ap\u00f3s a alta, al\u00e9m do acompanhamento m\u00e9dico, o presidente vai ter que seguir uma dieta, mas o pr\u00f3prio Bolsonaro admitiu que \u00e9 um &#8220;p\u00e9ssimo exemplo em se tratando de dieta&#8221;.<\/p>\n<p><a href=\"https:\/\/agenciabrasil.ebc.com.br\/politica\/noticia\/2021-07\/bolsonaro-passa-por-exames-para-investigar-solucos\" target=\"_blank\" rel=\"noopener\">O presidente foi internado na manh\u00e3 do dia 14 no Hospital das For\u00e7as Armadas (HFA)<\/a>, em Bras\u00edlia, com uma crise persistente de solu\u00e7os e mal-estar. Ap\u00f3s exames, Bolsonaro foi diagnosticado com um quadro de obstru\u00e7\u00e3o intestinal.\u00a0<a href=\"https:\/\/agenciabrasil.ebc.com.br\/politica\/noticia\/2021-07\/internado-em-sp-bolsonaro-nao-tem-previsao-de-cirurgia\" target=\"_blank\" rel=\"noopener\">No mesmo dia ele foi transferido para S\u00e3o Paulo<\/a>\u00a0por decis\u00e3o do m\u00e9dico Antonio Luiz Macedo, respons\u00e1vel pelas cirurgias no abd\u00f4men do presidente, e internado no Hospital Vila Nova Star.<\/p>\n<p>O presidente j\u00e1 retornou para Bras\u00edlia.<\/p>\n<\/div>\n<\/div>\n<\/div>\n","protected":false},"excerpt":{"rendered":"<p>Fonte &#8211; Ag\u00eancia Brasil O presidente\u00a0Jair Bolsonaro recebeu alta na<\/p>\n","protected":false},"author":2,"featured_media":50492,"comment_status":"open","ping_status":"open","sticky":false,"template":"","format":"standard","meta":{"footnotes":""},"categories":[25,22,29],"tags":[],"class_list":["post-50491","post","type-post","status-publish","format-standard","has-post-thumbnail","hentry","category-cidades","category-politica","category-sao-paulo"],"yoast_head":"<!-- This site is optimized with the Yoast SEO plugin v27.4 - https:\/\/yoast.com\/product\/yoast-seo-wordpress\/ -->\n<title>Presidente Bolsonaro recebe alta e retorna Bras\u00edlia - Regi\u00e3o News<\/title>\n<meta name=\"robots\" content=\"index, follow, max-snippet:-1, max-image-preview:large, max-video-preview:-1\" \/>\n<link rel=\"canonical\" href=\"https:\/\/regiaonews.net.br\/2022\/2021\/07\/18\/presidente-bolsonaro-recebe-alta-e-retorna-brasilia\/\" \/>\n<meta property=\"og:locale\" content=\"pt_BR\" \/>\n<meta property=\"og:type\" content=\"article\" \/>\n<meta property=\"og:title\" content=\"Presidente Bolsonaro recebe alta e retorna Bras\u00edlia - Regi\u00e3o News\" \/>\n<meta property=\"og:description\" content=\"Fonte &#8211; Ag\u00eancia Brasil O presidente\u00a0Jair Bolsonaro recebeu alta na\" \/>\n<meta property=\"og:url\" content=\"https:\/\/regiaonews.net.br\/2022\/2021\/07\/18\/presidente-bolsonaro-recebe-alta-e-retorna-brasilia\/\" \/>\n<meta property=\"og:site_name\" content=\"Regi\u00e3o News\" \/>\n<meta property=\"article:published_time\" content=\"2021-07-19T01:29:58+00:00\" \/>\n<meta property=\"article:modified_time\" content=\"2021-07-19T02:30:18+00:00\" \/>\n<meta property=\"og:image\" content=\"https:\/\/regiaonews.net.br\/2022\/wp-content\/uploads\/2021\/07\/whatsapp_image_2021-07-18_at_11.17.15_2.jpeg\" \/>\n\t<meta property=\"og:image:width\" content=\"1170\" \/>\n\t<meta property=\"og:image:height\" content=\"700\" \/>\n\t<meta property=\"og:image:type\" content=\"image\/jpeg\" \/>\n<meta name=\"author\" content=\"Roberto\" \/>\n<meta name=\"twitter:card\" content=\"summary_large_image\" \/>\n<meta name=\"twitter:label1\" content=\"Escrito por\" \/>\n\t<meta name=\"twitter:data1\" content=\"Roberto\" \/>\n\t<meta name=\"twitter:label2\" content=\"Est. tempo de leitura\" \/>\n\t<meta name=\"twitter:data2\" content=\"3 minutos\" \/>\n<script type=\"application\/ld+json\" class=\"yoast-schema-graph\">{\"@context\":\"https:\\\/\\\/schema.org\",\"@graph\":[{\"@type\":\"Article\",\"@id\":\"https:\\\/\\\/regiaonews.net.br\\\/2022\\\/2021\\\/07\\\/18\\\/presidente-bolsonaro-recebe-alta-e-retorna-brasilia\\\/#article\",\"isPartOf\":{\"@id\":\"https:\\\/\\\/regiaonews.net.br\\\/2022\\\/2021\\\/07\\\/18\\\/presidente-bolsonaro-recebe-alta-e-retorna-brasilia\\\/\"},\"author\":{\"name\":\"Roberto\",\"@id\":\"https:\\\/\\\/regiaonews.net.br\\\/2022\\\/#\\\/schema\\\/person\\\/2d205a608a5aa97ac279d7a5e6d89ad8\"},\"headline\":\"Presidente Bolsonaro recebe alta e retorna Bras\u00edlia\",\"datePublished\":\"2021-07-19T01:29:58+00:00\",\"dateModified\":\"2021-07-19T02:30:18+00:00\",\"mainEntityOfPage\":{\"@id\":\"https:\\\/\\\/regiaonews.net.br\\\/2022\\\/2021\\\/07\\\/18\\\/presidente-bolsonaro-recebe-alta-e-retorna-brasilia\\\/\"},\"wordCount\":519,\"commentCount\":0,\"publisher\":{\"@id\":\"https:\\\/\\\/regiaonews.net.br\\\/2022\\\/#organization\"},\"image\":{\"@id\":\"https:\\\/\\\/regiaonews.net.br\\\/2022\\\/2021\\\/07\\\/18\\\/presidente-bolsonaro-recebe-alta-e-retorna-brasilia\\\/#primaryimage\"},\"thumbnailUrl\":\"https:\\\/\\\/regiaonews.net.br\\\/2022\\\/wp-content\\\/uploads\\\/2021\\\/07\\\/whatsapp_image_2021-07-18_at_11.17.15_2.jpeg\",\"articleSection\":[\"Cidades\",\"Pol\u00edtica\",\"S\u00e3o Paulo\"],\"inLanguage\":\"pt-BR\",\"potentialAction\":[{\"@type\":\"CommentAction\",\"name\":\"Comment\",\"target\":[\"https:\\\/\\\/regiaonews.net.br\\\/2022\\\/2021\\\/07\\\/18\\\/presidente-bolsonaro-recebe-alta-e-retorna-brasilia\\\/#respond\"]}]},{\"@type\":\"WebPage\",\"@id\":\"https:\\\/\\\/regiaonews.net.br\\\/2022\\\/2021\\\/07\\\/18\\\/presidente-bolsonaro-recebe-alta-e-retorna-brasilia\\\/\",\"url\":\"https:\\\/\\\/regiaonews.net.br\\\/2022\\\/2021\\\/07\\\/18\\\/presidente-bolsonaro-recebe-alta-e-retorna-brasilia\\\/\",\"name\":\"Presidente Bolsonaro recebe alta e retorna Bras\u00edlia - Regi\u00e3o News\",\"isPartOf\":{\"@id\":\"https:\\\/\\\/regiaonews.net.br\\\/2022\\\/#website\"},\"primaryImageOfPage\":{\"@id\":\"https:\\\/\\\/regiaonews.net.br\\\/2022\\\/2021\\\/07\\\/18\\\/presidente-bolsonaro-recebe-alta-e-retorna-brasilia\\\/#primaryimage\"},\"image\":{\"@id\":\"https:\\\/\\\/regiaonews.net.br\\\/2022\\\/2021\\\/07\\\/18\\\/presidente-bolsonaro-recebe-alta-e-retorna-brasilia\\\/#primaryimage\"},\"thumbnailUrl\":\"https:\\\/\\\/regiaonews.net.br\\\/2022\\\/wp-content\\\/uploads\\\/2021\\\/07\\\/whatsapp_image_2021-07-18_at_11.17.15_2.jpeg\",\"datePublished\":\"2021-07-19T01:29:58+00:00\",\"dateModified\":\"2021-07-19T02:30:18+00:00\",\"breadcrumb\":{\"@id\":\"https:\\\/\\\/regiaonews.net.br\\\/2022\\\/2021\\\/07\\\/18\\\/presidente-bolsonaro-recebe-alta-e-retorna-brasilia\\\/#breadcrumb\"},\"inLanguage\":\"pt-BR\",\"potentialAction\":[{\"@type\":\"ReadAction\",\"target\":[\"https:\\\/\\\/regiaonews.net.br\\\/2022\\\/2021\\\/07\\\/18\\\/presidente-bolsonaro-recebe-alta-e-retorna-brasilia\\\/\"]}]},{\"@type\":\"ImageObject\",\"inLanguage\":\"pt-BR\",\"@id\":\"https:\\\/\\\/regiaonews.net.br\\\/2022\\\/2021\\\/07\\\/18\\\/presidente-bolsonaro-recebe-alta-e-retorna-brasilia\\\/#primaryimage\",\"url\":\"https:\\\/\\\/regiaonews.net.br\\\/2022\\\/wp-content\\\/uploads\\\/2021\\\/07\\\/whatsapp_image_2021-07-18_at_11.17.15_2.jpeg\",\"contentUrl\":\"https:\\\/\\\/regiaonews.net.br\\\/2022\\\/wp-content\\\/uploads\\\/2021\\\/07\\\/whatsapp_image_2021-07-18_at_11.17.15_2.jpeg\",\"width\":1170,\"height\":700},{\"@type\":\"BreadcrumbList\",\"@id\":\"https:\\\/\\\/regiaonews.net.br\\\/2022\\\/2021\\\/07\\\/18\\\/presidente-bolsonaro-recebe-alta-e-retorna-brasilia\\\/#breadcrumb\",\"itemListElement\":[{\"@type\":\"ListItem\",\"position\":1,\"name\":\"In\u00edcio\",\"item\":\"https:\\\/\\\/regiaonews.net.br\\\/2022\\\/\"},{\"@type\":\"ListItem\",\"position\":2,\"name\":\"Presidente Bolsonaro recebe alta e retorna Bras\u00edlia\"}]},{\"@type\":\"WebSite\",\"@id\":\"https:\\\/\\\/regiaonews.net.br\\\/2022\\\/#website\",\"url\":\"https:\\\/\\\/regiaonews.net.br\\\/2022\\\/\",\"name\":\"Regi\u00e3o News\",\"description\":\"Site de Not\u00edcias de Barretos e regi\u00e3o\",\"publisher\":{\"@id\":\"https:\\\/\\\/regiaonews.net.br\\\/2022\\\/#organization\"},\"potentialAction\":[{\"@type\":\"SearchAction\",\"target\":{\"@type\":\"EntryPoint\",\"urlTemplate\":\"https:\\\/\\\/regiaonews.net.br\\\/2022\\\/?s={search_term_string}\"},\"query-input\":{\"@type\":\"PropertyValueSpecification\",\"valueRequired\":true,\"valueName\":\"search_term_string\"}}],\"inLanguage\":\"pt-BR\"},{\"@type\":\"Organization\",\"@id\":\"https:\\\/\\\/regiaonews.net.br\\\/2022\\\/#organization\",\"name\":\"Regi\u00e3o News\",\"url\":\"https:\\\/\\\/regiaonews.net.br\\\/2022\\\/\",\"logo\":{\"@type\":\"ImageObject\",\"inLanguage\":\"pt-BR\",\"@id\":\"https:\\\/\\\/regiaonews.net.br\\\/2022\\\/#\\\/schema\\\/logo\\\/image\\\/\",\"url\":\"https:\\\/\\\/regiaonews.net.br\\\/2022\\\/wp-content\\\/uploads\\\/2026\\\/03\\\/regiao-13-anos-scaled.jpg\",\"contentUrl\":\"https:\\\/\\\/regiaonews.net.br\\\/2022\\\/wp-content\\\/uploads\\\/2026\\\/03\\\/regiao-13-anos-scaled.jpg\",\"width\":2560,\"height\":635,\"caption\":\"Regi\u00e3o News\"},\"image\":{\"@id\":\"https:\\\/\\\/regiaonews.net.br\\\/2022\\\/#\\\/schema\\\/logo\\\/image\\\/\"}},{\"@type\":\"Person\",\"@id\":\"https:\\\/\\\/regiaonews.net.br\\\/2022\\\/#\\\/schema\\\/person\\\/2d205a608a5aa97ac279d7a5e6d89ad8\",\"name\":\"Roberto\",\"image\":{\"@type\":\"ImageObject\",\"inLanguage\":\"pt-BR\",\"@id\":\"https:\\\/\\\/secure.gravatar.com\\\/avatar\\\/42749d8b712ff9d59ca93dc150494e5b55a44134482993f5baeb97e61b7ecc89?s=96&d=mm&r=g\",\"url\":\"https:\\\/\\\/secure.gravatar.com\\\/avatar\\\/42749d8b712ff9d59ca93dc150494e5b55a44134482993f5baeb97e61b7ecc89?s=96&d=mm&r=g\",\"contentUrl\":\"https:\\\/\\\/secure.gravatar.com\\\/avatar\\\/42749d8b712ff9d59ca93dc150494e5b55a44134482993f5baeb97e61b7ecc89?s=96&d=mm&r=g\",\"caption\":\"Roberto\"},\"url\":\"https:\\\/\\\/regiaonews.net.br\\\/2022\\\/author\\\/roberto\\\/\"}]}<\/script>\n<!-- \/ Yoast SEO plugin. -->","yoast_head_json":{"title":"Presidente Bolsonaro recebe alta e retorna Bras\u00edlia - Regi\u00e3o News","robots":{"index":"index","follow":"follow","max-snippet":"max-snippet:-1","max-image-preview":"max-image-preview:large","max-video-preview":"max-video-preview:-1"},"canonical":"https:\/\/regiaonews.net.br\/2022\/2021\/07\/18\/presidente-bolsonaro-recebe-alta-e-retorna-brasilia\/","og_locale":"pt_BR","og_type":"article","og_title":"Presidente Bolsonaro recebe alta e retorna Bras\u00edlia - Regi\u00e3o News","og_description":"Fonte &#8211; Ag\u00eancia Brasil O presidente\u00a0Jair Bolsonaro recebeu alta na","og_url":"https:\/\/regiaonews.net.br\/2022\/2021\/07\/18\/presidente-bolsonaro-recebe-alta-e-retorna-brasilia\/","og_site_name":"Regi\u00e3o News","article_published_time":"2021-07-19T01:29:58+00:00","article_modified_time":"2021-07-19T02:30:18+00:00","og_image":[{"width":1170,"height":700,"url":"https:\/\/regiaonews.net.br\/2022\/wp-content\/uploads\/2021\/07\/whatsapp_image_2021-07-18_at_11.17.15_2.jpeg","type":"image\/jpeg"}],"author":"Roberto","twitter_card":"summary_large_image","twitter_misc":{"Escrito por":"Roberto","Est. tempo de leitura":"3 minutos"},"schema":{"@context":"https:\/\/schema.org","@graph":[{"@type":"Article","@id":"https:\/\/regiaonews.net.br\/2022\/2021\/07\/18\/presidente-bolsonaro-recebe-alta-e-retorna-brasilia\/#article","isPartOf":{"@id":"https:\/\/regiaonews.net.br\/2022\/2021\/07\/18\/presidente-bolsonaro-recebe-alta-e-retorna-brasilia\/"},"author":{"name":"Roberto","@id":"https:\/\/regiaonews.net.br\/2022\/#\/schema\/person\/2d205a608a5aa97ac279d7a5e6d89ad8"},"headline":"Presidente Bolsonaro recebe alta e retorna Bras\u00edlia","datePublished":"2021-07-19T01:29:58+00:00","dateModified":"2021-07-19T02:30:18+00:00","mainEntityOfPage":{"@id":"https:\/\/regiaonews.net.br\/2022\/2021\/07\/18\/presidente-bolsonaro-recebe-alta-e-retorna-brasilia\/"},"wordCount":519,"commentCount":0,"publisher":{"@id":"https:\/\/regiaonews.net.br\/2022\/#organization"},"image":{"@id":"https:\/\/regiaonews.net.br\/2022\/2021\/07\/18\/presidente-bolsonaro-recebe-alta-e-retorna-brasilia\/#primaryimage"},"thumbnailUrl":"https:\/\/regiaonews.net.br\/2022\/wp-content\/uploads\/2021\/07\/whatsapp_image_2021-07-18_at_11.17.15_2.jpeg","articleSection":["Cidades","Pol\u00edtica","S\u00e3o Paulo"],"inLanguage":"pt-BR","potentialAction":[{"@type":"CommentAction","name":"Comment","target":["https:\/\/regiaonews.net.br\/2022\/2021\/07\/18\/presidente-bolsonaro-recebe-alta-e-retorna-brasilia\/#respond"]}]},{"@type":"WebPage","@id":"https:\/\/regiaonews.net.br\/2022\/2021\/07\/18\/presidente-bolsonaro-recebe-alta-e-retorna-brasilia\/","url":"https:\/\/regiaonews.net.br\/2022\/2021\/07\/18\/presidente-bolsonaro-recebe-alta-e-retorna-brasilia\/","name":"Presidente Bolsonaro recebe alta e retorna Bras\u00edlia - Regi\u00e3o News","isPartOf":{"@id":"https:\/\/regiaonews.net.br\/2022\/#website"},"primaryImageOfPage":{"@id":"https:\/\/regiaonews.net.br\/2022\/2021\/07\/18\/presidente-bolsonaro-recebe-alta-e-retorna-brasilia\/#primaryimage"},"image":{"@id":"https:\/\/regiaonews.net.br\/2022\/2021\/07\/18\/presidente-bolsonaro-recebe-alta-e-retorna-brasilia\/#primaryimage"},"thumbnailUrl":"https:\/\/regiaonews.net.br\/2022\/wp-content\/uploads\/2021\/07\/whatsapp_image_2021-07-18_at_11.17.15_2.jpeg","datePublished":"2021-07-19T01:29:58+00:00","dateModified":"2021-07-19T02:30:18+00:00","breadcrumb":{"@id":"https:\/\/regiaonews.net.br\/2022\/2021\/07\/18\/presidente-bolsonaro-recebe-alta-e-retorna-brasilia\/#breadcrumb"},"inLanguage":"pt-BR","potentialAction":[{"@type":"ReadAction","target":["https:\/\/regiaonews.net.br\/2022\/2021\/07\/18\/presidente-bolsonaro-recebe-alta-e-retorna-brasilia\/"]}]},{"@type":"ImageObject","inLanguage":"pt-BR","@id":"https:\/\/regiaonews.net.br\/2022\/2021\/07\/18\/presidente-bolsonaro-recebe-alta-e-retorna-brasilia\/#primaryimage","url":"https:\/\/regiaonews.net.br\/2022\/wp-content\/uploads\/2021\/07\/whatsapp_image_2021-07-18_at_11.17.15_2.jpeg","contentUrl":"https:\/\/regiaonews.net.br\/2022\/wp-content\/uploads\/2021\/07\/whatsapp_image_2021-07-18_at_11.17.15_2.jpeg","width":1170,"height":700},{"@type":"BreadcrumbList","@id":"https:\/\/regiaonews.net.br\/2022\/2021\/07\/18\/presidente-bolsonaro-recebe-alta-e-retorna-brasilia\/#breadcrumb","itemListElement":[{"@type":"ListItem","position":1,"name":"In\u00edcio","item":"https:\/\/regiaonews.net.br\/2022\/"},{"@type":"ListItem","position":2,"name":"Presidente Bolsonaro recebe alta e retorna Bras\u00edlia"}]},{"@type":"WebSite","@id":"https:\/\/regiaonews.net.br\/2022\/#website","url":"https:\/\/regiaonews.net.br\/2022\/","name":"Regi\u00e3o News","description":"Site de Not\u00edcias de Barretos e regi\u00e3o","publisher":{"@id":"https:\/\/regiaonews.net.br\/2022\/#organization"},"potentialAction":[{"@type":"SearchAction","target":{"@type":"EntryPoint","urlTemplate":"https:\/\/regiaonews.net.br\/2022\/?s={search_term_string}"},"query-input":{"@type":"PropertyValueSpecification","valueRequired":true,"valueName":"search_term_string"}}],"inLanguage":"pt-BR"},{"@type":"Organization","@id":"https:\/\/regiaonews.net.br\/2022\/#organization","name":"Regi\u00e3o News","url":"https:\/\/regiaonews.net.br\/2022\/","logo":{"@type":"ImageObject","inLanguage":"pt-BR","@id":"https:\/\/regiaonews.net.br\/2022\/#\/schema\/logo\/image\/","url":"https:\/\/regiaonews.net.br\/2022\/wp-content\/uploads\/2026\/03\/regiao-13-anos-scaled.jpg","contentUrl":"https:\/\/regiaonews.net.br\/2022\/wp-content\/uploads\/2026\/03\/regiao-13-anos-scaled.jpg","width":2560,"height":635,"caption":"Regi\u00e3o News"},"image":{"@id":"https:\/\/regiaonews.net.br\/2022\/#\/schema\/logo\/image\/"}},{"@type":"Person","@id":"https:\/\/regiaonews.net.br\/2022\/#\/schema\/person\/2d205a608a5aa97ac279d7a5e6d89ad8","name":"Roberto","image":{"@type":"ImageObject","inLanguage":"pt-BR","@id":"https:\/\/secure.gravatar.com\/avatar\/42749d8b712ff9d59ca93dc150494e5b55a44134482993f5baeb97e61b7ecc89?s=96&d=mm&r=g","url":"https:\/\/secure.gravatar.com\/avatar\/42749d8b712ff9d59ca93dc150494e5b55a44134482993f5baeb97e61b7ecc89?s=96&d=mm&r=g","contentUrl":"https:\/\/secure.gravatar.com\/avatar\/42749d8b712ff9d59ca93dc150494e5b55a44134482993f5baeb97e61b7ecc89?s=96&d=mm&r=g","caption":"Roberto"},"url":"https:\/\/regiaonews.net.br\/2022\/author\/roberto\/"}]}},"publishpress_future_action":{"enabled":false,"date":"2026-05-02 06:51:29","action":"change-status","newStatus":"draft","terms":[],"taxonomy":"category","extraData":[]},"publishpress_future_workflow_manual_trigger":{"enabledWorkflows":[]},"_links":{"self":[{"href":"https:\/\/regiaonews.net.br\/2022\/wp-json\/wp\/v2\/posts\/50491","targetHints":{"allow":["GET"]}}],"collection":[{"href":"https:\/\/regiaonews.net.br\/2022\/wp-json\/wp\/v2\/posts"}],"about":[{"href":"https:\/\/regiaonews.net.br\/2022\/wp-json\/wp\/v2\/types\/post"}],"author":[{"embeddable":true,"href":"https:\/\/regiaonews.net.br\/2022\/wp-json\/wp\/v2\/users\/2"}],"replies":[{"embeddable":true,"href":"https:\/\/regiaonews.net.br\/2022\/wp-json\/wp\/v2\/comments?post=50491"}],"version-history":[{"count":0,"href":"https:\/\/regiaonews.net.br\/2022\/wp-json\/wp\/v2\/posts\/50491\/revisions"}],"wp:featuredmedia":[{"embeddable":true,"href":"https:\/\/regiaonews.net.br\/2022\/wp-json\/wp\/v2\/media\/50492"}],"wp:attachment":[{"href":"https:\/\/regiaonews.net.br\/2022\/wp-json\/wp\/v2\/media?parent=50491"}],"wp:term":[{"taxonomy":"category","embeddable":true,"href":"https:\/\/regiaonews.net.br\/2022\/wp-json\/wp\/v2\/categories?post=50491"},{"taxonomy":"post_tag","embeddable":true,"href":"https:\/\/regiaonews.net.br\/2022\/wp-json\/wp\/v2\/tags?post=50491"}],"curies":[{"name":"wp","href":"https:\/\/api.w.org\/{rel}","templated":true}]}}