{"id":50444,"date":"2021-07-17T21:27:31","date_gmt":"2021-07-18T00:27:31","guid":{"rendered":"https:\/\/regiaonews.net.br\/2022\/?p=50444"},"modified":"2021-07-17T21:27:31","modified_gmt":"2021-07-18T00:27:31","slug":"corinthians-sai-na-frente-mas-leva-a-virada-para-o-atletico-mg","status":"publish","type":"post","link":"https:\/\/regiaonews.net.br\/2022\/2021\/07\/17\/corinthians-sai-na-frente-mas-leva-a-virada-para-o-atletico-mg\/","title":{"rendered":"Corinthians sai na frente, mas leva a virada para o Atl\u00e9tico-MG"},"content":{"rendered":"<p><a href=\"https:\/\/regiaonews.net.br\/2022\/wp-content\/uploads\/2021\/07\/corinthians.jpg\"><img loading=\"lazy\" decoding=\"async\" class=\"alignnone size-medium wp-image-50445\" src=\"https:\/\/regiaonews.net.br\/2022\/wp-content\/uploads\/2021\/07\/corinthians-300x234.jpg\" alt=\"\" width=\"300\" height=\"234\" \/><\/a><\/p>\n<p>Foto &#8211; Pedro Souza &#8211; Atl\u00e9tico MG<\/p>\n<div class=\"wrapper\">\n<div class=\"row col-equal-h clear\">\n<div class=\"post col-md-9 col-sm-12\">Pela 12\u00aa rodada do Campeonato Brasileiro, o Corinthians recebeu o Atl\u00e9tico-MG na Neo Quimica Arena, em S\u00e3o Paulo, e foi derrotado, por 2 a 1, na noite deste s\u00e1bado (17). Gustavo Mosquito abriu o placar para o time paulista, mas Hulk marcou duas vezes e garantiu a vit\u00f3ria dos mineiros.<\/p>\n<p>Com o resultado, o Corinthians permanece na 12\u00aa coloca\u00e7\u00e3o com 15 pontos. O Atl\u00e9tico assume a vice-lideran\u00e7a, empatado em 25 pontos com o Palmeiras, que ainda joga na rodada.<\/p>\n<p>O Corinthians come\u00e7ou a partida esperando o Atl\u00e9tico-MG e dando espa\u00e7o para o advers\u00e1rio. O time visitante, n\u00e3o conseguiu passar da defesa corintiana. No final da primeira etapa, em contra-ataque, Gustavo Mosquito abriu o placar para o Corinthians em um primeiro tempo de poucas finaliza\u00e7\u00f5es.<\/p>\n<p>Na segunda etapa, o Atl\u00e9tico foi mais eficiente ao chegar no campo ofensivo. Com mais chances criadas, os atleticanos chegaram ao gol de empate aos 18 minutos, em linda cobran\u00e7a de falta do atacante Hulk. O Corinthians buscou o gol da vit\u00f3ria e quase encontrou no final do jogo, quando J\u00f4 finalizou, mas Everson defendeu. A bola sobrou para o centroavante, que, sem goleiro, acertou a trave.<\/p>\n<p>At\u00e9 que aos 41 minutos, Hulk recebeu passe na entrada da \u00e1rea e finalizou de primeira para virar o placar para o Atl\u00e9tico-MG.<\/p>\n<p>Na pr\u00f3xima rodada, o Corinthians enfrentar\u00e1 o Cuiab\u00e1, segunda-feira (26), \u00e0s 20h, na Arena Pantanal. J\u00e1 o Atl\u00e9tico, recebe o Bahia, domingo (25), \u00e0s 11h, no Mineir\u00e3o.<\/p><\/div>\n<div class=\"ultimas-noticias col-md-3 col-sm-12\">\n<div class=\"row\">\n<div class=\"container\">\n<div id=\"div_noticias_recentes\">\n<div class=\"col-sm-12 linha-noticia\">\n<div class=\"chamada\">\n<h3><\/h3>\n<\/div>\n<\/div>\n<\/div>\n<\/div>\n<\/div>\n<\/div>\n<\/div>\n<section class=\"noticias\">\n<div class=\"galeria wrapper\">\n<div class=\"row\">\n<div class=\"col-sm-9\"><\/div>\n<\/div>\n<\/div>\n<\/section>\n<\/div>\n<section class=\"noticias-relacionadas\">\n<div class=\"wrapper\"><\/div>\n<\/section>\n","protected":false},"excerpt":{"rendered":"<p>Foto &#8211; Pedro Souza &#8211; Atl\u00e9tico MG Pela 12\u00aa rodada<\/p>\n","protected":false},"author":2,"featured_media":50445,"comment_status":"open","ping_status":"open","sticky":false,"template":"","format":"standard","meta":{"footnotes":""},"categories":[25,21,29],"tags":[],"class_list":["post-50444","post","type-post","status-publish","format-standard","has-post-thumbnail","hentry","category-cidades","category-esporte","category-sao-paulo"],"yoast_head":"<!-- This site is optimized with the Yoast SEO plugin v27.4 - https:\/\/yoast.com\/product\/yoast-seo-wordpress\/ -->\n<title>Corinthians sai na frente, mas leva a virada para o Atl\u00e9tico-MG - Regi\u00e3o News<\/title>\n<meta name=\"robots\" content=\"index, follow, max-snippet:-1, max-image-preview:large, max-video-preview:-1\" \/>\n<link rel=\"canonical\" href=\"https:\/\/regiaonews.net.br\/2022\/2021\/07\/17\/corinthians-sai-na-frente-mas-leva-a-virada-para-o-atletico-mg\/\" \/>\n<meta property=\"og:locale\" content=\"pt_BR\" \/>\n<meta property=\"og:type\" content=\"article\" \/>\n<meta property=\"og:title\" content=\"Corinthians sai na frente, mas leva a virada para o Atl\u00e9tico-MG - Regi\u00e3o News\" \/>\n<meta property=\"og:description\" content=\"Foto &#8211; Pedro Souza &#8211; Atl\u00e9tico MG Pela 12\u00aa rodada\" \/>\n<meta property=\"og:url\" content=\"https:\/\/regiaonews.net.br\/2022\/2021\/07\/17\/corinthians-sai-na-frente-mas-leva-a-virada-para-o-atletico-mg\/\" \/>\n<meta property=\"og:site_name\" content=\"Regi\u00e3o News\" \/>\n<meta property=\"article:published_time\" content=\"2021-07-18T00:27:31+00:00\" \/>\n<meta property=\"og:image\" content=\"https:\/\/regiaonews.net.br\/2022\/wp-content\/uploads\/2021\/07\/corinthians.jpg\" \/>\n\t<meta property=\"og:image:width\" content=\"689\" \/>\n\t<meta property=\"og:image:height\" content=\"537\" \/>\n\t<meta property=\"og:image:type\" content=\"image\/jpeg\" \/>\n<meta name=\"author\" content=\"Roberto\" \/>\n<meta name=\"twitter:card\" content=\"summary_large_image\" \/>\n<meta name=\"twitter:label1\" content=\"Escrito por\" \/>\n\t<meta name=\"twitter:data1\" content=\"Roberto\" \/>\n\t<meta name=\"twitter:label2\" content=\"Est. tempo de leitura\" \/>\n\t<meta name=\"twitter:data2\" content=\"1 minuto\" \/>\n<script type=\"application\/ld+json\" class=\"yoast-schema-graph\">{\"@context\":\"https:\\\/\\\/schema.org\",\"@graph\":[{\"@type\":\"Article\",\"@id\":\"https:\\\/\\\/regiaonews.net.br\\\/2022\\\/2021\\\/07\\\/17\\\/corinthians-sai-na-frente-mas-leva-a-virada-para-o-atletico-mg\\\/#article\",\"isPartOf\":{\"@id\":\"https:\\\/\\\/regiaonews.net.br\\\/2022\\\/2021\\\/07\\\/17\\\/corinthians-sai-na-frente-mas-leva-a-virada-para-o-atletico-mg\\\/\"},\"author\":{\"name\":\"Roberto\",\"@id\":\"https:\\\/\\\/regiaonews.net.br\\\/2022\\\/#\\\/schema\\\/person\\\/2d205a608a5aa97ac279d7a5e6d89ad8\"},\"headline\":\"Corinthians sai na frente, mas leva a virada para o Atl\u00e9tico-MG\",\"datePublished\":\"2021-07-18T00:27:31+00:00\",\"mainEntityOfPage\":{\"@id\":\"https:\\\/\\\/regiaonews.net.br\\\/2022\\\/2021\\\/07\\\/17\\\/corinthians-sai-na-frente-mas-leva-a-virada-para-o-atletico-mg\\\/\"},\"wordCount\":270,\"commentCount\":0,\"publisher\":{\"@id\":\"https:\\\/\\\/regiaonews.net.br\\\/2022\\\/#organization\"},\"image\":{\"@id\":\"https:\\\/\\\/regiaonews.net.br\\\/2022\\\/2021\\\/07\\\/17\\\/corinthians-sai-na-frente-mas-leva-a-virada-para-o-atletico-mg\\\/#primaryimage\"},\"thumbnailUrl\":\"https:\\\/\\\/regiaonews.net.br\\\/2022\\\/wp-content\\\/uploads\\\/2021\\\/07\\\/corinthians.jpg\",\"articleSection\":[\"Cidades\",\"Esporte\",\"S\u00e3o Paulo\"],\"inLanguage\":\"pt-BR\",\"potentialAction\":[{\"@type\":\"CommentAction\",\"name\":\"Comment\",\"target\":[\"https:\\\/\\\/regiaonews.net.br\\\/2022\\\/2021\\\/07\\\/17\\\/corinthians-sai-na-frente-mas-leva-a-virada-para-o-atletico-mg\\\/#respond\"]}]},{\"@type\":\"WebPage\",\"@id\":\"https:\\\/\\\/regiaonews.net.br\\\/2022\\\/2021\\\/07\\\/17\\\/corinthians-sai-na-frente-mas-leva-a-virada-para-o-atletico-mg\\\/\",\"url\":\"https:\\\/\\\/regiaonews.net.br\\\/2022\\\/2021\\\/07\\\/17\\\/corinthians-sai-na-frente-mas-leva-a-virada-para-o-atletico-mg\\\/\",\"name\":\"Corinthians sai na frente, mas leva a virada para o Atl\u00e9tico-MG - Regi\u00e3o News\",\"isPartOf\":{\"@id\":\"https:\\\/\\\/regiaonews.net.br\\\/2022\\\/#website\"},\"primaryImageOfPage\":{\"@id\":\"https:\\\/\\\/regiaonews.net.br\\\/2022\\\/2021\\\/07\\\/17\\\/corinthians-sai-na-frente-mas-leva-a-virada-para-o-atletico-mg\\\/#primaryimage\"},\"image\":{\"@id\":\"https:\\\/\\\/regiaonews.net.br\\\/2022\\\/2021\\\/07\\\/17\\\/corinthians-sai-na-frente-mas-leva-a-virada-para-o-atletico-mg\\\/#primaryimage\"},\"thumbnailUrl\":\"https:\\\/\\\/regiaonews.net.br\\\/2022\\\/wp-content\\\/uploads\\\/2021\\\/07\\\/corinthians.jpg\",\"datePublished\":\"2021-07-18T00:27:31+00:00\",\"breadcrumb\":{\"@id\":\"https:\\\/\\\/regiaonews.net.br\\\/2022\\\/2021\\\/07\\\/17\\\/corinthians-sai-na-frente-mas-leva-a-virada-para-o-atletico-mg\\\/#breadcrumb\"},\"inLanguage\":\"pt-BR\",\"potentialAction\":[{\"@type\":\"ReadAction\",\"target\":[\"https:\\\/\\\/regiaonews.net.br\\\/2022\\\/2021\\\/07\\\/17\\\/corinthians-sai-na-frente-mas-leva-a-virada-para-o-atletico-mg\\\/\"]}]},{\"@type\":\"ImageObject\",\"inLanguage\":\"pt-BR\",\"@id\":\"https:\\\/\\\/regiaonews.net.br\\\/2022\\\/2021\\\/07\\\/17\\\/corinthians-sai-na-frente-mas-leva-a-virada-para-o-atletico-mg\\\/#primaryimage\",\"url\":\"https:\\\/\\\/regiaonews.net.br\\\/2022\\\/wp-content\\\/uploads\\\/2021\\\/07\\\/corinthians.jpg\",\"contentUrl\":\"https:\\\/\\\/regiaonews.net.br\\\/2022\\\/wp-content\\\/uploads\\\/2021\\\/07\\\/corinthians.jpg\",\"width\":689,\"height\":537},{\"@type\":\"BreadcrumbList\",\"@id\":\"https:\\\/\\\/regiaonews.net.br\\\/2022\\\/2021\\\/07\\\/17\\\/corinthians-sai-na-frente-mas-leva-a-virada-para-o-atletico-mg\\\/#breadcrumb\",\"itemListElement\":[{\"@type\":\"ListItem\",\"position\":1,\"name\":\"In\u00edcio\",\"item\":\"https:\\\/\\\/regiaonews.net.br\\\/2022\\\/\"},{\"@type\":\"ListItem\",\"position\":2,\"name\":\"Corinthians sai na frente, mas leva a virada para o Atl\u00e9tico-MG\"}]},{\"@type\":\"WebSite\",\"@id\":\"https:\\\/\\\/regiaonews.net.br\\\/2022\\\/#website\",\"url\":\"https:\\\/\\\/regiaonews.net.br\\\/2022\\\/\",\"name\":\"Regi\u00e3o News\",\"description\":\"Site de Not\u00edcias de Barretos e regi\u00e3o\",\"publisher\":{\"@id\":\"https:\\\/\\\/regiaonews.net.br\\\/2022\\\/#organization\"},\"potentialAction\":[{\"@type\":\"SearchAction\",\"target\":{\"@type\":\"EntryPoint\",\"urlTemplate\":\"https:\\\/\\\/regiaonews.net.br\\\/2022\\\/?s={search_term_string}\"},\"query-input\":{\"@type\":\"PropertyValueSpecification\",\"valueRequired\":true,\"valueName\":\"search_term_string\"}}],\"inLanguage\":\"pt-BR\"},{\"@type\":\"Organization\",\"@id\":\"https:\\\/\\\/regiaonews.net.br\\\/2022\\\/#organization\",\"name\":\"Regi\u00e3o News\",\"url\":\"https:\\\/\\\/regiaonews.net.br\\\/2022\\\/\",\"logo\":{\"@type\":\"ImageObject\",\"inLanguage\":\"pt-BR\",\"@id\":\"https:\\\/\\\/regiaonews.net.br\\\/2022\\\/#\\\/schema\\\/logo\\\/image\\\/\",\"url\":\"https:\\\/\\\/regiaonews.net.br\\\/2022\\\/wp-content\\\/uploads\\\/2026\\\/03\\\/regiao-13-anos-scaled.jpg\",\"contentUrl\":\"https:\\\/\\\/regiaonews.net.br\\\/2022\\\/wp-content\\\/uploads\\\/2026\\\/03\\\/regiao-13-anos-scaled.jpg\",\"width\":2560,\"height\":635,\"caption\":\"Regi\u00e3o News\"},\"image\":{\"@id\":\"https:\\\/\\\/regiaonews.net.br\\\/2022\\\/#\\\/schema\\\/logo\\\/image\\\/\"}},{\"@type\":\"Person\",\"@id\":\"https:\\\/\\\/regiaonews.net.br\\\/2022\\\/#\\\/schema\\\/person\\\/2d205a608a5aa97ac279d7a5e6d89ad8\",\"name\":\"Roberto\",\"image\":{\"@type\":\"ImageObject\",\"inLanguage\":\"pt-BR\",\"@id\":\"https:\\\/\\\/secure.gravatar.com\\\/avatar\\\/42749d8b712ff9d59ca93dc150494e5b55a44134482993f5baeb97e61b7ecc89?s=96&d=mm&r=g\",\"url\":\"https:\\\/\\\/secure.gravatar.com\\\/avatar\\\/42749d8b712ff9d59ca93dc150494e5b55a44134482993f5baeb97e61b7ecc89?s=96&d=mm&r=g\",\"contentUrl\":\"https:\\\/\\\/secure.gravatar.com\\\/avatar\\\/42749d8b712ff9d59ca93dc150494e5b55a44134482993f5baeb97e61b7ecc89?s=96&d=mm&r=g\",\"caption\":\"Roberto\"},\"url\":\"https:\\\/\\\/regiaonews.net.br\\\/2022\\\/author\\\/roberto\\\/\"}]}<\/script>\n<!-- \/ Yoast SEO plugin. -->","yoast_head_json":{"title":"Corinthians sai na frente, mas leva a virada para o Atl\u00e9tico-MG - Regi\u00e3o News","robots":{"index":"index","follow":"follow","max-snippet":"max-snippet:-1","max-image-preview":"max-image-preview:large","max-video-preview":"max-video-preview:-1"},"canonical":"https:\/\/regiaonews.net.br\/2022\/2021\/07\/17\/corinthians-sai-na-frente-mas-leva-a-virada-para-o-atletico-mg\/","og_locale":"pt_BR","og_type":"article","og_title":"Corinthians sai na frente, mas leva a virada para o Atl\u00e9tico-MG - Regi\u00e3o News","og_description":"Foto &#8211; Pedro Souza &#8211; Atl\u00e9tico MG Pela 12\u00aa rodada","og_url":"https:\/\/regiaonews.net.br\/2022\/2021\/07\/17\/corinthians-sai-na-frente-mas-leva-a-virada-para-o-atletico-mg\/","og_site_name":"Regi\u00e3o News","article_published_time":"2021-07-18T00:27:31+00:00","og_image":[{"width":689,"height":537,"url":"https:\/\/regiaonews.net.br\/2022\/wp-content\/uploads\/2021\/07\/corinthians.jpg","type":"image\/jpeg"}],"author":"Roberto","twitter_card":"summary_large_image","twitter_misc":{"Escrito por":"Roberto","Est. tempo de leitura":"1 minuto"},"schema":{"@context":"https:\/\/schema.org","@graph":[{"@type":"Article","@id":"https:\/\/regiaonews.net.br\/2022\/2021\/07\/17\/corinthians-sai-na-frente-mas-leva-a-virada-para-o-atletico-mg\/#article","isPartOf":{"@id":"https:\/\/regiaonews.net.br\/2022\/2021\/07\/17\/corinthians-sai-na-frente-mas-leva-a-virada-para-o-atletico-mg\/"},"author":{"name":"Roberto","@id":"https:\/\/regiaonews.net.br\/2022\/#\/schema\/person\/2d205a608a5aa97ac279d7a5e6d89ad8"},"headline":"Corinthians sai na frente, mas leva a virada para o Atl\u00e9tico-MG","datePublished":"2021-07-18T00:27:31+00:00","mainEntityOfPage":{"@id":"https:\/\/regiaonews.net.br\/2022\/2021\/07\/17\/corinthians-sai-na-frente-mas-leva-a-virada-para-o-atletico-mg\/"},"wordCount":270,"commentCount":0,"publisher":{"@id":"https:\/\/regiaonews.net.br\/2022\/#organization"},"image":{"@id":"https:\/\/regiaonews.net.br\/2022\/2021\/07\/17\/corinthians-sai-na-frente-mas-leva-a-virada-para-o-atletico-mg\/#primaryimage"},"thumbnailUrl":"https:\/\/regiaonews.net.br\/2022\/wp-content\/uploads\/2021\/07\/corinthians.jpg","articleSection":["Cidades","Esporte","S\u00e3o Paulo"],"inLanguage":"pt-BR","potentialAction":[{"@type":"CommentAction","name":"Comment","target":["https:\/\/regiaonews.net.br\/2022\/2021\/07\/17\/corinthians-sai-na-frente-mas-leva-a-virada-para-o-atletico-mg\/#respond"]}]},{"@type":"WebPage","@id":"https:\/\/regiaonews.net.br\/2022\/2021\/07\/17\/corinthians-sai-na-frente-mas-leva-a-virada-para-o-atletico-mg\/","url":"https:\/\/regiaonews.net.br\/2022\/2021\/07\/17\/corinthians-sai-na-frente-mas-leva-a-virada-para-o-atletico-mg\/","name":"Corinthians sai na frente, mas leva a virada para o Atl\u00e9tico-MG - Regi\u00e3o News","isPartOf":{"@id":"https:\/\/regiaonews.net.br\/2022\/#website"},"primaryImageOfPage":{"@id":"https:\/\/regiaonews.net.br\/2022\/2021\/07\/17\/corinthians-sai-na-frente-mas-leva-a-virada-para-o-atletico-mg\/#primaryimage"},"image":{"@id":"https:\/\/regiaonews.net.br\/2022\/2021\/07\/17\/corinthians-sai-na-frente-mas-leva-a-virada-para-o-atletico-mg\/#primaryimage"},"thumbnailUrl":"https:\/\/regiaonews.net.br\/2022\/wp-content\/uploads\/2021\/07\/corinthians.jpg","datePublished":"2021-07-18T00:27:31+00:00","breadcrumb":{"@id":"https:\/\/regiaonews.net.br\/2022\/2021\/07\/17\/corinthians-sai-na-frente-mas-leva-a-virada-para-o-atletico-mg\/#breadcrumb"},"inLanguage":"pt-BR","potentialAction":[{"@type":"ReadAction","target":["https:\/\/regiaonews.net.br\/2022\/2021\/07\/17\/corinthians-sai-na-frente-mas-leva-a-virada-para-o-atletico-mg\/"]}]},{"@type":"ImageObject","inLanguage":"pt-BR","@id":"https:\/\/regiaonews.net.br\/2022\/2021\/07\/17\/corinthians-sai-na-frente-mas-leva-a-virada-para-o-atletico-mg\/#primaryimage","url":"https:\/\/regiaonews.net.br\/2022\/wp-content\/uploads\/2021\/07\/corinthians.jpg","contentUrl":"https:\/\/regiaonews.net.br\/2022\/wp-content\/uploads\/2021\/07\/corinthians.jpg","width":689,"height":537},{"@type":"BreadcrumbList","@id":"https:\/\/regiaonews.net.br\/2022\/2021\/07\/17\/corinthians-sai-na-frente-mas-leva-a-virada-para-o-atletico-mg\/#breadcrumb","itemListElement":[{"@type":"ListItem","position":1,"name":"In\u00edcio","item":"https:\/\/regiaonews.net.br\/2022\/"},{"@type":"ListItem","position":2,"name":"Corinthians sai na frente, mas leva a virada para o Atl\u00e9tico-MG"}]},{"@type":"WebSite","@id":"https:\/\/regiaonews.net.br\/2022\/#website","url":"https:\/\/regiaonews.net.br\/2022\/","name":"Regi\u00e3o News","description":"Site de Not\u00edcias de Barretos e regi\u00e3o","publisher":{"@id":"https:\/\/regiaonews.net.br\/2022\/#organization"},"potentialAction":[{"@type":"SearchAction","target":{"@type":"EntryPoint","urlTemplate":"https:\/\/regiaonews.net.br\/2022\/?s={search_term_string}"},"query-input":{"@type":"PropertyValueSpecification","valueRequired":true,"valueName":"search_term_string"}}],"inLanguage":"pt-BR"},{"@type":"Organization","@id":"https:\/\/regiaonews.net.br\/2022\/#organization","name":"Regi\u00e3o News","url":"https:\/\/regiaonews.net.br\/2022\/","logo":{"@type":"ImageObject","inLanguage":"pt-BR","@id":"https:\/\/regiaonews.net.br\/2022\/#\/schema\/logo\/image\/","url":"https:\/\/regiaonews.net.br\/2022\/wp-content\/uploads\/2026\/03\/regiao-13-anos-scaled.jpg","contentUrl":"https:\/\/regiaonews.net.br\/2022\/wp-content\/uploads\/2026\/03\/regiao-13-anos-scaled.jpg","width":2560,"height":635,"caption":"Regi\u00e3o News"},"image":{"@id":"https:\/\/regiaonews.net.br\/2022\/#\/schema\/logo\/image\/"}},{"@type":"Person","@id":"https:\/\/regiaonews.net.br\/2022\/#\/schema\/person\/2d205a608a5aa97ac279d7a5e6d89ad8","name":"Roberto","image":{"@type":"ImageObject","inLanguage":"pt-BR","@id":"https:\/\/secure.gravatar.com\/avatar\/42749d8b712ff9d59ca93dc150494e5b55a44134482993f5baeb97e61b7ecc89?s=96&d=mm&r=g","url":"https:\/\/secure.gravatar.com\/avatar\/42749d8b712ff9d59ca93dc150494e5b55a44134482993f5baeb97e61b7ecc89?s=96&d=mm&r=g","contentUrl":"https:\/\/secure.gravatar.com\/avatar\/42749d8b712ff9d59ca93dc150494e5b55a44134482993f5baeb97e61b7ecc89?s=96&d=mm&r=g","caption":"Roberto"},"url":"https:\/\/regiaonews.net.br\/2022\/author\/roberto\/"}]}},"publishpress_future_action":{"enabled":false,"date":"2026-05-02 06:38:57","action":"change-status","newStatus":"draft","terms":[],"taxonomy":"category","extraData":[]},"publishpress_future_workflow_manual_trigger":{"enabledWorkflows":[]},"_links":{"self":[{"href":"https:\/\/regiaonews.net.br\/2022\/wp-json\/wp\/v2\/posts\/50444","targetHints":{"allow":["GET"]}}],"collection":[{"href":"https:\/\/regiaonews.net.br\/2022\/wp-json\/wp\/v2\/posts"}],"about":[{"href":"https:\/\/regiaonews.net.br\/2022\/wp-json\/wp\/v2\/types\/post"}],"author":[{"embeddable":true,"href":"https:\/\/regiaonews.net.br\/2022\/wp-json\/wp\/v2\/users\/2"}],"replies":[{"embeddable":true,"href":"https:\/\/regiaonews.net.br\/2022\/wp-json\/wp\/v2\/comments?post=50444"}],"version-history":[{"count":0,"href":"https:\/\/regiaonews.net.br\/2022\/wp-json\/wp\/v2\/posts\/50444\/revisions"}],"wp:featuredmedia":[{"embeddable":true,"href":"https:\/\/regiaonews.net.br\/2022\/wp-json\/wp\/v2\/media\/50445"}],"wp:attachment":[{"href":"https:\/\/regiaonews.net.br\/2022\/wp-json\/wp\/v2\/media?parent=50444"}],"wp:term":[{"taxonomy":"category","embeddable":true,"href":"https:\/\/regiaonews.net.br\/2022\/wp-json\/wp\/v2\/categories?post=50444"},{"taxonomy":"post_tag","embeddable":true,"href":"https:\/\/regiaonews.net.br\/2022\/wp-json\/wp\/v2\/tags?post=50444"}],"curies":[{"name":"wp","href":"https:\/\/api.w.org\/{rel}","templated":true}]}}