{"id":50361,"date":"2021-07-16T09:32:55","date_gmt":"2021-07-16T12:32:55","guid":{"rendered":"https:\/\/regiaonews.net.br\/2022\/?p=50361"},"modified":"2021-07-16T14:35:19","modified_gmt":"2021-07-16T17:35:19","slug":"barretense-morre-ao-ser-baleado-na-cabeca-em-ribeirao-preto","status":"publish","type":"post","link":"https:\/\/regiaonews.net.br\/2022\/2021\/07\/16\/barretense-morre-ao-ser-baleado-na-cabeca-em-ribeirao-preto\/","title":{"rendered":"Homem morre ao ser baleado na cabe\u00e7a em Ribeir\u00e3o Preto"},"content":{"rendered":"<div class=\"app-banner -android\" data-track-category=\"AppBanner\"><\/div>\n<div id=\"glb-topo\" class=\"glb-topo\" data-header=\"new\">\n<header id=\"header-produto\" class=\"header-navegacao header- header-editoria header-ready\" data-analytics=\"T\">\n<div class=\"gui-color-primary-bg header-principal header-navegacao-color\">\n<div class=\"grid-12 header-navegacao-container row\">\n<div class=\"area-principal column\">\n<div class=\"header-title-content\"><\/div>\n<div class=\"search-area header-navegacao-color\"><\/div>\n<\/div>\n<\/div>\n<\/div>\n<div class=\"svg-container\"><\/div>\n<\/header>\n<\/div>\n<p>&nbsp;<\/p>\n<hr class=\"content__divider \" \/>\n<div class=\"mc-article-body\">\n<article>\n<div class=\"bs-video-block mc-column glb-content-block--no-side-padding content-media content-video\" data-block-type=\"backstage-video\" data-block-id=\"0\">\n<div class=\"content-media__container\">\n<div class=\"content-video__bigger-player-description-fixer\">\n<article class=\"content-video\">\n<section class=\"content-video__video-container\">\n<div class=\"content-video__video\">\n<div class=\"content-video__placeholder content-video__placeholder--clean\" data-video-id=\"9689548\"><img decoding=\"async\" class=\"content-video__placeholder__thumb\" title=\"Homem morre ap\u00f3s ser baleado dentro de oficina em Ribeir\u00e3o Preto, SP\" src=\"https:\/\/s01.video.glbimg.com\/x240\/9689548.jpg\" alt=\"Homem morre ap\u00f3s ser baleado dentro de oficina em Ribeir\u00e3o Preto, SP\" \/><\/div>\n<div id=\"wp3-player-2\" class=\"clappr-player\" tabindex=\"9999\" data-player=\"\">\n<div class=\"drawer-header drawer-header--hidden\"><\/div>\n<\/div>\n<\/div>\n<\/section>\n<\/article>\n<\/div>\n<p class=\"content-media__description mc-column content-media__description\">Fonte- G1<\/p>\n<\/div>\n<\/div>\n<div class=\"mc-column content-text active-extra-styles \" data-block-type=\"unstyled\" data-block-weight=\"55\" data-block-id=\"2\">\n<p class=\"content-text__container \" data-track-category=\"Link no Texto\" data-track-links=\"\">Um homem morreu ap\u00f3s ser baleado, na manh\u00e3 desta quinta-feira (15), no bairro Jardim Paulista, na zona Leste de Ribeir\u00e3o Preto (SP). A v\u00edtima foi levada em estado cr\u00edtico para um hospital particular, mas n\u00e3o resistiu. Um suspeito foi detido por um policial militar de folga, que passava pelo local na hora do crime.<\/p>\n<\/div>\n<div class=\"wall protected-content\">\n<div class=\"mc-column content-text active-extra-styles \" data-block-type=\"unstyled\" data-block-weight=\"28\" data-block-id=\"3\">\n<p class=\"content-text__container \" data-track-category=\"Link no Texto\" data-track-links=\"\">De acordo com as primeiras informa\u00e7\u00f5es obtidas no local, o homem foi baleado dentro de uma oficina de pe\u00e7as automotivas, que fica na Rua Camilo de Mattos.<\/p>\n<\/div>\n<div class=\"mc-column content-text active-extra-styles \" data-block-type=\"unstyled\" data-block-weight=\"36\" data-block-id=\"4\">\n<p class=\"content-text__container \" data-track-category=\"Link no Texto\" data-track-links=\"\">Testemunhas disseram que ouviram o barulho dos tiros vindos do estabelecimento. Na sequ\u00eancia, viram um homem sair e entrar em um Volkswagen Gol branco, que j\u00e1 tinha um motorista \u00e0 espera. Eles fugiram no ve\u00edculo.<\/p>\n<\/div>\n<div class=\"row medium-uncollapsed content-media content-photo\" data-block-type=\"backstage-photo\" data-block-id=\"5\">\n<div class=\"mc-column content-media__container\">\n<div class=\"content-media-container glb-skeleton-box\">\n<figure class=\"content-media-figure\"><img decoding=\"async\" class=\"i-amphtml-fill-content i-amphtml-replaced-content\" src=\"https:\/\/s2.glbimg.com\/ljkSOlF0EZrP3bfAVsdkFfGKe74=\/0x0:1700x1065\/984x0\/smart\/filters:strip_icc()\/i.s3.glbimg.com\/v1\/AUTH_59edd422c0c84a879bd37670ae4f538a\/internal_photos\/bs\/2021\/k\/Z\/1SJputTDaeRxYYjnk9wg\/tiros-ribeirao2.jpg\" sizes=\"(max-width: 360px) 312px, 100vw\" srcset=\"https:\/\/s2.glbimg.com\/39OFqb9qJviF-gmONuUZdqno5bw=\/0x0:1700x1065\/1000x0\/smart\/filters:strip_icc()\/i.s3.glbimg.com\/v1\/AUTH_59edd422c0c84a879bd37670ae4f538a\/internal_photos\/bs\/2021\/k\/Z\/1SJputTDaeRxYYjnk9wg\/tiros-ribeirao2.jpg 1000w, https:\/\/s2.glbimg.com\/ljkSOlF0EZrP3bfAVsdkFfGKe74=\/0x0:1700x1065\/984x0\/smart\/filters:strip_icc()\/i.s3.glbimg.com\/v1\/AUTH_59edd422c0c84a879bd37670ae4f538a\/internal_photos\/bs\/2021\/k\/Z\/1SJputTDaeRxYYjnk9wg\/tiros-ribeirao2.jpg 984w, https:\/\/s2.glbimg.com\/PczAF3sgv_Eu-fKwoF__yNUmkt4=\/0x0:1700x1065\/640x0\/smart\/filters:strip_icc()\/i.s3.glbimg.com\/v1\/AUTH_59edd422c0c84a879bd37670ae4f538a\/internal_photos\/bs\/2021\/k\/Z\/1SJputTDaeRxYYjnk9wg\/tiros-ribeirao2.jpg 640w, https:\/\/s2.glbimg.com\/Tnii7Gdby1oiBa3msBPXSDDzofI=\/0x0:1700x1065\/600x0\/smart\/filters:strip_icc()\/i.s3.glbimg.com\/v1\/AUTH_59edd422c0c84a879bd37670ae4f538a\/internal_photos\/bs\/2021\/k\/Z\/1SJputTDaeRxYYjnk9wg\/tiros-ribeirao2.jpg 600w\" alt=\"Homem foi baleado dentro de oficina automotiva no Jardim Paulista em Ribeir\u00e3o Preto, SP \u2014 Foto: Michelle Souza\/CBN Ribeir\u00e3o\" \/><\/figure>\n<\/div>\n<p class=\"content-media__description \">Homem foi baleado dentro de oficina automotiva no Jardim Paulista em Ribeir\u00e3o Preto, SP \u2014 Foto: Michelle Souza\/CBN Ribeir\u00e3o<\/p>\n<\/div>\n<\/div>\n<div class=\"mc-column content-text active-extra-styles \" data-block-type=\"unstyled\" data-block-weight=\"55\" data-block-id=\"7\">\n<p class=\"content-text__container \" data-track-category=\"Link no Texto\" data-track-links=\"\">Um policial militar de folga passava pelo local e ouviu os tiros. Segundo o tenente Felipe Fernandes de Carvalho, uma testemunha contou o que havia acontecido e ele passou a acompanhar o ve\u00edculo dos suspeitos. O carro foi abordado pelo policial, ainda no mesmo bairro, e um dos ocupantes foi detido. Uma arma foi encontrada.<\/p>\n<\/div>\n<div class=\"mc-column content-text active-extra-styles \" data-block-type=\"unstyled\" data-block-weight=\"36\" data-block-id=\"8\">\n<p class=\"content-text__container \" data-track-category=\"Link no Texto\" data-track-links=\"\">&#8220;Ele acabou confessando que ele e mais outros tr\u00eas comparsas compareceram ao local e efetuaram um disparo contra a v\u00edtima. A pessoa detida disse que ficou dentro do carro, disse que n\u00e3o participou&#8221;, afirma Carvalho.<\/p>\n<\/div>\n<div class=\"mc-column content-text active-extra-styles \" data-block-type=\"unstyled\" data-block-weight=\"36\" data-block-id=\"9\">\n<p class=\"content-text__container \" data-track-category=\"Link no Texto\" data-track-links=\"\">De acordo com a PM, os suspeitos se passaram por clientes da oficina. Quando conseguiram atrair a aten\u00e7\u00e3o do dono, o tiro foi disparado. As circunst\u00e2ncias do disparo ainda n\u00e3o est\u00e3o claras para a pol\u00edcia.<\/p>\n<\/div>\n<div class=\"mc-column content-text active-extra-styles \" data-block-type=\"unstyled\" data-block-weight=\"48\" data-block-id=\"10\">\n<p class=\"content-text__container \" data-track-category=\"Link no Texto\" data-track-links=\"\">&#8220;A gente n\u00e3o tem informa\u00e7\u00e3o ainda, as testemunhas s\u00e3o muito imprecisas, se trata de um roubo ou se trata de um outro crime, uma execu\u00e7\u00e3o. A \u00fanica testemunha que estava no local est\u00e1 muito nervosa e n\u00e3o consegue informar caracter\u00edsticas&#8221;, diz Carvalho.<\/p>\n<\/div>\n<div class=\"mc-column content-text active-extra-styles \" data-block-type=\"unstyled\" data-block-weight=\"23\" data-block-id=\"11\">\n<p class=\"content-text__container \" data-track-category=\"Link no Texto\" data-track-links=\"\">De acordo com m\u00e9dico do resgate do Corpo de Bombeiros, A\u00e9cio de Freitas Souza, a v\u00edtima sofreu um ferimento grave na cabe\u00e7a.<\/p>\n<\/div>\n<div class=\"mc-column content-text active-extra-styles \" data-block-type=\"unstyled\" data-block-weight=\"30\" data-block-id=\"12\">\n<p class=\"content-text__container \" data-track-category=\"Link no Texto\" data-track-links=\"\">\u201cEle apresentava insufici\u00eancia respirat\u00f3ria, choque hipovol\u00eamico [quando o bombeamento do sangue pelo cora\u00e7\u00e3o \u00e9 prejudicado]. Ele foi estabilizado e levado para um hospital particular. O estado \u00e9 cr\u00edtico, muito grave.\u201d<\/p>\n<\/div>\n<div class=\"mc-column\" data-block-type=\"ads\" data-block-id=\"13\">\n<div class=\"content-ads\">\n<div id=\"banner_materia__d7f07a2a-4368-499d-a49d-481839258293\" class=\"tag-manager-publicidade-container mc-has-ad-lazyload tag-manager-publicidade-banner_materia__d7f07a2a-4368-499d-a49d-481839258293 tag-manager-publicidade-container--carregado tag-manager-publicidade-container--visivel\" data-id=\"banner_materia__d7f07a2a-4368-499d-a49d-481839258293\" data-req=\"true\" data-google-query-id=\"CLWw09bK5_ECFZ8FuQYdtR4KFw\" data-cid=\"138355541455\" data-lid=\"5734975138\">\n<div id=\"google_ads_iframe_\/95377733\/tvg_G1\/Sua_Regiao&gt;Sudeste&gt;Sao_Paulo_(Ribeirao_Preto)_3__container__\" style=\"box-sizing: inherit; margin: auto; padding: 0px; border: 0pt none; font: inherit; vertical-align: initial; max-width: 100%; text-align: center;\"><\/div>\n<\/div>\n<\/div>\n<\/div>\n<div class=\"mc-column content-text active-extra-styles \" data-block-type=\"unstyled\" data-block-weight=\"18\" data-block-id=\"14\">\n<p class=\"content-text__container \" data-track-category=\"Link no Texto\" data-track-links=\"\">Segundo o hospital S\u00e3o Lucas, a v\u00edtima Edilson Donizete Mancim, 48 anos,\u00a0 sofreu uma parada cardiorrespirat\u00f3ria e n\u00e3o resistiu. O corpo foi sepultado na tarde desta sexta-feira, dia 16, no Cemit\u00e9rio Municipal de Barretos.<\/p>\n<\/div>\n<div class=\"mc-column content-text active-extra-styles \" data-block-type=\"unstyled\" data-block-weight=\"9\" data-block-id=\"15\">\n<p class=\"content-text__container \" data-track-category=\"Link no Texto\" data-track-links=\"\">A pol\u00edcia ainda trabalha no local do crime.<\/p>\n<\/div>\n<\/div>\n<\/article>\n<\/div>\n<p>&nbsp;<\/p>\n","protected":false},"excerpt":{"rendered":"<p>&nbsp; Fonte- G1 Um homem morreu ap\u00f3s ser baleado, na<\/p>\n","protected":false},"author":2,"featured_media":50363,"comment_status":"open","ping_status":"open","sticky":false,"template":"","format":"standard","meta":{"footnotes":""},"categories":[25,23,32],"tags":[],"class_list":["post-50361","post","type-post","status-publish","format-standard","has-post-thumbnail","hentry","category-cidades","category-policia","category-ribeirao-preto"],"yoast_head":"<!-- This site is optimized with the Yoast SEO plugin v27.4 - https:\/\/yoast.com\/product\/yoast-seo-wordpress\/ -->\n<title>Homem morre ao ser baleado na cabe\u00e7a em Ribeir\u00e3o Preto - Regi\u00e3o News<\/title>\n<meta name=\"robots\" content=\"index, follow, max-snippet:-1, max-image-preview:large, max-video-preview:-1\" \/>\n<link rel=\"canonical\" href=\"https:\/\/regiaonews.net.br\/2022\/2021\/07\/16\/barretense-morre-ao-ser-baleado-na-cabeca-em-ribeirao-preto\/\" \/>\n<meta property=\"og:locale\" content=\"pt_BR\" \/>\n<meta property=\"og:type\" content=\"article\" \/>\n<meta property=\"og:title\" content=\"Homem morre ao ser baleado na cabe\u00e7a em Ribeir\u00e3o Preto - Regi\u00e3o News\" \/>\n<meta property=\"og:description\" content=\"&nbsp; Fonte- G1 Um homem morreu ap\u00f3s ser baleado, na\" \/>\n<meta property=\"og:url\" content=\"https:\/\/regiaonews.net.br\/2022\/2021\/07\/16\/barretense-morre-ao-ser-baleado-na-cabeca-em-ribeirao-preto\/\" \/>\n<meta property=\"og:site_name\" content=\"Regi\u00e3o News\" \/>\n<meta property=\"article:published_time\" content=\"2021-07-16T12:32:55+00:00\" \/>\n<meta property=\"article:modified_time\" content=\"2021-07-16T17:35:19+00:00\" \/>\n<meta property=\"og:image\" content=\"https:\/\/regiaonews.net.br\/2022\/wp-content\/uploads\/2021\/07\/tiros-ribeirao2.jpg\" \/>\n\t<meta property=\"og:image:width\" content=\"984\" \/>\n\t<meta property=\"og:image:height\" content=\"616\" \/>\n\t<meta property=\"og:image:type\" content=\"image\/jpeg\" \/>\n<meta name=\"author\" content=\"Roberto\" \/>\n<meta name=\"twitter:card\" content=\"summary_large_image\" \/>\n<meta name=\"twitter:label1\" content=\"Escrito por\" \/>\n\t<meta name=\"twitter:data1\" content=\"Roberto\" \/>\n\t<meta name=\"twitter:label2\" content=\"Est. tempo de leitura\" \/>\n\t<meta name=\"twitter:data2\" content=\"2 minutos\" \/>\n<script type=\"application\/ld+json\" class=\"yoast-schema-graph\">{\"@context\":\"https:\\\/\\\/schema.org\",\"@graph\":[{\"@type\":\"Article\",\"@id\":\"https:\\\/\\\/regiaonews.net.br\\\/2022\\\/2021\\\/07\\\/16\\\/barretense-morre-ao-ser-baleado-na-cabeca-em-ribeirao-preto\\\/#article\",\"isPartOf\":{\"@id\":\"https:\\\/\\\/regiaonews.net.br\\\/2022\\\/2021\\\/07\\\/16\\\/barretense-morre-ao-ser-baleado-na-cabeca-em-ribeirao-preto\\\/\"},\"author\":{\"name\":\"Roberto\",\"@id\":\"https:\\\/\\\/regiaonews.net.br\\\/2022\\\/#\\\/schema\\\/person\\\/2d205a608a5aa97ac279d7a5e6d89ad8\"},\"headline\":\"Homem morre ao ser baleado na cabe\u00e7a em Ribeir\u00e3o Preto\",\"datePublished\":\"2021-07-16T12:32:55+00:00\",\"dateModified\":\"2021-07-16T17:35:19+00:00\",\"mainEntityOfPage\":{\"@id\":\"https:\\\/\\\/regiaonews.net.br\\\/2022\\\/2021\\\/07\\\/16\\\/barretense-morre-ao-ser-baleado-na-cabeca-em-ribeirao-preto\\\/\"},\"wordCount\":447,\"commentCount\":0,\"publisher\":{\"@id\":\"https:\\\/\\\/regiaonews.net.br\\\/2022\\\/#organization\"},\"image\":{\"@id\":\"https:\\\/\\\/regiaonews.net.br\\\/2022\\\/2021\\\/07\\\/16\\\/barretense-morre-ao-ser-baleado-na-cabeca-em-ribeirao-preto\\\/#primaryimage\"},\"thumbnailUrl\":\"https:\\\/\\\/regiaonews.net.br\\\/2022\\\/wp-content\\\/uploads\\\/2021\\\/07\\\/tiros-ribeirao2.jpg\",\"articleSection\":[\"Cidades\",\"Policia\",\"Ribeir\u00e3o Preto\"],\"inLanguage\":\"pt-BR\",\"potentialAction\":[{\"@type\":\"CommentAction\",\"name\":\"Comment\",\"target\":[\"https:\\\/\\\/regiaonews.net.br\\\/2022\\\/2021\\\/07\\\/16\\\/barretense-morre-ao-ser-baleado-na-cabeca-em-ribeirao-preto\\\/#respond\"]}]},{\"@type\":\"WebPage\",\"@id\":\"https:\\\/\\\/regiaonews.net.br\\\/2022\\\/2021\\\/07\\\/16\\\/barretense-morre-ao-ser-baleado-na-cabeca-em-ribeirao-preto\\\/\",\"url\":\"https:\\\/\\\/regiaonews.net.br\\\/2022\\\/2021\\\/07\\\/16\\\/barretense-morre-ao-ser-baleado-na-cabeca-em-ribeirao-preto\\\/\",\"name\":\"Homem morre ao ser baleado na cabe\u00e7a em Ribeir\u00e3o Preto - Regi\u00e3o News\",\"isPartOf\":{\"@id\":\"https:\\\/\\\/regiaonews.net.br\\\/2022\\\/#website\"},\"primaryImageOfPage\":{\"@id\":\"https:\\\/\\\/regiaonews.net.br\\\/2022\\\/2021\\\/07\\\/16\\\/barretense-morre-ao-ser-baleado-na-cabeca-em-ribeirao-preto\\\/#primaryimage\"},\"image\":{\"@id\":\"https:\\\/\\\/regiaonews.net.br\\\/2022\\\/2021\\\/07\\\/16\\\/barretense-morre-ao-ser-baleado-na-cabeca-em-ribeirao-preto\\\/#primaryimage\"},\"thumbnailUrl\":\"https:\\\/\\\/regiaonews.net.br\\\/2022\\\/wp-content\\\/uploads\\\/2021\\\/07\\\/tiros-ribeirao2.jpg\",\"datePublished\":\"2021-07-16T12:32:55+00:00\",\"dateModified\":\"2021-07-16T17:35:19+00:00\",\"breadcrumb\":{\"@id\":\"https:\\\/\\\/regiaonews.net.br\\\/2022\\\/2021\\\/07\\\/16\\\/barretense-morre-ao-ser-baleado-na-cabeca-em-ribeirao-preto\\\/#breadcrumb\"},\"inLanguage\":\"pt-BR\",\"potentialAction\":[{\"@type\":\"ReadAction\",\"target\":[\"https:\\\/\\\/regiaonews.net.br\\\/2022\\\/2021\\\/07\\\/16\\\/barretense-morre-ao-ser-baleado-na-cabeca-em-ribeirao-preto\\\/\"]}]},{\"@type\":\"ImageObject\",\"inLanguage\":\"pt-BR\",\"@id\":\"https:\\\/\\\/regiaonews.net.br\\\/2022\\\/2021\\\/07\\\/16\\\/barretense-morre-ao-ser-baleado-na-cabeca-em-ribeirao-preto\\\/#primaryimage\",\"url\":\"https:\\\/\\\/regiaonews.net.br\\\/2022\\\/wp-content\\\/uploads\\\/2021\\\/07\\\/tiros-ribeirao2.jpg\",\"contentUrl\":\"https:\\\/\\\/regiaonews.net.br\\\/2022\\\/wp-content\\\/uploads\\\/2021\\\/07\\\/tiros-ribeirao2.jpg\",\"width\":984,\"height\":616},{\"@type\":\"BreadcrumbList\",\"@id\":\"https:\\\/\\\/regiaonews.net.br\\\/2022\\\/2021\\\/07\\\/16\\\/barretense-morre-ao-ser-baleado-na-cabeca-em-ribeirao-preto\\\/#breadcrumb\",\"itemListElement\":[{\"@type\":\"ListItem\",\"position\":1,\"name\":\"In\u00edcio\",\"item\":\"https:\\\/\\\/regiaonews.net.br\\\/2022\\\/\"},{\"@type\":\"ListItem\",\"position\":2,\"name\":\"Homem morre ao ser baleado na cabe\u00e7a em Ribeir\u00e3o Preto\"}]},{\"@type\":\"WebSite\",\"@id\":\"https:\\\/\\\/regiaonews.net.br\\\/2022\\\/#website\",\"url\":\"https:\\\/\\\/regiaonews.net.br\\\/2022\\\/\",\"name\":\"Regi\u00e3o News\",\"description\":\"Site de Not\u00edcias de Barretos e regi\u00e3o\",\"publisher\":{\"@id\":\"https:\\\/\\\/regiaonews.net.br\\\/2022\\\/#organization\"},\"potentialAction\":[{\"@type\":\"SearchAction\",\"target\":{\"@type\":\"EntryPoint\",\"urlTemplate\":\"https:\\\/\\\/regiaonews.net.br\\\/2022\\\/?s={search_term_string}\"},\"query-input\":{\"@type\":\"PropertyValueSpecification\",\"valueRequired\":true,\"valueName\":\"search_term_string\"}}],\"inLanguage\":\"pt-BR\"},{\"@type\":\"Organization\",\"@id\":\"https:\\\/\\\/regiaonews.net.br\\\/2022\\\/#organization\",\"name\":\"Regi\u00e3o News\",\"url\":\"https:\\\/\\\/regiaonews.net.br\\\/2022\\\/\",\"logo\":{\"@type\":\"ImageObject\",\"inLanguage\":\"pt-BR\",\"@id\":\"https:\\\/\\\/regiaonews.net.br\\\/2022\\\/#\\\/schema\\\/logo\\\/image\\\/\",\"url\":\"https:\\\/\\\/regiaonews.net.br\\\/2022\\\/wp-content\\\/uploads\\\/2026\\\/03\\\/regiao-13-anos-scaled.jpg\",\"contentUrl\":\"https:\\\/\\\/regiaonews.net.br\\\/2022\\\/wp-content\\\/uploads\\\/2026\\\/03\\\/regiao-13-anos-scaled.jpg\",\"width\":2560,\"height\":635,\"caption\":\"Regi\u00e3o News\"},\"image\":{\"@id\":\"https:\\\/\\\/regiaonews.net.br\\\/2022\\\/#\\\/schema\\\/logo\\\/image\\\/\"}},{\"@type\":\"Person\",\"@id\":\"https:\\\/\\\/regiaonews.net.br\\\/2022\\\/#\\\/schema\\\/person\\\/2d205a608a5aa97ac279d7a5e6d89ad8\",\"name\":\"Roberto\",\"image\":{\"@type\":\"ImageObject\",\"inLanguage\":\"pt-BR\",\"@id\":\"https:\\\/\\\/secure.gravatar.com\\\/avatar\\\/42749d8b712ff9d59ca93dc150494e5b55a44134482993f5baeb97e61b7ecc89?s=96&d=mm&r=g\",\"url\":\"https:\\\/\\\/secure.gravatar.com\\\/avatar\\\/42749d8b712ff9d59ca93dc150494e5b55a44134482993f5baeb97e61b7ecc89?s=96&d=mm&r=g\",\"contentUrl\":\"https:\\\/\\\/secure.gravatar.com\\\/avatar\\\/42749d8b712ff9d59ca93dc150494e5b55a44134482993f5baeb97e61b7ecc89?s=96&d=mm&r=g\",\"caption\":\"Roberto\"},\"url\":\"https:\\\/\\\/regiaonews.net.br\\\/2022\\\/author\\\/roberto\\\/\"}]}<\/script>\n<!-- \/ Yoast SEO plugin. -->","yoast_head_json":{"title":"Homem morre ao ser baleado na cabe\u00e7a em Ribeir\u00e3o Preto - Regi\u00e3o News","robots":{"index":"index","follow":"follow","max-snippet":"max-snippet:-1","max-image-preview":"max-image-preview:large","max-video-preview":"max-video-preview:-1"},"canonical":"https:\/\/regiaonews.net.br\/2022\/2021\/07\/16\/barretense-morre-ao-ser-baleado-na-cabeca-em-ribeirao-preto\/","og_locale":"pt_BR","og_type":"article","og_title":"Homem morre ao ser baleado na cabe\u00e7a em Ribeir\u00e3o Preto - Regi\u00e3o News","og_description":"&nbsp; Fonte- G1 Um homem morreu ap\u00f3s ser baleado, na","og_url":"https:\/\/regiaonews.net.br\/2022\/2021\/07\/16\/barretense-morre-ao-ser-baleado-na-cabeca-em-ribeirao-preto\/","og_site_name":"Regi\u00e3o News","article_published_time":"2021-07-16T12:32:55+00:00","article_modified_time":"2021-07-16T17:35:19+00:00","og_image":[{"width":984,"height":616,"url":"https:\/\/regiaonews.net.br\/2022\/wp-content\/uploads\/2021\/07\/tiros-ribeirao2.jpg","type":"image\/jpeg"}],"author":"Roberto","twitter_card":"summary_large_image","twitter_misc":{"Escrito por":"Roberto","Est. tempo de leitura":"2 minutos"},"schema":{"@context":"https:\/\/schema.org","@graph":[{"@type":"Article","@id":"https:\/\/regiaonews.net.br\/2022\/2021\/07\/16\/barretense-morre-ao-ser-baleado-na-cabeca-em-ribeirao-preto\/#article","isPartOf":{"@id":"https:\/\/regiaonews.net.br\/2022\/2021\/07\/16\/barretense-morre-ao-ser-baleado-na-cabeca-em-ribeirao-preto\/"},"author":{"name":"Roberto","@id":"https:\/\/regiaonews.net.br\/2022\/#\/schema\/person\/2d205a608a5aa97ac279d7a5e6d89ad8"},"headline":"Homem morre ao ser baleado na cabe\u00e7a em Ribeir\u00e3o Preto","datePublished":"2021-07-16T12:32:55+00:00","dateModified":"2021-07-16T17:35:19+00:00","mainEntityOfPage":{"@id":"https:\/\/regiaonews.net.br\/2022\/2021\/07\/16\/barretense-morre-ao-ser-baleado-na-cabeca-em-ribeirao-preto\/"},"wordCount":447,"commentCount":0,"publisher":{"@id":"https:\/\/regiaonews.net.br\/2022\/#organization"},"image":{"@id":"https:\/\/regiaonews.net.br\/2022\/2021\/07\/16\/barretense-morre-ao-ser-baleado-na-cabeca-em-ribeirao-preto\/#primaryimage"},"thumbnailUrl":"https:\/\/regiaonews.net.br\/2022\/wp-content\/uploads\/2021\/07\/tiros-ribeirao2.jpg","articleSection":["Cidades","Policia","Ribeir\u00e3o Preto"],"inLanguage":"pt-BR","potentialAction":[{"@type":"CommentAction","name":"Comment","target":["https:\/\/regiaonews.net.br\/2022\/2021\/07\/16\/barretense-morre-ao-ser-baleado-na-cabeca-em-ribeirao-preto\/#respond"]}]},{"@type":"WebPage","@id":"https:\/\/regiaonews.net.br\/2022\/2021\/07\/16\/barretense-morre-ao-ser-baleado-na-cabeca-em-ribeirao-preto\/","url":"https:\/\/regiaonews.net.br\/2022\/2021\/07\/16\/barretense-morre-ao-ser-baleado-na-cabeca-em-ribeirao-preto\/","name":"Homem morre ao ser baleado na cabe\u00e7a em Ribeir\u00e3o Preto - Regi\u00e3o News","isPartOf":{"@id":"https:\/\/regiaonews.net.br\/2022\/#website"},"primaryImageOfPage":{"@id":"https:\/\/regiaonews.net.br\/2022\/2021\/07\/16\/barretense-morre-ao-ser-baleado-na-cabeca-em-ribeirao-preto\/#primaryimage"},"image":{"@id":"https:\/\/regiaonews.net.br\/2022\/2021\/07\/16\/barretense-morre-ao-ser-baleado-na-cabeca-em-ribeirao-preto\/#primaryimage"},"thumbnailUrl":"https:\/\/regiaonews.net.br\/2022\/wp-content\/uploads\/2021\/07\/tiros-ribeirao2.jpg","datePublished":"2021-07-16T12:32:55+00:00","dateModified":"2021-07-16T17:35:19+00:00","breadcrumb":{"@id":"https:\/\/regiaonews.net.br\/2022\/2021\/07\/16\/barretense-morre-ao-ser-baleado-na-cabeca-em-ribeirao-preto\/#breadcrumb"},"inLanguage":"pt-BR","potentialAction":[{"@type":"ReadAction","target":["https:\/\/regiaonews.net.br\/2022\/2021\/07\/16\/barretense-morre-ao-ser-baleado-na-cabeca-em-ribeirao-preto\/"]}]},{"@type":"ImageObject","inLanguage":"pt-BR","@id":"https:\/\/regiaonews.net.br\/2022\/2021\/07\/16\/barretense-morre-ao-ser-baleado-na-cabeca-em-ribeirao-preto\/#primaryimage","url":"https:\/\/regiaonews.net.br\/2022\/wp-content\/uploads\/2021\/07\/tiros-ribeirao2.jpg","contentUrl":"https:\/\/regiaonews.net.br\/2022\/wp-content\/uploads\/2021\/07\/tiros-ribeirao2.jpg","width":984,"height":616},{"@type":"BreadcrumbList","@id":"https:\/\/regiaonews.net.br\/2022\/2021\/07\/16\/barretense-morre-ao-ser-baleado-na-cabeca-em-ribeirao-preto\/#breadcrumb","itemListElement":[{"@type":"ListItem","position":1,"name":"In\u00edcio","item":"https:\/\/regiaonews.net.br\/2022\/"},{"@type":"ListItem","position":2,"name":"Homem morre ao ser baleado na cabe\u00e7a em Ribeir\u00e3o Preto"}]},{"@type":"WebSite","@id":"https:\/\/regiaonews.net.br\/2022\/#website","url":"https:\/\/regiaonews.net.br\/2022\/","name":"Regi\u00e3o News","description":"Site de Not\u00edcias de Barretos e regi\u00e3o","publisher":{"@id":"https:\/\/regiaonews.net.br\/2022\/#organization"},"potentialAction":[{"@type":"SearchAction","target":{"@type":"EntryPoint","urlTemplate":"https:\/\/regiaonews.net.br\/2022\/?s={search_term_string}"},"query-input":{"@type":"PropertyValueSpecification","valueRequired":true,"valueName":"search_term_string"}}],"inLanguage":"pt-BR"},{"@type":"Organization","@id":"https:\/\/regiaonews.net.br\/2022\/#organization","name":"Regi\u00e3o News","url":"https:\/\/regiaonews.net.br\/2022\/","logo":{"@type":"ImageObject","inLanguage":"pt-BR","@id":"https:\/\/regiaonews.net.br\/2022\/#\/schema\/logo\/image\/","url":"https:\/\/regiaonews.net.br\/2022\/wp-content\/uploads\/2026\/03\/regiao-13-anos-scaled.jpg","contentUrl":"https:\/\/regiaonews.net.br\/2022\/wp-content\/uploads\/2026\/03\/regiao-13-anos-scaled.jpg","width":2560,"height":635,"caption":"Regi\u00e3o News"},"image":{"@id":"https:\/\/regiaonews.net.br\/2022\/#\/schema\/logo\/image\/"}},{"@type":"Person","@id":"https:\/\/regiaonews.net.br\/2022\/#\/schema\/person\/2d205a608a5aa97ac279d7a5e6d89ad8","name":"Roberto","image":{"@type":"ImageObject","inLanguage":"pt-BR","@id":"https:\/\/secure.gravatar.com\/avatar\/42749d8b712ff9d59ca93dc150494e5b55a44134482993f5baeb97e61b7ecc89?s=96&d=mm&r=g","url":"https:\/\/secure.gravatar.com\/avatar\/42749d8b712ff9d59ca93dc150494e5b55a44134482993f5baeb97e61b7ecc89?s=96&d=mm&r=g","contentUrl":"https:\/\/secure.gravatar.com\/avatar\/42749d8b712ff9d59ca93dc150494e5b55a44134482993f5baeb97e61b7ecc89?s=96&d=mm&r=g","caption":"Roberto"},"url":"https:\/\/regiaonews.net.br\/2022\/author\/roberto\/"}]}},"publishpress_future_action":{"enabled":false,"date":"2026-05-02 05:08:57","action":"change-status","newStatus":"draft","terms":[],"taxonomy":"category","extraData":[]},"publishpress_future_workflow_manual_trigger":{"enabledWorkflows":[]},"_links":{"self":[{"href":"https:\/\/regiaonews.net.br\/2022\/wp-json\/wp\/v2\/posts\/50361","targetHints":{"allow":["GET"]}}],"collection":[{"href":"https:\/\/regiaonews.net.br\/2022\/wp-json\/wp\/v2\/posts"}],"about":[{"href":"https:\/\/regiaonews.net.br\/2022\/wp-json\/wp\/v2\/types\/post"}],"author":[{"embeddable":true,"href":"https:\/\/regiaonews.net.br\/2022\/wp-json\/wp\/v2\/users\/2"}],"replies":[{"embeddable":true,"href":"https:\/\/regiaonews.net.br\/2022\/wp-json\/wp\/v2\/comments?post=50361"}],"version-history":[{"count":0,"href":"https:\/\/regiaonews.net.br\/2022\/wp-json\/wp\/v2\/posts\/50361\/revisions"}],"wp:featuredmedia":[{"embeddable":true,"href":"https:\/\/regiaonews.net.br\/2022\/wp-json\/wp\/v2\/media\/50363"}],"wp:attachment":[{"href":"https:\/\/regiaonews.net.br\/2022\/wp-json\/wp\/v2\/media?parent=50361"}],"wp:term":[{"taxonomy":"category","embeddable":true,"href":"https:\/\/regiaonews.net.br\/2022\/wp-json\/wp\/v2\/categories?post=50361"},{"taxonomy":"post_tag","embeddable":true,"href":"https:\/\/regiaonews.net.br\/2022\/wp-json\/wp\/v2\/tags?post=50361"}],"curies":[{"name":"wp","href":"https:\/\/api.w.org\/{rel}","templated":true}]}}