{"id":50355,"date":"2021-07-16T08:04:42","date_gmt":"2021-07-16T11:04:42","guid":{"rendered":"https:\/\/regiaonews.net.br\/2022\/?p=50355"},"modified":"2021-07-16T08:04:42","modified_gmt":"2021-07-16T11:04:42","slug":"problema-no-sistema-gera-reclamacoes-do-cartao-do-sindicato","status":"publish","type":"post","link":"https:\/\/regiaonews.net.br\/2022\/2021\/07\/16\/problema-no-sistema-gera-reclamacoes-do-cartao-do-sindicato\/","title":{"rendered":"Problema no sistema, gera reclama\u00e7\u00f5es do cart\u00e3o do Sindicato"},"content":{"rendered":"<p><a href=\"https:\/\/regiaonews.net.br\/2022\/wp-content\/uploads\/2019\/01\/jo\u00e3o-mulata.jpg\"><img loading=\"lazy\" decoding=\"async\" class=\"alignnone size-medium wp-image-17853\" src=\"https:\/\/regiaonews.net.br\/2022\/wp-content\/uploads\/2019\/01\/jo\u00e3o-mulata-300x262.jpg\" alt=\"\" width=\"300\" height=\"262\" \/><\/a><\/p>\n<p><strong>Os servidores p\u00fablicos municipais reclamaram\u00a0 de problemas no cart\u00e3o de compras do Sindicato dos Servidores P\u00fablicos Municipais. Segundo a aposentada, Ana Maria Borges, o\u00a0 cart\u00e3o\u00a0 \u00e9 utilizado por servidores da ativa, aposentados e pensionistas, \u00e9 liberado para compras sempre no dia 15 de cada m\u00eas. <\/strong><\/p>\n<p><strong>Procurado, o presidente do Sindicato dos Servidores P\u00fablicos, Jo\u00e3o Roberto dos Santos, informou que o sistema est\u00e1 fora do ar por tempo indeterminado devido a problemas t\u00e9cnicos. \u201cTodo o tipo de atendimento digital, inclusive o funcionamento do cart\u00e3o est\u00e1 suspenso temporariamente\u201d, explicou o dirigente. A expectativa \u00e9 de retorno provavelmente para hoje. <\/strong><\/p>\n<p><strong>\u00a0<\/strong><\/p>\n<p><strong>\u00a0<\/strong><\/p>\n","protected":false},"excerpt":{"rendered":"<p>Os servidores p\u00fablicos municipais reclamaram\u00a0 de problemas no cart\u00e3o de<\/p>\n","protected":false},"author":2,"featured_media":17853,"comment_status":"open","ping_status":"open","sticky":false,"template":"","format":"standard","meta":{"footnotes":""},"categories":[14,25],"tags":[],"class_list":["post-50355","post","type-post","status-publish","format-standard","has-post-thumbnail","hentry","category-barretos","category-cidades"],"yoast_head":"<!-- This site is optimized with the Yoast SEO plugin v27.4 - https:\/\/yoast.com\/product\/yoast-seo-wordpress\/ -->\n<title>Problema no sistema, gera reclama\u00e7\u00f5es do cart\u00e3o do Sindicato - Regi\u00e3o News<\/title>\n<meta name=\"robots\" content=\"index, follow, max-snippet:-1, max-image-preview:large, max-video-preview:-1\" \/>\n<link rel=\"canonical\" href=\"https:\/\/regiaonews.net.br\/2022\/2021\/07\/16\/problema-no-sistema-gera-reclamacoes-do-cartao-do-sindicato\/\" \/>\n<meta property=\"og:locale\" content=\"pt_BR\" \/>\n<meta property=\"og:type\" content=\"article\" \/>\n<meta property=\"og:title\" content=\"Problema no sistema, gera reclama\u00e7\u00f5es do cart\u00e3o do Sindicato - Regi\u00e3o News\" \/>\n<meta property=\"og:description\" content=\"Os servidores p\u00fablicos municipais reclamaram\u00a0 de problemas no cart\u00e3o de\" \/>\n<meta property=\"og:url\" content=\"https:\/\/regiaonews.net.br\/2022\/2021\/07\/16\/problema-no-sistema-gera-reclamacoes-do-cartao-do-sindicato\/\" \/>\n<meta property=\"og:site_name\" content=\"Regi\u00e3o News\" \/>\n<meta property=\"article:published_time\" content=\"2021-07-16T11:04:42+00:00\" \/>\n<meta property=\"og:image\" content=\"https:\/\/regiaonews.net.br\/2022\/wp-content\/uploads\/2019\/01\/jo\u00e3o-mulata.jpg\" \/>\n\t<meta property=\"og:image:width\" content=\"600\" \/>\n\t<meta property=\"og:image:height\" content=\"523\" \/>\n\t<meta property=\"og:image:type\" content=\"image\/jpeg\" \/>\n<meta name=\"author\" content=\"Roberto\" \/>\n<meta name=\"twitter:card\" content=\"summary_large_image\" \/>\n<meta name=\"twitter:label1\" content=\"Escrito por\" \/>\n\t<meta name=\"twitter:data1\" content=\"Roberto\" \/>\n\t<meta name=\"twitter:label2\" content=\"Est. tempo de leitura\" \/>\n\t<meta name=\"twitter:data2\" content=\"1 minuto\" \/>\n<script type=\"application\/ld+json\" class=\"yoast-schema-graph\">{\"@context\":\"https:\\\/\\\/schema.org\",\"@graph\":[{\"@type\":\"Article\",\"@id\":\"https:\\\/\\\/regiaonews.net.br\\\/2022\\\/2021\\\/07\\\/16\\\/problema-no-sistema-gera-reclamacoes-do-cartao-do-sindicato\\\/#article\",\"isPartOf\":{\"@id\":\"https:\\\/\\\/regiaonews.net.br\\\/2022\\\/2021\\\/07\\\/16\\\/problema-no-sistema-gera-reclamacoes-do-cartao-do-sindicato\\\/\"},\"author\":{\"name\":\"Roberto\",\"@id\":\"https:\\\/\\\/regiaonews.net.br\\\/2022\\\/#\\\/schema\\\/person\\\/2d205a608a5aa97ac279d7a5e6d89ad8\"},\"headline\":\"Problema no sistema, gera reclama\u00e7\u00f5es do cart\u00e3o do Sindicato\",\"datePublished\":\"2021-07-16T11:04:42+00:00\",\"mainEntityOfPage\":{\"@id\":\"https:\\\/\\\/regiaonews.net.br\\\/2022\\\/2021\\\/07\\\/16\\\/problema-no-sistema-gera-reclamacoes-do-cartao-do-sindicato\\\/\"},\"wordCount\":113,\"commentCount\":0,\"publisher\":{\"@id\":\"https:\\\/\\\/regiaonews.net.br\\\/2022\\\/#organization\"},\"image\":{\"@id\":\"https:\\\/\\\/regiaonews.net.br\\\/2022\\\/2021\\\/07\\\/16\\\/problema-no-sistema-gera-reclamacoes-do-cartao-do-sindicato\\\/#primaryimage\"},\"thumbnailUrl\":\"https:\\\/\\\/regiaonews.net.br\\\/2022\\\/wp-content\\\/uploads\\\/2019\\\/01\\\/jo\u00e3o-mulata.jpg\",\"articleSection\":[\"Barretos\",\"Cidades\"],\"inLanguage\":\"pt-BR\",\"potentialAction\":[{\"@type\":\"CommentAction\",\"name\":\"Comment\",\"target\":[\"https:\\\/\\\/regiaonews.net.br\\\/2022\\\/2021\\\/07\\\/16\\\/problema-no-sistema-gera-reclamacoes-do-cartao-do-sindicato\\\/#respond\"]}]},{\"@type\":\"WebPage\",\"@id\":\"https:\\\/\\\/regiaonews.net.br\\\/2022\\\/2021\\\/07\\\/16\\\/problema-no-sistema-gera-reclamacoes-do-cartao-do-sindicato\\\/\",\"url\":\"https:\\\/\\\/regiaonews.net.br\\\/2022\\\/2021\\\/07\\\/16\\\/problema-no-sistema-gera-reclamacoes-do-cartao-do-sindicato\\\/\",\"name\":\"Problema no sistema, gera reclama\u00e7\u00f5es do cart\u00e3o do Sindicato - Regi\u00e3o News\",\"isPartOf\":{\"@id\":\"https:\\\/\\\/regiaonews.net.br\\\/2022\\\/#website\"},\"primaryImageOfPage\":{\"@id\":\"https:\\\/\\\/regiaonews.net.br\\\/2022\\\/2021\\\/07\\\/16\\\/problema-no-sistema-gera-reclamacoes-do-cartao-do-sindicato\\\/#primaryimage\"},\"image\":{\"@id\":\"https:\\\/\\\/regiaonews.net.br\\\/2022\\\/2021\\\/07\\\/16\\\/problema-no-sistema-gera-reclamacoes-do-cartao-do-sindicato\\\/#primaryimage\"},\"thumbnailUrl\":\"https:\\\/\\\/regiaonews.net.br\\\/2022\\\/wp-content\\\/uploads\\\/2019\\\/01\\\/jo\u00e3o-mulata.jpg\",\"datePublished\":\"2021-07-16T11:04:42+00:00\",\"breadcrumb\":{\"@id\":\"https:\\\/\\\/regiaonews.net.br\\\/2022\\\/2021\\\/07\\\/16\\\/problema-no-sistema-gera-reclamacoes-do-cartao-do-sindicato\\\/#breadcrumb\"},\"inLanguage\":\"pt-BR\",\"potentialAction\":[{\"@type\":\"ReadAction\",\"target\":[\"https:\\\/\\\/regiaonews.net.br\\\/2022\\\/2021\\\/07\\\/16\\\/problema-no-sistema-gera-reclamacoes-do-cartao-do-sindicato\\\/\"]}]},{\"@type\":\"ImageObject\",\"inLanguage\":\"pt-BR\",\"@id\":\"https:\\\/\\\/regiaonews.net.br\\\/2022\\\/2021\\\/07\\\/16\\\/problema-no-sistema-gera-reclamacoes-do-cartao-do-sindicato\\\/#primaryimage\",\"url\":\"https:\\\/\\\/regiaonews.net.br\\\/2022\\\/wp-content\\\/uploads\\\/2019\\\/01\\\/jo\u00e3o-mulata.jpg\",\"contentUrl\":\"https:\\\/\\\/regiaonews.net.br\\\/2022\\\/wp-content\\\/uploads\\\/2019\\\/01\\\/jo\u00e3o-mulata.jpg\",\"width\":600,\"height\":523},{\"@type\":\"BreadcrumbList\",\"@id\":\"https:\\\/\\\/regiaonews.net.br\\\/2022\\\/2021\\\/07\\\/16\\\/problema-no-sistema-gera-reclamacoes-do-cartao-do-sindicato\\\/#breadcrumb\",\"itemListElement\":[{\"@type\":\"ListItem\",\"position\":1,\"name\":\"In\u00edcio\",\"item\":\"https:\\\/\\\/regiaonews.net.br\\\/2022\\\/\"},{\"@type\":\"ListItem\",\"position\":2,\"name\":\"Problema no sistema, gera reclama\u00e7\u00f5es do cart\u00e3o do Sindicato\"}]},{\"@type\":\"WebSite\",\"@id\":\"https:\\\/\\\/regiaonews.net.br\\\/2022\\\/#website\",\"url\":\"https:\\\/\\\/regiaonews.net.br\\\/2022\\\/\",\"name\":\"Regi\u00e3o News\",\"description\":\"Site de Not\u00edcias de Barretos e regi\u00e3o\",\"publisher\":{\"@id\":\"https:\\\/\\\/regiaonews.net.br\\\/2022\\\/#organization\"},\"potentialAction\":[{\"@type\":\"SearchAction\",\"target\":{\"@type\":\"EntryPoint\",\"urlTemplate\":\"https:\\\/\\\/regiaonews.net.br\\\/2022\\\/?s={search_term_string}\"},\"query-input\":{\"@type\":\"PropertyValueSpecification\",\"valueRequired\":true,\"valueName\":\"search_term_string\"}}],\"inLanguage\":\"pt-BR\"},{\"@type\":\"Organization\",\"@id\":\"https:\\\/\\\/regiaonews.net.br\\\/2022\\\/#organization\",\"name\":\"Regi\u00e3o News\",\"url\":\"https:\\\/\\\/regiaonews.net.br\\\/2022\\\/\",\"logo\":{\"@type\":\"ImageObject\",\"inLanguage\":\"pt-BR\",\"@id\":\"https:\\\/\\\/regiaonews.net.br\\\/2022\\\/#\\\/schema\\\/logo\\\/image\\\/\",\"url\":\"https:\\\/\\\/regiaonews.net.br\\\/2022\\\/wp-content\\\/uploads\\\/2026\\\/03\\\/regiao-13-anos-scaled.jpg\",\"contentUrl\":\"https:\\\/\\\/regiaonews.net.br\\\/2022\\\/wp-content\\\/uploads\\\/2026\\\/03\\\/regiao-13-anos-scaled.jpg\",\"width\":2560,\"height\":635,\"caption\":\"Regi\u00e3o News\"},\"image\":{\"@id\":\"https:\\\/\\\/regiaonews.net.br\\\/2022\\\/#\\\/schema\\\/logo\\\/image\\\/\"}},{\"@type\":\"Person\",\"@id\":\"https:\\\/\\\/regiaonews.net.br\\\/2022\\\/#\\\/schema\\\/person\\\/2d205a608a5aa97ac279d7a5e6d89ad8\",\"name\":\"Roberto\",\"image\":{\"@type\":\"ImageObject\",\"inLanguage\":\"pt-BR\",\"@id\":\"https:\\\/\\\/secure.gravatar.com\\\/avatar\\\/42749d8b712ff9d59ca93dc150494e5b55a44134482993f5baeb97e61b7ecc89?s=96&d=mm&r=g\",\"url\":\"https:\\\/\\\/secure.gravatar.com\\\/avatar\\\/42749d8b712ff9d59ca93dc150494e5b55a44134482993f5baeb97e61b7ecc89?s=96&d=mm&r=g\",\"contentUrl\":\"https:\\\/\\\/secure.gravatar.com\\\/avatar\\\/42749d8b712ff9d59ca93dc150494e5b55a44134482993f5baeb97e61b7ecc89?s=96&d=mm&r=g\",\"caption\":\"Roberto\"},\"url\":\"https:\\\/\\\/regiaonews.net.br\\\/2022\\\/author\\\/roberto\\\/\"}]}<\/script>\n<!-- \/ Yoast SEO plugin. -->","yoast_head_json":{"title":"Problema no sistema, gera reclama\u00e7\u00f5es do cart\u00e3o do Sindicato - Regi\u00e3o News","robots":{"index":"index","follow":"follow","max-snippet":"max-snippet:-1","max-image-preview":"max-image-preview:large","max-video-preview":"max-video-preview:-1"},"canonical":"https:\/\/regiaonews.net.br\/2022\/2021\/07\/16\/problema-no-sistema-gera-reclamacoes-do-cartao-do-sindicato\/","og_locale":"pt_BR","og_type":"article","og_title":"Problema no sistema, gera reclama\u00e7\u00f5es do cart\u00e3o do Sindicato - Regi\u00e3o News","og_description":"Os servidores p\u00fablicos municipais reclamaram\u00a0 de problemas no cart\u00e3o de","og_url":"https:\/\/regiaonews.net.br\/2022\/2021\/07\/16\/problema-no-sistema-gera-reclamacoes-do-cartao-do-sindicato\/","og_site_name":"Regi\u00e3o News","article_published_time":"2021-07-16T11:04:42+00:00","og_image":[{"width":600,"height":523,"url":"https:\/\/regiaonews.net.br\/2022\/wp-content\/uploads\/2019\/01\/jo\u00e3o-mulata.jpg","type":"image\/jpeg"}],"author":"Roberto","twitter_card":"summary_large_image","twitter_misc":{"Escrito por":"Roberto","Est. tempo de leitura":"1 minuto"},"schema":{"@context":"https:\/\/schema.org","@graph":[{"@type":"Article","@id":"https:\/\/regiaonews.net.br\/2022\/2021\/07\/16\/problema-no-sistema-gera-reclamacoes-do-cartao-do-sindicato\/#article","isPartOf":{"@id":"https:\/\/regiaonews.net.br\/2022\/2021\/07\/16\/problema-no-sistema-gera-reclamacoes-do-cartao-do-sindicato\/"},"author":{"name":"Roberto","@id":"https:\/\/regiaonews.net.br\/2022\/#\/schema\/person\/2d205a608a5aa97ac279d7a5e6d89ad8"},"headline":"Problema no sistema, gera reclama\u00e7\u00f5es do cart\u00e3o do Sindicato","datePublished":"2021-07-16T11:04:42+00:00","mainEntityOfPage":{"@id":"https:\/\/regiaonews.net.br\/2022\/2021\/07\/16\/problema-no-sistema-gera-reclamacoes-do-cartao-do-sindicato\/"},"wordCount":113,"commentCount":0,"publisher":{"@id":"https:\/\/regiaonews.net.br\/2022\/#organization"},"image":{"@id":"https:\/\/regiaonews.net.br\/2022\/2021\/07\/16\/problema-no-sistema-gera-reclamacoes-do-cartao-do-sindicato\/#primaryimage"},"thumbnailUrl":"https:\/\/regiaonews.net.br\/2022\/wp-content\/uploads\/2019\/01\/jo\u00e3o-mulata.jpg","articleSection":["Barretos","Cidades"],"inLanguage":"pt-BR","potentialAction":[{"@type":"CommentAction","name":"Comment","target":["https:\/\/regiaonews.net.br\/2022\/2021\/07\/16\/problema-no-sistema-gera-reclamacoes-do-cartao-do-sindicato\/#respond"]}]},{"@type":"WebPage","@id":"https:\/\/regiaonews.net.br\/2022\/2021\/07\/16\/problema-no-sistema-gera-reclamacoes-do-cartao-do-sindicato\/","url":"https:\/\/regiaonews.net.br\/2022\/2021\/07\/16\/problema-no-sistema-gera-reclamacoes-do-cartao-do-sindicato\/","name":"Problema no sistema, gera reclama\u00e7\u00f5es do cart\u00e3o do Sindicato - Regi\u00e3o News","isPartOf":{"@id":"https:\/\/regiaonews.net.br\/2022\/#website"},"primaryImageOfPage":{"@id":"https:\/\/regiaonews.net.br\/2022\/2021\/07\/16\/problema-no-sistema-gera-reclamacoes-do-cartao-do-sindicato\/#primaryimage"},"image":{"@id":"https:\/\/regiaonews.net.br\/2022\/2021\/07\/16\/problema-no-sistema-gera-reclamacoes-do-cartao-do-sindicato\/#primaryimage"},"thumbnailUrl":"https:\/\/regiaonews.net.br\/2022\/wp-content\/uploads\/2019\/01\/jo\u00e3o-mulata.jpg","datePublished":"2021-07-16T11:04:42+00:00","breadcrumb":{"@id":"https:\/\/regiaonews.net.br\/2022\/2021\/07\/16\/problema-no-sistema-gera-reclamacoes-do-cartao-do-sindicato\/#breadcrumb"},"inLanguage":"pt-BR","potentialAction":[{"@type":"ReadAction","target":["https:\/\/regiaonews.net.br\/2022\/2021\/07\/16\/problema-no-sistema-gera-reclamacoes-do-cartao-do-sindicato\/"]}]},{"@type":"ImageObject","inLanguage":"pt-BR","@id":"https:\/\/regiaonews.net.br\/2022\/2021\/07\/16\/problema-no-sistema-gera-reclamacoes-do-cartao-do-sindicato\/#primaryimage","url":"https:\/\/regiaonews.net.br\/2022\/wp-content\/uploads\/2019\/01\/jo\u00e3o-mulata.jpg","contentUrl":"https:\/\/regiaonews.net.br\/2022\/wp-content\/uploads\/2019\/01\/jo\u00e3o-mulata.jpg","width":600,"height":523},{"@type":"BreadcrumbList","@id":"https:\/\/regiaonews.net.br\/2022\/2021\/07\/16\/problema-no-sistema-gera-reclamacoes-do-cartao-do-sindicato\/#breadcrumb","itemListElement":[{"@type":"ListItem","position":1,"name":"In\u00edcio","item":"https:\/\/regiaonews.net.br\/2022\/"},{"@type":"ListItem","position":2,"name":"Problema no sistema, gera reclama\u00e7\u00f5es do cart\u00e3o do Sindicato"}]},{"@type":"WebSite","@id":"https:\/\/regiaonews.net.br\/2022\/#website","url":"https:\/\/regiaonews.net.br\/2022\/","name":"Regi\u00e3o News","description":"Site de Not\u00edcias de Barretos e regi\u00e3o","publisher":{"@id":"https:\/\/regiaonews.net.br\/2022\/#organization"},"potentialAction":[{"@type":"SearchAction","target":{"@type":"EntryPoint","urlTemplate":"https:\/\/regiaonews.net.br\/2022\/?s={search_term_string}"},"query-input":{"@type":"PropertyValueSpecification","valueRequired":true,"valueName":"search_term_string"}}],"inLanguage":"pt-BR"},{"@type":"Organization","@id":"https:\/\/regiaonews.net.br\/2022\/#organization","name":"Regi\u00e3o News","url":"https:\/\/regiaonews.net.br\/2022\/","logo":{"@type":"ImageObject","inLanguage":"pt-BR","@id":"https:\/\/regiaonews.net.br\/2022\/#\/schema\/logo\/image\/","url":"https:\/\/regiaonews.net.br\/2022\/wp-content\/uploads\/2026\/03\/regiao-13-anos-scaled.jpg","contentUrl":"https:\/\/regiaonews.net.br\/2022\/wp-content\/uploads\/2026\/03\/regiao-13-anos-scaled.jpg","width":2560,"height":635,"caption":"Regi\u00e3o News"},"image":{"@id":"https:\/\/regiaonews.net.br\/2022\/#\/schema\/logo\/image\/"}},{"@type":"Person","@id":"https:\/\/regiaonews.net.br\/2022\/#\/schema\/person\/2d205a608a5aa97ac279d7a5e6d89ad8","name":"Roberto","image":{"@type":"ImageObject","inLanguage":"pt-BR","@id":"https:\/\/secure.gravatar.com\/avatar\/42749d8b712ff9d59ca93dc150494e5b55a44134482993f5baeb97e61b7ecc89?s=96&d=mm&r=g","url":"https:\/\/secure.gravatar.com\/avatar\/42749d8b712ff9d59ca93dc150494e5b55a44134482993f5baeb97e61b7ecc89?s=96&d=mm&r=g","contentUrl":"https:\/\/secure.gravatar.com\/avatar\/42749d8b712ff9d59ca93dc150494e5b55a44134482993f5baeb97e61b7ecc89?s=96&d=mm&r=g","caption":"Roberto"},"url":"https:\/\/regiaonews.net.br\/2022\/author\/roberto\/"}]}},"publishpress_future_action":{"enabled":false,"date":"2026-05-02 06:37:36","action":"change-status","newStatus":"draft","terms":[],"taxonomy":"category","extraData":[]},"publishpress_future_workflow_manual_trigger":{"enabledWorkflows":[]},"_links":{"self":[{"href":"https:\/\/regiaonews.net.br\/2022\/wp-json\/wp\/v2\/posts\/50355","targetHints":{"allow":["GET"]}}],"collection":[{"href":"https:\/\/regiaonews.net.br\/2022\/wp-json\/wp\/v2\/posts"}],"about":[{"href":"https:\/\/regiaonews.net.br\/2022\/wp-json\/wp\/v2\/types\/post"}],"author":[{"embeddable":true,"href":"https:\/\/regiaonews.net.br\/2022\/wp-json\/wp\/v2\/users\/2"}],"replies":[{"embeddable":true,"href":"https:\/\/regiaonews.net.br\/2022\/wp-json\/wp\/v2\/comments?post=50355"}],"version-history":[{"count":0,"href":"https:\/\/regiaonews.net.br\/2022\/wp-json\/wp\/v2\/posts\/50355\/revisions"}],"wp:featuredmedia":[{"embeddable":true,"href":"https:\/\/regiaonews.net.br\/2022\/wp-json\/wp\/v2\/media\/17853"}],"wp:attachment":[{"href":"https:\/\/regiaonews.net.br\/2022\/wp-json\/wp\/v2\/media?parent=50355"}],"wp:term":[{"taxonomy":"category","embeddable":true,"href":"https:\/\/regiaonews.net.br\/2022\/wp-json\/wp\/v2\/categories?post=50355"},{"taxonomy":"post_tag","embeddable":true,"href":"https:\/\/regiaonews.net.br\/2022\/wp-json\/wp\/v2\/tags?post=50355"}],"curies":[{"name":"wp","href":"https:\/\/api.w.org\/{rel}","templated":true}]}}